{"id":83824,"date":"2019-11-23T12:57:25","date_gmt":"2019-11-23T18:57:25","guid":{"rendered":"https:\/\/canal7slp.tv\/2019\/?p=83824"},"modified":"2019-11-23T12:57:25","modified_gmt":"2019-11-23T18:57:25","slug":"por-enriquecimiento-ilicito-fgr-aprehende-a-magistrado-federal","status":"publish","type":"post","link":"https:\/\/canal7slp.tv\/2019\/por-enriquecimiento-ilicito-fgr-aprehende-a-magistrado-federal\/","title":{"rendered":"Por enriquecimiento il\u00edcito, FGR aprehende a magistrado federal"},"content":{"rendered":"<ul>\n<li style=\"text-align: justify\">Isidro Avelar Guti\u00e9rrez, quien tambi\u00e9n es se\u00f1alado nexos con el crimen organizado, fue detenido en Guadalajara<\/li>\n<\/ul>\n<p style=\"text-align: justify\">M\u00e9xico.- El magistrado federal, Isidro Avelar Guti\u00e9rrez, quien es se\u00f1alado por enriquecimiento il\u00edcito y nexos con el crimen organizado, fue detenido en Guadalajara por agentes de la Fiscal\u00eda General de la Rep\u00fablica (FGR), inform\u00f3 el Consejo de la Judicatura Federal (CJF).<\/p>\n<p style=\"text-align: justify\">Lo anterior deriv\u00f3 de la denuncia que fue presentada ante la FGR por el propio Consejo de la Judicatura el pasado 24 de mayo, en la cual se se\u00f1alaban distintas irregularidades patrimoniales y de ingresos adicionales que no coincid\u00edan con los que percibe Avelar Guti\u00e9rrez en el Poder Judicial de la Federaci\u00f3n.<\/p>\n<p style=\"text-align: justify\">Fue tambi\u00e9n en mayo cuando la Unidad de Inteligencia Financiera (UIF) de la Secretar\u00eda de Hacienda dio a conocer que hab\u00eda congelado las cuentas del magistrado y de sus allegados, pues detect\u00f3 una suma de m\u00e1s de 50 millones de pesos que no pudo justificar. Por esta raz\u00f3n, el CJF lo suspendi\u00f3 seis meses sin goce de sueldo.<\/p>\n<p style=\"text-align: justify\">Sin embargo, el juez Quinto de Distrito de Amparo en Materia Penal concedi\u00f3 un amparo provisional a favor del magistrado para frenar la posibilidad de su aprehensi\u00f3n, en caso de que el delito del que se le acusaba no fuera grave. Para mantenerlo deb\u00eda pagar 200 mil pesos como garant\u00eda.<\/p>\n<p style=\"text-align: justify\">En mayo, el Departamento del Tesoro de Estados Unidos lo se\u00f1al\u00f3 por posibles v\u00ednculos con el c\u00e1rtel Nueva Generaci\u00f3n. Al sumarlo a su \u201clista negra\u201d, lo acus\u00f3 de recibir pagos de dicho grupo delictivo, as\u00ed como de otra agrupaci\u00f3n: \u201cLos Cuinis\u201d, a cambio de fallos judiciales favorables a sus integrantes.<\/p>\n<p style=\"text-align: justify\">En 2018, el magistrado orden\u00f3 la liberaci\u00f3n de Francisco Aguilar Santana, quien hab\u00eda sido vinculado con Nemesio Oseguera Cervantes, alias \u201cEl Mencho\u201d, l\u00edder del c\u00e1rtel con el cual el Gobierno estadounidense relacion\u00f3 a Avelar Guti\u00e9rrez.<\/p>\n<p style=\"text-align: justify\">Ayer por la noche, el funcionario federal fue ingresado al penal de m\u00e1xima seguridad del Altiplano, que se localiza en el Estado de M\u00e9xico.<\/p>\n","protected":false},"excerpt":{"rendered":"<p>Isidro Avelar Guti\u00e9rrez, quien tambi\u00e9n es se\u00f1alado nexos con el crimen organizado, fue detenido en Guadalajara M\u00e9xico.- El magistrado federal, Isidro Avelar Guti\u00e9rrez, quien es se\u00f1alado por enriquecimiento il\u00edcito y nexos con el crimen organizado, fue detenido en Guadalajara por agentes de la Fiscal\u00eda General de la Rep\u00fablica (FGR), inform\u00f3 el Consejo de la Judicatura [&hellip;]<\/p>\n","protected":false},"author":2,"featured_media":83825,"comment_status":"open","ping_status":"open","sticky":false,"template":"","format":"standard","meta":{"footnotes":""},"categories":[30],"tags":[],"class_list":["post-83824","post","type-post","status-publish","format-standard","has-post-thumbnail","hentry","category-nacional"],"yoast_head":"<!-- This site is optimized with the Yoast SEO plugin v27.5 - https:\/\/yoast.com\/product\/yoast-seo-wordpress\/ -->\n<title>Por enriquecimiento il\u00edcito, FGR aprehende a magistrado federal - Canal 7 SLP - 2019<\/title>\n<meta name=\"robots\" content=\"index, follow, max-snippet:-1, max-image-preview:large, max-video-preview:-1\" \/>\n<link rel=\"canonical\" href=\"https:\/\/canal7slp.tv\/2019\/por-enriquecimiento-ilicito-fgr-aprehende-a-magistrado-federal\/\" \/>\n<meta property=\"og:locale\" content=\"es_ES\" \/>\n<meta property=\"og:type\" content=\"article\" \/>\n<meta property=\"og:title\" content=\"Por enriquecimiento il\u00edcito, FGR aprehende a magistrado federal - Canal 7 SLP - 2019\" \/>\n<meta property=\"og:description\" content=\"Isidro Avelar Guti\u00e9rrez, quien tambi\u00e9n es se\u00f1alado nexos con el crimen organizado, fue detenido en Guadalajara M\u00e9xico.- El magistrado federal, Isidro Avelar Guti\u00e9rrez, quien es se\u00f1alado por enriquecimiento il\u00edcito y nexos con el crimen organizado, fue detenido en Guadalajara por agentes de la Fiscal\u00eda General de la Rep\u00fablica (FGR), inform\u00f3 el Consejo de la Judicatura [&hellip;]\" \/>\n<meta property=\"og:url\" content=\"https:\/\/canal7slp.tv\/2019\/por-enriquecimiento-ilicito-fgr-aprehende-a-magistrado-federal\/\" \/>\n<meta property=\"og:site_name\" content=\"Canal 7 SLP - 2019\" \/>\n<meta property=\"article:publisher\" content=\"https:\/\/www.facebook.com\/CANAL7SLP\/\" \/>\n<meta property=\"article:published_time\" content=\"2019-11-23T18:57:25+00:00\" \/>\n<meta property=\"og:image\" content=\"https:\/\/canal7slp.tv\/2019\/wp-content\/uploads\/2019\/11\/1500-1.png\" \/>\n\t<meta property=\"og:image:width\" content=\"770\" \/>\n\t<meta property=\"og:image:height\" content=\"485\" \/>\n\t<meta property=\"og:image:type\" content=\"image\/png\" \/>\n<meta name=\"author\" content=\"edicionweb\" \/>\n<meta name=\"twitter:card\" content=\"summary_large_image\" \/>\n<meta name=\"twitter:creator\" content=\"@canal7_slp\" \/>\n<meta name=\"twitter:site\" content=\"@canal7_slp\" \/>\n<meta name=\"twitter:label1\" content=\"Escrito por\" \/>\n\t<meta name=\"twitter:data1\" content=\"edicionweb\" \/>\n\t<meta name=\"twitter:label2\" content=\"Tiempo de lectura\" \/>\n\t<meta name=\"twitter:data2\" content=\"2 minutos\" \/>\n<script type=\"application\/ld+json\" class=\"yoast-schema-graph\">{\"@context\":\"https:\\\/\\\/schema.org\",\"@graph\":[{\"@type\":\"Article\",\"@id\":\"https:\\\/\\\/canal7slp.tv\\\/2019\\\/por-enriquecimiento-ilicito-fgr-aprehende-a-magistrado-federal\\\/#article\",\"isPartOf\":{\"@id\":\"https:\\\/\\\/canal7slp.tv\\\/2019\\\/por-enriquecimiento-ilicito-fgr-aprehende-a-magistrado-federal\\\/\"},\"author\":{\"name\":\"edicionweb\",\"@id\":\"https:\\\/\\\/canal7slp.tv\\\/2019\\\/#\\\/schema\\\/person\\\/11d941c1c6ca30ac0a46b95fa37aa2e3\"},\"headline\":\"Por enriquecimiento il\u00edcito, FGR aprehende a magistrado federal\",\"datePublished\":\"2019-11-23T18:57:25+00:00\",\"mainEntityOfPage\":{\"@id\":\"https:\\\/\\\/canal7slp.tv\\\/2019\\\/por-enriquecimiento-ilicito-fgr-aprehende-a-magistrado-federal\\\/\"},\"wordCount\":365,\"commentCount\":0,\"publisher\":{\"@id\":\"https:\\\/\\\/canal7slp.tv\\\/2019\\\/#organization\"},\"image\":{\"@id\":\"https:\\\/\\\/canal7slp.tv\\\/2019\\\/por-enriquecimiento-ilicito-fgr-aprehende-a-magistrado-federal\\\/#primaryimage\"},\"thumbnailUrl\":\"https:\\\/\\\/canal7slp.tv\\\/2019\\\/wp-content\\\/uploads\\\/2019\\\/11\\\/1500-1.png\",\"articleSection\":[\"NACIONAL\"],\"inLanguage\":\"es\",\"potentialAction\":[{\"@type\":\"CommentAction\",\"name\":\"Comment\",\"target\":[\"https:\\\/\\\/canal7slp.tv\\\/2019\\\/por-enriquecimiento-ilicito-fgr-aprehende-a-magistrado-federal\\\/#respond\"]}]},{\"@type\":\"WebPage\",\"@id\":\"https:\\\/\\\/canal7slp.tv\\\/2019\\\/por-enriquecimiento-ilicito-fgr-aprehende-a-magistrado-federal\\\/\",\"url\":\"https:\\\/\\\/canal7slp.tv\\\/2019\\\/por-enriquecimiento-ilicito-fgr-aprehende-a-magistrado-federal\\\/\",\"name\":\"Por enriquecimiento il\u00edcito, FGR aprehende a magistrado federal - Canal 7 SLP - 2019\",\"isPartOf\":{\"@id\":\"https:\\\/\\\/canal7slp.tv\\\/2019\\\/#website\"},\"primaryImageOfPage\":{\"@id\":\"https:\\\/\\\/canal7slp.tv\\\/2019\\\/por-enriquecimiento-ilicito-fgr-aprehende-a-magistrado-federal\\\/#primaryimage\"},\"image\":{\"@id\":\"https:\\\/\\\/canal7slp.tv\\\/2019\\\/por-enriquecimiento-ilicito-fgr-aprehende-a-magistrado-federal\\\/#primaryimage\"},\"thumbnailUrl\":\"https:\\\/\\\/canal7slp.tv\\\/2019\\\/wp-content\\\/uploads\\\/2019\\\/11\\\/1500-1.png\",\"datePublished\":\"2019-11-23T18:57:25+00:00\",\"breadcrumb\":{\"@id\":\"https:\\\/\\\/canal7slp.tv\\\/2019\\\/por-enriquecimiento-ilicito-fgr-aprehende-a-magistrado-federal\\\/#breadcrumb\"},\"inLanguage\":\"es\",\"potentialAction\":[{\"@type\":\"ReadAction\",\"target\":[\"https:\\\/\\\/canal7slp.tv\\\/2019\\\/por-enriquecimiento-ilicito-fgr-aprehende-a-magistrado-federal\\\/\"]}]},{\"@type\":\"ImageObject\",\"inLanguage\":\"es\",\"@id\":\"https:\\\/\\\/canal7slp.tv\\\/2019\\\/por-enriquecimiento-ilicito-fgr-aprehende-a-magistrado-federal\\\/#primaryimage\",\"url\":\"https:\\\/\\\/canal7slp.tv\\\/2019\\\/wp-content\\\/uploads\\\/2019\\\/11\\\/1500-1.png\",\"contentUrl\":\"https:\\\/\\\/canal7slp.tv\\\/2019\\\/wp-content\\\/uploads\\\/2019\\\/11\\\/1500-1.png\",\"width\":770,\"height\":485},{\"@type\":\"BreadcrumbList\",\"@id\":\"https:\\\/\\\/canal7slp.tv\\\/2019\\\/por-enriquecimiento-ilicito-fgr-aprehende-a-magistrado-federal\\\/#breadcrumb\",\"itemListElement\":[{\"@type\":\"ListItem\",\"position\":1,\"name\":\"Home\",\"item\":\"https:\\\/\\\/canal7slp.tv\\\/2019\\\/\"},{\"@type\":\"ListItem\",\"position\":2,\"name\":\"Por enriquecimiento il\u00edcito, FGR aprehende a magistrado federal\"}]},{\"@type\":\"WebSite\",\"@id\":\"https:\\\/\\\/canal7slp.tv\\\/2019\\\/#website\",\"url\":\"https:\\\/\\\/canal7slp.tv\\\/2019\\\/\",\"name\":\"Canal 7 SLP - Somos TV\",\"description\":\"Somos un Canal de 10\",\"publisher\":{\"@id\":\"https:\\\/\\\/canal7slp.tv\\\/2019\\\/#organization\"},\"potentialAction\":[{\"@type\":\"SearchAction\",\"target\":{\"@type\":\"EntryPoint\",\"urlTemplate\":\"https:\\\/\\\/canal7slp.tv\\\/2019\\\/?s={search_term_string}\"},\"query-input\":{\"@type\":\"PropertyValueSpecification\",\"valueRequired\":true,\"valueName\":\"search_term_string\"}}],\"inLanguage\":\"es\"},{\"@type\":\"Organization\",\"@id\":\"https:\\\/\\\/canal7slp.tv\\\/2019\\\/#organization\",\"name\":\"Comunicaci\u00f3n 2000 S.A. de C.V.\",\"url\":\"https:\\\/\\\/canal7slp.tv\\\/2019\\\/\",\"logo\":{\"@type\":\"ImageObject\",\"inLanguage\":\"es\",\"@id\":\"https:\\\/\\\/canal7slp.tv\\\/2019\\\/#\\\/schema\\\/logo\\\/image\\\/\",\"url\":\"https:\\\/\\\/canal7slp.tv\\\/2019\\\/wp-content\\\/uploads\\\/2019\\\/07\\\/logo-c7.png\",\"contentUrl\":\"https:\\\/\\\/canal7slp.tv\\\/2019\\\/wp-content\\\/uploads\\\/2019\\\/07\\\/logo-c7.png\",\"width\":220,\"height\":60,\"caption\":\"Comunicaci\u00f3n 2000 S.A. de C.V.\"},\"image\":{\"@id\":\"https:\\\/\\\/canal7slp.tv\\\/2019\\\/#\\\/schema\\\/logo\\\/image\\\/\"},\"sameAs\":[\"https:\\\/\\\/www.facebook.com\\\/CANAL7SLP\\\/\",\"https:\\\/\\\/x.com\\\/canal7_slp\",\"https:\\\/\\\/www.instagram.com\\\/canal7_slp\",\"https:\\\/\\\/www.youtube.com\\\/user\\\/NOTICIEROSCANAL7SLP\\\/\"]},{\"@type\":\"Person\",\"@id\":\"https:\\\/\\\/canal7slp.tv\\\/2019\\\/#\\\/schema\\\/person\\\/11d941c1c6ca30ac0a46b95fa37aa2e3\",\"name\":\"edicionweb\",\"image\":{\"@type\":\"ImageObject\",\"inLanguage\":\"es\",\"@id\":\"https:\\\/\\\/secure.gravatar.com\\\/avatar\\\/eee448fc3f7164808013b816ba91ac7e43bbe82a70bebac296f8bc6f0addaa1a?s=96&d=mm&r=g\",\"url\":\"https:\\\/\\\/secure.gravatar.com\\\/avatar\\\/eee448fc3f7164808013b816ba91ac7e43bbe82a70bebac296f8bc6f0addaa1a?s=96&d=mm&r=g\",\"contentUrl\":\"https:\\\/\\\/secure.gravatar.com\\\/avatar\\\/eee448fc3f7164808013b816ba91ac7e43bbe82a70bebac296f8bc6f0addaa1a?s=96&d=mm&r=g\",\"caption\":\"edicionweb\"}}]}<\/script>\n<!-- \/ Yoast SEO plugin. -->","yoast_head_json":{"title":"Por enriquecimiento il\u00edcito, FGR aprehende a magistrado federal - Canal 7 SLP - 2019","robots":{"index":"index","follow":"follow","max-snippet":"max-snippet:-1","max-image-preview":"max-image-preview:large","max-video-preview":"max-video-preview:-1"},"canonical":"https:\/\/canal7slp.tv\/2019\/por-enriquecimiento-ilicito-fgr-aprehende-a-magistrado-federal\/","og_locale":"es_ES","og_type":"article","og_title":"Por enriquecimiento il\u00edcito, FGR aprehende a magistrado federal - Canal 7 SLP - 2019","og_description":"Isidro Avelar Guti\u00e9rrez, quien tambi\u00e9n es se\u00f1alado nexos con el crimen organizado, fue detenido en Guadalajara M\u00e9xico.- El magistrado federal, Isidro Avelar Guti\u00e9rrez, quien es se\u00f1alado por enriquecimiento il\u00edcito y nexos con el crimen organizado, fue detenido en Guadalajara por agentes de la Fiscal\u00eda General de la Rep\u00fablica (FGR), inform\u00f3 el Consejo de la Judicatura [&hellip;]","og_url":"https:\/\/canal7slp.tv\/2019\/por-enriquecimiento-ilicito-fgr-aprehende-a-magistrado-federal\/","og_site_name":"Canal 7 SLP - 2019","article_publisher":"https:\/\/www.facebook.com\/CANAL7SLP\/","article_published_time":"2019-11-23T18:57:25+00:00","og_image":[{"width":770,"height":485,"url":"https:\/\/canal7slp.tv\/2019\/wp-content\/uploads\/2019\/11\/1500-1.png","type":"image\/png"}],"author":"edicionweb","twitter_card":"summary_large_image","twitter_creator":"@canal7_slp","twitter_site":"@canal7_slp","twitter_misc":{"Escrito por":"edicionweb","Tiempo de lectura":"2 minutos"},"schema":{"@context":"https:\/\/schema.org","@graph":[{"@type":"Article","@id":"https:\/\/canal7slp.tv\/2019\/por-enriquecimiento-ilicito-fgr-aprehende-a-magistrado-federal\/#article","isPartOf":{"@id":"https:\/\/canal7slp.tv\/2019\/por-enriquecimiento-ilicito-fgr-aprehende-a-magistrado-federal\/"},"author":{"name":"edicionweb","@id":"https:\/\/canal7slp.tv\/2019\/#\/schema\/person\/11d941c1c6ca30ac0a46b95fa37aa2e3"},"headline":"Por enriquecimiento il\u00edcito, FGR aprehende a magistrado federal","datePublished":"2019-11-23T18:57:25+00:00","mainEntityOfPage":{"@id":"https:\/\/canal7slp.tv\/2019\/por-enriquecimiento-ilicito-fgr-aprehende-a-magistrado-federal\/"},"wordCount":365,"commentCount":0,"publisher":{"@id":"https:\/\/canal7slp.tv\/2019\/#organization"},"image":{"@id":"https:\/\/canal7slp.tv\/2019\/por-enriquecimiento-ilicito-fgr-aprehende-a-magistrado-federal\/#primaryimage"},"thumbnailUrl":"https:\/\/canal7slp.tv\/2019\/wp-content\/uploads\/2019\/11\/1500-1.png","articleSection":["NACIONAL"],"inLanguage":"es","potentialAction":[{"@type":"CommentAction","name":"Comment","target":["https:\/\/canal7slp.tv\/2019\/por-enriquecimiento-ilicito-fgr-aprehende-a-magistrado-federal\/#respond"]}]},{"@type":"WebPage","@id":"https:\/\/canal7slp.tv\/2019\/por-enriquecimiento-ilicito-fgr-aprehende-a-magistrado-federal\/","url":"https:\/\/canal7slp.tv\/2019\/por-enriquecimiento-ilicito-fgr-aprehende-a-magistrado-federal\/","name":"Por enriquecimiento il\u00edcito, FGR aprehende a magistrado federal - Canal 7 SLP - 2019","isPartOf":{"@id":"https:\/\/canal7slp.tv\/2019\/#website"},"primaryImageOfPage":{"@id":"https:\/\/canal7slp.tv\/2019\/por-enriquecimiento-ilicito-fgr-aprehende-a-magistrado-federal\/#primaryimage"},"image":{"@id":"https:\/\/canal7slp.tv\/2019\/por-enriquecimiento-ilicito-fgr-aprehende-a-magistrado-federal\/#primaryimage"},"thumbnailUrl":"https:\/\/canal7slp.tv\/2019\/wp-content\/uploads\/2019\/11\/1500-1.png","datePublished":"2019-11-23T18:57:25+00:00","breadcrumb":{"@id":"https:\/\/canal7slp.tv\/2019\/por-enriquecimiento-ilicito-fgr-aprehende-a-magistrado-federal\/#breadcrumb"},"inLanguage":"es","potentialAction":[{"@type":"ReadAction","target":["https:\/\/canal7slp.tv\/2019\/por-enriquecimiento-ilicito-fgr-aprehende-a-magistrado-federal\/"]}]},{"@type":"ImageObject","inLanguage":"es","@id":"https:\/\/canal7slp.tv\/2019\/por-enriquecimiento-ilicito-fgr-aprehende-a-magistrado-federal\/#primaryimage","url":"https:\/\/canal7slp.tv\/2019\/wp-content\/uploads\/2019\/11\/1500-1.png","contentUrl":"https:\/\/canal7slp.tv\/2019\/wp-content\/uploads\/2019\/11\/1500-1.png","width":770,"height":485},{"@type":"BreadcrumbList","@id":"https:\/\/canal7slp.tv\/2019\/por-enriquecimiento-ilicito-fgr-aprehende-a-magistrado-federal\/#breadcrumb","itemListElement":[{"@type":"ListItem","position":1,"name":"Home","item":"https:\/\/canal7slp.tv\/2019\/"},{"@type":"ListItem","position":2,"name":"Por enriquecimiento il\u00edcito, FGR aprehende a magistrado federal"}]},{"@type":"WebSite","@id":"https:\/\/canal7slp.tv\/2019\/#website","url":"https:\/\/canal7slp.tv\/2019\/","name":"Canal 7 SLP - Somos TV","description":"Somos un Canal de 10","publisher":{"@id":"https:\/\/canal7slp.tv\/2019\/#organization"},"potentialAction":[{"@type":"SearchAction","target":{"@type":"EntryPoint","urlTemplate":"https:\/\/canal7slp.tv\/2019\/?s={search_term_string}"},"query-input":{"@type":"PropertyValueSpecification","valueRequired":true,"valueName":"search_term_string"}}],"inLanguage":"es"},{"@type":"Organization","@id":"https:\/\/canal7slp.tv\/2019\/#organization","name":"Comunicaci\u00f3n 2000 S.A. de C.V.","url":"https:\/\/canal7slp.tv\/2019\/","logo":{"@type":"ImageObject","inLanguage":"es","@id":"https:\/\/canal7slp.tv\/2019\/#\/schema\/logo\/image\/","url":"https:\/\/canal7slp.tv\/2019\/wp-content\/uploads\/2019\/07\/logo-c7.png","contentUrl":"https:\/\/canal7slp.tv\/2019\/wp-content\/uploads\/2019\/07\/logo-c7.png","width":220,"height":60,"caption":"Comunicaci\u00f3n 2000 S.A. de C.V."},"image":{"@id":"https:\/\/canal7slp.tv\/2019\/#\/schema\/logo\/image\/"},"sameAs":["https:\/\/www.facebook.com\/CANAL7SLP\/","https:\/\/x.com\/canal7_slp","https:\/\/www.instagram.com\/canal7_slp","https:\/\/www.youtube.com\/user\/NOTICIEROSCANAL7SLP\/"]},{"@type":"Person","@id":"https:\/\/canal7slp.tv\/2019\/#\/schema\/person\/11d941c1c6ca30ac0a46b95fa37aa2e3","name":"edicionweb","image":{"@type":"ImageObject","inLanguage":"es","@id":"https:\/\/secure.gravatar.com\/avatar\/eee448fc3f7164808013b816ba91ac7e43bbe82a70bebac296f8bc6f0addaa1a?s=96&d=mm&r=g","url":"https:\/\/secure.gravatar.com\/avatar\/eee448fc3f7164808013b816ba91ac7e43bbe82a70bebac296f8bc6f0addaa1a?s=96&d=mm&r=g","contentUrl":"https:\/\/secure.gravatar.com\/avatar\/eee448fc3f7164808013b816ba91ac7e43bbe82a70bebac296f8bc6f0addaa1a?s=96&d=mm&r=g","caption":"edicionweb"}}]}},"amp_enabled":true,"cmb2":{"video_ids_in_playlist":{"vid_p_videos":""},"video_ids_in_channel":{"vid_c_videos":""},"playlist_ids_in_channel":{"vid_c_playlists":""},"series_ids_in_channel":{"vid_c_series":""},"channel_images":{"vid_c_logo":"","vid_c_banner":""},"poster_feature_image":{"vid_m_poster_image":""},"gif_feature_image":{"vid_m_gif_image":""},"video_movie_settings":{"vid_m_director":"","vid_m_actor":"","vid_m_imdb_ratings":"","vid_m_amazon_associates":""},"vid_youtube_broadcasts_settings":{"vid_yb_broadcast_title":"","vid_yb_q":"","vid_yb_channelid":"","vid_yb_videocategoryid":"","vid_yb_maxresults":"","vid_yb_order":"","vid_yb_regioncode":"","vid_yb_videosyndicated":"","vid_yb_style":"","vid_yb_reload_first":""},"video_series_settings":{"vid_m_director":"","vid_m_actor":"","vid_m_imdb_ratings":"","video_series_group":""},"amazon_associates_settings":{"amazon_associates":"","amazon_native_ad":""},"vid_youtube_automatic_settings":{"vid_ya_youtube_source":"","vid_ya_update_every":"","vid_ya_update_unit":"","vid_ya_categories":"","vid_ya_published_after":"","vid_ya_published_before":"","vid_ya_playlists":"","vid_ya_channels":"","vid_ya_director":"","vid_ya_actor":"","vid_ya_author":"","vid_ya_import_post_date":"","vid_ya_status":"","vid_ya_sub_api_key":""},"vid_ads_m_videoads_settings_post":{"vid_ads_m_video_ads":"","vid_ads_m_video_ads_type":"","vid_ads_m_group_google_ima":"","vid_ads_m_group_image":"","vid_ads_m_group_html5_video":"","vid_ads_m_group_html":"","vid_ads_m_vast_preroll":"","vid_ads_m_vast_postroll":"","vid_ads_m_vast_pauseroll":"","vid_ads_m_vast_midroll":[{"vid_ads_m_vast_timer_seconds":"50"}],"vid_ads_m_time_to_show_ads":"","vid_ads_m_time_skip_ads":"","vid_ads_m_time_to_hide_ads":""},"page_slider_settings":{"display_slider_group":"","page_slider_group":""},"blog_page_settings":{"blog_page_title":"","blog_page_heading":"","blog_page_ic":"","blog_page_it":"","blog_page_ec":"","blog_page_ip":"","archive_loop_style":"","blog_image_ratio":"","blog_show_categories":"","blog_show_excerpt":"","blog_show_author":"","blog_show_date":"","blog_show_comment_count":"","blog_show_view_count":"","blog_show_like_count":"","blog_show_dislike_count":"","blog_items_per_page":"","blog_pag_type":""},"page_options":{"get_page_template":"","color_mode":"","main_layout":"","main_layout_full_with":"","main_logo":"","main_logo_retina":"","main_logo_mobile":"","main_logo_mobile_retina":"","sticky_logo":"","sticky_logo_retina":"","main_nav_layout":"","ajax_search":"","header_background":"","theme_sidebar":"","instagram_feed":"","instagram_feed_position":"","popular_videos":"","popular_videos_title_1":"","popular_videos_title_2":"","popular_videos_ic":"","popular_videos_it":"","theme_background":"","page_custom_css":""},"feature_image_settings":{"feature_image_position":""},"video_player_settings":{"single_video_style":"","video_player_position":"","vm_video_url":"","video_player_library":"","video_streaming":"","vm_media_sources":"","vid_auto_play":"","vm_video_shortcode":"","vid_p_sync_playlist":"","vid_c_sync_channel":"","get_post_format":"","multiple_links_structure":"default","multi_links_title":"","vm_video_multi_links":"","vm_duration":"","vid_social_locker":"off","vid_social_locker_id":"","vid_membership_action":"content-video","vm_video_trailer_url":"","vid_download_type":"free","vid_download_target":"download","vid_woo_product":"","vm_media_download":"","user_rating":"","user_rating_position":"","user_rating_mode":"","user_rating_multi_sets":""},"video_auto_fetch_settings":{"vm_video_fetch":"on"},"video_fake_views_likes":{"vm_fake_views":"","vm_fake_likes":"","vm_fake_dislikes":""},"gallery_settings":{"gallery_position":""},"quote_settings":{"quote_position":""},"post_options":{"main_layout":"","main_logo":"","main_logo_retina":"","main_logo_mobile":"","main_logo_mobile_retina":"","sticky_logo":"","sticky_logo_retina":"","main_nav_layout":"","header_background":"","theme_sidebar":"","single_post_comment_type":"","theme_background":""}},"_links":{"self":[{"href":"https:\/\/canal7slp.tv\/2019\/wp-json\/wp\/v2\/posts\/83824","targetHints":{"allow":["GET"]}}],"collection":[{"href":"https:\/\/canal7slp.tv\/2019\/wp-json\/wp\/v2\/posts"}],"about":[{"href":"https:\/\/canal7slp.tv\/2019\/wp-json\/wp\/v2\/types\/post"}],"author":[{"embeddable":true,"href":"https:\/\/canal7slp.tv\/2019\/wp-json\/wp\/v2\/users\/2"}],"replies":[{"embeddable":true,"href":"https:\/\/canal7slp.tv\/2019\/wp-json\/wp\/v2\/comments?post=83824"}],"version-history":[{"count":0,"href":"https:\/\/canal7slp.tv\/2019\/wp-json\/wp\/v2\/posts\/83824\/revisions"}],"wp:featuredmedia":[{"embeddable":true,"href":"https:\/\/canal7slp.tv\/2019\/wp-json\/wp\/v2\/media\/83825"}],"wp:attachment":[{"href":"https:\/\/canal7slp.tv\/2019\/wp-json\/wp\/v2\/media?parent=83824"}],"wp:term":[{"taxonomy":"category","embeddable":true,"href":"https:\/\/canal7slp.tv\/2019\/wp-json\/wp\/v2\/categories?post=83824"},{"taxonomy":"post_tag","embeddable":true,"href":"https:\/\/canal7slp.tv\/2019\/wp-json\/wp\/v2\/tags?post=83824"}],"curies":[{"name":"wp","href":"https:\/\/api.w.org\/{rel}","templated":true}]}}