{"id":83641,"date":"2019-11-22T14:40:56","date_gmt":"2019-11-22T20:40:56","guid":{"rendered":"https:\/\/canal7slp.tv\/2019\/?p=83641"},"modified":"2019-11-22T14:40:56","modified_gmt":"2019-11-22T20:40:56","slug":"riesgo-de-recesion-mundial-es-bajo-pero-no-se-descarta-carstens","status":"publish","type":"post","link":"https:\/\/canal7slp.tv\/2019\/riesgo-de-recesion-mundial-es-bajo-pero-no-se-descarta-carstens\/","title":{"rendered":"Riesgo de recesi\u00f3n mundial es bajo, pero no se descarta: Carstens"},"content":{"rendered":"<ul>\n<li style=\"text-align: justify\">El ex gobernador de Banxico particip\u00f3 en el evento del 25 aniversario de autonom\u00eda del banco central<\/li>\n<\/ul>\n<p style=\"text-align: justify\">M\u00e9xico.- El director general del Banco de Pagos Internacionales (BIS, por sus siglas en ingl\u00e9s), Agust\u00edn Carstens, dijo que si bien el riesgo de una recesi\u00f3n mundial es bajo, no puede descartarse. &#8220;Se ve baja aunque existe. No se puede descartar&#8221;, dijo entrevistado despu\u00e9s de participar en el seminario &#8220;La importancia de la autonom\u00eda de la banca central: retos y perspectivas&#8221;, organizado por el Banco de M\u00e9xico con motivo del 25 aniversario de su autonom\u00eda. En el evento Carstens rechaz\u00f3 hablar sobre el desempe\u00f1o de la econom\u00eda mexicana.<\/p>\n<p style=\"text-align: justify\">El ex gobernador del Banco de M\u00e9xico dijo que ante un escenario de estancamiento econ\u00f3mico en varias econom\u00edas del mundo, es necesaria mayor coordinaci\u00f3n entre bancos centrales, gobierno y pol\u00edticas comerciales. &#8220;Lo fundamental es que haya una coordinaci\u00f3n de pol\u00edticas no solo de la monetaria con la fiscal sino tambi\u00e9n con la comercial. Si realmente se resolvieran las disputas comerciales estoy seguro que la econom\u00eda mundial estar\u00eda creciendo mucho m\u00e1s&#8221;, dijo.<\/p>\n<p style=\"text-align: justify\">Durante el seminario el gobernador del Banco de M\u00e9xico, Alejandro D\u00edaz de Le\u00f3n, dijo que los bancos centrales del mundo enfrentan nuevos retos ante pol\u00edticas con visi\u00f3n de corto plazo y mayor exigencia por bienestar de la poblaci\u00f3n.<\/p>\n<p style=\"text-align: justify\">&#8220;La autonom\u00eda de la banca central enfrenta nuevos desaf\u00edos. Hemos sido testigos de una creciente polarizaci\u00f3n en las narrativas econ\u00f3micas y pol\u00edticas tanto en econom\u00edas avanzadas y emergentes. Ello resultado de profundas transformaciones por la inserci\u00f3n a la globalizaci\u00f3n, los costos directos de la gran crisis financiera, la revoluci\u00f3n en las tecnolog\u00edas de la informaci\u00f3n y su efecto en la vida cotidiana y la creciente brecha entre las expectativas de los ciudadanos y las oportunidades de desarrollo. Este entorno ha sido campo f\u00e9rtil para pol\u00edticas p\u00fablicas con horizontes de corto plazo, como el proteccionismo y las tensiones comerciales. Por eso, las instituciones con visi\u00f3n de largo plazo tanto multilaterales como nacionales encaran mayores retos&#8221;, dijo el funcionario.<\/p>\n<p style=\"text-align: justify\">En ese sentido, dijo que los 25 a\u00f1os de la autonom\u00eda del Banco de M\u00e9xico han demostrado beneficios para la poblaci\u00f3n y que actualmente enfrenta el reto de mantener una inflaci\u00f3n baja y comunicar sus beneficios a la poblaci\u00f3n.<\/p>\n<p style=\"text-align: justify\">&#8220;La historia del Banco de M\u00e9xico en los \u00faltimos 25 a\u00f1os confirma la importancia que ha tenido la autonom\u00eda como condici\u00f3n id\u00f3nea para alcanzar su mandato de mantener una inflaci\u00f3n baja y estable. Es la mejor contribuci\u00f3n de la pol\u00edtica monetaria para un desarrollo sostenible y equitativo&#8221;, dijo.<\/p>\n<p style=\"text-align: justify\">Por su parte, ex gobernadores del Banco de M\u00e9xico resaltaron los beneficios que ha tenido la econom\u00eda mexicana a un cuarto de siglo de la autonom\u00eda del instituto central, situaci\u00f3n que debe prevalecer para beneficio de la sociedad. &#8220;No exagero al decir que el otorgamiento de la autonom\u00eda del Banco de M\u00e9xico es una de las m\u00e1s exitosas reformas. Hago votos para que siga protegiendo a la sociedad por muchos a\u00f1os m\u00e1s&#8221;, dijo el exgobernador del Banco de M\u00e9xico, Agust\u00edn Carstens.<\/p>\n<p style=\"text-align: justify\">Por su parte, el exgobernador del banco central, Guillermo Ortiz, advirti\u00f3 sobre los riesgos del populismo en la autonom\u00eda de los bancos centrales dijo que el actual entorno mundial, con tensiones comerciales ha tenido efectos sobre el desempe\u00f1o de la econom\u00eda mexicana, afectado tambi\u00e9n por la incertidumbre interna por las pol\u00edticas econ\u00f3micas actuales.<\/p>\n<p style=\"text-align: justify\">&#8220;M\u00e9xico ha sido sujeto de presiones externas, geopol\u00edticas, con temas relacionados con la guerra comercial, la revisi\u00f3n del Tratado de Libre Comercio de Am\u00e9rica del Norte y una pol\u00edtica hostil en migraci\u00f3n y la incertidumbre sobre la direcci\u00f3n de las pol\u00edticas econ\u00f3micas. Todo esto ha configurado un entorno complicado para M\u00e9xico&#8221;, dijo. En tanto, el exgobernador del Banco de M\u00e9xico, Miguel Mancera, resalt\u00f3 que si bien actualmente se ha logrado dominar la inflaci\u00f3n, es un factor que amenaza con volver.<\/p>\n","protected":false},"excerpt":{"rendered":"<p>El ex gobernador de Banxico particip\u00f3 en el evento del 25 aniversario de autonom\u00eda del banco central M\u00e9xico.- El director general del Banco de Pagos Internacionales (BIS, por sus siglas en ingl\u00e9s), Agust\u00edn Carstens, dijo que si bien el riesgo de una recesi\u00f3n mundial es bajo, no puede descartarse. &#8220;Se ve baja aunque existe. No [&hellip;]<\/p>\n","protected":false},"author":2,"featured_media":83646,"comment_status":"open","ping_status":"open","sticky":false,"template":"","format":"standard","meta":{"footnotes":""},"categories":[96],"tags":[],"class_list":["post-83641","post","type-post","status-publish","format-standard","has-post-thumbnail","hentry","category-deportes"],"yoast_head":"<!-- This site is optimized with the Yoast SEO plugin v27.5 - https:\/\/yoast.com\/product\/yoast-seo-wordpress\/ -->\n<title>Riesgo de recesi\u00f3n mundial es bajo, pero no se descarta: Carstens - Canal 7 SLP - 2019<\/title>\n<meta name=\"robots\" content=\"index, follow, max-snippet:-1, max-image-preview:large, max-video-preview:-1\" \/>\n<link rel=\"canonical\" href=\"https:\/\/canal7slp.tv\/2019\/riesgo-de-recesion-mundial-es-bajo-pero-no-se-descarta-carstens\/\" \/>\n<meta property=\"og:locale\" content=\"es_ES\" \/>\n<meta property=\"og:type\" content=\"article\" \/>\n<meta property=\"og:title\" content=\"Riesgo de recesi\u00f3n mundial es bajo, pero no se descarta: Carstens - Canal 7 SLP - 2019\" \/>\n<meta property=\"og:description\" content=\"El ex gobernador de Banxico particip\u00f3 en el evento del 25 aniversario de autonom\u00eda del banco central M\u00e9xico.- El director general del Banco de Pagos Internacionales (BIS, por sus siglas en ingl\u00e9s), Agust\u00edn Carstens, dijo que si bien el riesgo de una recesi\u00f3n mundial es bajo, no puede descartarse. &#8220;Se ve baja aunque existe. No [&hellip;]\" \/>\n<meta property=\"og:url\" content=\"https:\/\/canal7slp.tv\/2019\/riesgo-de-recesion-mundial-es-bajo-pero-no-se-descarta-carstens\/\" \/>\n<meta property=\"og:site_name\" content=\"Canal 7 SLP - 2019\" \/>\n<meta property=\"article:publisher\" content=\"https:\/\/www.facebook.com\/CANAL7SLP\/\" \/>\n<meta property=\"article:published_time\" content=\"2019-11-22T20:40:56+00:00\" \/>\n<meta property=\"og:image\" content=\"https:\/\/canal7slp.tv\/2019\/wp-content\/uploads\/2019\/11\/1550-16.jpg\" \/>\n\t<meta property=\"og:image:width\" content=\"770\" \/>\n\t<meta property=\"og:image:height\" content=\"485\" \/>\n\t<meta property=\"og:image:type\" content=\"image\/jpeg\" \/>\n<meta name=\"author\" content=\"edicionweb\" \/>\n<meta name=\"twitter:card\" content=\"summary_large_image\" \/>\n<meta name=\"twitter:creator\" content=\"@canal7_slp\" \/>\n<meta name=\"twitter:site\" content=\"@canal7_slp\" \/>\n<meta name=\"twitter:label1\" content=\"Escrito por\" \/>\n\t<meta name=\"twitter:data1\" content=\"edicionweb\" \/>\n\t<meta name=\"twitter:label2\" content=\"Tiempo de lectura\" \/>\n\t<meta name=\"twitter:data2\" content=\"4 minutos\" \/>\n<script type=\"application\/ld+json\" class=\"yoast-schema-graph\">{\"@context\":\"https:\\\/\\\/schema.org\",\"@graph\":[{\"@type\":\"Article\",\"@id\":\"https:\\\/\\\/canal7slp.tv\\\/2019\\\/riesgo-de-recesion-mundial-es-bajo-pero-no-se-descarta-carstens\\\/#article\",\"isPartOf\":{\"@id\":\"https:\\\/\\\/canal7slp.tv\\\/2019\\\/riesgo-de-recesion-mundial-es-bajo-pero-no-se-descarta-carstens\\\/\"},\"author\":{\"name\":\"edicionweb\",\"@id\":\"https:\\\/\\\/canal7slp.tv\\\/2019\\\/#\\\/schema\\\/person\\\/11d941c1c6ca30ac0a46b95fa37aa2e3\"},\"headline\":\"Riesgo de recesi\u00f3n mundial es bajo, pero no se descarta: Carstens\",\"datePublished\":\"2019-11-22T20:40:56+00:00\",\"mainEntityOfPage\":{\"@id\":\"https:\\\/\\\/canal7slp.tv\\\/2019\\\/riesgo-de-recesion-mundial-es-bajo-pero-no-se-descarta-carstens\\\/\"},\"wordCount\":727,\"commentCount\":0,\"publisher\":{\"@id\":\"https:\\\/\\\/canal7slp.tv\\\/2019\\\/#organization\"},\"image\":{\"@id\":\"https:\\\/\\\/canal7slp.tv\\\/2019\\\/riesgo-de-recesion-mundial-es-bajo-pero-no-se-descarta-carstens\\\/#primaryimage\"},\"thumbnailUrl\":\"https:\\\/\\\/canal7slp.tv\\\/2019\\\/wp-content\\\/uploads\\\/2019\\\/11\\\/1550-16.jpg\",\"articleSection\":[\"DEPORTES\"],\"inLanguage\":\"es\",\"potentialAction\":[{\"@type\":\"CommentAction\",\"name\":\"Comment\",\"target\":[\"https:\\\/\\\/canal7slp.tv\\\/2019\\\/riesgo-de-recesion-mundial-es-bajo-pero-no-se-descarta-carstens\\\/#respond\"]}]},{\"@type\":\"WebPage\",\"@id\":\"https:\\\/\\\/canal7slp.tv\\\/2019\\\/riesgo-de-recesion-mundial-es-bajo-pero-no-se-descarta-carstens\\\/\",\"url\":\"https:\\\/\\\/canal7slp.tv\\\/2019\\\/riesgo-de-recesion-mundial-es-bajo-pero-no-se-descarta-carstens\\\/\",\"name\":\"Riesgo de recesi\u00f3n mundial es bajo, pero no se descarta: Carstens - Canal 7 SLP - 2019\",\"isPartOf\":{\"@id\":\"https:\\\/\\\/canal7slp.tv\\\/2019\\\/#website\"},\"primaryImageOfPage\":{\"@id\":\"https:\\\/\\\/canal7slp.tv\\\/2019\\\/riesgo-de-recesion-mundial-es-bajo-pero-no-se-descarta-carstens\\\/#primaryimage\"},\"image\":{\"@id\":\"https:\\\/\\\/canal7slp.tv\\\/2019\\\/riesgo-de-recesion-mundial-es-bajo-pero-no-se-descarta-carstens\\\/#primaryimage\"},\"thumbnailUrl\":\"https:\\\/\\\/canal7slp.tv\\\/2019\\\/wp-content\\\/uploads\\\/2019\\\/11\\\/1550-16.jpg\",\"datePublished\":\"2019-11-22T20:40:56+00:00\",\"breadcrumb\":{\"@id\":\"https:\\\/\\\/canal7slp.tv\\\/2019\\\/riesgo-de-recesion-mundial-es-bajo-pero-no-se-descarta-carstens\\\/#breadcrumb\"},\"inLanguage\":\"es\",\"potentialAction\":[{\"@type\":\"ReadAction\",\"target\":[\"https:\\\/\\\/canal7slp.tv\\\/2019\\\/riesgo-de-recesion-mundial-es-bajo-pero-no-se-descarta-carstens\\\/\"]}]},{\"@type\":\"ImageObject\",\"inLanguage\":\"es\",\"@id\":\"https:\\\/\\\/canal7slp.tv\\\/2019\\\/riesgo-de-recesion-mundial-es-bajo-pero-no-se-descarta-carstens\\\/#primaryimage\",\"url\":\"https:\\\/\\\/canal7slp.tv\\\/2019\\\/wp-content\\\/uploads\\\/2019\\\/11\\\/1550-16.jpg\",\"contentUrl\":\"https:\\\/\\\/canal7slp.tv\\\/2019\\\/wp-content\\\/uploads\\\/2019\\\/11\\\/1550-16.jpg\",\"width\":770,\"height\":485},{\"@type\":\"BreadcrumbList\",\"@id\":\"https:\\\/\\\/canal7slp.tv\\\/2019\\\/riesgo-de-recesion-mundial-es-bajo-pero-no-se-descarta-carstens\\\/#breadcrumb\",\"itemListElement\":[{\"@type\":\"ListItem\",\"position\":1,\"name\":\"Home\",\"item\":\"https:\\\/\\\/canal7slp.tv\\\/2019\\\/\"},{\"@type\":\"ListItem\",\"position\":2,\"name\":\"Riesgo de recesi\u00f3n mundial es bajo, pero no se descarta: Carstens\"}]},{\"@type\":\"WebSite\",\"@id\":\"https:\\\/\\\/canal7slp.tv\\\/2019\\\/#website\",\"url\":\"https:\\\/\\\/canal7slp.tv\\\/2019\\\/\",\"name\":\"Canal 7 SLP - Somos TV\",\"description\":\"Somos un Canal de 10\",\"publisher\":{\"@id\":\"https:\\\/\\\/canal7slp.tv\\\/2019\\\/#organization\"},\"potentialAction\":[{\"@type\":\"SearchAction\",\"target\":{\"@type\":\"EntryPoint\",\"urlTemplate\":\"https:\\\/\\\/canal7slp.tv\\\/2019\\\/?s={search_term_string}\"},\"query-input\":{\"@type\":\"PropertyValueSpecification\",\"valueRequired\":true,\"valueName\":\"search_term_string\"}}],\"inLanguage\":\"es\"},{\"@type\":\"Organization\",\"@id\":\"https:\\\/\\\/canal7slp.tv\\\/2019\\\/#organization\",\"name\":\"Comunicaci\u00f3n 2000 S.A. de C.V.\",\"url\":\"https:\\\/\\\/canal7slp.tv\\\/2019\\\/\",\"logo\":{\"@type\":\"ImageObject\",\"inLanguage\":\"es\",\"@id\":\"https:\\\/\\\/canal7slp.tv\\\/2019\\\/#\\\/schema\\\/logo\\\/image\\\/\",\"url\":\"https:\\\/\\\/canal7slp.tv\\\/2019\\\/wp-content\\\/uploads\\\/2019\\\/07\\\/logo-c7.png\",\"contentUrl\":\"https:\\\/\\\/canal7slp.tv\\\/2019\\\/wp-content\\\/uploads\\\/2019\\\/07\\\/logo-c7.png\",\"width\":220,\"height\":60,\"caption\":\"Comunicaci\u00f3n 2000 S.A. de C.V.\"},\"image\":{\"@id\":\"https:\\\/\\\/canal7slp.tv\\\/2019\\\/#\\\/schema\\\/logo\\\/image\\\/\"},\"sameAs\":[\"https:\\\/\\\/www.facebook.com\\\/CANAL7SLP\\\/\",\"https:\\\/\\\/x.com\\\/canal7_slp\",\"https:\\\/\\\/www.instagram.com\\\/canal7_slp\",\"https:\\\/\\\/www.youtube.com\\\/user\\\/NOTICIEROSCANAL7SLP\\\/\"]},{\"@type\":\"Person\",\"@id\":\"https:\\\/\\\/canal7slp.tv\\\/2019\\\/#\\\/schema\\\/person\\\/11d941c1c6ca30ac0a46b95fa37aa2e3\",\"name\":\"edicionweb\",\"image\":{\"@type\":\"ImageObject\",\"inLanguage\":\"es\",\"@id\":\"https:\\\/\\\/secure.gravatar.com\\\/avatar\\\/eee448fc3f7164808013b816ba91ac7e43bbe82a70bebac296f8bc6f0addaa1a?s=96&d=mm&r=g\",\"url\":\"https:\\\/\\\/secure.gravatar.com\\\/avatar\\\/eee448fc3f7164808013b816ba91ac7e43bbe82a70bebac296f8bc6f0addaa1a?s=96&d=mm&r=g\",\"contentUrl\":\"https:\\\/\\\/secure.gravatar.com\\\/avatar\\\/eee448fc3f7164808013b816ba91ac7e43bbe82a70bebac296f8bc6f0addaa1a?s=96&d=mm&r=g\",\"caption\":\"edicionweb\"}}]}<\/script>\n<!-- \/ Yoast SEO plugin. -->","yoast_head_json":{"title":"Riesgo de recesi\u00f3n mundial es bajo, pero no se descarta: Carstens - Canal 7 SLP - 2019","robots":{"index":"index","follow":"follow","max-snippet":"max-snippet:-1","max-image-preview":"max-image-preview:large","max-video-preview":"max-video-preview:-1"},"canonical":"https:\/\/canal7slp.tv\/2019\/riesgo-de-recesion-mundial-es-bajo-pero-no-se-descarta-carstens\/","og_locale":"es_ES","og_type":"article","og_title":"Riesgo de recesi\u00f3n mundial es bajo, pero no se descarta: Carstens - Canal 7 SLP - 2019","og_description":"El ex gobernador de Banxico particip\u00f3 en el evento del 25 aniversario de autonom\u00eda del banco central M\u00e9xico.- El director general del Banco de Pagos Internacionales (BIS, por sus siglas en ingl\u00e9s), Agust\u00edn Carstens, dijo que si bien el riesgo de una recesi\u00f3n mundial es bajo, no puede descartarse. &#8220;Se ve baja aunque existe. No [&hellip;]","og_url":"https:\/\/canal7slp.tv\/2019\/riesgo-de-recesion-mundial-es-bajo-pero-no-se-descarta-carstens\/","og_site_name":"Canal 7 SLP - 2019","article_publisher":"https:\/\/www.facebook.com\/CANAL7SLP\/","article_published_time":"2019-11-22T20:40:56+00:00","og_image":[{"width":770,"height":485,"url":"https:\/\/canal7slp.tv\/2019\/wp-content\/uploads\/2019\/11\/1550-16.jpg","type":"image\/jpeg"}],"author":"edicionweb","twitter_card":"summary_large_image","twitter_creator":"@canal7_slp","twitter_site":"@canal7_slp","twitter_misc":{"Escrito por":"edicionweb","Tiempo de lectura":"4 minutos"},"schema":{"@context":"https:\/\/schema.org","@graph":[{"@type":"Article","@id":"https:\/\/canal7slp.tv\/2019\/riesgo-de-recesion-mundial-es-bajo-pero-no-se-descarta-carstens\/#article","isPartOf":{"@id":"https:\/\/canal7slp.tv\/2019\/riesgo-de-recesion-mundial-es-bajo-pero-no-se-descarta-carstens\/"},"author":{"name":"edicionweb","@id":"https:\/\/canal7slp.tv\/2019\/#\/schema\/person\/11d941c1c6ca30ac0a46b95fa37aa2e3"},"headline":"Riesgo de recesi\u00f3n mundial es bajo, pero no se descarta: Carstens","datePublished":"2019-11-22T20:40:56+00:00","mainEntityOfPage":{"@id":"https:\/\/canal7slp.tv\/2019\/riesgo-de-recesion-mundial-es-bajo-pero-no-se-descarta-carstens\/"},"wordCount":727,"commentCount":0,"publisher":{"@id":"https:\/\/canal7slp.tv\/2019\/#organization"},"image":{"@id":"https:\/\/canal7slp.tv\/2019\/riesgo-de-recesion-mundial-es-bajo-pero-no-se-descarta-carstens\/#primaryimage"},"thumbnailUrl":"https:\/\/canal7slp.tv\/2019\/wp-content\/uploads\/2019\/11\/1550-16.jpg","articleSection":["DEPORTES"],"inLanguage":"es","potentialAction":[{"@type":"CommentAction","name":"Comment","target":["https:\/\/canal7slp.tv\/2019\/riesgo-de-recesion-mundial-es-bajo-pero-no-se-descarta-carstens\/#respond"]}]},{"@type":"WebPage","@id":"https:\/\/canal7slp.tv\/2019\/riesgo-de-recesion-mundial-es-bajo-pero-no-se-descarta-carstens\/","url":"https:\/\/canal7slp.tv\/2019\/riesgo-de-recesion-mundial-es-bajo-pero-no-se-descarta-carstens\/","name":"Riesgo de recesi\u00f3n mundial es bajo, pero no se descarta: Carstens - Canal 7 SLP - 2019","isPartOf":{"@id":"https:\/\/canal7slp.tv\/2019\/#website"},"primaryImageOfPage":{"@id":"https:\/\/canal7slp.tv\/2019\/riesgo-de-recesion-mundial-es-bajo-pero-no-se-descarta-carstens\/#primaryimage"},"image":{"@id":"https:\/\/canal7slp.tv\/2019\/riesgo-de-recesion-mundial-es-bajo-pero-no-se-descarta-carstens\/#primaryimage"},"thumbnailUrl":"https:\/\/canal7slp.tv\/2019\/wp-content\/uploads\/2019\/11\/1550-16.jpg","datePublished":"2019-11-22T20:40:56+00:00","breadcrumb":{"@id":"https:\/\/canal7slp.tv\/2019\/riesgo-de-recesion-mundial-es-bajo-pero-no-se-descarta-carstens\/#breadcrumb"},"inLanguage":"es","potentialAction":[{"@type":"ReadAction","target":["https:\/\/canal7slp.tv\/2019\/riesgo-de-recesion-mundial-es-bajo-pero-no-se-descarta-carstens\/"]}]},{"@type":"ImageObject","inLanguage":"es","@id":"https:\/\/canal7slp.tv\/2019\/riesgo-de-recesion-mundial-es-bajo-pero-no-se-descarta-carstens\/#primaryimage","url":"https:\/\/canal7slp.tv\/2019\/wp-content\/uploads\/2019\/11\/1550-16.jpg","contentUrl":"https:\/\/canal7slp.tv\/2019\/wp-content\/uploads\/2019\/11\/1550-16.jpg","width":770,"height":485},{"@type":"BreadcrumbList","@id":"https:\/\/canal7slp.tv\/2019\/riesgo-de-recesion-mundial-es-bajo-pero-no-se-descarta-carstens\/#breadcrumb","itemListElement":[{"@type":"ListItem","position":1,"name":"Home","item":"https:\/\/canal7slp.tv\/2019\/"},{"@type":"ListItem","position":2,"name":"Riesgo de recesi\u00f3n mundial es bajo, pero no se descarta: Carstens"}]},{"@type":"WebSite","@id":"https:\/\/canal7slp.tv\/2019\/#website","url":"https:\/\/canal7slp.tv\/2019\/","name":"Canal 7 SLP - Somos TV","description":"Somos un Canal de 10","publisher":{"@id":"https:\/\/canal7slp.tv\/2019\/#organization"},"potentialAction":[{"@type":"SearchAction","target":{"@type":"EntryPoint","urlTemplate":"https:\/\/canal7slp.tv\/2019\/?s={search_term_string}"},"query-input":{"@type":"PropertyValueSpecification","valueRequired":true,"valueName":"search_term_string"}}],"inLanguage":"es"},{"@type":"Organization","@id":"https:\/\/canal7slp.tv\/2019\/#organization","name":"Comunicaci\u00f3n 2000 S.A. de C.V.","url":"https:\/\/canal7slp.tv\/2019\/","logo":{"@type":"ImageObject","inLanguage":"es","@id":"https:\/\/canal7slp.tv\/2019\/#\/schema\/logo\/image\/","url":"https:\/\/canal7slp.tv\/2019\/wp-content\/uploads\/2019\/07\/logo-c7.png","contentUrl":"https:\/\/canal7slp.tv\/2019\/wp-content\/uploads\/2019\/07\/logo-c7.png","width":220,"height":60,"caption":"Comunicaci\u00f3n 2000 S.A. de C.V."},"image":{"@id":"https:\/\/canal7slp.tv\/2019\/#\/schema\/logo\/image\/"},"sameAs":["https:\/\/www.facebook.com\/CANAL7SLP\/","https:\/\/x.com\/canal7_slp","https:\/\/www.instagram.com\/canal7_slp","https:\/\/www.youtube.com\/user\/NOTICIEROSCANAL7SLP\/"]},{"@type":"Person","@id":"https:\/\/canal7slp.tv\/2019\/#\/schema\/person\/11d941c1c6ca30ac0a46b95fa37aa2e3","name":"edicionweb","image":{"@type":"ImageObject","inLanguage":"es","@id":"https:\/\/secure.gravatar.com\/avatar\/eee448fc3f7164808013b816ba91ac7e43bbe82a70bebac296f8bc6f0addaa1a?s=96&d=mm&r=g","url":"https:\/\/secure.gravatar.com\/avatar\/eee448fc3f7164808013b816ba91ac7e43bbe82a70bebac296f8bc6f0addaa1a?s=96&d=mm&r=g","contentUrl":"https:\/\/secure.gravatar.com\/avatar\/eee448fc3f7164808013b816ba91ac7e43bbe82a70bebac296f8bc6f0addaa1a?s=96&d=mm&r=g","caption":"edicionweb"}}]}},"amp_enabled":true,"cmb2":{"video_ids_in_playlist":{"vid_p_videos":""},"video_ids_in_channel":{"vid_c_videos":""},"playlist_ids_in_channel":{"vid_c_playlists":""},"series_ids_in_channel":{"vid_c_series":""},"channel_images":{"vid_c_logo":"","vid_c_banner":""},"poster_feature_image":{"vid_m_poster_image":""},"gif_feature_image":{"vid_m_gif_image":""},"video_movie_settings":{"vid_m_director":"","vid_m_actor":"","vid_m_imdb_ratings":"","vid_m_amazon_associates":""},"vid_youtube_broadcasts_settings":{"vid_yb_broadcast_title":"","vid_yb_q":"","vid_yb_channelid":"","vid_yb_videocategoryid":"","vid_yb_maxresults":"","vid_yb_order":"","vid_yb_regioncode":"","vid_yb_videosyndicated":"","vid_yb_style":"","vid_yb_reload_first":""},"video_series_settings":{"vid_m_director":"","vid_m_actor":"","vid_m_imdb_ratings":"","video_series_group":""},"amazon_associates_settings":{"amazon_associates":"","amazon_native_ad":""},"vid_youtube_automatic_settings":{"vid_ya_youtube_source":"","vid_ya_update_every":"","vid_ya_update_unit":"","vid_ya_categories":"","vid_ya_published_after":"","vid_ya_published_before":"","vid_ya_playlists":"","vid_ya_channels":"","vid_ya_director":"","vid_ya_actor":"","vid_ya_author":"","vid_ya_import_post_date":"","vid_ya_status":"","vid_ya_sub_api_key":""},"vid_ads_m_videoads_settings_post":{"vid_ads_m_video_ads":"","vid_ads_m_video_ads_type":"","vid_ads_m_group_google_ima":"","vid_ads_m_group_image":"","vid_ads_m_group_html5_video":"","vid_ads_m_group_html":"","vid_ads_m_vast_preroll":"","vid_ads_m_vast_postroll":"","vid_ads_m_vast_pauseroll":"","vid_ads_m_vast_midroll":[{"vid_ads_m_vast_timer_seconds":"50"}],"vid_ads_m_time_to_show_ads":"","vid_ads_m_time_skip_ads":"","vid_ads_m_time_to_hide_ads":""},"page_slider_settings":{"display_slider_group":"","page_slider_group":""},"blog_page_settings":{"blog_page_title":"","blog_page_heading":"","blog_page_ic":"","blog_page_it":"","blog_page_ec":"","blog_page_ip":"","archive_loop_style":"","blog_image_ratio":"","blog_show_categories":"","blog_show_excerpt":"","blog_show_author":"","blog_show_date":"","blog_show_comment_count":"","blog_show_view_count":"","blog_show_like_count":"","blog_show_dislike_count":"","blog_items_per_page":"","blog_pag_type":""},"page_options":{"get_page_template":"","color_mode":"","main_layout":"","main_layout_full_with":"","main_logo":"","main_logo_retina":"","main_logo_mobile":"","main_logo_mobile_retina":"","sticky_logo":"","sticky_logo_retina":"","main_nav_layout":"","ajax_search":"","header_background":"","theme_sidebar":"","instagram_feed":"","instagram_feed_position":"","popular_videos":"","popular_videos_title_1":"","popular_videos_title_2":"","popular_videos_ic":"","popular_videos_it":"","theme_background":"","page_custom_css":""},"feature_image_settings":{"feature_image_position":""},"video_player_settings":{"single_video_style":"","video_player_position":"","vm_video_url":"","video_player_library":"","video_streaming":"","vm_media_sources":"","vid_auto_play":"","vm_video_shortcode":"","vid_p_sync_playlist":"","vid_c_sync_channel":"","get_post_format":"","multiple_links_structure":"default","multi_links_title":"","vm_video_multi_links":"","vm_duration":"","vid_social_locker":"off","vid_social_locker_id":"","vid_membership_action":"content-video","vm_video_trailer_url":"","vid_download_type":"free","vid_download_target":"download","vid_woo_product":"","vm_media_download":"","user_rating":"","user_rating_position":"","user_rating_mode":"","user_rating_multi_sets":""},"video_auto_fetch_settings":{"vm_video_fetch":"on"},"video_fake_views_likes":{"vm_fake_views":"","vm_fake_likes":"","vm_fake_dislikes":""},"gallery_settings":{"gallery_position":""},"quote_settings":{"quote_position":""},"post_options":{"main_layout":"","main_logo":"","main_logo_retina":"","main_logo_mobile":"","main_logo_mobile_retina":"","sticky_logo":"","sticky_logo_retina":"","main_nav_layout":"","header_background":"","theme_sidebar":"","single_post_comment_type":"","theme_background":""}},"_links":{"self":[{"href":"https:\/\/canal7slp.tv\/2019\/wp-json\/wp\/v2\/posts\/83641","targetHints":{"allow":["GET"]}}],"collection":[{"href":"https:\/\/canal7slp.tv\/2019\/wp-json\/wp\/v2\/posts"}],"about":[{"href":"https:\/\/canal7slp.tv\/2019\/wp-json\/wp\/v2\/types\/post"}],"author":[{"embeddable":true,"href":"https:\/\/canal7slp.tv\/2019\/wp-json\/wp\/v2\/users\/2"}],"replies":[{"embeddable":true,"href":"https:\/\/canal7slp.tv\/2019\/wp-json\/wp\/v2\/comments?post=83641"}],"version-history":[{"count":0,"href":"https:\/\/canal7slp.tv\/2019\/wp-json\/wp\/v2\/posts\/83641\/revisions"}],"wp:featuredmedia":[{"embeddable":true,"href":"https:\/\/canal7slp.tv\/2019\/wp-json\/wp\/v2\/media\/83646"}],"wp:attachment":[{"href":"https:\/\/canal7slp.tv\/2019\/wp-json\/wp\/v2\/media?parent=83641"}],"wp:term":[{"taxonomy":"category","embeddable":true,"href":"https:\/\/canal7slp.tv\/2019\/wp-json\/wp\/v2\/categories?post=83641"},{"taxonomy":"post_tag","embeddable":true,"href":"https:\/\/canal7slp.tv\/2019\/wp-json\/wp\/v2\/tags?post=83641"}],"curies":[{"name":"wp","href":"https:\/\/api.w.org\/{rel}","templated":true}]}}