{"id":83606,"date":"2019-11-22T13:50:30","date_gmt":"2019-11-22T19:50:30","guid":{"rendered":"https:\/\/canal7slp.tv\/2019\/?p=83606"},"modified":"2019-11-22T13:50:30","modified_gmt":"2019-11-22T19:50:30","slug":"decada-dominada-por-brasilenos-y-el-resurgir-de-river-plate","status":"publish","type":"post","link":"https:\/\/canal7slp.tv\/2019\/decada-dominada-por-brasilenos-y-el-resurgir-de-river-plate\/","title":{"rendered":"D\u00e9cada dominada por brasile\u00f1os y el resurgir de River Plate"},"content":{"rendered":"<ul>\n<li style=\"text-align: justify\">Durante los \u00faltimos a\u00f1os, las Finales de Copa Libertadores han sido escenario de momentos hist\u00f3ricos para el futbol de Am\u00e9rica<\/li>\n<\/ul>\n<p style=\"text-align: justify\">El Cono Sur est\u00e1 listo para que se dispute la ansiada Final de la Copa Libertadores entre Flamengo y River Plate, la cual se jugar\u00e1 por primera vez en la historia a un solo partido y en una cancha neutral que ser\u00e1 el Estadio Monumental de Lima en Per\u00fa.<\/p>\n<p style=\"text-align: justify\">Mientras que el conjunto brasile\u00f1o ir\u00e1 en busca de su segundo t\u00edtulo del certamen para cortar una sequ\u00eda de 38 a\u00f1os sin ganarlo, los Millonarios ir\u00e1n por su quinto trofeo de Libertadores en su historia, y su tercero en los \u00faltimos cinco a\u00f1os.<\/p>\n<p style=\"text-align: justify\">Pero antes de saber el desenlace de esta gran Final, este es un recuento de los campeones de la \u00faltima d\u00e9cada, que ha sido marcada por cinco campeones diferentes de Brasil y por el resurgir que ha tenido el conjunto de River Plate en el plano internacional.<\/p>\n<p style=\"text-align: justify\"><strong>Chivas pierde la Final en 2010<\/strong><\/p>\n<p style=\"text-align: justify\">Pese a que fueron el segundo equipo en la historia del futbol mexicano en llegar a una Final de Copa Libertadores, las Chivas fueron derrotadas en la Final por el Internacional de Porto Alegre con un global de 5-3. Luego de caer en casa 2-1 en el juego de Ida, el Guadalajara se complic\u00f3 su visita a la cancha del Estadio Beira-R\u00edo al perder 3-2.<\/p>\n<p style=\"text-align: justify\"><strong>Neymar da brillo al Santos<\/strong><\/p>\n<p style=\"text-align: justify\">La Final de la Copa Libertadores 2011 tuvo un toque singular, pues el t\u00edtulo del torneo fue disputado entre dos hist\u00f3ricos del futbol sudamericano: Santos de Brasil y Pe\u00f1arol de Uruguay. La Ida termin\u00f3 0-0 y en la Vuelta, en territorio brasile\u00f1o, el equipo comandado por un joven Neymar termin\u00f3 por imponerse 2-1 para ganar el tercer t\u00edtulo de su historia.<\/p>\n<p style=\"text-align: justify\"><strong>Corinthians, monarca invicto<\/strong><\/p>\n<p style=\"text-align: justify\">En una Final muy caliente y vibrante entre Boca Juniors y Corinthians, la edici\u00f3n de la Copa Libertadores 2012 fue conquistada por el equipo brasile\u00f1o tras ganar la serie de 180 minutos con un global de 3-1 y evit\u00f3 as\u00ed que Boca levantara su s\u00e9ptimo t\u00edtulo del torneo para igualar a Independiente como el m\u00e1ximo ganador del certamen.<\/p>\n<p style=\"text-align: justify\"><strong>Atl\u00e9tico Mineiro y la suerte del campe\u00f3n<\/strong><\/p>\n<p style=\"text-align: justify\">En la Ida de la Final 2013 Atl\u00e9tico Mineiro hab\u00eda ca\u00eddo 2-0 en su visita al Olimpia de Paraguay y la situaci\u00f3n se pon\u00eda cuesta arriba para los brasile\u00f1os; sin embargo, en el juego de Vuelta Ronaldinho y compa\u00f1\u00eda reaccionaron ag\u00f3nicamente al empatar 2-2 para mandar el juego a la pr\u00f3rroga, pero no fue sino en otra tanda de penaltis donde los brasile\u00f1os terminaron por conquistar el t\u00edtulo.<\/p>\n<p style=\"text-align: justify\"><strong>Primera Libertadores del &#8220;Cicl\u00f3n&#8221;<\/strong><\/p>\n<p style=\"text-align: justify\">Tuvieron que pasar 54 a\u00f1os para que San Lorenzo se consagrara campe\u00f3n de la Copa Libertadores por primera vez en su historia, y lo hizo ante su gente desde la cancha del Estadio Pedro Bidegain al derrotar al Nacional de Paraguay con un global de 2-1. San Lorenzo hab\u00eda igualado 1-1 en su visita al equipo paraguayo y con un penal en casa logr\u00f3 levantar su primer trofeo.<\/p>\n<p style=\"text-align: justify\"><strong>Tigres se pierde en el Monumental<\/strong><\/p>\n<p style=\"text-align: justify\">La edici\u00f3n de la Copa Libertadores 2015 signific\u00f3 la tercera ocasi\u00f3n en que un equipo mexicano disputaba una Final del torneo, aunque el desenlace fue el mismo. Los Tigres dirigidos por Ricardo Ferretti se enfrentaron al hist\u00f3rico River Plate y tras un 0-0 en Monterrey, los felinos cayeron 3-0 en su visita al Monumental, viendo c\u00f3mo los argentinos levantaban el tercer t\u00edtulo de su historia.<\/p>\n<p style=\"text-align: justify\"><strong>Segundo t\u00edtulo de Atl\u00e9tico Nacional<\/strong><\/p>\n<p style=\"text-align: justify\">En una Final in\u00e9dita, Atl\u00e9tico Nacional de Colombia se enfrent\u00f3 al Independiente del Valle de Ecuador. Los colombianos buscaban su segunda Libertadores de la historia tras haberla ganado por primera vez en 1989. Luego de igualar a un tanto en la Ida, el conjunto verdolaga se consagr\u00f3 campe\u00f3n de la Copa Libertadores 2016 con un marcador global de 2-1.<\/p>\n<p style=\"text-align: justify\"><strong>Gremio se apodera del trofeo en Argentina<\/strong><\/p>\n<p style=\"text-align: justify\">Para 2017, Gremio de Brasil y Lan\u00fas de Argentina se vieron las caras en la contienda por el t\u00edtulo. La Ida se disput\u00f3 en tierras brasile\u00f1as, donde Gremio se llev\u00f3 la ventaja m\u00ednima de 1-0. Para el compromiso de Vuelta, que fue disputado desde la cancha del Estadio Ciudad de Lan\u00fas, el conjunto brasile\u00f1o dio la estocada final a sus adversarios para quedarse con el triunfo global de 3-1.<\/p>\n<p style=\"text-align: justify\"><strong>Hist\u00f3rico Supercl\u00e1sico<\/strong><\/p>\n<p style=\"text-align: justify\">Los dos gigantes de Argentina chocaron en una Final de Copa Libertadores en 2018. Despu\u00e9s de un empate 2-2 registrado en el juego de Ida entre River Plate y Boca Juniors, el partido de vuelta se jug\u00f3 en el Estadio Santiago Bernab\u00e9u, donde los Millonarios ganaron 3-1.<\/p>\n","protected":false},"excerpt":{"rendered":"<p>Durante los \u00faltimos a\u00f1os, las Finales de Copa Libertadores han sido escenario de momentos hist\u00f3ricos para el futbol de Am\u00e9rica El Cono Sur est\u00e1 listo para que se dispute la ansiada Final de la Copa Libertadores entre Flamengo y River Plate, la cual se jugar\u00e1 por primera vez en la historia a un solo partido [&hellip;]<\/p>\n","protected":false},"author":2,"featured_media":83611,"comment_status":"open","ping_status":"open","sticky":false,"template":"","format":"standard","meta":{"footnotes":""},"categories":[96],"tags":[],"class_list":["post-83606","post","type-post","status-publish","format-standard","has-post-thumbnail","hentry","category-deportes"],"yoast_head":"<!-- This site is optimized with the Yoast SEO plugin v27.4 - https:\/\/yoast.com\/product\/yoast-seo-wordpress\/ -->\n<title>D\u00e9cada dominada por brasile\u00f1os y el resurgir de River Plate - Canal 7 SLP - 2019<\/title>\n<meta name=\"robots\" content=\"index, follow, max-snippet:-1, max-image-preview:large, max-video-preview:-1\" \/>\n<link rel=\"canonical\" href=\"https:\/\/canal7slp.tv\/2019\/decada-dominada-por-brasilenos-y-el-resurgir-de-river-plate\/\" \/>\n<meta property=\"og:locale\" content=\"es_ES\" \/>\n<meta property=\"og:type\" content=\"article\" \/>\n<meta property=\"og:title\" content=\"D\u00e9cada dominada por brasile\u00f1os y el resurgir de River Plate - Canal 7 SLP - 2019\" \/>\n<meta property=\"og:description\" content=\"Durante los \u00faltimos a\u00f1os, las Finales de Copa Libertadores han sido escenario de momentos hist\u00f3ricos para el futbol de Am\u00e9rica El Cono Sur est\u00e1 listo para que se dispute la ansiada Final de la Copa Libertadores entre Flamengo y River Plate, la cual se jugar\u00e1 por primera vez en la historia a un solo partido [&hellip;]\" \/>\n<meta property=\"og:url\" content=\"https:\/\/canal7slp.tv\/2019\/decada-dominada-por-brasilenos-y-el-resurgir-de-river-plate\/\" \/>\n<meta property=\"og:site_name\" content=\"Canal 7 SLP - 2019\" \/>\n<meta property=\"article:publisher\" content=\"https:\/\/www.facebook.com\/CANAL7SLP\/\" \/>\n<meta property=\"article:published_time\" content=\"2019-11-22T19:50:30+00:00\" \/>\n<meta property=\"og:image\" content=\"https:\/\/canal7slp.tv\/2019\/wp-content\/uploads\/2019\/11\/1400-22.jpg\" \/>\n\t<meta property=\"og:image:width\" content=\"770\" \/>\n\t<meta property=\"og:image:height\" content=\"485\" \/>\n\t<meta property=\"og:image:type\" content=\"image\/jpeg\" \/>\n<meta name=\"author\" content=\"edicionweb\" \/>\n<meta name=\"twitter:card\" content=\"summary_large_image\" \/>\n<meta name=\"twitter:creator\" content=\"@canal7_slp\" \/>\n<meta name=\"twitter:site\" content=\"@canal7_slp\" \/>\n<meta name=\"twitter:label1\" content=\"Escrito por\" \/>\n\t<meta name=\"twitter:data1\" content=\"edicionweb\" \/>\n\t<meta name=\"twitter:label2\" content=\"Tiempo de lectura\" \/>\n\t<meta name=\"twitter:data2\" content=\"4 minutos\" \/>\n<script type=\"application\/ld+json\" class=\"yoast-schema-graph\">{\"@context\":\"https:\\\/\\\/schema.org\",\"@graph\":[{\"@type\":\"Article\",\"@id\":\"https:\\\/\\\/canal7slp.tv\\\/2019\\\/decada-dominada-por-brasilenos-y-el-resurgir-de-river-plate\\\/#article\",\"isPartOf\":{\"@id\":\"https:\\\/\\\/canal7slp.tv\\\/2019\\\/decada-dominada-por-brasilenos-y-el-resurgir-de-river-plate\\\/\"},\"author\":{\"name\":\"edicionweb\",\"@id\":\"https:\\\/\\\/canal7slp.tv\\\/2019\\\/#\\\/schema\\\/person\\\/11d941c1c6ca30ac0a46b95fa37aa2e3\"},\"headline\":\"D\u00e9cada dominada por brasile\u00f1os y el resurgir de River Plate\",\"datePublished\":\"2019-11-22T19:50:30+00:00\",\"mainEntityOfPage\":{\"@id\":\"https:\\\/\\\/canal7slp.tv\\\/2019\\\/decada-dominada-por-brasilenos-y-el-resurgir-de-river-plate\\\/\"},\"wordCount\":822,\"commentCount\":0,\"publisher\":{\"@id\":\"https:\\\/\\\/canal7slp.tv\\\/2019\\\/#organization\"},\"image\":{\"@id\":\"https:\\\/\\\/canal7slp.tv\\\/2019\\\/decada-dominada-por-brasilenos-y-el-resurgir-de-river-plate\\\/#primaryimage\"},\"thumbnailUrl\":\"https:\\\/\\\/canal7slp.tv\\\/2019\\\/wp-content\\\/uploads\\\/2019\\\/11\\\/1400-22.jpg\",\"articleSection\":[\"DEPORTES\"],\"inLanguage\":\"es\",\"potentialAction\":[{\"@type\":\"CommentAction\",\"name\":\"Comment\",\"target\":[\"https:\\\/\\\/canal7slp.tv\\\/2019\\\/decada-dominada-por-brasilenos-y-el-resurgir-de-river-plate\\\/#respond\"]}]},{\"@type\":\"WebPage\",\"@id\":\"https:\\\/\\\/canal7slp.tv\\\/2019\\\/decada-dominada-por-brasilenos-y-el-resurgir-de-river-plate\\\/\",\"url\":\"https:\\\/\\\/canal7slp.tv\\\/2019\\\/decada-dominada-por-brasilenos-y-el-resurgir-de-river-plate\\\/\",\"name\":\"D\u00e9cada dominada por brasile\u00f1os y el resurgir de River Plate - Canal 7 SLP - 2019\",\"isPartOf\":{\"@id\":\"https:\\\/\\\/canal7slp.tv\\\/2019\\\/#website\"},\"primaryImageOfPage\":{\"@id\":\"https:\\\/\\\/canal7slp.tv\\\/2019\\\/decada-dominada-por-brasilenos-y-el-resurgir-de-river-plate\\\/#primaryimage\"},\"image\":{\"@id\":\"https:\\\/\\\/canal7slp.tv\\\/2019\\\/decada-dominada-por-brasilenos-y-el-resurgir-de-river-plate\\\/#primaryimage\"},\"thumbnailUrl\":\"https:\\\/\\\/canal7slp.tv\\\/2019\\\/wp-content\\\/uploads\\\/2019\\\/11\\\/1400-22.jpg\",\"datePublished\":\"2019-11-22T19:50:30+00:00\",\"breadcrumb\":{\"@id\":\"https:\\\/\\\/canal7slp.tv\\\/2019\\\/decada-dominada-por-brasilenos-y-el-resurgir-de-river-plate\\\/#breadcrumb\"},\"inLanguage\":\"es\",\"potentialAction\":[{\"@type\":\"ReadAction\",\"target\":[\"https:\\\/\\\/canal7slp.tv\\\/2019\\\/decada-dominada-por-brasilenos-y-el-resurgir-de-river-plate\\\/\"]}]},{\"@type\":\"ImageObject\",\"inLanguage\":\"es\",\"@id\":\"https:\\\/\\\/canal7slp.tv\\\/2019\\\/decada-dominada-por-brasilenos-y-el-resurgir-de-river-plate\\\/#primaryimage\",\"url\":\"https:\\\/\\\/canal7slp.tv\\\/2019\\\/wp-content\\\/uploads\\\/2019\\\/11\\\/1400-22.jpg\",\"contentUrl\":\"https:\\\/\\\/canal7slp.tv\\\/2019\\\/wp-content\\\/uploads\\\/2019\\\/11\\\/1400-22.jpg\",\"width\":770,\"height\":485},{\"@type\":\"BreadcrumbList\",\"@id\":\"https:\\\/\\\/canal7slp.tv\\\/2019\\\/decada-dominada-por-brasilenos-y-el-resurgir-de-river-plate\\\/#breadcrumb\",\"itemListElement\":[{\"@type\":\"ListItem\",\"position\":1,\"name\":\"Home\",\"item\":\"https:\\\/\\\/canal7slp.tv\\\/2019\\\/\"},{\"@type\":\"ListItem\",\"position\":2,\"name\":\"D\u00e9cada dominada por brasile\u00f1os y el resurgir de River Plate\"}]},{\"@type\":\"WebSite\",\"@id\":\"https:\\\/\\\/canal7slp.tv\\\/2019\\\/#website\",\"url\":\"https:\\\/\\\/canal7slp.tv\\\/2019\\\/\",\"name\":\"Canal 7 SLP - Somos TV\",\"description\":\"Somos un Canal de 10\",\"publisher\":{\"@id\":\"https:\\\/\\\/canal7slp.tv\\\/2019\\\/#organization\"},\"potentialAction\":[{\"@type\":\"SearchAction\",\"target\":{\"@type\":\"EntryPoint\",\"urlTemplate\":\"https:\\\/\\\/canal7slp.tv\\\/2019\\\/?s={search_term_string}\"},\"query-input\":{\"@type\":\"PropertyValueSpecification\",\"valueRequired\":true,\"valueName\":\"search_term_string\"}}],\"inLanguage\":\"es\"},{\"@type\":\"Organization\",\"@id\":\"https:\\\/\\\/canal7slp.tv\\\/2019\\\/#organization\",\"name\":\"Comunicaci\u00f3n 2000 S.A. de C.V.\",\"url\":\"https:\\\/\\\/canal7slp.tv\\\/2019\\\/\",\"logo\":{\"@type\":\"ImageObject\",\"inLanguage\":\"es\",\"@id\":\"https:\\\/\\\/canal7slp.tv\\\/2019\\\/#\\\/schema\\\/logo\\\/image\\\/\",\"url\":\"https:\\\/\\\/canal7slp.tv\\\/2019\\\/wp-content\\\/uploads\\\/2019\\\/07\\\/logo-c7.png\",\"contentUrl\":\"https:\\\/\\\/canal7slp.tv\\\/2019\\\/wp-content\\\/uploads\\\/2019\\\/07\\\/logo-c7.png\",\"width\":220,\"height\":60,\"caption\":\"Comunicaci\u00f3n 2000 S.A. de C.V.\"},\"image\":{\"@id\":\"https:\\\/\\\/canal7slp.tv\\\/2019\\\/#\\\/schema\\\/logo\\\/image\\\/\"},\"sameAs\":[\"https:\\\/\\\/www.facebook.com\\\/CANAL7SLP\\\/\",\"https:\\\/\\\/x.com\\\/canal7_slp\",\"https:\\\/\\\/www.instagram.com\\\/canal7_slp\",\"https:\\\/\\\/www.youtube.com\\\/user\\\/NOTICIEROSCANAL7SLP\\\/\"]},{\"@type\":\"Person\",\"@id\":\"https:\\\/\\\/canal7slp.tv\\\/2019\\\/#\\\/schema\\\/person\\\/11d941c1c6ca30ac0a46b95fa37aa2e3\",\"name\":\"edicionweb\",\"image\":{\"@type\":\"ImageObject\",\"inLanguage\":\"es\",\"@id\":\"https:\\\/\\\/secure.gravatar.com\\\/avatar\\\/eee448fc3f7164808013b816ba91ac7e43bbe82a70bebac296f8bc6f0addaa1a?s=96&d=mm&r=g\",\"url\":\"https:\\\/\\\/secure.gravatar.com\\\/avatar\\\/eee448fc3f7164808013b816ba91ac7e43bbe82a70bebac296f8bc6f0addaa1a?s=96&d=mm&r=g\",\"contentUrl\":\"https:\\\/\\\/secure.gravatar.com\\\/avatar\\\/eee448fc3f7164808013b816ba91ac7e43bbe82a70bebac296f8bc6f0addaa1a?s=96&d=mm&r=g\",\"caption\":\"edicionweb\"}}]}<\/script>\n<!-- \/ Yoast SEO plugin. -->","yoast_head_json":{"title":"D\u00e9cada dominada por brasile\u00f1os y el resurgir de River Plate - Canal 7 SLP - 2019","robots":{"index":"index","follow":"follow","max-snippet":"max-snippet:-1","max-image-preview":"max-image-preview:large","max-video-preview":"max-video-preview:-1"},"canonical":"https:\/\/canal7slp.tv\/2019\/decada-dominada-por-brasilenos-y-el-resurgir-de-river-plate\/","og_locale":"es_ES","og_type":"article","og_title":"D\u00e9cada dominada por brasile\u00f1os y el resurgir de River Plate - Canal 7 SLP - 2019","og_description":"Durante los \u00faltimos a\u00f1os, las Finales de Copa Libertadores han sido escenario de momentos hist\u00f3ricos para el futbol de Am\u00e9rica El Cono Sur est\u00e1 listo para que se dispute la ansiada Final de la Copa Libertadores entre Flamengo y River Plate, la cual se jugar\u00e1 por primera vez en la historia a un solo partido [&hellip;]","og_url":"https:\/\/canal7slp.tv\/2019\/decada-dominada-por-brasilenos-y-el-resurgir-de-river-plate\/","og_site_name":"Canal 7 SLP - 2019","article_publisher":"https:\/\/www.facebook.com\/CANAL7SLP\/","article_published_time":"2019-11-22T19:50:30+00:00","og_image":[{"width":770,"height":485,"url":"https:\/\/canal7slp.tv\/2019\/wp-content\/uploads\/2019\/11\/1400-22.jpg","type":"image\/jpeg"}],"author":"edicionweb","twitter_card":"summary_large_image","twitter_creator":"@canal7_slp","twitter_site":"@canal7_slp","twitter_misc":{"Escrito por":"edicionweb","Tiempo de lectura":"4 minutos"},"schema":{"@context":"https:\/\/schema.org","@graph":[{"@type":"Article","@id":"https:\/\/canal7slp.tv\/2019\/decada-dominada-por-brasilenos-y-el-resurgir-de-river-plate\/#article","isPartOf":{"@id":"https:\/\/canal7slp.tv\/2019\/decada-dominada-por-brasilenos-y-el-resurgir-de-river-plate\/"},"author":{"name":"edicionweb","@id":"https:\/\/canal7slp.tv\/2019\/#\/schema\/person\/11d941c1c6ca30ac0a46b95fa37aa2e3"},"headline":"D\u00e9cada dominada por brasile\u00f1os y el resurgir de River Plate","datePublished":"2019-11-22T19:50:30+00:00","mainEntityOfPage":{"@id":"https:\/\/canal7slp.tv\/2019\/decada-dominada-por-brasilenos-y-el-resurgir-de-river-plate\/"},"wordCount":822,"commentCount":0,"publisher":{"@id":"https:\/\/canal7slp.tv\/2019\/#organization"},"image":{"@id":"https:\/\/canal7slp.tv\/2019\/decada-dominada-por-brasilenos-y-el-resurgir-de-river-plate\/#primaryimage"},"thumbnailUrl":"https:\/\/canal7slp.tv\/2019\/wp-content\/uploads\/2019\/11\/1400-22.jpg","articleSection":["DEPORTES"],"inLanguage":"es","potentialAction":[{"@type":"CommentAction","name":"Comment","target":["https:\/\/canal7slp.tv\/2019\/decada-dominada-por-brasilenos-y-el-resurgir-de-river-plate\/#respond"]}]},{"@type":"WebPage","@id":"https:\/\/canal7slp.tv\/2019\/decada-dominada-por-brasilenos-y-el-resurgir-de-river-plate\/","url":"https:\/\/canal7slp.tv\/2019\/decada-dominada-por-brasilenos-y-el-resurgir-de-river-plate\/","name":"D\u00e9cada dominada por brasile\u00f1os y el resurgir de River Plate - Canal 7 SLP - 2019","isPartOf":{"@id":"https:\/\/canal7slp.tv\/2019\/#website"},"primaryImageOfPage":{"@id":"https:\/\/canal7slp.tv\/2019\/decada-dominada-por-brasilenos-y-el-resurgir-de-river-plate\/#primaryimage"},"image":{"@id":"https:\/\/canal7slp.tv\/2019\/decada-dominada-por-brasilenos-y-el-resurgir-de-river-plate\/#primaryimage"},"thumbnailUrl":"https:\/\/canal7slp.tv\/2019\/wp-content\/uploads\/2019\/11\/1400-22.jpg","datePublished":"2019-11-22T19:50:30+00:00","breadcrumb":{"@id":"https:\/\/canal7slp.tv\/2019\/decada-dominada-por-brasilenos-y-el-resurgir-de-river-plate\/#breadcrumb"},"inLanguage":"es","potentialAction":[{"@type":"ReadAction","target":["https:\/\/canal7slp.tv\/2019\/decada-dominada-por-brasilenos-y-el-resurgir-de-river-plate\/"]}]},{"@type":"ImageObject","inLanguage":"es","@id":"https:\/\/canal7slp.tv\/2019\/decada-dominada-por-brasilenos-y-el-resurgir-de-river-plate\/#primaryimage","url":"https:\/\/canal7slp.tv\/2019\/wp-content\/uploads\/2019\/11\/1400-22.jpg","contentUrl":"https:\/\/canal7slp.tv\/2019\/wp-content\/uploads\/2019\/11\/1400-22.jpg","width":770,"height":485},{"@type":"BreadcrumbList","@id":"https:\/\/canal7slp.tv\/2019\/decada-dominada-por-brasilenos-y-el-resurgir-de-river-plate\/#breadcrumb","itemListElement":[{"@type":"ListItem","position":1,"name":"Home","item":"https:\/\/canal7slp.tv\/2019\/"},{"@type":"ListItem","position":2,"name":"D\u00e9cada dominada por brasile\u00f1os y el resurgir de River Plate"}]},{"@type":"WebSite","@id":"https:\/\/canal7slp.tv\/2019\/#website","url":"https:\/\/canal7slp.tv\/2019\/","name":"Canal 7 SLP - Somos TV","description":"Somos un Canal de 10","publisher":{"@id":"https:\/\/canal7slp.tv\/2019\/#organization"},"potentialAction":[{"@type":"SearchAction","target":{"@type":"EntryPoint","urlTemplate":"https:\/\/canal7slp.tv\/2019\/?s={search_term_string}"},"query-input":{"@type":"PropertyValueSpecification","valueRequired":true,"valueName":"search_term_string"}}],"inLanguage":"es"},{"@type":"Organization","@id":"https:\/\/canal7slp.tv\/2019\/#organization","name":"Comunicaci\u00f3n 2000 S.A. de C.V.","url":"https:\/\/canal7slp.tv\/2019\/","logo":{"@type":"ImageObject","inLanguage":"es","@id":"https:\/\/canal7slp.tv\/2019\/#\/schema\/logo\/image\/","url":"https:\/\/canal7slp.tv\/2019\/wp-content\/uploads\/2019\/07\/logo-c7.png","contentUrl":"https:\/\/canal7slp.tv\/2019\/wp-content\/uploads\/2019\/07\/logo-c7.png","width":220,"height":60,"caption":"Comunicaci\u00f3n 2000 S.A. de C.V."},"image":{"@id":"https:\/\/canal7slp.tv\/2019\/#\/schema\/logo\/image\/"},"sameAs":["https:\/\/www.facebook.com\/CANAL7SLP\/","https:\/\/x.com\/canal7_slp","https:\/\/www.instagram.com\/canal7_slp","https:\/\/www.youtube.com\/user\/NOTICIEROSCANAL7SLP\/"]},{"@type":"Person","@id":"https:\/\/canal7slp.tv\/2019\/#\/schema\/person\/11d941c1c6ca30ac0a46b95fa37aa2e3","name":"edicionweb","image":{"@type":"ImageObject","inLanguage":"es","@id":"https:\/\/secure.gravatar.com\/avatar\/eee448fc3f7164808013b816ba91ac7e43bbe82a70bebac296f8bc6f0addaa1a?s=96&d=mm&r=g","url":"https:\/\/secure.gravatar.com\/avatar\/eee448fc3f7164808013b816ba91ac7e43bbe82a70bebac296f8bc6f0addaa1a?s=96&d=mm&r=g","contentUrl":"https:\/\/secure.gravatar.com\/avatar\/eee448fc3f7164808013b816ba91ac7e43bbe82a70bebac296f8bc6f0addaa1a?s=96&d=mm&r=g","caption":"edicionweb"}}]}},"amp_enabled":true,"cmb2":{"video_ids_in_playlist":{"vid_p_videos":""},"video_ids_in_channel":{"vid_c_videos":""},"playlist_ids_in_channel":{"vid_c_playlists":""},"series_ids_in_channel":{"vid_c_series":""},"channel_images":{"vid_c_logo":"","vid_c_banner":""},"poster_feature_image":{"vid_m_poster_image":""},"gif_feature_image":{"vid_m_gif_image":""},"video_movie_settings":{"vid_m_director":"","vid_m_actor":"","vid_m_imdb_ratings":"","vid_m_amazon_associates":""},"vid_youtube_broadcasts_settings":{"vid_yb_broadcast_title":"","vid_yb_q":"","vid_yb_channelid":"","vid_yb_videocategoryid":"","vid_yb_maxresults":"","vid_yb_order":"","vid_yb_regioncode":"","vid_yb_videosyndicated":"","vid_yb_style":"","vid_yb_reload_first":""},"video_series_settings":{"vid_m_director":"","vid_m_actor":"","vid_m_imdb_ratings":"","video_series_group":""},"amazon_associates_settings":{"amazon_associates":"","amazon_native_ad":""},"vid_youtube_automatic_settings":{"vid_ya_youtube_source":"","vid_ya_update_every":"","vid_ya_update_unit":"","vid_ya_categories":"","vid_ya_published_after":"","vid_ya_published_before":"","vid_ya_playlists":"","vid_ya_channels":"","vid_ya_director":"","vid_ya_actor":"","vid_ya_author":"","vid_ya_import_post_date":"","vid_ya_status":"","vid_ya_sub_api_key":""},"vid_ads_m_videoads_settings_post":{"vid_ads_m_video_ads":"","vid_ads_m_video_ads_type":"","vid_ads_m_group_google_ima":"","vid_ads_m_group_image":"","vid_ads_m_group_html5_video":"","vid_ads_m_group_html":"","vid_ads_m_vast_preroll":"","vid_ads_m_vast_postroll":"","vid_ads_m_vast_pauseroll":"","vid_ads_m_vast_midroll":[{"vid_ads_m_vast_timer_seconds":"50"}],"vid_ads_m_time_to_show_ads":"","vid_ads_m_time_skip_ads":"","vid_ads_m_time_to_hide_ads":""},"page_slider_settings":{"display_slider_group":"","page_slider_group":""},"blog_page_settings":{"blog_page_title":"","blog_page_heading":"","blog_page_ic":"","blog_page_it":"","blog_page_ec":"","blog_page_ip":"","archive_loop_style":"","blog_image_ratio":"","blog_show_categories":"","blog_show_excerpt":"","blog_show_author":"","blog_show_date":"","blog_show_comment_count":"","blog_show_view_count":"","blog_show_like_count":"","blog_show_dislike_count":"","blog_items_per_page":"","blog_pag_type":""},"page_options":{"get_page_template":"","color_mode":"","main_layout":"","main_layout_full_with":"","main_logo":"","main_logo_retina":"","main_logo_mobile":"","main_logo_mobile_retina":"","sticky_logo":"","sticky_logo_retina":"","main_nav_layout":"","ajax_search":"","header_background":"","theme_sidebar":"","instagram_feed":"","instagram_feed_position":"","popular_videos":"","popular_videos_title_1":"","popular_videos_title_2":"","popular_videos_ic":"","popular_videos_it":"","theme_background":"","page_custom_css":""},"feature_image_settings":{"feature_image_position":""},"video_player_settings":{"single_video_style":"","video_player_position":"","vm_video_url":"","video_player_library":"","video_streaming":"","vm_media_sources":"","vid_auto_play":"","vm_video_shortcode":"","vid_p_sync_playlist":"","vid_c_sync_channel":"","get_post_format":"","multiple_links_structure":"default","multi_links_title":"","vm_video_multi_links":"","vm_duration":"","vid_social_locker":"off","vid_social_locker_id":"","vid_membership_action":"content-video","vm_video_trailer_url":"","vid_download_type":"free","vid_download_target":"download","vid_woo_product":"","vm_media_download":"","user_rating":"","user_rating_position":"","user_rating_mode":"","user_rating_multi_sets":""},"video_auto_fetch_settings":{"vm_video_fetch":"on"},"video_fake_views_likes":{"vm_fake_views":"","vm_fake_likes":"","vm_fake_dislikes":""},"gallery_settings":{"gallery_position":""},"quote_settings":{"quote_position":""},"post_options":{"main_layout":"","main_logo":"","main_logo_retina":"","main_logo_mobile":"","main_logo_mobile_retina":"","sticky_logo":"","sticky_logo_retina":"","main_nav_layout":"","header_background":"","theme_sidebar":"","single_post_comment_type":"","theme_background":""}},"_links":{"self":[{"href":"https:\/\/canal7slp.tv\/2019\/wp-json\/wp\/v2\/posts\/83606","targetHints":{"allow":["GET"]}}],"collection":[{"href":"https:\/\/canal7slp.tv\/2019\/wp-json\/wp\/v2\/posts"}],"about":[{"href":"https:\/\/canal7slp.tv\/2019\/wp-json\/wp\/v2\/types\/post"}],"author":[{"embeddable":true,"href":"https:\/\/canal7slp.tv\/2019\/wp-json\/wp\/v2\/users\/2"}],"replies":[{"embeddable":true,"href":"https:\/\/canal7slp.tv\/2019\/wp-json\/wp\/v2\/comments?post=83606"}],"version-history":[{"count":0,"href":"https:\/\/canal7slp.tv\/2019\/wp-json\/wp\/v2\/posts\/83606\/revisions"}],"wp:featuredmedia":[{"embeddable":true,"href":"https:\/\/canal7slp.tv\/2019\/wp-json\/wp\/v2\/media\/83611"}],"wp:attachment":[{"href":"https:\/\/canal7slp.tv\/2019\/wp-json\/wp\/v2\/media?parent=83606"}],"wp:term":[{"taxonomy":"category","embeddable":true,"href":"https:\/\/canal7slp.tv\/2019\/wp-json\/wp\/v2\/categories?post=83606"},{"taxonomy":"post_tag","embeddable":true,"href":"https:\/\/canal7slp.tv\/2019\/wp-json\/wp\/v2\/tags?post=83606"}],"curies":[{"name":"wp","href":"https:\/\/api.w.org\/{rel}","templated":true}]}}