{"id":83372,"date":"2019-11-21T14:09:47","date_gmt":"2019-11-21T20:09:47","guid":{"rendered":"https:\/\/canal7slp.tv\/2019\/?p=83372"},"modified":"2019-11-21T14:09:47","modified_gmt":"2019-11-21T20:09:47","slug":"fiscalia-de-israel-presenta-cargos-contra-netanyahu","status":"publish","type":"post","link":"https:\/\/canal7slp.tv\/2019\/fiscalia-de-israel-presenta-cargos-contra-netanyahu\/","title":{"rendered":"Fiscal\u00eda de Israel presenta cargos contra Netanyahu"},"content":{"rendered":"<ul>\n<li style=\"text-align: justify\">Acusa al primer ministro de corrupci\u00f3n, fraude y abuso de confianza<\/li>\n<\/ul>\n<p style=\"text-align: justify\">Israel.- El fiscal general israel\u00ed inculp\u00f3 este jueves por corrupci\u00f3n, fraude y abuso de confianza al primer ministro Benjamin Netanyahu, inform\u00f3 el ministerio de Justicia.<\/p>\n<p style=\"text-align: justify\">Avichai Mandelblit &#8220;decidi\u00f3 presentar cargos contra el primer ministro Benjamin Netanyahu&#8221; indic\u00f3 el ministerio.<\/p>\n<p style=\"text-align: justify\">El anuncio, muy esperado en Israel, llega horas despu\u00e9s de que el presidente del pa\u00eds, Reuven Rivlin, ordenara al Parlamento que encuentre un primer ministro, despu\u00e9s de que ni Netanyahu ni su rival Benny Gantz lograran formar gobierno tras las elecciones de septiembre.<\/p>\n<p style=\"text-align: justify\">&#8220;Este es un d\u00eda muy triste para Israel&#8221; declar\u00f3 Gantz, al reaccionar ante la imputaci\u00f3n de Netanyahu.<\/p>\n<p style=\"text-align: justify\">En el llamado &#8220;caso 4000&#8221;, Netanyahu es sospechoso de haber otorgado favores gubernamentales que pudieron aportar millones de d\u00f3lares al jefe de la sociedad de telecomunicaciones Bezeq, a cambio de una cobertura medi\u00e1tica favorable por parte de uno de los \u00f3rganos del grupo, el sitio Walla.<\/p>\n<p style=\"text-align: justify\">El fiscal tambi\u00e9n decidi\u00f3 inculpar a Netanyahu por &#8220;fraude y abuso de confianza&#8221; en otros dos casos.<\/p>\n<p style=\"text-align: justify\">En el &#8220;expediente 1000&#8221;, se acusa a Netanyahu de haber recibido m\u00e1s de 700 mil s\u00e9queles (unos 185 mil euros) de regalos de parte de riqu\u00edsimas personalidades, en especial del productor Arnon Milchan y del millonario australiano James Packer, a cambio de favores financieros o personales.<\/p>\n<p style=\"text-align: justify\">En el &#8220;caso 2000&#8221;, el primer ministro es sospechoso de haber tratado de lograr una cobertura favorable en el mayor diario de pago de Israel, el Yediot Aharonot.<\/p>\n<p style=\"text-align: justify\">Tras las elecciones legislativas de septiembre, los jefes de los dos principales partidos del pa\u00eds, Netanyahu, el derechista Likud, y Benny Gantz, del centrista Azul-Blanco, fracasaran en su intento de formar un gobierno.<\/p>\n<p style=\"text-align: justify\">Rivlin encarg\u00f3 entonces este jueves a Yuli Yoel Edelstein, presidente del Parlamento que encuentre a una personalidad apta para dirigir un futuro ejecutivo.<\/p>\n<p style=\"text-align: justify\">Edelstein recibe este mandato en nombre del parlamento, que tiene hasta el 11 de diciembre, para presentar a Rivlin un documento firmado por al menos 61 de los 120 diputados, que se comprometan a apoyar a uno de ellos para el cargo de primer ministro.<\/p>\n<p style=\"text-align: justify\">&#8220;El Estado de Israel atraviesa un per\u00edodo sombr\u00edo de su historia&#8221;, hab\u00eda dicho temprano el presidente ante el parlamento, e inst\u00f3 a los disputados a actuar de forma &#8220;responsable&#8221; para evitar unas terceras elecciones en un a\u00f1o, tras las de abril y septiembre, que no hicieron posible la formaci\u00f3n de un gobierno.<\/p>\n<p style=\"text-align: justify\">La imputaci\u00f3n de Netanyahu podr\u00eda reducir sus posibilidades de conseguir apoyos en la Kn\u00e9set, el parlamento israel\u00ed.<\/p>\n<p style=\"text-align: justify\">Seg\u00fan la ley israel\u00ed, Netanyahu puede permanecer como primer ministro a pesar de esta inculpaci\u00f3n, pero no puede ser un simple ministro en un posible gobierno de coalici\u00f3n.<\/p>\n<p style=\"text-align: justify\">Netanyahu est\u00e1 apoyado por un bloque de derecha y religioso que suma 54 diputados.<\/p>\n<p style=\"text-align: justify\">Gantz tiene el apoyo de formaciones de centro-izquierda y tambi\u00e9n de diputados \u00e1rabes, aunque \u00e9stos no integrar\u00edan su ejecutivo.<\/p>\n<p style=\"text-align: justify\">Aunque no lograron formar gobierno Netanyahu y Gantz podr\u00edan recibir otra vez el encargo de hacerlo, y ello abrir\u00eda la v\u00eda a nuevas negociaciones.<\/p>\n<p style=\"text-align: justify\">&#8220;Netanyahu privilegia sus intereses personales&#8221; cuando la &#8220;mayor\u00eda del pueblo vot\u00f3 por una pol\u00edtica diferente a la suya&#8221;, declar\u00f3 el mi\u00e9rcoles Gantz, tras anunciar que fue incapaz de formar gobierno.<\/p>\n<p style=\"text-align: justify\">Gantz acus\u00f3 a Netanyahu de haber erigido un &#8220;muro&#8221; para impedirle dirigir el pa\u00eds.<\/p>\n<p style=\"text-align: justify\">Temprano este jueves, Netanyahu invit\u00f3 a Gantz a entablar negociaciones directas &#8220;sin condiciones previas&#8221;. &#8220;Debemos hacer un \u00faltimo esfuerzo para formar juntos un gobierno de uni\u00f3n&#8221;, hab\u00eda dicho.<\/p>\n<p style=\"text-align: justify\">Antes de que Netanyahu fuera inculpado, Gantz dijo rehusar compartir el poder con alguien que sea imputado.<\/p>\n","protected":false},"excerpt":{"rendered":"<p>Acusa al primer ministro de corrupci\u00f3n, fraude y abuso de confianza Israel.- El fiscal general israel\u00ed inculp\u00f3 este jueves por corrupci\u00f3n, fraude y abuso de confianza al primer ministro Benjamin Netanyahu, inform\u00f3 el ministerio de Justicia. Avichai Mandelblit &#8220;decidi\u00f3 presentar cargos contra el primer ministro Benjamin Netanyahu&#8221; indic\u00f3 el ministerio. El anuncio, muy esperado en [&hellip;]<\/p>\n","protected":false},"author":2,"featured_media":83377,"comment_status":"open","ping_status":"open","sticky":false,"template":"","format":"standard","meta":{"footnotes":""},"categories":[18],"tags":[],"class_list":["post-83372","post","type-post","status-publish","format-standard","has-post-thumbnail","hentry","category-internacional"],"yoast_head":"<!-- This site is optimized with the Yoast SEO plugin v27.5 - https:\/\/yoast.com\/product\/yoast-seo-wordpress\/ -->\n<title>Fiscal\u00eda de Israel presenta cargos contra Netanyahu - Canal 7 SLP - 2019<\/title>\n<meta name=\"robots\" content=\"index, follow, max-snippet:-1, max-image-preview:large, max-video-preview:-1\" \/>\n<link rel=\"canonical\" href=\"https:\/\/canal7slp.tv\/2019\/fiscalia-de-israel-presenta-cargos-contra-netanyahu\/\" \/>\n<meta property=\"og:locale\" content=\"es_ES\" \/>\n<meta property=\"og:type\" content=\"article\" \/>\n<meta property=\"og:title\" content=\"Fiscal\u00eda de Israel presenta cargos contra Netanyahu - Canal 7 SLP - 2019\" \/>\n<meta property=\"og:description\" content=\"Acusa al primer ministro de corrupci\u00f3n, fraude y abuso de confianza Israel.- El fiscal general israel\u00ed inculp\u00f3 este jueves por corrupci\u00f3n, fraude y abuso de confianza al primer ministro Benjamin Netanyahu, inform\u00f3 el ministerio de Justicia. Avichai Mandelblit &#8220;decidi\u00f3 presentar cargos contra el primer ministro Benjamin Netanyahu&#8221; indic\u00f3 el ministerio. El anuncio, muy esperado en [&hellip;]\" \/>\n<meta property=\"og:url\" content=\"https:\/\/canal7slp.tv\/2019\/fiscalia-de-israel-presenta-cargos-contra-netanyahu\/\" \/>\n<meta property=\"og:site_name\" content=\"Canal 7 SLP - 2019\" \/>\n<meta property=\"article:publisher\" content=\"https:\/\/www.facebook.com\/CANAL7SLP\/\" \/>\n<meta property=\"article:published_time\" content=\"2019-11-21T20:09:47+00:00\" \/>\n<meta property=\"og:image\" content=\"https:\/\/canal7slp.tv\/2019\/wp-content\/uploads\/2019\/11\/1600-18.jpg\" \/>\n\t<meta property=\"og:image:width\" content=\"770\" \/>\n\t<meta property=\"og:image:height\" content=\"485\" \/>\n\t<meta property=\"og:image:type\" content=\"image\/jpeg\" \/>\n<meta name=\"author\" content=\"edicionweb\" \/>\n<meta name=\"twitter:card\" content=\"summary_large_image\" \/>\n<meta name=\"twitter:creator\" content=\"@canal7_slp\" \/>\n<meta name=\"twitter:site\" content=\"@canal7_slp\" \/>\n<meta name=\"twitter:label1\" content=\"Escrito por\" \/>\n\t<meta name=\"twitter:data1\" content=\"edicionweb\" \/>\n\t<meta name=\"twitter:label2\" content=\"Tiempo de lectura\" \/>\n\t<meta name=\"twitter:data2\" content=\"3 minutos\" \/>\n<script type=\"application\/ld+json\" class=\"yoast-schema-graph\">{\"@context\":\"https:\\\/\\\/schema.org\",\"@graph\":[{\"@type\":\"Article\",\"@id\":\"https:\\\/\\\/canal7slp.tv\\\/2019\\\/fiscalia-de-israel-presenta-cargos-contra-netanyahu\\\/#article\",\"isPartOf\":{\"@id\":\"https:\\\/\\\/canal7slp.tv\\\/2019\\\/fiscalia-de-israel-presenta-cargos-contra-netanyahu\\\/\"},\"author\":{\"name\":\"edicionweb\",\"@id\":\"https:\\\/\\\/canal7slp.tv\\\/2019\\\/#\\\/schema\\\/person\\\/11d941c1c6ca30ac0a46b95fa37aa2e3\"},\"headline\":\"Fiscal\u00eda de Israel presenta cargos contra Netanyahu\",\"datePublished\":\"2019-11-21T20:09:47+00:00\",\"mainEntityOfPage\":{\"@id\":\"https:\\\/\\\/canal7slp.tv\\\/2019\\\/fiscalia-de-israel-presenta-cargos-contra-netanyahu\\\/\"},\"wordCount\":627,\"commentCount\":0,\"publisher\":{\"@id\":\"https:\\\/\\\/canal7slp.tv\\\/2019\\\/#organization\"},\"image\":{\"@id\":\"https:\\\/\\\/canal7slp.tv\\\/2019\\\/fiscalia-de-israel-presenta-cargos-contra-netanyahu\\\/#primaryimage\"},\"thumbnailUrl\":\"https:\\\/\\\/canal7slp.tv\\\/2019\\\/wp-content\\\/uploads\\\/2019\\\/11\\\/1600-18.jpg\",\"articleSection\":[\"INTERNACIONAL\"],\"inLanguage\":\"es\",\"potentialAction\":[{\"@type\":\"CommentAction\",\"name\":\"Comment\",\"target\":[\"https:\\\/\\\/canal7slp.tv\\\/2019\\\/fiscalia-de-israel-presenta-cargos-contra-netanyahu\\\/#respond\"]}]},{\"@type\":\"WebPage\",\"@id\":\"https:\\\/\\\/canal7slp.tv\\\/2019\\\/fiscalia-de-israel-presenta-cargos-contra-netanyahu\\\/\",\"url\":\"https:\\\/\\\/canal7slp.tv\\\/2019\\\/fiscalia-de-israel-presenta-cargos-contra-netanyahu\\\/\",\"name\":\"Fiscal\u00eda de Israel presenta cargos contra Netanyahu - Canal 7 SLP - 2019\",\"isPartOf\":{\"@id\":\"https:\\\/\\\/canal7slp.tv\\\/2019\\\/#website\"},\"primaryImageOfPage\":{\"@id\":\"https:\\\/\\\/canal7slp.tv\\\/2019\\\/fiscalia-de-israel-presenta-cargos-contra-netanyahu\\\/#primaryimage\"},\"image\":{\"@id\":\"https:\\\/\\\/canal7slp.tv\\\/2019\\\/fiscalia-de-israel-presenta-cargos-contra-netanyahu\\\/#primaryimage\"},\"thumbnailUrl\":\"https:\\\/\\\/canal7slp.tv\\\/2019\\\/wp-content\\\/uploads\\\/2019\\\/11\\\/1600-18.jpg\",\"datePublished\":\"2019-11-21T20:09:47+00:00\",\"breadcrumb\":{\"@id\":\"https:\\\/\\\/canal7slp.tv\\\/2019\\\/fiscalia-de-israel-presenta-cargos-contra-netanyahu\\\/#breadcrumb\"},\"inLanguage\":\"es\",\"potentialAction\":[{\"@type\":\"ReadAction\",\"target\":[\"https:\\\/\\\/canal7slp.tv\\\/2019\\\/fiscalia-de-israel-presenta-cargos-contra-netanyahu\\\/\"]}]},{\"@type\":\"ImageObject\",\"inLanguage\":\"es\",\"@id\":\"https:\\\/\\\/canal7slp.tv\\\/2019\\\/fiscalia-de-israel-presenta-cargos-contra-netanyahu\\\/#primaryimage\",\"url\":\"https:\\\/\\\/canal7slp.tv\\\/2019\\\/wp-content\\\/uploads\\\/2019\\\/11\\\/1600-18.jpg\",\"contentUrl\":\"https:\\\/\\\/canal7slp.tv\\\/2019\\\/wp-content\\\/uploads\\\/2019\\\/11\\\/1600-18.jpg\",\"width\":770,\"height\":485},{\"@type\":\"BreadcrumbList\",\"@id\":\"https:\\\/\\\/canal7slp.tv\\\/2019\\\/fiscalia-de-israel-presenta-cargos-contra-netanyahu\\\/#breadcrumb\",\"itemListElement\":[{\"@type\":\"ListItem\",\"position\":1,\"name\":\"Home\",\"item\":\"https:\\\/\\\/canal7slp.tv\\\/2019\\\/\"},{\"@type\":\"ListItem\",\"position\":2,\"name\":\"Fiscal\u00eda de Israel presenta cargos contra Netanyahu\"}]},{\"@type\":\"WebSite\",\"@id\":\"https:\\\/\\\/canal7slp.tv\\\/2019\\\/#website\",\"url\":\"https:\\\/\\\/canal7slp.tv\\\/2019\\\/\",\"name\":\"Canal 7 SLP - Somos TV\",\"description\":\"Somos un Canal de 10\",\"publisher\":{\"@id\":\"https:\\\/\\\/canal7slp.tv\\\/2019\\\/#organization\"},\"potentialAction\":[{\"@type\":\"SearchAction\",\"target\":{\"@type\":\"EntryPoint\",\"urlTemplate\":\"https:\\\/\\\/canal7slp.tv\\\/2019\\\/?s={search_term_string}\"},\"query-input\":{\"@type\":\"PropertyValueSpecification\",\"valueRequired\":true,\"valueName\":\"search_term_string\"}}],\"inLanguage\":\"es\"},{\"@type\":\"Organization\",\"@id\":\"https:\\\/\\\/canal7slp.tv\\\/2019\\\/#organization\",\"name\":\"Comunicaci\u00f3n 2000 S.A. de C.V.\",\"url\":\"https:\\\/\\\/canal7slp.tv\\\/2019\\\/\",\"logo\":{\"@type\":\"ImageObject\",\"inLanguage\":\"es\",\"@id\":\"https:\\\/\\\/canal7slp.tv\\\/2019\\\/#\\\/schema\\\/logo\\\/image\\\/\",\"url\":\"https:\\\/\\\/canal7slp.tv\\\/2019\\\/wp-content\\\/uploads\\\/2019\\\/07\\\/logo-c7.png\",\"contentUrl\":\"https:\\\/\\\/canal7slp.tv\\\/2019\\\/wp-content\\\/uploads\\\/2019\\\/07\\\/logo-c7.png\",\"width\":220,\"height\":60,\"caption\":\"Comunicaci\u00f3n 2000 S.A. de C.V.\"},\"image\":{\"@id\":\"https:\\\/\\\/canal7slp.tv\\\/2019\\\/#\\\/schema\\\/logo\\\/image\\\/\"},\"sameAs\":[\"https:\\\/\\\/www.facebook.com\\\/CANAL7SLP\\\/\",\"https:\\\/\\\/x.com\\\/canal7_slp\",\"https:\\\/\\\/www.instagram.com\\\/canal7_slp\",\"https:\\\/\\\/www.youtube.com\\\/user\\\/NOTICIEROSCANAL7SLP\\\/\"]},{\"@type\":\"Person\",\"@id\":\"https:\\\/\\\/canal7slp.tv\\\/2019\\\/#\\\/schema\\\/person\\\/11d941c1c6ca30ac0a46b95fa37aa2e3\",\"name\":\"edicionweb\",\"image\":{\"@type\":\"ImageObject\",\"inLanguage\":\"es\",\"@id\":\"https:\\\/\\\/secure.gravatar.com\\\/avatar\\\/eee448fc3f7164808013b816ba91ac7e43bbe82a70bebac296f8bc6f0addaa1a?s=96&d=mm&r=g\",\"url\":\"https:\\\/\\\/secure.gravatar.com\\\/avatar\\\/eee448fc3f7164808013b816ba91ac7e43bbe82a70bebac296f8bc6f0addaa1a?s=96&d=mm&r=g\",\"contentUrl\":\"https:\\\/\\\/secure.gravatar.com\\\/avatar\\\/eee448fc3f7164808013b816ba91ac7e43bbe82a70bebac296f8bc6f0addaa1a?s=96&d=mm&r=g\",\"caption\":\"edicionweb\"}}]}<\/script>\n<!-- \/ Yoast SEO plugin. -->","yoast_head_json":{"title":"Fiscal\u00eda de Israel presenta cargos contra Netanyahu - Canal 7 SLP - 2019","robots":{"index":"index","follow":"follow","max-snippet":"max-snippet:-1","max-image-preview":"max-image-preview:large","max-video-preview":"max-video-preview:-1"},"canonical":"https:\/\/canal7slp.tv\/2019\/fiscalia-de-israel-presenta-cargos-contra-netanyahu\/","og_locale":"es_ES","og_type":"article","og_title":"Fiscal\u00eda de Israel presenta cargos contra Netanyahu - Canal 7 SLP - 2019","og_description":"Acusa al primer ministro de corrupci\u00f3n, fraude y abuso de confianza Israel.- El fiscal general israel\u00ed inculp\u00f3 este jueves por corrupci\u00f3n, fraude y abuso de confianza al primer ministro Benjamin Netanyahu, inform\u00f3 el ministerio de Justicia. Avichai Mandelblit &#8220;decidi\u00f3 presentar cargos contra el primer ministro Benjamin Netanyahu&#8221; indic\u00f3 el ministerio. El anuncio, muy esperado en [&hellip;]","og_url":"https:\/\/canal7slp.tv\/2019\/fiscalia-de-israel-presenta-cargos-contra-netanyahu\/","og_site_name":"Canal 7 SLP - 2019","article_publisher":"https:\/\/www.facebook.com\/CANAL7SLP\/","article_published_time":"2019-11-21T20:09:47+00:00","og_image":[{"width":770,"height":485,"url":"https:\/\/canal7slp.tv\/2019\/wp-content\/uploads\/2019\/11\/1600-18.jpg","type":"image\/jpeg"}],"author":"edicionweb","twitter_card":"summary_large_image","twitter_creator":"@canal7_slp","twitter_site":"@canal7_slp","twitter_misc":{"Escrito por":"edicionweb","Tiempo de lectura":"3 minutos"},"schema":{"@context":"https:\/\/schema.org","@graph":[{"@type":"Article","@id":"https:\/\/canal7slp.tv\/2019\/fiscalia-de-israel-presenta-cargos-contra-netanyahu\/#article","isPartOf":{"@id":"https:\/\/canal7slp.tv\/2019\/fiscalia-de-israel-presenta-cargos-contra-netanyahu\/"},"author":{"name":"edicionweb","@id":"https:\/\/canal7slp.tv\/2019\/#\/schema\/person\/11d941c1c6ca30ac0a46b95fa37aa2e3"},"headline":"Fiscal\u00eda de Israel presenta cargos contra Netanyahu","datePublished":"2019-11-21T20:09:47+00:00","mainEntityOfPage":{"@id":"https:\/\/canal7slp.tv\/2019\/fiscalia-de-israel-presenta-cargos-contra-netanyahu\/"},"wordCount":627,"commentCount":0,"publisher":{"@id":"https:\/\/canal7slp.tv\/2019\/#organization"},"image":{"@id":"https:\/\/canal7slp.tv\/2019\/fiscalia-de-israel-presenta-cargos-contra-netanyahu\/#primaryimage"},"thumbnailUrl":"https:\/\/canal7slp.tv\/2019\/wp-content\/uploads\/2019\/11\/1600-18.jpg","articleSection":["INTERNACIONAL"],"inLanguage":"es","potentialAction":[{"@type":"CommentAction","name":"Comment","target":["https:\/\/canal7slp.tv\/2019\/fiscalia-de-israel-presenta-cargos-contra-netanyahu\/#respond"]}]},{"@type":"WebPage","@id":"https:\/\/canal7slp.tv\/2019\/fiscalia-de-israel-presenta-cargos-contra-netanyahu\/","url":"https:\/\/canal7slp.tv\/2019\/fiscalia-de-israel-presenta-cargos-contra-netanyahu\/","name":"Fiscal\u00eda de Israel presenta cargos contra Netanyahu - Canal 7 SLP - 2019","isPartOf":{"@id":"https:\/\/canal7slp.tv\/2019\/#website"},"primaryImageOfPage":{"@id":"https:\/\/canal7slp.tv\/2019\/fiscalia-de-israel-presenta-cargos-contra-netanyahu\/#primaryimage"},"image":{"@id":"https:\/\/canal7slp.tv\/2019\/fiscalia-de-israel-presenta-cargos-contra-netanyahu\/#primaryimage"},"thumbnailUrl":"https:\/\/canal7slp.tv\/2019\/wp-content\/uploads\/2019\/11\/1600-18.jpg","datePublished":"2019-11-21T20:09:47+00:00","breadcrumb":{"@id":"https:\/\/canal7slp.tv\/2019\/fiscalia-de-israel-presenta-cargos-contra-netanyahu\/#breadcrumb"},"inLanguage":"es","potentialAction":[{"@type":"ReadAction","target":["https:\/\/canal7slp.tv\/2019\/fiscalia-de-israel-presenta-cargos-contra-netanyahu\/"]}]},{"@type":"ImageObject","inLanguage":"es","@id":"https:\/\/canal7slp.tv\/2019\/fiscalia-de-israel-presenta-cargos-contra-netanyahu\/#primaryimage","url":"https:\/\/canal7slp.tv\/2019\/wp-content\/uploads\/2019\/11\/1600-18.jpg","contentUrl":"https:\/\/canal7slp.tv\/2019\/wp-content\/uploads\/2019\/11\/1600-18.jpg","width":770,"height":485},{"@type":"BreadcrumbList","@id":"https:\/\/canal7slp.tv\/2019\/fiscalia-de-israel-presenta-cargos-contra-netanyahu\/#breadcrumb","itemListElement":[{"@type":"ListItem","position":1,"name":"Home","item":"https:\/\/canal7slp.tv\/2019\/"},{"@type":"ListItem","position":2,"name":"Fiscal\u00eda de Israel presenta cargos contra Netanyahu"}]},{"@type":"WebSite","@id":"https:\/\/canal7slp.tv\/2019\/#website","url":"https:\/\/canal7slp.tv\/2019\/","name":"Canal 7 SLP - Somos TV","description":"Somos un Canal de 10","publisher":{"@id":"https:\/\/canal7slp.tv\/2019\/#organization"},"potentialAction":[{"@type":"SearchAction","target":{"@type":"EntryPoint","urlTemplate":"https:\/\/canal7slp.tv\/2019\/?s={search_term_string}"},"query-input":{"@type":"PropertyValueSpecification","valueRequired":true,"valueName":"search_term_string"}}],"inLanguage":"es"},{"@type":"Organization","@id":"https:\/\/canal7slp.tv\/2019\/#organization","name":"Comunicaci\u00f3n 2000 S.A. de C.V.","url":"https:\/\/canal7slp.tv\/2019\/","logo":{"@type":"ImageObject","inLanguage":"es","@id":"https:\/\/canal7slp.tv\/2019\/#\/schema\/logo\/image\/","url":"https:\/\/canal7slp.tv\/2019\/wp-content\/uploads\/2019\/07\/logo-c7.png","contentUrl":"https:\/\/canal7slp.tv\/2019\/wp-content\/uploads\/2019\/07\/logo-c7.png","width":220,"height":60,"caption":"Comunicaci\u00f3n 2000 S.A. de C.V."},"image":{"@id":"https:\/\/canal7slp.tv\/2019\/#\/schema\/logo\/image\/"},"sameAs":["https:\/\/www.facebook.com\/CANAL7SLP\/","https:\/\/x.com\/canal7_slp","https:\/\/www.instagram.com\/canal7_slp","https:\/\/www.youtube.com\/user\/NOTICIEROSCANAL7SLP\/"]},{"@type":"Person","@id":"https:\/\/canal7slp.tv\/2019\/#\/schema\/person\/11d941c1c6ca30ac0a46b95fa37aa2e3","name":"edicionweb","image":{"@type":"ImageObject","inLanguage":"es","@id":"https:\/\/secure.gravatar.com\/avatar\/eee448fc3f7164808013b816ba91ac7e43bbe82a70bebac296f8bc6f0addaa1a?s=96&d=mm&r=g","url":"https:\/\/secure.gravatar.com\/avatar\/eee448fc3f7164808013b816ba91ac7e43bbe82a70bebac296f8bc6f0addaa1a?s=96&d=mm&r=g","contentUrl":"https:\/\/secure.gravatar.com\/avatar\/eee448fc3f7164808013b816ba91ac7e43bbe82a70bebac296f8bc6f0addaa1a?s=96&d=mm&r=g","caption":"edicionweb"}}]}},"amp_enabled":true,"cmb2":{"video_ids_in_playlist":{"vid_p_videos":""},"video_ids_in_channel":{"vid_c_videos":""},"playlist_ids_in_channel":{"vid_c_playlists":""},"series_ids_in_channel":{"vid_c_series":""},"channel_images":{"vid_c_logo":"","vid_c_banner":""},"poster_feature_image":{"vid_m_poster_image":""},"gif_feature_image":{"vid_m_gif_image":""},"video_movie_settings":{"vid_m_director":"","vid_m_actor":"","vid_m_imdb_ratings":"","vid_m_amazon_associates":""},"vid_youtube_broadcasts_settings":{"vid_yb_broadcast_title":"","vid_yb_q":"","vid_yb_channelid":"","vid_yb_videocategoryid":"","vid_yb_maxresults":"","vid_yb_order":"","vid_yb_regioncode":"","vid_yb_videosyndicated":"","vid_yb_style":"","vid_yb_reload_first":""},"video_series_settings":{"vid_m_director":"","vid_m_actor":"","vid_m_imdb_ratings":"","video_series_group":""},"amazon_associates_settings":{"amazon_associates":"","amazon_native_ad":""},"vid_youtube_automatic_settings":{"vid_ya_youtube_source":"","vid_ya_update_every":"","vid_ya_update_unit":"","vid_ya_categories":"","vid_ya_published_after":"","vid_ya_published_before":"","vid_ya_playlists":"","vid_ya_channels":"","vid_ya_director":"","vid_ya_actor":"","vid_ya_author":"","vid_ya_import_post_date":"","vid_ya_status":"","vid_ya_sub_api_key":""},"vid_ads_m_videoads_settings_post":{"vid_ads_m_video_ads":"","vid_ads_m_video_ads_type":"","vid_ads_m_group_google_ima":"","vid_ads_m_group_image":"","vid_ads_m_group_html5_video":"","vid_ads_m_group_html":"","vid_ads_m_vast_preroll":"","vid_ads_m_vast_postroll":"","vid_ads_m_vast_pauseroll":"","vid_ads_m_vast_midroll":[{"vid_ads_m_vast_timer_seconds":"50"}],"vid_ads_m_time_to_show_ads":"","vid_ads_m_time_skip_ads":"","vid_ads_m_time_to_hide_ads":""},"page_slider_settings":{"display_slider_group":"","page_slider_group":""},"blog_page_settings":{"blog_page_title":"","blog_page_heading":"","blog_page_ic":"","blog_page_it":"","blog_page_ec":"","blog_page_ip":"","archive_loop_style":"","blog_image_ratio":"","blog_show_categories":"","blog_show_excerpt":"","blog_show_author":"","blog_show_date":"","blog_show_comment_count":"","blog_show_view_count":"","blog_show_like_count":"","blog_show_dislike_count":"","blog_items_per_page":"","blog_pag_type":""},"page_options":{"get_page_template":"","color_mode":"","main_layout":"","main_layout_full_with":"","main_logo":"","main_logo_retina":"","main_logo_mobile":"","main_logo_mobile_retina":"","sticky_logo":"","sticky_logo_retina":"","main_nav_layout":"","ajax_search":"","header_background":"","theme_sidebar":"","instagram_feed":"","instagram_feed_position":"","popular_videos":"","popular_videos_title_1":"","popular_videos_title_2":"","popular_videos_ic":"","popular_videos_it":"","theme_background":"","page_custom_css":""},"feature_image_settings":{"feature_image_position":""},"video_player_settings":{"single_video_style":"","video_player_position":"","vm_video_url":"","video_player_library":"","video_streaming":"","vm_media_sources":"","vid_auto_play":"","vm_video_shortcode":"","vid_p_sync_playlist":"","vid_c_sync_channel":"","get_post_format":"","multiple_links_structure":"default","multi_links_title":"","vm_video_multi_links":"","vm_duration":"","vid_social_locker":"off","vid_social_locker_id":"","vid_membership_action":"content-video","vm_video_trailer_url":"","vid_download_type":"free","vid_download_target":"download","vid_woo_product":"","vm_media_download":"","user_rating":"","user_rating_position":"","user_rating_mode":"","user_rating_multi_sets":""},"video_auto_fetch_settings":{"vm_video_fetch":"on"},"video_fake_views_likes":{"vm_fake_views":"","vm_fake_likes":"","vm_fake_dislikes":""},"gallery_settings":{"gallery_position":""},"quote_settings":{"quote_position":""},"post_options":{"main_layout":"","main_logo":"","main_logo_retina":"","main_logo_mobile":"","main_logo_mobile_retina":"","sticky_logo":"","sticky_logo_retina":"","main_nav_layout":"","header_background":"","theme_sidebar":"","single_post_comment_type":"","theme_background":""}},"_links":{"self":[{"href":"https:\/\/canal7slp.tv\/2019\/wp-json\/wp\/v2\/posts\/83372","targetHints":{"allow":["GET"]}}],"collection":[{"href":"https:\/\/canal7slp.tv\/2019\/wp-json\/wp\/v2\/posts"}],"about":[{"href":"https:\/\/canal7slp.tv\/2019\/wp-json\/wp\/v2\/types\/post"}],"author":[{"embeddable":true,"href":"https:\/\/canal7slp.tv\/2019\/wp-json\/wp\/v2\/users\/2"}],"replies":[{"embeddable":true,"href":"https:\/\/canal7slp.tv\/2019\/wp-json\/wp\/v2\/comments?post=83372"}],"version-history":[{"count":0,"href":"https:\/\/canal7slp.tv\/2019\/wp-json\/wp\/v2\/posts\/83372\/revisions"}],"wp:featuredmedia":[{"embeddable":true,"href":"https:\/\/canal7slp.tv\/2019\/wp-json\/wp\/v2\/media\/83377"}],"wp:attachment":[{"href":"https:\/\/canal7slp.tv\/2019\/wp-json\/wp\/v2\/media?parent=83372"}],"wp:term":[{"taxonomy":"category","embeddable":true,"href":"https:\/\/canal7slp.tv\/2019\/wp-json\/wp\/v2\/categories?post=83372"},{"taxonomy":"post_tag","embeddable":true,"href":"https:\/\/canal7slp.tv\/2019\/wp-json\/wp\/v2\/tags?post=83372"}],"curies":[{"name":"wp","href":"https:\/\/api.w.org\/{rel}","templated":true}]}}