{"id":83230,"date":"2019-11-20T19:23:20","date_gmt":"2019-11-21T01:23:20","guid":{"rendered":"https:\/\/canal7slp.tv\/2019\/?p=83230"},"modified":"2019-11-20T19:23:20","modified_gmt":"2019-11-21T01:23:20","slug":"ipba-presentara-la-tercera-muestra-de-danza-carmen-alvarado","status":"publish","type":"post","link":"https:\/\/canal7slp.tv\/2019\/ipba-presentara-la-tercera-muestra-de-danza-carmen-alvarado\/","title":{"rendered":"IPBA presentar\u00e1 la Tercera Muestra de Danza \u201cCarmen Alvarado\u201d"},"content":{"rendered":"<p style=\"text-align: justify\">SLP.- La Secretar\u00eda de Cultura (SECULT), a trav\u00e9s del Instituto Potosino de Bellas Artes (IPBA) invita a la Tercera Muestra de Danza \u201cCarmen Alvarado&#8221;, que tendr\u00e1 lugar el 29 y 30 de noviembre, que contempla dos presentaciones, una clase magistral y una conferencia.<\/p>\n<p style=\"text-align: justify\">Para esta edici\u00f3n se contar\u00e1 con la participaci\u00f3n de la Compa\u00f1\u00eda Nacional de Danza del INBAL, el Centro de Producci\u00f3n de Danza Contempor\u00e1nea CEPRODAC del INBAL, El Ballet Provincial de San Luis del IPBA, K\u00f6rper Dance, y FDR Dance, las actividades ser\u00e1n realizadas en las instalaciones del Instituto y contar\u00e1n con entrada libre.<\/p>\n<p style=\"text-align: justify\">La muestra nace como iniciativa de la actual administraci\u00f3n del Instituto Potosino de Bellas Artes con el objetivo de hacer un reconocimiento a la trayectoria de la maestra Carmen Alvarado; quien es uno de los personajes m\u00e1s representativos de la Instituci\u00f3n, directora del Ballet Provincial de San Luis del IPBA; as\u00ed como maestra y coordinadora del \u00e1rea de Danza del Instituto.<\/p>\n<p style=\"text-align: justify\">Este evento, que se ha realizado ya en dos ediciones anteriores, busca incentivar a los grupos de danza de San Luis Potos\u00ed por medio de compa\u00f1\u00edas y bailarines invitados profesionales que tienen una trayectoria dentro de la danza nacional.<\/p>\n<p style=\"text-align: justify\">A trav\u00e9s de las dos ediciones pasadas se ha logrado despertar el inter\u00e9s del p\u00fablico y generar compromiso de los grupos locales que han participado en la misma; proyectando el evento hacia una tradici\u00f3n del Instituto Potosino de Bellas Artes.<\/p>\n<p style=\"text-align: justify\">El viernes 29 de noviembre en punto de las 19:00 horas arranca la celebraci\u00f3n con la presentaci\u00f3n de la Compa\u00f1\u00eda Nacional de Danza del INBAL, con direcci\u00f3n art\u00edstica de Elisa Carrillo y Cuauht\u00e9moc N\u00e1jera y la participaci\u00f3n de la primera solista Elisa Ramos; el Ballet Provincial de San Luis del IPBA bajo la direcci\u00f3n de Carmen Alvarado, y K\u00f6rper Dance, con direcci\u00f3n de Macarena G\u00f3mez en el Teatro Arq. Marco Antonio Garfias de los Santos del Centro de Difusi\u00f3n Cultural Ra\u00fal Gamboa del IPBA.<\/p>\n<p style=\"text-align: justify\">El s\u00e1bado 30, a las 10:00 horas se ofrecer\u00e1 una clase magistral con los bailarines del Centro de Producci\u00f3n de Danza Contempor\u00e1nea CEPRODAC del INBAL, impartida por Guillermo Magall\u00f3n en el Aula \u201cLila L\u00f3pez&#8221; del IPBA. La entrada para esta clase es libre, con previo registro al correo: danza@ipba.com.mx.<\/p>\n<p style=\"text-align: justify\">\n\u200bEl mismo d\u00eda, contin\u00faan las actividades con la conferencia: &#8220;La atm\u00f3sfera en la danza contempor\u00e1nea: fen\u00f3meno de creaci\u00f3n y recepci\u00f3n de un arte vivo y ef\u00edmero&#8221; por Juan Hern\u00e1ndez Islas. Doctor en Historia del Arte, en punto de las 12:15 horas, tambi\u00e9n en el Aula Lila L\u00f3pez del Instituto.<\/p>\n<p style=\"text-align: justify\">Para concluir este gran homenaje, se ofrecer\u00e1 la presentaci\u00f3n del Centro de Producci\u00f3n de Danza Contempor\u00e1nea CEPRODAC del INBAL, bajo la direcci\u00f3n art\u00edstica de Marco Antonio Silva, FDR Dance, con direcci\u00f3n de Fernando Dom\u00ednguez y el Ballet Provincial de San Luis del IPBA, bajo la direcci\u00f3n de Carmen Alvarado; en punto de las 19:00 horas en el Teatro Arq. Marco Antonio Garfias de los Santos del Centro de Difusi\u00f3n Cultural Ra\u00fal Gamboa del IPBA, el s\u00e1bado 30 de noviembre.<\/p>\n<p style=\"text-align: justify\">Como se mencion\u00f3 anteriormente, las actividades en el marco de esta celebraci\u00f3n cuentan con entrada libre y se invita nuevamente a los aficionados de la danza a vivir de cerca este homenaje a la maestra Carmen Alvarado.<\/p>\n","protected":false},"excerpt":{"rendered":"<p>SLP.- La Secretar\u00eda de Cultura (SECULT), a trav\u00e9s del Instituto Potosino de Bellas Artes (IPBA) invita a la Tercera Muestra de Danza \u201cCarmen Alvarado&#8221;, que tendr\u00e1 lugar el 29 y 30 de noviembre, que contempla dos presentaciones, una clase magistral y una conferencia. Para esta edici\u00f3n se contar\u00e1 con la participaci\u00f3n de la Compa\u00f1\u00eda Nacional [&hellip;]<\/p>\n","protected":false},"author":2,"featured_media":83231,"comment_status":"open","ping_status":"open","sticky":false,"template":"","format":"standard","meta":{"footnotes":""},"categories":[17],"tags":[],"class_list":["post-83230","post","type-post","status-publish","format-standard","has-post-thumbnail","hentry","category-localesyregionales"],"yoast_head":"<!-- This site is optimized with the Yoast SEO plugin v27.5 - https:\/\/yoast.com\/product\/yoast-seo-wordpress\/ -->\n<title>IPBA presentar\u00e1 la Tercera Muestra de Danza \u201cCarmen Alvarado\u201d - Canal 7 SLP - 2019<\/title>\n<meta name=\"robots\" content=\"index, follow, max-snippet:-1, max-image-preview:large, max-video-preview:-1\" \/>\n<link rel=\"canonical\" href=\"https:\/\/canal7slp.tv\/2019\/ipba-presentara-la-tercera-muestra-de-danza-carmen-alvarado\/\" \/>\n<meta property=\"og:locale\" content=\"es_ES\" \/>\n<meta property=\"og:type\" content=\"article\" \/>\n<meta property=\"og:title\" content=\"IPBA presentar\u00e1 la Tercera Muestra de Danza \u201cCarmen Alvarado\u201d - Canal 7 SLP - 2019\" \/>\n<meta property=\"og:description\" content=\"SLP.- La Secretar\u00eda de Cultura (SECULT), a trav\u00e9s del Instituto Potosino de Bellas Artes (IPBA) invita a la Tercera Muestra de Danza \u201cCarmen Alvarado&#8221;, que tendr\u00e1 lugar el 29 y 30 de noviembre, que contempla dos presentaciones, una clase magistral y una conferencia. Para esta edici\u00f3n se contar\u00e1 con la participaci\u00f3n de la Compa\u00f1\u00eda Nacional [&hellip;]\" \/>\n<meta property=\"og:url\" content=\"https:\/\/canal7slp.tv\/2019\/ipba-presentara-la-tercera-muestra-de-danza-carmen-alvarado\/\" \/>\n<meta property=\"og:site_name\" content=\"Canal 7 SLP - 2019\" \/>\n<meta property=\"article:publisher\" content=\"https:\/\/www.facebook.com\/CANAL7SLP\/\" \/>\n<meta property=\"article:published_time\" content=\"2019-11-21T01:23:20+00:00\" \/>\n<meta property=\"og:image\" content=\"https:\/\/canal7slp.tv\/2019\/wp-content\/uploads\/2019\/11\/2000b.png\" \/>\n\t<meta property=\"og:image:width\" content=\"900\" \/>\n\t<meta property=\"og:image:height\" content=\"695\" \/>\n\t<meta property=\"og:image:type\" content=\"image\/png\" \/>\n<meta name=\"author\" content=\"edicionweb\" \/>\n<meta name=\"twitter:card\" content=\"summary_large_image\" \/>\n<meta name=\"twitter:creator\" content=\"@canal7_slp\" \/>\n<meta name=\"twitter:site\" content=\"@canal7_slp\" \/>\n<meta name=\"twitter:label1\" content=\"Escrito por\" \/>\n\t<meta name=\"twitter:data1\" content=\"edicionweb\" \/>\n\t<meta name=\"twitter:label2\" content=\"Tiempo de lectura\" \/>\n\t<meta name=\"twitter:data2\" content=\"3 minutos\" \/>\n<script type=\"application\/ld+json\" class=\"yoast-schema-graph\">{\"@context\":\"https:\\\/\\\/schema.org\",\"@graph\":[{\"@type\":\"Article\",\"@id\":\"https:\\\/\\\/canal7slp.tv\\\/2019\\\/ipba-presentara-la-tercera-muestra-de-danza-carmen-alvarado\\\/#article\",\"isPartOf\":{\"@id\":\"https:\\\/\\\/canal7slp.tv\\\/2019\\\/ipba-presentara-la-tercera-muestra-de-danza-carmen-alvarado\\\/\"},\"author\":{\"name\":\"edicionweb\",\"@id\":\"https:\\\/\\\/canal7slp.tv\\\/2019\\\/#\\\/schema\\\/person\\\/11d941c1c6ca30ac0a46b95fa37aa2e3\"},\"headline\":\"IPBA presentar\u00e1 la Tercera Muestra de Danza \u201cCarmen Alvarado\u201d\",\"datePublished\":\"2019-11-21T01:23:20+00:00\",\"mainEntityOfPage\":{\"@id\":\"https:\\\/\\\/canal7slp.tv\\\/2019\\\/ipba-presentara-la-tercera-muestra-de-danza-carmen-alvarado\\\/\"},\"wordCount\":598,\"commentCount\":0,\"publisher\":{\"@id\":\"https:\\\/\\\/canal7slp.tv\\\/2019\\\/#organization\"},\"image\":{\"@id\":\"https:\\\/\\\/canal7slp.tv\\\/2019\\\/ipba-presentara-la-tercera-muestra-de-danza-carmen-alvarado\\\/#primaryimage\"},\"thumbnailUrl\":\"https:\\\/\\\/canal7slp.tv\\\/2019\\\/wp-content\\\/uploads\\\/2019\\\/11\\\/2000b.png\",\"articleSection\":[\"LOCALES Y REGIONALES\"],\"inLanguage\":\"es\",\"potentialAction\":[{\"@type\":\"CommentAction\",\"name\":\"Comment\",\"target\":[\"https:\\\/\\\/canal7slp.tv\\\/2019\\\/ipba-presentara-la-tercera-muestra-de-danza-carmen-alvarado\\\/#respond\"]}]},{\"@type\":\"WebPage\",\"@id\":\"https:\\\/\\\/canal7slp.tv\\\/2019\\\/ipba-presentara-la-tercera-muestra-de-danza-carmen-alvarado\\\/\",\"url\":\"https:\\\/\\\/canal7slp.tv\\\/2019\\\/ipba-presentara-la-tercera-muestra-de-danza-carmen-alvarado\\\/\",\"name\":\"IPBA presentar\u00e1 la Tercera Muestra de Danza \u201cCarmen Alvarado\u201d - Canal 7 SLP - 2019\",\"isPartOf\":{\"@id\":\"https:\\\/\\\/canal7slp.tv\\\/2019\\\/#website\"},\"primaryImageOfPage\":{\"@id\":\"https:\\\/\\\/canal7slp.tv\\\/2019\\\/ipba-presentara-la-tercera-muestra-de-danza-carmen-alvarado\\\/#primaryimage\"},\"image\":{\"@id\":\"https:\\\/\\\/canal7slp.tv\\\/2019\\\/ipba-presentara-la-tercera-muestra-de-danza-carmen-alvarado\\\/#primaryimage\"},\"thumbnailUrl\":\"https:\\\/\\\/canal7slp.tv\\\/2019\\\/wp-content\\\/uploads\\\/2019\\\/11\\\/2000b.png\",\"datePublished\":\"2019-11-21T01:23:20+00:00\",\"breadcrumb\":{\"@id\":\"https:\\\/\\\/canal7slp.tv\\\/2019\\\/ipba-presentara-la-tercera-muestra-de-danza-carmen-alvarado\\\/#breadcrumb\"},\"inLanguage\":\"es\",\"potentialAction\":[{\"@type\":\"ReadAction\",\"target\":[\"https:\\\/\\\/canal7slp.tv\\\/2019\\\/ipba-presentara-la-tercera-muestra-de-danza-carmen-alvarado\\\/\"]}]},{\"@type\":\"ImageObject\",\"inLanguage\":\"es\",\"@id\":\"https:\\\/\\\/canal7slp.tv\\\/2019\\\/ipba-presentara-la-tercera-muestra-de-danza-carmen-alvarado\\\/#primaryimage\",\"url\":\"https:\\\/\\\/canal7slp.tv\\\/2019\\\/wp-content\\\/uploads\\\/2019\\\/11\\\/2000b.png\",\"contentUrl\":\"https:\\\/\\\/canal7slp.tv\\\/2019\\\/wp-content\\\/uploads\\\/2019\\\/11\\\/2000b.png\",\"width\":900,\"height\":695},{\"@type\":\"BreadcrumbList\",\"@id\":\"https:\\\/\\\/canal7slp.tv\\\/2019\\\/ipba-presentara-la-tercera-muestra-de-danza-carmen-alvarado\\\/#breadcrumb\",\"itemListElement\":[{\"@type\":\"ListItem\",\"position\":1,\"name\":\"Home\",\"item\":\"https:\\\/\\\/canal7slp.tv\\\/2019\\\/\"},{\"@type\":\"ListItem\",\"position\":2,\"name\":\"IPBA presentar\u00e1 la Tercera Muestra de Danza \u201cCarmen Alvarado\u201d\"}]},{\"@type\":\"WebSite\",\"@id\":\"https:\\\/\\\/canal7slp.tv\\\/2019\\\/#website\",\"url\":\"https:\\\/\\\/canal7slp.tv\\\/2019\\\/\",\"name\":\"Canal 7 SLP - Somos TV\",\"description\":\"Somos un Canal de 10\",\"publisher\":{\"@id\":\"https:\\\/\\\/canal7slp.tv\\\/2019\\\/#organization\"},\"potentialAction\":[{\"@type\":\"SearchAction\",\"target\":{\"@type\":\"EntryPoint\",\"urlTemplate\":\"https:\\\/\\\/canal7slp.tv\\\/2019\\\/?s={search_term_string}\"},\"query-input\":{\"@type\":\"PropertyValueSpecification\",\"valueRequired\":true,\"valueName\":\"search_term_string\"}}],\"inLanguage\":\"es\"},{\"@type\":\"Organization\",\"@id\":\"https:\\\/\\\/canal7slp.tv\\\/2019\\\/#organization\",\"name\":\"Comunicaci\u00f3n 2000 S.A. de C.V.\",\"url\":\"https:\\\/\\\/canal7slp.tv\\\/2019\\\/\",\"logo\":{\"@type\":\"ImageObject\",\"inLanguage\":\"es\",\"@id\":\"https:\\\/\\\/canal7slp.tv\\\/2019\\\/#\\\/schema\\\/logo\\\/image\\\/\",\"url\":\"https:\\\/\\\/canal7slp.tv\\\/2019\\\/wp-content\\\/uploads\\\/2019\\\/07\\\/logo-c7.png\",\"contentUrl\":\"https:\\\/\\\/canal7slp.tv\\\/2019\\\/wp-content\\\/uploads\\\/2019\\\/07\\\/logo-c7.png\",\"width\":220,\"height\":60,\"caption\":\"Comunicaci\u00f3n 2000 S.A. de C.V.\"},\"image\":{\"@id\":\"https:\\\/\\\/canal7slp.tv\\\/2019\\\/#\\\/schema\\\/logo\\\/image\\\/\"},\"sameAs\":[\"https:\\\/\\\/www.facebook.com\\\/CANAL7SLP\\\/\",\"https:\\\/\\\/x.com\\\/canal7_slp\",\"https:\\\/\\\/www.instagram.com\\\/canal7_slp\",\"https:\\\/\\\/www.youtube.com\\\/user\\\/NOTICIEROSCANAL7SLP\\\/\"]},{\"@type\":\"Person\",\"@id\":\"https:\\\/\\\/canal7slp.tv\\\/2019\\\/#\\\/schema\\\/person\\\/11d941c1c6ca30ac0a46b95fa37aa2e3\",\"name\":\"edicionweb\",\"image\":{\"@type\":\"ImageObject\",\"inLanguage\":\"es\",\"@id\":\"https:\\\/\\\/secure.gravatar.com\\\/avatar\\\/eee448fc3f7164808013b816ba91ac7e43bbe82a70bebac296f8bc6f0addaa1a?s=96&d=mm&r=g\",\"url\":\"https:\\\/\\\/secure.gravatar.com\\\/avatar\\\/eee448fc3f7164808013b816ba91ac7e43bbe82a70bebac296f8bc6f0addaa1a?s=96&d=mm&r=g\",\"contentUrl\":\"https:\\\/\\\/secure.gravatar.com\\\/avatar\\\/eee448fc3f7164808013b816ba91ac7e43bbe82a70bebac296f8bc6f0addaa1a?s=96&d=mm&r=g\",\"caption\":\"edicionweb\"}}]}<\/script>\n<!-- \/ Yoast SEO plugin. -->","yoast_head_json":{"title":"IPBA presentar\u00e1 la Tercera Muestra de Danza \u201cCarmen Alvarado\u201d - Canal 7 SLP - 2019","robots":{"index":"index","follow":"follow","max-snippet":"max-snippet:-1","max-image-preview":"max-image-preview:large","max-video-preview":"max-video-preview:-1"},"canonical":"https:\/\/canal7slp.tv\/2019\/ipba-presentara-la-tercera-muestra-de-danza-carmen-alvarado\/","og_locale":"es_ES","og_type":"article","og_title":"IPBA presentar\u00e1 la Tercera Muestra de Danza \u201cCarmen Alvarado\u201d - Canal 7 SLP - 2019","og_description":"SLP.- La Secretar\u00eda de Cultura (SECULT), a trav\u00e9s del Instituto Potosino de Bellas Artes (IPBA) invita a la Tercera Muestra de Danza \u201cCarmen Alvarado&#8221;, que tendr\u00e1 lugar el 29 y 30 de noviembre, que contempla dos presentaciones, una clase magistral y una conferencia. Para esta edici\u00f3n se contar\u00e1 con la participaci\u00f3n de la Compa\u00f1\u00eda Nacional [&hellip;]","og_url":"https:\/\/canal7slp.tv\/2019\/ipba-presentara-la-tercera-muestra-de-danza-carmen-alvarado\/","og_site_name":"Canal 7 SLP - 2019","article_publisher":"https:\/\/www.facebook.com\/CANAL7SLP\/","article_published_time":"2019-11-21T01:23:20+00:00","og_image":[{"width":900,"height":695,"url":"https:\/\/canal7slp.tv\/2019\/wp-content\/uploads\/2019\/11\/2000b.png","type":"image\/png"}],"author":"edicionweb","twitter_card":"summary_large_image","twitter_creator":"@canal7_slp","twitter_site":"@canal7_slp","twitter_misc":{"Escrito por":"edicionweb","Tiempo de lectura":"3 minutos"},"schema":{"@context":"https:\/\/schema.org","@graph":[{"@type":"Article","@id":"https:\/\/canal7slp.tv\/2019\/ipba-presentara-la-tercera-muestra-de-danza-carmen-alvarado\/#article","isPartOf":{"@id":"https:\/\/canal7slp.tv\/2019\/ipba-presentara-la-tercera-muestra-de-danza-carmen-alvarado\/"},"author":{"name":"edicionweb","@id":"https:\/\/canal7slp.tv\/2019\/#\/schema\/person\/11d941c1c6ca30ac0a46b95fa37aa2e3"},"headline":"IPBA presentar\u00e1 la Tercera Muestra de Danza \u201cCarmen Alvarado\u201d","datePublished":"2019-11-21T01:23:20+00:00","mainEntityOfPage":{"@id":"https:\/\/canal7slp.tv\/2019\/ipba-presentara-la-tercera-muestra-de-danza-carmen-alvarado\/"},"wordCount":598,"commentCount":0,"publisher":{"@id":"https:\/\/canal7slp.tv\/2019\/#organization"},"image":{"@id":"https:\/\/canal7slp.tv\/2019\/ipba-presentara-la-tercera-muestra-de-danza-carmen-alvarado\/#primaryimage"},"thumbnailUrl":"https:\/\/canal7slp.tv\/2019\/wp-content\/uploads\/2019\/11\/2000b.png","articleSection":["LOCALES Y REGIONALES"],"inLanguage":"es","potentialAction":[{"@type":"CommentAction","name":"Comment","target":["https:\/\/canal7slp.tv\/2019\/ipba-presentara-la-tercera-muestra-de-danza-carmen-alvarado\/#respond"]}]},{"@type":"WebPage","@id":"https:\/\/canal7slp.tv\/2019\/ipba-presentara-la-tercera-muestra-de-danza-carmen-alvarado\/","url":"https:\/\/canal7slp.tv\/2019\/ipba-presentara-la-tercera-muestra-de-danza-carmen-alvarado\/","name":"IPBA presentar\u00e1 la Tercera Muestra de Danza \u201cCarmen Alvarado\u201d - Canal 7 SLP - 2019","isPartOf":{"@id":"https:\/\/canal7slp.tv\/2019\/#website"},"primaryImageOfPage":{"@id":"https:\/\/canal7slp.tv\/2019\/ipba-presentara-la-tercera-muestra-de-danza-carmen-alvarado\/#primaryimage"},"image":{"@id":"https:\/\/canal7slp.tv\/2019\/ipba-presentara-la-tercera-muestra-de-danza-carmen-alvarado\/#primaryimage"},"thumbnailUrl":"https:\/\/canal7slp.tv\/2019\/wp-content\/uploads\/2019\/11\/2000b.png","datePublished":"2019-11-21T01:23:20+00:00","breadcrumb":{"@id":"https:\/\/canal7slp.tv\/2019\/ipba-presentara-la-tercera-muestra-de-danza-carmen-alvarado\/#breadcrumb"},"inLanguage":"es","potentialAction":[{"@type":"ReadAction","target":["https:\/\/canal7slp.tv\/2019\/ipba-presentara-la-tercera-muestra-de-danza-carmen-alvarado\/"]}]},{"@type":"ImageObject","inLanguage":"es","@id":"https:\/\/canal7slp.tv\/2019\/ipba-presentara-la-tercera-muestra-de-danza-carmen-alvarado\/#primaryimage","url":"https:\/\/canal7slp.tv\/2019\/wp-content\/uploads\/2019\/11\/2000b.png","contentUrl":"https:\/\/canal7slp.tv\/2019\/wp-content\/uploads\/2019\/11\/2000b.png","width":900,"height":695},{"@type":"BreadcrumbList","@id":"https:\/\/canal7slp.tv\/2019\/ipba-presentara-la-tercera-muestra-de-danza-carmen-alvarado\/#breadcrumb","itemListElement":[{"@type":"ListItem","position":1,"name":"Home","item":"https:\/\/canal7slp.tv\/2019\/"},{"@type":"ListItem","position":2,"name":"IPBA presentar\u00e1 la Tercera Muestra de Danza \u201cCarmen Alvarado\u201d"}]},{"@type":"WebSite","@id":"https:\/\/canal7slp.tv\/2019\/#website","url":"https:\/\/canal7slp.tv\/2019\/","name":"Canal 7 SLP - Somos TV","description":"Somos un Canal de 10","publisher":{"@id":"https:\/\/canal7slp.tv\/2019\/#organization"},"potentialAction":[{"@type":"SearchAction","target":{"@type":"EntryPoint","urlTemplate":"https:\/\/canal7slp.tv\/2019\/?s={search_term_string}"},"query-input":{"@type":"PropertyValueSpecification","valueRequired":true,"valueName":"search_term_string"}}],"inLanguage":"es"},{"@type":"Organization","@id":"https:\/\/canal7slp.tv\/2019\/#organization","name":"Comunicaci\u00f3n 2000 S.A. de C.V.","url":"https:\/\/canal7slp.tv\/2019\/","logo":{"@type":"ImageObject","inLanguage":"es","@id":"https:\/\/canal7slp.tv\/2019\/#\/schema\/logo\/image\/","url":"https:\/\/canal7slp.tv\/2019\/wp-content\/uploads\/2019\/07\/logo-c7.png","contentUrl":"https:\/\/canal7slp.tv\/2019\/wp-content\/uploads\/2019\/07\/logo-c7.png","width":220,"height":60,"caption":"Comunicaci\u00f3n 2000 S.A. de C.V."},"image":{"@id":"https:\/\/canal7slp.tv\/2019\/#\/schema\/logo\/image\/"},"sameAs":["https:\/\/www.facebook.com\/CANAL7SLP\/","https:\/\/x.com\/canal7_slp","https:\/\/www.instagram.com\/canal7_slp","https:\/\/www.youtube.com\/user\/NOTICIEROSCANAL7SLP\/"]},{"@type":"Person","@id":"https:\/\/canal7slp.tv\/2019\/#\/schema\/person\/11d941c1c6ca30ac0a46b95fa37aa2e3","name":"edicionweb","image":{"@type":"ImageObject","inLanguage":"es","@id":"https:\/\/secure.gravatar.com\/avatar\/eee448fc3f7164808013b816ba91ac7e43bbe82a70bebac296f8bc6f0addaa1a?s=96&d=mm&r=g","url":"https:\/\/secure.gravatar.com\/avatar\/eee448fc3f7164808013b816ba91ac7e43bbe82a70bebac296f8bc6f0addaa1a?s=96&d=mm&r=g","contentUrl":"https:\/\/secure.gravatar.com\/avatar\/eee448fc3f7164808013b816ba91ac7e43bbe82a70bebac296f8bc6f0addaa1a?s=96&d=mm&r=g","caption":"edicionweb"}}]}},"amp_enabled":true,"cmb2":{"video_ids_in_playlist":{"vid_p_videos":""},"video_ids_in_channel":{"vid_c_videos":""},"playlist_ids_in_channel":{"vid_c_playlists":""},"series_ids_in_channel":{"vid_c_series":""},"channel_images":{"vid_c_logo":"","vid_c_banner":""},"poster_feature_image":{"vid_m_poster_image":""},"gif_feature_image":{"vid_m_gif_image":""},"video_movie_settings":{"vid_m_director":"","vid_m_actor":"","vid_m_imdb_ratings":"","vid_m_amazon_associates":""},"vid_youtube_broadcasts_settings":{"vid_yb_broadcast_title":"","vid_yb_q":"","vid_yb_channelid":"","vid_yb_videocategoryid":"","vid_yb_maxresults":"","vid_yb_order":"","vid_yb_regioncode":"","vid_yb_videosyndicated":"","vid_yb_style":"","vid_yb_reload_first":""},"video_series_settings":{"vid_m_director":"","vid_m_actor":"","vid_m_imdb_ratings":"","video_series_group":""},"amazon_associates_settings":{"amazon_associates":"","amazon_native_ad":""},"vid_youtube_automatic_settings":{"vid_ya_youtube_source":"","vid_ya_update_every":"","vid_ya_update_unit":"","vid_ya_categories":"","vid_ya_published_after":"","vid_ya_published_before":"","vid_ya_playlists":"","vid_ya_channels":"","vid_ya_director":"","vid_ya_actor":"","vid_ya_author":"","vid_ya_import_post_date":"","vid_ya_status":"","vid_ya_sub_api_key":""},"vid_ads_m_videoads_settings_post":{"vid_ads_m_video_ads":"","vid_ads_m_video_ads_type":"","vid_ads_m_group_google_ima":"","vid_ads_m_group_image":"","vid_ads_m_group_html5_video":"","vid_ads_m_group_html":"","vid_ads_m_vast_preroll":"","vid_ads_m_vast_postroll":"","vid_ads_m_vast_pauseroll":"","vid_ads_m_vast_midroll":[{"vid_ads_m_vast_timer_seconds":"50"}],"vid_ads_m_time_to_show_ads":"","vid_ads_m_time_skip_ads":"","vid_ads_m_time_to_hide_ads":""},"page_slider_settings":{"display_slider_group":"","page_slider_group":""},"blog_page_settings":{"blog_page_title":"","blog_page_heading":"","blog_page_ic":"","blog_page_it":"","blog_page_ec":"","blog_page_ip":"","archive_loop_style":"","blog_image_ratio":"","blog_show_categories":"","blog_show_excerpt":"","blog_show_author":"","blog_show_date":"","blog_show_comment_count":"","blog_show_view_count":"","blog_show_like_count":"","blog_show_dislike_count":"","blog_items_per_page":"","blog_pag_type":""},"page_options":{"get_page_template":"","color_mode":"","main_layout":"","main_layout_full_with":"","main_logo":"","main_logo_retina":"","main_logo_mobile":"","main_logo_mobile_retina":"","sticky_logo":"","sticky_logo_retina":"","main_nav_layout":"","ajax_search":"","header_background":"","theme_sidebar":"","instagram_feed":"","instagram_feed_position":"","popular_videos":"","popular_videos_title_1":"","popular_videos_title_2":"","popular_videos_ic":"","popular_videos_it":"","theme_background":"","page_custom_css":""},"feature_image_settings":{"feature_image_position":""},"video_player_settings":{"single_video_style":"","video_player_position":"","vm_video_url":"","video_player_library":"","video_streaming":"","vm_media_sources":"","vid_auto_play":"","vm_video_shortcode":"","vid_p_sync_playlist":"","vid_c_sync_channel":"","get_post_format":"","multiple_links_structure":"default","multi_links_title":"","vm_video_multi_links":"","vm_duration":"","vid_social_locker":"off","vid_social_locker_id":"","vid_membership_action":"content-video","vm_video_trailer_url":"","vid_download_type":"free","vid_download_target":"download","vid_woo_product":"","vm_media_download":"","user_rating":"","user_rating_position":"","user_rating_mode":"","user_rating_multi_sets":""},"video_auto_fetch_settings":{"vm_video_fetch":"on"},"video_fake_views_likes":{"vm_fake_views":"","vm_fake_likes":"","vm_fake_dislikes":""},"gallery_settings":{"gallery_position":""},"quote_settings":{"quote_position":""},"post_options":{"main_layout":"","main_logo":"","main_logo_retina":"","main_logo_mobile":"","main_logo_mobile_retina":"","sticky_logo":"","sticky_logo_retina":"","main_nav_layout":"","header_background":"","theme_sidebar":"","single_post_comment_type":"","theme_background":""}},"_links":{"self":[{"href":"https:\/\/canal7slp.tv\/2019\/wp-json\/wp\/v2\/posts\/83230","targetHints":{"allow":["GET"]}}],"collection":[{"href":"https:\/\/canal7slp.tv\/2019\/wp-json\/wp\/v2\/posts"}],"about":[{"href":"https:\/\/canal7slp.tv\/2019\/wp-json\/wp\/v2\/types\/post"}],"author":[{"embeddable":true,"href":"https:\/\/canal7slp.tv\/2019\/wp-json\/wp\/v2\/users\/2"}],"replies":[{"embeddable":true,"href":"https:\/\/canal7slp.tv\/2019\/wp-json\/wp\/v2\/comments?post=83230"}],"version-history":[{"count":0,"href":"https:\/\/canal7slp.tv\/2019\/wp-json\/wp\/v2\/posts\/83230\/revisions"}],"wp:featuredmedia":[{"embeddable":true,"href":"https:\/\/canal7slp.tv\/2019\/wp-json\/wp\/v2\/media\/83231"}],"wp:attachment":[{"href":"https:\/\/canal7slp.tv\/2019\/wp-json\/wp\/v2\/media?parent=83230"}],"wp:term":[{"taxonomy":"category","embeddable":true,"href":"https:\/\/canal7slp.tv\/2019\/wp-json\/wp\/v2\/categories?post=83230"},{"taxonomy":"post_tag","embeddable":true,"href":"https:\/\/canal7slp.tv\/2019\/wp-json\/wp\/v2\/tags?post=83230"}],"curies":[{"name":"wp","href":"https:\/\/api.w.org\/{rel}","templated":true}]}}