{"id":83223,"date":"2019-11-20T19:13:37","date_gmt":"2019-11-21T01:13:37","guid":{"rendered":"https:\/\/canal7slp.tv\/2019\/?p=83223"},"modified":"2019-11-20T19:13:37","modified_gmt":"2019-11-21T01:13:37","slug":"copocyt-invita-al-encuentro-de-vinculacion-y-taller-de-alineacion-entre-oferta-y-demanda","status":"publish","type":"post","link":"https:\/\/canal7slp.tv\/2019\/copocyt-invita-al-encuentro-de-vinculacion-y-taller-de-alineacion-entre-oferta-y-demanda\/","title":{"rendered":"COPOCYT invita al Encuentro de Vinculaci\u00f3n y Taller de Alineaci\u00f3n entre Oferta y Demanda"},"content":{"rendered":"<p style=\"text-align: justify\">Con el objetivo de implementar estrategias que faciliten la articulaci\u00f3n de proyectos entre la academia y la empresa, el Consejo Potosino de Ciencia y Tecnolog\u00eda en colaboraci\u00f3n con la Universidad Aut\u00f3noma de San Luis Potos\u00ed (UASLP) invita al \u201cEncuentro de vinculaci\u00f3n y taller de alineaci\u00f3n entre oferta y demanda&#8221;, que se desarrollar\u00e1 del 26 al 29 de noviembre de 2019.<\/p>\n<p style=\"text-align: justify\">\u200b\u200b\u200b<\/p>\n<p style=\"text-align: justify\">En esta jornada se realiza a trav\u00e9s de los Consejos Regionales, de Ciencia y Tecnolog\u00eda (CORECyT), que analizar\u00e1 el concepto de transferencia tecnol\u00f3gica y su aplicaci\u00f3n, est\u00e1 dirigido a emprendedores, empresarios, acad\u00e9micos, vinculadores y al p\u00fablico que busque conocer m\u00e1s sobre temas de oferta y demanda.\u200b<\/p>\n<p style=\"text-align: justify\">Este encuentro se desarrollar\u00e1 partiendo de casos de \u00e9xito de vinculaci\u00f3n academia-empresa y culminar\u00e1 con un espacio de networking, en el que se podr\u00e1n crear v\u00ednculos que ayuden a materializar proyectos.<\/p>\n<p style=\"text-align: justify\">El programa ser\u00e1 guiado por Mario C\u00e9sar Ram\u00edrez Hern\u00e1ndez, de la Oficina de Transferencia del Conocimiento PRAGMATEC, experto en comercializaci\u00f3n de tecnolog\u00eda y desarrollo de negocios, especialista en evaluaci\u00f3n, gesti\u00f3n, transferencia de conocimiento y modelos de generaci\u00f3n de ingresos.<\/p>\n<p style=\"text-align: justify\">Se llevar\u00e1 a cabo en San Luis Potos\u00ed el martes 26 de noviembre, en el Centro Regional de Informaci\u00f3n Cient\u00edfica y Tecnol\u00f3gica para la Innovaci\u00f3n (CRICYTI) del COPOCYT, en camino a la Presa 985. Lomas 4ta. Secc., de 09.00 &#8211; 13.00 horas; en Matehuala mi\u00e9rcoles 27 de noviembre en Auditorio de Ingenier\u00eda, coordinaci\u00f3n Acad\u00e9mica Regi\u00f3n Altiplano de la UASLP. Carretera a Cedral Km 5 + 600., de 09.00 &#8211; 13.00 horas<\/p>\n<p style=\"text-align: justify\">En Ciudad Valles el jueves 28 de noviembre en la Sala de Usos M\u00faltiples de la Escuela de Derecho, Unidad Acad\u00e9mica Multidisciplinaria Zona Huasteca de la UASLP, en Romualdo del Campo 50. Fracc. Rafael Curiel de 09.00 &#8211; 13.00 horas y en Rioverde el viernes 29 de noviembre en la Sala &#8220;A&#8221; del Edificio de Enfermer\u00eda de la Unidad Acad\u00e9mica Multidisciplinaria Zona Media de la UASLP. Carretera Rioverde- San Ciro Km 4, Puente del Carmen de 09.00 &#8211; 13.00 horas.<\/p>\n<p style=\"text-align: justify\">Las y los interesados podr\u00e1n registrarse en https:\/\/bit.ly\/2qknKpZ el evento es sin costo y de cupo limitado, Para mayores informes, comunicarse al corecyt@copocyt.gob.mx o al tel\u00e9fono (444) 8116666 Ext. 217.<\/p>\n","protected":false},"excerpt":{"rendered":"<p>Con el objetivo de implementar estrategias que faciliten la articulaci\u00f3n de proyectos entre la academia y la empresa, el Consejo Potosino de Ciencia y Tecnolog\u00eda en colaboraci\u00f3n con la Universidad Aut\u00f3noma de San Luis Potos\u00ed (UASLP) invita al \u201cEncuentro de vinculaci\u00f3n y taller de alineaci\u00f3n entre oferta y demanda&#8221;, que se desarrollar\u00e1 del 26 al [&hellip;]<\/p>\n","protected":false},"author":2,"featured_media":83224,"comment_status":"open","ping_status":"open","sticky":false,"template":"","format":"standard","meta":{"footnotes":""},"categories":[17],"tags":[],"class_list":["post-83223","post","type-post","status-publish","format-standard","has-post-thumbnail","hentry","category-localesyregionales"],"yoast_head":"<!-- This site is optimized with the Yoast SEO plugin v27.5 - https:\/\/yoast.com\/product\/yoast-seo-wordpress\/ -->\n<title>COPOCYT invita al Encuentro de Vinculaci\u00f3n y Taller de Alineaci\u00f3n entre Oferta y Demanda - Canal 7 SLP - 2019<\/title>\n<meta name=\"robots\" content=\"index, follow, max-snippet:-1, max-image-preview:large, max-video-preview:-1\" \/>\n<link rel=\"canonical\" href=\"https:\/\/canal7slp.tv\/2019\/copocyt-invita-al-encuentro-de-vinculacion-y-taller-de-alineacion-entre-oferta-y-demanda\/\" \/>\n<meta property=\"og:locale\" content=\"es_ES\" \/>\n<meta property=\"og:type\" content=\"article\" \/>\n<meta property=\"og:title\" content=\"COPOCYT invita al Encuentro de Vinculaci\u00f3n y Taller de Alineaci\u00f3n entre Oferta y Demanda - Canal 7 SLP - 2019\" \/>\n<meta property=\"og:description\" content=\"Con el objetivo de implementar estrategias que faciliten la articulaci\u00f3n de proyectos entre la academia y la empresa, el Consejo Potosino de Ciencia y Tecnolog\u00eda en colaboraci\u00f3n con la Universidad Aut\u00f3noma de San Luis Potos\u00ed (UASLP) invita al \u201cEncuentro de vinculaci\u00f3n y taller de alineaci\u00f3n entre oferta y demanda&#8221;, que se desarrollar\u00e1 del 26 al [&hellip;]\" \/>\n<meta property=\"og:url\" content=\"https:\/\/canal7slp.tv\/2019\/copocyt-invita-al-encuentro-de-vinculacion-y-taller-de-alineacion-entre-oferta-y-demanda\/\" \/>\n<meta property=\"og:site_name\" content=\"Canal 7 SLP - 2019\" \/>\n<meta property=\"article:publisher\" content=\"https:\/\/www.facebook.com\/CANAL7SLP\/\" \/>\n<meta property=\"article:published_time\" content=\"2019-11-21T01:13:37+00:00\" \/>\n<meta property=\"og:image\" content=\"https:\/\/canal7slp.tv\/2019\/wp-content\/uploads\/2019\/11\/1944b.png\" \/>\n\t<meta property=\"og:image:width\" content=\"920\" \/>\n\t<meta property=\"og:image:height\" content=\"500\" \/>\n\t<meta property=\"og:image:type\" content=\"image\/png\" \/>\n<meta name=\"author\" content=\"edicionweb\" \/>\n<meta name=\"twitter:card\" content=\"summary_large_image\" \/>\n<meta name=\"twitter:creator\" content=\"@canal7_slp\" \/>\n<meta name=\"twitter:site\" content=\"@canal7_slp\" \/>\n<meta name=\"twitter:label1\" content=\"Escrito por\" \/>\n\t<meta name=\"twitter:data1\" content=\"edicionweb\" \/>\n\t<meta name=\"twitter:label2\" content=\"Tiempo de lectura\" \/>\n\t<meta name=\"twitter:data2\" content=\"2 minutos\" \/>\n<script type=\"application\/ld+json\" class=\"yoast-schema-graph\">{\"@context\":\"https:\\\/\\\/schema.org\",\"@graph\":[{\"@type\":\"Article\",\"@id\":\"https:\\\/\\\/canal7slp.tv\\\/2019\\\/copocyt-invita-al-encuentro-de-vinculacion-y-taller-de-alineacion-entre-oferta-y-demanda\\\/#article\",\"isPartOf\":{\"@id\":\"https:\\\/\\\/canal7slp.tv\\\/2019\\\/copocyt-invita-al-encuentro-de-vinculacion-y-taller-de-alineacion-entre-oferta-y-demanda\\\/\"},\"author\":{\"name\":\"edicionweb\",\"@id\":\"https:\\\/\\\/canal7slp.tv\\\/2019\\\/#\\\/schema\\\/person\\\/11d941c1c6ca30ac0a46b95fa37aa2e3\"},\"headline\":\"COPOCYT invita al Encuentro de Vinculaci\u00f3n y Taller de Alineaci\u00f3n entre Oferta y Demanda\",\"datePublished\":\"2019-11-21T01:13:37+00:00\",\"mainEntityOfPage\":{\"@id\":\"https:\\\/\\\/canal7slp.tv\\\/2019\\\/copocyt-invita-al-encuentro-de-vinculacion-y-taller-de-alineacion-entre-oferta-y-demanda\\\/\"},\"wordCount\":394,\"commentCount\":0,\"publisher\":{\"@id\":\"https:\\\/\\\/canal7slp.tv\\\/2019\\\/#organization\"},\"image\":{\"@id\":\"https:\\\/\\\/canal7slp.tv\\\/2019\\\/copocyt-invita-al-encuentro-de-vinculacion-y-taller-de-alineacion-entre-oferta-y-demanda\\\/#primaryimage\"},\"thumbnailUrl\":\"https:\\\/\\\/canal7slp.tv\\\/2019\\\/wp-content\\\/uploads\\\/2019\\\/11\\\/1944b.png\",\"articleSection\":[\"LOCALES Y REGIONALES\"],\"inLanguage\":\"es\",\"potentialAction\":[{\"@type\":\"CommentAction\",\"name\":\"Comment\",\"target\":[\"https:\\\/\\\/canal7slp.tv\\\/2019\\\/copocyt-invita-al-encuentro-de-vinculacion-y-taller-de-alineacion-entre-oferta-y-demanda\\\/#respond\"]}]},{\"@type\":\"WebPage\",\"@id\":\"https:\\\/\\\/canal7slp.tv\\\/2019\\\/copocyt-invita-al-encuentro-de-vinculacion-y-taller-de-alineacion-entre-oferta-y-demanda\\\/\",\"url\":\"https:\\\/\\\/canal7slp.tv\\\/2019\\\/copocyt-invita-al-encuentro-de-vinculacion-y-taller-de-alineacion-entre-oferta-y-demanda\\\/\",\"name\":\"COPOCYT invita al Encuentro de Vinculaci\u00f3n y Taller de Alineaci\u00f3n entre Oferta y Demanda - Canal 7 SLP - 2019\",\"isPartOf\":{\"@id\":\"https:\\\/\\\/canal7slp.tv\\\/2019\\\/#website\"},\"primaryImageOfPage\":{\"@id\":\"https:\\\/\\\/canal7slp.tv\\\/2019\\\/copocyt-invita-al-encuentro-de-vinculacion-y-taller-de-alineacion-entre-oferta-y-demanda\\\/#primaryimage\"},\"image\":{\"@id\":\"https:\\\/\\\/canal7slp.tv\\\/2019\\\/copocyt-invita-al-encuentro-de-vinculacion-y-taller-de-alineacion-entre-oferta-y-demanda\\\/#primaryimage\"},\"thumbnailUrl\":\"https:\\\/\\\/canal7slp.tv\\\/2019\\\/wp-content\\\/uploads\\\/2019\\\/11\\\/1944b.png\",\"datePublished\":\"2019-11-21T01:13:37+00:00\",\"breadcrumb\":{\"@id\":\"https:\\\/\\\/canal7slp.tv\\\/2019\\\/copocyt-invita-al-encuentro-de-vinculacion-y-taller-de-alineacion-entre-oferta-y-demanda\\\/#breadcrumb\"},\"inLanguage\":\"es\",\"potentialAction\":[{\"@type\":\"ReadAction\",\"target\":[\"https:\\\/\\\/canal7slp.tv\\\/2019\\\/copocyt-invita-al-encuentro-de-vinculacion-y-taller-de-alineacion-entre-oferta-y-demanda\\\/\"]}]},{\"@type\":\"ImageObject\",\"inLanguage\":\"es\",\"@id\":\"https:\\\/\\\/canal7slp.tv\\\/2019\\\/copocyt-invita-al-encuentro-de-vinculacion-y-taller-de-alineacion-entre-oferta-y-demanda\\\/#primaryimage\",\"url\":\"https:\\\/\\\/canal7slp.tv\\\/2019\\\/wp-content\\\/uploads\\\/2019\\\/11\\\/1944b.png\",\"contentUrl\":\"https:\\\/\\\/canal7slp.tv\\\/2019\\\/wp-content\\\/uploads\\\/2019\\\/11\\\/1944b.png\",\"width\":920,\"height\":500},{\"@type\":\"BreadcrumbList\",\"@id\":\"https:\\\/\\\/canal7slp.tv\\\/2019\\\/copocyt-invita-al-encuentro-de-vinculacion-y-taller-de-alineacion-entre-oferta-y-demanda\\\/#breadcrumb\",\"itemListElement\":[{\"@type\":\"ListItem\",\"position\":1,\"name\":\"Home\",\"item\":\"https:\\\/\\\/canal7slp.tv\\\/2019\\\/\"},{\"@type\":\"ListItem\",\"position\":2,\"name\":\"COPOCYT invita al Encuentro de Vinculaci\u00f3n y Taller de Alineaci\u00f3n entre Oferta y Demanda\"}]},{\"@type\":\"WebSite\",\"@id\":\"https:\\\/\\\/canal7slp.tv\\\/2019\\\/#website\",\"url\":\"https:\\\/\\\/canal7slp.tv\\\/2019\\\/\",\"name\":\"Canal 7 SLP - Somos TV\",\"description\":\"Somos un Canal de 10\",\"publisher\":{\"@id\":\"https:\\\/\\\/canal7slp.tv\\\/2019\\\/#organization\"},\"potentialAction\":[{\"@type\":\"SearchAction\",\"target\":{\"@type\":\"EntryPoint\",\"urlTemplate\":\"https:\\\/\\\/canal7slp.tv\\\/2019\\\/?s={search_term_string}\"},\"query-input\":{\"@type\":\"PropertyValueSpecification\",\"valueRequired\":true,\"valueName\":\"search_term_string\"}}],\"inLanguage\":\"es\"},{\"@type\":\"Organization\",\"@id\":\"https:\\\/\\\/canal7slp.tv\\\/2019\\\/#organization\",\"name\":\"Comunicaci\u00f3n 2000 S.A. de C.V.\",\"url\":\"https:\\\/\\\/canal7slp.tv\\\/2019\\\/\",\"logo\":{\"@type\":\"ImageObject\",\"inLanguage\":\"es\",\"@id\":\"https:\\\/\\\/canal7slp.tv\\\/2019\\\/#\\\/schema\\\/logo\\\/image\\\/\",\"url\":\"https:\\\/\\\/canal7slp.tv\\\/2019\\\/wp-content\\\/uploads\\\/2019\\\/07\\\/logo-c7.png\",\"contentUrl\":\"https:\\\/\\\/canal7slp.tv\\\/2019\\\/wp-content\\\/uploads\\\/2019\\\/07\\\/logo-c7.png\",\"width\":220,\"height\":60,\"caption\":\"Comunicaci\u00f3n 2000 S.A. de C.V.\"},\"image\":{\"@id\":\"https:\\\/\\\/canal7slp.tv\\\/2019\\\/#\\\/schema\\\/logo\\\/image\\\/\"},\"sameAs\":[\"https:\\\/\\\/www.facebook.com\\\/CANAL7SLP\\\/\",\"https:\\\/\\\/x.com\\\/canal7_slp\",\"https:\\\/\\\/www.instagram.com\\\/canal7_slp\",\"https:\\\/\\\/www.youtube.com\\\/user\\\/NOTICIEROSCANAL7SLP\\\/\"]},{\"@type\":\"Person\",\"@id\":\"https:\\\/\\\/canal7slp.tv\\\/2019\\\/#\\\/schema\\\/person\\\/11d941c1c6ca30ac0a46b95fa37aa2e3\",\"name\":\"edicionweb\",\"image\":{\"@type\":\"ImageObject\",\"inLanguage\":\"es\",\"@id\":\"https:\\\/\\\/secure.gravatar.com\\\/avatar\\\/eee448fc3f7164808013b816ba91ac7e43bbe82a70bebac296f8bc6f0addaa1a?s=96&d=mm&r=g\",\"url\":\"https:\\\/\\\/secure.gravatar.com\\\/avatar\\\/eee448fc3f7164808013b816ba91ac7e43bbe82a70bebac296f8bc6f0addaa1a?s=96&d=mm&r=g\",\"contentUrl\":\"https:\\\/\\\/secure.gravatar.com\\\/avatar\\\/eee448fc3f7164808013b816ba91ac7e43bbe82a70bebac296f8bc6f0addaa1a?s=96&d=mm&r=g\",\"caption\":\"edicionweb\"}}]}<\/script>\n<!-- \/ Yoast SEO plugin. -->","yoast_head_json":{"title":"COPOCYT invita al Encuentro de Vinculaci\u00f3n y Taller de Alineaci\u00f3n entre Oferta y Demanda - Canal 7 SLP - 2019","robots":{"index":"index","follow":"follow","max-snippet":"max-snippet:-1","max-image-preview":"max-image-preview:large","max-video-preview":"max-video-preview:-1"},"canonical":"https:\/\/canal7slp.tv\/2019\/copocyt-invita-al-encuentro-de-vinculacion-y-taller-de-alineacion-entre-oferta-y-demanda\/","og_locale":"es_ES","og_type":"article","og_title":"COPOCYT invita al Encuentro de Vinculaci\u00f3n y Taller de Alineaci\u00f3n entre Oferta y Demanda - Canal 7 SLP - 2019","og_description":"Con el objetivo de implementar estrategias que faciliten la articulaci\u00f3n de proyectos entre la academia y la empresa, el Consejo Potosino de Ciencia y Tecnolog\u00eda en colaboraci\u00f3n con la Universidad Aut\u00f3noma de San Luis Potos\u00ed (UASLP) invita al \u201cEncuentro de vinculaci\u00f3n y taller de alineaci\u00f3n entre oferta y demanda&#8221;, que se desarrollar\u00e1 del 26 al [&hellip;]","og_url":"https:\/\/canal7slp.tv\/2019\/copocyt-invita-al-encuentro-de-vinculacion-y-taller-de-alineacion-entre-oferta-y-demanda\/","og_site_name":"Canal 7 SLP - 2019","article_publisher":"https:\/\/www.facebook.com\/CANAL7SLP\/","article_published_time":"2019-11-21T01:13:37+00:00","og_image":[{"width":920,"height":500,"url":"https:\/\/canal7slp.tv\/2019\/wp-content\/uploads\/2019\/11\/1944b.png","type":"image\/png"}],"author":"edicionweb","twitter_card":"summary_large_image","twitter_creator":"@canal7_slp","twitter_site":"@canal7_slp","twitter_misc":{"Escrito por":"edicionweb","Tiempo de lectura":"2 minutos"},"schema":{"@context":"https:\/\/schema.org","@graph":[{"@type":"Article","@id":"https:\/\/canal7slp.tv\/2019\/copocyt-invita-al-encuentro-de-vinculacion-y-taller-de-alineacion-entre-oferta-y-demanda\/#article","isPartOf":{"@id":"https:\/\/canal7slp.tv\/2019\/copocyt-invita-al-encuentro-de-vinculacion-y-taller-de-alineacion-entre-oferta-y-demanda\/"},"author":{"name":"edicionweb","@id":"https:\/\/canal7slp.tv\/2019\/#\/schema\/person\/11d941c1c6ca30ac0a46b95fa37aa2e3"},"headline":"COPOCYT invita al Encuentro de Vinculaci\u00f3n y Taller de Alineaci\u00f3n entre Oferta y Demanda","datePublished":"2019-11-21T01:13:37+00:00","mainEntityOfPage":{"@id":"https:\/\/canal7slp.tv\/2019\/copocyt-invita-al-encuentro-de-vinculacion-y-taller-de-alineacion-entre-oferta-y-demanda\/"},"wordCount":394,"commentCount":0,"publisher":{"@id":"https:\/\/canal7slp.tv\/2019\/#organization"},"image":{"@id":"https:\/\/canal7slp.tv\/2019\/copocyt-invita-al-encuentro-de-vinculacion-y-taller-de-alineacion-entre-oferta-y-demanda\/#primaryimage"},"thumbnailUrl":"https:\/\/canal7slp.tv\/2019\/wp-content\/uploads\/2019\/11\/1944b.png","articleSection":["LOCALES Y REGIONALES"],"inLanguage":"es","potentialAction":[{"@type":"CommentAction","name":"Comment","target":["https:\/\/canal7slp.tv\/2019\/copocyt-invita-al-encuentro-de-vinculacion-y-taller-de-alineacion-entre-oferta-y-demanda\/#respond"]}]},{"@type":"WebPage","@id":"https:\/\/canal7slp.tv\/2019\/copocyt-invita-al-encuentro-de-vinculacion-y-taller-de-alineacion-entre-oferta-y-demanda\/","url":"https:\/\/canal7slp.tv\/2019\/copocyt-invita-al-encuentro-de-vinculacion-y-taller-de-alineacion-entre-oferta-y-demanda\/","name":"COPOCYT invita al Encuentro de Vinculaci\u00f3n y Taller de Alineaci\u00f3n entre Oferta y Demanda - Canal 7 SLP - 2019","isPartOf":{"@id":"https:\/\/canal7slp.tv\/2019\/#website"},"primaryImageOfPage":{"@id":"https:\/\/canal7slp.tv\/2019\/copocyt-invita-al-encuentro-de-vinculacion-y-taller-de-alineacion-entre-oferta-y-demanda\/#primaryimage"},"image":{"@id":"https:\/\/canal7slp.tv\/2019\/copocyt-invita-al-encuentro-de-vinculacion-y-taller-de-alineacion-entre-oferta-y-demanda\/#primaryimage"},"thumbnailUrl":"https:\/\/canal7slp.tv\/2019\/wp-content\/uploads\/2019\/11\/1944b.png","datePublished":"2019-11-21T01:13:37+00:00","breadcrumb":{"@id":"https:\/\/canal7slp.tv\/2019\/copocyt-invita-al-encuentro-de-vinculacion-y-taller-de-alineacion-entre-oferta-y-demanda\/#breadcrumb"},"inLanguage":"es","potentialAction":[{"@type":"ReadAction","target":["https:\/\/canal7slp.tv\/2019\/copocyt-invita-al-encuentro-de-vinculacion-y-taller-de-alineacion-entre-oferta-y-demanda\/"]}]},{"@type":"ImageObject","inLanguage":"es","@id":"https:\/\/canal7slp.tv\/2019\/copocyt-invita-al-encuentro-de-vinculacion-y-taller-de-alineacion-entre-oferta-y-demanda\/#primaryimage","url":"https:\/\/canal7slp.tv\/2019\/wp-content\/uploads\/2019\/11\/1944b.png","contentUrl":"https:\/\/canal7slp.tv\/2019\/wp-content\/uploads\/2019\/11\/1944b.png","width":920,"height":500},{"@type":"BreadcrumbList","@id":"https:\/\/canal7slp.tv\/2019\/copocyt-invita-al-encuentro-de-vinculacion-y-taller-de-alineacion-entre-oferta-y-demanda\/#breadcrumb","itemListElement":[{"@type":"ListItem","position":1,"name":"Home","item":"https:\/\/canal7slp.tv\/2019\/"},{"@type":"ListItem","position":2,"name":"COPOCYT invita al Encuentro de Vinculaci\u00f3n y Taller de Alineaci\u00f3n entre Oferta y Demanda"}]},{"@type":"WebSite","@id":"https:\/\/canal7slp.tv\/2019\/#website","url":"https:\/\/canal7slp.tv\/2019\/","name":"Canal 7 SLP - Somos TV","description":"Somos un Canal de 10","publisher":{"@id":"https:\/\/canal7slp.tv\/2019\/#organization"},"potentialAction":[{"@type":"SearchAction","target":{"@type":"EntryPoint","urlTemplate":"https:\/\/canal7slp.tv\/2019\/?s={search_term_string}"},"query-input":{"@type":"PropertyValueSpecification","valueRequired":true,"valueName":"search_term_string"}}],"inLanguage":"es"},{"@type":"Organization","@id":"https:\/\/canal7slp.tv\/2019\/#organization","name":"Comunicaci\u00f3n 2000 S.A. de C.V.","url":"https:\/\/canal7slp.tv\/2019\/","logo":{"@type":"ImageObject","inLanguage":"es","@id":"https:\/\/canal7slp.tv\/2019\/#\/schema\/logo\/image\/","url":"https:\/\/canal7slp.tv\/2019\/wp-content\/uploads\/2019\/07\/logo-c7.png","contentUrl":"https:\/\/canal7slp.tv\/2019\/wp-content\/uploads\/2019\/07\/logo-c7.png","width":220,"height":60,"caption":"Comunicaci\u00f3n 2000 S.A. de C.V."},"image":{"@id":"https:\/\/canal7slp.tv\/2019\/#\/schema\/logo\/image\/"},"sameAs":["https:\/\/www.facebook.com\/CANAL7SLP\/","https:\/\/x.com\/canal7_slp","https:\/\/www.instagram.com\/canal7_slp","https:\/\/www.youtube.com\/user\/NOTICIEROSCANAL7SLP\/"]},{"@type":"Person","@id":"https:\/\/canal7slp.tv\/2019\/#\/schema\/person\/11d941c1c6ca30ac0a46b95fa37aa2e3","name":"edicionweb","image":{"@type":"ImageObject","inLanguage":"es","@id":"https:\/\/secure.gravatar.com\/avatar\/eee448fc3f7164808013b816ba91ac7e43bbe82a70bebac296f8bc6f0addaa1a?s=96&d=mm&r=g","url":"https:\/\/secure.gravatar.com\/avatar\/eee448fc3f7164808013b816ba91ac7e43bbe82a70bebac296f8bc6f0addaa1a?s=96&d=mm&r=g","contentUrl":"https:\/\/secure.gravatar.com\/avatar\/eee448fc3f7164808013b816ba91ac7e43bbe82a70bebac296f8bc6f0addaa1a?s=96&d=mm&r=g","caption":"edicionweb"}}]}},"amp_enabled":true,"cmb2":{"video_ids_in_playlist":{"vid_p_videos":""},"video_ids_in_channel":{"vid_c_videos":""},"playlist_ids_in_channel":{"vid_c_playlists":""},"series_ids_in_channel":{"vid_c_series":""},"channel_images":{"vid_c_logo":"","vid_c_banner":""},"poster_feature_image":{"vid_m_poster_image":""},"gif_feature_image":{"vid_m_gif_image":""},"video_movie_settings":{"vid_m_director":"","vid_m_actor":"","vid_m_imdb_ratings":"","vid_m_amazon_associates":""},"vid_youtube_broadcasts_settings":{"vid_yb_broadcast_title":"","vid_yb_q":"","vid_yb_channelid":"","vid_yb_videocategoryid":"","vid_yb_maxresults":"","vid_yb_order":"","vid_yb_regioncode":"","vid_yb_videosyndicated":"","vid_yb_style":"","vid_yb_reload_first":""},"video_series_settings":{"vid_m_director":"","vid_m_actor":"","vid_m_imdb_ratings":"","video_series_group":""},"amazon_associates_settings":{"amazon_associates":"","amazon_native_ad":""},"vid_youtube_automatic_settings":{"vid_ya_youtube_source":"","vid_ya_update_every":"","vid_ya_update_unit":"","vid_ya_categories":"","vid_ya_published_after":"","vid_ya_published_before":"","vid_ya_playlists":"","vid_ya_channels":"","vid_ya_director":"","vid_ya_actor":"","vid_ya_author":"","vid_ya_import_post_date":"","vid_ya_status":"","vid_ya_sub_api_key":""},"vid_ads_m_videoads_settings_post":{"vid_ads_m_video_ads":"","vid_ads_m_video_ads_type":"","vid_ads_m_group_google_ima":"","vid_ads_m_group_image":"","vid_ads_m_group_html5_video":"","vid_ads_m_group_html":"","vid_ads_m_vast_preroll":"","vid_ads_m_vast_postroll":"","vid_ads_m_vast_pauseroll":"","vid_ads_m_vast_midroll":[{"vid_ads_m_vast_timer_seconds":"50"}],"vid_ads_m_time_to_show_ads":"","vid_ads_m_time_skip_ads":"","vid_ads_m_time_to_hide_ads":""},"page_slider_settings":{"display_slider_group":"","page_slider_group":""},"blog_page_settings":{"blog_page_title":"","blog_page_heading":"","blog_page_ic":"","blog_page_it":"","blog_page_ec":"","blog_page_ip":"","archive_loop_style":"","blog_image_ratio":"","blog_show_categories":"","blog_show_excerpt":"","blog_show_author":"","blog_show_date":"","blog_show_comment_count":"","blog_show_view_count":"","blog_show_like_count":"","blog_show_dislike_count":"","blog_items_per_page":"","blog_pag_type":""},"page_options":{"get_page_template":"","color_mode":"","main_layout":"","main_layout_full_with":"","main_logo":"","main_logo_retina":"","main_logo_mobile":"","main_logo_mobile_retina":"","sticky_logo":"","sticky_logo_retina":"","main_nav_layout":"","ajax_search":"","header_background":"","theme_sidebar":"","instagram_feed":"","instagram_feed_position":"","popular_videos":"","popular_videos_title_1":"","popular_videos_title_2":"","popular_videos_ic":"","popular_videos_it":"","theme_background":"","page_custom_css":""},"feature_image_settings":{"feature_image_position":""},"video_player_settings":{"single_video_style":"","video_player_position":"","vm_video_url":"","video_player_library":"","video_streaming":"","vm_media_sources":"","vid_auto_play":"","vm_video_shortcode":"","vid_p_sync_playlist":"","vid_c_sync_channel":"","get_post_format":"","multiple_links_structure":"default","multi_links_title":"","vm_video_multi_links":"","vm_duration":"","vid_social_locker":"off","vid_social_locker_id":"","vid_membership_action":"content-video","vm_video_trailer_url":"","vid_download_type":"free","vid_download_target":"download","vid_woo_product":"","vm_media_download":"","user_rating":"","user_rating_position":"","user_rating_mode":"","user_rating_multi_sets":""},"video_auto_fetch_settings":{"vm_video_fetch":"on"},"video_fake_views_likes":{"vm_fake_views":"","vm_fake_likes":"","vm_fake_dislikes":""},"gallery_settings":{"gallery_position":""},"quote_settings":{"quote_position":""},"post_options":{"main_layout":"","main_logo":"","main_logo_retina":"","main_logo_mobile":"","main_logo_mobile_retina":"","sticky_logo":"","sticky_logo_retina":"","main_nav_layout":"","header_background":"","theme_sidebar":"","single_post_comment_type":"","theme_background":""}},"_links":{"self":[{"href":"https:\/\/canal7slp.tv\/2019\/wp-json\/wp\/v2\/posts\/83223","targetHints":{"allow":["GET"]}}],"collection":[{"href":"https:\/\/canal7slp.tv\/2019\/wp-json\/wp\/v2\/posts"}],"about":[{"href":"https:\/\/canal7slp.tv\/2019\/wp-json\/wp\/v2\/types\/post"}],"author":[{"embeddable":true,"href":"https:\/\/canal7slp.tv\/2019\/wp-json\/wp\/v2\/users\/2"}],"replies":[{"embeddable":true,"href":"https:\/\/canal7slp.tv\/2019\/wp-json\/wp\/v2\/comments?post=83223"}],"version-history":[{"count":0,"href":"https:\/\/canal7slp.tv\/2019\/wp-json\/wp\/v2\/posts\/83223\/revisions"}],"wp:featuredmedia":[{"embeddable":true,"href":"https:\/\/canal7slp.tv\/2019\/wp-json\/wp\/v2\/media\/83224"}],"wp:attachment":[{"href":"https:\/\/canal7slp.tv\/2019\/wp-json\/wp\/v2\/media?parent=83223"}],"wp:term":[{"taxonomy":"category","embeddable":true,"href":"https:\/\/canal7slp.tv\/2019\/wp-json\/wp\/v2\/categories?post=83223"},{"taxonomy":"post_tag","embeddable":true,"href":"https:\/\/canal7slp.tv\/2019\/wp-json\/wp\/v2\/tags?post=83223"}],"curies":[{"name":"wp","href":"https:\/\/api.w.org\/{rel}","templated":true}]}}