{"id":83128,"date":"2019-11-20T15:06:41","date_gmt":"2019-11-20T21:06:41","guid":{"rendered":"https:\/\/canal7slp.tv\/2019\/?p=83128"},"modified":"2019-11-20T15:06:41","modified_gmt":"2019-11-20T21:06:41","slug":"la-fed-rechaza-por-unanimidad-aplicar-tasas-negativas-de-interes","status":"publish","type":"post","link":"https:\/\/canal7slp.tv\/2019\/la-fed-rechaza-por-unanimidad-aplicar-tasas-negativas-de-interes\/","title":{"rendered":"La Fed rechaza por unanimidad aplicar tasas negativas de inter\u00e9s"},"content":{"rendered":"<ul>\n<li style=\"text-align: justify\">El organismo advierte que los riesgos para la econom\u00eda de Estados Unidos siguen siendo &#8220;elevados&#8221; debido a las guerras comerciales de Trump<\/li>\n<\/ul>\n<p style=\"text-align: justify\">La Reserva Federal (Fed) de Estados Unidos descart\u00f3 por unanimidad instaurar tasas negativas de inter\u00e9s, algo que el presidente Donald Trump le ha reclamado reiteradamente, seg\u00fan un documento de la entidad divulgado el mi\u00e9rcoles.<\/p>\n<p style=\"text-align: justify\">Asimismo, en sus reuniones del 29 y 30 de octubre, los miembros de la Fed dijeron que la mayor econom\u00eda del mundo ha sido &#8220;resistente&#8221; ante persistentes dificultades mundiales, pero los riesgos, incluidos los de las guerras comerciales de Trump, siguen siendo &#8220;elevados&#8221;.<\/p>\n<p style=\"text-align: justify\">En esa reuni\u00f3n, el comit\u00e9 de pol\u00edtica monetaria de la Fed recort\u00f3 por tercera vez en el a\u00f1o las tasas de inter\u00e9s, para situarlas en un rango de entre 1.5% y 1.75 por ciento.<\/p>\n<p style=\"text-align: justify\">La minuta de esa reuni\u00f3n de pol\u00edtica monetaria dejo empero en claro que los miembros de la Fed no cerraron definitivamente las puertas a las tasas negativas.<\/p>\n<p style=\"text-align: justify\">&#8220;Todos los participantes de la reuni\u00f3n consideraron que actualmente las tasas negativas de inter\u00e9s no parecen ser una atrayente herramienta de pol\u00edtica monetaria en Estados Unidos&#8221;, dice la minuta.<\/p>\n<p style=\"text-align: justify\">Hay un &#8220;limitado margen&#8221; para adoptar esa pol\u00edtica que no ha beneficiado claramente a otros pa\u00edses y podr\u00eda tener incalculables consecuencias en los pr\u00e9stamos bancarios y el consumo de los hogares, indica el informe.<\/p>\n<p style=\"text-align: justify\">Y las tasas negativas aparejar\u00edan &#8220;significativas complejidades y distorsiones&#8221; al sistema financiero estadounidense, seg\u00fan miembros de la Fed.<\/p>\n<p style=\"text-align: justify\">No obstante &#8220;no descartaron&#8221; que las circunstancias los haga eventualmente cambiar de posici\u00f3n.<\/p>\n<p style=\"text-align: justify\">En t\u00e9rminos generales, la econom\u00eda estadounidense est\u00e1 marchando bien y en las \u00faltimas semanas se atenuaron los riesgos de una recesi\u00f3n.<\/p>\n<p style=\"text-align: justify\">Empero mientras el mercado laboral y el gasto de los consumidores se mantienen s\u00f3lidos, los miembros de la Fed advirtieron que las empresas son reticentes a invertir y exportar debido &#8220;a la incertidumbre comercial y al lento crecimiento econ\u00f3mico mundial&#8221;.<\/p>\n<p style=\"text-align: justify\">La Fed revirti\u00f3 gran parte de los aumentos de tasas que dispuso el a\u00f1o pasado con el prop\u00f3sito de estimular a la econom\u00eda estadounidense ante las acechanzas econ\u00f3micas y comerciales mundiales.<\/p>\n<p style=\"text-align: justify\">Los esfuerzos por terminar con las guerras comerciales parecen estar tropezando con dificultades. Un primer acuerdo con China anunciado el mes pasado con Trump encuentra dificultades en ser concretado.<\/p>\n<p style=\"text-align: justify\">Este mi\u00e9rcoles, los mercados de futuros estimaban que la Fed no tocar\u00e1 las tasas hasta junio y la mayor\u00eda de los inversores apuestan a que en ese mes la entidad podr\u00eda reanudar las rebajas.<\/p>\n","protected":false},"excerpt":{"rendered":"<p>El organismo advierte que los riesgos para la econom\u00eda de Estados Unidos siguen siendo &#8220;elevados&#8221; debido a las guerras comerciales de Trump La Reserva Federal (Fed) de Estados Unidos descart\u00f3 por unanimidad instaurar tasas negativas de inter\u00e9s, algo que el presidente Donald Trump le ha reclamado reiteradamente, seg\u00fan un documento de la entidad divulgado el [&hellip;]<\/p>\n","protected":false},"author":2,"featured_media":83129,"comment_status":"open","ping_status":"open","sticky":false,"template":"","format":"standard","meta":{"footnotes":""},"categories":[98],"tags":[],"class_list":["post-83128","post","type-post","status-publish","format-standard","has-post-thumbnail","hentry","category-finanzas"],"yoast_head":"<!-- This site is optimized with the Yoast SEO plugin v27.5 - https:\/\/yoast.com\/product\/yoast-seo-wordpress\/ -->\n<title>La Fed rechaza por unanimidad aplicar tasas negativas de inter\u00e9s - Canal 7 SLP - 2019<\/title>\n<meta name=\"robots\" content=\"index, follow, max-snippet:-1, max-image-preview:large, max-video-preview:-1\" \/>\n<link rel=\"canonical\" href=\"https:\/\/canal7slp.tv\/2019\/la-fed-rechaza-por-unanimidad-aplicar-tasas-negativas-de-interes\/\" \/>\n<meta property=\"og:locale\" content=\"es_ES\" \/>\n<meta property=\"og:type\" content=\"article\" \/>\n<meta property=\"og:title\" content=\"La Fed rechaza por unanimidad aplicar tasas negativas de inter\u00e9s - Canal 7 SLP - 2019\" \/>\n<meta property=\"og:description\" content=\"El organismo advierte que los riesgos para la econom\u00eda de Estados Unidos siguen siendo &#8220;elevados&#8221; debido a las guerras comerciales de Trump La Reserva Federal (Fed) de Estados Unidos descart\u00f3 por unanimidad instaurar tasas negativas de inter\u00e9s, algo que el presidente Donald Trump le ha reclamado reiteradamente, seg\u00fan un documento de la entidad divulgado el [&hellip;]\" \/>\n<meta property=\"og:url\" content=\"https:\/\/canal7slp.tv\/2019\/la-fed-rechaza-por-unanimidad-aplicar-tasas-negativas-de-interes\/\" \/>\n<meta property=\"og:site_name\" content=\"Canal 7 SLP - 2019\" \/>\n<meta property=\"article:publisher\" content=\"https:\/\/www.facebook.com\/CANAL7SLP\/\" \/>\n<meta property=\"article:published_time\" content=\"2019-11-20T21:06:41+00:00\" \/>\n<meta property=\"og:image\" content=\"https:\/\/canal7slp.tv\/2019\/wp-content\/uploads\/2019\/11\/1600-17.jpg\" \/>\n\t<meta property=\"og:image:width\" content=\"770\" \/>\n\t<meta property=\"og:image:height\" content=\"485\" \/>\n\t<meta property=\"og:image:type\" content=\"image\/jpeg\" \/>\n<meta name=\"author\" content=\"edicionweb\" \/>\n<meta name=\"twitter:card\" content=\"summary_large_image\" \/>\n<meta name=\"twitter:creator\" content=\"@canal7_slp\" \/>\n<meta name=\"twitter:site\" content=\"@canal7_slp\" \/>\n<meta name=\"twitter:label1\" content=\"Escrito por\" \/>\n\t<meta name=\"twitter:data1\" content=\"edicionweb\" \/>\n\t<meta name=\"twitter:label2\" content=\"Tiempo de lectura\" \/>\n\t<meta name=\"twitter:data2\" content=\"2 minutos\" \/>\n<script type=\"application\/ld+json\" class=\"yoast-schema-graph\">{\"@context\":\"https:\\\/\\\/schema.org\",\"@graph\":[{\"@type\":\"Article\",\"@id\":\"https:\\\/\\\/canal7slp.tv\\\/2019\\\/la-fed-rechaza-por-unanimidad-aplicar-tasas-negativas-de-interes\\\/#article\",\"isPartOf\":{\"@id\":\"https:\\\/\\\/canal7slp.tv\\\/2019\\\/la-fed-rechaza-por-unanimidad-aplicar-tasas-negativas-de-interes\\\/\"},\"author\":{\"name\":\"edicionweb\",\"@id\":\"https:\\\/\\\/canal7slp.tv\\\/2019\\\/#\\\/schema\\\/person\\\/11d941c1c6ca30ac0a46b95fa37aa2e3\"},\"headline\":\"La Fed rechaza por unanimidad aplicar tasas negativas de inter\u00e9s\",\"datePublished\":\"2019-11-20T21:06:41+00:00\",\"mainEntityOfPage\":{\"@id\":\"https:\\\/\\\/canal7slp.tv\\\/2019\\\/la-fed-rechaza-por-unanimidad-aplicar-tasas-negativas-de-interes\\\/\"},\"wordCount\":449,\"commentCount\":0,\"publisher\":{\"@id\":\"https:\\\/\\\/canal7slp.tv\\\/2019\\\/#organization\"},\"image\":{\"@id\":\"https:\\\/\\\/canal7slp.tv\\\/2019\\\/la-fed-rechaza-por-unanimidad-aplicar-tasas-negativas-de-interes\\\/#primaryimage\"},\"thumbnailUrl\":\"https:\\\/\\\/canal7slp.tv\\\/2019\\\/wp-content\\\/uploads\\\/2019\\\/11\\\/1600-17.jpg\",\"articleSection\":[\"FINANZAS\"],\"inLanguage\":\"es\",\"potentialAction\":[{\"@type\":\"CommentAction\",\"name\":\"Comment\",\"target\":[\"https:\\\/\\\/canal7slp.tv\\\/2019\\\/la-fed-rechaza-por-unanimidad-aplicar-tasas-negativas-de-interes\\\/#respond\"]}]},{\"@type\":\"WebPage\",\"@id\":\"https:\\\/\\\/canal7slp.tv\\\/2019\\\/la-fed-rechaza-por-unanimidad-aplicar-tasas-negativas-de-interes\\\/\",\"url\":\"https:\\\/\\\/canal7slp.tv\\\/2019\\\/la-fed-rechaza-por-unanimidad-aplicar-tasas-negativas-de-interes\\\/\",\"name\":\"La Fed rechaza por unanimidad aplicar tasas negativas de inter\u00e9s - Canal 7 SLP - 2019\",\"isPartOf\":{\"@id\":\"https:\\\/\\\/canal7slp.tv\\\/2019\\\/#website\"},\"primaryImageOfPage\":{\"@id\":\"https:\\\/\\\/canal7slp.tv\\\/2019\\\/la-fed-rechaza-por-unanimidad-aplicar-tasas-negativas-de-interes\\\/#primaryimage\"},\"image\":{\"@id\":\"https:\\\/\\\/canal7slp.tv\\\/2019\\\/la-fed-rechaza-por-unanimidad-aplicar-tasas-negativas-de-interes\\\/#primaryimage\"},\"thumbnailUrl\":\"https:\\\/\\\/canal7slp.tv\\\/2019\\\/wp-content\\\/uploads\\\/2019\\\/11\\\/1600-17.jpg\",\"datePublished\":\"2019-11-20T21:06:41+00:00\",\"breadcrumb\":{\"@id\":\"https:\\\/\\\/canal7slp.tv\\\/2019\\\/la-fed-rechaza-por-unanimidad-aplicar-tasas-negativas-de-interes\\\/#breadcrumb\"},\"inLanguage\":\"es\",\"potentialAction\":[{\"@type\":\"ReadAction\",\"target\":[\"https:\\\/\\\/canal7slp.tv\\\/2019\\\/la-fed-rechaza-por-unanimidad-aplicar-tasas-negativas-de-interes\\\/\"]}]},{\"@type\":\"ImageObject\",\"inLanguage\":\"es\",\"@id\":\"https:\\\/\\\/canal7slp.tv\\\/2019\\\/la-fed-rechaza-por-unanimidad-aplicar-tasas-negativas-de-interes\\\/#primaryimage\",\"url\":\"https:\\\/\\\/canal7slp.tv\\\/2019\\\/wp-content\\\/uploads\\\/2019\\\/11\\\/1600-17.jpg\",\"contentUrl\":\"https:\\\/\\\/canal7slp.tv\\\/2019\\\/wp-content\\\/uploads\\\/2019\\\/11\\\/1600-17.jpg\",\"width\":770,\"height\":485},{\"@type\":\"BreadcrumbList\",\"@id\":\"https:\\\/\\\/canal7slp.tv\\\/2019\\\/la-fed-rechaza-por-unanimidad-aplicar-tasas-negativas-de-interes\\\/#breadcrumb\",\"itemListElement\":[{\"@type\":\"ListItem\",\"position\":1,\"name\":\"Home\",\"item\":\"https:\\\/\\\/canal7slp.tv\\\/2019\\\/\"},{\"@type\":\"ListItem\",\"position\":2,\"name\":\"La Fed rechaza por unanimidad aplicar tasas negativas de inter\u00e9s\"}]},{\"@type\":\"WebSite\",\"@id\":\"https:\\\/\\\/canal7slp.tv\\\/2019\\\/#website\",\"url\":\"https:\\\/\\\/canal7slp.tv\\\/2019\\\/\",\"name\":\"Canal 7 SLP - Somos TV\",\"description\":\"Somos un Canal de 10\",\"publisher\":{\"@id\":\"https:\\\/\\\/canal7slp.tv\\\/2019\\\/#organization\"},\"potentialAction\":[{\"@type\":\"SearchAction\",\"target\":{\"@type\":\"EntryPoint\",\"urlTemplate\":\"https:\\\/\\\/canal7slp.tv\\\/2019\\\/?s={search_term_string}\"},\"query-input\":{\"@type\":\"PropertyValueSpecification\",\"valueRequired\":true,\"valueName\":\"search_term_string\"}}],\"inLanguage\":\"es\"},{\"@type\":\"Organization\",\"@id\":\"https:\\\/\\\/canal7slp.tv\\\/2019\\\/#organization\",\"name\":\"Comunicaci\u00f3n 2000 S.A. de C.V.\",\"url\":\"https:\\\/\\\/canal7slp.tv\\\/2019\\\/\",\"logo\":{\"@type\":\"ImageObject\",\"inLanguage\":\"es\",\"@id\":\"https:\\\/\\\/canal7slp.tv\\\/2019\\\/#\\\/schema\\\/logo\\\/image\\\/\",\"url\":\"https:\\\/\\\/canal7slp.tv\\\/2019\\\/wp-content\\\/uploads\\\/2019\\\/07\\\/logo-c7.png\",\"contentUrl\":\"https:\\\/\\\/canal7slp.tv\\\/2019\\\/wp-content\\\/uploads\\\/2019\\\/07\\\/logo-c7.png\",\"width\":220,\"height\":60,\"caption\":\"Comunicaci\u00f3n 2000 S.A. de C.V.\"},\"image\":{\"@id\":\"https:\\\/\\\/canal7slp.tv\\\/2019\\\/#\\\/schema\\\/logo\\\/image\\\/\"},\"sameAs\":[\"https:\\\/\\\/www.facebook.com\\\/CANAL7SLP\\\/\",\"https:\\\/\\\/x.com\\\/canal7_slp\",\"https:\\\/\\\/www.instagram.com\\\/canal7_slp\",\"https:\\\/\\\/www.youtube.com\\\/user\\\/NOTICIEROSCANAL7SLP\\\/\"]},{\"@type\":\"Person\",\"@id\":\"https:\\\/\\\/canal7slp.tv\\\/2019\\\/#\\\/schema\\\/person\\\/11d941c1c6ca30ac0a46b95fa37aa2e3\",\"name\":\"edicionweb\",\"image\":{\"@type\":\"ImageObject\",\"inLanguage\":\"es\",\"@id\":\"https:\\\/\\\/secure.gravatar.com\\\/avatar\\\/eee448fc3f7164808013b816ba91ac7e43bbe82a70bebac296f8bc6f0addaa1a?s=96&d=mm&r=g\",\"url\":\"https:\\\/\\\/secure.gravatar.com\\\/avatar\\\/eee448fc3f7164808013b816ba91ac7e43bbe82a70bebac296f8bc6f0addaa1a?s=96&d=mm&r=g\",\"contentUrl\":\"https:\\\/\\\/secure.gravatar.com\\\/avatar\\\/eee448fc3f7164808013b816ba91ac7e43bbe82a70bebac296f8bc6f0addaa1a?s=96&d=mm&r=g\",\"caption\":\"edicionweb\"}}]}<\/script>\n<!-- \/ Yoast SEO plugin. -->","yoast_head_json":{"title":"La Fed rechaza por unanimidad aplicar tasas negativas de inter\u00e9s - Canal 7 SLP - 2019","robots":{"index":"index","follow":"follow","max-snippet":"max-snippet:-1","max-image-preview":"max-image-preview:large","max-video-preview":"max-video-preview:-1"},"canonical":"https:\/\/canal7slp.tv\/2019\/la-fed-rechaza-por-unanimidad-aplicar-tasas-negativas-de-interes\/","og_locale":"es_ES","og_type":"article","og_title":"La Fed rechaza por unanimidad aplicar tasas negativas de inter\u00e9s - Canal 7 SLP - 2019","og_description":"El organismo advierte que los riesgos para la econom\u00eda de Estados Unidos siguen siendo &#8220;elevados&#8221; debido a las guerras comerciales de Trump La Reserva Federal (Fed) de Estados Unidos descart\u00f3 por unanimidad instaurar tasas negativas de inter\u00e9s, algo que el presidente Donald Trump le ha reclamado reiteradamente, seg\u00fan un documento de la entidad divulgado el [&hellip;]","og_url":"https:\/\/canal7slp.tv\/2019\/la-fed-rechaza-por-unanimidad-aplicar-tasas-negativas-de-interes\/","og_site_name":"Canal 7 SLP - 2019","article_publisher":"https:\/\/www.facebook.com\/CANAL7SLP\/","article_published_time":"2019-11-20T21:06:41+00:00","og_image":[{"width":770,"height":485,"url":"https:\/\/canal7slp.tv\/2019\/wp-content\/uploads\/2019\/11\/1600-17.jpg","type":"image\/jpeg"}],"author":"edicionweb","twitter_card":"summary_large_image","twitter_creator":"@canal7_slp","twitter_site":"@canal7_slp","twitter_misc":{"Escrito por":"edicionweb","Tiempo de lectura":"2 minutos"},"schema":{"@context":"https:\/\/schema.org","@graph":[{"@type":"Article","@id":"https:\/\/canal7slp.tv\/2019\/la-fed-rechaza-por-unanimidad-aplicar-tasas-negativas-de-interes\/#article","isPartOf":{"@id":"https:\/\/canal7slp.tv\/2019\/la-fed-rechaza-por-unanimidad-aplicar-tasas-negativas-de-interes\/"},"author":{"name":"edicionweb","@id":"https:\/\/canal7slp.tv\/2019\/#\/schema\/person\/11d941c1c6ca30ac0a46b95fa37aa2e3"},"headline":"La Fed rechaza por unanimidad aplicar tasas negativas de inter\u00e9s","datePublished":"2019-11-20T21:06:41+00:00","mainEntityOfPage":{"@id":"https:\/\/canal7slp.tv\/2019\/la-fed-rechaza-por-unanimidad-aplicar-tasas-negativas-de-interes\/"},"wordCount":449,"commentCount":0,"publisher":{"@id":"https:\/\/canal7slp.tv\/2019\/#organization"},"image":{"@id":"https:\/\/canal7slp.tv\/2019\/la-fed-rechaza-por-unanimidad-aplicar-tasas-negativas-de-interes\/#primaryimage"},"thumbnailUrl":"https:\/\/canal7slp.tv\/2019\/wp-content\/uploads\/2019\/11\/1600-17.jpg","articleSection":["FINANZAS"],"inLanguage":"es","potentialAction":[{"@type":"CommentAction","name":"Comment","target":["https:\/\/canal7slp.tv\/2019\/la-fed-rechaza-por-unanimidad-aplicar-tasas-negativas-de-interes\/#respond"]}]},{"@type":"WebPage","@id":"https:\/\/canal7slp.tv\/2019\/la-fed-rechaza-por-unanimidad-aplicar-tasas-negativas-de-interes\/","url":"https:\/\/canal7slp.tv\/2019\/la-fed-rechaza-por-unanimidad-aplicar-tasas-negativas-de-interes\/","name":"La Fed rechaza por unanimidad aplicar tasas negativas de inter\u00e9s - Canal 7 SLP - 2019","isPartOf":{"@id":"https:\/\/canal7slp.tv\/2019\/#website"},"primaryImageOfPage":{"@id":"https:\/\/canal7slp.tv\/2019\/la-fed-rechaza-por-unanimidad-aplicar-tasas-negativas-de-interes\/#primaryimage"},"image":{"@id":"https:\/\/canal7slp.tv\/2019\/la-fed-rechaza-por-unanimidad-aplicar-tasas-negativas-de-interes\/#primaryimage"},"thumbnailUrl":"https:\/\/canal7slp.tv\/2019\/wp-content\/uploads\/2019\/11\/1600-17.jpg","datePublished":"2019-11-20T21:06:41+00:00","breadcrumb":{"@id":"https:\/\/canal7slp.tv\/2019\/la-fed-rechaza-por-unanimidad-aplicar-tasas-negativas-de-interes\/#breadcrumb"},"inLanguage":"es","potentialAction":[{"@type":"ReadAction","target":["https:\/\/canal7slp.tv\/2019\/la-fed-rechaza-por-unanimidad-aplicar-tasas-negativas-de-interes\/"]}]},{"@type":"ImageObject","inLanguage":"es","@id":"https:\/\/canal7slp.tv\/2019\/la-fed-rechaza-por-unanimidad-aplicar-tasas-negativas-de-interes\/#primaryimage","url":"https:\/\/canal7slp.tv\/2019\/wp-content\/uploads\/2019\/11\/1600-17.jpg","contentUrl":"https:\/\/canal7slp.tv\/2019\/wp-content\/uploads\/2019\/11\/1600-17.jpg","width":770,"height":485},{"@type":"BreadcrumbList","@id":"https:\/\/canal7slp.tv\/2019\/la-fed-rechaza-por-unanimidad-aplicar-tasas-negativas-de-interes\/#breadcrumb","itemListElement":[{"@type":"ListItem","position":1,"name":"Home","item":"https:\/\/canal7slp.tv\/2019\/"},{"@type":"ListItem","position":2,"name":"La Fed rechaza por unanimidad aplicar tasas negativas de inter\u00e9s"}]},{"@type":"WebSite","@id":"https:\/\/canal7slp.tv\/2019\/#website","url":"https:\/\/canal7slp.tv\/2019\/","name":"Canal 7 SLP - Somos TV","description":"Somos un Canal de 10","publisher":{"@id":"https:\/\/canal7slp.tv\/2019\/#organization"},"potentialAction":[{"@type":"SearchAction","target":{"@type":"EntryPoint","urlTemplate":"https:\/\/canal7slp.tv\/2019\/?s={search_term_string}"},"query-input":{"@type":"PropertyValueSpecification","valueRequired":true,"valueName":"search_term_string"}}],"inLanguage":"es"},{"@type":"Organization","@id":"https:\/\/canal7slp.tv\/2019\/#organization","name":"Comunicaci\u00f3n 2000 S.A. de C.V.","url":"https:\/\/canal7slp.tv\/2019\/","logo":{"@type":"ImageObject","inLanguage":"es","@id":"https:\/\/canal7slp.tv\/2019\/#\/schema\/logo\/image\/","url":"https:\/\/canal7slp.tv\/2019\/wp-content\/uploads\/2019\/07\/logo-c7.png","contentUrl":"https:\/\/canal7slp.tv\/2019\/wp-content\/uploads\/2019\/07\/logo-c7.png","width":220,"height":60,"caption":"Comunicaci\u00f3n 2000 S.A. de C.V."},"image":{"@id":"https:\/\/canal7slp.tv\/2019\/#\/schema\/logo\/image\/"},"sameAs":["https:\/\/www.facebook.com\/CANAL7SLP\/","https:\/\/x.com\/canal7_slp","https:\/\/www.instagram.com\/canal7_slp","https:\/\/www.youtube.com\/user\/NOTICIEROSCANAL7SLP\/"]},{"@type":"Person","@id":"https:\/\/canal7slp.tv\/2019\/#\/schema\/person\/11d941c1c6ca30ac0a46b95fa37aa2e3","name":"edicionweb","image":{"@type":"ImageObject","inLanguage":"es","@id":"https:\/\/secure.gravatar.com\/avatar\/eee448fc3f7164808013b816ba91ac7e43bbe82a70bebac296f8bc6f0addaa1a?s=96&d=mm&r=g","url":"https:\/\/secure.gravatar.com\/avatar\/eee448fc3f7164808013b816ba91ac7e43bbe82a70bebac296f8bc6f0addaa1a?s=96&d=mm&r=g","contentUrl":"https:\/\/secure.gravatar.com\/avatar\/eee448fc3f7164808013b816ba91ac7e43bbe82a70bebac296f8bc6f0addaa1a?s=96&d=mm&r=g","caption":"edicionweb"}}]}},"amp_enabled":true,"cmb2":{"video_ids_in_playlist":{"vid_p_videos":""},"video_ids_in_channel":{"vid_c_videos":""},"playlist_ids_in_channel":{"vid_c_playlists":""},"series_ids_in_channel":{"vid_c_series":""},"channel_images":{"vid_c_logo":"","vid_c_banner":""},"poster_feature_image":{"vid_m_poster_image":""},"gif_feature_image":{"vid_m_gif_image":""},"video_movie_settings":{"vid_m_director":"","vid_m_actor":"","vid_m_imdb_ratings":"","vid_m_amazon_associates":""},"vid_youtube_broadcasts_settings":{"vid_yb_broadcast_title":"","vid_yb_q":"","vid_yb_channelid":"","vid_yb_videocategoryid":"","vid_yb_maxresults":"","vid_yb_order":"","vid_yb_regioncode":"","vid_yb_videosyndicated":"","vid_yb_style":"","vid_yb_reload_first":""},"video_series_settings":{"vid_m_director":"","vid_m_actor":"","vid_m_imdb_ratings":"","video_series_group":""},"amazon_associates_settings":{"amazon_associates":"","amazon_native_ad":""},"vid_youtube_automatic_settings":{"vid_ya_youtube_source":"","vid_ya_update_every":"","vid_ya_update_unit":"","vid_ya_categories":"","vid_ya_published_after":"","vid_ya_published_before":"","vid_ya_playlists":"","vid_ya_channels":"","vid_ya_director":"","vid_ya_actor":"","vid_ya_author":"","vid_ya_import_post_date":"","vid_ya_status":"","vid_ya_sub_api_key":""},"vid_ads_m_videoads_settings_post":{"vid_ads_m_video_ads":"","vid_ads_m_video_ads_type":"","vid_ads_m_group_google_ima":"","vid_ads_m_group_image":"","vid_ads_m_group_html5_video":"","vid_ads_m_group_html":"","vid_ads_m_vast_preroll":"","vid_ads_m_vast_postroll":"","vid_ads_m_vast_pauseroll":"","vid_ads_m_vast_midroll":[{"vid_ads_m_vast_timer_seconds":"50"}],"vid_ads_m_time_to_show_ads":"","vid_ads_m_time_skip_ads":"","vid_ads_m_time_to_hide_ads":""},"page_slider_settings":{"display_slider_group":"","page_slider_group":""},"blog_page_settings":{"blog_page_title":"","blog_page_heading":"","blog_page_ic":"","blog_page_it":"","blog_page_ec":"","blog_page_ip":"","archive_loop_style":"","blog_image_ratio":"","blog_show_categories":"","blog_show_excerpt":"","blog_show_author":"","blog_show_date":"","blog_show_comment_count":"","blog_show_view_count":"","blog_show_like_count":"","blog_show_dislike_count":"","blog_items_per_page":"","blog_pag_type":""},"page_options":{"get_page_template":"","color_mode":"","main_layout":"","main_layout_full_with":"","main_logo":"","main_logo_retina":"","main_logo_mobile":"","main_logo_mobile_retina":"","sticky_logo":"","sticky_logo_retina":"","main_nav_layout":"","ajax_search":"","header_background":"","theme_sidebar":"","instagram_feed":"","instagram_feed_position":"","popular_videos":"","popular_videos_title_1":"","popular_videos_title_2":"","popular_videos_ic":"","popular_videos_it":"","theme_background":"","page_custom_css":""},"feature_image_settings":{"feature_image_position":""},"video_player_settings":{"single_video_style":"","video_player_position":"","vm_video_url":"","video_player_library":"","video_streaming":"","vm_media_sources":"","vid_auto_play":"","vm_video_shortcode":"","vid_p_sync_playlist":"","vid_c_sync_channel":"","get_post_format":"","multiple_links_structure":"default","multi_links_title":"","vm_video_multi_links":"","vm_duration":"","vid_social_locker":"off","vid_social_locker_id":"","vid_membership_action":"content-video","vm_video_trailer_url":"","vid_download_type":"free","vid_download_target":"download","vid_woo_product":"","vm_media_download":"","user_rating":"","user_rating_position":"","user_rating_mode":"","user_rating_multi_sets":""},"video_auto_fetch_settings":{"vm_video_fetch":"on"},"video_fake_views_likes":{"vm_fake_views":"","vm_fake_likes":"","vm_fake_dislikes":""},"gallery_settings":{"gallery_position":""},"quote_settings":{"quote_position":""},"post_options":{"main_layout":"","main_logo":"","main_logo_retina":"","main_logo_mobile":"","main_logo_mobile_retina":"","sticky_logo":"","sticky_logo_retina":"","main_nav_layout":"","header_background":"","theme_sidebar":"","single_post_comment_type":"","theme_background":""}},"_links":{"self":[{"href":"https:\/\/canal7slp.tv\/2019\/wp-json\/wp\/v2\/posts\/83128","targetHints":{"allow":["GET"]}}],"collection":[{"href":"https:\/\/canal7slp.tv\/2019\/wp-json\/wp\/v2\/posts"}],"about":[{"href":"https:\/\/canal7slp.tv\/2019\/wp-json\/wp\/v2\/types\/post"}],"author":[{"embeddable":true,"href":"https:\/\/canal7slp.tv\/2019\/wp-json\/wp\/v2\/users\/2"}],"replies":[{"embeddable":true,"href":"https:\/\/canal7slp.tv\/2019\/wp-json\/wp\/v2\/comments?post=83128"}],"version-history":[{"count":0,"href":"https:\/\/canal7slp.tv\/2019\/wp-json\/wp\/v2\/posts\/83128\/revisions"}],"wp:featuredmedia":[{"embeddable":true,"href":"https:\/\/canal7slp.tv\/2019\/wp-json\/wp\/v2\/media\/83129"}],"wp:attachment":[{"href":"https:\/\/canal7slp.tv\/2019\/wp-json\/wp\/v2\/media?parent=83128"}],"wp:term":[{"taxonomy":"category","embeddable":true,"href":"https:\/\/canal7slp.tv\/2019\/wp-json\/wp\/v2\/categories?post=83128"},{"taxonomy":"post_tag","embeddable":true,"href":"https:\/\/canal7slp.tv\/2019\/wp-json\/wp\/v2\/tags?post=83128"}],"curies":[{"name":"wp","href":"https:\/\/api.w.org\/{rel}","templated":true}]}}