{"id":82726,"date":"2019-11-19T08:01:27","date_gmt":"2019-11-19T14:01:27","guid":{"rendered":"https:\/\/canal7slp.tv\/2019\/?p=82726"},"modified":"2019-11-19T08:01:27","modified_gmt":"2019-11-19T14:01:27","slug":"al-menos-90-muertos-dejan-protestas-antigubernamentales-en-iran","status":"publish","type":"post","link":"https:\/\/canal7slp.tv\/2019\/al-menos-90-muertos-dejan-protestas-antigubernamentales-en-iran\/","title":{"rendered":"Al menos 90 muertos dejan protestas antigubernamentales en Ir\u00e1n"},"content":{"rendered":"<ul>\n<li style=\"text-align: justify\">Por cinco d\u00edas se han presentado violentas manifestaciones contra el alza en el precio de los combustibles<\/li>\n<\/ul>\n<p style=\"text-align: justify\">Ir\u00e1n.- Al menos 90 personas muertas, miles de heridos y cientos de manifestantes detenidos han dejado las violentas protestas en Ir\u00e1n, que entraron en su quinto d\u00eda en rechazo al alza del precio de la gasolina, informaron medios locales.<\/p>\n<p style=\"text-align: justify\">La emisora opositora Radio Farda estim\u00f3 el n\u00famero de muertos en unos 90, pero varios activistas elevaron en 200 la cifra de v\u00edctimas mortales, mientras que el gobierno a\u00fan no ha anunciado una cifra oficial.<\/p>\n<p style=\"text-align: justify\">Las manifestaciones estallaron el viernes pasado despu\u00e9s de que el gobierno de Teher\u00e1n anunci\u00f3 un alza al precio de la gasolina de un 50 por ciento para los primeros 60 litros y en un 200 por ciento para cualquier combustible adicional.<\/p>\n<p style=\"text-align: justify\">La provincia occidental de Kurdist\u00e1n y la provincia suroccidental de Khuzestan han registrado hasta ahora el mayor n\u00famero de muertes, seg\u00fan Radio Farda, que cit\u00f3 a activistas kurdos y ahwazis.<\/p>\n<p style=\"text-align: justify\">Al menos 20 personas fueron asesinadas en enfrentamientos &#8220;severos&#8221; con las fuerzas de seguridad el lunes en la ciudad de Mahshahr, dijo el activista de derechos humanos con sede en Londres, Karim Dehimi, a la emisora.<\/p>\n<p style=\"text-align: justify\">El periodista iran\u00ed Shahed Alavi cit\u00f3 el lunes una fuente del Ministerio del Interior de Ir\u00e1n diciendo que 200 personas hab\u00edan muerto y m\u00e1s de tres mil resultaron heridas.<\/p>\n<p style=\"text-align: justify\">Las ciudades de Tabriz, Mashhad, Teher\u00e1n, Shiraz, Gorgan, Khorramabad, Qom, Ilam y Karaj se encuentran entre las principales localidades donde los manifestantes han salido a las calles para protestar por el alza del precio del combustible.<\/p>\n<p style=\"text-align: justify\">Sin embargo, en varias ciudades como Tabriz, han surgido enfrentamientos entre las fuerzas de seguridad y los manifestantes.<\/p>\n<p style=\"text-align: justify\">Decenas de edificios y propiedades p\u00fablicas, incluidos los bancos, han sido destruidos por los manifestantes en la provincia de Isfahan en los \u00faltimos d\u00edas de manifestaciones antigubernamentales, declararon el lunes funcionarios provinciales.<\/p>\n<p style=\"text-align: justify\">&#8220;Sesenta y nueve bancos han sido da\u00f1ados, 28 autobuses han sido incendiados, los edificios municipales de la provincia de Isfahan han sido atacados y 2 bases de las fuerzas (voluntarias) de Basij tambi\u00e9n han sido da\u00f1adas&#8221;, dijo el vicealcalde de la provincia de Isfahan, Hossein Amiri, cit\u00f3 la agencia a FARS.<\/p>\n<p style=\"text-align: justify\">El l\u00edder supremo de Ir\u00e1n, Ali Khamenei, respald\u00f3 el domingo la decisi\u00f3n del gobierno, culpando de las protestas nacionales que siguieron a la decisi\u00f3n de los opositores y enemigos extranjeros de la Rep\u00fablica Isl\u00e1mica.<\/p>\n<p style=\"text-align: justify\">El Cuerpo de la Guardia Revolucionaria Isl\u00e1mica de Ir\u00e1n (IRGC) advirti\u00f3 la v\u00edspera a los manifestantes antigubernamentales de una acci\u00f3n &#8220;decisiva&#8221; si no cesan los disturbios, dijeron los medios estatales, aludiendo a una dura represi\u00f3n de seguridad.<\/p>\n<p style=\"text-align: justify\">El IRGC tambi\u00e9n dijo el lunes que arrest\u00f3 a 150 manifestantes en la provincia de Alborz, inform\u00f3 la agencia de noticias semioficial Tasnim.<\/p>\n","protected":false},"excerpt":{"rendered":"<p>Por cinco d\u00edas se han presentado violentas manifestaciones contra el alza en el precio de los combustibles Ir\u00e1n.- Al menos 90 personas muertas, miles de heridos y cientos de manifestantes detenidos han dejado las violentas protestas en Ir\u00e1n, que entraron en su quinto d\u00eda en rechazo al alza del precio de la gasolina, informaron medios [&hellip;]<\/p>\n","protected":false},"author":2,"featured_media":82727,"comment_status":"open","ping_status":"open","sticky":false,"template":"","format":"standard","meta":{"footnotes":""},"categories":[18],"tags":[],"class_list":["post-82726","post","type-post","status-publish","format-standard","has-post-thumbnail","hentry","category-internacional"],"yoast_head":"<!-- This site is optimized with the Yoast SEO plugin v27.5 - https:\/\/yoast.com\/product\/yoast-seo-wordpress\/ -->\n<title>Al menos 90 muertos dejan protestas antigubernamentales en Ir\u00e1n - Canal 7 SLP - 2019<\/title>\n<meta name=\"robots\" content=\"index, follow, max-snippet:-1, max-image-preview:large, max-video-preview:-1\" \/>\n<link rel=\"canonical\" href=\"https:\/\/canal7slp.tv\/2019\/al-menos-90-muertos-dejan-protestas-antigubernamentales-en-iran\/\" \/>\n<meta property=\"og:locale\" content=\"es_ES\" \/>\n<meta property=\"og:type\" content=\"article\" \/>\n<meta property=\"og:title\" content=\"Al menos 90 muertos dejan protestas antigubernamentales en Ir\u00e1n - Canal 7 SLP - 2019\" \/>\n<meta property=\"og:description\" content=\"Por cinco d\u00edas se han presentado violentas manifestaciones contra el alza en el precio de los combustibles Ir\u00e1n.- Al menos 90 personas muertas, miles de heridos y cientos de manifestantes detenidos han dejado las violentas protestas en Ir\u00e1n, que entraron en su quinto d\u00eda en rechazo al alza del precio de la gasolina, informaron medios [&hellip;]\" \/>\n<meta property=\"og:url\" content=\"https:\/\/canal7slp.tv\/2019\/al-menos-90-muertos-dejan-protestas-antigubernamentales-en-iran\/\" \/>\n<meta property=\"og:site_name\" content=\"Canal 7 SLP - 2019\" \/>\n<meta property=\"article:publisher\" content=\"https:\/\/www.facebook.com\/CANAL7SLP\/\" \/>\n<meta property=\"article:published_time\" content=\"2019-11-19T14:01:27+00:00\" \/>\n<meta property=\"og:image\" content=\"https:\/\/canal7slp.tv\/2019\/wp-content\/uploads\/2019\/11\/930-13.jpg\" \/>\n\t<meta property=\"og:image:width\" content=\"770\" \/>\n\t<meta property=\"og:image:height\" content=\"485\" \/>\n\t<meta property=\"og:image:type\" content=\"image\/jpeg\" \/>\n<meta name=\"author\" content=\"edicionweb\" \/>\n<meta name=\"twitter:card\" content=\"summary_large_image\" \/>\n<meta name=\"twitter:creator\" content=\"@canal7_slp\" \/>\n<meta name=\"twitter:site\" content=\"@canal7_slp\" \/>\n<meta name=\"twitter:label1\" content=\"Escrito por\" \/>\n\t<meta name=\"twitter:data1\" content=\"edicionweb\" \/>\n\t<meta name=\"twitter:label2\" content=\"Tiempo de lectura\" \/>\n\t<meta name=\"twitter:data2\" content=\"2 minutos\" \/>\n<script type=\"application\/ld+json\" class=\"yoast-schema-graph\">{\"@context\":\"https:\\\/\\\/schema.org\",\"@graph\":[{\"@type\":\"Article\",\"@id\":\"https:\\\/\\\/canal7slp.tv\\\/2019\\\/al-menos-90-muertos-dejan-protestas-antigubernamentales-en-iran\\\/#article\",\"isPartOf\":{\"@id\":\"https:\\\/\\\/canal7slp.tv\\\/2019\\\/al-menos-90-muertos-dejan-protestas-antigubernamentales-en-iran\\\/\"},\"author\":{\"name\":\"edicionweb\",\"@id\":\"https:\\\/\\\/canal7slp.tv\\\/2019\\\/#\\\/schema\\\/person\\\/11d941c1c6ca30ac0a46b95fa37aa2e3\"},\"headline\":\"Al menos 90 muertos dejan protestas antigubernamentales en Ir\u00e1n\",\"datePublished\":\"2019-11-19T14:01:27+00:00\",\"mainEntityOfPage\":{\"@id\":\"https:\\\/\\\/canal7slp.tv\\\/2019\\\/al-menos-90-muertos-dejan-protestas-antigubernamentales-en-iran\\\/\"},\"wordCount\":490,\"commentCount\":0,\"publisher\":{\"@id\":\"https:\\\/\\\/canal7slp.tv\\\/2019\\\/#organization\"},\"image\":{\"@id\":\"https:\\\/\\\/canal7slp.tv\\\/2019\\\/al-menos-90-muertos-dejan-protestas-antigubernamentales-en-iran\\\/#primaryimage\"},\"thumbnailUrl\":\"https:\\\/\\\/canal7slp.tv\\\/2019\\\/wp-content\\\/uploads\\\/2019\\\/11\\\/930-13.jpg\",\"articleSection\":[\"INTERNACIONAL\"],\"inLanguage\":\"es\",\"potentialAction\":[{\"@type\":\"CommentAction\",\"name\":\"Comment\",\"target\":[\"https:\\\/\\\/canal7slp.tv\\\/2019\\\/al-menos-90-muertos-dejan-protestas-antigubernamentales-en-iran\\\/#respond\"]}]},{\"@type\":\"WebPage\",\"@id\":\"https:\\\/\\\/canal7slp.tv\\\/2019\\\/al-menos-90-muertos-dejan-protestas-antigubernamentales-en-iran\\\/\",\"url\":\"https:\\\/\\\/canal7slp.tv\\\/2019\\\/al-menos-90-muertos-dejan-protestas-antigubernamentales-en-iran\\\/\",\"name\":\"Al menos 90 muertos dejan protestas antigubernamentales en Ir\u00e1n - Canal 7 SLP - 2019\",\"isPartOf\":{\"@id\":\"https:\\\/\\\/canal7slp.tv\\\/2019\\\/#website\"},\"primaryImageOfPage\":{\"@id\":\"https:\\\/\\\/canal7slp.tv\\\/2019\\\/al-menos-90-muertos-dejan-protestas-antigubernamentales-en-iran\\\/#primaryimage\"},\"image\":{\"@id\":\"https:\\\/\\\/canal7slp.tv\\\/2019\\\/al-menos-90-muertos-dejan-protestas-antigubernamentales-en-iran\\\/#primaryimage\"},\"thumbnailUrl\":\"https:\\\/\\\/canal7slp.tv\\\/2019\\\/wp-content\\\/uploads\\\/2019\\\/11\\\/930-13.jpg\",\"datePublished\":\"2019-11-19T14:01:27+00:00\",\"breadcrumb\":{\"@id\":\"https:\\\/\\\/canal7slp.tv\\\/2019\\\/al-menos-90-muertos-dejan-protestas-antigubernamentales-en-iran\\\/#breadcrumb\"},\"inLanguage\":\"es\",\"potentialAction\":[{\"@type\":\"ReadAction\",\"target\":[\"https:\\\/\\\/canal7slp.tv\\\/2019\\\/al-menos-90-muertos-dejan-protestas-antigubernamentales-en-iran\\\/\"]}]},{\"@type\":\"ImageObject\",\"inLanguage\":\"es\",\"@id\":\"https:\\\/\\\/canal7slp.tv\\\/2019\\\/al-menos-90-muertos-dejan-protestas-antigubernamentales-en-iran\\\/#primaryimage\",\"url\":\"https:\\\/\\\/canal7slp.tv\\\/2019\\\/wp-content\\\/uploads\\\/2019\\\/11\\\/930-13.jpg\",\"contentUrl\":\"https:\\\/\\\/canal7slp.tv\\\/2019\\\/wp-content\\\/uploads\\\/2019\\\/11\\\/930-13.jpg\",\"width\":770,\"height\":485},{\"@type\":\"BreadcrumbList\",\"@id\":\"https:\\\/\\\/canal7slp.tv\\\/2019\\\/al-menos-90-muertos-dejan-protestas-antigubernamentales-en-iran\\\/#breadcrumb\",\"itemListElement\":[{\"@type\":\"ListItem\",\"position\":1,\"name\":\"Home\",\"item\":\"https:\\\/\\\/canal7slp.tv\\\/2019\\\/\"},{\"@type\":\"ListItem\",\"position\":2,\"name\":\"Al menos 90 muertos dejan protestas antigubernamentales en Ir\u00e1n\"}]},{\"@type\":\"WebSite\",\"@id\":\"https:\\\/\\\/canal7slp.tv\\\/2019\\\/#website\",\"url\":\"https:\\\/\\\/canal7slp.tv\\\/2019\\\/\",\"name\":\"Canal 7 SLP - Somos TV\",\"description\":\"Somos un Canal de 10\",\"publisher\":{\"@id\":\"https:\\\/\\\/canal7slp.tv\\\/2019\\\/#organization\"},\"potentialAction\":[{\"@type\":\"SearchAction\",\"target\":{\"@type\":\"EntryPoint\",\"urlTemplate\":\"https:\\\/\\\/canal7slp.tv\\\/2019\\\/?s={search_term_string}\"},\"query-input\":{\"@type\":\"PropertyValueSpecification\",\"valueRequired\":true,\"valueName\":\"search_term_string\"}}],\"inLanguage\":\"es\"},{\"@type\":\"Organization\",\"@id\":\"https:\\\/\\\/canal7slp.tv\\\/2019\\\/#organization\",\"name\":\"Comunicaci\u00f3n 2000 S.A. de C.V.\",\"url\":\"https:\\\/\\\/canal7slp.tv\\\/2019\\\/\",\"logo\":{\"@type\":\"ImageObject\",\"inLanguage\":\"es\",\"@id\":\"https:\\\/\\\/canal7slp.tv\\\/2019\\\/#\\\/schema\\\/logo\\\/image\\\/\",\"url\":\"https:\\\/\\\/canal7slp.tv\\\/2019\\\/wp-content\\\/uploads\\\/2019\\\/07\\\/logo-c7.png\",\"contentUrl\":\"https:\\\/\\\/canal7slp.tv\\\/2019\\\/wp-content\\\/uploads\\\/2019\\\/07\\\/logo-c7.png\",\"width\":220,\"height\":60,\"caption\":\"Comunicaci\u00f3n 2000 S.A. de C.V.\"},\"image\":{\"@id\":\"https:\\\/\\\/canal7slp.tv\\\/2019\\\/#\\\/schema\\\/logo\\\/image\\\/\"},\"sameAs\":[\"https:\\\/\\\/www.facebook.com\\\/CANAL7SLP\\\/\",\"https:\\\/\\\/x.com\\\/canal7_slp\",\"https:\\\/\\\/www.instagram.com\\\/canal7_slp\",\"https:\\\/\\\/www.youtube.com\\\/user\\\/NOTICIEROSCANAL7SLP\\\/\"]},{\"@type\":\"Person\",\"@id\":\"https:\\\/\\\/canal7slp.tv\\\/2019\\\/#\\\/schema\\\/person\\\/11d941c1c6ca30ac0a46b95fa37aa2e3\",\"name\":\"edicionweb\",\"image\":{\"@type\":\"ImageObject\",\"inLanguage\":\"es\",\"@id\":\"https:\\\/\\\/secure.gravatar.com\\\/avatar\\\/eee448fc3f7164808013b816ba91ac7e43bbe82a70bebac296f8bc6f0addaa1a?s=96&d=mm&r=g\",\"url\":\"https:\\\/\\\/secure.gravatar.com\\\/avatar\\\/eee448fc3f7164808013b816ba91ac7e43bbe82a70bebac296f8bc6f0addaa1a?s=96&d=mm&r=g\",\"contentUrl\":\"https:\\\/\\\/secure.gravatar.com\\\/avatar\\\/eee448fc3f7164808013b816ba91ac7e43bbe82a70bebac296f8bc6f0addaa1a?s=96&d=mm&r=g\",\"caption\":\"edicionweb\"}}]}<\/script>\n<!-- \/ Yoast SEO plugin. -->","yoast_head_json":{"title":"Al menos 90 muertos dejan protestas antigubernamentales en Ir\u00e1n - Canal 7 SLP - 2019","robots":{"index":"index","follow":"follow","max-snippet":"max-snippet:-1","max-image-preview":"max-image-preview:large","max-video-preview":"max-video-preview:-1"},"canonical":"https:\/\/canal7slp.tv\/2019\/al-menos-90-muertos-dejan-protestas-antigubernamentales-en-iran\/","og_locale":"es_ES","og_type":"article","og_title":"Al menos 90 muertos dejan protestas antigubernamentales en Ir\u00e1n - Canal 7 SLP - 2019","og_description":"Por cinco d\u00edas se han presentado violentas manifestaciones contra el alza en el precio de los combustibles Ir\u00e1n.- Al menos 90 personas muertas, miles de heridos y cientos de manifestantes detenidos han dejado las violentas protestas en Ir\u00e1n, que entraron en su quinto d\u00eda en rechazo al alza del precio de la gasolina, informaron medios [&hellip;]","og_url":"https:\/\/canal7slp.tv\/2019\/al-menos-90-muertos-dejan-protestas-antigubernamentales-en-iran\/","og_site_name":"Canal 7 SLP - 2019","article_publisher":"https:\/\/www.facebook.com\/CANAL7SLP\/","article_published_time":"2019-11-19T14:01:27+00:00","og_image":[{"width":770,"height":485,"url":"https:\/\/canal7slp.tv\/2019\/wp-content\/uploads\/2019\/11\/930-13.jpg","type":"image\/jpeg"}],"author":"edicionweb","twitter_card":"summary_large_image","twitter_creator":"@canal7_slp","twitter_site":"@canal7_slp","twitter_misc":{"Escrito por":"edicionweb","Tiempo de lectura":"2 minutos"},"schema":{"@context":"https:\/\/schema.org","@graph":[{"@type":"Article","@id":"https:\/\/canal7slp.tv\/2019\/al-menos-90-muertos-dejan-protestas-antigubernamentales-en-iran\/#article","isPartOf":{"@id":"https:\/\/canal7slp.tv\/2019\/al-menos-90-muertos-dejan-protestas-antigubernamentales-en-iran\/"},"author":{"name":"edicionweb","@id":"https:\/\/canal7slp.tv\/2019\/#\/schema\/person\/11d941c1c6ca30ac0a46b95fa37aa2e3"},"headline":"Al menos 90 muertos dejan protestas antigubernamentales en Ir\u00e1n","datePublished":"2019-11-19T14:01:27+00:00","mainEntityOfPage":{"@id":"https:\/\/canal7slp.tv\/2019\/al-menos-90-muertos-dejan-protestas-antigubernamentales-en-iran\/"},"wordCount":490,"commentCount":0,"publisher":{"@id":"https:\/\/canal7slp.tv\/2019\/#organization"},"image":{"@id":"https:\/\/canal7slp.tv\/2019\/al-menos-90-muertos-dejan-protestas-antigubernamentales-en-iran\/#primaryimage"},"thumbnailUrl":"https:\/\/canal7slp.tv\/2019\/wp-content\/uploads\/2019\/11\/930-13.jpg","articleSection":["INTERNACIONAL"],"inLanguage":"es","potentialAction":[{"@type":"CommentAction","name":"Comment","target":["https:\/\/canal7slp.tv\/2019\/al-menos-90-muertos-dejan-protestas-antigubernamentales-en-iran\/#respond"]}]},{"@type":"WebPage","@id":"https:\/\/canal7slp.tv\/2019\/al-menos-90-muertos-dejan-protestas-antigubernamentales-en-iran\/","url":"https:\/\/canal7slp.tv\/2019\/al-menos-90-muertos-dejan-protestas-antigubernamentales-en-iran\/","name":"Al menos 90 muertos dejan protestas antigubernamentales en Ir\u00e1n - Canal 7 SLP - 2019","isPartOf":{"@id":"https:\/\/canal7slp.tv\/2019\/#website"},"primaryImageOfPage":{"@id":"https:\/\/canal7slp.tv\/2019\/al-menos-90-muertos-dejan-protestas-antigubernamentales-en-iran\/#primaryimage"},"image":{"@id":"https:\/\/canal7slp.tv\/2019\/al-menos-90-muertos-dejan-protestas-antigubernamentales-en-iran\/#primaryimage"},"thumbnailUrl":"https:\/\/canal7slp.tv\/2019\/wp-content\/uploads\/2019\/11\/930-13.jpg","datePublished":"2019-11-19T14:01:27+00:00","breadcrumb":{"@id":"https:\/\/canal7slp.tv\/2019\/al-menos-90-muertos-dejan-protestas-antigubernamentales-en-iran\/#breadcrumb"},"inLanguage":"es","potentialAction":[{"@type":"ReadAction","target":["https:\/\/canal7slp.tv\/2019\/al-menos-90-muertos-dejan-protestas-antigubernamentales-en-iran\/"]}]},{"@type":"ImageObject","inLanguage":"es","@id":"https:\/\/canal7slp.tv\/2019\/al-menos-90-muertos-dejan-protestas-antigubernamentales-en-iran\/#primaryimage","url":"https:\/\/canal7slp.tv\/2019\/wp-content\/uploads\/2019\/11\/930-13.jpg","contentUrl":"https:\/\/canal7slp.tv\/2019\/wp-content\/uploads\/2019\/11\/930-13.jpg","width":770,"height":485},{"@type":"BreadcrumbList","@id":"https:\/\/canal7slp.tv\/2019\/al-menos-90-muertos-dejan-protestas-antigubernamentales-en-iran\/#breadcrumb","itemListElement":[{"@type":"ListItem","position":1,"name":"Home","item":"https:\/\/canal7slp.tv\/2019\/"},{"@type":"ListItem","position":2,"name":"Al menos 90 muertos dejan protestas antigubernamentales en Ir\u00e1n"}]},{"@type":"WebSite","@id":"https:\/\/canal7slp.tv\/2019\/#website","url":"https:\/\/canal7slp.tv\/2019\/","name":"Canal 7 SLP - Somos TV","description":"Somos un Canal de 10","publisher":{"@id":"https:\/\/canal7slp.tv\/2019\/#organization"},"potentialAction":[{"@type":"SearchAction","target":{"@type":"EntryPoint","urlTemplate":"https:\/\/canal7slp.tv\/2019\/?s={search_term_string}"},"query-input":{"@type":"PropertyValueSpecification","valueRequired":true,"valueName":"search_term_string"}}],"inLanguage":"es"},{"@type":"Organization","@id":"https:\/\/canal7slp.tv\/2019\/#organization","name":"Comunicaci\u00f3n 2000 S.A. de C.V.","url":"https:\/\/canal7slp.tv\/2019\/","logo":{"@type":"ImageObject","inLanguage":"es","@id":"https:\/\/canal7slp.tv\/2019\/#\/schema\/logo\/image\/","url":"https:\/\/canal7slp.tv\/2019\/wp-content\/uploads\/2019\/07\/logo-c7.png","contentUrl":"https:\/\/canal7slp.tv\/2019\/wp-content\/uploads\/2019\/07\/logo-c7.png","width":220,"height":60,"caption":"Comunicaci\u00f3n 2000 S.A. de C.V."},"image":{"@id":"https:\/\/canal7slp.tv\/2019\/#\/schema\/logo\/image\/"},"sameAs":["https:\/\/www.facebook.com\/CANAL7SLP\/","https:\/\/x.com\/canal7_slp","https:\/\/www.instagram.com\/canal7_slp","https:\/\/www.youtube.com\/user\/NOTICIEROSCANAL7SLP\/"]},{"@type":"Person","@id":"https:\/\/canal7slp.tv\/2019\/#\/schema\/person\/11d941c1c6ca30ac0a46b95fa37aa2e3","name":"edicionweb","image":{"@type":"ImageObject","inLanguage":"es","@id":"https:\/\/secure.gravatar.com\/avatar\/eee448fc3f7164808013b816ba91ac7e43bbe82a70bebac296f8bc6f0addaa1a?s=96&d=mm&r=g","url":"https:\/\/secure.gravatar.com\/avatar\/eee448fc3f7164808013b816ba91ac7e43bbe82a70bebac296f8bc6f0addaa1a?s=96&d=mm&r=g","contentUrl":"https:\/\/secure.gravatar.com\/avatar\/eee448fc3f7164808013b816ba91ac7e43bbe82a70bebac296f8bc6f0addaa1a?s=96&d=mm&r=g","caption":"edicionweb"}}]}},"amp_enabled":true,"cmb2":{"video_ids_in_playlist":{"vid_p_videos":""},"video_ids_in_channel":{"vid_c_videos":""},"playlist_ids_in_channel":{"vid_c_playlists":""},"series_ids_in_channel":{"vid_c_series":""},"channel_images":{"vid_c_logo":"","vid_c_banner":""},"poster_feature_image":{"vid_m_poster_image":""},"gif_feature_image":{"vid_m_gif_image":""},"video_movie_settings":{"vid_m_director":"","vid_m_actor":"","vid_m_imdb_ratings":"","vid_m_amazon_associates":""},"vid_youtube_broadcasts_settings":{"vid_yb_broadcast_title":"","vid_yb_q":"","vid_yb_channelid":"","vid_yb_videocategoryid":"","vid_yb_maxresults":"","vid_yb_order":"","vid_yb_regioncode":"","vid_yb_videosyndicated":"","vid_yb_style":"","vid_yb_reload_first":""},"video_series_settings":{"vid_m_director":"","vid_m_actor":"","vid_m_imdb_ratings":"","video_series_group":""},"amazon_associates_settings":{"amazon_associates":"","amazon_native_ad":""},"vid_youtube_automatic_settings":{"vid_ya_youtube_source":"","vid_ya_update_every":"","vid_ya_update_unit":"","vid_ya_categories":"","vid_ya_published_after":"","vid_ya_published_before":"","vid_ya_playlists":"","vid_ya_channels":"","vid_ya_director":"","vid_ya_actor":"","vid_ya_author":"","vid_ya_import_post_date":"","vid_ya_status":"","vid_ya_sub_api_key":""},"vid_ads_m_videoads_settings_post":{"vid_ads_m_video_ads":"","vid_ads_m_video_ads_type":"","vid_ads_m_group_google_ima":"","vid_ads_m_group_image":"","vid_ads_m_group_html5_video":"","vid_ads_m_group_html":"","vid_ads_m_vast_preroll":"","vid_ads_m_vast_postroll":"","vid_ads_m_vast_pauseroll":"","vid_ads_m_vast_midroll":[{"vid_ads_m_vast_timer_seconds":"50"}],"vid_ads_m_time_to_show_ads":"","vid_ads_m_time_skip_ads":"","vid_ads_m_time_to_hide_ads":""},"page_slider_settings":{"display_slider_group":"","page_slider_group":""},"blog_page_settings":{"blog_page_title":"","blog_page_heading":"","blog_page_ic":"","blog_page_it":"","blog_page_ec":"","blog_page_ip":"","archive_loop_style":"","blog_image_ratio":"","blog_show_categories":"","blog_show_excerpt":"","blog_show_author":"","blog_show_date":"","blog_show_comment_count":"","blog_show_view_count":"","blog_show_like_count":"","blog_show_dislike_count":"","blog_items_per_page":"","blog_pag_type":""},"page_options":{"get_page_template":"","color_mode":"","main_layout":"","main_layout_full_with":"","main_logo":"","main_logo_retina":"","main_logo_mobile":"","main_logo_mobile_retina":"","sticky_logo":"","sticky_logo_retina":"","main_nav_layout":"","ajax_search":"","header_background":"","theme_sidebar":"","instagram_feed":"","instagram_feed_position":"","popular_videos":"","popular_videos_title_1":"","popular_videos_title_2":"","popular_videos_ic":"","popular_videos_it":"","theme_background":"","page_custom_css":""},"feature_image_settings":{"feature_image_position":""},"video_player_settings":{"single_video_style":"","video_player_position":"","vm_video_url":"","video_player_library":"","video_streaming":"","vm_media_sources":"","vid_auto_play":"","vm_video_shortcode":"","vid_p_sync_playlist":"","vid_c_sync_channel":"","get_post_format":"","multiple_links_structure":"default","multi_links_title":"","vm_video_multi_links":"","vm_duration":"","vid_social_locker":"off","vid_social_locker_id":"","vid_membership_action":"content-video","vm_video_trailer_url":"","vid_download_type":"free","vid_download_target":"download","vid_woo_product":"","vm_media_download":"","user_rating":"","user_rating_position":"","user_rating_mode":"","user_rating_multi_sets":""},"video_auto_fetch_settings":{"vm_video_fetch":"on"},"video_fake_views_likes":{"vm_fake_views":"","vm_fake_likes":"","vm_fake_dislikes":""},"gallery_settings":{"gallery_position":""},"quote_settings":{"quote_position":""},"post_options":{"main_layout":"","main_logo":"","main_logo_retina":"","main_logo_mobile":"","main_logo_mobile_retina":"","sticky_logo":"","sticky_logo_retina":"","main_nav_layout":"","header_background":"","theme_sidebar":"","single_post_comment_type":"","theme_background":""}},"_links":{"self":[{"href":"https:\/\/canal7slp.tv\/2019\/wp-json\/wp\/v2\/posts\/82726","targetHints":{"allow":["GET"]}}],"collection":[{"href":"https:\/\/canal7slp.tv\/2019\/wp-json\/wp\/v2\/posts"}],"about":[{"href":"https:\/\/canal7slp.tv\/2019\/wp-json\/wp\/v2\/types\/post"}],"author":[{"embeddable":true,"href":"https:\/\/canal7slp.tv\/2019\/wp-json\/wp\/v2\/users\/2"}],"replies":[{"embeddable":true,"href":"https:\/\/canal7slp.tv\/2019\/wp-json\/wp\/v2\/comments?post=82726"}],"version-history":[{"count":0,"href":"https:\/\/canal7slp.tv\/2019\/wp-json\/wp\/v2\/posts\/82726\/revisions"}],"wp:featuredmedia":[{"embeddable":true,"href":"https:\/\/canal7slp.tv\/2019\/wp-json\/wp\/v2\/media\/82727"}],"wp:attachment":[{"href":"https:\/\/canal7slp.tv\/2019\/wp-json\/wp\/v2\/media?parent=82726"}],"wp:term":[{"taxonomy":"category","embeddable":true,"href":"https:\/\/canal7slp.tv\/2019\/wp-json\/wp\/v2\/categories?post=82726"},{"taxonomy":"post_tag","embeddable":true,"href":"https:\/\/canal7slp.tv\/2019\/wp-json\/wp\/v2\/tags?post=82726"}],"curies":[{"name":"wp","href":"https:\/\/api.w.org\/{rel}","templated":true}]}}