{"id":82703,"date":"2019-11-18T19:25:27","date_gmt":"2019-11-19T01:25:27","guid":{"rendered":"https:\/\/canal7slp.tv\/2019\/?p=82703"},"modified":"2019-11-18T19:25:27","modified_gmt":"2019-11-19T01:25:27","slug":"fans-piden-que-drake-bell-reciba-la-nacionalidad-mexicana","status":"publish","type":"post","link":"https:\/\/canal7slp.tv\/2019\/fans-piden-que-drake-bell-reciba-la-nacionalidad-mexicana\/","title":{"rendered":"Fans &#8220;piden&#8221; que Drake Bell reciba la nacionalidad mexicana"},"content":{"rendered":"<ul>\n<li style=\"text-align: justify\">Usuarios han lanzado distintas &#8220;propuestas&#8221; a trav\u00e9s de la plataforma Change.org<\/li>\n<\/ul>\n<p style=\"text-align: justify\">El m\u00fasico Drake Bell asegur\u00f3 este fin de semana que sus redes sociales ahora solo estar\u00e1n en espa\u00f1ol, por lo que su lengua materna, el ingl\u00e9s, ha quedado fuera del espacio digital, al menos hasta nuevo aviso.<\/p>\n<p style=\"text-align: justify\">Esta publicaci\u00f3n del coprotagonista de &#8220;Drake &amp; Josh&#8221; caus\u00f3 muchas emociones entre sus seguidores, en especial los de habla hispana, al ser el idioma que est\u00e1 aprendiendo el cantante.<\/p>\n<p style=\"text-align: justify\">No obstante esto tambi\u00e9n ha sido motivo para que algunos se r\u00edan un rato y aprovechen los recuerdos que tienen de la serie creada por Dan Schneider, por lo que tambi\u00e9n se realizaron una gran cantidad de memes de Drake Bell en los que se recuerda tanto su personaje como el de Josh Peck, as\u00ed como una frase que se volvi\u00f3 viral hace un tiempo, &#8220;\u00a1Tranquilo, viejo!&#8221;.<\/p>\n<p style=\"text-align: justify\">Ante esto hay fans que han decidido dar un paso m\u00e1s all\u00e1 y por eso es que incluso han lanzado &#8220;propuestas&#8221; a trav\u00e9s de la plataforma Change.org para hacer que el artista norteamericano se sienta como en casa.<\/p>\n<p style=\"text-align: justify\">Entre las peticiones que han destacado en la plataforma figura una para otorgarle la nacionalidad mexicana al cantautor. Esta publicaci\u00f3n cuenta con 213 firmantes y en la imagen principal aparece con un sombrero charro.<\/p>\n<p style=\"text-align: justify\">En la &#8220;petici\u00f3n&#8221; se indica que &#8220;por lo visto en estos meses \u00e9l lleva a un mexicano dentro y por lo visto todo M\u00e9xico lo ama. As\u00ed que \u00bfpor qu\u00e9 no darle la nacionalidad?&#8221;, a la vez que se destaca su talento, solidaridad y amor por nuestro pa\u00eds.<\/p>\n<p style=\"text-align: justify\">Recordemos que Jared Drake Bell, nombre completo de la estrella, ya ha estado en repetidas ocasiones en M\u00e9xico no solo para dar presentaciones sino para aparecer en algunos programas de televisi\u00f3n abierta.<\/p>\n<p>https:\/\/www.instagram.com\/p\/B5BXgzVh5fd\/?utm_source=ig_web_button_share_sheet<\/p>\n<p style=\"text-align: justify\">Incluso en septiembre pasado el cantante expres\u00f3: &#8220;Ojal\u00e1 pudiera vivir aqu\u00ed y disfrutar de esa fiesta, pero me tengo que ir. Cada d\u00eda es una celebraci\u00f3n en M\u00e9xico y es algo incre\u00edble, siempre hay mucha diversi\u00f3n, m\u00e1s que en Estados Unidos, hay m\u00e1s pasi\u00f3n, m\u00e1s amor, hay m\u00e1s hermandad y eso es muy importante para m\u00ed&#8221;.<\/p>\n<p style=\"text-align: justify\">&#8220;Absolutamente todo es maravilloso, es por eso que me gusta venir mucho, me gusta tener el contacto con las personas, darles la mano, saludarlas de beso en la mejilla y mostrar todo lo que los aprecio, el amor que siento por este pa\u00eds&#8221;, agreg\u00f3 entonces.<\/p>\n<p style=\"text-align: justify\">Otras de las peticiones que han aparecido en Change.Org en torno a Drake Bell est\u00e1n una solicitud para que la estrella musical aparezca en un cap\u00edtulo de &#8220;La Rosa de Guadalupe&#8221;. Tambi\u00e9n hay una para que cambie su nombre en redes sociales a &#8220;Drake Campana&#8221;, siguiendo la misma l\u00ednea de solo usar espa\u00f1ol en sus p\u00e1ginas.<\/p>\n<p style=\"text-align: justify\">Hace unos meses Drake Bell tambi\u00e9n se despidi\u00f3 del &#8220;Pr\u00edncipe de la Canci\u00f3n&#8221;, Jos\u00e9 Jos\u00e9: &#8220;Te amamos Jos\u00e9 Jos\u00e9 !! Te extra\u00f1aremos\u2026&#8221;, escribi\u00f3.<\/p>\n","protected":false},"excerpt":{"rendered":"<p>Usuarios han lanzado distintas &#8220;propuestas&#8221; a trav\u00e9s de la plataforma Change.org El m\u00fasico Drake Bell asegur\u00f3 este fin de semana que sus redes sociales ahora solo estar\u00e1n en espa\u00f1ol, por lo que su lengua materna, el ingl\u00e9s, ha quedado fuera del espacio digital, al menos hasta nuevo aviso. Esta publicaci\u00f3n del coprotagonista de &#8220;Drake &amp; [&hellip;]<\/p>\n","protected":false},"author":2,"featured_media":82704,"comment_status":"open","ping_status":"open","sticky":false,"template":"","format":"standard","meta":{"footnotes":""},"categories":[24],"tags":[],"class_list":["post-82703","post","type-post","status-publish","format-standard","has-post-thumbnail","hentry","category-espectaculos"],"yoast_head":"<!-- This site is optimized with the Yoast SEO plugin v27.5 - https:\/\/yoast.com\/product\/yoast-seo-wordpress\/ -->\n<title>Fans &quot;piden&quot; que Drake Bell reciba la nacionalidad mexicana - Canal 7 SLP - 2019<\/title>\n<meta name=\"robots\" content=\"index, follow, max-snippet:-1, max-image-preview:large, max-video-preview:-1\" \/>\n<link rel=\"canonical\" href=\"https:\/\/canal7slp.tv\/2019\/fans-piden-que-drake-bell-reciba-la-nacionalidad-mexicana\/\" \/>\n<meta property=\"og:locale\" content=\"es_ES\" \/>\n<meta property=\"og:type\" content=\"article\" \/>\n<meta property=\"og:title\" content=\"Fans &quot;piden&quot; que Drake Bell reciba la nacionalidad mexicana - Canal 7 SLP - 2019\" \/>\n<meta property=\"og:description\" content=\"Usuarios han lanzado distintas &#8220;propuestas&#8221; a trav\u00e9s de la plataforma Change.org El m\u00fasico Drake Bell asegur\u00f3 este fin de semana que sus redes sociales ahora solo estar\u00e1n en espa\u00f1ol, por lo que su lengua materna, el ingl\u00e9s, ha quedado fuera del espacio digital, al menos hasta nuevo aviso. Esta publicaci\u00f3n del coprotagonista de &#8220;Drake &amp; [&hellip;]\" \/>\n<meta property=\"og:url\" content=\"https:\/\/canal7slp.tv\/2019\/fans-piden-que-drake-bell-reciba-la-nacionalidad-mexicana\/\" \/>\n<meta property=\"og:site_name\" content=\"Canal 7 SLP - 2019\" \/>\n<meta property=\"article:publisher\" content=\"https:\/\/www.facebook.com\/CANAL7SLP\/\" \/>\n<meta property=\"article:published_time\" content=\"2019-11-19T01:25:27+00:00\" \/>\n<meta property=\"og:image\" content=\"https:\/\/canal7slp.tv\/2019\/wp-content\/uploads\/2019\/11\/1950.jpg\" \/>\n\t<meta property=\"og:image:width\" content=\"770\" \/>\n\t<meta property=\"og:image:height\" content=\"485\" \/>\n\t<meta property=\"og:image:type\" content=\"image\/jpeg\" \/>\n<meta name=\"author\" content=\"edicionweb\" \/>\n<meta name=\"twitter:card\" content=\"summary_large_image\" \/>\n<meta name=\"twitter:creator\" content=\"@canal7_slp\" \/>\n<meta name=\"twitter:site\" content=\"@canal7_slp\" \/>\n<meta name=\"twitter:label1\" content=\"Escrito por\" \/>\n\t<meta name=\"twitter:data1\" content=\"edicionweb\" \/>\n\t<meta name=\"twitter:label2\" content=\"Tiempo de lectura\" \/>\n\t<meta name=\"twitter:data2\" content=\"3 minutos\" \/>\n<script type=\"application\/ld+json\" class=\"yoast-schema-graph\">{\"@context\":\"https:\\\/\\\/schema.org\",\"@graph\":[{\"@type\":\"Article\",\"@id\":\"https:\\\/\\\/canal7slp.tv\\\/2019\\\/fans-piden-que-drake-bell-reciba-la-nacionalidad-mexicana\\\/#article\",\"isPartOf\":{\"@id\":\"https:\\\/\\\/canal7slp.tv\\\/2019\\\/fans-piden-que-drake-bell-reciba-la-nacionalidad-mexicana\\\/\"},\"author\":{\"name\":\"edicionweb\",\"@id\":\"https:\\\/\\\/canal7slp.tv\\\/2019\\\/#\\\/schema\\\/person\\\/11d941c1c6ca30ac0a46b95fa37aa2e3\"},\"headline\":\"Fans &#8220;piden&#8221; que Drake Bell reciba la nacionalidad mexicana\",\"datePublished\":\"2019-11-19T01:25:27+00:00\",\"mainEntityOfPage\":{\"@id\":\"https:\\\/\\\/canal7slp.tv\\\/2019\\\/fans-piden-que-drake-bell-reciba-la-nacionalidad-mexicana\\\/\"},\"wordCount\":539,\"commentCount\":0,\"publisher\":{\"@id\":\"https:\\\/\\\/canal7slp.tv\\\/2019\\\/#organization\"},\"image\":{\"@id\":\"https:\\\/\\\/canal7slp.tv\\\/2019\\\/fans-piden-que-drake-bell-reciba-la-nacionalidad-mexicana\\\/#primaryimage\"},\"thumbnailUrl\":\"https:\\\/\\\/canal7slp.tv\\\/2019\\\/wp-content\\\/uploads\\\/2019\\\/11\\\/1950.jpg\",\"articleSection\":[\"ESPECTACULOS\"],\"inLanguage\":\"es\",\"potentialAction\":[{\"@type\":\"CommentAction\",\"name\":\"Comment\",\"target\":[\"https:\\\/\\\/canal7slp.tv\\\/2019\\\/fans-piden-que-drake-bell-reciba-la-nacionalidad-mexicana\\\/#respond\"]}]},{\"@type\":\"WebPage\",\"@id\":\"https:\\\/\\\/canal7slp.tv\\\/2019\\\/fans-piden-que-drake-bell-reciba-la-nacionalidad-mexicana\\\/\",\"url\":\"https:\\\/\\\/canal7slp.tv\\\/2019\\\/fans-piden-que-drake-bell-reciba-la-nacionalidad-mexicana\\\/\",\"name\":\"Fans \\\"piden\\\" que Drake Bell reciba la nacionalidad mexicana - Canal 7 SLP - 2019\",\"isPartOf\":{\"@id\":\"https:\\\/\\\/canal7slp.tv\\\/2019\\\/#website\"},\"primaryImageOfPage\":{\"@id\":\"https:\\\/\\\/canal7slp.tv\\\/2019\\\/fans-piden-que-drake-bell-reciba-la-nacionalidad-mexicana\\\/#primaryimage\"},\"image\":{\"@id\":\"https:\\\/\\\/canal7slp.tv\\\/2019\\\/fans-piden-que-drake-bell-reciba-la-nacionalidad-mexicana\\\/#primaryimage\"},\"thumbnailUrl\":\"https:\\\/\\\/canal7slp.tv\\\/2019\\\/wp-content\\\/uploads\\\/2019\\\/11\\\/1950.jpg\",\"datePublished\":\"2019-11-19T01:25:27+00:00\",\"breadcrumb\":{\"@id\":\"https:\\\/\\\/canal7slp.tv\\\/2019\\\/fans-piden-que-drake-bell-reciba-la-nacionalidad-mexicana\\\/#breadcrumb\"},\"inLanguage\":\"es\",\"potentialAction\":[{\"@type\":\"ReadAction\",\"target\":[\"https:\\\/\\\/canal7slp.tv\\\/2019\\\/fans-piden-que-drake-bell-reciba-la-nacionalidad-mexicana\\\/\"]}]},{\"@type\":\"ImageObject\",\"inLanguage\":\"es\",\"@id\":\"https:\\\/\\\/canal7slp.tv\\\/2019\\\/fans-piden-que-drake-bell-reciba-la-nacionalidad-mexicana\\\/#primaryimage\",\"url\":\"https:\\\/\\\/canal7slp.tv\\\/2019\\\/wp-content\\\/uploads\\\/2019\\\/11\\\/1950.jpg\",\"contentUrl\":\"https:\\\/\\\/canal7slp.tv\\\/2019\\\/wp-content\\\/uploads\\\/2019\\\/11\\\/1950.jpg\",\"width\":770,\"height\":485},{\"@type\":\"BreadcrumbList\",\"@id\":\"https:\\\/\\\/canal7slp.tv\\\/2019\\\/fans-piden-que-drake-bell-reciba-la-nacionalidad-mexicana\\\/#breadcrumb\",\"itemListElement\":[{\"@type\":\"ListItem\",\"position\":1,\"name\":\"Home\",\"item\":\"https:\\\/\\\/canal7slp.tv\\\/2019\\\/\"},{\"@type\":\"ListItem\",\"position\":2,\"name\":\"Fans &#8220;piden&#8221; que Drake Bell reciba la nacionalidad mexicana\"}]},{\"@type\":\"WebSite\",\"@id\":\"https:\\\/\\\/canal7slp.tv\\\/2019\\\/#website\",\"url\":\"https:\\\/\\\/canal7slp.tv\\\/2019\\\/\",\"name\":\"Canal 7 SLP - Somos TV\",\"description\":\"Somos un Canal de 10\",\"publisher\":{\"@id\":\"https:\\\/\\\/canal7slp.tv\\\/2019\\\/#organization\"},\"potentialAction\":[{\"@type\":\"SearchAction\",\"target\":{\"@type\":\"EntryPoint\",\"urlTemplate\":\"https:\\\/\\\/canal7slp.tv\\\/2019\\\/?s={search_term_string}\"},\"query-input\":{\"@type\":\"PropertyValueSpecification\",\"valueRequired\":true,\"valueName\":\"search_term_string\"}}],\"inLanguage\":\"es\"},{\"@type\":\"Organization\",\"@id\":\"https:\\\/\\\/canal7slp.tv\\\/2019\\\/#organization\",\"name\":\"Comunicaci\u00f3n 2000 S.A. de C.V.\",\"url\":\"https:\\\/\\\/canal7slp.tv\\\/2019\\\/\",\"logo\":{\"@type\":\"ImageObject\",\"inLanguage\":\"es\",\"@id\":\"https:\\\/\\\/canal7slp.tv\\\/2019\\\/#\\\/schema\\\/logo\\\/image\\\/\",\"url\":\"https:\\\/\\\/canal7slp.tv\\\/2019\\\/wp-content\\\/uploads\\\/2019\\\/07\\\/logo-c7.png\",\"contentUrl\":\"https:\\\/\\\/canal7slp.tv\\\/2019\\\/wp-content\\\/uploads\\\/2019\\\/07\\\/logo-c7.png\",\"width\":220,\"height\":60,\"caption\":\"Comunicaci\u00f3n 2000 S.A. de C.V.\"},\"image\":{\"@id\":\"https:\\\/\\\/canal7slp.tv\\\/2019\\\/#\\\/schema\\\/logo\\\/image\\\/\"},\"sameAs\":[\"https:\\\/\\\/www.facebook.com\\\/CANAL7SLP\\\/\",\"https:\\\/\\\/x.com\\\/canal7_slp\",\"https:\\\/\\\/www.instagram.com\\\/canal7_slp\",\"https:\\\/\\\/www.youtube.com\\\/user\\\/NOTICIEROSCANAL7SLP\\\/\"]},{\"@type\":\"Person\",\"@id\":\"https:\\\/\\\/canal7slp.tv\\\/2019\\\/#\\\/schema\\\/person\\\/11d941c1c6ca30ac0a46b95fa37aa2e3\",\"name\":\"edicionweb\",\"image\":{\"@type\":\"ImageObject\",\"inLanguage\":\"es\",\"@id\":\"https:\\\/\\\/secure.gravatar.com\\\/avatar\\\/eee448fc3f7164808013b816ba91ac7e43bbe82a70bebac296f8bc6f0addaa1a?s=96&d=mm&r=g\",\"url\":\"https:\\\/\\\/secure.gravatar.com\\\/avatar\\\/eee448fc3f7164808013b816ba91ac7e43bbe82a70bebac296f8bc6f0addaa1a?s=96&d=mm&r=g\",\"contentUrl\":\"https:\\\/\\\/secure.gravatar.com\\\/avatar\\\/eee448fc3f7164808013b816ba91ac7e43bbe82a70bebac296f8bc6f0addaa1a?s=96&d=mm&r=g\",\"caption\":\"edicionweb\"}}]}<\/script>\n<!-- \/ Yoast SEO plugin. -->","yoast_head_json":{"title":"Fans \"piden\" que Drake Bell reciba la nacionalidad mexicana - Canal 7 SLP - 2019","robots":{"index":"index","follow":"follow","max-snippet":"max-snippet:-1","max-image-preview":"max-image-preview:large","max-video-preview":"max-video-preview:-1"},"canonical":"https:\/\/canal7slp.tv\/2019\/fans-piden-que-drake-bell-reciba-la-nacionalidad-mexicana\/","og_locale":"es_ES","og_type":"article","og_title":"Fans \"piden\" que Drake Bell reciba la nacionalidad mexicana - Canal 7 SLP - 2019","og_description":"Usuarios han lanzado distintas &#8220;propuestas&#8221; a trav\u00e9s de la plataforma Change.org El m\u00fasico Drake Bell asegur\u00f3 este fin de semana que sus redes sociales ahora solo estar\u00e1n en espa\u00f1ol, por lo que su lengua materna, el ingl\u00e9s, ha quedado fuera del espacio digital, al menos hasta nuevo aviso. Esta publicaci\u00f3n del coprotagonista de &#8220;Drake &amp; [&hellip;]","og_url":"https:\/\/canal7slp.tv\/2019\/fans-piden-que-drake-bell-reciba-la-nacionalidad-mexicana\/","og_site_name":"Canal 7 SLP - 2019","article_publisher":"https:\/\/www.facebook.com\/CANAL7SLP\/","article_published_time":"2019-11-19T01:25:27+00:00","og_image":[{"width":770,"height":485,"url":"https:\/\/canal7slp.tv\/2019\/wp-content\/uploads\/2019\/11\/1950.jpg","type":"image\/jpeg"}],"author":"edicionweb","twitter_card":"summary_large_image","twitter_creator":"@canal7_slp","twitter_site":"@canal7_slp","twitter_misc":{"Escrito por":"edicionweb","Tiempo de lectura":"3 minutos"},"schema":{"@context":"https:\/\/schema.org","@graph":[{"@type":"Article","@id":"https:\/\/canal7slp.tv\/2019\/fans-piden-que-drake-bell-reciba-la-nacionalidad-mexicana\/#article","isPartOf":{"@id":"https:\/\/canal7slp.tv\/2019\/fans-piden-que-drake-bell-reciba-la-nacionalidad-mexicana\/"},"author":{"name":"edicionweb","@id":"https:\/\/canal7slp.tv\/2019\/#\/schema\/person\/11d941c1c6ca30ac0a46b95fa37aa2e3"},"headline":"Fans &#8220;piden&#8221; que Drake Bell reciba la nacionalidad mexicana","datePublished":"2019-11-19T01:25:27+00:00","mainEntityOfPage":{"@id":"https:\/\/canal7slp.tv\/2019\/fans-piden-que-drake-bell-reciba-la-nacionalidad-mexicana\/"},"wordCount":539,"commentCount":0,"publisher":{"@id":"https:\/\/canal7slp.tv\/2019\/#organization"},"image":{"@id":"https:\/\/canal7slp.tv\/2019\/fans-piden-que-drake-bell-reciba-la-nacionalidad-mexicana\/#primaryimage"},"thumbnailUrl":"https:\/\/canal7slp.tv\/2019\/wp-content\/uploads\/2019\/11\/1950.jpg","articleSection":["ESPECTACULOS"],"inLanguage":"es","potentialAction":[{"@type":"CommentAction","name":"Comment","target":["https:\/\/canal7slp.tv\/2019\/fans-piden-que-drake-bell-reciba-la-nacionalidad-mexicana\/#respond"]}]},{"@type":"WebPage","@id":"https:\/\/canal7slp.tv\/2019\/fans-piden-que-drake-bell-reciba-la-nacionalidad-mexicana\/","url":"https:\/\/canal7slp.tv\/2019\/fans-piden-que-drake-bell-reciba-la-nacionalidad-mexicana\/","name":"Fans \"piden\" que Drake Bell reciba la nacionalidad mexicana - Canal 7 SLP - 2019","isPartOf":{"@id":"https:\/\/canal7slp.tv\/2019\/#website"},"primaryImageOfPage":{"@id":"https:\/\/canal7slp.tv\/2019\/fans-piden-que-drake-bell-reciba-la-nacionalidad-mexicana\/#primaryimage"},"image":{"@id":"https:\/\/canal7slp.tv\/2019\/fans-piden-que-drake-bell-reciba-la-nacionalidad-mexicana\/#primaryimage"},"thumbnailUrl":"https:\/\/canal7slp.tv\/2019\/wp-content\/uploads\/2019\/11\/1950.jpg","datePublished":"2019-11-19T01:25:27+00:00","breadcrumb":{"@id":"https:\/\/canal7slp.tv\/2019\/fans-piden-que-drake-bell-reciba-la-nacionalidad-mexicana\/#breadcrumb"},"inLanguage":"es","potentialAction":[{"@type":"ReadAction","target":["https:\/\/canal7slp.tv\/2019\/fans-piden-que-drake-bell-reciba-la-nacionalidad-mexicana\/"]}]},{"@type":"ImageObject","inLanguage":"es","@id":"https:\/\/canal7slp.tv\/2019\/fans-piden-que-drake-bell-reciba-la-nacionalidad-mexicana\/#primaryimage","url":"https:\/\/canal7slp.tv\/2019\/wp-content\/uploads\/2019\/11\/1950.jpg","contentUrl":"https:\/\/canal7slp.tv\/2019\/wp-content\/uploads\/2019\/11\/1950.jpg","width":770,"height":485},{"@type":"BreadcrumbList","@id":"https:\/\/canal7slp.tv\/2019\/fans-piden-que-drake-bell-reciba-la-nacionalidad-mexicana\/#breadcrumb","itemListElement":[{"@type":"ListItem","position":1,"name":"Home","item":"https:\/\/canal7slp.tv\/2019\/"},{"@type":"ListItem","position":2,"name":"Fans &#8220;piden&#8221; que Drake Bell reciba la nacionalidad mexicana"}]},{"@type":"WebSite","@id":"https:\/\/canal7slp.tv\/2019\/#website","url":"https:\/\/canal7slp.tv\/2019\/","name":"Canal 7 SLP - Somos TV","description":"Somos un Canal de 10","publisher":{"@id":"https:\/\/canal7slp.tv\/2019\/#organization"},"potentialAction":[{"@type":"SearchAction","target":{"@type":"EntryPoint","urlTemplate":"https:\/\/canal7slp.tv\/2019\/?s={search_term_string}"},"query-input":{"@type":"PropertyValueSpecification","valueRequired":true,"valueName":"search_term_string"}}],"inLanguage":"es"},{"@type":"Organization","@id":"https:\/\/canal7slp.tv\/2019\/#organization","name":"Comunicaci\u00f3n 2000 S.A. de C.V.","url":"https:\/\/canal7slp.tv\/2019\/","logo":{"@type":"ImageObject","inLanguage":"es","@id":"https:\/\/canal7slp.tv\/2019\/#\/schema\/logo\/image\/","url":"https:\/\/canal7slp.tv\/2019\/wp-content\/uploads\/2019\/07\/logo-c7.png","contentUrl":"https:\/\/canal7slp.tv\/2019\/wp-content\/uploads\/2019\/07\/logo-c7.png","width":220,"height":60,"caption":"Comunicaci\u00f3n 2000 S.A. de C.V."},"image":{"@id":"https:\/\/canal7slp.tv\/2019\/#\/schema\/logo\/image\/"},"sameAs":["https:\/\/www.facebook.com\/CANAL7SLP\/","https:\/\/x.com\/canal7_slp","https:\/\/www.instagram.com\/canal7_slp","https:\/\/www.youtube.com\/user\/NOTICIEROSCANAL7SLP\/"]},{"@type":"Person","@id":"https:\/\/canal7slp.tv\/2019\/#\/schema\/person\/11d941c1c6ca30ac0a46b95fa37aa2e3","name":"edicionweb","image":{"@type":"ImageObject","inLanguage":"es","@id":"https:\/\/secure.gravatar.com\/avatar\/eee448fc3f7164808013b816ba91ac7e43bbe82a70bebac296f8bc6f0addaa1a?s=96&d=mm&r=g","url":"https:\/\/secure.gravatar.com\/avatar\/eee448fc3f7164808013b816ba91ac7e43bbe82a70bebac296f8bc6f0addaa1a?s=96&d=mm&r=g","contentUrl":"https:\/\/secure.gravatar.com\/avatar\/eee448fc3f7164808013b816ba91ac7e43bbe82a70bebac296f8bc6f0addaa1a?s=96&d=mm&r=g","caption":"edicionweb"}}]}},"amp_enabled":true,"cmb2":{"video_ids_in_playlist":{"vid_p_videos":""},"video_ids_in_channel":{"vid_c_videos":""},"playlist_ids_in_channel":{"vid_c_playlists":""},"series_ids_in_channel":{"vid_c_series":""},"channel_images":{"vid_c_logo":"","vid_c_banner":""},"poster_feature_image":{"vid_m_poster_image":""},"gif_feature_image":{"vid_m_gif_image":""},"video_movie_settings":{"vid_m_director":"","vid_m_actor":"","vid_m_imdb_ratings":"","vid_m_amazon_associates":""},"vid_youtube_broadcasts_settings":{"vid_yb_broadcast_title":"","vid_yb_q":"","vid_yb_channelid":"","vid_yb_videocategoryid":"","vid_yb_maxresults":"","vid_yb_order":"","vid_yb_regioncode":"","vid_yb_videosyndicated":"","vid_yb_style":"","vid_yb_reload_first":""},"video_series_settings":{"vid_m_director":"","vid_m_actor":"","vid_m_imdb_ratings":"","video_series_group":""},"amazon_associates_settings":{"amazon_associates":"","amazon_native_ad":""},"vid_youtube_automatic_settings":{"vid_ya_youtube_source":"","vid_ya_update_every":"","vid_ya_update_unit":"","vid_ya_categories":"","vid_ya_published_after":"","vid_ya_published_before":"","vid_ya_playlists":"","vid_ya_channels":"","vid_ya_director":"","vid_ya_actor":"","vid_ya_author":"","vid_ya_import_post_date":"","vid_ya_status":"","vid_ya_sub_api_key":""},"vid_ads_m_videoads_settings_post":{"vid_ads_m_video_ads":"","vid_ads_m_video_ads_type":"","vid_ads_m_group_google_ima":"","vid_ads_m_group_image":"","vid_ads_m_group_html5_video":"","vid_ads_m_group_html":"","vid_ads_m_vast_preroll":"","vid_ads_m_vast_postroll":"","vid_ads_m_vast_pauseroll":"","vid_ads_m_vast_midroll":[{"vid_ads_m_vast_timer_seconds":"50"}],"vid_ads_m_time_to_show_ads":"","vid_ads_m_time_skip_ads":"","vid_ads_m_time_to_hide_ads":""},"page_slider_settings":{"display_slider_group":"","page_slider_group":""},"blog_page_settings":{"blog_page_title":"","blog_page_heading":"","blog_page_ic":"","blog_page_it":"","blog_page_ec":"","blog_page_ip":"","archive_loop_style":"","blog_image_ratio":"","blog_show_categories":"","blog_show_excerpt":"","blog_show_author":"","blog_show_date":"","blog_show_comment_count":"","blog_show_view_count":"","blog_show_like_count":"","blog_show_dislike_count":"","blog_items_per_page":"","blog_pag_type":""},"page_options":{"get_page_template":"","color_mode":"","main_layout":"","main_layout_full_with":"","main_logo":"","main_logo_retina":"","main_logo_mobile":"","main_logo_mobile_retina":"","sticky_logo":"","sticky_logo_retina":"","main_nav_layout":"","ajax_search":"","header_background":"","theme_sidebar":"","instagram_feed":"","instagram_feed_position":"","popular_videos":"","popular_videos_title_1":"","popular_videos_title_2":"","popular_videos_ic":"","popular_videos_it":"","theme_background":"","page_custom_css":""},"feature_image_settings":{"feature_image_position":""},"video_player_settings":{"single_video_style":"","video_player_position":"","vm_video_url":"","video_player_library":"","video_streaming":"","vm_media_sources":"","vid_auto_play":"","vm_video_shortcode":"","vid_p_sync_playlist":"","vid_c_sync_channel":"","get_post_format":"","multiple_links_structure":"default","multi_links_title":"","vm_video_multi_links":"","vm_duration":"","vid_social_locker":"off","vid_social_locker_id":"","vid_membership_action":"content-video","vm_video_trailer_url":"","vid_download_type":"free","vid_download_target":"download","vid_woo_product":"","vm_media_download":"","user_rating":"","user_rating_position":"","user_rating_mode":"","user_rating_multi_sets":""},"video_auto_fetch_settings":{"vm_video_fetch":"on"},"video_fake_views_likes":{"vm_fake_views":"","vm_fake_likes":"","vm_fake_dislikes":""},"gallery_settings":{"gallery_position":""},"quote_settings":{"quote_position":""},"post_options":{"main_layout":"","main_logo":"","main_logo_retina":"","main_logo_mobile":"","main_logo_mobile_retina":"","sticky_logo":"","sticky_logo_retina":"","main_nav_layout":"","header_background":"","theme_sidebar":"","single_post_comment_type":"","theme_background":""}},"_links":{"self":[{"href":"https:\/\/canal7slp.tv\/2019\/wp-json\/wp\/v2\/posts\/82703","targetHints":{"allow":["GET"]}}],"collection":[{"href":"https:\/\/canal7slp.tv\/2019\/wp-json\/wp\/v2\/posts"}],"about":[{"href":"https:\/\/canal7slp.tv\/2019\/wp-json\/wp\/v2\/types\/post"}],"author":[{"embeddable":true,"href":"https:\/\/canal7slp.tv\/2019\/wp-json\/wp\/v2\/users\/2"}],"replies":[{"embeddable":true,"href":"https:\/\/canal7slp.tv\/2019\/wp-json\/wp\/v2\/comments?post=82703"}],"version-history":[{"count":0,"href":"https:\/\/canal7slp.tv\/2019\/wp-json\/wp\/v2\/posts\/82703\/revisions"}],"wp:featuredmedia":[{"embeddable":true,"href":"https:\/\/canal7slp.tv\/2019\/wp-json\/wp\/v2\/media\/82704"}],"wp:attachment":[{"href":"https:\/\/canal7slp.tv\/2019\/wp-json\/wp\/v2\/media?parent=82703"}],"wp:term":[{"taxonomy":"category","embeddable":true,"href":"https:\/\/canal7slp.tv\/2019\/wp-json\/wp\/v2\/categories?post=82703"},{"taxonomy":"post_tag","embeddable":true,"href":"https:\/\/canal7slp.tv\/2019\/wp-json\/wp\/v2\/tags?post=82703"}],"curies":[{"name":"wp","href":"https:\/\/api.w.org\/{rel}","templated":true}]}}