{"id":82509,"date":"2019-11-18T07:23:09","date_gmt":"2019-11-18T13:23:09","guid":{"rendered":"https:\/\/canal7slp.tv\/2019\/?p=82509"},"modified":"2019-11-18T07:23:09","modified_gmt":"2019-11-18T13:23:09","slug":"chilenos-sufren-por-exposicion-prolongada-a-gas-lacrimogeno","status":"publish","type":"post","link":"https:\/\/canal7slp.tv\/2019\/chilenos-sufren-por-exposicion-prolongada-a-gas-lacrimogeno\/","title":{"rendered":"Chilenos sufren por exposici\u00f3n prolongada a gas lacrim\u00f3geno"},"content":{"rendered":"<ul>\n<li style=\"text-align: justify\">Tras un mes de protestas, habitantes de un barrio del centro de Santiago padecen s\u00edntomas como hemorragias nasales, conjuntivitis, dermatitis o tos aguda<\/li>\n<\/ul>\n<p style=\"text-align: justify\">Chile.- Hemorragias nasales, conjuntivitis, dermatitis o tos aguda. Son algunos de los s\u00edntomas que sufren los residentes de un barrio del centro de Santiago desde hace un mes y que provoca un nocivo vecino que lleg\u00f3 con el inicio de la mayor crisis de la democracia chilena: el gas lacrim\u00f3geno.<\/p>\n<p style=\"text-align: justify\">Karen Mari\u00e1ngel vive en una bocacalle a pocos metros de Plaza Italia, el epicentro del estallido social, y cada tarde se enclaustra en casa con sus hijas a partir de las 5. Cierra bien las ventanas y enciende los purificadores de aire. Es la hora a la que comienzan las manifestaciones y las fuerzas de seguridad recurren al gas lacrim\u00f3geno para disiparlas.<\/p>\n<p style=\"text-align: justify\">&#8220;Yo estuve una semana con bronquitis y mi marido tiene una tos que no se le quita con nada&#8221;, explica tras llevar m\u00e1s de un mes expuesta a estas armas qu\u00edmicas no letales, que se popularizaron a principios del siglo pasado y hoy en d\u00eda son usadas por las fuerzas antidisturbios en lugares tan diversos como Hong Kong, Venezuela o Estados Unidos.<\/p>\n<p style=\"text-align: justify\">&#8220;El problema no son las bombas en s\u00ed, sino su uso excesivo, desproporcionado y frecuente&#8221;, agrega.<\/p>\n<p style=\"text-align: justify\">El efecto inmediato de los gases lacrim\u00f3genos, cuyo compuesto m\u00e1s com\u00fan es el clorobenzilideno malononitrilo (CS), es la irritaci\u00f3n de los ojos, la nariz, las v\u00edas respiratorias y la piel, pero su exposici\u00f3n prolongada puede provocar problemas m\u00e1s serios, seg\u00fan el secretario nacional del Colegio de M\u00e9dicos de Chile, Jos\u00e9 Miguel Bernucci.<\/p>\n<p style=\"text-align: justify\">&#8220;Las personas con patolog\u00edas cr\u00f3nicas, tanto pulmonares como cardiovasculares, tienen mayores riesgos y pueden sufrir insuficiencias respiratorias agudas, al igual que las embarazadas&#8221;, advierte.<\/p>\n<p style=\"text-align: justify\">Las part\u00edculas de gas se adhieren al asfalto y a las paredes de los edificios, lo que sumado a la sequedad del clima, al calor y al polvo que cubre cada esquina del barrio producto de las batallas campales entre polic\u00edas y manifestantes, hace que se genere una especie de neblina irrespirable.<\/p>\n<p style=\"text-align: justify\">Los expertos calculan que el \u00e1rea de dispersi\u00f3n de las bombas llega hasta los 300 metros cuadrados y que el gas permanece cinco d\u00edas en el ambiente.<br \/>\n&#8220;Mis hijas ya han aprendido que tienen que limpiarse con bicabornato cuando volvemos del parque y echar toda la ropa a lavar&#8221;, asegura Mari\u00e1ngel.Para Manuel Ben\u00edtez, un vecino de 82 a\u00f1os que regresa de hacer la compra en unos de los pocos comercios que sigue abierto en la zona, la situaci\u00f3n es &#8220;insoportable&#8221;: &#8220;La gente que ha podido irse, se ha ido. Nosotros no podemos porque mi se\u00f1ora est\u00e1 bastante enferma y no puede moverse&#8221;, lamenta.<\/p>\n<p style=\"text-align: justify\">Una gran pancarta de tela colgada al inicio de la calle Juana de Lestonnac, frente al Parque Bustamante, le indica a los agentes que en esa manzana viven muchas familias con ni\u00f1os peque\u00f1os y les pide contenci\u00f3n.<\/p>\n<p style=\"text-align: justify\">Es una de las iniciativas de la asociaci\u00f3n vecinal &#8220;No m\u00e1s lacrim\u00f3genas&#8221;, que la pr\u00f3xima semana tiene previsto presentar un recurso ante los tribunales que obligue a los carabineros (nombre de la Polic\u00eda chilena) a limitar el uso de bombas en la zona, como ya ocurre en la ciudad sure\u00f1a de Concepci\u00f3n y como piden a diario decenas de asociaciones de derechos humanos y organismos internacionales.&#8221;Yo no entiendo c\u00f3mo el Gobierno puede gastarse tanto en gases y no en darle a los pobres que se est\u00e1n muriendo de hambre&#8221;, se pregunta Magaly Matus, de 80 a\u00f1os.<\/p>\n<p style=\"text-align: justify\">Pese a las m\u00faltiples dolencias y a que su rutina se ha desbaratado de arriba abajo, la mayor\u00eda de los vecinos apoya las masivas manifestaciones, que este lunes cumplen un mes y que comenzaron como respuesta a la subida del precio del billete de metro, pero que luego se convirtieron en un clamor contra el contra el Gobierno del conservador Sebasti\u00e1n Pi\u00f1era y el desigual modelo econ\u00f3mico heredado de la dictadura de Augusto Pinochet (1973-1990).<\/p>\n<p style=\"text-align: justify\">&#8220;Es una situaci\u00f3n bien bipolar. Por un lado estamos viendo esta intoxicaci\u00f3n de la poblaci\u00f3n, pero por otro lado est\u00e1 la alegr\u00eda de saber que es un momento hist\u00f3rico que jam\u00e1s pens\u00e1bamos que iba a llegar&#8221;, afirma Mar\u00eda Ang\u00e9lica Ovalle.<\/p>\n<p style=\"text-align: justify\">Los vecinos son conscientes adem\u00e1s de que los gases son &#8220;un mal menor&#8221; comparado con los 23 muertos que se ha cobrado esta crisis y los miles de heridos -de los cuales casi 200 tienen graves heridas oculares por los perdigones disparados por los agentes- que se recuperan en los hospitales: &#8220;Hay situaciones mucho peores, yo no recibo a mi hija sin un ojo&#8221;, reconoce Ovalle.<\/p>\n","protected":false},"excerpt":{"rendered":"<p>Tras un mes de protestas, habitantes de un barrio del centro de Santiago padecen s\u00edntomas como hemorragias nasales, conjuntivitis, dermatitis o tos aguda Chile.- Hemorragias nasales, conjuntivitis, dermatitis o tos aguda. Son algunos de los s\u00edntomas que sufren los residentes de un barrio del centro de Santiago desde hace un mes y que provoca un [&hellip;]<\/p>\n","protected":false},"author":2,"featured_media":82510,"comment_status":"open","ping_status":"open","sticky":false,"template":"","format":"standard","meta":{"footnotes":""},"categories":[18],"tags":[],"class_list":["post-82509","post","type-post","status-publish","format-standard","has-post-thumbnail","hentry","category-internacional"],"yoast_head":"<!-- This site is optimized with the Yoast SEO plugin v27.4 - https:\/\/yoast.com\/product\/yoast-seo-wordpress\/ -->\n<title>Chilenos sufren por exposici\u00f3n prolongada a gas lacrim\u00f3geno - Canal 7 SLP - 2019<\/title>\n<meta name=\"robots\" content=\"index, follow, max-snippet:-1, max-image-preview:large, max-video-preview:-1\" \/>\n<link rel=\"canonical\" href=\"https:\/\/canal7slp.tv\/2019\/chilenos-sufren-por-exposicion-prolongada-a-gas-lacrimogeno\/\" \/>\n<meta property=\"og:locale\" content=\"es_ES\" \/>\n<meta property=\"og:type\" content=\"article\" \/>\n<meta property=\"og:title\" content=\"Chilenos sufren por exposici\u00f3n prolongada a gas lacrim\u00f3geno - Canal 7 SLP - 2019\" \/>\n<meta property=\"og:description\" content=\"Tras un mes de protestas, habitantes de un barrio del centro de Santiago padecen s\u00edntomas como hemorragias nasales, conjuntivitis, dermatitis o tos aguda Chile.- Hemorragias nasales, conjuntivitis, dermatitis o tos aguda. Son algunos de los s\u00edntomas que sufren los residentes de un barrio del centro de Santiago desde hace un mes y que provoca un [&hellip;]\" \/>\n<meta property=\"og:url\" content=\"https:\/\/canal7slp.tv\/2019\/chilenos-sufren-por-exposicion-prolongada-a-gas-lacrimogeno\/\" \/>\n<meta property=\"og:site_name\" content=\"Canal 7 SLP - 2019\" \/>\n<meta property=\"article:publisher\" content=\"https:\/\/www.facebook.com\/CANAL7SLP\/\" \/>\n<meta property=\"article:published_time\" content=\"2019-11-18T13:23:09+00:00\" \/>\n<meta property=\"og:image\" content=\"https:\/\/canal7slp.tv\/2019\/wp-content\/uploads\/2019\/11\/1015-17.jpg\" \/>\n\t<meta property=\"og:image:width\" content=\"700\" \/>\n\t<meta property=\"og:image:height\" content=\"466\" \/>\n\t<meta property=\"og:image:type\" content=\"image\/jpeg\" \/>\n<meta name=\"author\" content=\"edicionweb\" \/>\n<meta name=\"twitter:card\" content=\"summary_large_image\" \/>\n<meta name=\"twitter:creator\" content=\"@canal7_slp\" \/>\n<meta name=\"twitter:site\" content=\"@canal7_slp\" \/>\n<meta name=\"twitter:label1\" content=\"Escrito por\" \/>\n\t<meta name=\"twitter:data1\" content=\"edicionweb\" \/>\n\t<meta name=\"twitter:label2\" content=\"Tiempo de lectura\" \/>\n\t<meta name=\"twitter:data2\" content=\"4 minutos\" \/>\n<script type=\"application\/ld+json\" class=\"yoast-schema-graph\">{\"@context\":\"https:\\\/\\\/schema.org\",\"@graph\":[{\"@type\":\"Article\",\"@id\":\"https:\\\/\\\/canal7slp.tv\\\/2019\\\/chilenos-sufren-por-exposicion-prolongada-a-gas-lacrimogeno\\\/#article\",\"isPartOf\":{\"@id\":\"https:\\\/\\\/canal7slp.tv\\\/2019\\\/chilenos-sufren-por-exposicion-prolongada-a-gas-lacrimogeno\\\/\"},\"author\":{\"name\":\"edicionweb\",\"@id\":\"https:\\\/\\\/canal7slp.tv\\\/2019\\\/#\\\/schema\\\/person\\\/11d941c1c6ca30ac0a46b95fa37aa2e3\"},\"headline\":\"Chilenos sufren por exposici\u00f3n prolongada a gas lacrim\u00f3geno\",\"datePublished\":\"2019-11-18T13:23:09+00:00\",\"mainEntityOfPage\":{\"@id\":\"https:\\\/\\\/canal7slp.tv\\\/2019\\\/chilenos-sufren-por-exposicion-prolongada-a-gas-lacrimogeno\\\/\"},\"wordCount\":821,\"commentCount\":0,\"publisher\":{\"@id\":\"https:\\\/\\\/canal7slp.tv\\\/2019\\\/#organization\"},\"image\":{\"@id\":\"https:\\\/\\\/canal7slp.tv\\\/2019\\\/chilenos-sufren-por-exposicion-prolongada-a-gas-lacrimogeno\\\/#primaryimage\"},\"thumbnailUrl\":\"https:\\\/\\\/canal7slp.tv\\\/2019\\\/wp-content\\\/uploads\\\/2019\\\/11\\\/1015-17.jpg\",\"articleSection\":[\"INTERNACIONAL\"],\"inLanguage\":\"es\",\"potentialAction\":[{\"@type\":\"CommentAction\",\"name\":\"Comment\",\"target\":[\"https:\\\/\\\/canal7slp.tv\\\/2019\\\/chilenos-sufren-por-exposicion-prolongada-a-gas-lacrimogeno\\\/#respond\"]}]},{\"@type\":\"WebPage\",\"@id\":\"https:\\\/\\\/canal7slp.tv\\\/2019\\\/chilenos-sufren-por-exposicion-prolongada-a-gas-lacrimogeno\\\/\",\"url\":\"https:\\\/\\\/canal7slp.tv\\\/2019\\\/chilenos-sufren-por-exposicion-prolongada-a-gas-lacrimogeno\\\/\",\"name\":\"Chilenos sufren por exposici\u00f3n prolongada a gas lacrim\u00f3geno - Canal 7 SLP - 2019\",\"isPartOf\":{\"@id\":\"https:\\\/\\\/canal7slp.tv\\\/2019\\\/#website\"},\"primaryImageOfPage\":{\"@id\":\"https:\\\/\\\/canal7slp.tv\\\/2019\\\/chilenos-sufren-por-exposicion-prolongada-a-gas-lacrimogeno\\\/#primaryimage\"},\"image\":{\"@id\":\"https:\\\/\\\/canal7slp.tv\\\/2019\\\/chilenos-sufren-por-exposicion-prolongada-a-gas-lacrimogeno\\\/#primaryimage\"},\"thumbnailUrl\":\"https:\\\/\\\/canal7slp.tv\\\/2019\\\/wp-content\\\/uploads\\\/2019\\\/11\\\/1015-17.jpg\",\"datePublished\":\"2019-11-18T13:23:09+00:00\",\"breadcrumb\":{\"@id\":\"https:\\\/\\\/canal7slp.tv\\\/2019\\\/chilenos-sufren-por-exposicion-prolongada-a-gas-lacrimogeno\\\/#breadcrumb\"},\"inLanguage\":\"es\",\"potentialAction\":[{\"@type\":\"ReadAction\",\"target\":[\"https:\\\/\\\/canal7slp.tv\\\/2019\\\/chilenos-sufren-por-exposicion-prolongada-a-gas-lacrimogeno\\\/\"]}]},{\"@type\":\"ImageObject\",\"inLanguage\":\"es\",\"@id\":\"https:\\\/\\\/canal7slp.tv\\\/2019\\\/chilenos-sufren-por-exposicion-prolongada-a-gas-lacrimogeno\\\/#primaryimage\",\"url\":\"https:\\\/\\\/canal7slp.tv\\\/2019\\\/wp-content\\\/uploads\\\/2019\\\/11\\\/1015-17.jpg\",\"contentUrl\":\"https:\\\/\\\/canal7slp.tv\\\/2019\\\/wp-content\\\/uploads\\\/2019\\\/11\\\/1015-17.jpg\",\"width\":700,\"height\":466},{\"@type\":\"BreadcrumbList\",\"@id\":\"https:\\\/\\\/canal7slp.tv\\\/2019\\\/chilenos-sufren-por-exposicion-prolongada-a-gas-lacrimogeno\\\/#breadcrumb\",\"itemListElement\":[{\"@type\":\"ListItem\",\"position\":1,\"name\":\"Home\",\"item\":\"https:\\\/\\\/canal7slp.tv\\\/2019\\\/\"},{\"@type\":\"ListItem\",\"position\":2,\"name\":\"Chilenos sufren por exposici\u00f3n prolongada a gas lacrim\u00f3geno\"}]},{\"@type\":\"WebSite\",\"@id\":\"https:\\\/\\\/canal7slp.tv\\\/2019\\\/#website\",\"url\":\"https:\\\/\\\/canal7slp.tv\\\/2019\\\/\",\"name\":\"Canal 7 SLP - Somos TV\",\"description\":\"Somos un Canal de 10\",\"publisher\":{\"@id\":\"https:\\\/\\\/canal7slp.tv\\\/2019\\\/#organization\"},\"potentialAction\":[{\"@type\":\"SearchAction\",\"target\":{\"@type\":\"EntryPoint\",\"urlTemplate\":\"https:\\\/\\\/canal7slp.tv\\\/2019\\\/?s={search_term_string}\"},\"query-input\":{\"@type\":\"PropertyValueSpecification\",\"valueRequired\":true,\"valueName\":\"search_term_string\"}}],\"inLanguage\":\"es\"},{\"@type\":\"Organization\",\"@id\":\"https:\\\/\\\/canal7slp.tv\\\/2019\\\/#organization\",\"name\":\"Comunicaci\u00f3n 2000 S.A. de C.V.\",\"url\":\"https:\\\/\\\/canal7slp.tv\\\/2019\\\/\",\"logo\":{\"@type\":\"ImageObject\",\"inLanguage\":\"es\",\"@id\":\"https:\\\/\\\/canal7slp.tv\\\/2019\\\/#\\\/schema\\\/logo\\\/image\\\/\",\"url\":\"https:\\\/\\\/canal7slp.tv\\\/2019\\\/wp-content\\\/uploads\\\/2019\\\/07\\\/logo-c7.png\",\"contentUrl\":\"https:\\\/\\\/canal7slp.tv\\\/2019\\\/wp-content\\\/uploads\\\/2019\\\/07\\\/logo-c7.png\",\"width\":220,\"height\":60,\"caption\":\"Comunicaci\u00f3n 2000 S.A. de C.V.\"},\"image\":{\"@id\":\"https:\\\/\\\/canal7slp.tv\\\/2019\\\/#\\\/schema\\\/logo\\\/image\\\/\"},\"sameAs\":[\"https:\\\/\\\/www.facebook.com\\\/CANAL7SLP\\\/\",\"https:\\\/\\\/x.com\\\/canal7_slp\",\"https:\\\/\\\/www.instagram.com\\\/canal7_slp\",\"https:\\\/\\\/www.youtube.com\\\/user\\\/NOTICIEROSCANAL7SLP\\\/\"]},{\"@type\":\"Person\",\"@id\":\"https:\\\/\\\/canal7slp.tv\\\/2019\\\/#\\\/schema\\\/person\\\/11d941c1c6ca30ac0a46b95fa37aa2e3\",\"name\":\"edicionweb\",\"image\":{\"@type\":\"ImageObject\",\"inLanguage\":\"es\",\"@id\":\"https:\\\/\\\/secure.gravatar.com\\\/avatar\\\/eee448fc3f7164808013b816ba91ac7e43bbe82a70bebac296f8bc6f0addaa1a?s=96&d=mm&r=g\",\"url\":\"https:\\\/\\\/secure.gravatar.com\\\/avatar\\\/eee448fc3f7164808013b816ba91ac7e43bbe82a70bebac296f8bc6f0addaa1a?s=96&d=mm&r=g\",\"contentUrl\":\"https:\\\/\\\/secure.gravatar.com\\\/avatar\\\/eee448fc3f7164808013b816ba91ac7e43bbe82a70bebac296f8bc6f0addaa1a?s=96&d=mm&r=g\",\"caption\":\"edicionweb\"}}]}<\/script>\n<!-- \/ Yoast SEO plugin. -->","yoast_head_json":{"title":"Chilenos sufren por exposici\u00f3n prolongada a gas lacrim\u00f3geno - Canal 7 SLP - 2019","robots":{"index":"index","follow":"follow","max-snippet":"max-snippet:-1","max-image-preview":"max-image-preview:large","max-video-preview":"max-video-preview:-1"},"canonical":"https:\/\/canal7slp.tv\/2019\/chilenos-sufren-por-exposicion-prolongada-a-gas-lacrimogeno\/","og_locale":"es_ES","og_type":"article","og_title":"Chilenos sufren por exposici\u00f3n prolongada a gas lacrim\u00f3geno - Canal 7 SLP - 2019","og_description":"Tras un mes de protestas, habitantes de un barrio del centro de Santiago padecen s\u00edntomas como hemorragias nasales, conjuntivitis, dermatitis o tos aguda Chile.- Hemorragias nasales, conjuntivitis, dermatitis o tos aguda. Son algunos de los s\u00edntomas que sufren los residentes de un barrio del centro de Santiago desde hace un mes y que provoca un [&hellip;]","og_url":"https:\/\/canal7slp.tv\/2019\/chilenos-sufren-por-exposicion-prolongada-a-gas-lacrimogeno\/","og_site_name":"Canal 7 SLP - 2019","article_publisher":"https:\/\/www.facebook.com\/CANAL7SLP\/","article_published_time":"2019-11-18T13:23:09+00:00","og_image":[{"width":700,"height":466,"url":"https:\/\/canal7slp.tv\/2019\/wp-content\/uploads\/2019\/11\/1015-17.jpg","type":"image\/jpeg"}],"author":"edicionweb","twitter_card":"summary_large_image","twitter_creator":"@canal7_slp","twitter_site":"@canal7_slp","twitter_misc":{"Escrito por":"edicionweb","Tiempo de lectura":"4 minutos"},"schema":{"@context":"https:\/\/schema.org","@graph":[{"@type":"Article","@id":"https:\/\/canal7slp.tv\/2019\/chilenos-sufren-por-exposicion-prolongada-a-gas-lacrimogeno\/#article","isPartOf":{"@id":"https:\/\/canal7slp.tv\/2019\/chilenos-sufren-por-exposicion-prolongada-a-gas-lacrimogeno\/"},"author":{"name":"edicionweb","@id":"https:\/\/canal7slp.tv\/2019\/#\/schema\/person\/11d941c1c6ca30ac0a46b95fa37aa2e3"},"headline":"Chilenos sufren por exposici\u00f3n prolongada a gas lacrim\u00f3geno","datePublished":"2019-11-18T13:23:09+00:00","mainEntityOfPage":{"@id":"https:\/\/canal7slp.tv\/2019\/chilenos-sufren-por-exposicion-prolongada-a-gas-lacrimogeno\/"},"wordCount":821,"commentCount":0,"publisher":{"@id":"https:\/\/canal7slp.tv\/2019\/#organization"},"image":{"@id":"https:\/\/canal7slp.tv\/2019\/chilenos-sufren-por-exposicion-prolongada-a-gas-lacrimogeno\/#primaryimage"},"thumbnailUrl":"https:\/\/canal7slp.tv\/2019\/wp-content\/uploads\/2019\/11\/1015-17.jpg","articleSection":["INTERNACIONAL"],"inLanguage":"es","potentialAction":[{"@type":"CommentAction","name":"Comment","target":["https:\/\/canal7slp.tv\/2019\/chilenos-sufren-por-exposicion-prolongada-a-gas-lacrimogeno\/#respond"]}]},{"@type":"WebPage","@id":"https:\/\/canal7slp.tv\/2019\/chilenos-sufren-por-exposicion-prolongada-a-gas-lacrimogeno\/","url":"https:\/\/canal7slp.tv\/2019\/chilenos-sufren-por-exposicion-prolongada-a-gas-lacrimogeno\/","name":"Chilenos sufren por exposici\u00f3n prolongada a gas lacrim\u00f3geno - Canal 7 SLP - 2019","isPartOf":{"@id":"https:\/\/canal7slp.tv\/2019\/#website"},"primaryImageOfPage":{"@id":"https:\/\/canal7slp.tv\/2019\/chilenos-sufren-por-exposicion-prolongada-a-gas-lacrimogeno\/#primaryimage"},"image":{"@id":"https:\/\/canal7slp.tv\/2019\/chilenos-sufren-por-exposicion-prolongada-a-gas-lacrimogeno\/#primaryimage"},"thumbnailUrl":"https:\/\/canal7slp.tv\/2019\/wp-content\/uploads\/2019\/11\/1015-17.jpg","datePublished":"2019-11-18T13:23:09+00:00","breadcrumb":{"@id":"https:\/\/canal7slp.tv\/2019\/chilenos-sufren-por-exposicion-prolongada-a-gas-lacrimogeno\/#breadcrumb"},"inLanguage":"es","potentialAction":[{"@type":"ReadAction","target":["https:\/\/canal7slp.tv\/2019\/chilenos-sufren-por-exposicion-prolongada-a-gas-lacrimogeno\/"]}]},{"@type":"ImageObject","inLanguage":"es","@id":"https:\/\/canal7slp.tv\/2019\/chilenos-sufren-por-exposicion-prolongada-a-gas-lacrimogeno\/#primaryimage","url":"https:\/\/canal7slp.tv\/2019\/wp-content\/uploads\/2019\/11\/1015-17.jpg","contentUrl":"https:\/\/canal7slp.tv\/2019\/wp-content\/uploads\/2019\/11\/1015-17.jpg","width":700,"height":466},{"@type":"BreadcrumbList","@id":"https:\/\/canal7slp.tv\/2019\/chilenos-sufren-por-exposicion-prolongada-a-gas-lacrimogeno\/#breadcrumb","itemListElement":[{"@type":"ListItem","position":1,"name":"Home","item":"https:\/\/canal7slp.tv\/2019\/"},{"@type":"ListItem","position":2,"name":"Chilenos sufren por exposici\u00f3n prolongada a gas lacrim\u00f3geno"}]},{"@type":"WebSite","@id":"https:\/\/canal7slp.tv\/2019\/#website","url":"https:\/\/canal7slp.tv\/2019\/","name":"Canal 7 SLP - Somos TV","description":"Somos un Canal de 10","publisher":{"@id":"https:\/\/canal7slp.tv\/2019\/#organization"},"potentialAction":[{"@type":"SearchAction","target":{"@type":"EntryPoint","urlTemplate":"https:\/\/canal7slp.tv\/2019\/?s={search_term_string}"},"query-input":{"@type":"PropertyValueSpecification","valueRequired":true,"valueName":"search_term_string"}}],"inLanguage":"es"},{"@type":"Organization","@id":"https:\/\/canal7slp.tv\/2019\/#organization","name":"Comunicaci\u00f3n 2000 S.A. de C.V.","url":"https:\/\/canal7slp.tv\/2019\/","logo":{"@type":"ImageObject","inLanguage":"es","@id":"https:\/\/canal7slp.tv\/2019\/#\/schema\/logo\/image\/","url":"https:\/\/canal7slp.tv\/2019\/wp-content\/uploads\/2019\/07\/logo-c7.png","contentUrl":"https:\/\/canal7slp.tv\/2019\/wp-content\/uploads\/2019\/07\/logo-c7.png","width":220,"height":60,"caption":"Comunicaci\u00f3n 2000 S.A. de C.V."},"image":{"@id":"https:\/\/canal7slp.tv\/2019\/#\/schema\/logo\/image\/"},"sameAs":["https:\/\/www.facebook.com\/CANAL7SLP\/","https:\/\/x.com\/canal7_slp","https:\/\/www.instagram.com\/canal7_slp","https:\/\/www.youtube.com\/user\/NOTICIEROSCANAL7SLP\/"]},{"@type":"Person","@id":"https:\/\/canal7slp.tv\/2019\/#\/schema\/person\/11d941c1c6ca30ac0a46b95fa37aa2e3","name":"edicionweb","image":{"@type":"ImageObject","inLanguage":"es","@id":"https:\/\/secure.gravatar.com\/avatar\/eee448fc3f7164808013b816ba91ac7e43bbe82a70bebac296f8bc6f0addaa1a?s=96&d=mm&r=g","url":"https:\/\/secure.gravatar.com\/avatar\/eee448fc3f7164808013b816ba91ac7e43bbe82a70bebac296f8bc6f0addaa1a?s=96&d=mm&r=g","contentUrl":"https:\/\/secure.gravatar.com\/avatar\/eee448fc3f7164808013b816ba91ac7e43bbe82a70bebac296f8bc6f0addaa1a?s=96&d=mm&r=g","caption":"edicionweb"}}]}},"amp_enabled":true,"cmb2":{"video_ids_in_playlist":{"vid_p_videos":""},"video_ids_in_channel":{"vid_c_videos":""},"playlist_ids_in_channel":{"vid_c_playlists":""},"series_ids_in_channel":{"vid_c_series":""},"channel_images":{"vid_c_logo":"","vid_c_banner":""},"poster_feature_image":{"vid_m_poster_image":""},"gif_feature_image":{"vid_m_gif_image":""},"video_movie_settings":{"vid_m_director":"","vid_m_actor":"","vid_m_imdb_ratings":"","vid_m_amazon_associates":""},"vid_youtube_broadcasts_settings":{"vid_yb_broadcast_title":"","vid_yb_q":"","vid_yb_channelid":"","vid_yb_videocategoryid":"","vid_yb_maxresults":"","vid_yb_order":"","vid_yb_regioncode":"","vid_yb_videosyndicated":"","vid_yb_style":"","vid_yb_reload_first":""},"video_series_settings":{"vid_m_director":"","vid_m_actor":"","vid_m_imdb_ratings":"","video_series_group":""},"amazon_associates_settings":{"amazon_associates":"","amazon_native_ad":""},"vid_youtube_automatic_settings":{"vid_ya_youtube_source":"","vid_ya_update_every":"","vid_ya_update_unit":"","vid_ya_categories":"","vid_ya_published_after":"","vid_ya_published_before":"","vid_ya_playlists":"","vid_ya_channels":"","vid_ya_director":"","vid_ya_actor":"","vid_ya_author":"","vid_ya_import_post_date":"","vid_ya_status":"","vid_ya_sub_api_key":""},"vid_ads_m_videoads_settings_post":{"vid_ads_m_video_ads":"","vid_ads_m_video_ads_type":"","vid_ads_m_group_google_ima":"","vid_ads_m_group_image":"","vid_ads_m_group_html5_video":"","vid_ads_m_group_html":"","vid_ads_m_vast_preroll":"","vid_ads_m_vast_postroll":"","vid_ads_m_vast_pauseroll":"","vid_ads_m_vast_midroll":[{"vid_ads_m_vast_timer_seconds":"50"}],"vid_ads_m_time_to_show_ads":"","vid_ads_m_time_skip_ads":"","vid_ads_m_time_to_hide_ads":""},"page_slider_settings":{"display_slider_group":"","page_slider_group":""},"blog_page_settings":{"blog_page_title":"","blog_page_heading":"","blog_page_ic":"","blog_page_it":"","blog_page_ec":"","blog_page_ip":"","archive_loop_style":"","blog_image_ratio":"","blog_show_categories":"","blog_show_excerpt":"","blog_show_author":"","blog_show_date":"","blog_show_comment_count":"","blog_show_view_count":"","blog_show_like_count":"","blog_show_dislike_count":"","blog_items_per_page":"","blog_pag_type":""},"page_options":{"get_page_template":"","color_mode":"","main_layout":"","main_layout_full_with":"","main_logo":"","main_logo_retina":"","main_logo_mobile":"","main_logo_mobile_retina":"","sticky_logo":"","sticky_logo_retina":"","main_nav_layout":"","ajax_search":"","header_background":"","theme_sidebar":"","instagram_feed":"","instagram_feed_position":"","popular_videos":"","popular_videos_title_1":"","popular_videos_title_2":"","popular_videos_ic":"","popular_videos_it":"","theme_background":"","page_custom_css":""},"feature_image_settings":{"feature_image_position":""},"video_player_settings":{"single_video_style":"","video_player_position":"","vm_video_url":"","video_player_library":"","video_streaming":"","vm_media_sources":"","vid_auto_play":"","vm_video_shortcode":"","vid_p_sync_playlist":"","vid_c_sync_channel":"","get_post_format":"","multiple_links_structure":"default","multi_links_title":"","vm_video_multi_links":"","vm_duration":"","vid_social_locker":"off","vid_social_locker_id":"","vid_membership_action":"content-video","vm_video_trailer_url":"","vid_download_type":"free","vid_download_target":"download","vid_woo_product":"","vm_media_download":"","user_rating":"","user_rating_position":"","user_rating_mode":"","user_rating_multi_sets":""},"video_auto_fetch_settings":{"vm_video_fetch":"on"},"video_fake_views_likes":{"vm_fake_views":"","vm_fake_likes":"","vm_fake_dislikes":""},"gallery_settings":{"gallery_position":""},"quote_settings":{"quote_position":""},"post_options":{"main_layout":"","main_logo":"","main_logo_retina":"","main_logo_mobile":"","main_logo_mobile_retina":"","sticky_logo":"","sticky_logo_retina":"","main_nav_layout":"","header_background":"","theme_sidebar":"","single_post_comment_type":"","theme_background":""}},"_links":{"self":[{"href":"https:\/\/canal7slp.tv\/2019\/wp-json\/wp\/v2\/posts\/82509","targetHints":{"allow":["GET"]}}],"collection":[{"href":"https:\/\/canal7slp.tv\/2019\/wp-json\/wp\/v2\/posts"}],"about":[{"href":"https:\/\/canal7slp.tv\/2019\/wp-json\/wp\/v2\/types\/post"}],"author":[{"embeddable":true,"href":"https:\/\/canal7slp.tv\/2019\/wp-json\/wp\/v2\/users\/2"}],"replies":[{"embeddable":true,"href":"https:\/\/canal7slp.tv\/2019\/wp-json\/wp\/v2\/comments?post=82509"}],"version-history":[{"count":0,"href":"https:\/\/canal7slp.tv\/2019\/wp-json\/wp\/v2\/posts\/82509\/revisions"}],"wp:featuredmedia":[{"embeddable":true,"href":"https:\/\/canal7slp.tv\/2019\/wp-json\/wp\/v2\/media\/82510"}],"wp:attachment":[{"href":"https:\/\/canal7slp.tv\/2019\/wp-json\/wp\/v2\/media?parent=82509"}],"wp:term":[{"taxonomy":"category","embeddable":true,"href":"https:\/\/canal7slp.tv\/2019\/wp-json\/wp\/v2\/categories?post=82509"},{"taxonomy":"post_tag","embeddable":true,"href":"https:\/\/canal7slp.tv\/2019\/wp-json\/wp\/v2\/tags?post=82509"}],"curies":[{"name":"wp","href":"https:\/\/api.w.org\/{rel}","templated":true}]}}