{"id":82361,"date":"2019-11-16T14:23:40","date_gmt":"2019-11-16T20:23:40","guid":{"rendered":"https:\/\/canal7slp.tv\/2019\/?p=82361"},"modified":"2019-11-16T14:23:40","modified_gmt":"2019-11-16T20:23:40","slug":"ceepac-desmiente-a-manuel-nava-y-el-fca-por-denuncia-contra-gallardo-cardona","status":"publish","type":"post","link":"https:\/\/canal7slp.tv\/2019\/ceepac-desmiente-a-manuel-nava-y-el-fca-por-denuncia-contra-gallardo-cardona\/","title":{"rendered":"CEEPAC desmiente a Manuel Nava y el FCA por denuncia contra Gallardo Cardona"},"content":{"rendered":"<p style=\"text-align: justify\">SLP.- El consejero electoral, Rodolfo Aguilar Gallegos, desminti\u00f3 al Frente Ciudadano Anticorrupci\u00f3n (FCA) con respecto a que haya iniciado un procedimiento sancionador en materia electoral en contra del diputado federal, Ricardo Gallardo Cardona, pues la denuncia presentada por esta organizaci\u00f3n en pasado 10 de octubre, ni siquiera ha llegado a la Comisi\u00f3n de Quejas y Denuncias del Consejo Estatal Electoral y de Participaci\u00f3n Ciudadana (Ceepac).<\/p>\n<p style=\"text-align: justify\">\u201cEsta agrupaci\u00f3n anunci\u00f3 que el Consejo hab\u00eda aceptado o admitido una denuncia, situaci\u00f3n que no es as\u00ed, para que ello sea admitido, requerir\u00eda una resoluci\u00f3n de la Secretar\u00eda Ejecutiva del Consejo, posteriormente, la Secretar\u00eda tendr\u00eda que dar cuenta de esa admisi\u00f3n a la Comisi\u00f3n de Quejas y Denuncias del Consejo, y una vez que pasa por la Comisi\u00f3n, entonces llega al Pleno\u201d, explic\u00f3 Aguilar Gallegos.<\/p>\n<p style=\"text-align: justify\">Agreg\u00f3 que por ahora la Secretar\u00eda Ejecutiva ni siquiera la ha admitido, est\u00e1 en su estudio, \u201cy como son temas delicados en donde involucran la posibilidad de il\u00edcitos que pudieran ser sancionables, desde luego la Secretar\u00eda Ejecutiva tiene que allegarse de todos los elementos para poder entregarle a la Comisi\u00f3n de Quejas y Denuncias, un documento en el que realmente est\u00e9 sustentado y solventado lo que los denunciantes argumentan\u201d.<\/p>\n<p style=\"text-align: justify\">Por ello aclar\u00f3 que en este momento no se ha admitido, pero s\u00ed est\u00e1 en la instancia de la Secretar\u00eda Ejecutiva el caso. Agreg\u00f3 que habr\u00eda que analizarse, \u201cy seguramente es lo que hace el se\u00f1or secretario\u201d, en qu\u00e9 t\u00e9rminos est\u00e1 la denuncia, y refiri\u00f3 que \u00e9l incluso a\u00fan no conoce los detalles dado que todav\u00eda el secretario ejecutivo no rinde su informe.<\/p>\n<p style=\"text-align: justify\">Explic\u00f3 par contextualizar, que hay tres tipos de actividades de promoci\u00f3n que algunos actores pol\u00edticos pueden utilizar, una es la gubernamental, en la que deben cuidar que el recurso p\u00fablico de la publicidad que hacen los gobiernos, no sea utilizado para la promoci\u00f3n personalizada.<\/p>\n<p style=\"text-align: justify\">Otro escenario es la propaganda pol\u00edtica, que en cualquier momento los partidos pol\u00edticos tienen posibilidad de utilizar porque tienen el derecho de afiliaci\u00f3n permanente de simpatizantes, y de difundir su imagen porque finalmente son instituciones de inter\u00e9s p\u00fablico. En este caso, de la misma forma, deben evitar caer en el error de asociar al partido con alg\u00fan personaje.<\/p>\n<p style=\"text-align: justify\">La otra es la propaganda electoral, sin embargo los actos anticipados ocurren hasta que inicia un proceso electoral, \u201cy en este caso arranca hasta la primer semana de septiembre del 2020, estamos a 10 meses aproximadamente de que eso ocurra, por tanto, en este momento, si la demanda viniera por propagando electoral, no se configura un delito\u201d.<\/p>\n<p style=\"text-align: justify\">Agreg\u00f3 Aguilar Gallegos que en el an\u00e1lisis de las denuncias debe entrar el criterio de lo que puede ser permitido y no, porque si hay un evento de un partido pol\u00edtico y en \u00e9l se habla de un personaje, hay que ver donde realmente hay un uso del recurso p\u00fablico para promover la imagen personalizada.<\/p>\n<p style=\"text-align: justify\">\u201cA veces los mismos medios de comunicaci\u00f3n, sin que un partido se lo proponga, destacan una nota de un detalle que ocurri\u00f3 en alg\u00fan evento, y eso no quiere decir que ya haya una promoci\u00f3n personalizada, o la presencia de alg\u00fan funcionario p\u00fablico en un evento de un partido pol\u00edtico, por ejemplo de un fin de semana que es d\u00eda de asueto, a veces no configura un delito\u201d.<\/p>\n","protected":false},"excerpt":{"rendered":"<p>SLP.- El consejero electoral, Rodolfo Aguilar Gallegos, desminti\u00f3 al Frente Ciudadano Anticorrupci\u00f3n (FCA) con respecto a que haya iniciado un procedimiento sancionador en materia electoral en contra del diputado federal, Ricardo Gallardo Cardona, pues la denuncia presentada por esta organizaci\u00f3n en pasado 10 de octubre, ni siquiera ha llegado a la Comisi\u00f3n de Quejas y [&hellip;]<\/p>\n","protected":false},"author":2,"featured_media":82362,"comment_status":"open","ping_status":"open","sticky":false,"template":"","format":"standard","meta":{"footnotes":""},"categories":[17],"tags":[],"class_list":["post-82361","post","type-post","status-publish","format-standard","has-post-thumbnail","hentry","category-localesyregionales"],"yoast_head":"<!-- This site is optimized with the Yoast SEO plugin v27.5 - https:\/\/yoast.com\/product\/yoast-seo-wordpress\/ -->\n<title>CEEPAC desmiente a Manuel Nava y el FCA por denuncia contra Gallardo Cardona - Canal 7 SLP - 2019<\/title>\n<meta name=\"robots\" content=\"index, follow, max-snippet:-1, max-image-preview:large, max-video-preview:-1\" \/>\n<link rel=\"canonical\" href=\"https:\/\/canal7slp.tv\/2019\/ceepac-desmiente-a-manuel-nava-y-el-fca-por-denuncia-contra-gallardo-cardona\/\" \/>\n<meta property=\"og:locale\" content=\"es_ES\" \/>\n<meta property=\"og:type\" content=\"article\" \/>\n<meta property=\"og:title\" content=\"CEEPAC desmiente a Manuel Nava y el FCA por denuncia contra Gallardo Cardona - Canal 7 SLP - 2019\" \/>\n<meta property=\"og:description\" content=\"SLP.- El consejero electoral, Rodolfo Aguilar Gallegos, desminti\u00f3 al Frente Ciudadano Anticorrupci\u00f3n (FCA) con respecto a que haya iniciado un procedimiento sancionador en materia electoral en contra del diputado federal, Ricardo Gallardo Cardona, pues la denuncia presentada por esta organizaci\u00f3n en pasado 10 de octubre, ni siquiera ha llegado a la Comisi\u00f3n de Quejas y [&hellip;]\" \/>\n<meta property=\"og:url\" content=\"https:\/\/canal7slp.tv\/2019\/ceepac-desmiente-a-manuel-nava-y-el-fca-por-denuncia-contra-gallardo-cardona\/\" \/>\n<meta property=\"og:site_name\" content=\"Canal 7 SLP - 2019\" \/>\n<meta property=\"article:publisher\" content=\"https:\/\/www.facebook.com\/CANAL7SLP\/\" \/>\n<meta property=\"article:published_time\" content=\"2019-11-16T20:23:40+00:00\" \/>\n<meta property=\"og:image\" content=\"https:\/\/canal7slp.tv\/2019\/wp-content\/uploads\/2019\/11\/ceepac.jpg\" \/>\n\t<meta property=\"og:image:width\" content=\"615\" \/>\n\t<meta property=\"og:image:height\" content=\"410\" \/>\n\t<meta property=\"og:image:type\" content=\"image\/jpeg\" \/>\n<meta name=\"author\" content=\"edicionweb\" \/>\n<meta name=\"twitter:card\" content=\"summary_large_image\" \/>\n<meta name=\"twitter:creator\" content=\"@canal7_slp\" \/>\n<meta name=\"twitter:site\" content=\"@canal7_slp\" \/>\n<meta name=\"twitter:label1\" content=\"Escrito por\" \/>\n\t<meta name=\"twitter:data1\" content=\"edicionweb\" \/>\n\t<meta name=\"twitter:label2\" content=\"Tiempo de lectura\" \/>\n\t<meta name=\"twitter:data2\" content=\"3 minutos\" \/>\n<script type=\"application\/ld+json\" class=\"yoast-schema-graph\">{\"@context\":\"https:\\\/\\\/schema.org\",\"@graph\":[{\"@type\":\"Article\",\"@id\":\"https:\\\/\\\/canal7slp.tv\\\/2019\\\/ceepac-desmiente-a-manuel-nava-y-el-fca-por-denuncia-contra-gallardo-cardona\\\/#article\",\"isPartOf\":{\"@id\":\"https:\\\/\\\/canal7slp.tv\\\/2019\\\/ceepac-desmiente-a-manuel-nava-y-el-fca-por-denuncia-contra-gallardo-cardona\\\/\"},\"author\":{\"name\":\"edicionweb\",\"@id\":\"https:\\\/\\\/canal7slp.tv\\\/2019\\\/#\\\/schema\\\/person\\\/11d941c1c6ca30ac0a46b95fa37aa2e3\"},\"headline\":\"CEEPAC desmiente a Manuel Nava y el FCA por denuncia contra Gallardo Cardona\",\"datePublished\":\"2019-11-16T20:23:40+00:00\",\"mainEntityOfPage\":{\"@id\":\"https:\\\/\\\/canal7slp.tv\\\/2019\\\/ceepac-desmiente-a-manuel-nava-y-el-fca-por-denuncia-contra-gallardo-cardona\\\/\"},\"wordCount\":600,\"commentCount\":0,\"publisher\":{\"@id\":\"https:\\\/\\\/canal7slp.tv\\\/2019\\\/#organization\"},\"image\":{\"@id\":\"https:\\\/\\\/canal7slp.tv\\\/2019\\\/ceepac-desmiente-a-manuel-nava-y-el-fca-por-denuncia-contra-gallardo-cardona\\\/#primaryimage\"},\"thumbnailUrl\":\"https:\\\/\\\/canal7slp.tv\\\/2019\\\/wp-content\\\/uploads\\\/2019\\\/11\\\/ceepac.jpg\",\"articleSection\":[\"LOCALES Y REGIONALES\"],\"inLanguage\":\"es\",\"potentialAction\":[{\"@type\":\"CommentAction\",\"name\":\"Comment\",\"target\":[\"https:\\\/\\\/canal7slp.tv\\\/2019\\\/ceepac-desmiente-a-manuel-nava-y-el-fca-por-denuncia-contra-gallardo-cardona\\\/#respond\"]}]},{\"@type\":\"WebPage\",\"@id\":\"https:\\\/\\\/canal7slp.tv\\\/2019\\\/ceepac-desmiente-a-manuel-nava-y-el-fca-por-denuncia-contra-gallardo-cardona\\\/\",\"url\":\"https:\\\/\\\/canal7slp.tv\\\/2019\\\/ceepac-desmiente-a-manuel-nava-y-el-fca-por-denuncia-contra-gallardo-cardona\\\/\",\"name\":\"CEEPAC desmiente a Manuel Nava y el FCA por denuncia contra Gallardo Cardona - Canal 7 SLP - 2019\",\"isPartOf\":{\"@id\":\"https:\\\/\\\/canal7slp.tv\\\/2019\\\/#website\"},\"primaryImageOfPage\":{\"@id\":\"https:\\\/\\\/canal7slp.tv\\\/2019\\\/ceepac-desmiente-a-manuel-nava-y-el-fca-por-denuncia-contra-gallardo-cardona\\\/#primaryimage\"},\"image\":{\"@id\":\"https:\\\/\\\/canal7slp.tv\\\/2019\\\/ceepac-desmiente-a-manuel-nava-y-el-fca-por-denuncia-contra-gallardo-cardona\\\/#primaryimage\"},\"thumbnailUrl\":\"https:\\\/\\\/canal7slp.tv\\\/2019\\\/wp-content\\\/uploads\\\/2019\\\/11\\\/ceepac.jpg\",\"datePublished\":\"2019-11-16T20:23:40+00:00\",\"breadcrumb\":{\"@id\":\"https:\\\/\\\/canal7slp.tv\\\/2019\\\/ceepac-desmiente-a-manuel-nava-y-el-fca-por-denuncia-contra-gallardo-cardona\\\/#breadcrumb\"},\"inLanguage\":\"es\",\"potentialAction\":[{\"@type\":\"ReadAction\",\"target\":[\"https:\\\/\\\/canal7slp.tv\\\/2019\\\/ceepac-desmiente-a-manuel-nava-y-el-fca-por-denuncia-contra-gallardo-cardona\\\/\"]}]},{\"@type\":\"ImageObject\",\"inLanguage\":\"es\",\"@id\":\"https:\\\/\\\/canal7slp.tv\\\/2019\\\/ceepac-desmiente-a-manuel-nava-y-el-fca-por-denuncia-contra-gallardo-cardona\\\/#primaryimage\",\"url\":\"https:\\\/\\\/canal7slp.tv\\\/2019\\\/wp-content\\\/uploads\\\/2019\\\/11\\\/ceepac.jpg\",\"contentUrl\":\"https:\\\/\\\/canal7slp.tv\\\/2019\\\/wp-content\\\/uploads\\\/2019\\\/11\\\/ceepac.jpg\",\"width\":615,\"height\":410},{\"@type\":\"BreadcrumbList\",\"@id\":\"https:\\\/\\\/canal7slp.tv\\\/2019\\\/ceepac-desmiente-a-manuel-nava-y-el-fca-por-denuncia-contra-gallardo-cardona\\\/#breadcrumb\",\"itemListElement\":[{\"@type\":\"ListItem\",\"position\":1,\"name\":\"Home\",\"item\":\"https:\\\/\\\/canal7slp.tv\\\/2019\\\/\"},{\"@type\":\"ListItem\",\"position\":2,\"name\":\"CEEPAC desmiente a Manuel Nava y el FCA por denuncia contra Gallardo Cardona\"}]},{\"@type\":\"WebSite\",\"@id\":\"https:\\\/\\\/canal7slp.tv\\\/2019\\\/#website\",\"url\":\"https:\\\/\\\/canal7slp.tv\\\/2019\\\/\",\"name\":\"Canal 7 SLP - Somos TV\",\"description\":\"Somos un Canal de 10\",\"publisher\":{\"@id\":\"https:\\\/\\\/canal7slp.tv\\\/2019\\\/#organization\"},\"potentialAction\":[{\"@type\":\"SearchAction\",\"target\":{\"@type\":\"EntryPoint\",\"urlTemplate\":\"https:\\\/\\\/canal7slp.tv\\\/2019\\\/?s={search_term_string}\"},\"query-input\":{\"@type\":\"PropertyValueSpecification\",\"valueRequired\":true,\"valueName\":\"search_term_string\"}}],\"inLanguage\":\"es\"},{\"@type\":\"Organization\",\"@id\":\"https:\\\/\\\/canal7slp.tv\\\/2019\\\/#organization\",\"name\":\"Comunicaci\u00f3n 2000 S.A. de C.V.\",\"url\":\"https:\\\/\\\/canal7slp.tv\\\/2019\\\/\",\"logo\":{\"@type\":\"ImageObject\",\"inLanguage\":\"es\",\"@id\":\"https:\\\/\\\/canal7slp.tv\\\/2019\\\/#\\\/schema\\\/logo\\\/image\\\/\",\"url\":\"https:\\\/\\\/canal7slp.tv\\\/2019\\\/wp-content\\\/uploads\\\/2019\\\/07\\\/logo-c7.png\",\"contentUrl\":\"https:\\\/\\\/canal7slp.tv\\\/2019\\\/wp-content\\\/uploads\\\/2019\\\/07\\\/logo-c7.png\",\"width\":220,\"height\":60,\"caption\":\"Comunicaci\u00f3n 2000 S.A. de C.V.\"},\"image\":{\"@id\":\"https:\\\/\\\/canal7slp.tv\\\/2019\\\/#\\\/schema\\\/logo\\\/image\\\/\"},\"sameAs\":[\"https:\\\/\\\/www.facebook.com\\\/CANAL7SLP\\\/\",\"https:\\\/\\\/x.com\\\/canal7_slp\",\"https:\\\/\\\/www.instagram.com\\\/canal7_slp\",\"https:\\\/\\\/www.youtube.com\\\/user\\\/NOTICIEROSCANAL7SLP\\\/\"]},{\"@type\":\"Person\",\"@id\":\"https:\\\/\\\/canal7slp.tv\\\/2019\\\/#\\\/schema\\\/person\\\/11d941c1c6ca30ac0a46b95fa37aa2e3\",\"name\":\"edicionweb\",\"image\":{\"@type\":\"ImageObject\",\"inLanguage\":\"es\",\"@id\":\"https:\\\/\\\/secure.gravatar.com\\\/avatar\\\/eee448fc3f7164808013b816ba91ac7e43bbe82a70bebac296f8bc6f0addaa1a?s=96&d=mm&r=g\",\"url\":\"https:\\\/\\\/secure.gravatar.com\\\/avatar\\\/eee448fc3f7164808013b816ba91ac7e43bbe82a70bebac296f8bc6f0addaa1a?s=96&d=mm&r=g\",\"contentUrl\":\"https:\\\/\\\/secure.gravatar.com\\\/avatar\\\/eee448fc3f7164808013b816ba91ac7e43bbe82a70bebac296f8bc6f0addaa1a?s=96&d=mm&r=g\",\"caption\":\"edicionweb\"}}]}<\/script>\n<!-- \/ Yoast SEO plugin. -->","yoast_head_json":{"title":"CEEPAC desmiente a Manuel Nava y el FCA por denuncia contra Gallardo Cardona - Canal 7 SLP - 2019","robots":{"index":"index","follow":"follow","max-snippet":"max-snippet:-1","max-image-preview":"max-image-preview:large","max-video-preview":"max-video-preview:-1"},"canonical":"https:\/\/canal7slp.tv\/2019\/ceepac-desmiente-a-manuel-nava-y-el-fca-por-denuncia-contra-gallardo-cardona\/","og_locale":"es_ES","og_type":"article","og_title":"CEEPAC desmiente a Manuel Nava y el FCA por denuncia contra Gallardo Cardona - Canal 7 SLP - 2019","og_description":"SLP.- El consejero electoral, Rodolfo Aguilar Gallegos, desminti\u00f3 al Frente Ciudadano Anticorrupci\u00f3n (FCA) con respecto a que haya iniciado un procedimiento sancionador en materia electoral en contra del diputado federal, Ricardo Gallardo Cardona, pues la denuncia presentada por esta organizaci\u00f3n en pasado 10 de octubre, ni siquiera ha llegado a la Comisi\u00f3n de Quejas y [&hellip;]","og_url":"https:\/\/canal7slp.tv\/2019\/ceepac-desmiente-a-manuel-nava-y-el-fca-por-denuncia-contra-gallardo-cardona\/","og_site_name":"Canal 7 SLP - 2019","article_publisher":"https:\/\/www.facebook.com\/CANAL7SLP\/","article_published_time":"2019-11-16T20:23:40+00:00","og_image":[{"width":615,"height":410,"url":"https:\/\/canal7slp.tv\/2019\/wp-content\/uploads\/2019\/11\/ceepac.jpg","type":"image\/jpeg"}],"author":"edicionweb","twitter_card":"summary_large_image","twitter_creator":"@canal7_slp","twitter_site":"@canal7_slp","twitter_misc":{"Escrito por":"edicionweb","Tiempo de lectura":"3 minutos"},"schema":{"@context":"https:\/\/schema.org","@graph":[{"@type":"Article","@id":"https:\/\/canal7slp.tv\/2019\/ceepac-desmiente-a-manuel-nava-y-el-fca-por-denuncia-contra-gallardo-cardona\/#article","isPartOf":{"@id":"https:\/\/canal7slp.tv\/2019\/ceepac-desmiente-a-manuel-nava-y-el-fca-por-denuncia-contra-gallardo-cardona\/"},"author":{"name":"edicionweb","@id":"https:\/\/canal7slp.tv\/2019\/#\/schema\/person\/11d941c1c6ca30ac0a46b95fa37aa2e3"},"headline":"CEEPAC desmiente a Manuel Nava y el FCA por denuncia contra Gallardo Cardona","datePublished":"2019-11-16T20:23:40+00:00","mainEntityOfPage":{"@id":"https:\/\/canal7slp.tv\/2019\/ceepac-desmiente-a-manuel-nava-y-el-fca-por-denuncia-contra-gallardo-cardona\/"},"wordCount":600,"commentCount":0,"publisher":{"@id":"https:\/\/canal7slp.tv\/2019\/#organization"},"image":{"@id":"https:\/\/canal7slp.tv\/2019\/ceepac-desmiente-a-manuel-nava-y-el-fca-por-denuncia-contra-gallardo-cardona\/#primaryimage"},"thumbnailUrl":"https:\/\/canal7slp.tv\/2019\/wp-content\/uploads\/2019\/11\/ceepac.jpg","articleSection":["LOCALES Y REGIONALES"],"inLanguage":"es","potentialAction":[{"@type":"CommentAction","name":"Comment","target":["https:\/\/canal7slp.tv\/2019\/ceepac-desmiente-a-manuel-nava-y-el-fca-por-denuncia-contra-gallardo-cardona\/#respond"]}]},{"@type":"WebPage","@id":"https:\/\/canal7slp.tv\/2019\/ceepac-desmiente-a-manuel-nava-y-el-fca-por-denuncia-contra-gallardo-cardona\/","url":"https:\/\/canal7slp.tv\/2019\/ceepac-desmiente-a-manuel-nava-y-el-fca-por-denuncia-contra-gallardo-cardona\/","name":"CEEPAC desmiente a Manuel Nava y el FCA por denuncia contra Gallardo Cardona - Canal 7 SLP - 2019","isPartOf":{"@id":"https:\/\/canal7slp.tv\/2019\/#website"},"primaryImageOfPage":{"@id":"https:\/\/canal7slp.tv\/2019\/ceepac-desmiente-a-manuel-nava-y-el-fca-por-denuncia-contra-gallardo-cardona\/#primaryimage"},"image":{"@id":"https:\/\/canal7slp.tv\/2019\/ceepac-desmiente-a-manuel-nava-y-el-fca-por-denuncia-contra-gallardo-cardona\/#primaryimage"},"thumbnailUrl":"https:\/\/canal7slp.tv\/2019\/wp-content\/uploads\/2019\/11\/ceepac.jpg","datePublished":"2019-11-16T20:23:40+00:00","breadcrumb":{"@id":"https:\/\/canal7slp.tv\/2019\/ceepac-desmiente-a-manuel-nava-y-el-fca-por-denuncia-contra-gallardo-cardona\/#breadcrumb"},"inLanguage":"es","potentialAction":[{"@type":"ReadAction","target":["https:\/\/canal7slp.tv\/2019\/ceepac-desmiente-a-manuel-nava-y-el-fca-por-denuncia-contra-gallardo-cardona\/"]}]},{"@type":"ImageObject","inLanguage":"es","@id":"https:\/\/canal7slp.tv\/2019\/ceepac-desmiente-a-manuel-nava-y-el-fca-por-denuncia-contra-gallardo-cardona\/#primaryimage","url":"https:\/\/canal7slp.tv\/2019\/wp-content\/uploads\/2019\/11\/ceepac.jpg","contentUrl":"https:\/\/canal7slp.tv\/2019\/wp-content\/uploads\/2019\/11\/ceepac.jpg","width":615,"height":410},{"@type":"BreadcrumbList","@id":"https:\/\/canal7slp.tv\/2019\/ceepac-desmiente-a-manuel-nava-y-el-fca-por-denuncia-contra-gallardo-cardona\/#breadcrumb","itemListElement":[{"@type":"ListItem","position":1,"name":"Home","item":"https:\/\/canal7slp.tv\/2019\/"},{"@type":"ListItem","position":2,"name":"CEEPAC desmiente a Manuel Nava y el FCA por denuncia contra Gallardo Cardona"}]},{"@type":"WebSite","@id":"https:\/\/canal7slp.tv\/2019\/#website","url":"https:\/\/canal7slp.tv\/2019\/","name":"Canal 7 SLP - Somos TV","description":"Somos un Canal de 10","publisher":{"@id":"https:\/\/canal7slp.tv\/2019\/#organization"},"potentialAction":[{"@type":"SearchAction","target":{"@type":"EntryPoint","urlTemplate":"https:\/\/canal7slp.tv\/2019\/?s={search_term_string}"},"query-input":{"@type":"PropertyValueSpecification","valueRequired":true,"valueName":"search_term_string"}}],"inLanguage":"es"},{"@type":"Organization","@id":"https:\/\/canal7slp.tv\/2019\/#organization","name":"Comunicaci\u00f3n 2000 S.A. de C.V.","url":"https:\/\/canal7slp.tv\/2019\/","logo":{"@type":"ImageObject","inLanguage":"es","@id":"https:\/\/canal7slp.tv\/2019\/#\/schema\/logo\/image\/","url":"https:\/\/canal7slp.tv\/2019\/wp-content\/uploads\/2019\/07\/logo-c7.png","contentUrl":"https:\/\/canal7slp.tv\/2019\/wp-content\/uploads\/2019\/07\/logo-c7.png","width":220,"height":60,"caption":"Comunicaci\u00f3n 2000 S.A. de C.V."},"image":{"@id":"https:\/\/canal7slp.tv\/2019\/#\/schema\/logo\/image\/"},"sameAs":["https:\/\/www.facebook.com\/CANAL7SLP\/","https:\/\/x.com\/canal7_slp","https:\/\/www.instagram.com\/canal7_slp","https:\/\/www.youtube.com\/user\/NOTICIEROSCANAL7SLP\/"]},{"@type":"Person","@id":"https:\/\/canal7slp.tv\/2019\/#\/schema\/person\/11d941c1c6ca30ac0a46b95fa37aa2e3","name":"edicionweb","image":{"@type":"ImageObject","inLanguage":"es","@id":"https:\/\/secure.gravatar.com\/avatar\/eee448fc3f7164808013b816ba91ac7e43bbe82a70bebac296f8bc6f0addaa1a?s=96&d=mm&r=g","url":"https:\/\/secure.gravatar.com\/avatar\/eee448fc3f7164808013b816ba91ac7e43bbe82a70bebac296f8bc6f0addaa1a?s=96&d=mm&r=g","contentUrl":"https:\/\/secure.gravatar.com\/avatar\/eee448fc3f7164808013b816ba91ac7e43bbe82a70bebac296f8bc6f0addaa1a?s=96&d=mm&r=g","caption":"edicionweb"}}]}},"amp_enabled":true,"cmb2":{"video_ids_in_playlist":{"vid_p_videos":""},"video_ids_in_channel":{"vid_c_videos":""},"playlist_ids_in_channel":{"vid_c_playlists":""},"series_ids_in_channel":{"vid_c_series":""},"channel_images":{"vid_c_logo":"","vid_c_banner":""},"poster_feature_image":{"vid_m_poster_image":""},"gif_feature_image":{"vid_m_gif_image":""},"video_movie_settings":{"vid_m_director":"","vid_m_actor":"","vid_m_imdb_ratings":"","vid_m_amazon_associates":""},"vid_youtube_broadcasts_settings":{"vid_yb_broadcast_title":"","vid_yb_q":"","vid_yb_channelid":"","vid_yb_videocategoryid":"","vid_yb_maxresults":"","vid_yb_order":"","vid_yb_regioncode":"","vid_yb_videosyndicated":"","vid_yb_style":"","vid_yb_reload_first":""},"video_series_settings":{"vid_m_director":"","vid_m_actor":"","vid_m_imdb_ratings":"","video_series_group":""},"amazon_associates_settings":{"amazon_associates":"","amazon_native_ad":""},"vid_youtube_automatic_settings":{"vid_ya_youtube_source":"","vid_ya_update_every":"","vid_ya_update_unit":"","vid_ya_categories":"","vid_ya_published_after":"","vid_ya_published_before":"","vid_ya_playlists":"","vid_ya_channels":"","vid_ya_director":"","vid_ya_actor":"","vid_ya_author":"","vid_ya_import_post_date":"","vid_ya_status":"","vid_ya_sub_api_key":""},"vid_ads_m_videoads_settings_post":{"vid_ads_m_video_ads":"","vid_ads_m_video_ads_type":"","vid_ads_m_group_google_ima":"","vid_ads_m_group_image":"","vid_ads_m_group_html5_video":"","vid_ads_m_group_html":"","vid_ads_m_vast_preroll":"","vid_ads_m_vast_postroll":"","vid_ads_m_vast_pauseroll":"","vid_ads_m_vast_midroll":[{"vid_ads_m_vast_timer_seconds":"50"}],"vid_ads_m_time_to_show_ads":"","vid_ads_m_time_skip_ads":"","vid_ads_m_time_to_hide_ads":""},"page_slider_settings":{"display_slider_group":"","page_slider_group":""},"blog_page_settings":{"blog_page_title":"","blog_page_heading":"","blog_page_ic":"","blog_page_it":"","blog_page_ec":"","blog_page_ip":"","archive_loop_style":"","blog_image_ratio":"","blog_show_categories":"","blog_show_excerpt":"","blog_show_author":"","blog_show_date":"","blog_show_comment_count":"","blog_show_view_count":"","blog_show_like_count":"","blog_show_dislike_count":"","blog_items_per_page":"","blog_pag_type":""},"page_options":{"get_page_template":"","color_mode":"","main_layout":"","main_layout_full_with":"","main_logo":"","main_logo_retina":"","main_logo_mobile":"","main_logo_mobile_retina":"","sticky_logo":"","sticky_logo_retina":"","main_nav_layout":"","ajax_search":"","header_background":"","theme_sidebar":"","instagram_feed":"","instagram_feed_position":"","popular_videos":"","popular_videos_title_1":"","popular_videos_title_2":"","popular_videos_ic":"","popular_videos_it":"","theme_background":"","page_custom_css":""},"feature_image_settings":{"feature_image_position":""},"video_player_settings":{"single_video_style":"","video_player_position":"","vm_video_url":"","video_player_library":"","video_streaming":"","vm_media_sources":"","vid_auto_play":"","vm_video_shortcode":"","vid_p_sync_playlist":"","vid_c_sync_channel":"","get_post_format":"","multiple_links_structure":"default","multi_links_title":"","vm_video_multi_links":"","vm_duration":"","vid_social_locker":"off","vid_social_locker_id":"","vid_membership_action":"content-video","vm_video_trailer_url":"","vid_download_type":"free","vid_download_target":"download","vid_woo_product":"","vm_media_download":"","user_rating":"","user_rating_position":"","user_rating_mode":"","user_rating_multi_sets":""},"video_auto_fetch_settings":{"vm_video_fetch":"on"},"video_fake_views_likes":{"vm_fake_views":"","vm_fake_likes":"","vm_fake_dislikes":""},"gallery_settings":{"gallery_position":""},"quote_settings":{"quote_position":""},"post_options":{"main_layout":"","main_logo":"","main_logo_retina":"","main_logo_mobile":"","main_logo_mobile_retina":"","sticky_logo":"","sticky_logo_retina":"","main_nav_layout":"","header_background":"","theme_sidebar":"","single_post_comment_type":"","theme_background":""}},"_links":{"self":[{"href":"https:\/\/canal7slp.tv\/2019\/wp-json\/wp\/v2\/posts\/82361","targetHints":{"allow":["GET"]}}],"collection":[{"href":"https:\/\/canal7slp.tv\/2019\/wp-json\/wp\/v2\/posts"}],"about":[{"href":"https:\/\/canal7slp.tv\/2019\/wp-json\/wp\/v2\/types\/post"}],"author":[{"embeddable":true,"href":"https:\/\/canal7slp.tv\/2019\/wp-json\/wp\/v2\/users\/2"}],"replies":[{"embeddable":true,"href":"https:\/\/canal7slp.tv\/2019\/wp-json\/wp\/v2\/comments?post=82361"}],"version-history":[{"count":0,"href":"https:\/\/canal7slp.tv\/2019\/wp-json\/wp\/v2\/posts\/82361\/revisions"}],"wp:featuredmedia":[{"embeddable":true,"href":"https:\/\/canal7slp.tv\/2019\/wp-json\/wp\/v2\/media\/82362"}],"wp:attachment":[{"href":"https:\/\/canal7slp.tv\/2019\/wp-json\/wp\/v2\/media?parent=82361"}],"wp:term":[{"taxonomy":"category","embeddable":true,"href":"https:\/\/canal7slp.tv\/2019\/wp-json\/wp\/v2\/categories?post=82361"},{"taxonomy":"post_tag","embeddable":true,"href":"https:\/\/canal7slp.tv\/2019\/wp-json\/wp\/v2\/tags?post=82361"}],"curies":[{"name":"wp","href":"https:\/\/api.w.org\/{rel}","templated":true}]}}