{"id":82304,"date":"2019-11-16T11:33:44","date_gmt":"2019-11-16T17:33:44","guid":{"rendered":"https:\/\/canal7slp.tv\/2019\/?p=82304"},"modified":"2019-11-16T11:33:44","modified_gmt":"2019-11-16T17:33:44","slug":"muerte-de-jorge-vergara-enluta-al-futbol","status":"publish","type":"post","link":"https:\/\/canal7slp.tv\/2019\/muerte-de-jorge-vergara-enluta-al-futbol\/","title":{"rendered":"Muerte de Jorge Vergara enluta al futbol"},"content":{"rendered":"<ul>\n<li style=\"text-align: justify\">Tanto amigos como rivales ofrecen sus condolencias tras el deceso del empresario, due\u00f1o del Club Deportivo Guadalajara<\/li>\n<\/ul>\n<p style=\"text-align: justify\">El sue\u00f1o comenz\u00f3 en agosto de 2002. Entonces, Jorge Carlos Vergara Madrigal, quien era conocido gracias a su empresa Omnilife, la cual fund\u00f3 en el a\u00f1o de 1989 bajo el nombre de Omnitrition, daba a conocer un ambicioso proyecto para adquirir las acciones del Club Deportivo Guadalajara.<\/p>\n<p style=\"text-align: justify\">El empresario, quien tambi\u00e9n se dedic\u00f3 a la producci\u00f3n de cine, fue tildado de loco. Pero su visi\u00f3n a futuro para el club de futbol m\u00e1s popular del pa\u00eds termin\u00f3 por cristalizar el sue\u00f1o dos meses despu\u00e9s, el 30 de octubre, cuando por un monto de 260 millones de d\u00f3lares se hizo del control del Guadalajara y lo convirti\u00f3 en una Sociedad An\u00f3mina.<\/p>\n<p style=\"text-align: justify\">Ahora, 17 a\u00f1os despu\u00e9s, el sue\u00f1o de Vergara Madrigal lo acompa\u00f1ar\u00e1 al descanso eterno. Nacido el 3 de marzo de 1955, el empresario tapat\u00edo falleci\u00f3 ayer por la ma\u00f1ana a causa de un paro cardiorrespiratorio en la ciudad de Nueva York. El anuncio lo hizo su hijo Amaury.<\/p>\n<p style=\"text-align: justify\">\u201cHonremos a mi padre como \u00e9l siempre nos ense\u00f1\u00f3 con su ejemplo: trabajando un d\u00eda y el otro tambi\u00e9n\u201d, comparti\u00f3 Vergara Zatarain a trav\u00e9s de un comunicado en el que confirmaba el deceso de su padre.<\/p>\n<p style=\"text-align: justify\">Revolucionario y pol\u00e9mico, adjetivos que le fueron otorgados a Vergara Madrigal por sus acciones en el mundo Chivas. Desde la promesa de forjar al mejor equipo del mundo (que qued\u00f3 pendiente), hasta la construcci\u00f3n de una nueva casa rojiblanca, la cual present\u00f3 al orbe en julio de 2010, pasando por los pol\u00e9micos desplegados, las apuestas con causa con sus ac\u00e9rrimos rivales, el interminable desfile de directores t\u00e9cnicos y la crisis deportiva que ahora tiene al equipo peleando por no descender.<\/p>\n<p style=\"text-align: justify\">Bajo su manto, el Guadalajara consigui\u00f3 dos t\u00edtulos de Liga, dos de Copa MX y uno de Liga de Campeones de Concacaf. Tambi\u00e9n, el equipo rojiblanco trascendi\u00f3 a nivel continental con sus participaciones en Copa Libertadores en 2005 y 2006 cuando lleg\u00f3 a Semifinales, hasta la Final de 2010 en la que se qued\u00f3 a poco de hacer historia.<\/p>\n<p style=\"text-align: justify\">No por nada las muestras de afecto no se hicieron esperar. Ex colaboradores, ex directores t\u00e9cnicos del Reba\u00f1o, amigos y rivales en la Liga MX se conmocionaron por el deceso del empresario. Un homenaje con aplausos en su casa: el Estadio Akron, antes de un juego de Chivas femenil, y cientos de condolencias p\u00fablicas, fueron dirigidas al hombre que cambi\u00f3 el modo de ver el futbol en M\u00e9xico, y que apost\u00f3 por un proyecto que, aun con altibajos, es su legado m\u00e1s grande.<\/p>\n<p style=\"text-align: justify\">Tercero en una familia de cinco hijos, Jorge Carlos Vergara Madrigal siempre se caracteriz\u00f3 por tomar los retos como ven\u00edan. A veces se precipitaba, pero jam\u00e1s mostraba miedo.<\/p>\n<p style=\"text-align: justify\">Es por eso que nunca le preocup\u00f3 o intimid\u00f3 ser mec\u00e1nico, traductor de textos, presidente de una empresa trasnacional o propietario del club de futbol m\u00e1s importante en M\u00e9xico. Por ello, su muerte acaecida ayer en Nueva York conmocion\u00f3 a todo un pa\u00eds.<\/p>\n<p style=\"text-align: justify\">Hijo de un administrador de empresas, a los 23 a\u00f1os de edad Vergara fue subdirector comercial de la empresa Casolar, que prove\u00eda calentadores solares, pero siempre tuvo hambre de m\u00e1s, por lo que ingres\u00f3 a la franquiciataria mexicana de Herbalife, al mismo tiempo de vender tacos de carnitas y tener un restaurante de comida espa\u00f1ola.<\/p>\n<p style=\"text-align: justify\">Era 1989 y arrancaba el proyecto m\u00e1s redituable en su vida, del que se hizo due\u00f1o \u00fanico cinco a\u00f1os despu\u00e9s, ya bajo el nombre de Omnilife.<\/p>\n<p style=\"text-align: justify\">Vergara se convirti\u00f3 en uno de los empresarios m\u00e1s pr\u00f3speros de M\u00e9xico y en 2002 compr\u00f3 al Club Deportivo Guadalajara, al adquirir las acciones de los socios por un monto total de 260 millones de d\u00f3lares. Fue entonces que su imagen se potencializ\u00f3 en M\u00e9xico y Estados Unidos.<\/p>\n<p style=\"text-align: justify\">En poco m\u00e1s de 17 a\u00f1os, gui\u00f3 a las Chivas a dos t\u00edtulos de Liga (Apertura 2006 y Clausura 2017), dos de Copa, una Supercopa y una Liga de Campeones de la Concacaf.<\/p>\n<p style=\"text-align: justify\">Pol\u00e9mico e irreverente, cambi\u00f3 la manera de actuar en el futbol mexicano. Irrumpi\u00f3 con los desplegados que generaron mayor rivalidad, sobre todo entre las Chivas y los Pumas; tambi\u00e9n instaur\u00f3 las apuestas con causa, como ambulancias para instituciones de beneficencia.<\/p>\n<p style=\"text-align: justify\">Prometi\u00f3 un nuevo estadio para el Reba\u00f1o y lo cumpli\u00f3 con el Omnilife (hoy Akron), uno de los m\u00e1s modernos en Am\u00e9rica Latina, pero tambi\u00e9n prometi\u00f3 hacer del Guadalajara el equipo m\u00e1s ganador de M\u00e9xico y hoy lucha por no descender.<\/p>\n<p style=\"text-align: justify\">\u201cHonremos a mi padre como \u00e9l siempre nos ense\u00f1\u00f3 con su ejemplo: trabajando un d\u00eda y el otro tambi\u00e9n\u201d, se pudo leer en un comunicado dado a conocer por el mayor de sus hijos, Amaury Vergara.<\/p>\n<p style=\"text-align: justify\">El mandam\u00e1s rojiblanco, quien tom\u00f3 las riendas del Grupo Omnilife en junio de este a\u00f1o, asegur\u00f3 que su padre se fue rodeado de luz y acompa\u00f1ado de su familia, lleno de amor y bendecido.<\/p>\n<p style=\"text-align: justify\">Fue Jorge Vergara, el emprendedor que nunca tuvo miedo, ni siquiera a comprar ese fen\u00f3meno social llamado Chivas.<\/p>\n<p style=\"text-align: justify\">Con informaci\u00f3n de El Universal<\/p>\n<p style=\"text-align: justify\">NUMERALIA<\/p>\n<p style=\"text-align: justify\">2 t\u00edtulos de Liga gan\u00f3 Chivas bajo la gesti\u00f3n de Vergara<br \/>\n2 trofeos de Copa los conseguidos por el Reba\u00f1o en esta era<br \/>\n1 campeonato de Supercopa MX bajo el mando del empresario<br \/>\n1 corona de Concacaf Liga de Campeones ganada<\/p>\n<p style=\"text-align: justify\">\n","protected":false},"excerpt":{"rendered":"<p>Tanto amigos como rivales ofrecen sus condolencias tras el deceso del empresario, due\u00f1o del Club Deportivo Guadalajara El sue\u00f1o comenz\u00f3 en agosto de 2002. Entonces, Jorge Carlos Vergara Madrigal, quien era conocido gracias a su empresa Omnilife, la cual fund\u00f3 en el a\u00f1o de 1989 bajo el nombre de Omnitrition, daba a conocer un ambicioso [&hellip;]<\/p>\n","protected":false},"author":2,"featured_media":82305,"comment_status":"open","ping_status":"open","sticky":false,"template":"","format":"standard","meta":{"footnotes":""},"categories":[96],"tags":[],"class_list":["post-82304","post","type-post","status-publish","format-standard","has-post-thumbnail","hentry","category-deportes"],"yoast_head":"<!-- This site is optimized with the Yoast SEO plugin v27.5 - https:\/\/yoast.com\/product\/yoast-seo-wordpress\/ -->\n<title>Muerte de Jorge Vergara enluta al futbol - Canal 7 SLP - 2019<\/title>\n<meta name=\"robots\" content=\"index, follow, max-snippet:-1, max-image-preview:large, max-video-preview:-1\" \/>\n<link rel=\"canonical\" href=\"https:\/\/canal7slp.tv\/2019\/muerte-de-jorge-vergara-enluta-al-futbol\/\" \/>\n<meta property=\"og:locale\" content=\"es_ES\" \/>\n<meta property=\"og:type\" content=\"article\" \/>\n<meta property=\"og:title\" content=\"Muerte de Jorge Vergara enluta al futbol - Canal 7 SLP - 2019\" \/>\n<meta property=\"og:description\" content=\"Tanto amigos como rivales ofrecen sus condolencias tras el deceso del empresario, due\u00f1o del Club Deportivo Guadalajara El sue\u00f1o comenz\u00f3 en agosto de 2002. Entonces, Jorge Carlos Vergara Madrigal, quien era conocido gracias a su empresa Omnilife, la cual fund\u00f3 en el a\u00f1o de 1989 bajo el nombre de Omnitrition, daba a conocer un ambicioso [&hellip;]\" \/>\n<meta property=\"og:url\" content=\"https:\/\/canal7slp.tv\/2019\/muerte-de-jorge-vergara-enluta-al-futbol\/\" \/>\n<meta property=\"og:site_name\" content=\"Canal 7 SLP - 2019\" \/>\n<meta property=\"article:publisher\" content=\"https:\/\/www.facebook.com\/CANAL7SLP\/\" \/>\n<meta property=\"article:published_time\" content=\"2019-11-16T17:33:44+00:00\" \/>\n<meta property=\"og:image\" content=\"https:\/\/canal7slp.tv\/2019\/wp-content\/uploads\/2019\/11\/1300-12.jpg\" \/>\n\t<meta property=\"og:image:width\" content=\"1440\" \/>\n\t<meta property=\"og:image:height\" content=\"658\" \/>\n\t<meta property=\"og:image:type\" content=\"image\/jpeg\" \/>\n<meta name=\"author\" content=\"edicionweb\" \/>\n<meta name=\"twitter:card\" content=\"summary_large_image\" \/>\n<meta name=\"twitter:creator\" content=\"@canal7_slp\" \/>\n<meta name=\"twitter:site\" content=\"@canal7_slp\" \/>\n<meta name=\"twitter:label1\" content=\"Escrito por\" \/>\n\t<meta name=\"twitter:data1\" content=\"edicionweb\" \/>\n\t<meta name=\"twitter:label2\" content=\"Tiempo de lectura\" \/>\n\t<meta name=\"twitter:data2\" content=\"5 minutos\" \/>\n<script type=\"application\/ld+json\" class=\"yoast-schema-graph\">{\"@context\":\"https:\\\/\\\/schema.org\",\"@graph\":[{\"@type\":\"Article\",\"@id\":\"https:\\\/\\\/canal7slp.tv\\\/2019\\\/muerte-de-jorge-vergara-enluta-al-futbol\\\/#article\",\"isPartOf\":{\"@id\":\"https:\\\/\\\/canal7slp.tv\\\/2019\\\/muerte-de-jorge-vergara-enluta-al-futbol\\\/\"},\"author\":{\"name\":\"edicionweb\",\"@id\":\"https:\\\/\\\/canal7slp.tv\\\/2019\\\/#\\\/schema\\\/person\\\/11d941c1c6ca30ac0a46b95fa37aa2e3\"},\"headline\":\"Muerte de Jorge Vergara enluta al futbol\",\"datePublished\":\"2019-11-16T17:33:44+00:00\",\"mainEntityOfPage\":{\"@id\":\"https:\\\/\\\/canal7slp.tv\\\/2019\\\/muerte-de-jorge-vergara-enluta-al-futbol\\\/\"},\"wordCount\":940,\"commentCount\":0,\"publisher\":{\"@id\":\"https:\\\/\\\/canal7slp.tv\\\/2019\\\/#organization\"},\"image\":{\"@id\":\"https:\\\/\\\/canal7slp.tv\\\/2019\\\/muerte-de-jorge-vergara-enluta-al-futbol\\\/#primaryimage\"},\"thumbnailUrl\":\"https:\\\/\\\/canal7slp.tv\\\/2019\\\/wp-content\\\/uploads\\\/2019\\\/11\\\/1300-12.jpg\",\"articleSection\":[\"DEPORTES\"],\"inLanguage\":\"es\",\"potentialAction\":[{\"@type\":\"CommentAction\",\"name\":\"Comment\",\"target\":[\"https:\\\/\\\/canal7slp.tv\\\/2019\\\/muerte-de-jorge-vergara-enluta-al-futbol\\\/#respond\"]}]},{\"@type\":\"WebPage\",\"@id\":\"https:\\\/\\\/canal7slp.tv\\\/2019\\\/muerte-de-jorge-vergara-enluta-al-futbol\\\/\",\"url\":\"https:\\\/\\\/canal7slp.tv\\\/2019\\\/muerte-de-jorge-vergara-enluta-al-futbol\\\/\",\"name\":\"Muerte de Jorge Vergara enluta al futbol - Canal 7 SLP - 2019\",\"isPartOf\":{\"@id\":\"https:\\\/\\\/canal7slp.tv\\\/2019\\\/#website\"},\"primaryImageOfPage\":{\"@id\":\"https:\\\/\\\/canal7slp.tv\\\/2019\\\/muerte-de-jorge-vergara-enluta-al-futbol\\\/#primaryimage\"},\"image\":{\"@id\":\"https:\\\/\\\/canal7slp.tv\\\/2019\\\/muerte-de-jorge-vergara-enluta-al-futbol\\\/#primaryimage\"},\"thumbnailUrl\":\"https:\\\/\\\/canal7slp.tv\\\/2019\\\/wp-content\\\/uploads\\\/2019\\\/11\\\/1300-12.jpg\",\"datePublished\":\"2019-11-16T17:33:44+00:00\",\"breadcrumb\":{\"@id\":\"https:\\\/\\\/canal7slp.tv\\\/2019\\\/muerte-de-jorge-vergara-enluta-al-futbol\\\/#breadcrumb\"},\"inLanguage\":\"es\",\"potentialAction\":[{\"@type\":\"ReadAction\",\"target\":[\"https:\\\/\\\/canal7slp.tv\\\/2019\\\/muerte-de-jorge-vergara-enluta-al-futbol\\\/\"]}]},{\"@type\":\"ImageObject\",\"inLanguage\":\"es\",\"@id\":\"https:\\\/\\\/canal7slp.tv\\\/2019\\\/muerte-de-jorge-vergara-enluta-al-futbol\\\/#primaryimage\",\"url\":\"https:\\\/\\\/canal7slp.tv\\\/2019\\\/wp-content\\\/uploads\\\/2019\\\/11\\\/1300-12.jpg\",\"contentUrl\":\"https:\\\/\\\/canal7slp.tv\\\/2019\\\/wp-content\\\/uploads\\\/2019\\\/11\\\/1300-12.jpg\",\"width\":1440,\"height\":658},{\"@type\":\"BreadcrumbList\",\"@id\":\"https:\\\/\\\/canal7slp.tv\\\/2019\\\/muerte-de-jorge-vergara-enluta-al-futbol\\\/#breadcrumb\",\"itemListElement\":[{\"@type\":\"ListItem\",\"position\":1,\"name\":\"Home\",\"item\":\"https:\\\/\\\/canal7slp.tv\\\/2019\\\/\"},{\"@type\":\"ListItem\",\"position\":2,\"name\":\"Muerte de Jorge Vergara enluta al futbol\"}]},{\"@type\":\"WebSite\",\"@id\":\"https:\\\/\\\/canal7slp.tv\\\/2019\\\/#website\",\"url\":\"https:\\\/\\\/canal7slp.tv\\\/2019\\\/\",\"name\":\"Canal 7 SLP - Somos TV\",\"description\":\"Somos un Canal de 10\",\"publisher\":{\"@id\":\"https:\\\/\\\/canal7slp.tv\\\/2019\\\/#organization\"},\"potentialAction\":[{\"@type\":\"SearchAction\",\"target\":{\"@type\":\"EntryPoint\",\"urlTemplate\":\"https:\\\/\\\/canal7slp.tv\\\/2019\\\/?s={search_term_string}\"},\"query-input\":{\"@type\":\"PropertyValueSpecification\",\"valueRequired\":true,\"valueName\":\"search_term_string\"}}],\"inLanguage\":\"es\"},{\"@type\":\"Organization\",\"@id\":\"https:\\\/\\\/canal7slp.tv\\\/2019\\\/#organization\",\"name\":\"Comunicaci\u00f3n 2000 S.A. de C.V.\",\"url\":\"https:\\\/\\\/canal7slp.tv\\\/2019\\\/\",\"logo\":{\"@type\":\"ImageObject\",\"inLanguage\":\"es\",\"@id\":\"https:\\\/\\\/canal7slp.tv\\\/2019\\\/#\\\/schema\\\/logo\\\/image\\\/\",\"url\":\"https:\\\/\\\/canal7slp.tv\\\/2019\\\/wp-content\\\/uploads\\\/2019\\\/07\\\/logo-c7.png\",\"contentUrl\":\"https:\\\/\\\/canal7slp.tv\\\/2019\\\/wp-content\\\/uploads\\\/2019\\\/07\\\/logo-c7.png\",\"width\":220,\"height\":60,\"caption\":\"Comunicaci\u00f3n 2000 S.A. de C.V.\"},\"image\":{\"@id\":\"https:\\\/\\\/canal7slp.tv\\\/2019\\\/#\\\/schema\\\/logo\\\/image\\\/\"},\"sameAs\":[\"https:\\\/\\\/www.facebook.com\\\/CANAL7SLP\\\/\",\"https:\\\/\\\/x.com\\\/canal7_slp\",\"https:\\\/\\\/www.instagram.com\\\/canal7_slp\",\"https:\\\/\\\/www.youtube.com\\\/user\\\/NOTICIEROSCANAL7SLP\\\/\"]},{\"@type\":\"Person\",\"@id\":\"https:\\\/\\\/canal7slp.tv\\\/2019\\\/#\\\/schema\\\/person\\\/11d941c1c6ca30ac0a46b95fa37aa2e3\",\"name\":\"edicionweb\",\"image\":{\"@type\":\"ImageObject\",\"inLanguage\":\"es\",\"@id\":\"https:\\\/\\\/secure.gravatar.com\\\/avatar\\\/eee448fc3f7164808013b816ba91ac7e43bbe82a70bebac296f8bc6f0addaa1a?s=96&d=mm&r=g\",\"url\":\"https:\\\/\\\/secure.gravatar.com\\\/avatar\\\/eee448fc3f7164808013b816ba91ac7e43bbe82a70bebac296f8bc6f0addaa1a?s=96&d=mm&r=g\",\"contentUrl\":\"https:\\\/\\\/secure.gravatar.com\\\/avatar\\\/eee448fc3f7164808013b816ba91ac7e43bbe82a70bebac296f8bc6f0addaa1a?s=96&d=mm&r=g\",\"caption\":\"edicionweb\"}}]}<\/script>\n<!-- \/ Yoast SEO plugin. -->","yoast_head_json":{"title":"Muerte de Jorge Vergara enluta al futbol - Canal 7 SLP - 2019","robots":{"index":"index","follow":"follow","max-snippet":"max-snippet:-1","max-image-preview":"max-image-preview:large","max-video-preview":"max-video-preview:-1"},"canonical":"https:\/\/canal7slp.tv\/2019\/muerte-de-jorge-vergara-enluta-al-futbol\/","og_locale":"es_ES","og_type":"article","og_title":"Muerte de Jorge Vergara enluta al futbol - Canal 7 SLP - 2019","og_description":"Tanto amigos como rivales ofrecen sus condolencias tras el deceso del empresario, due\u00f1o del Club Deportivo Guadalajara El sue\u00f1o comenz\u00f3 en agosto de 2002. Entonces, Jorge Carlos Vergara Madrigal, quien era conocido gracias a su empresa Omnilife, la cual fund\u00f3 en el a\u00f1o de 1989 bajo el nombre de Omnitrition, daba a conocer un ambicioso [&hellip;]","og_url":"https:\/\/canal7slp.tv\/2019\/muerte-de-jorge-vergara-enluta-al-futbol\/","og_site_name":"Canal 7 SLP - 2019","article_publisher":"https:\/\/www.facebook.com\/CANAL7SLP\/","article_published_time":"2019-11-16T17:33:44+00:00","og_image":[{"width":1440,"height":658,"url":"https:\/\/canal7slp.tv\/2019\/wp-content\/uploads\/2019\/11\/1300-12.jpg","type":"image\/jpeg"}],"author":"edicionweb","twitter_card":"summary_large_image","twitter_creator":"@canal7_slp","twitter_site":"@canal7_slp","twitter_misc":{"Escrito por":"edicionweb","Tiempo de lectura":"5 minutos"},"schema":{"@context":"https:\/\/schema.org","@graph":[{"@type":"Article","@id":"https:\/\/canal7slp.tv\/2019\/muerte-de-jorge-vergara-enluta-al-futbol\/#article","isPartOf":{"@id":"https:\/\/canal7slp.tv\/2019\/muerte-de-jorge-vergara-enluta-al-futbol\/"},"author":{"name":"edicionweb","@id":"https:\/\/canal7slp.tv\/2019\/#\/schema\/person\/11d941c1c6ca30ac0a46b95fa37aa2e3"},"headline":"Muerte de Jorge Vergara enluta al futbol","datePublished":"2019-11-16T17:33:44+00:00","mainEntityOfPage":{"@id":"https:\/\/canal7slp.tv\/2019\/muerte-de-jorge-vergara-enluta-al-futbol\/"},"wordCount":940,"commentCount":0,"publisher":{"@id":"https:\/\/canal7slp.tv\/2019\/#organization"},"image":{"@id":"https:\/\/canal7slp.tv\/2019\/muerte-de-jorge-vergara-enluta-al-futbol\/#primaryimage"},"thumbnailUrl":"https:\/\/canal7slp.tv\/2019\/wp-content\/uploads\/2019\/11\/1300-12.jpg","articleSection":["DEPORTES"],"inLanguage":"es","potentialAction":[{"@type":"CommentAction","name":"Comment","target":["https:\/\/canal7slp.tv\/2019\/muerte-de-jorge-vergara-enluta-al-futbol\/#respond"]}]},{"@type":"WebPage","@id":"https:\/\/canal7slp.tv\/2019\/muerte-de-jorge-vergara-enluta-al-futbol\/","url":"https:\/\/canal7slp.tv\/2019\/muerte-de-jorge-vergara-enluta-al-futbol\/","name":"Muerte de Jorge Vergara enluta al futbol - Canal 7 SLP - 2019","isPartOf":{"@id":"https:\/\/canal7slp.tv\/2019\/#website"},"primaryImageOfPage":{"@id":"https:\/\/canal7slp.tv\/2019\/muerte-de-jorge-vergara-enluta-al-futbol\/#primaryimage"},"image":{"@id":"https:\/\/canal7slp.tv\/2019\/muerte-de-jorge-vergara-enluta-al-futbol\/#primaryimage"},"thumbnailUrl":"https:\/\/canal7slp.tv\/2019\/wp-content\/uploads\/2019\/11\/1300-12.jpg","datePublished":"2019-11-16T17:33:44+00:00","breadcrumb":{"@id":"https:\/\/canal7slp.tv\/2019\/muerte-de-jorge-vergara-enluta-al-futbol\/#breadcrumb"},"inLanguage":"es","potentialAction":[{"@type":"ReadAction","target":["https:\/\/canal7slp.tv\/2019\/muerte-de-jorge-vergara-enluta-al-futbol\/"]}]},{"@type":"ImageObject","inLanguage":"es","@id":"https:\/\/canal7slp.tv\/2019\/muerte-de-jorge-vergara-enluta-al-futbol\/#primaryimage","url":"https:\/\/canal7slp.tv\/2019\/wp-content\/uploads\/2019\/11\/1300-12.jpg","contentUrl":"https:\/\/canal7slp.tv\/2019\/wp-content\/uploads\/2019\/11\/1300-12.jpg","width":1440,"height":658},{"@type":"BreadcrumbList","@id":"https:\/\/canal7slp.tv\/2019\/muerte-de-jorge-vergara-enluta-al-futbol\/#breadcrumb","itemListElement":[{"@type":"ListItem","position":1,"name":"Home","item":"https:\/\/canal7slp.tv\/2019\/"},{"@type":"ListItem","position":2,"name":"Muerte de Jorge Vergara enluta al futbol"}]},{"@type":"WebSite","@id":"https:\/\/canal7slp.tv\/2019\/#website","url":"https:\/\/canal7slp.tv\/2019\/","name":"Canal 7 SLP - Somos TV","description":"Somos un Canal de 10","publisher":{"@id":"https:\/\/canal7slp.tv\/2019\/#organization"},"potentialAction":[{"@type":"SearchAction","target":{"@type":"EntryPoint","urlTemplate":"https:\/\/canal7slp.tv\/2019\/?s={search_term_string}"},"query-input":{"@type":"PropertyValueSpecification","valueRequired":true,"valueName":"search_term_string"}}],"inLanguage":"es"},{"@type":"Organization","@id":"https:\/\/canal7slp.tv\/2019\/#organization","name":"Comunicaci\u00f3n 2000 S.A. de C.V.","url":"https:\/\/canal7slp.tv\/2019\/","logo":{"@type":"ImageObject","inLanguage":"es","@id":"https:\/\/canal7slp.tv\/2019\/#\/schema\/logo\/image\/","url":"https:\/\/canal7slp.tv\/2019\/wp-content\/uploads\/2019\/07\/logo-c7.png","contentUrl":"https:\/\/canal7slp.tv\/2019\/wp-content\/uploads\/2019\/07\/logo-c7.png","width":220,"height":60,"caption":"Comunicaci\u00f3n 2000 S.A. de C.V."},"image":{"@id":"https:\/\/canal7slp.tv\/2019\/#\/schema\/logo\/image\/"},"sameAs":["https:\/\/www.facebook.com\/CANAL7SLP\/","https:\/\/x.com\/canal7_slp","https:\/\/www.instagram.com\/canal7_slp","https:\/\/www.youtube.com\/user\/NOTICIEROSCANAL7SLP\/"]},{"@type":"Person","@id":"https:\/\/canal7slp.tv\/2019\/#\/schema\/person\/11d941c1c6ca30ac0a46b95fa37aa2e3","name":"edicionweb","image":{"@type":"ImageObject","inLanguage":"es","@id":"https:\/\/secure.gravatar.com\/avatar\/eee448fc3f7164808013b816ba91ac7e43bbe82a70bebac296f8bc6f0addaa1a?s=96&d=mm&r=g","url":"https:\/\/secure.gravatar.com\/avatar\/eee448fc3f7164808013b816ba91ac7e43bbe82a70bebac296f8bc6f0addaa1a?s=96&d=mm&r=g","contentUrl":"https:\/\/secure.gravatar.com\/avatar\/eee448fc3f7164808013b816ba91ac7e43bbe82a70bebac296f8bc6f0addaa1a?s=96&d=mm&r=g","caption":"edicionweb"}}]}},"amp_enabled":true,"cmb2":{"video_ids_in_playlist":{"vid_p_videos":""},"video_ids_in_channel":{"vid_c_videos":""},"playlist_ids_in_channel":{"vid_c_playlists":""},"series_ids_in_channel":{"vid_c_series":""},"channel_images":{"vid_c_logo":"","vid_c_banner":""},"poster_feature_image":{"vid_m_poster_image":""},"gif_feature_image":{"vid_m_gif_image":""},"video_movie_settings":{"vid_m_director":"","vid_m_actor":"","vid_m_imdb_ratings":"","vid_m_amazon_associates":""},"vid_youtube_broadcasts_settings":{"vid_yb_broadcast_title":"","vid_yb_q":"","vid_yb_channelid":"","vid_yb_videocategoryid":"","vid_yb_maxresults":"","vid_yb_order":"","vid_yb_regioncode":"","vid_yb_videosyndicated":"","vid_yb_style":"","vid_yb_reload_first":""},"video_series_settings":{"vid_m_director":"","vid_m_actor":"","vid_m_imdb_ratings":"","video_series_group":""},"amazon_associates_settings":{"amazon_associates":"","amazon_native_ad":""},"vid_youtube_automatic_settings":{"vid_ya_youtube_source":"","vid_ya_update_every":"","vid_ya_update_unit":"","vid_ya_categories":"","vid_ya_published_after":"","vid_ya_published_before":"","vid_ya_playlists":"","vid_ya_channels":"","vid_ya_director":"","vid_ya_actor":"","vid_ya_author":"","vid_ya_import_post_date":"","vid_ya_status":"","vid_ya_sub_api_key":""},"vid_ads_m_videoads_settings_post":{"vid_ads_m_video_ads":"","vid_ads_m_video_ads_type":"","vid_ads_m_group_google_ima":"","vid_ads_m_group_image":"","vid_ads_m_group_html5_video":"","vid_ads_m_group_html":"","vid_ads_m_vast_preroll":"","vid_ads_m_vast_postroll":"","vid_ads_m_vast_pauseroll":"","vid_ads_m_vast_midroll":[{"vid_ads_m_vast_timer_seconds":"50"}],"vid_ads_m_time_to_show_ads":"","vid_ads_m_time_skip_ads":"","vid_ads_m_time_to_hide_ads":""},"page_slider_settings":{"display_slider_group":"","page_slider_group":""},"blog_page_settings":{"blog_page_title":"","blog_page_heading":"","blog_page_ic":"","blog_page_it":"","blog_page_ec":"","blog_page_ip":"","archive_loop_style":"","blog_image_ratio":"","blog_show_categories":"","blog_show_excerpt":"","blog_show_author":"","blog_show_date":"","blog_show_comment_count":"","blog_show_view_count":"","blog_show_like_count":"","blog_show_dislike_count":"","blog_items_per_page":"","blog_pag_type":""},"page_options":{"get_page_template":"","color_mode":"","main_layout":"","main_layout_full_with":"","main_logo":"","main_logo_retina":"","main_logo_mobile":"","main_logo_mobile_retina":"","sticky_logo":"","sticky_logo_retina":"","main_nav_layout":"","ajax_search":"","header_background":"","theme_sidebar":"","instagram_feed":"","instagram_feed_position":"","popular_videos":"","popular_videos_title_1":"","popular_videos_title_2":"","popular_videos_ic":"","popular_videos_it":"","theme_background":"","page_custom_css":""},"feature_image_settings":{"feature_image_position":""},"video_player_settings":{"single_video_style":"","video_player_position":"","vm_video_url":"","video_player_library":"","video_streaming":"","vm_media_sources":"","vid_auto_play":"","vm_video_shortcode":"","vid_p_sync_playlist":"","vid_c_sync_channel":"","get_post_format":"","multiple_links_structure":"default","multi_links_title":"","vm_video_multi_links":"","vm_duration":"","vid_social_locker":"off","vid_social_locker_id":"","vid_membership_action":"content-video","vm_video_trailer_url":"","vid_download_type":"free","vid_download_target":"download","vid_woo_product":"","vm_media_download":"","user_rating":"","user_rating_position":"","user_rating_mode":"","user_rating_multi_sets":""},"video_auto_fetch_settings":{"vm_video_fetch":"on"},"video_fake_views_likes":{"vm_fake_views":"","vm_fake_likes":"","vm_fake_dislikes":""},"gallery_settings":{"gallery_position":""},"quote_settings":{"quote_position":""},"post_options":{"main_layout":"","main_logo":"","main_logo_retina":"","main_logo_mobile":"","main_logo_mobile_retina":"","sticky_logo":"","sticky_logo_retina":"","main_nav_layout":"","header_background":"","theme_sidebar":"","single_post_comment_type":"","theme_background":""}},"_links":{"self":[{"href":"https:\/\/canal7slp.tv\/2019\/wp-json\/wp\/v2\/posts\/82304","targetHints":{"allow":["GET"]}}],"collection":[{"href":"https:\/\/canal7slp.tv\/2019\/wp-json\/wp\/v2\/posts"}],"about":[{"href":"https:\/\/canal7slp.tv\/2019\/wp-json\/wp\/v2\/types\/post"}],"author":[{"embeddable":true,"href":"https:\/\/canal7slp.tv\/2019\/wp-json\/wp\/v2\/users\/2"}],"replies":[{"embeddable":true,"href":"https:\/\/canal7slp.tv\/2019\/wp-json\/wp\/v2\/comments?post=82304"}],"version-history":[{"count":0,"href":"https:\/\/canal7slp.tv\/2019\/wp-json\/wp\/v2\/posts\/82304\/revisions"}],"wp:featuredmedia":[{"embeddable":true,"href":"https:\/\/canal7slp.tv\/2019\/wp-json\/wp\/v2\/media\/82305"}],"wp:attachment":[{"href":"https:\/\/canal7slp.tv\/2019\/wp-json\/wp\/v2\/media?parent=82304"}],"wp:term":[{"taxonomy":"category","embeddable":true,"href":"https:\/\/canal7slp.tv\/2019\/wp-json\/wp\/v2\/categories?post=82304"},{"taxonomy":"post_tag","embeddable":true,"href":"https:\/\/canal7slp.tv\/2019\/wp-json\/wp\/v2\/tags?post=82304"}],"curies":[{"name":"wp","href":"https:\/\/api.w.org\/{rel}","templated":true}]}}