{"id":82119,"date":"2019-11-15T13:15:12","date_gmt":"2019-11-15T19:15:12","guid":{"rendered":"https:\/\/canal7slp.tv\/2019\/?p=82119"},"modified":"2019-11-15T13:15:12","modified_gmt":"2019-11-15T19:15:12","slug":"inicia-consulta-a-pueblos-indigenas-sobre-tren-maya","status":"publish","type":"post","link":"https:\/\/canal7slp.tv\/2019\/inicia-consulta-a-pueblos-indigenas-sobre-tren-maya\/","title":{"rendered":"Inicia consulta a pueblos ind\u00edgenas sobre Tren Maya"},"content":{"rendered":"<ul>\n<li style=\"text-align: justify\">Se realizar\u00e1 del 15 de noviembre al 15 de diciembre en cinco estados<\/li>\n<\/ul>\n<p style=\"text-align: justify\">M\u00e9xico.- El Presidente Andr\u00e9s Manuel L\u00f3pez Obrador anunci\u00f3 que este viernes inicia el proceso de consulta para conocer el parecer de las comunidades ind\u00edgenas sobre la construcci\u00f3n del Tren Maya, mecanismo que se realizar\u00e1 en 15 sedes de las cinco entidades que abarca el proyecto.<\/p>\n<p style=\"text-align: justify\">La consulta se llevar\u00e1 a cabo de manera libre, informada y atendiendo a est\u00e1ndares nacionales e internacionales, puntualiz\u00f3 el primer mandatario.<\/p>\n<p style=\"text-align: justify\">El proceso tomar\u00e1 en cuenta el parecer de tres mil 425 autoridades tradicionales locales, de las cuales el 40% corresponden a poblaci\u00f3n ind\u00edgena.<\/p>\n<p style=\"text-align: justify\">La consulta a comunidades ind\u00edgenas se realizar\u00e1 del 15 de noviembre al 15 de diciembre de 2019 en los estados de Chiapas, Tabasco, Campeche, Yucat\u00e1n y Quintana Roo, a trav\u00e9s de asambleas regionales consultivas.<\/p>\n<p style=\"text-align: justify\">Tambi\u00e9n se consultar\u00e1 a la poblaci\u00f3n en general de esos estados el 15 de diciembre.El Instituto Nacional de los Pueblos Ind\u00edgenas (INPI) public\u00f3 en el Diario Oficial de la Federaci\u00f3n (DOF) la Convocatoria al Proceso de Consulta Ind\u00edgena y Jornada de Ejercicio Participativo Ciudadano sobre el Proyecto de Desarrollo Tren Maya.<\/p>\n<p style=\"text-align: justify\">La convocatoria est\u00e1 dirigida a las autoridades e instituciones representativas de los municipios y las comunidades ind\u00edgenas pertenecientes a los pueblos ind\u00edgenas maya, Ch&#8217;ol, tseltal, tsotsil, y otros, de los estados de Chiapas, Tabasco, Campeche, Yucat\u00e1n y Quintana Roo, ubicados en el \u00e1rea de influencia del &#8220;Proyecto de Desarrollo Tren Maya&#8221;, as\u00ed como a la ciudadan\u00eda en general de dichos estados.<\/p>\n<p style=\"text-align: justify\">Previo a la jornada de participaci\u00f3n de la ciudadan\u00eda, se realizar\u00e1n brigadas informativas con la finalidad de sensibilizar a la poblaci\u00f3n sobre la importancia de su participaci\u00f3n y proporcionarle informaci\u00f3n del Proyecto.<\/p>\n<p style=\"text-align: justify\">El 15 de diciembre se instalar\u00e1n M\u00f3dulos de Participaci\u00f3n Ciudadana en los estados de Chiapas, Tabasco, Campeche, Yucat\u00e1n y Quintana Roo.<\/p>\n<p style=\"text-align: justify\">Se recibir\u00e1 la participaci\u00f3n de la ciudadan\u00eda a trav\u00e9s de casillas y papeletas en las que expresar\u00e1n su opini\u00f3n.<\/p>\n<p style=\"text-align: justify\">Las casillas funcionar\u00e1n en un horario de 8:00 a 18:00 horas (hora local). Los m\u00f3dulos ser\u00e1n instalados en los municipios directamente involucrados en el trazo de la v\u00eda del tren conforme al &#8220;Proyecto de Desarrollo Tren Maya&#8221;.<\/p>\n<p style=\"text-align: justify\">El Gobierno de M\u00e9xico difundir\u00e1 la ubicaci\u00f3n de los M\u00f3dulos de Participaci\u00f3n Ciudadana en el sitio de internet www.participacionsocial.gob.mx.<\/p>\n","protected":false},"excerpt":{"rendered":"<p>Se realizar\u00e1 del 15 de noviembre al 15 de diciembre en cinco estados M\u00e9xico.- El Presidente Andr\u00e9s Manuel L\u00f3pez Obrador anunci\u00f3 que este viernes inicia el proceso de consulta para conocer el parecer de las comunidades ind\u00edgenas sobre la construcci\u00f3n del Tren Maya, mecanismo que se realizar\u00e1 en 15 sedes de las cinco entidades que [&hellip;]<\/p>\n","protected":false},"author":2,"featured_media":82120,"comment_status":"open","ping_status":"open","sticky":false,"template":"","format":"standard","meta":{"footnotes":""},"categories":[30],"tags":[],"class_list":["post-82119","post","type-post","status-publish","format-standard","has-post-thumbnail","hentry","category-nacional"],"yoast_head":"<!-- This site is optimized with the Yoast SEO plugin v27.5 - https:\/\/yoast.com\/product\/yoast-seo-wordpress\/ -->\n<title>Inicia consulta a pueblos ind\u00edgenas sobre Tren Maya - Canal 7 SLP - 2019<\/title>\n<meta name=\"robots\" content=\"index, follow, max-snippet:-1, max-image-preview:large, max-video-preview:-1\" \/>\n<link rel=\"canonical\" href=\"https:\/\/canal7slp.tv\/2019\/inicia-consulta-a-pueblos-indigenas-sobre-tren-maya\/\" \/>\n<meta property=\"og:locale\" content=\"es_ES\" \/>\n<meta property=\"og:type\" content=\"article\" \/>\n<meta property=\"og:title\" content=\"Inicia consulta a pueblos ind\u00edgenas sobre Tren Maya - Canal 7 SLP - 2019\" \/>\n<meta property=\"og:description\" content=\"Se realizar\u00e1 del 15 de noviembre al 15 de diciembre en cinco estados M\u00e9xico.- El Presidente Andr\u00e9s Manuel L\u00f3pez Obrador anunci\u00f3 que este viernes inicia el proceso de consulta para conocer el parecer de las comunidades ind\u00edgenas sobre la construcci\u00f3n del Tren Maya, mecanismo que se realizar\u00e1 en 15 sedes de las cinco entidades que [&hellip;]\" \/>\n<meta property=\"og:url\" content=\"https:\/\/canal7slp.tv\/2019\/inicia-consulta-a-pueblos-indigenas-sobre-tren-maya\/\" \/>\n<meta property=\"og:site_name\" content=\"Canal 7 SLP - 2019\" \/>\n<meta property=\"article:publisher\" content=\"https:\/\/www.facebook.com\/CANAL7SLP\/\" \/>\n<meta property=\"article:published_time\" content=\"2019-11-15T19:15:12+00:00\" \/>\n<meta property=\"og:image\" content=\"https:\/\/canal7slp.tv\/2019\/wp-content\/uploads\/2019\/11\/1340-10.jpg\" \/>\n\t<meta property=\"og:image:width\" content=\"770\" \/>\n\t<meta property=\"og:image:height\" content=\"485\" \/>\n\t<meta property=\"og:image:type\" content=\"image\/jpeg\" \/>\n<meta name=\"author\" content=\"edicionweb\" \/>\n<meta name=\"twitter:card\" content=\"summary_large_image\" \/>\n<meta name=\"twitter:creator\" content=\"@canal7_slp\" \/>\n<meta name=\"twitter:site\" content=\"@canal7_slp\" \/>\n<meta name=\"twitter:label1\" content=\"Escrito por\" \/>\n\t<meta name=\"twitter:data1\" content=\"edicionweb\" \/>\n\t<meta name=\"twitter:label2\" content=\"Tiempo de lectura\" \/>\n\t<meta name=\"twitter:data2\" content=\"2 minutos\" \/>\n<script type=\"application\/ld+json\" class=\"yoast-schema-graph\">{\"@context\":\"https:\\\/\\\/schema.org\",\"@graph\":[{\"@type\":\"Article\",\"@id\":\"https:\\\/\\\/canal7slp.tv\\\/2019\\\/inicia-consulta-a-pueblos-indigenas-sobre-tren-maya\\\/#article\",\"isPartOf\":{\"@id\":\"https:\\\/\\\/canal7slp.tv\\\/2019\\\/inicia-consulta-a-pueblos-indigenas-sobre-tren-maya\\\/\"},\"author\":{\"name\":\"edicionweb\",\"@id\":\"https:\\\/\\\/canal7slp.tv\\\/2019\\\/#\\\/schema\\\/person\\\/11d941c1c6ca30ac0a46b95fa37aa2e3\"},\"headline\":\"Inicia consulta a pueblos ind\u00edgenas sobre Tren Maya\",\"datePublished\":\"2019-11-15T19:15:12+00:00\",\"mainEntityOfPage\":{\"@id\":\"https:\\\/\\\/canal7slp.tv\\\/2019\\\/inicia-consulta-a-pueblos-indigenas-sobre-tren-maya\\\/\"},\"wordCount\":422,\"commentCount\":0,\"publisher\":{\"@id\":\"https:\\\/\\\/canal7slp.tv\\\/2019\\\/#organization\"},\"image\":{\"@id\":\"https:\\\/\\\/canal7slp.tv\\\/2019\\\/inicia-consulta-a-pueblos-indigenas-sobre-tren-maya\\\/#primaryimage\"},\"thumbnailUrl\":\"https:\\\/\\\/canal7slp.tv\\\/2019\\\/wp-content\\\/uploads\\\/2019\\\/11\\\/1340-10.jpg\",\"articleSection\":[\"NACIONAL\"],\"inLanguage\":\"es\",\"potentialAction\":[{\"@type\":\"CommentAction\",\"name\":\"Comment\",\"target\":[\"https:\\\/\\\/canal7slp.tv\\\/2019\\\/inicia-consulta-a-pueblos-indigenas-sobre-tren-maya\\\/#respond\"]}]},{\"@type\":\"WebPage\",\"@id\":\"https:\\\/\\\/canal7slp.tv\\\/2019\\\/inicia-consulta-a-pueblos-indigenas-sobre-tren-maya\\\/\",\"url\":\"https:\\\/\\\/canal7slp.tv\\\/2019\\\/inicia-consulta-a-pueblos-indigenas-sobre-tren-maya\\\/\",\"name\":\"Inicia consulta a pueblos ind\u00edgenas sobre Tren Maya - Canal 7 SLP - 2019\",\"isPartOf\":{\"@id\":\"https:\\\/\\\/canal7slp.tv\\\/2019\\\/#website\"},\"primaryImageOfPage\":{\"@id\":\"https:\\\/\\\/canal7slp.tv\\\/2019\\\/inicia-consulta-a-pueblos-indigenas-sobre-tren-maya\\\/#primaryimage\"},\"image\":{\"@id\":\"https:\\\/\\\/canal7slp.tv\\\/2019\\\/inicia-consulta-a-pueblos-indigenas-sobre-tren-maya\\\/#primaryimage\"},\"thumbnailUrl\":\"https:\\\/\\\/canal7slp.tv\\\/2019\\\/wp-content\\\/uploads\\\/2019\\\/11\\\/1340-10.jpg\",\"datePublished\":\"2019-11-15T19:15:12+00:00\",\"breadcrumb\":{\"@id\":\"https:\\\/\\\/canal7slp.tv\\\/2019\\\/inicia-consulta-a-pueblos-indigenas-sobre-tren-maya\\\/#breadcrumb\"},\"inLanguage\":\"es\",\"potentialAction\":[{\"@type\":\"ReadAction\",\"target\":[\"https:\\\/\\\/canal7slp.tv\\\/2019\\\/inicia-consulta-a-pueblos-indigenas-sobre-tren-maya\\\/\"]}]},{\"@type\":\"ImageObject\",\"inLanguage\":\"es\",\"@id\":\"https:\\\/\\\/canal7slp.tv\\\/2019\\\/inicia-consulta-a-pueblos-indigenas-sobre-tren-maya\\\/#primaryimage\",\"url\":\"https:\\\/\\\/canal7slp.tv\\\/2019\\\/wp-content\\\/uploads\\\/2019\\\/11\\\/1340-10.jpg\",\"contentUrl\":\"https:\\\/\\\/canal7slp.tv\\\/2019\\\/wp-content\\\/uploads\\\/2019\\\/11\\\/1340-10.jpg\",\"width\":770,\"height\":485},{\"@type\":\"BreadcrumbList\",\"@id\":\"https:\\\/\\\/canal7slp.tv\\\/2019\\\/inicia-consulta-a-pueblos-indigenas-sobre-tren-maya\\\/#breadcrumb\",\"itemListElement\":[{\"@type\":\"ListItem\",\"position\":1,\"name\":\"Home\",\"item\":\"https:\\\/\\\/canal7slp.tv\\\/2019\\\/\"},{\"@type\":\"ListItem\",\"position\":2,\"name\":\"Inicia consulta a pueblos ind\u00edgenas sobre Tren Maya\"}]},{\"@type\":\"WebSite\",\"@id\":\"https:\\\/\\\/canal7slp.tv\\\/2019\\\/#website\",\"url\":\"https:\\\/\\\/canal7slp.tv\\\/2019\\\/\",\"name\":\"Canal 7 SLP - Somos TV\",\"description\":\"Somos un Canal de 10\",\"publisher\":{\"@id\":\"https:\\\/\\\/canal7slp.tv\\\/2019\\\/#organization\"},\"potentialAction\":[{\"@type\":\"SearchAction\",\"target\":{\"@type\":\"EntryPoint\",\"urlTemplate\":\"https:\\\/\\\/canal7slp.tv\\\/2019\\\/?s={search_term_string}\"},\"query-input\":{\"@type\":\"PropertyValueSpecification\",\"valueRequired\":true,\"valueName\":\"search_term_string\"}}],\"inLanguage\":\"es\"},{\"@type\":\"Organization\",\"@id\":\"https:\\\/\\\/canal7slp.tv\\\/2019\\\/#organization\",\"name\":\"Comunicaci\u00f3n 2000 S.A. de C.V.\",\"url\":\"https:\\\/\\\/canal7slp.tv\\\/2019\\\/\",\"logo\":{\"@type\":\"ImageObject\",\"inLanguage\":\"es\",\"@id\":\"https:\\\/\\\/canal7slp.tv\\\/2019\\\/#\\\/schema\\\/logo\\\/image\\\/\",\"url\":\"https:\\\/\\\/canal7slp.tv\\\/2019\\\/wp-content\\\/uploads\\\/2019\\\/07\\\/logo-c7.png\",\"contentUrl\":\"https:\\\/\\\/canal7slp.tv\\\/2019\\\/wp-content\\\/uploads\\\/2019\\\/07\\\/logo-c7.png\",\"width\":220,\"height\":60,\"caption\":\"Comunicaci\u00f3n 2000 S.A. de C.V.\"},\"image\":{\"@id\":\"https:\\\/\\\/canal7slp.tv\\\/2019\\\/#\\\/schema\\\/logo\\\/image\\\/\"},\"sameAs\":[\"https:\\\/\\\/www.facebook.com\\\/CANAL7SLP\\\/\",\"https:\\\/\\\/x.com\\\/canal7_slp\",\"https:\\\/\\\/www.instagram.com\\\/canal7_slp\",\"https:\\\/\\\/www.youtube.com\\\/user\\\/NOTICIEROSCANAL7SLP\\\/\"]},{\"@type\":\"Person\",\"@id\":\"https:\\\/\\\/canal7slp.tv\\\/2019\\\/#\\\/schema\\\/person\\\/11d941c1c6ca30ac0a46b95fa37aa2e3\",\"name\":\"edicionweb\",\"image\":{\"@type\":\"ImageObject\",\"inLanguage\":\"es\",\"@id\":\"https:\\\/\\\/secure.gravatar.com\\\/avatar\\\/eee448fc3f7164808013b816ba91ac7e43bbe82a70bebac296f8bc6f0addaa1a?s=96&d=mm&r=g\",\"url\":\"https:\\\/\\\/secure.gravatar.com\\\/avatar\\\/eee448fc3f7164808013b816ba91ac7e43bbe82a70bebac296f8bc6f0addaa1a?s=96&d=mm&r=g\",\"contentUrl\":\"https:\\\/\\\/secure.gravatar.com\\\/avatar\\\/eee448fc3f7164808013b816ba91ac7e43bbe82a70bebac296f8bc6f0addaa1a?s=96&d=mm&r=g\",\"caption\":\"edicionweb\"}}]}<\/script>\n<!-- \/ Yoast SEO plugin. -->","yoast_head_json":{"title":"Inicia consulta a pueblos ind\u00edgenas sobre Tren Maya - Canal 7 SLP - 2019","robots":{"index":"index","follow":"follow","max-snippet":"max-snippet:-1","max-image-preview":"max-image-preview:large","max-video-preview":"max-video-preview:-1"},"canonical":"https:\/\/canal7slp.tv\/2019\/inicia-consulta-a-pueblos-indigenas-sobre-tren-maya\/","og_locale":"es_ES","og_type":"article","og_title":"Inicia consulta a pueblos ind\u00edgenas sobre Tren Maya - Canal 7 SLP - 2019","og_description":"Se realizar\u00e1 del 15 de noviembre al 15 de diciembre en cinco estados M\u00e9xico.- El Presidente Andr\u00e9s Manuel L\u00f3pez Obrador anunci\u00f3 que este viernes inicia el proceso de consulta para conocer el parecer de las comunidades ind\u00edgenas sobre la construcci\u00f3n del Tren Maya, mecanismo que se realizar\u00e1 en 15 sedes de las cinco entidades que [&hellip;]","og_url":"https:\/\/canal7slp.tv\/2019\/inicia-consulta-a-pueblos-indigenas-sobre-tren-maya\/","og_site_name":"Canal 7 SLP - 2019","article_publisher":"https:\/\/www.facebook.com\/CANAL7SLP\/","article_published_time":"2019-11-15T19:15:12+00:00","og_image":[{"width":770,"height":485,"url":"https:\/\/canal7slp.tv\/2019\/wp-content\/uploads\/2019\/11\/1340-10.jpg","type":"image\/jpeg"}],"author":"edicionweb","twitter_card":"summary_large_image","twitter_creator":"@canal7_slp","twitter_site":"@canal7_slp","twitter_misc":{"Escrito por":"edicionweb","Tiempo de lectura":"2 minutos"},"schema":{"@context":"https:\/\/schema.org","@graph":[{"@type":"Article","@id":"https:\/\/canal7slp.tv\/2019\/inicia-consulta-a-pueblos-indigenas-sobre-tren-maya\/#article","isPartOf":{"@id":"https:\/\/canal7slp.tv\/2019\/inicia-consulta-a-pueblos-indigenas-sobre-tren-maya\/"},"author":{"name":"edicionweb","@id":"https:\/\/canal7slp.tv\/2019\/#\/schema\/person\/11d941c1c6ca30ac0a46b95fa37aa2e3"},"headline":"Inicia consulta a pueblos ind\u00edgenas sobre Tren Maya","datePublished":"2019-11-15T19:15:12+00:00","mainEntityOfPage":{"@id":"https:\/\/canal7slp.tv\/2019\/inicia-consulta-a-pueblos-indigenas-sobre-tren-maya\/"},"wordCount":422,"commentCount":0,"publisher":{"@id":"https:\/\/canal7slp.tv\/2019\/#organization"},"image":{"@id":"https:\/\/canal7slp.tv\/2019\/inicia-consulta-a-pueblos-indigenas-sobre-tren-maya\/#primaryimage"},"thumbnailUrl":"https:\/\/canal7slp.tv\/2019\/wp-content\/uploads\/2019\/11\/1340-10.jpg","articleSection":["NACIONAL"],"inLanguage":"es","potentialAction":[{"@type":"CommentAction","name":"Comment","target":["https:\/\/canal7slp.tv\/2019\/inicia-consulta-a-pueblos-indigenas-sobre-tren-maya\/#respond"]}]},{"@type":"WebPage","@id":"https:\/\/canal7slp.tv\/2019\/inicia-consulta-a-pueblos-indigenas-sobre-tren-maya\/","url":"https:\/\/canal7slp.tv\/2019\/inicia-consulta-a-pueblos-indigenas-sobre-tren-maya\/","name":"Inicia consulta a pueblos ind\u00edgenas sobre Tren Maya - Canal 7 SLP - 2019","isPartOf":{"@id":"https:\/\/canal7slp.tv\/2019\/#website"},"primaryImageOfPage":{"@id":"https:\/\/canal7slp.tv\/2019\/inicia-consulta-a-pueblos-indigenas-sobre-tren-maya\/#primaryimage"},"image":{"@id":"https:\/\/canal7slp.tv\/2019\/inicia-consulta-a-pueblos-indigenas-sobre-tren-maya\/#primaryimage"},"thumbnailUrl":"https:\/\/canal7slp.tv\/2019\/wp-content\/uploads\/2019\/11\/1340-10.jpg","datePublished":"2019-11-15T19:15:12+00:00","breadcrumb":{"@id":"https:\/\/canal7slp.tv\/2019\/inicia-consulta-a-pueblos-indigenas-sobre-tren-maya\/#breadcrumb"},"inLanguage":"es","potentialAction":[{"@type":"ReadAction","target":["https:\/\/canal7slp.tv\/2019\/inicia-consulta-a-pueblos-indigenas-sobre-tren-maya\/"]}]},{"@type":"ImageObject","inLanguage":"es","@id":"https:\/\/canal7slp.tv\/2019\/inicia-consulta-a-pueblos-indigenas-sobre-tren-maya\/#primaryimage","url":"https:\/\/canal7slp.tv\/2019\/wp-content\/uploads\/2019\/11\/1340-10.jpg","contentUrl":"https:\/\/canal7slp.tv\/2019\/wp-content\/uploads\/2019\/11\/1340-10.jpg","width":770,"height":485},{"@type":"BreadcrumbList","@id":"https:\/\/canal7slp.tv\/2019\/inicia-consulta-a-pueblos-indigenas-sobre-tren-maya\/#breadcrumb","itemListElement":[{"@type":"ListItem","position":1,"name":"Home","item":"https:\/\/canal7slp.tv\/2019\/"},{"@type":"ListItem","position":2,"name":"Inicia consulta a pueblos ind\u00edgenas sobre Tren Maya"}]},{"@type":"WebSite","@id":"https:\/\/canal7slp.tv\/2019\/#website","url":"https:\/\/canal7slp.tv\/2019\/","name":"Canal 7 SLP - Somos TV","description":"Somos un Canal de 10","publisher":{"@id":"https:\/\/canal7slp.tv\/2019\/#organization"},"potentialAction":[{"@type":"SearchAction","target":{"@type":"EntryPoint","urlTemplate":"https:\/\/canal7slp.tv\/2019\/?s={search_term_string}"},"query-input":{"@type":"PropertyValueSpecification","valueRequired":true,"valueName":"search_term_string"}}],"inLanguage":"es"},{"@type":"Organization","@id":"https:\/\/canal7slp.tv\/2019\/#organization","name":"Comunicaci\u00f3n 2000 S.A. de C.V.","url":"https:\/\/canal7slp.tv\/2019\/","logo":{"@type":"ImageObject","inLanguage":"es","@id":"https:\/\/canal7slp.tv\/2019\/#\/schema\/logo\/image\/","url":"https:\/\/canal7slp.tv\/2019\/wp-content\/uploads\/2019\/07\/logo-c7.png","contentUrl":"https:\/\/canal7slp.tv\/2019\/wp-content\/uploads\/2019\/07\/logo-c7.png","width":220,"height":60,"caption":"Comunicaci\u00f3n 2000 S.A. de C.V."},"image":{"@id":"https:\/\/canal7slp.tv\/2019\/#\/schema\/logo\/image\/"},"sameAs":["https:\/\/www.facebook.com\/CANAL7SLP\/","https:\/\/x.com\/canal7_slp","https:\/\/www.instagram.com\/canal7_slp","https:\/\/www.youtube.com\/user\/NOTICIEROSCANAL7SLP\/"]},{"@type":"Person","@id":"https:\/\/canal7slp.tv\/2019\/#\/schema\/person\/11d941c1c6ca30ac0a46b95fa37aa2e3","name":"edicionweb","image":{"@type":"ImageObject","inLanguage":"es","@id":"https:\/\/secure.gravatar.com\/avatar\/eee448fc3f7164808013b816ba91ac7e43bbe82a70bebac296f8bc6f0addaa1a?s=96&d=mm&r=g","url":"https:\/\/secure.gravatar.com\/avatar\/eee448fc3f7164808013b816ba91ac7e43bbe82a70bebac296f8bc6f0addaa1a?s=96&d=mm&r=g","contentUrl":"https:\/\/secure.gravatar.com\/avatar\/eee448fc3f7164808013b816ba91ac7e43bbe82a70bebac296f8bc6f0addaa1a?s=96&d=mm&r=g","caption":"edicionweb"}}]}},"amp_enabled":true,"cmb2":{"video_ids_in_playlist":{"vid_p_videos":""},"video_ids_in_channel":{"vid_c_videos":""},"playlist_ids_in_channel":{"vid_c_playlists":""},"series_ids_in_channel":{"vid_c_series":""},"channel_images":{"vid_c_logo":"","vid_c_banner":""},"poster_feature_image":{"vid_m_poster_image":""},"gif_feature_image":{"vid_m_gif_image":""},"video_movie_settings":{"vid_m_director":"","vid_m_actor":"","vid_m_imdb_ratings":"","vid_m_amazon_associates":""},"vid_youtube_broadcasts_settings":{"vid_yb_broadcast_title":"","vid_yb_q":"","vid_yb_channelid":"","vid_yb_videocategoryid":"","vid_yb_maxresults":"","vid_yb_order":"","vid_yb_regioncode":"","vid_yb_videosyndicated":"","vid_yb_style":"","vid_yb_reload_first":""},"video_series_settings":{"vid_m_director":"","vid_m_actor":"","vid_m_imdb_ratings":"","video_series_group":""},"amazon_associates_settings":{"amazon_associates":"","amazon_native_ad":""},"vid_youtube_automatic_settings":{"vid_ya_youtube_source":"","vid_ya_update_every":"","vid_ya_update_unit":"","vid_ya_categories":"","vid_ya_published_after":"","vid_ya_published_before":"","vid_ya_playlists":"","vid_ya_channels":"","vid_ya_director":"","vid_ya_actor":"","vid_ya_author":"","vid_ya_import_post_date":"","vid_ya_status":"","vid_ya_sub_api_key":""},"vid_ads_m_videoads_settings_post":{"vid_ads_m_video_ads":"","vid_ads_m_video_ads_type":"","vid_ads_m_group_google_ima":"","vid_ads_m_group_image":"","vid_ads_m_group_html5_video":"","vid_ads_m_group_html":"","vid_ads_m_vast_preroll":"","vid_ads_m_vast_postroll":"","vid_ads_m_vast_pauseroll":"","vid_ads_m_vast_midroll":[{"vid_ads_m_vast_timer_seconds":"50"}],"vid_ads_m_time_to_show_ads":"","vid_ads_m_time_skip_ads":"","vid_ads_m_time_to_hide_ads":""},"page_slider_settings":{"display_slider_group":"","page_slider_group":""},"blog_page_settings":{"blog_page_title":"","blog_page_heading":"","blog_page_ic":"","blog_page_it":"","blog_page_ec":"","blog_page_ip":"","archive_loop_style":"","blog_image_ratio":"","blog_show_categories":"","blog_show_excerpt":"","blog_show_author":"","blog_show_date":"","blog_show_comment_count":"","blog_show_view_count":"","blog_show_like_count":"","blog_show_dislike_count":"","blog_items_per_page":"","blog_pag_type":""},"page_options":{"get_page_template":"","color_mode":"","main_layout":"","main_layout_full_with":"","main_logo":"","main_logo_retina":"","main_logo_mobile":"","main_logo_mobile_retina":"","sticky_logo":"","sticky_logo_retina":"","main_nav_layout":"","ajax_search":"","header_background":"","theme_sidebar":"","instagram_feed":"","instagram_feed_position":"","popular_videos":"","popular_videos_title_1":"","popular_videos_title_2":"","popular_videos_ic":"","popular_videos_it":"","theme_background":"","page_custom_css":""},"feature_image_settings":{"feature_image_position":""},"video_player_settings":{"single_video_style":"","video_player_position":"","vm_video_url":"","video_player_library":"","video_streaming":"","vm_media_sources":"","vid_auto_play":"","vm_video_shortcode":"","vid_p_sync_playlist":"","vid_c_sync_channel":"","get_post_format":"","multiple_links_structure":"default","multi_links_title":"","vm_video_multi_links":"","vm_duration":"","vid_social_locker":"off","vid_social_locker_id":"","vid_membership_action":"content-video","vm_video_trailer_url":"","vid_download_type":"free","vid_download_target":"download","vid_woo_product":"","vm_media_download":"","user_rating":"","user_rating_position":"","user_rating_mode":"","user_rating_multi_sets":""},"video_auto_fetch_settings":{"vm_video_fetch":"on"},"video_fake_views_likes":{"vm_fake_views":"","vm_fake_likes":"","vm_fake_dislikes":""},"gallery_settings":{"gallery_position":""},"quote_settings":{"quote_position":""},"post_options":{"main_layout":"","main_logo":"","main_logo_retina":"","main_logo_mobile":"","main_logo_mobile_retina":"","sticky_logo":"","sticky_logo_retina":"","main_nav_layout":"","header_background":"","theme_sidebar":"","single_post_comment_type":"","theme_background":""}},"_links":{"self":[{"href":"https:\/\/canal7slp.tv\/2019\/wp-json\/wp\/v2\/posts\/82119","targetHints":{"allow":["GET"]}}],"collection":[{"href":"https:\/\/canal7slp.tv\/2019\/wp-json\/wp\/v2\/posts"}],"about":[{"href":"https:\/\/canal7slp.tv\/2019\/wp-json\/wp\/v2\/types\/post"}],"author":[{"embeddable":true,"href":"https:\/\/canal7slp.tv\/2019\/wp-json\/wp\/v2\/users\/2"}],"replies":[{"embeddable":true,"href":"https:\/\/canal7slp.tv\/2019\/wp-json\/wp\/v2\/comments?post=82119"}],"version-history":[{"count":0,"href":"https:\/\/canal7slp.tv\/2019\/wp-json\/wp\/v2\/posts\/82119\/revisions"}],"wp:featuredmedia":[{"embeddable":true,"href":"https:\/\/canal7slp.tv\/2019\/wp-json\/wp\/v2\/media\/82120"}],"wp:attachment":[{"href":"https:\/\/canal7slp.tv\/2019\/wp-json\/wp\/v2\/media?parent=82119"}],"wp:term":[{"taxonomy":"category","embeddable":true,"href":"https:\/\/canal7slp.tv\/2019\/wp-json\/wp\/v2\/categories?post=82119"},{"taxonomy":"post_tag","embeddable":true,"href":"https:\/\/canal7slp.tv\/2019\/wp-json\/wp\/v2\/tags?post=82119"}],"curies":[{"name":"wp","href":"https:\/\/api.w.org\/{rel}","templated":true}]}}