{"id":82052,"date":"2019-11-15T07:38:53","date_gmt":"2019-11-15T13:38:53","guid":{"rendered":"https:\/\/canal7slp.tv\/2019\/?p=82052"},"modified":"2019-11-15T07:38:53","modified_gmt":"2019-11-15T13:38:53","slug":"pelosi-acusa-a-trump-de-soborno-por-el-caso-ucraniano","status":"publish","type":"post","link":"https:\/\/canal7slp.tv\/2019\/pelosi-acusa-a-trump-de-soborno-por-el-caso-ucraniano\/","title":{"rendered":"Pelosi acusa a Trump de \u201csoborno\u201d por el caso ucraniano"},"content":{"rendered":"<ul>\n<li style=\"text-align: justify\">La lideresa de los dem\u00f3cratas cambia el relato de la acusaci\u00f3n contra el mandatario de EU<\/li>\n<\/ul>\n<p style=\"text-align: justify\">M\u00e9xico.- La lideresa dem\u00f3crata en el Congreso de Estados Unidos (EU), Nancy Pelosi, acus\u00f3 al presidente Donald Trump de \u201csoborno\u201d, un delito que puede llevar a la destituci\u00f3n, tras las primeras audiencias p\u00fablicas para un eventual juicio pol\u00edtico del mandatario por el caso ucraniano.<\/p>\n<p style=\"text-align: justify\">La presidenta de la C\u00e1mara de Representantes afirm\u00f3 que el testimonio brindado el mi\u00e9rcoles pasado por dos testigos, \u201ccorrobor\u00f3 la evidencia de soborno\u201d de Trump en sus presiones a Ucrania para que lo ayudaran a perjudicar a un candidato que podr\u00eda disputarle la reelecci\u00f3n.<\/p>\n<p style=\"text-align: justify\">Pelosi agreg\u00f3 que, en comparaci\u00f3n, lo que hizo el ex presidente Richard Nixon, quien renunci\u00f3 en 1974 cuando se hizo evidente que ser\u00eda sometido a un juicio pol\u00edtico por el esc\u00e1ndalo Watergate, parece \u201ccasi peque\u00f1o\u201d.<\/p>\n<p style=\"text-align: justify\">\u201cEl devastador testimonio corrobor\u00f3 la evidencia del soborno descubierto en la investigaci\u00f3n, y que el presidente abus\u00f3 de su poder y viol\u00f3 su juramento al amenazar con retener ayuda militar y (ofrecer) una reuni\u00f3n de la Casa Blanca a cambio de una investigaci\u00f3n sobre su rival pol\u00edtico\u201d, dijo Pelosi.<\/p>\n<p style=\"text-align: justify\">Los dem\u00f3cratas, que controlan la C\u00e1mara de Representantes, investigan si hay m\u00e9ritos para enjuiciar a Trump por abuso de poder al supuestamente suspender ayuda militar a Ucrania para forzarla a investigar por corrupci\u00f3n al ex vicepresidente dem\u00f3crata Joe Biden, actual aspirante a la Casa Blanca, y a su hijo Hunter, antes integrante del directorio de una empresa de gas ucraniana.<\/p>\n<p style=\"text-align: justify\">\u201cEl soborno es otorgar o retener asistencia militar a cambio de una investigaci\u00f3n falsa\u201d, afirm\u00f3 la lideresa.<\/p>\n<p style=\"text-align: justify\">Hasta ahora los dem\u00f3cratas no usaban la palabra \u201csoborno\u201d para describir las presuntas irregularidades de Trump, apelando en cambio a la frase \u201cquid pro quo\u201d, una expresi\u00f3n en lat\u00edn que significa \u201calgo dado o recibido por otra cosa\u201d y que a menudo se usa en casos de extorsi\u00f3n.<\/p>\n<p style=\"text-align: justify\">Pelosi enfatiz\u00f3 que, aunque el soborno es uno de los delitos espec\u00edficos enunciados en la Constituci\u00f3n como un crimen sujeto a juicio pol\u00edtico, los dem\u00f3cratas \u201cni siquiera\u201d decidieron a\u00fan acusar al magnate.<\/p>\n<p style=\"text-align: justify\">Tras la acusaci\u00f3n de \u201csoborno\u201d por parte de dem\u00f3cratas, los republicanos han intensificado su defensa del presidente Donald Trump, diciendo que los testigos del mi\u00e9rcoles pasado, el embajador interino de Estados Unidos a Ucrania, William Taylor, y el alto funcionario del Departamento de Estado, George Kent, nunca hablaron con el mandatario<\/p>\n<p style=\"text-align: justify\">\u201cLo que dicen, que es la base del argumento de los dem\u00f3cratas, se basa en informaci\u00f3n de segunda mano\u201d, dijo el l\u00edder de la minor\u00eda de la C\u00e1mara de Representantes, Kevin McCarthy. \u201cNo hay nada que justifique un juicio pol\u00edtico\u201d.<\/p>\n<p style=\"text-align: justify\">Si Trump finalmente es enjuiciado, es poco probable que sea destituido dado que deber\u00eda ser condenado por el Senado,que adem\u00e1s est\u00e1 dominado por los republicanos.<\/p>\n<p style=\"text-align: justify\">La presidenta de la C\u00e1mara de Representantes manifest\u00f3 su deseo de que el Congreso apruebe este mismo a\u00f1o el nuevo acuerdo de libre comercio para Am\u00e9rica del Norte (T-MEC). La dem\u00f3crata dijo que un acuerdo respecto al T-MEC es \u201cinminente\u201d.<\/p>\n","protected":false},"excerpt":{"rendered":"<p>La lideresa de los dem\u00f3cratas cambia el relato de la acusaci\u00f3n contra el mandatario de EU M\u00e9xico.- La lideresa dem\u00f3crata en el Congreso de Estados Unidos (EU), Nancy Pelosi, acus\u00f3 al presidente Donald Trump de \u201csoborno\u201d, un delito que puede llevar a la destituci\u00f3n, tras las primeras audiencias p\u00fablicas para un eventual juicio pol\u00edtico del [&hellip;]<\/p>\n","protected":false},"author":2,"featured_media":82053,"comment_status":"open","ping_status":"open","sticky":false,"template":"","format":"standard","meta":{"footnotes":""},"categories":[18],"tags":[],"class_list":["post-82052","post","type-post","status-publish","format-standard","has-post-thumbnail","hentry","category-internacional"],"yoast_head":"<!-- This site is optimized with the Yoast SEO plugin v27.5 - https:\/\/yoast.com\/product\/yoast-seo-wordpress\/ -->\n<title>Pelosi acusa a Trump de \u201csoborno\u201d por el caso ucraniano - Canal 7 SLP - 2019<\/title>\n<meta name=\"robots\" content=\"index, follow, max-snippet:-1, max-image-preview:large, max-video-preview:-1\" \/>\n<link rel=\"canonical\" href=\"https:\/\/canal7slp.tv\/2019\/pelosi-acusa-a-trump-de-soborno-por-el-caso-ucraniano\/\" \/>\n<meta property=\"og:locale\" content=\"es_ES\" \/>\n<meta property=\"og:type\" content=\"article\" \/>\n<meta property=\"og:title\" content=\"Pelosi acusa a Trump de \u201csoborno\u201d por el caso ucraniano - Canal 7 SLP - 2019\" \/>\n<meta property=\"og:description\" content=\"La lideresa de los dem\u00f3cratas cambia el relato de la acusaci\u00f3n contra el mandatario de EU M\u00e9xico.- La lideresa dem\u00f3crata en el Congreso de Estados Unidos (EU), Nancy Pelosi, acus\u00f3 al presidente Donald Trump de \u201csoborno\u201d, un delito que puede llevar a la destituci\u00f3n, tras las primeras audiencias p\u00fablicas para un eventual juicio pol\u00edtico del [&hellip;]\" \/>\n<meta property=\"og:url\" content=\"https:\/\/canal7slp.tv\/2019\/pelosi-acusa-a-trump-de-soborno-por-el-caso-ucraniano\/\" \/>\n<meta property=\"og:site_name\" content=\"Canal 7 SLP - 2019\" \/>\n<meta property=\"article:publisher\" content=\"https:\/\/www.facebook.com\/CANAL7SLP\/\" \/>\n<meta property=\"article:published_time\" content=\"2019-11-15T13:38:53+00:00\" \/>\n<meta property=\"og:image\" content=\"https:\/\/canal7slp.tv\/2019\/wp-content\/uploads\/2019\/11\/915-10.jpg\" \/>\n\t<meta property=\"og:image:width\" content=\"770\" \/>\n\t<meta property=\"og:image:height\" content=\"485\" \/>\n\t<meta property=\"og:image:type\" content=\"image\/jpeg\" \/>\n<meta name=\"author\" content=\"edicionweb\" \/>\n<meta name=\"twitter:card\" content=\"summary_large_image\" \/>\n<meta name=\"twitter:creator\" content=\"@canal7_slp\" \/>\n<meta name=\"twitter:site\" content=\"@canal7_slp\" \/>\n<meta name=\"twitter:label1\" content=\"Escrito por\" \/>\n\t<meta name=\"twitter:data1\" content=\"edicionweb\" \/>\n\t<meta name=\"twitter:label2\" content=\"Tiempo de lectura\" \/>\n\t<meta name=\"twitter:data2\" content=\"3 minutos\" \/>\n<script type=\"application\/ld+json\" class=\"yoast-schema-graph\">{\"@context\":\"https:\\\/\\\/schema.org\",\"@graph\":[{\"@type\":\"Article\",\"@id\":\"https:\\\/\\\/canal7slp.tv\\\/2019\\\/pelosi-acusa-a-trump-de-soborno-por-el-caso-ucraniano\\\/#article\",\"isPartOf\":{\"@id\":\"https:\\\/\\\/canal7slp.tv\\\/2019\\\/pelosi-acusa-a-trump-de-soborno-por-el-caso-ucraniano\\\/\"},\"author\":{\"name\":\"edicionweb\",\"@id\":\"https:\\\/\\\/canal7slp.tv\\\/2019\\\/#\\\/schema\\\/person\\\/11d941c1c6ca30ac0a46b95fa37aa2e3\"},\"headline\":\"Pelosi acusa a Trump de \u201csoborno\u201d por el caso ucraniano\",\"datePublished\":\"2019-11-15T13:38:53+00:00\",\"mainEntityOfPage\":{\"@id\":\"https:\\\/\\\/canal7slp.tv\\\/2019\\\/pelosi-acusa-a-trump-de-soborno-por-el-caso-ucraniano\\\/\"},\"wordCount\":562,\"commentCount\":0,\"publisher\":{\"@id\":\"https:\\\/\\\/canal7slp.tv\\\/2019\\\/#organization\"},\"image\":{\"@id\":\"https:\\\/\\\/canal7slp.tv\\\/2019\\\/pelosi-acusa-a-trump-de-soborno-por-el-caso-ucraniano\\\/#primaryimage\"},\"thumbnailUrl\":\"https:\\\/\\\/canal7slp.tv\\\/2019\\\/wp-content\\\/uploads\\\/2019\\\/11\\\/915-10.jpg\",\"articleSection\":[\"INTERNACIONAL\"],\"inLanguage\":\"es\",\"potentialAction\":[{\"@type\":\"CommentAction\",\"name\":\"Comment\",\"target\":[\"https:\\\/\\\/canal7slp.tv\\\/2019\\\/pelosi-acusa-a-trump-de-soborno-por-el-caso-ucraniano\\\/#respond\"]}]},{\"@type\":\"WebPage\",\"@id\":\"https:\\\/\\\/canal7slp.tv\\\/2019\\\/pelosi-acusa-a-trump-de-soborno-por-el-caso-ucraniano\\\/\",\"url\":\"https:\\\/\\\/canal7slp.tv\\\/2019\\\/pelosi-acusa-a-trump-de-soborno-por-el-caso-ucraniano\\\/\",\"name\":\"Pelosi acusa a Trump de \u201csoborno\u201d por el caso ucraniano - Canal 7 SLP - 2019\",\"isPartOf\":{\"@id\":\"https:\\\/\\\/canal7slp.tv\\\/2019\\\/#website\"},\"primaryImageOfPage\":{\"@id\":\"https:\\\/\\\/canal7slp.tv\\\/2019\\\/pelosi-acusa-a-trump-de-soborno-por-el-caso-ucraniano\\\/#primaryimage\"},\"image\":{\"@id\":\"https:\\\/\\\/canal7slp.tv\\\/2019\\\/pelosi-acusa-a-trump-de-soborno-por-el-caso-ucraniano\\\/#primaryimage\"},\"thumbnailUrl\":\"https:\\\/\\\/canal7slp.tv\\\/2019\\\/wp-content\\\/uploads\\\/2019\\\/11\\\/915-10.jpg\",\"datePublished\":\"2019-11-15T13:38:53+00:00\",\"breadcrumb\":{\"@id\":\"https:\\\/\\\/canal7slp.tv\\\/2019\\\/pelosi-acusa-a-trump-de-soborno-por-el-caso-ucraniano\\\/#breadcrumb\"},\"inLanguage\":\"es\",\"potentialAction\":[{\"@type\":\"ReadAction\",\"target\":[\"https:\\\/\\\/canal7slp.tv\\\/2019\\\/pelosi-acusa-a-trump-de-soborno-por-el-caso-ucraniano\\\/\"]}]},{\"@type\":\"ImageObject\",\"inLanguage\":\"es\",\"@id\":\"https:\\\/\\\/canal7slp.tv\\\/2019\\\/pelosi-acusa-a-trump-de-soborno-por-el-caso-ucraniano\\\/#primaryimage\",\"url\":\"https:\\\/\\\/canal7slp.tv\\\/2019\\\/wp-content\\\/uploads\\\/2019\\\/11\\\/915-10.jpg\",\"contentUrl\":\"https:\\\/\\\/canal7slp.tv\\\/2019\\\/wp-content\\\/uploads\\\/2019\\\/11\\\/915-10.jpg\",\"width\":770,\"height\":485},{\"@type\":\"BreadcrumbList\",\"@id\":\"https:\\\/\\\/canal7slp.tv\\\/2019\\\/pelosi-acusa-a-trump-de-soborno-por-el-caso-ucraniano\\\/#breadcrumb\",\"itemListElement\":[{\"@type\":\"ListItem\",\"position\":1,\"name\":\"Home\",\"item\":\"https:\\\/\\\/canal7slp.tv\\\/2019\\\/\"},{\"@type\":\"ListItem\",\"position\":2,\"name\":\"Pelosi acusa a Trump de \u201csoborno\u201d por el caso ucraniano\"}]},{\"@type\":\"WebSite\",\"@id\":\"https:\\\/\\\/canal7slp.tv\\\/2019\\\/#website\",\"url\":\"https:\\\/\\\/canal7slp.tv\\\/2019\\\/\",\"name\":\"Canal 7 SLP - Somos TV\",\"description\":\"Somos un Canal de 10\",\"publisher\":{\"@id\":\"https:\\\/\\\/canal7slp.tv\\\/2019\\\/#organization\"},\"potentialAction\":[{\"@type\":\"SearchAction\",\"target\":{\"@type\":\"EntryPoint\",\"urlTemplate\":\"https:\\\/\\\/canal7slp.tv\\\/2019\\\/?s={search_term_string}\"},\"query-input\":{\"@type\":\"PropertyValueSpecification\",\"valueRequired\":true,\"valueName\":\"search_term_string\"}}],\"inLanguage\":\"es\"},{\"@type\":\"Organization\",\"@id\":\"https:\\\/\\\/canal7slp.tv\\\/2019\\\/#organization\",\"name\":\"Comunicaci\u00f3n 2000 S.A. de C.V.\",\"url\":\"https:\\\/\\\/canal7slp.tv\\\/2019\\\/\",\"logo\":{\"@type\":\"ImageObject\",\"inLanguage\":\"es\",\"@id\":\"https:\\\/\\\/canal7slp.tv\\\/2019\\\/#\\\/schema\\\/logo\\\/image\\\/\",\"url\":\"https:\\\/\\\/canal7slp.tv\\\/2019\\\/wp-content\\\/uploads\\\/2019\\\/07\\\/logo-c7.png\",\"contentUrl\":\"https:\\\/\\\/canal7slp.tv\\\/2019\\\/wp-content\\\/uploads\\\/2019\\\/07\\\/logo-c7.png\",\"width\":220,\"height\":60,\"caption\":\"Comunicaci\u00f3n 2000 S.A. de C.V.\"},\"image\":{\"@id\":\"https:\\\/\\\/canal7slp.tv\\\/2019\\\/#\\\/schema\\\/logo\\\/image\\\/\"},\"sameAs\":[\"https:\\\/\\\/www.facebook.com\\\/CANAL7SLP\\\/\",\"https:\\\/\\\/x.com\\\/canal7_slp\",\"https:\\\/\\\/www.instagram.com\\\/canal7_slp\",\"https:\\\/\\\/www.youtube.com\\\/user\\\/NOTICIEROSCANAL7SLP\\\/\"]},{\"@type\":\"Person\",\"@id\":\"https:\\\/\\\/canal7slp.tv\\\/2019\\\/#\\\/schema\\\/person\\\/11d941c1c6ca30ac0a46b95fa37aa2e3\",\"name\":\"edicionweb\",\"image\":{\"@type\":\"ImageObject\",\"inLanguage\":\"es\",\"@id\":\"https:\\\/\\\/secure.gravatar.com\\\/avatar\\\/eee448fc3f7164808013b816ba91ac7e43bbe82a70bebac296f8bc6f0addaa1a?s=96&d=mm&r=g\",\"url\":\"https:\\\/\\\/secure.gravatar.com\\\/avatar\\\/eee448fc3f7164808013b816ba91ac7e43bbe82a70bebac296f8bc6f0addaa1a?s=96&d=mm&r=g\",\"contentUrl\":\"https:\\\/\\\/secure.gravatar.com\\\/avatar\\\/eee448fc3f7164808013b816ba91ac7e43bbe82a70bebac296f8bc6f0addaa1a?s=96&d=mm&r=g\",\"caption\":\"edicionweb\"}}]}<\/script>\n<!-- \/ Yoast SEO plugin. -->","yoast_head_json":{"title":"Pelosi acusa a Trump de \u201csoborno\u201d por el caso ucraniano - Canal 7 SLP - 2019","robots":{"index":"index","follow":"follow","max-snippet":"max-snippet:-1","max-image-preview":"max-image-preview:large","max-video-preview":"max-video-preview:-1"},"canonical":"https:\/\/canal7slp.tv\/2019\/pelosi-acusa-a-trump-de-soborno-por-el-caso-ucraniano\/","og_locale":"es_ES","og_type":"article","og_title":"Pelosi acusa a Trump de \u201csoborno\u201d por el caso ucraniano - Canal 7 SLP - 2019","og_description":"La lideresa de los dem\u00f3cratas cambia el relato de la acusaci\u00f3n contra el mandatario de EU M\u00e9xico.- La lideresa dem\u00f3crata en el Congreso de Estados Unidos (EU), Nancy Pelosi, acus\u00f3 al presidente Donald Trump de \u201csoborno\u201d, un delito que puede llevar a la destituci\u00f3n, tras las primeras audiencias p\u00fablicas para un eventual juicio pol\u00edtico del [&hellip;]","og_url":"https:\/\/canal7slp.tv\/2019\/pelosi-acusa-a-trump-de-soborno-por-el-caso-ucraniano\/","og_site_name":"Canal 7 SLP - 2019","article_publisher":"https:\/\/www.facebook.com\/CANAL7SLP\/","article_published_time":"2019-11-15T13:38:53+00:00","og_image":[{"width":770,"height":485,"url":"https:\/\/canal7slp.tv\/2019\/wp-content\/uploads\/2019\/11\/915-10.jpg","type":"image\/jpeg"}],"author":"edicionweb","twitter_card":"summary_large_image","twitter_creator":"@canal7_slp","twitter_site":"@canal7_slp","twitter_misc":{"Escrito por":"edicionweb","Tiempo de lectura":"3 minutos"},"schema":{"@context":"https:\/\/schema.org","@graph":[{"@type":"Article","@id":"https:\/\/canal7slp.tv\/2019\/pelosi-acusa-a-trump-de-soborno-por-el-caso-ucraniano\/#article","isPartOf":{"@id":"https:\/\/canal7slp.tv\/2019\/pelosi-acusa-a-trump-de-soborno-por-el-caso-ucraniano\/"},"author":{"name":"edicionweb","@id":"https:\/\/canal7slp.tv\/2019\/#\/schema\/person\/11d941c1c6ca30ac0a46b95fa37aa2e3"},"headline":"Pelosi acusa a Trump de \u201csoborno\u201d por el caso ucraniano","datePublished":"2019-11-15T13:38:53+00:00","mainEntityOfPage":{"@id":"https:\/\/canal7slp.tv\/2019\/pelosi-acusa-a-trump-de-soborno-por-el-caso-ucraniano\/"},"wordCount":562,"commentCount":0,"publisher":{"@id":"https:\/\/canal7slp.tv\/2019\/#organization"},"image":{"@id":"https:\/\/canal7slp.tv\/2019\/pelosi-acusa-a-trump-de-soborno-por-el-caso-ucraniano\/#primaryimage"},"thumbnailUrl":"https:\/\/canal7slp.tv\/2019\/wp-content\/uploads\/2019\/11\/915-10.jpg","articleSection":["INTERNACIONAL"],"inLanguage":"es","potentialAction":[{"@type":"CommentAction","name":"Comment","target":["https:\/\/canal7slp.tv\/2019\/pelosi-acusa-a-trump-de-soborno-por-el-caso-ucraniano\/#respond"]}]},{"@type":"WebPage","@id":"https:\/\/canal7slp.tv\/2019\/pelosi-acusa-a-trump-de-soborno-por-el-caso-ucraniano\/","url":"https:\/\/canal7slp.tv\/2019\/pelosi-acusa-a-trump-de-soborno-por-el-caso-ucraniano\/","name":"Pelosi acusa a Trump de \u201csoborno\u201d por el caso ucraniano - Canal 7 SLP - 2019","isPartOf":{"@id":"https:\/\/canal7slp.tv\/2019\/#website"},"primaryImageOfPage":{"@id":"https:\/\/canal7slp.tv\/2019\/pelosi-acusa-a-trump-de-soborno-por-el-caso-ucraniano\/#primaryimage"},"image":{"@id":"https:\/\/canal7slp.tv\/2019\/pelosi-acusa-a-trump-de-soborno-por-el-caso-ucraniano\/#primaryimage"},"thumbnailUrl":"https:\/\/canal7slp.tv\/2019\/wp-content\/uploads\/2019\/11\/915-10.jpg","datePublished":"2019-11-15T13:38:53+00:00","breadcrumb":{"@id":"https:\/\/canal7slp.tv\/2019\/pelosi-acusa-a-trump-de-soborno-por-el-caso-ucraniano\/#breadcrumb"},"inLanguage":"es","potentialAction":[{"@type":"ReadAction","target":["https:\/\/canal7slp.tv\/2019\/pelosi-acusa-a-trump-de-soborno-por-el-caso-ucraniano\/"]}]},{"@type":"ImageObject","inLanguage":"es","@id":"https:\/\/canal7slp.tv\/2019\/pelosi-acusa-a-trump-de-soborno-por-el-caso-ucraniano\/#primaryimage","url":"https:\/\/canal7slp.tv\/2019\/wp-content\/uploads\/2019\/11\/915-10.jpg","contentUrl":"https:\/\/canal7slp.tv\/2019\/wp-content\/uploads\/2019\/11\/915-10.jpg","width":770,"height":485},{"@type":"BreadcrumbList","@id":"https:\/\/canal7slp.tv\/2019\/pelosi-acusa-a-trump-de-soborno-por-el-caso-ucraniano\/#breadcrumb","itemListElement":[{"@type":"ListItem","position":1,"name":"Home","item":"https:\/\/canal7slp.tv\/2019\/"},{"@type":"ListItem","position":2,"name":"Pelosi acusa a Trump de \u201csoborno\u201d por el caso ucraniano"}]},{"@type":"WebSite","@id":"https:\/\/canal7slp.tv\/2019\/#website","url":"https:\/\/canal7slp.tv\/2019\/","name":"Canal 7 SLP - Somos TV","description":"Somos un Canal de 10","publisher":{"@id":"https:\/\/canal7slp.tv\/2019\/#organization"},"potentialAction":[{"@type":"SearchAction","target":{"@type":"EntryPoint","urlTemplate":"https:\/\/canal7slp.tv\/2019\/?s={search_term_string}"},"query-input":{"@type":"PropertyValueSpecification","valueRequired":true,"valueName":"search_term_string"}}],"inLanguage":"es"},{"@type":"Organization","@id":"https:\/\/canal7slp.tv\/2019\/#organization","name":"Comunicaci\u00f3n 2000 S.A. de C.V.","url":"https:\/\/canal7slp.tv\/2019\/","logo":{"@type":"ImageObject","inLanguage":"es","@id":"https:\/\/canal7slp.tv\/2019\/#\/schema\/logo\/image\/","url":"https:\/\/canal7slp.tv\/2019\/wp-content\/uploads\/2019\/07\/logo-c7.png","contentUrl":"https:\/\/canal7slp.tv\/2019\/wp-content\/uploads\/2019\/07\/logo-c7.png","width":220,"height":60,"caption":"Comunicaci\u00f3n 2000 S.A. de C.V."},"image":{"@id":"https:\/\/canal7slp.tv\/2019\/#\/schema\/logo\/image\/"},"sameAs":["https:\/\/www.facebook.com\/CANAL7SLP\/","https:\/\/x.com\/canal7_slp","https:\/\/www.instagram.com\/canal7_slp","https:\/\/www.youtube.com\/user\/NOTICIEROSCANAL7SLP\/"]},{"@type":"Person","@id":"https:\/\/canal7slp.tv\/2019\/#\/schema\/person\/11d941c1c6ca30ac0a46b95fa37aa2e3","name":"edicionweb","image":{"@type":"ImageObject","inLanguage":"es","@id":"https:\/\/secure.gravatar.com\/avatar\/eee448fc3f7164808013b816ba91ac7e43bbe82a70bebac296f8bc6f0addaa1a?s=96&d=mm&r=g","url":"https:\/\/secure.gravatar.com\/avatar\/eee448fc3f7164808013b816ba91ac7e43bbe82a70bebac296f8bc6f0addaa1a?s=96&d=mm&r=g","contentUrl":"https:\/\/secure.gravatar.com\/avatar\/eee448fc3f7164808013b816ba91ac7e43bbe82a70bebac296f8bc6f0addaa1a?s=96&d=mm&r=g","caption":"edicionweb"}}]}},"amp_enabled":true,"cmb2":{"video_ids_in_playlist":{"vid_p_videos":""},"video_ids_in_channel":{"vid_c_videos":""},"playlist_ids_in_channel":{"vid_c_playlists":""},"series_ids_in_channel":{"vid_c_series":""},"channel_images":{"vid_c_logo":"","vid_c_banner":""},"poster_feature_image":{"vid_m_poster_image":""},"gif_feature_image":{"vid_m_gif_image":""},"video_movie_settings":{"vid_m_director":"","vid_m_actor":"","vid_m_imdb_ratings":"","vid_m_amazon_associates":""},"vid_youtube_broadcasts_settings":{"vid_yb_broadcast_title":"","vid_yb_q":"","vid_yb_channelid":"","vid_yb_videocategoryid":"","vid_yb_maxresults":"","vid_yb_order":"","vid_yb_regioncode":"","vid_yb_videosyndicated":"","vid_yb_style":"","vid_yb_reload_first":""},"video_series_settings":{"vid_m_director":"","vid_m_actor":"","vid_m_imdb_ratings":"","video_series_group":""},"amazon_associates_settings":{"amazon_associates":"","amazon_native_ad":""},"vid_youtube_automatic_settings":{"vid_ya_youtube_source":"","vid_ya_update_every":"","vid_ya_update_unit":"","vid_ya_categories":"","vid_ya_published_after":"","vid_ya_published_before":"","vid_ya_playlists":"","vid_ya_channels":"","vid_ya_director":"","vid_ya_actor":"","vid_ya_author":"","vid_ya_import_post_date":"","vid_ya_status":"","vid_ya_sub_api_key":""},"vid_ads_m_videoads_settings_post":{"vid_ads_m_video_ads":"","vid_ads_m_video_ads_type":"","vid_ads_m_group_google_ima":"","vid_ads_m_group_image":"","vid_ads_m_group_html5_video":"","vid_ads_m_group_html":"","vid_ads_m_vast_preroll":"","vid_ads_m_vast_postroll":"","vid_ads_m_vast_pauseroll":"","vid_ads_m_vast_midroll":[{"vid_ads_m_vast_timer_seconds":"50"}],"vid_ads_m_time_to_show_ads":"","vid_ads_m_time_skip_ads":"","vid_ads_m_time_to_hide_ads":""},"page_slider_settings":{"display_slider_group":"","page_slider_group":""},"blog_page_settings":{"blog_page_title":"","blog_page_heading":"","blog_page_ic":"","blog_page_it":"","blog_page_ec":"","blog_page_ip":"","archive_loop_style":"","blog_image_ratio":"","blog_show_categories":"","blog_show_excerpt":"","blog_show_author":"","blog_show_date":"","blog_show_comment_count":"","blog_show_view_count":"","blog_show_like_count":"","blog_show_dislike_count":"","blog_items_per_page":"","blog_pag_type":""},"page_options":{"get_page_template":"","color_mode":"","main_layout":"","main_layout_full_with":"","main_logo":"","main_logo_retina":"","main_logo_mobile":"","main_logo_mobile_retina":"","sticky_logo":"","sticky_logo_retina":"","main_nav_layout":"","ajax_search":"","header_background":"","theme_sidebar":"","instagram_feed":"","instagram_feed_position":"","popular_videos":"","popular_videos_title_1":"","popular_videos_title_2":"","popular_videos_ic":"","popular_videos_it":"","theme_background":"","page_custom_css":""},"feature_image_settings":{"feature_image_position":""},"video_player_settings":{"single_video_style":"","video_player_position":"","vm_video_url":"","video_player_library":"","video_streaming":"","vm_media_sources":"","vid_auto_play":"","vm_video_shortcode":"","vid_p_sync_playlist":"","vid_c_sync_channel":"","get_post_format":"","multiple_links_structure":"default","multi_links_title":"","vm_video_multi_links":"","vm_duration":"","vid_social_locker":"off","vid_social_locker_id":"","vid_membership_action":"content-video","vm_video_trailer_url":"","vid_download_type":"free","vid_download_target":"download","vid_woo_product":"","vm_media_download":"","user_rating":"","user_rating_position":"","user_rating_mode":"","user_rating_multi_sets":""},"video_auto_fetch_settings":{"vm_video_fetch":"on"},"video_fake_views_likes":{"vm_fake_views":"","vm_fake_likes":"","vm_fake_dislikes":""},"gallery_settings":{"gallery_position":""},"quote_settings":{"quote_position":""},"post_options":{"main_layout":"","main_logo":"","main_logo_retina":"","main_logo_mobile":"","main_logo_mobile_retina":"","sticky_logo":"","sticky_logo_retina":"","main_nav_layout":"","header_background":"","theme_sidebar":"","single_post_comment_type":"","theme_background":""}},"_links":{"self":[{"href":"https:\/\/canal7slp.tv\/2019\/wp-json\/wp\/v2\/posts\/82052","targetHints":{"allow":["GET"]}}],"collection":[{"href":"https:\/\/canal7slp.tv\/2019\/wp-json\/wp\/v2\/posts"}],"about":[{"href":"https:\/\/canal7slp.tv\/2019\/wp-json\/wp\/v2\/types\/post"}],"author":[{"embeddable":true,"href":"https:\/\/canal7slp.tv\/2019\/wp-json\/wp\/v2\/users\/2"}],"replies":[{"embeddable":true,"href":"https:\/\/canal7slp.tv\/2019\/wp-json\/wp\/v2\/comments?post=82052"}],"version-history":[{"count":0,"href":"https:\/\/canal7slp.tv\/2019\/wp-json\/wp\/v2\/posts\/82052\/revisions"}],"wp:featuredmedia":[{"embeddable":true,"href":"https:\/\/canal7slp.tv\/2019\/wp-json\/wp\/v2\/media\/82053"}],"wp:attachment":[{"href":"https:\/\/canal7slp.tv\/2019\/wp-json\/wp\/v2\/media?parent=82052"}],"wp:term":[{"taxonomy":"category","embeddable":true,"href":"https:\/\/canal7slp.tv\/2019\/wp-json\/wp\/v2\/categories?post=82052"},{"taxonomy":"post_tag","embeddable":true,"href":"https:\/\/canal7slp.tv\/2019\/wp-json\/wp\/v2\/tags?post=82052"}],"curies":[{"name":"wp","href":"https:\/\/api.w.org\/{rel}","templated":true}]}}