{"id":81955,"date":"2019-11-14T19:23:54","date_gmt":"2019-11-15T01:23:54","guid":{"rendered":"https:\/\/canal7slp.tv\/2019\/?p=81955"},"modified":"2019-11-14T19:23:54","modified_gmt":"2019-11-15T01:23:54","slug":"inea-y-conafe-reconocen-compromiso-de-jm-carreras-a-favor-de-la-educacion","status":"publish","type":"post","link":"https:\/\/canal7slp.tv\/2019\/inea-y-conafe-reconocen-compromiso-de-jm-carreras-a-favor-de-la-educacion\/","title":{"rendered":"INEA y CONAFE reconocen compromiso de JM Carreras a favor de la educaci\u00f3n"},"content":{"rendered":"<p style=\"text-align: justify\">SLP.- En el marco de la firma convenio de colaboraci\u00f3n entre Rodolfo Lara Aponte, Director General del Instituto Nacional para la Educaci\u00f3n de los Adultos (INEA) y Cuauht\u00e9moc S\u00e1nchez Osio, titular del Conejo Nacional de Fomento Educativo (CONAFE), que tiene como objetivo coordinar acciones para la atenci\u00f3n de personas mayores de 15 a\u00f1os en condici\u00f3n de rezago educativo, ambos funcionarios federales reconocieron el compromiso del Gobernador del Estado, Juan Manuel Carreras L\u00f3pez, a favor de la educaci\u00f3n.<\/p>\n<p style=\"text-align: justify\">Lara Aponte, destac\u00f3 en su participaci\u00f3n que realizar este convenio en San Luis Potos\u00ed adquiere una relevancia nacional, ya que aqu\u00ed se han realizado acciones concretas para lograr abatir el analfabetismo en diferentes municipios, as\u00ed como el aporte de los l\u00edderes comunitarios que se comprometen para llevar la educaci\u00f3n b\u00e1sica a los lugares m\u00e1s alejados.<\/p>\n<p style=\"text-align: justify\">Por su parte, Cuauht\u00e9moc S\u00e1nchez puntualiz\u00f3 que este convenio har\u00e1 posible que l\u00edderes comunitarios y promotores de la educaci\u00f3n inicial, puedan ense\u00f1ar a leer y escribir a hombres y mujeres que a\u00fan no concluyen su primaria o secundaria, adem\u00e1s de reconocer su esfuerzo para llevar los servicios educativos a peque\u00f1as localidades.<\/p>\n<p style=\"text-align: justify\">Los funcionarios federales y el titular del Ejecutivo estatal entregaron constancias de alfabetizaci\u00f3n, as\u00ed como de certificados de primaria y secundaria, adem\u00e1s de equipamiento a promotoras del programa de educaci\u00f3n inicial de CONAFE.<\/p>\n<p style=\"text-align: justify\">En compa\u00f1\u00eda de la Presidenta de la Junta Directiva del Sistema Estatal DIF, Lorena Valle Rodr\u00edguez, el mandatario potosino indic\u00f3 que, como resultado de las acciones coordinadas, se han tenido importantes avances en el combate al analfabetismo, ya que en el 2016 hab\u00eda 24 municipios con dos d\u00edgitos de porcentaje en esta carencia social, al concluir este a\u00f1o solo habr\u00e1 dos ayuntamientos con este indicador.<\/p>\n<p style=\"text-align: justify\">Carreras L\u00f3pez entreg\u00f3 a Cuauht\u00e9moc S\u00e1nchez el oficio correspondiente para iniciar las acciones de rehabilitaci\u00f3n de las instalaciones del plantel Modelo CONAFE de la localidad de La Lomita en Villa de Reyes, compromiso que asumi\u00f3 con el titular de la Secretar\u00eda de Educaci\u00f3n P\u00fablica (SEP), Esteban Moctezuma Barrag\u00e1n, obras por m\u00e1s de un mill\u00f3n de pesos<\/p>\n<p style=\"text-align: justify\">Agradeci\u00f3 la cooperaci\u00f3n y compromiso del Presidente de M\u00e9xico, Andr\u00e9s Manuel L\u00f3pez Obrador y del titular de la Secretar\u00eda de Educaci\u00f3n P\u00fablica (SEP), Esteban Moctezuma Barrag\u00e1n, por apoyar a la entidad para sumar acciones a favor de la educaci\u00f3n.<\/p>\n<p style=\"text-align: justify\">En su intervenci\u00f3n el Secretario de Educaci\u00f3n, Joel Ram\u00edrez D\u00edaz, indic\u00f3 que el apoyo del Gobernador del Estado ha sido muy importante en el logro del abatimiento del analfabetismo y el rezago educativo y expres\u00f3 que el CONAFE y el IEEA son dos grandes aliados de la educaci\u00f3n, consider\u00f3 que por ello la comunidad educativa de San Luis Potos\u00ed reconoce que, ante la magnitud que implica el abatimiento del rezago educativo nacional, el INEA concreta alianzas que apoyan la operaci\u00f3n de los Institutos Estatales, muestra de ello es el convenio que hoy se firma entre esta Instituci\u00f3n y el CONAFE.<\/p>\n<p style=\"text-align: justify\">\u201cPara San Luis Potos\u00ed, es importante que esta gran alianza de car\u00e1cter nacional se lleve a cabo aqu\u00ed en el Estado, este acuerdo har\u00e1 posible que los lideres para la educaci\u00f3n comunitaria y promotoras educativas del CONAFE, hagan realidad los anhelos de muchas personas que hoy quieren aprender a leer y escribir, que buscan terminar su educaci\u00f3n primaria o secundaria, y, que por distintas circunstancias no tuvieron esta oportunidad en su etapa escolar&#8221;, indic\u00f3 el funcionario estatal.<\/p>\n<p style=\"text-align: justify\">Estuvieron presentes el diputado local Mart\u00edn Ju\u00e1rez C\u00f3rdova, Presidente del H. Congreso del Estado; Susana Scherer Ibarra, Directora de Concertaci\u00f3n y Alianzas Estrat\u00e9gicas del INEA; Helios Barrag\u00e1n Farf\u00e1n, Director General del IEEA y C\u00e9sar V\u00e1zquez Jim\u00e9nez Coordinador de Operaci\u00f3n territorial de Servicios Educativos del CONAFE en San Luis Potos\u00ed.<\/p>\n","protected":false},"excerpt":{"rendered":"<p>SLP.- En el marco de la firma convenio de colaboraci\u00f3n entre Rodolfo Lara Aponte, Director General del Instituto Nacional para la Educaci\u00f3n de los Adultos (INEA) y Cuauht\u00e9moc S\u00e1nchez Osio, titular del Conejo Nacional de Fomento Educativo (CONAFE), que tiene como objetivo coordinar acciones para la atenci\u00f3n de personas mayores de 15 a\u00f1os en condici\u00f3n [&hellip;]<\/p>\n","protected":false},"author":2,"featured_media":81956,"comment_status":"open","ping_status":"open","sticky":false,"template":"","format":"standard","meta":{"footnotes":""},"categories":[17],"tags":[],"class_list":["post-81955","post","type-post","status-publish","format-standard","has-post-thumbnail","hentry","category-localesyregionales"],"yoast_head":"<!-- This site is optimized with the Yoast SEO plugin v27.5 - https:\/\/yoast.com\/product\/yoast-seo-wordpress\/ -->\n<title>INEA y CONAFE reconocen compromiso de JM Carreras a favor de la educaci\u00f3n - Canal 7 SLP - 2019<\/title>\n<meta name=\"robots\" content=\"index, follow, max-snippet:-1, max-image-preview:large, max-video-preview:-1\" \/>\n<link rel=\"canonical\" href=\"https:\/\/canal7slp.tv\/2019\/inea-y-conafe-reconocen-compromiso-de-jm-carreras-a-favor-de-la-educacion\/\" \/>\n<meta property=\"og:locale\" content=\"es_ES\" \/>\n<meta property=\"og:type\" content=\"article\" \/>\n<meta property=\"og:title\" content=\"INEA y CONAFE reconocen compromiso de JM Carreras a favor de la educaci\u00f3n - Canal 7 SLP - 2019\" \/>\n<meta property=\"og:description\" content=\"SLP.- En el marco de la firma convenio de colaboraci\u00f3n entre Rodolfo Lara Aponte, Director General del Instituto Nacional para la Educaci\u00f3n de los Adultos (INEA) y Cuauht\u00e9moc S\u00e1nchez Osio, titular del Conejo Nacional de Fomento Educativo (CONAFE), que tiene como objetivo coordinar acciones para la atenci\u00f3n de personas mayores de 15 a\u00f1os en condici\u00f3n [&hellip;]\" \/>\n<meta property=\"og:url\" content=\"https:\/\/canal7slp.tv\/2019\/inea-y-conafe-reconocen-compromiso-de-jm-carreras-a-favor-de-la-educacion\/\" \/>\n<meta property=\"og:site_name\" content=\"Canal 7 SLP - 2019\" \/>\n<meta property=\"article:publisher\" content=\"https:\/\/www.facebook.com\/CANAL7SLP\/\" \/>\n<meta property=\"article:published_time\" content=\"2019-11-15T01:23:54+00:00\" \/>\n<meta property=\"og:image\" content=\"https:\/\/canal7slp.tv\/2019\/wp-content\/uploads\/2019\/11\/1947.jpg\" \/>\n\t<meta property=\"og:image:width\" content=\"604\" \/>\n\t<meta property=\"og:image:height\" content=\"410\" \/>\n\t<meta property=\"og:image:type\" content=\"image\/jpeg\" \/>\n<meta name=\"author\" content=\"edicionweb\" \/>\n<meta name=\"twitter:card\" content=\"summary_large_image\" \/>\n<meta name=\"twitter:creator\" content=\"@canal7_slp\" \/>\n<meta name=\"twitter:site\" content=\"@canal7_slp\" \/>\n<meta name=\"twitter:label1\" content=\"Escrito por\" \/>\n\t<meta name=\"twitter:data1\" content=\"edicionweb\" \/>\n\t<meta name=\"twitter:label2\" content=\"Tiempo de lectura\" \/>\n\t<meta name=\"twitter:data2\" content=\"3 minutos\" \/>\n<script type=\"application\/ld+json\" class=\"yoast-schema-graph\">{\"@context\":\"https:\\\/\\\/schema.org\",\"@graph\":[{\"@type\":\"Article\",\"@id\":\"https:\\\/\\\/canal7slp.tv\\\/2019\\\/inea-y-conafe-reconocen-compromiso-de-jm-carreras-a-favor-de-la-educacion\\\/#article\",\"isPartOf\":{\"@id\":\"https:\\\/\\\/canal7slp.tv\\\/2019\\\/inea-y-conafe-reconocen-compromiso-de-jm-carreras-a-favor-de-la-educacion\\\/\"},\"author\":{\"name\":\"edicionweb\",\"@id\":\"https:\\\/\\\/canal7slp.tv\\\/2019\\\/#\\\/schema\\\/person\\\/11d941c1c6ca30ac0a46b95fa37aa2e3\"},\"headline\":\"INEA y CONAFE reconocen compromiso de JM Carreras a favor de la educaci\u00f3n\",\"datePublished\":\"2019-11-15T01:23:54+00:00\",\"mainEntityOfPage\":{\"@id\":\"https:\\\/\\\/canal7slp.tv\\\/2019\\\/inea-y-conafe-reconocen-compromiso-de-jm-carreras-a-favor-de-la-educacion\\\/\"},\"wordCount\":684,\"commentCount\":0,\"publisher\":{\"@id\":\"https:\\\/\\\/canal7slp.tv\\\/2019\\\/#organization\"},\"image\":{\"@id\":\"https:\\\/\\\/canal7slp.tv\\\/2019\\\/inea-y-conafe-reconocen-compromiso-de-jm-carreras-a-favor-de-la-educacion\\\/#primaryimage\"},\"thumbnailUrl\":\"https:\\\/\\\/canal7slp.tv\\\/2019\\\/wp-content\\\/uploads\\\/2019\\\/11\\\/1947.jpg\",\"articleSection\":[\"LOCALES Y REGIONALES\"],\"inLanguage\":\"es\",\"potentialAction\":[{\"@type\":\"CommentAction\",\"name\":\"Comment\",\"target\":[\"https:\\\/\\\/canal7slp.tv\\\/2019\\\/inea-y-conafe-reconocen-compromiso-de-jm-carreras-a-favor-de-la-educacion\\\/#respond\"]}]},{\"@type\":\"WebPage\",\"@id\":\"https:\\\/\\\/canal7slp.tv\\\/2019\\\/inea-y-conafe-reconocen-compromiso-de-jm-carreras-a-favor-de-la-educacion\\\/\",\"url\":\"https:\\\/\\\/canal7slp.tv\\\/2019\\\/inea-y-conafe-reconocen-compromiso-de-jm-carreras-a-favor-de-la-educacion\\\/\",\"name\":\"INEA y CONAFE reconocen compromiso de JM Carreras a favor de la educaci\u00f3n - Canal 7 SLP - 2019\",\"isPartOf\":{\"@id\":\"https:\\\/\\\/canal7slp.tv\\\/2019\\\/#website\"},\"primaryImageOfPage\":{\"@id\":\"https:\\\/\\\/canal7slp.tv\\\/2019\\\/inea-y-conafe-reconocen-compromiso-de-jm-carreras-a-favor-de-la-educacion\\\/#primaryimage\"},\"image\":{\"@id\":\"https:\\\/\\\/canal7slp.tv\\\/2019\\\/inea-y-conafe-reconocen-compromiso-de-jm-carreras-a-favor-de-la-educacion\\\/#primaryimage\"},\"thumbnailUrl\":\"https:\\\/\\\/canal7slp.tv\\\/2019\\\/wp-content\\\/uploads\\\/2019\\\/11\\\/1947.jpg\",\"datePublished\":\"2019-11-15T01:23:54+00:00\",\"breadcrumb\":{\"@id\":\"https:\\\/\\\/canal7slp.tv\\\/2019\\\/inea-y-conafe-reconocen-compromiso-de-jm-carreras-a-favor-de-la-educacion\\\/#breadcrumb\"},\"inLanguage\":\"es\",\"potentialAction\":[{\"@type\":\"ReadAction\",\"target\":[\"https:\\\/\\\/canal7slp.tv\\\/2019\\\/inea-y-conafe-reconocen-compromiso-de-jm-carreras-a-favor-de-la-educacion\\\/\"]}]},{\"@type\":\"ImageObject\",\"inLanguage\":\"es\",\"@id\":\"https:\\\/\\\/canal7slp.tv\\\/2019\\\/inea-y-conafe-reconocen-compromiso-de-jm-carreras-a-favor-de-la-educacion\\\/#primaryimage\",\"url\":\"https:\\\/\\\/canal7slp.tv\\\/2019\\\/wp-content\\\/uploads\\\/2019\\\/11\\\/1947.jpg\",\"contentUrl\":\"https:\\\/\\\/canal7slp.tv\\\/2019\\\/wp-content\\\/uploads\\\/2019\\\/11\\\/1947.jpg\",\"width\":604,\"height\":410},{\"@type\":\"BreadcrumbList\",\"@id\":\"https:\\\/\\\/canal7slp.tv\\\/2019\\\/inea-y-conafe-reconocen-compromiso-de-jm-carreras-a-favor-de-la-educacion\\\/#breadcrumb\",\"itemListElement\":[{\"@type\":\"ListItem\",\"position\":1,\"name\":\"Home\",\"item\":\"https:\\\/\\\/canal7slp.tv\\\/2019\\\/\"},{\"@type\":\"ListItem\",\"position\":2,\"name\":\"INEA y CONAFE reconocen compromiso de JM Carreras a favor de la educaci\u00f3n\"}]},{\"@type\":\"WebSite\",\"@id\":\"https:\\\/\\\/canal7slp.tv\\\/2019\\\/#website\",\"url\":\"https:\\\/\\\/canal7slp.tv\\\/2019\\\/\",\"name\":\"Canal 7 SLP - Somos TV\",\"description\":\"Somos un Canal de 10\",\"publisher\":{\"@id\":\"https:\\\/\\\/canal7slp.tv\\\/2019\\\/#organization\"},\"potentialAction\":[{\"@type\":\"SearchAction\",\"target\":{\"@type\":\"EntryPoint\",\"urlTemplate\":\"https:\\\/\\\/canal7slp.tv\\\/2019\\\/?s={search_term_string}\"},\"query-input\":{\"@type\":\"PropertyValueSpecification\",\"valueRequired\":true,\"valueName\":\"search_term_string\"}}],\"inLanguage\":\"es\"},{\"@type\":\"Organization\",\"@id\":\"https:\\\/\\\/canal7slp.tv\\\/2019\\\/#organization\",\"name\":\"Comunicaci\u00f3n 2000 S.A. de C.V.\",\"url\":\"https:\\\/\\\/canal7slp.tv\\\/2019\\\/\",\"logo\":{\"@type\":\"ImageObject\",\"inLanguage\":\"es\",\"@id\":\"https:\\\/\\\/canal7slp.tv\\\/2019\\\/#\\\/schema\\\/logo\\\/image\\\/\",\"url\":\"https:\\\/\\\/canal7slp.tv\\\/2019\\\/wp-content\\\/uploads\\\/2019\\\/07\\\/logo-c7.png\",\"contentUrl\":\"https:\\\/\\\/canal7slp.tv\\\/2019\\\/wp-content\\\/uploads\\\/2019\\\/07\\\/logo-c7.png\",\"width\":220,\"height\":60,\"caption\":\"Comunicaci\u00f3n 2000 S.A. de C.V.\"},\"image\":{\"@id\":\"https:\\\/\\\/canal7slp.tv\\\/2019\\\/#\\\/schema\\\/logo\\\/image\\\/\"},\"sameAs\":[\"https:\\\/\\\/www.facebook.com\\\/CANAL7SLP\\\/\",\"https:\\\/\\\/x.com\\\/canal7_slp\",\"https:\\\/\\\/www.instagram.com\\\/canal7_slp\",\"https:\\\/\\\/www.youtube.com\\\/user\\\/NOTICIEROSCANAL7SLP\\\/\"]},{\"@type\":\"Person\",\"@id\":\"https:\\\/\\\/canal7slp.tv\\\/2019\\\/#\\\/schema\\\/person\\\/11d941c1c6ca30ac0a46b95fa37aa2e3\",\"name\":\"edicionweb\",\"image\":{\"@type\":\"ImageObject\",\"inLanguage\":\"es\",\"@id\":\"https:\\\/\\\/secure.gravatar.com\\\/avatar\\\/eee448fc3f7164808013b816ba91ac7e43bbe82a70bebac296f8bc6f0addaa1a?s=96&d=mm&r=g\",\"url\":\"https:\\\/\\\/secure.gravatar.com\\\/avatar\\\/eee448fc3f7164808013b816ba91ac7e43bbe82a70bebac296f8bc6f0addaa1a?s=96&d=mm&r=g\",\"contentUrl\":\"https:\\\/\\\/secure.gravatar.com\\\/avatar\\\/eee448fc3f7164808013b816ba91ac7e43bbe82a70bebac296f8bc6f0addaa1a?s=96&d=mm&r=g\",\"caption\":\"edicionweb\"}}]}<\/script>\n<!-- \/ Yoast SEO plugin. -->","yoast_head_json":{"title":"INEA y CONAFE reconocen compromiso de JM Carreras a favor de la educaci\u00f3n - Canal 7 SLP - 2019","robots":{"index":"index","follow":"follow","max-snippet":"max-snippet:-1","max-image-preview":"max-image-preview:large","max-video-preview":"max-video-preview:-1"},"canonical":"https:\/\/canal7slp.tv\/2019\/inea-y-conafe-reconocen-compromiso-de-jm-carreras-a-favor-de-la-educacion\/","og_locale":"es_ES","og_type":"article","og_title":"INEA y CONAFE reconocen compromiso de JM Carreras a favor de la educaci\u00f3n - Canal 7 SLP - 2019","og_description":"SLP.- En el marco de la firma convenio de colaboraci\u00f3n entre Rodolfo Lara Aponte, Director General del Instituto Nacional para la Educaci\u00f3n de los Adultos (INEA) y Cuauht\u00e9moc S\u00e1nchez Osio, titular del Conejo Nacional de Fomento Educativo (CONAFE), que tiene como objetivo coordinar acciones para la atenci\u00f3n de personas mayores de 15 a\u00f1os en condici\u00f3n [&hellip;]","og_url":"https:\/\/canal7slp.tv\/2019\/inea-y-conafe-reconocen-compromiso-de-jm-carreras-a-favor-de-la-educacion\/","og_site_name":"Canal 7 SLP - 2019","article_publisher":"https:\/\/www.facebook.com\/CANAL7SLP\/","article_published_time":"2019-11-15T01:23:54+00:00","og_image":[{"width":604,"height":410,"url":"https:\/\/canal7slp.tv\/2019\/wp-content\/uploads\/2019\/11\/1947.jpg","type":"image\/jpeg"}],"author":"edicionweb","twitter_card":"summary_large_image","twitter_creator":"@canal7_slp","twitter_site":"@canal7_slp","twitter_misc":{"Escrito por":"edicionweb","Tiempo de lectura":"3 minutos"},"schema":{"@context":"https:\/\/schema.org","@graph":[{"@type":"Article","@id":"https:\/\/canal7slp.tv\/2019\/inea-y-conafe-reconocen-compromiso-de-jm-carreras-a-favor-de-la-educacion\/#article","isPartOf":{"@id":"https:\/\/canal7slp.tv\/2019\/inea-y-conafe-reconocen-compromiso-de-jm-carreras-a-favor-de-la-educacion\/"},"author":{"name":"edicionweb","@id":"https:\/\/canal7slp.tv\/2019\/#\/schema\/person\/11d941c1c6ca30ac0a46b95fa37aa2e3"},"headline":"INEA y CONAFE reconocen compromiso de JM Carreras a favor de la educaci\u00f3n","datePublished":"2019-11-15T01:23:54+00:00","mainEntityOfPage":{"@id":"https:\/\/canal7slp.tv\/2019\/inea-y-conafe-reconocen-compromiso-de-jm-carreras-a-favor-de-la-educacion\/"},"wordCount":684,"commentCount":0,"publisher":{"@id":"https:\/\/canal7slp.tv\/2019\/#organization"},"image":{"@id":"https:\/\/canal7slp.tv\/2019\/inea-y-conafe-reconocen-compromiso-de-jm-carreras-a-favor-de-la-educacion\/#primaryimage"},"thumbnailUrl":"https:\/\/canal7slp.tv\/2019\/wp-content\/uploads\/2019\/11\/1947.jpg","articleSection":["LOCALES Y REGIONALES"],"inLanguage":"es","potentialAction":[{"@type":"CommentAction","name":"Comment","target":["https:\/\/canal7slp.tv\/2019\/inea-y-conafe-reconocen-compromiso-de-jm-carreras-a-favor-de-la-educacion\/#respond"]}]},{"@type":"WebPage","@id":"https:\/\/canal7slp.tv\/2019\/inea-y-conafe-reconocen-compromiso-de-jm-carreras-a-favor-de-la-educacion\/","url":"https:\/\/canal7slp.tv\/2019\/inea-y-conafe-reconocen-compromiso-de-jm-carreras-a-favor-de-la-educacion\/","name":"INEA y CONAFE reconocen compromiso de JM Carreras a favor de la educaci\u00f3n - Canal 7 SLP - 2019","isPartOf":{"@id":"https:\/\/canal7slp.tv\/2019\/#website"},"primaryImageOfPage":{"@id":"https:\/\/canal7slp.tv\/2019\/inea-y-conafe-reconocen-compromiso-de-jm-carreras-a-favor-de-la-educacion\/#primaryimage"},"image":{"@id":"https:\/\/canal7slp.tv\/2019\/inea-y-conafe-reconocen-compromiso-de-jm-carreras-a-favor-de-la-educacion\/#primaryimage"},"thumbnailUrl":"https:\/\/canal7slp.tv\/2019\/wp-content\/uploads\/2019\/11\/1947.jpg","datePublished":"2019-11-15T01:23:54+00:00","breadcrumb":{"@id":"https:\/\/canal7slp.tv\/2019\/inea-y-conafe-reconocen-compromiso-de-jm-carreras-a-favor-de-la-educacion\/#breadcrumb"},"inLanguage":"es","potentialAction":[{"@type":"ReadAction","target":["https:\/\/canal7slp.tv\/2019\/inea-y-conafe-reconocen-compromiso-de-jm-carreras-a-favor-de-la-educacion\/"]}]},{"@type":"ImageObject","inLanguage":"es","@id":"https:\/\/canal7slp.tv\/2019\/inea-y-conafe-reconocen-compromiso-de-jm-carreras-a-favor-de-la-educacion\/#primaryimage","url":"https:\/\/canal7slp.tv\/2019\/wp-content\/uploads\/2019\/11\/1947.jpg","contentUrl":"https:\/\/canal7slp.tv\/2019\/wp-content\/uploads\/2019\/11\/1947.jpg","width":604,"height":410},{"@type":"BreadcrumbList","@id":"https:\/\/canal7slp.tv\/2019\/inea-y-conafe-reconocen-compromiso-de-jm-carreras-a-favor-de-la-educacion\/#breadcrumb","itemListElement":[{"@type":"ListItem","position":1,"name":"Home","item":"https:\/\/canal7slp.tv\/2019\/"},{"@type":"ListItem","position":2,"name":"INEA y CONAFE reconocen compromiso de JM Carreras a favor de la educaci\u00f3n"}]},{"@type":"WebSite","@id":"https:\/\/canal7slp.tv\/2019\/#website","url":"https:\/\/canal7slp.tv\/2019\/","name":"Canal 7 SLP - Somos TV","description":"Somos un Canal de 10","publisher":{"@id":"https:\/\/canal7slp.tv\/2019\/#organization"},"potentialAction":[{"@type":"SearchAction","target":{"@type":"EntryPoint","urlTemplate":"https:\/\/canal7slp.tv\/2019\/?s={search_term_string}"},"query-input":{"@type":"PropertyValueSpecification","valueRequired":true,"valueName":"search_term_string"}}],"inLanguage":"es"},{"@type":"Organization","@id":"https:\/\/canal7slp.tv\/2019\/#organization","name":"Comunicaci\u00f3n 2000 S.A. de C.V.","url":"https:\/\/canal7slp.tv\/2019\/","logo":{"@type":"ImageObject","inLanguage":"es","@id":"https:\/\/canal7slp.tv\/2019\/#\/schema\/logo\/image\/","url":"https:\/\/canal7slp.tv\/2019\/wp-content\/uploads\/2019\/07\/logo-c7.png","contentUrl":"https:\/\/canal7slp.tv\/2019\/wp-content\/uploads\/2019\/07\/logo-c7.png","width":220,"height":60,"caption":"Comunicaci\u00f3n 2000 S.A. de C.V."},"image":{"@id":"https:\/\/canal7slp.tv\/2019\/#\/schema\/logo\/image\/"},"sameAs":["https:\/\/www.facebook.com\/CANAL7SLP\/","https:\/\/x.com\/canal7_slp","https:\/\/www.instagram.com\/canal7_slp","https:\/\/www.youtube.com\/user\/NOTICIEROSCANAL7SLP\/"]},{"@type":"Person","@id":"https:\/\/canal7slp.tv\/2019\/#\/schema\/person\/11d941c1c6ca30ac0a46b95fa37aa2e3","name":"edicionweb","image":{"@type":"ImageObject","inLanguage":"es","@id":"https:\/\/secure.gravatar.com\/avatar\/eee448fc3f7164808013b816ba91ac7e43bbe82a70bebac296f8bc6f0addaa1a?s=96&d=mm&r=g","url":"https:\/\/secure.gravatar.com\/avatar\/eee448fc3f7164808013b816ba91ac7e43bbe82a70bebac296f8bc6f0addaa1a?s=96&d=mm&r=g","contentUrl":"https:\/\/secure.gravatar.com\/avatar\/eee448fc3f7164808013b816ba91ac7e43bbe82a70bebac296f8bc6f0addaa1a?s=96&d=mm&r=g","caption":"edicionweb"}}]}},"amp_enabled":true,"cmb2":{"video_ids_in_playlist":{"vid_p_videos":""},"video_ids_in_channel":{"vid_c_videos":""},"playlist_ids_in_channel":{"vid_c_playlists":""},"series_ids_in_channel":{"vid_c_series":""},"channel_images":{"vid_c_logo":"","vid_c_banner":""},"poster_feature_image":{"vid_m_poster_image":""},"gif_feature_image":{"vid_m_gif_image":""},"video_movie_settings":{"vid_m_director":"","vid_m_actor":"","vid_m_imdb_ratings":"","vid_m_amazon_associates":""},"vid_youtube_broadcasts_settings":{"vid_yb_broadcast_title":"","vid_yb_q":"","vid_yb_channelid":"","vid_yb_videocategoryid":"","vid_yb_maxresults":"","vid_yb_order":"","vid_yb_regioncode":"","vid_yb_videosyndicated":"","vid_yb_style":"","vid_yb_reload_first":""},"video_series_settings":{"vid_m_director":"","vid_m_actor":"","vid_m_imdb_ratings":"","video_series_group":""},"amazon_associates_settings":{"amazon_associates":"","amazon_native_ad":""},"vid_youtube_automatic_settings":{"vid_ya_youtube_source":"","vid_ya_update_every":"","vid_ya_update_unit":"","vid_ya_categories":"","vid_ya_published_after":"","vid_ya_published_before":"","vid_ya_playlists":"","vid_ya_channels":"","vid_ya_director":"","vid_ya_actor":"","vid_ya_author":"","vid_ya_import_post_date":"","vid_ya_status":"","vid_ya_sub_api_key":""},"vid_ads_m_videoads_settings_post":{"vid_ads_m_video_ads":"","vid_ads_m_video_ads_type":"","vid_ads_m_group_google_ima":"","vid_ads_m_group_image":"","vid_ads_m_group_html5_video":"","vid_ads_m_group_html":"","vid_ads_m_vast_preroll":"","vid_ads_m_vast_postroll":"","vid_ads_m_vast_pauseroll":"","vid_ads_m_vast_midroll":[{"vid_ads_m_vast_timer_seconds":"50"}],"vid_ads_m_time_to_show_ads":"","vid_ads_m_time_skip_ads":"","vid_ads_m_time_to_hide_ads":""},"page_slider_settings":{"display_slider_group":"","page_slider_group":""},"blog_page_settings":{"blog_page_title":"","blog_page_heading":"","blog_page_ic":"","blog_page_it":"","blog_page_ec":"","blog_page_ip":"","archive_loop_style":"","blog_image_ratio":"","blog_show_categories":"","blog_show_excerpt":"","blog_show_author":"","blog_show_date":"","blog_show_comment_count":"","blog_show_view_count":"","blog_show_like_count":"","blog_show_dislike_count":"","blog_items_per_page":"","blog_pag_type":""},"page_options":{"get_page_template":"","color_mode":"","main_layout":"","main_layout_full_with":"","main_logo":"","main_logo_retina":"","main_logo_mobile":"","main_logo_mobile_retina":"","sticky_logo":"","sticky_logo_retina":"","main_nav_layout":"","ajax_search":"","header_background":"","theme_sidebar":"","instagram_feed":"","instagram_feed_position":"","popular_videos":"","popular_videos_title_1":"","popular_videos_title_2":"","popular_videos_ic":"","popular_videos_it":"","theme_background":"","page_custom_css":""},"feature_image_settings":{"feature_image_position":""},"video_player_settings":{"single_video_style":"","video_player_position":"","vm_video_url":"","video_player_library":"","video_streaming":"","vm_media_sources":"","vid_auto_play":"","vm_video_shortcode":"","vid_p_sync_playlist":"","vid_c_sync_channel":"","get_post_format":"","multiple_links_structure":"default","multi_links_title":"","vm_video_multi_links":"","vm_duration":"","vid_social_locker":"off","vid_social_locker_id":"","vid_membership_action":"content-video","vm_video_trailer_url":"","vid_download_type":"free","vid_download_target":"download","vid_woo_product":"","vm_media_download":"","user_rating":"","user_rating_position":"","user_rating_mode":"","user_rating_multi_sets":""},"video_auto_fetch_settings":{"vm_video_fetch":"on"},"video_fake_views_likes":{"vm_fake_views":"","vm_fake_likes":"","vm_fake_dislikes":""},"gallery_settings":{"gallery_position":""},"quote_settings":{"quote_position":""},"post_options":{"main_layout":"","main_logo":"","main_logo_retina":"","main_logo_mobile":"","main_logo_mobile_retina":"","sticky_logo":"","sticky_logo_retina":"","main_nav_layout":"","header_background":"","theme_sidebar":"","single_post_comment_type":"","theme_background":""}},"_links":{"self":[{"href":"https:\/\/canal7slp.tv\/2019\/wp-json\/wp\/v2\/posts\/81955","targetHints":{"allow":["GET"]}}],"collection":[{"href":"https:\/\/canal7slp.tv\/2019\/wp-json\/wp\/v2\/posts"}],"about":[{"href":"https:\/\/canal7slp.tv\/2019\/wp-json\/wp\/v2\/types\/post"}],"author":[{"embeddable":true,"href":"https:\/\/canal7slp.tv\/2019\/wp-json\/wp\/v2\/users\/2"}],"replies":[{"embeddable":true,"href":"https:\/\/canal7slp.tv\/2019\/wp-json\/wp\/v2\/comments?post=81955"}],"version-history":[{"count":0,"href":"https:\/\/canal7slp.tv\/2019\/wp-json\/wp\/v2\/posts\/81955\/revisions"}],"wp:featuredmedia":[{"embeddable":true,"href":"https:\/\/canal7slp.tv\/2019\/wp-json\/wp\/v2\/media\/81956"}],"wp:attachment":[{"href":"https:\/\/canal7slp.tv\/2019\/wp-json\/wp\/v2\/media?parent=81955"}],"wp:term":[{"taxonomy":"category","embeddable":true,"href":"https:\/\/canal7slp.tv\/2019\/wp-json\/wp\/v2\/categories?post=81955"},{"taxonomy":"post_tag","embeddable":true,"href":"https:\/\/canal7slp.tv\/2019\/wp-json\/wp\/v2\/tags?post=81955"}],"curies":[{"name":"wp","href":"https:\/\/api.w.org\/{rel}","templated":true}]}}