{"id":81943,"date":"2019-11-14T19:11:47","date_gmt":"2019-11-15T01:11:47","guid":{"rendered":"https:\/\/canal7slp.tv\/2019\/?p=81943"},"modified":"2019-11-14T19:11:47","modified_gmt":"2019-11-15T01:11:47","slug":"el-apoyo-a-la-agricultura-familiar-incluira-a-157-familias-de-la-zona-media-dif-estatal","status":"publish","type":"post","link":"https:\/\/canal7slp.tv\/2019\/el-apoyo-a-la-agricultura-familiar-incluira-a-157-familias-de-la-zona-media-dif-estatal\/","title":{"rendered":"El apoyo a la agricultura familiar incluir\u00e1 a 157 familias de la Zona Media: DIF Estatal"},"content":{"rendered":"<p style=\"text-align: justify\">SLP.- Durante la Segunda Reuni\u00f3n sobre el Proyecto para el Mecanismo de Compras Directas a Productoras y Productores en Peque\u00f1o, que implementan el Sistema Estatal para el Desarrollo Integral de la Familia (DIF), la Secretar\u00eda de Desarrollo Agropecuario y Recursos Hidr\u00e1ulicos (Sedarh) y la Oficina de la FAO en M\u00e9xico, se dio a conocer que ya se identificaron 157 productoras y productores de la zona media, quienes se beneficiar\u00e1n con la comercializaci\u00f3n de sus productos, a trav\u00e9s del programa de Apoyo a la Agricultura Familiar.<\/p>\n<p style=\"text-align: justify\">\nEn la sesi\u00f3n de trabajo, encabezada por Lorena Valle Rodr\u00edguez, Presidenta de la Junta Directiva del DIF Estatal, se cont\u00f3 con la presencia de Lina Pohl Alfaro, representante de la FAO en M\u00e9xico; Alejandro Manuel Cambeses Ballina, titular de Sedarh; y Cecilia de los \u00c1ngeles Gonz\u00e1lez Gordoa, Directora de DIF Estatal.<\/p>\n<p style=\"text-align: justify\">\nA lo largo de la reuni\u00f3n se presentaron los avances logrados en los trabajos que se han realizado desde mayo pasado, para implementar estas acciones que permitan a productoras y productores de los Municipios de Ciudad del Ma\u00edz, Ray\u00f3n y Santa Catarina, comercializar hortalizas y huevo.<\/p>\n<p style=\"text-align: justify\">\nEn su intervenci\u00f3n, Lorena Valle Rodr\u00edguez, asever\u00f3 que este tipo de programas si producen cambios, ya que les dan una forma de sustento a las familias. Asimismo, subray\u00f3 que en su mayor\u00eda las beneficiadas son mujeres, lo que adem\u00e1s les ha permitido revalorarse, porque tienen la oportunidad de ser productivas.<\/p>\n<p style=\"text-align: justify\">\nManifest\u00f3 su confianza de que se lograr\u00e1n importantes beneficios para m\u00e1s familias y enfatiz\u00f3 que en toda oportunidad, promueve el programa con las autoridades de los Ayuntamientos y los DIF\u00b4s Municipales, ya que es fundamental que se involucren para la compra de la producci\u00f3n excedente.<\/p>\n<p style=\"text-align: justify\">\nCabe recordar que luego del \u00e9xito \u200b\u200b\u200bdel programa de compras institucionales a productoras y productores en peque\u00f1o en otras regiones de la entidad, el DIF Estatal, Sedarh y la FAO en M\u00e9xico, conformaron un Comit\u00e9 Directivo para implementar este programa en esos tres Municipios de la zona media.<\/p>\n<p style=\"text-align: justify\">\nA trav\u00e9s de esta estrategia, adem\u00e1s de brindar asesor\u00eda y acompa\u00f1amiento en la producci\u00f3n y la preparaci\u00f3n de sus productos de venta, se realizan las gestiones con los Municipios, con la finalidad de que los Ayuntamientos decidan comprar las hortalizas y el huevo a productoras y productores en peque\u00f1o.<\/p>\n<p style=\"text-align: justify\">\nEs importante recordar que la Estrategia Estatal de Compras P\u00fablicas a la Agricultura Familiar, actualmente se lleva a cabo en 22 municipios del Estado, en donde se benefician 364 familias productoras. Asimismo, cabe resaltar que estas acciones se han ganado el reconocimiento de la FAO, quien reconoci\u00f3 a San Luis Potos\u00ed como referente nacional en apoyo a productoras y productores agr\u00edcolas en peque\u00f1o.<\/p>\n","protected":false},"excerpt":{"rendered":"<p>SLP.- Durante la Segunda Reuni\u00f3n sobre el Proyecto para el Mecanismo de Compras Directas a Productoras y Productores en Peque\u00f1o, que implementan el Sistema Estatal para el Desarrollo Integral de la Familia (DIF), la Secretar\u00eda de Desarrollo Agropecuario y Recursos Hidr\u00e1ulicos (Sedarh) y la Oficina de la FAO en M\u00e9xico, se dio a conocer que [&hellip;]<\/p>\n","protected":false},"author":2,"featured_media":81944,"comment_status":"open","ping_status":"open","sticky":false,"template":"","format":"standard","meta":{"footnotes":""},"categories":[17],"tags":[],"class_list":["post-81943","post","type-post","status-publish","format-standard","has-post-thumbnail","hentry","category-localesyregionales"],"yoast_head":"<!-- This site is optimized with the Yoast SEO plugin v27.5 - https:\/\/yoast.com\/product\/yoast-seo-wordpress\/ -->\n<title>El apoyo a la agricultura familiar incluir\u00e1 a 157 familias de la Zona Media: DIF Estatal - Canal 7 SLP - 2019<\/title>\n<meta name=\"robots\" content=\"index, follow, max-snippet:-1, max-image-preview:large, max-video-preview:-1\" \/>\n<link rel=\"canonical\" href=\"https:\/\/canal7slp.tv\/2019\/el-apoyo-a-la-agricultura-familiar-incluira-a-157-familias-de-la-zona-media-dif-estatal\/\" \/>\n<meta property=\"og:locale\" content=\"es_ES\" \/>\n<meta property=\"og:type\" content=\"article\" \/>\n<meta property=\"og:title\" content=\"El apoyo a la agricultura familiar incluir\u00e1 a 157 familias de la Zona Media: DIF Estatal - Canal 7 SLP - 2019\" \/>\n<meta property=\"og:description\" content=\"SLP.- Durante la Segunda Reuni\u00f3n sobre el Proyecto para el Mecanismo de Compras Directas a Productoras y Productores en Peque\u00f1o, que implementan el Sistema Estatal para el Desarrollo Integral de la Familia (DIF), la Secretar\u00eda de Desarrollo Agropecuario y Recursos Hidr\u00e1ulicos (Sedarh) y la Oficina de la FAO en M\u00e9xico, se dio a conocer que [&hellip;]\" \/>\n<meta property=\"og:url\" content=\"https:\/\/canal7slp.tv\/2019\/el-apoyo-a-la-agricultura-familiar-incluira-a-157-familias-de-la-zona-media-dif-estatal\/\" \/>\n<meta property=\"og:site_name\" content=\"Canal 7 SLP - 2019\" \/>\n<meta property=\"article:publisher\" content=\"https:\/\/www.facebook.com\/CANAL7SLP\/\" \/>\n<meta property=\"article:published_time\" content=\"2019-11-15T01:11:47+00:00\" \/>\n<meta property=\"og:image\" content=\"https:\/\/canal7slp.tv\/2019\/wp-content\/uploads\/2019\/11\/1915.jpg\" \/>\n\t<meta property=\"og:image:width\" content=\"773\" \/>\n\t<meta property=\"og:image:height\" content=\"500\" \/>\n\t<meta property=\"og:image:type\" content=\"image\/jpeg\" \/>\n<meta name=\"author\" content=\"edicionweb\" \/>\n<meta name=\"twitter:card\" content=\"summary_large_image\" \/>\n<meta name=\"twitter:creator\" content=\"@canal7_slp\" \/>\n<meta name=\"twitter:site\" content=\"@canal7_slp\" \/>\n<meta name=\"twitter:label1\" content=\"Escrito por\" \/>\n\t<meta name=\"twitter:data1\" content=\"edicionweb\" \/>\n\t<meta name=\"twitter:label2\" content=\"Tiempo de lectura\" \/>\n\t<meta name=\"twitter:data2\" content=\"2 minutos\" \/>\n<script type=\"application\/ld+json\" class=\"yoast-schema-graph\">{\"@context\":\"https:\\\/\\\/schema.org\",\"@graph\":[{\"@type\":\"Article\",\"@id\":\"https:\\\/\\\/canal7slp.tv\\\/2019\\\/el-apoyo-a-la-agricultura-familiar-incluira-a-157-familias-de-la-zona-media-dif-estatal\\\/#article\",\"isPartOf\":{\"@id\":\"https:\\\/\\\/canal7slp.tv\\\/2019\\\/el-apoyo-a-la-agricultura-familiar-incluira-a-157-familias-de-la-zona-media-dif-estatal\\\/\"},\"author\":{\"name\":\"edicionweb\",\"@id\":\"https:\\\/\\\/canal7slp.tv\\\/2019\\\/#\\\/schema\\\/person\\\/11d941c1c6ca30ac0a46b95fa37aa2e3\"},\"headline\":\"El apoyo a la agricultura familiar incluir\u00e1 a 157 familias de la Zona Media: DIF Estatal\",\"datePublished\":\"2019-11-15T01:11:47+00:00\",\"mainEntityOfPage\":{\"@id\":\"https:\\\/\\\/canal7slp.tv\\\/2019\\\/el-apoyo-a-la-agricultura-familiar-incluira-a-157-familias-de-la-zona-media-dif-estatal\\\/\"},\"wordCount\":485,\"commentCount\":0,\"publisher\":{\"@id\":\"https:\\\/\\\/canal7slp.tv\\\/2019\\\/#organization\"},\"image\":{\"@id\":\"https:\\\/\\\/canal7slp.tv\\\/2019\\\/el-apoyo-a-la-agricultura-familiar-incluira-a-157-familias-de-la-zona-media-dif-estatal\\\/#primaryimage\"},\"thumbnailUrl\":\"https:\\\/\\\/canal7slp.tv\\\/2019\\\/wp-content\\\/uploads\\\/2019\\\/11\\\/1915.jpg\",\"articleSection\":[\"LOCALES Y REGIONALES\"],\"inLanguage\":\"es\",\"potentialAction\":[{\"@type\":\"CommentAction\",\"name\":\"Comment\",\"target\":[\"https:\\\/\\\/canal7slp.tv\\\/2019\\\/el-apoyo-a-la-agricultura-familiar-incluira-a-157-familias-de-la-zona-media-dif-estatal\\\/#respond\"]}]},{\"@type\":\"WebPage\",\"@id\":\"https:\\\/\\\/canal7slp.tv\\\/2019\\\/el-apoyo-a-la-agricultura-familiar-incluira-a-157-familias-de-la-zona-media-dif-estatal\\\/\",\"url\":\"https:\\\/\\\/canal7slp.tv\\\/2019\\\/el-apoyo-a-la-agricultura-familiar-incluira-a-157-familias-de-la-zona-media-dif-estatal\\\/\",\"name\":\"El apoyo a la agricultura familiar incluir\u00e1 a 157 familias de la Zona Media: DIF Estatal - Canal 7 SLP - 2019\",\"isPartOf\":{\"@id\":\"https:\\\/\\\/canal7slp.tv\\\/2019\\\/#website\"},\"primaryImageOfPage\":{\"@id\":\"https:\\\/\\\/canal7slp.tv\\\/2019\\\/el-apoyo-a-la-agricultura-familiar-incluira-a-157-familias-de-la-zona-media-dif-estatal\\\/#primaryimage\"},\"image\":{\"@id\":\"https:\\\/\\\/canal7slp.tv\\\/2019\\\/el-apoyo-a-la-agricultura-familiar-incluira-a-157-familias-de-la-zona-media-dif-estatal\\\/#primaryimage\"},\"thumbnailUrl\":\"https:\\\/\\\/canal7slp.tv\\\/2019\\\/wp-content\\\/uploads\\\/2019\\\/11\\\/1915.jpg\",\"datePublished\":\"2019-11-15T01:11:47+00:00\",\"breadcrumb\":{\"@id\":\"https:\\\/\\\/canal7slp.tv\\\/2019\\\/el-apoyo-a-la-agricultura-familiar-incluira-a-157-familias-de-la-zona-media-dif-estatal\\\/#breadcrumb\"},\"inLanguage\":\"es\",\"potentialAction\":[{\"@type\":\"ReadAction\",\"target\":[\"https:\\\/\\\/canal7slp.tv\\\/2019\\\/el-apoyo-a-la-agricultura-familiar-incluira-a-157-familias-de-la-zona-media-dif-estatal\\\/\"]}]},{\"@type\":\"ImageObject\",\"inLanguage\":\"es\",\"@id\":\"https:\\\/\\\/canal7slp.tv\\\/2019\\\/el-apoyo-a-la-agricultura-familiar-incluira-a-157-familias-de-la-zona-media-dif-estatal\\\/#primaryimage\",\"url\":\"https:\\\/\\\/canal7slp.tv\\\/2019\\\/wp-content\\\/uploads\\\/2019\\\/11\\\/1915.jpg\",\"contentUrl\":\"https:\\\/\\\/canal7slp.tv\\\/2019\\\/wp-content\\\/uploads\\\/2019\\\/11\\\/1915.jpg\",\"width\":773,\"height\":500},{\"@type\":\"BreadcrumbList\",\"@id\":\"https:\\\/\\\/canal7slp.tv\\\/2019\\\/el-apoyo-a-la-agricultura-familiar-incluira-a-157-familias-de-la-zona-media-dif-estatal\\\/#breadcrumb\",\"itemListElement\":[{\"@type\":\"ListItem\",\"position\":1,\"name\":\"Home\",\"item\":\"https:\\\/\\\/canal7slp.tv\\\/2019\\\/\"},{\"@type\":\"ListItem\",\"position\":2,\"name\":\"El apoyo a la agricultura familiar incluir\u00e1 a 157 familias de la Zona Media: DIF Estatal\"}]},{\"@type\":\"WebSite\",\"@id\":\"https:\\\/\\\/canal7slp.tv\\\/2019\\\/#website\",\"url\":\"https:\\\/\\\/canal7slp.tv\\\/2019\\\/\",\"name\":\"Canal 7 SLP - Somos TV\",\"description\":\"Somos un Canal de 10\",\"publisher\":{\"@id\":\"https:\\\/\\\/canal7slp.tv\\\/2019\\\/#organization\"},\"potentialAction\":[{\"@type\":\"SearchAction\",\"target\":{\"@type\":\"EntryPoint\",\"urlTemplate\":\"https:\\\/\\\/canal7slp.tv\\\/2019\\\/?s={search_term_string}\"},\"query-input\":{\"@type\":\"PropertyValueSpecification\",\"valueRequired\":true,\"valueName\":\"search_term_string\"}}],\"inLanguage\":\"es\"},{\"@type\":\"Organization\",\"@id\":\"https:\\\/\\\/canal7slp.tv\\\/2019\\\/#organization\",\"name\":\"Comunicaci\u00f3n 2000 S.A. de C.V.\",\"url\":\"https:\\\/\\\/canal7slp.tv\\\/2019\\\/\",\"logo\":{\"@type\":\"ImageObject\",\"inLanguage\":\"es\",\"@id\":\"https:\\\/\\\/canal7slp.tv\\\/2019\\\/#\\\/schema\\\/logo\\\/image\\\/\",\"url\":\"https:\\\/\\\/canal7slp.tv\\\/2019\\\/wp-content\\\/uploads\\\/2019\\\/07\\\/logo-c7.png\",\"contentUrl\":\"https:\\\/\\\/canal7slp.tv\\\/2019\\\/wp-content\\\/uploads\\\/2019\\\/07\\\/logo-c7.png\",\"width\":220,\"height\":60,\"caption\":\"Comunicaci\u00f3n 2000 S.A. de C.V.\"},\"image\":{\"@id\":\"https:\\\/\\\/canal7slp.tv\\\/2019\\\/#\\\/schema\\\/logo\\\/image\\\/\"},\"sameAs\":[\"https:\\\/\\\/www.facebook.com\\\/CANAL7SLP\\\/\",\"https:\\\/\\\/x.com\\\/canal7_slp\",\"https:\\\/\\\/www.instagram.com\\\/canal7_slp\",\"https:\\\/\\\/www.youtube.com\\\/user\\\/NOTICIEROSCANAL7SLP\\\/\"]},{\"@type\":\"Person\",\"@id\":\"https:\\\/\\\/canal7slp.tv\\\/2019\\\/#\\\/schema\\\/person\\\/11d941c1c6ca30ac0a46b95fa37aa2e3\",\"name\":\"edicionweb\",\"image\":{\"@type\":\"ImageObject\",\"inLanguage\":\"es\",\"@id\":\"https:\\\/\\\/secure.gravatar.com\\\/avatar\\\/eee448fc3f7164808013b816ba91ac7e43bbe82a70bebac296f8bc6f0addaa1a?s=96&d=mm&r=g\",\"url\":\"https:\\\/\\\/secure.gravatar.com\\\/avatar\\\/eee448fc3f7164808013b816ba91ac7e43bbe82a70bebac296f8bc6f0addaa1a?s=96&d=mm&r=g\",\"contentUrl\":\"https:\\\/\\\/secure.gravatar.com\\\/avatar\\\/eee448fc3f7164808013b816ba91ac7e43bbe82a70bebac296f8bc6f0addaa1a?s=96&d=mm&r=g\",\"caption\":\"edicionweb\"}}]}<\/script>\n<!-- \/ Yoast SEO plugin. -->","yoast_head_json":{"title":"El apoyo a la agricultura familiar incluir\u00e1 a 157 familias de la Zona Media: DIF Estatal - Canal 7 SLP - 2019","robots":{"index":"index","follow":"follow","max-snippet":"max-snippet:-1","max-image-preview":"max-image-preview:large","max-video-preview":"max-video-preview:-1"},"canonical":"https:\/\/canal7slp.tv\/2019\/el-apoyo-a-la-agricultura-familiar-incluira-a-157-familias-de-la-zona-media-dif-estatal\/","og_locale":"es_ES","og_type":"article","og_title":"El apoyo a la agricultura familiar incluir\u00e1 a 157 familias de la Zona Media: DIF Estatal - Canal 7 SLP - 2019","og_description":"SLP.- Durante la Segunda Reuni\u00f3n sobre el Proyecto para el Mecanismo de Compras Directas a Productoras y Productores en Peque\u00f1o, que implementan el Sistema Estatal para el Desarrollo Integral de la Familia (DIF), la Secretar\u00eda de Desarrollo Agropecuario y Recursos Hidr\u00e1ulicos (Sedarh) y la Oficina de la FAO en M\u00e9xico, se dio a conocer que [&hellip;]","og_url":"https:\/\/canal7slp.tv\/2019\/el-apoyo-a-la-agricultura-familiar-incluira-a-157-familias-de-la-zona-media-dif-estatal\/","og_site_name":"Canal 7 SLP - 2019","article_publisher":"https:\/\/www.facebook.com\/CANAL7SLP\/","article_published_time":"2019-11-15T01:11:47+00:00","og_image":[{"width":773,"height":500,"url":"https:\/\/canal7slp.tv\/2019\/wp-content\/uploads\/2019\/11\/1915.jpg","type":"image\/jpeg"}],"author":"edicionweb","twitter_card":"summary_large_image","twitter_creator":"@canal7_slp","twitter_site":"@canal7_slp","twitter_misc":{"Escrito por":"edicionweb","Tiempo de lectura":"2 minutos"},"schema":{"@context":"https:\/\/schema.org","@graph":[{"@type":"Article","@id":"https:\/\/canal7slp.tv\/2019\/el-apoyo-a-la-agricultura-familiar-incluira-a-157-familias-de-la-zona-media-dif-estatal\/#article","isPartOf":{"@id":"https:\/\/canal7slp.tv\/2019\/el-apoyo-a-la-agricultura-familiar-incluira-a-157-familias-de-la-zona-media-dif-estatal\/"},"author":{"name":"edicionweb","@id":"https:\/\/canal7slp.tv\/2019\/#\/schema\/person\/11d941c1c6ca30ac0a46b95fa37aa2e3"},"headline":"El apoyo a la agricultura familiar incluir\u00e1 a 157 familias de la Zona Media: DIF Estatal","datePublished":"2019-11-15T01:11:47+00:00","mainEntityOfPage":{"@id":"https:\/\/canal7slp.tv\/2019\/el-apoyo-a-la-agricultura-familiar-incluira-a-157-familias-de-la-zona-media-dif-estatal\/"},"wordCount":485,"commentCount":0,"publisher":{"@id":"https:\/\/canal7slp.tv\/2019\/#organization"},"image":{"@id":"https:\/\/canal7slp.tv\/2019\/el-apoyo-a-la-agricultura-familiar-incluira-a-157-familias-de-la-zona-media-dif-estatal\/#primaryimage"},"thumbnailUrl":"https:\/\/canal7slp.tv\/2019\/wp-content\/uploads\/2019\/11\/1915.jpg","articleSection":["LOCALES Y REGIONALES"],"inLanguage":"es","potentialAction":[{"@type":"CommentAction","name":"Comment","target":["https:\/\/canal7slp.tv\/2019\/el-apoyo-a-la-agricultura-familiar-incluira-a-157-familias-de-la-zona-media-dif-estatal\/#respond"]}]},{"@type":"WebPage","@id":"https:\/\/canal7slp.tv\/2019\/el-apoyo-a-la-agricultura-familiar-incluira-a-157-familias-de-la-zona-media-dif-estatal\/","url":"https:\/\/canal7slp.tv\/2019\/el-apoyo-a-la-agricultura-familiar-incluira-a-157-familias-de-la-zona-media-dif-estatal\/","name":"El apoyo a la agricultura familiar incluir\u00e1 a 157 familias de la Zona Media: DIF Estatal - Canal 7 SLP - 2019","isPartOf":{"@id":"https:\/\/canal7slp.tv\/2019\/#website"},"primaryImageOfPage":{"@id":"https:\/\/canal7slp.tv\/2019\/el-apoyo-a-la-agricultura-familiar-incluira-a-157-familias-de-la-zona-media-dif-estatal\/#primaryimage"},"image":{"@id":"https:\/\/canal7slp.tv\/2019\/el-apoyo-a-la-agricultura-familiar-incluira-a-157-familias-de-la-zona-media-dif-estatal\/#primaryimage"},"thumbnailUrl":"https:\/\/canal7slp.tv\/2019\/wp-content\/uploads\/2019\/11\/1915.jpg","datePublished":"2019-11-15T01:11:47+00:00","breadcrumb":{"@id":"https:\/\/canal7slp.tv\/2019\/el-apoyo-a-la-agricultura-familiar-incluira-a-157-familias-de-la-zona-media-dif-estatal\/#breadcrumb"},"inLanguage":"es","potentialAction":[{"@type":"ReadAction","target":["https:\/\/canal7slp.tv\/2019\/el-apoyo-a-la-agricultura-familiar-incluira-a-157-familias-de-la-zona-media-dif-estatal\/"]}]},{"@type":"ImageObject","inLanguage":"es","@id":"https:\/\/canal7slp.tv\/2019\/el-apoyo-a-la-agricultura-familiar-incluira-a-157-familias-de-la-zona-media-dif-estatal\/#primaryimage","url":"https:\/\/canal7slp.tv\/2019\/wp-content\/uploads\/2019\/11\/1915.jpg","contentUrl":"https:\/\/canal7slp.tv\/2019\/wp-content\/uploads\/2019\/11\/1915.jpg","width":773,"height":500},{"@type":"BreadcrumbList","@id":"https:\/\/canal7slp.tv\/2019\/el-apoyo-a-la-agricultura-familiar-incluira-a-157-familias-de-la-zona-media-dif-estatal\/#breadcrumb","itemListElement":[{"@type":"ListItem","position":1,"name":"Home","item":"https:\/\/canal7slp.tv\/2019\/"},{"@type":"ListItem","position":2,"name":"El apoyo a la agricultura familiar incluir\u00e1 a 157 familias de la Zona Media: DIF Estatal"}]},{"@type":"WebSite","@id":"https:\/\/canal7slp.tv\/2019\/#website","url":"https:\/\/canal7slp.tv\/2019\/","name":"Canal 7 SLP - Somos TV","description":"Somos un Canal de 10","publisher":{"@id":"https:\/\/canal7slp.tv\/2019\/#organization"},"potentialAction":[{"@type":"SearchAction","target":{"@type":"EntryPoint","urlTemplate":"https:\/\/canal7slp.tv\/2019\/?s={search_term_string}"},"query-input":{"@type":"PropertyValueSpecification","valueRequired":true,"valueName":"search_term_string"}}],"inLanguage":"es"},{"@type":"Organization","@id":"https:\/\/canal7slp.tv\/2019\/#organization","name":"Comunicaci\u00f3n 2000 S.A. de C.V.","url":"https:\/\/canal7slp.tv\/2019\/","logo":{"@type":"ImageObject","inLanguage":"es","@id":"https:\/\/canal7slp.tv\/2019\/#\/schema\/logo\/image\/","url":"https:\/\/canal7slp.tv\/2019\/wp-content\/uploads\/2019\/07\/logo-c7.png","contentUrl":"https:\/\/canal7slp.tv\/2019\/wp-content\/uploads\/2019\/07\/logo-c7.png","width":220,"height":60,"caption":"Comunicaci\u00f3n 2000 S.A. de C.V."},"image":{"@id":"https:\/\/canal7slp.tv\/2019\/#\/schema\/logo\/image\/"},"sameAs":["https:\/\/www.facebook.com\/CANAL7SLP\/","https:\/\/x.com\/canal7_slp","https:\/\/www.instagram.com\/canal7_slp","https:\/\/www.youtube.com\/user\/NOTICIEROSCANAL7SLP\/"]},{"@type":"Person","@id":"https:\/\/canal7slp.tv\/2019\/#\/schema\/person\/11d941c1c6ca30ac0a46b95fa37aa2e3","name":"edicionweb","image":{"@type":"ImageObject","inLanguage":"es","@id":"https:\/\/secure.gravatar.com\/avatar\/eee448fc3f7164808013b816ba91ac7e43bbe82a70bebac296f8bc6f0addaa1a?s=96&d=mm&r=g","url":"https:\/\/secure.gravatar.com\/avatar\/eee448fc3f7164808013b816ba91ac7e43bbe82a70bebac296f8bc6f0addaa1a?s=96&d=mm&r=g","contentUrl":"https:\/\/secure.gravatar.com\/avatar\/eee448fc3f7164808013b816ba91ac7e43bbe82a70bebac296f8bc6f0addaa1a?s=96&d=mm&r=g","caption":"edicionweb"}}]}},"amp_enabled":true,"cmb2":{"video_ids_in_playlist":{"vid_p_videos":""},"video_ids_in_channel":{"vid_c_videos":""},"playlist_ids_in_channel":{"vid_c_playlists":""},"series_ids_in_channel":{"vid_c_series":""},"channel_images":{"vid_c_logo":"","vid_c_banner":""},"poster_feature_image":{"vid_m_poster_image":""},"gif_feature_image":{"vid_m_gif_image":""},"video_movie_settings":{"vid_m_director":"","vid_m_actor":"","vid_m_imdb_ratings":"","vid_m_amazon_associates":""},"vid_youtube_broadcasts_settings":{"vid_yb_broadcast_title":"","vid_yb_q":"","vid_yb_channelid":"","vid_yb_videocategoryid":"","vid_yb_maxresults":"","vid_yb_order":"","vid_yb_regioncode":"","vid_yb_videosyndicated":"","vid_yb_style":"","vid_yb_reload_first":""},"video_series_settings":{"vid_m_director":"","vid_m_actor":"","vid_m_imdb_ratings":"","video_series_group":""},"amazon_associates_settings":{"amazon_associates":"","amazon_native_ad":""},"vid_youtube_automatic_settings":{"vid_ya_youtube_source":"","vid_ya_update_every":"","vid_ya_update_unit":"","vid_ya_categories":"","vid_ya_published_after":"","vid_ya_published_before":"","vid_ya_playlists":"","vid_ya_channels":"","vid_ya_director":"","vid_ya_actor":"","vid_ya_author":"","vid_ya_import_post_date":"","vid_ya_status":"","vid_ya_sub_api_key":""},"vid_ads_m_videoads_settings_post":{"vid_ads_m_video_ads":"","vid_ads_m_video_ads_type":"","vid_ads_m_group_google_ima":"","vid_ads_m_group_image":"","vid_ads_m_group_html5_video":"","vid_ads_m_group_html":"","vid_ads_m_vast_preroll":"","vid_ads_m_vast_postroll":"","vid_ads_m_vast_pauseroll":"","vid_ads_m_vast_midroll":[{"vid_ads_m_vast_timer_seconds":"50"}],"vid_ads_m_time_to_show_ads":"","vid_ads_m_time_skip_ads":"","vid_ads_m_time_to_hide_ads":""},"page_slider_settings":{"display_slider_group":"","page_slider_group":""},"blog_page_settings":{"blog_page_title":"","blog_page_heading":"","blog_page_ic":"","blog_page_it":"","blog_page_ec":"","blog_page_ip":"","archive_loop_style":"","blog_image_ratio":"","blog_show_categories":"","blog_show_excerpt":"","blog_show_author":"","blog_show_date":"","blog_show_comment_count":"","blog_show_view_count":"","blog_show_like_count":"","blog_show_dislike_count":"","blog_items_per_page":"","blog_pag_type":""},"page_options":{"get_page_template":"","color_mode":"","main_layout":"","main_layout_full_with":"","main_logo":"","main_logo_retina":"","main_logo_mobile":"","main_logo_mobile_retina":"","sticky_logo":"","sticky_logo_retina":"","main_nav_layout":"","ajax_search":"","header_background":"","theme_sidebar":"","instagram_feed":"","instagram_feed_position":"","popular_videos":"","popular_videos_title_1":"","popular_videos_title_2":"","popular_videos_ic":"","popular_videos_it":"","theme_background":"","page_custom_css":""},"feature_image_settings":{"feature_image_position":""},"video_player_settings":{"single_video_style":"","video_player_position":"","vm_video_url":"","video_player_library":"","video_streaming":"","vm_media_sources":"","vid_auto_play":"","vm_video_shortcode":"","vid_p_sync_playlist":"","vid_c_sync_channel":"","get_post_format":"","multiple_links_structure":"default","multi_links_title":"","vm_video_multi_links":"","vm_duration":"","vid_social_locker":"off","vid_social_locker_id":"","vid_membership_action":"content-video","vm_video_trailer_url":"","vid_download_type":"free","vid_download_target":"download","vid_woo_product":"","vm_media_download":"","user_rating":"","user_rating_position":"","user_rating_mode":"","user_rating_multi_sets":""},"video_auto_fetch_settings":{"vm_video_fetch":"on"},"video_fake_views_likes":{"vm_fake_views":"","vm_fake_likes":"","vm_fake_dislikes":""},"gallery_settings":{"gallery_position":""},"quote_settings":{"quote_position":""},"post_options":{"main_layout":"","main_logo":"","main_logo_retina":"","main_logo_mobile":"","main_logo_mobile_retina":"","sticky_logo":"","sticky_logo_retina":"","main_nav_layout":"","header_background":"","theme_sidebar":"","single_post_comment_type":"","theme_background":""}},"_links":{"self":[{"href":"https:\/\/canal7slp.tv\/2019\/wp-json\/wp\/v2\/posts\/81943","targetHints":{"allow":["GET"]}}],"collection":[{"href":"https:\/\/canal7slp.tv\/2019\/wp-json\/wp\/v2\/posts"}],"about":[{"href":"https:\/\/canal7slp.tv\/2019\/wp-json\/wp\/v2\/types\/post"}],"author":[{"embeddable":true,"href":"https:\/\/canal7slp.tv\/2019\/wp-json\/wp\/v2\/users\/2"}],"replies":[{"embeddable":true,"href":"https:\/\/canal7slp.tv\/2019\/wp-json\/wp\/v2\/comments?post=81943"}],"version-history":[{"count":0,"href":"https:\/\/canal7slp.tv\/2019\/wp-json\/wp\/v2\/posts\/81943\/revisions"}],"wp:featuredmedia":[{"embeddable":true,"href":"https:\/\/canal7slp.tv\/2019\/wp-json\/wp\/v2\/media\/81944"}],"wp:attachment":[{"href":"https:\/\/canal7slp.tv\/2019\/wp-json\/wp\/v2\/media?parent=81943"}],"wp:term":[{"taxonomy":"category","embeddable":true,"href":"https:\/\/canal7slp.tv\/2019\/wp-json\/wp\/v2\/categories?post=81943"},{"taxonomy":"post_tag","embeddable":true,"href":"https:\/\/canal7slp.tv\/2019\/wp-json\/wp\/v2\/tags?post=81943"}],"curies":[{"name":"wp","href":"https:\/\/api.w.org\/{rel}","templated":true}]}}