{"id":81936,"date":"2019-11-14T18:56:13","date_gmt":"2019-11-15T00:56:13","guid":{"rendered":"https:\/\/canal7slp.tv\/2019\/?p=81936"},"modified":"2019-11-14T18:59:13","modified_gmt":"2019-11-15T00:59:13","slug":"presidente-de-la-jucopo-pide-escarbar-en-cuenta-publica-2018-del-ayuntamiento","status":"publish","type":"post","link":"https:\/\/canal7slp.tv\/2019\/presidente-de-la-jucopo-pide-escarbar-en-cuenta-publica-2018-del-ayuntamiento\/","title":{"rendered":"Presidente de la JUCOPO pide \u201cescarbar\u201d en Cuenta P\u00fablica 2018 del Ayuntamiento."},"content":{"rendered":"<p style=\"text-align: justify\">SLP.- El coordinador de la fracci\u00f3n parlamentaria del Partido Acci\u00f3n Nacional PAN en el Congreso del Estado, diputado Rolando Hervert Lara, pidi\u00f3 a la Auditoria Superior del Estado (ASE), que se haga una ampliaci\u00f3n de la muestra de la auditor\u00eda practicada a la cuenta p\u00fablica del Ayuntamiento de la Capital Potosina correspondiente al ejercicio fiscal 2018.<\/p>\n<p style=\"text-align: justify\">Al hacer uso de la tribuna del pleno del poder Legislativo, el diputado Rolando Hervert Lara, afirm\u00f3 que \u201cen la cuenta p\u00fablica del ejercicio fiscal 2018 del ayuntamiento capitalino, hay contundentes indicios de que estamos ante el mal uso de recursos p\u00fablicos como nunca se hab\u00eda visto\u201d.<\/p>\n<p style=\"text-align: justify\">Por ello, \u201cdesde esta tribuna le exijo al Gobernador del Estado, al Fiscal General del Estado y al Poder Judicial, que den una muestra de que se quiere cambiar la historia de San Luis Potos\u00ed, porque de seguir con este tipo de tendencias y de funcionarios corruptos que est\u00e1n en la calle, vamos a seguir padeciendo y sufriendo un estado que ocupa el sexto lugar en pobreza, pero con personas que se han hecho millonarias en 10 a\u00f1os por el mal uso de los recursos p\u00fablicos y todos lo sabemos pero no hacemos nada\u201d.<\/p>\n<p style=\"text-align: justify\">Precis\u00f3 \u201cel monto observado al ejercicio 2018 del municipio de San Luis Potos\u00ed, fue del orden de 248.2 millones de pesos, equivalente 28.01 por ciento del monto revisado, y equivalente al 27.64 por ciento del monto observado en todo el estado\u201d.<\/p>\n<p style=\"text-align: justify\">Por ello, \u201ctomando en cuenta el importe de las observaciones, es que al hacer una proyecci\u00f3n de las mismas y de llevar a cabo una revisi\u00f3n del total de recursos, la posibilidad del esc\u00e1ndalo se elevar\u00eda aproximadamente a 864 millones de pesos\u201d.<\/p>\n<p style=\"text-align: justify\">\u201cAnte estas cifras, que le solicito a la Auditor\u00eda Superior del Estado que se haga una ampliaci\u00f3n de la muestra de la auditor\u00eda practicada al Ayuntamiento de la Capital. Es el momento, de actuar en consecuencia porque la ciudadan\u00eda lo que quiere, son resultados\u201d.<\/p>\n<p>Por: Jos\u00e9 Luis Juarez<\/p>\n","protected":false},"excerpt":{"rendered":"<p>SLP.- El coordinador de la fracci\u00f3n parlamentaria del Partido Acci\u00f3n Nacional PAN en el Congreso del Estado, diputado Rolando Hervert Lara, pidi\u00f3 a la Auditoria Superior del Estado (ASE), que se haga una ampliaci\u00f3n de la muestra de la auditor\u00eda practicada a la cuenta p\u00fablica del Ayuntamiento de la Capital Potosina correspondiente al ejercicio fiscal [&hellip;]<\/p>\n","protected":false},"author":2,"featured_media":81940,"comment_status":"open","ping_status":"open","sticky":false,"template":"","format":"video","meta":{"footnotes":""},"categories":[108,17],"tags":[],"class_list":["post-81936","post","type-post","status-publish","format-video","has-post-thumbnail","hentry","category-destacadas","category-localesyregionales","post_format-post-format-video"],"yoast_head":"<!-- This site is optimized with the Yoast SEO plugin v27.5 - https:\/\/yoast.com\/product\/yoast-seo-wordpress\/ -->\n<title>Presidente de la JUCOPO pide \u201cescarbar\u201d en Cuenta P\u00fablica 2018 del Ayuntamiento. - Canal 7 SLP - 2019<\/title>\n<meta name=\"robots\" content=\"index, follow, max-snippet:-1, max-image-preview:large, max-video-preview:-1\" \/>\n<link rel=\"canonical\" href=\"https:\/\/canal7slp.tv\/2019\/presidente-de-la-jucopo-pide-escarbar-en-cuenta-publica-2018-del-ayuntamiento\/\" \/>\n<meta property=\"og:locale\" content=\"es_ES\" \/>\n<meta property=\"og:type\" content=\"article\" \/>\n<meta property=\"og:title\" content=\"Presidente de la JUCOPO pide \u201cescarbar\u201d en Cuenta P\u00fablica 2018 del Ayuntamiento. - Canal 7 SLP - 2019\" \/>\n<meta property=\"og:description\" content=\"SLP.- El coordinador de la fracci\u00f3n parlamentaria del Partido Acci\u00f3n Nacional PAN en el Congreso del Estado, diputado Rolando Hervert Lara, pidi\u00f3 a la Auditoria Superior del Estado (ASE), que se haga una ampliaci\u00f3n de la muestra de la auditor\u00eda practicada a la cuenta p\u00fablica del Ayuntamiento de la Capital Potosina correspondiente al ejercicio fiscal [&hellip;]\" \/>\n<meta property=\"og:url\" content=\"https:\/\/canal7slp.tv\/2019\/presidente-de-la-jucopo-pide-escarbar-en-cuenta-publica-2018-del-ayuntamiento\/\" \/>\n<meta property=\"og:site_name\" content=\"Canal 7 SLP - 2019\" \/>\n<meta property=\"article:publisher\" content=\"https:\/\/www.facebook.com\/CANAL7SLP\/\" \/>\n<meta property=\"article:published_time\" content=\"2019-11-15T00:56:13+00:00\" \/>\n<meta property=\"article:modified_time\" content=\"2019-11-15T00:59:13+00:00\" \/>\n<meta property=\"og:image\" content=\"https:\/\/canal7slp.tv\/2019\/wp-content\/uploads\/2019\/11\/rolandohervert.png\" \/>\n\t<meta property=\"og:image:width\" content=\"750\" \/>\n\t<meta property=\"og:image:height\" content=\"421\" \/>\n\t<meta property=\"og:image:type\" content=\"image\/png\" \/>\n<meta name=\"author\" content=\"edicionweb\" \/>\n<meta name=\"twitter:card\" content=\"summary_large_image\" \/>\n<meta name=\"twitter:creator\" content=\"@canal7_slp\" \/>\n<meta name=\"twitter:site\" content=\"@canal7_slp\" \/>\n<meta name=\"twitter:label1\" content=\"Escrito por\" \/>\n\t<meta name=\"twitter:data1\" content=\"edicionweb\" \/>\n\t<meta name=\"twitter:label2\" content=\"Tiempo de lectura\" \/>\n\t<meta name=\"twitter:data2\" content=\"2 minutos\" \/>\n<script type=\"application\/ld+json\" class=\"yoast-schema-graph\">{\"@context\":\"https:\\\/\\\/schema.org\",\"@graph\":[{\"@type\":\"Article\",\"@id\":\"https:\\\/\\\/canal7slp.tv\\\/2019\\\/presidente-de-la-jucopo-pide-escarbar-en-cuenta-publica-2018-del-ayuntamiento\\\/#article\",\"isPartOf\":{\"@id\":\"https:\\\/\\\/canal7slp.tv\\\/2019\\\/presidente-de-la-jucopo-pide-escarbar-en-cuenta-publica-2018-del-ayuntamiento\\\/\"},\"author\":{\"name\":\"edicionweb\",\"@id\":\"https:\\\/\\\/canal7slp.tv\\\/2019\\\/#\\\/schema\\\/person\\\/11d941c1c6ca30ac0a46b95fa37aa2e3\"},\"headline\":\"Presidente de la JUCOPO pide \u201cescarbar\u201d en Cuenta P\u00fablica 2018 del Ayuntamiento.\",\"datePublished\":\"2019-11-15T00:56:13+00:00\",\"dateModified\":\"2019-11-15T00:59:13+00:00\",\"mainEntityOfPage\":{\"@id\":\"https:\\\/\\\/canal7slp.tv\\\/2019\\\/presidente-de-la-jucopo-pide-escarbar-en-cuenta-publica-2018-del-ayuntamiento\\\/\"},\"wordCount\":352,\"commentCount\":0,\"publisher\":{\"@id\":\"https:\\\/\\\/canal7slp.tv\\\/2019\\\/#organization\"},\"image\":{\"@id\":\"https:\\\/\\\/canal7slp.tv\\\/2019\\\/presidente-de-la-jucopo-pide-escarbar-en-cuenta-publica-2018-del-ayuntamiento\\\/#primaryimage\"},\"thumbnailUrl\":\"https:\\\/\\\/canal7slp.tv\\\/2019\\\/wp-content\\\/uploads\\\/2019\\\/11\\\/rolandohervert.png\",\"articleSection\":[\"DESTACADAS\",\"LOCALES Y REGIONALES\"],\"inLanguage\":\"es\",\"potentialAction\":[{\"@type\":\"CommentAction\",\"name\":\"Comment\",\"target\":[\"https:\\\/\\\/canal7slp.tv\\\/2019\\\/presidente-de-la-jucopo-pide-escarbar-en-cuenta-publica-2018-del-ayuntamiento\\\/#respond\"]}]},{\"@type\":\"WebPage\",\"@id\":\"https:\\\/\\\/canal7slp.tv\\\/2019\\\/presidente-de-la-jucopo-pide-escarbar-en-cuenta-publica-2018-del-ayuntamiento\\\/\",\"url\":\"https:\\\/\\\/canal7slp.tv\\\/2019\\\/presidente-de-la-jucopo-pide-escarbar-en-cuenta-publica-2018-del-ayuntamiento\\\/\",\"name\":\"Presidente de la JUCOPO pide \u201cescarbar\u201d en Cuenta P\u00fablica 2018 del Ayuntamiento. - Canal 7 SLP - 2019\",\"isPartOf\":{\"@id\":\"https:\\\/\\\/canal7slp.tv\\\/2019\\\/#website\"},\"primaryImageOfPage\":{\"@id\":\"https:\\\/\\\/canal7slp.tv\\\/2019\\\/presidente-de-la-jucopo-pide-escarbar-en-cuenta-publica-2018-del-ayuntamiento\\\/#primaryimage\"},\"image\":{\"@id\":\"https:\\\/\\\/canal7slp.tv\\\/2019\\\/presidente-de-la-jucopo-pide-escarbar-en-cuenta-publica-2018-del-ayuntamiento\\\/#primaryimage\"},\"thumbnailUrl\":\"https:\\\/\\\/canal7slp.tv\\\/2019\\\/wp-content\\\/uploads\\\/2019\\\/11\\\/rolandohervert.png\",\"datePublished\":\"2019-11-15T00:56:13+00:00\",\"dateModified\":\"2019-11-15T00:59:13+00:00\",\"breadcrumb\":{\"@id\":\"https:\\\/\\\/canal7slp.tv\\\/2019\\\/presidente-de-la-jucopo-pide-escarbar-en-cuenta-publica-2018-del-ayuntamiento\\\/#breadcrumb\"},\"inLanguage\":\"es\",\"potentialAction\":[{\"@type\":\"ReadAction\",\"target\":[\"https:\\\/\\\/canal7slp.tv\\\/2019\\\/presidente-de-la-jucopo-pide-escarbar-en-cuenta-publica-2018-del-ayuntamiento\\\/\"]}]},{\"@type\":\"ImageObject\",\"inLanguage\":\"es\",\"@id\":\"https:\\\/\\\/canal7slp.tv\\\/2019\\\/presidente-de-la-jucopo-pide-escarbar-en-cuenta-publica-2018-del-ayuntamiento\\\/#primaryimage\",\"url\":\"https:\\\/\\\/canal7slp.tv\\\/2019\\\/wp-content\\\/uploads\\\/2019\\\/11\\\/rolandohervert.png\",\"contentUrl\":\"https:\\\/\\\/canal7slp.tv\\\/2019\\\/wp-content\\\/uploads\\\/2019\\\/11\\\/rolandohervert.png\",\"width\":750,\"height\":421},{\"@type\":\"BreadcrumbList\",\"@id\":\"https:\\\/\\\/canal7slp.tv\\\/2019\\\/presidente-de-la-jucopo-pide-escarbar-en-cuenta-publica-2018-del-ayuntamiento\\\/#breadcrumb\",\"itemListElement\":[{\"@type\":\"ListItem\",\"position\":1,\"name\":\"Home\",\"item\":\"https:\\\/\\\/canal7slp.tv\\\/2019\\\/\"},{\"@type\":\"ListItem\",\"position\":2,\"name\":\"Presidente de la JUCOPO pide \u201cescarbar\u201d en Cuenta P\u00fablica 2018 del Ayuntamiento.\"}]},{\"@type\":\"WebSite\",\"@id\":\"https:\\\/\\\/canal7slp.tv\\\/2019\\\/#website\",\"url\":\"https:\\\/\\\/canal7slp.tv\\\/2019\\\/\",\"name\":\"Canal 7 SLP - Somos TV\",\"description\":\"Somos un Canal de 10\",\"publisher\":{\"@id\":\"https:\\\/\\\/canal7slp.tv\\\/2019\\\/#organization\"},\"potentialAction\":[{\"@type\":\"SearchAction\",\"target\":{\"@type\":\"EntryPoint\",\"urlTemplate\":\"https:\\\/\\\/canal7slp.tv\\\/2019\\\/?s={search_term_string}\"},\"query-input\":{\"@type\":\"PropertyValueSpecification\",\"valueRequired\":true,\"valueName\":\"search_term_string\"}}],\"inLanguage\":\"es\"},{\"@type\":\"Organization\",\"@id\":\"https:\\\/\\\/canal7slp.tv\\\/2019\\\/#organization\",\"name\":\"Comunicaci\u00f3n 2000 S.A. de C.V.\",\"url\":\"https:\\\/\\\/canal7slp.tv\\\/2019\\\/\",\"logo\":{\"@type\":\"ImageObject\",\"inLanguage\":\"es\",\"@id\":\"https:\\\/\\\/canal7slp.tv\\\/2019\\\/#\\\/schema\\\/logo\\\/image\\\/\",\"url\":\"https:\\\/\\\/canal7slp.tv\\\/2019\\\/wp-content\\\/uploads\\\/2019\\\/07\\\/logo-c7.png\",\"contentUrl\":\"https:\\\/\\\/canal7slp.tv\\\/2019\\\/wp-content\\\/uploads\\\/2019\\\/07\\\/logo-c7.png\",\"width\":220,\"height\":60,\"caption\":\"Comunicaci\u00f3n 2000 S.A. de C.V.\"},\"image\":{\"@id\":\"https:\\\/\\\/canal7slp.tv\\\/2019\\\/#\\\/schema\\\/logo\\\/image\\\/\"},\"sameAs\":[\"https:\\\/\\\/www.facebook.com\\\/CANAL7SLP\\\/\",\"https:\\\/\\\/x.com\\\/canal7_slp\",\"https:\\\/\\\/www.instagram.com\\\/canal7_slp\",\"https:\\\/\\\/www.youtube.com\\\/user\\\/NOTICIEROSCANAL7SLP\\\/\"]},{\"@type\":\"Person\",\"@id\":\"https:\\\/\\\/canal7slp.tv\\\/2019\\\/#\\\/schema\\\/person\\\/11d941c1c6ca30ac0a46b95fa37aa2e3\",\"name\":\"edicionweb\",\"image\":{\"@type\":\"ImageObject\",\"inLanguage\":\"es\",\"@id\":\"https:\\\/\\\/secure.gravatar.com\\\/avatar\\\/eee448fc3f7164808013b816ba91ac7e43bbe82a70bebac296f8bc6f0addaa1a?s=96&d=mm&r=g\",\"url\":\"https:\\\/\\\/secure.gravatar.com\\\/avatar\\\/eee448fc3f7164808013b816ba91ac7e43bbe82a70bebac296f8bc6f0addaa1a?s=96&d=mm&r=g\",\"contentUrl\":\"https:\\\/\\\/secure.gravatar.com\\\/avatar\\\/eee448fc3f7164808013b816ba91ac7e43bbe82a70bebac296f8bc6f0addaa1a?s=96&d=mm&r=g\",\"caption\":\"edicionweb\"}}]}<\/script>\n<!-- \/ Yoast SEO plugin. -->","yoast_head_json":{"title":"Presidente de la JUCOPO pide \u201cescarbar\u201d en Cuenta P\u00fablica 2018 del Ayuntamiento. - Canal 7 SLP - 2019","robots":{"index":"index","follow":"follow","max-snippet":"max-snippet:-1","max-image-preview":"max-image-preview:large","max-video-preview":"max-video-preview:-1"},"canonical":"https:\/\/canal7slp.tv\/2019\/presidente-de-la-jucopo-pide-escarbar-en-cuenta-publica-2018-del-ayuntamiento\/","og_locale":"es_ES","og_type":"article","og_title":"Presidente de la JUCOPO pide \u201cescarbar\u201d en Cuenta P\u00fablica 2018 del Ayuntamiento. - Canal 7 SLP - 2019","og_description":"SLP.- El coordinador de la fracci\u00f3n parlamentaria del Partido Acci\u00f3n Nacional PAN en el Congreso del Estado, diputado Rolando Hervert Lara, pidi\u00f3 a la Auditoria Superior del Estado (ASE), que se haga una ampliaci\u00f3n de la muestra de la auditor\u00eda practicada a la cuenta p\u00fablica del Ayuntamiento de la Capital Potosina correspondiente al ejercicio fiscal [&hellip;]","og_url":"https:\/\/canal7slp.tv\/2019\/presidente-de-la-jucopo-pide-escarbar-en-cuenta-publica-2018-del-ayuntamiento\/","og_site_name":"Canal 7 SLP - 2019","article_publisher":"https:\/\/www.facebook.com\/CANAL7SLP\/","article_published_time":"2019-11-15T00:56:13+00:00","article_modified_time":"2019-11-15T00:59:13+00:00","og_image":[{"width":750,"height":421,"url":"https:\/\/canal7slp.tv\/2019\/wp-content\/uploads\/2019\/11\/rolandohervert.png","type":"image\/png"}],"author":"edicionweb","twitter_card":"summary_large_image","twitter_creator":"@canal7_slp","twitter_site":"@canal7_slp","twitter_misc":{"Escrito por":"edicionweb","Tiempo de lectura":"2 minutos"},"schema":{"@context":"https:\/\/schema.org","@graph":[{"@type":"Article","@id":"https:\/\/canal7slp.tv\/2019\/presidente-de-la-jucopo-pide-escarbar-en-cuenta-publica-2018-del-ayuntamiento\/#article","isPartOf":{"@id":"https:\/\/canal7slp.tv\/2019\/presidente-de-la-jucopo-pide-escarbar-en-cuenta-publica-2018-del-ayuntamiento\/"},"author":{"name":"edicionweb","@id":"https:\/\/canal7slp.tv\/2019\/#\/schema\/person\/11d941c1c6ca30ac0a46b95fa37aa2e3"},"headline":"Presidente de la JUCOPO pide \u201cescarbar\u201d en Cuenta P\u00fablica 2018 del Ayuntamiento.","datePublished":"2019-11-15T00:56:13+00:00","dateModified":"2019-11-15T00:59:13+00:00","mainEntityOfPage":{"@id":"https:\/\/canal7slp.tv\/2019\/presidente-de-la-jucopo-pide-escarbar-en-cuenta-publica-2018-del-ayuntamiento\/"},"wordCount":352,"commentCount":0,"publisher":{"@id":"https:\/\/canal7slp.tv\/2019\/#organization"},"image":{"@id":"https:\/\/canal7slp.tv\/2019\/presidente-de-la-jucopo-pide-escarbar-en-cuenta-publica-2018-del-ayuntamiento\/#primaryimage"},"thumbnailUrl":"https:\/\/canal7slp.tv\/2019\/wp-content\/uploads\/2019\/11\/rolandohervert.png","articleSection":["DESTACADAS","LOCALES Y REGIONALES"],"inLanguage":"es","potentialAction":[{"@type":"CommentAction","name":"Comment","target":["https:\/\/canal7slp.tv\/2019\/presidente-de-la-jucopo-pide-escarbar-en-cuenta-publica-2018-del-ayuntamiento\/#respond"]}]},{"@type":"WebPage","@id":"https:\/\/canal7slp.tv\/2019\/presidente-de-la-jucopo-pide-escarbar-en-cuenta-publica-2018-del-ayuntamiento\/","url":"https:\/\/canal7slp.tv\/2019\/presidente-de-la-jucopo-pide-escarbar-en-cuenta-publica-2018-del-ayuntamiento\/","name":"Presidente de la JUCOPO pide \u201cescarbar\u201d en Cuenta P\u00fablica 2018 del Ayuntamiento. - Canal 7 SLP - 2019","isPartOf":{"@id":"https:\/\/canal7slp.tv\/2019\/#website"},"primaryImageOfPage":{"@id":"https:\/\/canal7slp.tv\/2019\/presidente-de-la-jucopo-pide-escarbar-en-cuenta-publica-2018-del-ayuntamiento\/#primaryimage"},"image":{"@id":"https:\/\/canal7slp.tv\/2019\/presidente-de-la-jucopo-pide-escarbar-en-cuenta-publica-2018-del-ayuntamiento\/#primaryimage"},"thumbnailUrl":"https:\/\/canal7slp.tv\/2019\/wp-content\/uploads\/2019\/11\/rolandohervert.png","datePublished":"2019-11-15T00:56:13+00:00","dateModified":"2019-11-15T00:59:13+00:00","breadcrumb":{"@id":"https:\/\/canal7slp.tv\/2019\/presidente-de-la-jucopo-pide-escarbar-en-cuenta-publica-2018-del-ayuntamiento\/#breadcrumb"},"inLanguage":"es","potentialAction":[{"@type":"ReadAction","target":["https:\/\/canal7slp.tv\/2019\/presidente-de-la-jucopo-pide-escarbar-en-cuenta-publica-2018-del-ayuntamiento\/"]}]},{"@type":"ImageObject","inLanguage":"es","@id":"https:\/\/canal7slp.tv\/2019\/presidente-de-la-jucopo-pide-escarbar-en-cuenta-publica-2018-del-ayuntamiento\/#primaryimage","url":"https:\/\/canal7slp.tv\/2019\/wp-content\/uploads\/2019\/11\/rolandohervert.png","contentUrl":"https:\/\/canal7slp.tv\/2019\/wp-content\/uploads\/2019\/11\/rolandohervert.png","width":750,"height":421},{"@type":"BreadcrumbList","@id":"https:\/\/canal7slp.tv\/2019\/presidente-de-la-jucopo-pide-escarbar-en-cuenta-publica-2018-del-ayuntamiento\/#breadcrumb","itemListElement":[{"@type":"ListItem","position":1,"name":"Home","item":"https:\/\/canal7slp.tv\/2019\/"},{"@type":"ListItem","position":2,"name":"Presidente de la JUCOPO pide \u201cescarbar\u201d en Cuenta P\u00fablica 2018 del Ayuntamiento."}]},{"@type":"WebSite","@id":"https:\/\/canal7slp.tv\/2019\/#website","url":"https:\/\/canal7slp.tv\/2019\/","name":"Canal 7 SLP - Somos TV","description":"Somos un Canal de 10","publisher":{"@id":"https:\/\/canal7slp.tv\/2019\/#organization"},"potentialAction":[{"@type":"SearchAction","target":{"@type":"EntryPoint","urlTemplate":"https:\/\/canal7slp.tv\/2019\/?s={search_term_string}"},"query-input":{"@type":"PropertyValueSpecification","valueRequired":true,"valueName":"search_term_string"}}],"inLanguage":"es"},{"@type":"Organization","@id":"https:\/\/canal7slp.tv\/2019\/#organization","name":"Comunicaci\u00f3n 2000 S.A. de C.V.","url":"https:\/\/canal7slp.tv\/2019\/","logo":{"@type":"ImageObject","inLanguage":"es","@id":"https:\/\/canal7slp.tv\/2019\/#\/schema\/logo\/image\/","url":"https:\/\/canal7slp.tv\/2019\/wp-content\/uploads\/2019\/07\/logo-c7.png","contentUrl":"https:\/\/canal7slp.tv\/2019\/wp-content\/uploads\/2019\/07\/logo-c7.png","width":220,"height":60,"caption":"Comunicaci\u00f3n 2000 S.A. de C.V."},"image":{"@id":"https:\/\/canal7slp.tv\/2019\/#\/schema\/logo\/image\/"},"sameAs":["https:\/\/www.facebook.com\/CANAL7SLP\/","https:\/\/x.com\/canal7_slp","https:\/\/www.instagram.com\/canal7_slp","https:\/\/www.youtube.com\/user\/NOTICIEROSCANAL7SLP\/"]},{"@type":"Person","@id":"https:\/\/canal7slp.tv\/2019\/#\/schema\/person\/11d941c1c6ca30ac0a46b95fa37aa2e3","name":"edicionweb","image":{"@type":"ImageObject","inLanguage":"es","@id":"https:\/\/secure.gravatar.com\/avatar\/eee448fc3f7164808013b816ba91ac7e43bbe82a70bebac296f8bc6f0addaa1a?s=96&d=mm&r=g","url":"https:\/\/secure.gravatar.com\/avatar\/eee448fc3f7164808013b816ba91ac7e43bbe82a70bebac296f8bc6f0addaa1a?s=96&d=mm&r=g","contentUrl":"https:\/\/secure.gravatar.com\/avatar\/eee448fc3f7164808013b816ba91ac7e43bbe82a70bebac296f8bc6f0addaa1a?s=96&d=mm&r=g","caption":"edicionweb"}}]}},"amp_enabled":true,"cmb2":{"video_ids_in_playlist":{"vid_p_videos":""},"video_ids_in_channel":{"vid_c_videos":""},"playlist_ids_in_channel":{"vid_c_playlists":""},"series_ids_in_channel":{"vid_c_series":""},"channel_images":{"vid_c_logo":"","vid_c_banner":""},"poster_feature_image":{"vid_m_poster_image":""},"gif_feature_image":{"vid_m_gif_image":""},"video_movie_settings":{"vid_m_director":"","vid_m_actor":"","vid_m_imdb_ratings":"","vid_m_amazon_associates":""},"vid_youtube_broadcasts_settings":{"vid_yb_broadcast_title":"","vid_yb_q":"","vid_yb_channelid":"","vid_yb_videocategoryid":"","vid_yb_maxresults":"","vid_yb_order":"","vid_yb_regioncode":"","vid_yb_videosyndicated":"","vid_yb_style":"","vid_yb_reload_first":""},"video_series_settings":{"vid_m_director":"","vid_m_actor":"","vid_m_imdb_ratings":"","video_series_group":""},"amazon_associates_settings":{"amazon_associates":"","amazon_native_ad":""},"vid_youtube_automatic_settings":{"vid_ya_youtube_source":"","vid_ya_update_every":"","vid_ya_update_unit":"","vid_ya_categories":"","vid_ya_published_after":"","vid_ya_published_before":"","vid_ya_playlists":"","vid_ya_channels":"","vid_ya_director":"","vid_ya_actor":"","vid_ya_author":"","vid_ya_import_post_date":"","vid_ya_status":"","vid_ya_sub_api_key":""},"vid_ads_m_videoads_settings_post":{"vid_ads_m_video_ads":"","vid_ads_m_video_ads_type":"","vid_ads_m_group_google_ima":"","vid_ads_m_group_image":"","vid_ads_m_group_html5_video":"","vid_ads_m_group_html":"","vid_ads_m_vast_preroll":"","vid_ads_m_vast_postroll":"","vid_ads_m_vast_pauseroll":"","vid_ads_m_vast_midroll":[{"vid_ads_m_vast_timer_seconds":"50"}],"vid_ads_m_time_to_show_ads":"","vid_ads_m_time_skip_ads":"","vid_ads_m_time_to_hide_ads":""},"page_slider_settings":{"display_slider_group":"","page_slider_group":""},"blog_page_settings":{"blog_page_title":"","blog_page_heading":"","blog_page_ic":"","blog_page_it":"","blog_page_ec":"","blog_page_ip":"","archive_loop_style":"","blog_image_ratio":"","blog_show_categories":"","blog_show_excerpt":"","blog_show_author":"","blog_show_date":"","blog_show_comment_count":"","blog_show_view_count":"","blog_show_like_count":"","blog_show_dislike_count":"","blog_items_per_page":"","blog_pag_type":""},"page_options":{"get_page_template":"","color_mode":"","main_layout":"","main_layout_full_with":"","main_logo":"","main_logo_retina":"","main_logo_mobile":"","main_logo_mobile_retina":"","sticky_logo":"","sticky_logo_retina":"","main_nav_layout":"","ajax_search":"","header_background":"","theme_sidebar":"","instagram_feed":"","instagram_feed_position":"","popular_videos":"","popular_videos_title_1":"","popular_videos_title_2":"","popular_videos_ic":"","popular_videos_it":"","theme_background":"","page_custom_css":""},"feature_image_settings":{"feature_image_position":""},"video_player_settings":{"single_video_style":"","video_player_position":"","vm_video_url":"https:\/\/youtu.be\/3p0Dofd-76s","video_player_library":"","video_streaming":"","vm_media_sources":"","vid_auto_play":"","vm_video_shortcode":"","vid_p_sync_playlist":"","vid_c_sync_channel":"","get_post_format":"","multiple_links_structure":"default","multi_links_title":"","vm_video_multi_links":"","vm_duration":"","vid_social_locker":"off","vid_social_locker_id":"","vid_membership_action":"content-video","vm_video_trailer_url":"","vid_download_type":"free","vid_download_target":"download","vid_woo_product":"","vm_media_download":"","user_rating":"","user_rating_position":"","user_rating_mode":"","user_rating_multi_sets":""},"video_auto_fetch_settings":{"vm_video_fetch":"off"},"video_fake_views_likes":{"vm_fake_views":"","vm_fake_likes":"","vm_fake_dislikes":""},"gallery_settings":{"gallery_position":""},"quote_settings":{"quote_position":""},"post_options":{"main_layout":"","main_logo":"","main_logo_retina":"","main_logo_mobile":"","main_logo_mobile_retina":"","sticky_logo":"","sticky_logo_retina":"","main_nav_layout":"","header_background":"","theme_sidebar":"","single_post_comment_type":"","theme_background":""}},"_links":{"self":[{"href":"https:\/\/canal7slp.tv\/2019\/wp-json\/wp\/v2\/posts\/81936","targetHints":{"allow":["GET"]}}],"collection":[{"href":"https:\/\/canal7slp.tv\/2019\/wp-json\/wp\/v2\/posts"}],"about":[{"href":"https:\/\/canal7slp.tv\/2019\/wp-json\/wp\/v2\/types\/post"}],"author":[{"embeddable":true,"href":"https:\/\/canal7slp.tv\/2019\/wp-json\/wp\/v2\/users\/2"}],"replies":[{"embeddable":true,"href":"https:\/\/canal7slp.tv\/2019\/wp-json\/wp\/v2\/comments?post=81936"}],"version-history":[{"count":0,"href":"https:\/\/canal7slp.tv\/2019\/wp-json\/wp\/v2\/posts\/81936\/revisions"}],"wp:featuredmedia":[{"embeddable":true,"href":"https:\/\/canal7slp.tv\/2019\/wp-json\/wp\/v2\/media\/81940"}],"wp:attachment":[{"href":"https:\/\/canal7slp.tv\/2019\/wp-json\/wp\/v2\/media?parent=81936"}],"wp:term":[{"taxonomy":"category","embeddable":true,"href":"https:\/\/canal7slp.tv\/2019\/wp-json\/wp\/v2\/categories?post=81936"},{"taxonomy":"post_tag","embeddable":true,"href":"https:\/\/canal7slp.tv\/2019\/wp-json\/wp\/v2\/tags?post=81936"}],"curies":[{"name":"wp","href":"https:\/\/api.w.org\/{rel}","templated":true}]}}