{"id":81732,"date":"2019-11-14T07:58:18","date_gmt":"2019-11-14T13:58:18","guid":{"rendered":"https:\/\/canal7slp.tv\/2019\/?p=81732"},"modified":"2019-11-14T07:58:18","modified_gmt":"2019-11-14T13:58:18","slug":"migracion-otorga-visa-humanitaria-a-evo-morales","status":"publish","type":"post","link":"https:\/\/canal7slp.tv\/2019\/migracion-otorga-visa-humanitaria-a-evo-morales\/","title":{"rendered":"Migraci\u00f3n otorga visa humanitaria a Evo Morales"},"content":{"rendered":"<ul>\n<li style=\"text-align: justify\">Olga S\u00e1nchez Cordero destaca que la seguridad del ex presidente est\u00e1 en manos de la canciller\u00eda y otras instancias correspondientes<\/li>\n<\/ul>\n<p style=\"text-align: justify\">Bolivia.- El Instituto Nacional de Migraci\u00f3n otorg\u00f3 ya la visa por razones humanitarias al ex presidente de Bolivia Evo Morales, as\u00ed como al ex vicepresidente \u00c1lvaro Garc\u00eda Linera y a la ex ministra de Salud, Gabriela Monta\u00f1o, inform\u00f3 la secretaria de Gobernaci\u00f3n, Olga S\u00e1nchez Cordero.<\/p>\n<p style=\"text-align: justify\">En entrevista previa al arranque del taller &#8220;Experiencias, avances, retos y obst\u00e1culos para la solicitud de la Alerta de Violencia de G\u00e9nero contra las Mujeres&#8221;, dijo que Morales Ayma decidir\u00e1 m\u00e1s adelante si se acoge o no a la condici\u00f3n de refugio en el pa\u00eds.<\/p>\n<p style=\"text-align: justify\">Sobre la seguridad que el Gobierno de M\u00e9xico brindar\u00e1 al ex mandatario, quien renunci\u00f3 a su cargo ante las acusaciones de un presunto fraude electoral en las elecciones del 20 de octubre en su pa\u00eds, S\u00e1nchez Cordero destac\u00f3 que la seguridad de Morales Ayma est\u00e1 en manos de la canciller\u00eda y otras instancias correspondientes.<\/p>\n<p style=\"text-align: justify\">&#8220;Por lo pronto, en el \u00e1mbito de nuestras responsabilidades, la Secretar\u00eda de Gobernaci\u00f3n, a trav\u00e9s del Instituto Nacional de Migraci\u00f3n, ya le otorg\u00f3 una visa humanitaria como lo hemos estado haciendo con algunos migrantes&#8221;.<\/p>\n<p style=\"text-align: justify\">&#8220;\u00c9l (Evo Morales) ya tiene una visa humanitaria, lo que le da la calidad de estar legalmente en nuestro pa\u00eds&#8221;, abund\u00f3 S\u00e1nchez Cordero, quien tambi\u00e9n fue interrogada sobre el enfrentamiento en el Senado que ocasion\u00f3 la toma de protesta de Rosario Piedra Ibarra como titular de la Comisi\u00f3n Nacional de los Derechos Humanos (CNDH).<\/p>\n<p style=\"text-align: justify\">La responsable de la pol\u00edtica interna del pa\u00eds coment\u00f3 que se mantiene &#8220;al tanto&#8221; de la situaci\u00f3n, al recordar que el Senado de la Rep\u00fablica es un poder independiente a la Secretar\u00eda de Gobernaci\u00f3n, y que de ninguna manera se quiere entrometer. &#8220;S\u00f3lo estoy, digamos como ustedes, viendo lo que sucede en la C\u00e1mara de Senadores&#8221;.<\/p>\n<p style=\"text-align: justify\">De tal suerte que la se\u00f1ora Rosario Piedra Ibarra, &#8220;hasta donde estuve informada y lo vi, rindi\u00f3 protesta. Yo creo que si ya tom\u00f3 protesta, los que quieran hacer uso de su derecho a alg\u00fan tipo de impugnaci\u00f3n&#8221;, podr\u00e1n hacerlo.<\/p>\n<p style=\"text-align: justify\">Ello, dado que &#8220;todos tenemos en M\u00e9xico derecho a impugnar y a recurrir a los recursos que nos otorgan las leyes. Adem\u00e1s, se deber\u00e1 evaluar su trabajo, dado que se trata de una activista que lleva muchos a\u00f1os. Entonces yo no quiero prejuzgar, pero por lo pronto la se\u00f1ora tom\u00f3 protesta&#8221;.<\/p>\n","protected":false},"excerpt":{"rendered":"<p>Olga S\u00e1nchez Cordero destaca que la seguridad del ex presidente est\u00e1 en manos de la canciller\u00eda y otras instancias correspondientes Bolivia.- El Instituto Nacional de Migraci\u00f3n otorg\u00f3 ya la visa por razones humanitarias al ex presidente de Bolivia Evo Morales, as\u00ed como al ex vicepresidente \u00c1lvaro Garc\u00eda Linera y a la ex ministra de Salud, [&hellip;]<\/p>\n","protected":false},"author":2,"featured_media":81733,"comment_status":"open","ping_status":"open","sticky":false,"template":"","format":"standard","meta":{"footnotes":""},"categories":[30],"tags":[],"class_list":["post-81732","post","type-post","status-publish","format-standard","has-post-thumbnail","hentry","category-nacional"],"yoast_head":"<!-- This site is optimized with the Yoast SEO plugin v27.5 - https:\/\/yoast.com\/product\/yoast-seo-wordpress\/ -->\n<title>Migraci\u00f3n otorga visa humanitaria a Evo Morales - Canal 7 SLP - 2019<\/title>\n<meta name=\"robots\" content=\"index, follow, max-snippet:-1, max-image-preview:large, max-video-preview:-1\" \/>\n<link rel=\"canonical\" href=\"https:\/\/canal7slp.tv\/2019\/migracion-otorga-visa-humanitaria-a-evo-morales\/\" \/>\n<meta property=\"og:locale\" content=\"es_ES\" \/>\n<meta property=\"og:type\" content=\"article\" \/>\n<meta property=\"og:title\" content=\"Migraci\u00f3n otorga visa humanitaria a Evo Morales - Canal 7 SLP - 2019\" \/>\n<meta property=\"og:description\" content=\"Olga S\u00e1nchez Cordero destaca que la seguridad del ex presidente est\u00e1 en manos de la canciller\u00eda y otras instancias correspondientes Bolivia.- El Instituto Nacional de Migraci\u00f3n otorg\u00f3 ya la visa por razones humanitarias al ex presidente de Bolivia Evo Morales, as\u00ed como al ex vicepresidente \u00c1lvaro Garc\u00eda Linera y a la ex ministra de Salud, [&hellip;]\" \/>\n<meta property=\"og:url\" content=\"https:\/\/canal7slp.tv\/2019\/migracion-otorga-visa-humanitaria-a-evo-morales\/\" \/>\n<meta property=\"og:site_name\" content=\"Canal 7 SLP - 2019\" \/>\n<meta property=\"article:publisher\" content=\"https:\/\/www.facebook.com\/CANAL7SLP\/\" \/>\n<meta property=\"article:published_time\" content=\"2019-11-14T13:58:18+00:00\" \/>\n<meta property=\"og:image\" content=\"https:\/\/canal7slp.tv\/2019\/wp-content\/uploads\/2019\/11\/815-8.jpg\" \/>\n\t<meta property=\"og:image:width\" content=\"770\" \/>\n\t<meta property=\"og:image:height\" content=\"485\" \/>\n\t<meta property=\"og:image:type\" content=\"image\/jpeg\" \/>\n<meta name=\"author\" content=\"edicionweb\" \/>\n<meta name=\"twitter:card\" content=\"summary_large_image\" \/>\n<meta name=\"twitter:creator\" content=\"@canal7_slp\" \/>\n<meta name=\"twitter:site\" content=\"@canal7_slp\" \/>\n<meta name=\"twitter:label1\" content=\"Escrito por\" \/>\n\t<meta name=\"twitter:data1\" content=\"edicionweb\" \/>\n\t<meta name=\"twitter:label2\" content=\"Tiempo de lectura\" \/>\n\t<meta name=\"twitter:data2\" content=\"2 minutos\" \/>\n<script type=\"application\/ld+json\" class=\"yoast-schema-graph\">{\"@context\":\"https:\\\/\\\/schema.org\",\"@graph\":[{\"@type\":\"Article\",\"@id\":\"https:\\\/\\\/canal7slp.tv\\\/2019\\\/migracion-otorga-visa-humanitaria-a-evo-morales\\\/#article\",\"isPartOf\":{\"@id\":\"https:\\\/\\\/canal7slp.tv\\\/2019\\\/migracion-otorga-visa-humanitaria-a-evo-morales\\\/\"},\"author\":{\"name\":\"edicionweb\",\"@id\":\"https:\\\/\\\/canal7slp.tv\\\/2019\\\/#\\\/schema\\\/person\\\/11d941c1c6ca30ac0a46b95fa37aa2e3\"},\"headline\":\"Migraci\u00f3n otorga visa humanitaria a Evo Morales\",\"datePublished\":\"2019-11-14T13:58:18+00:00\",\"mainEntityOfPage\":{\"@id\":\"https:\\\/\\\/canal7slp.tv\\\/2019\\\/migracion-otorga-visa-humanitaria-a-evo-morales\\\/\"},\"wordCount\":447,\"commentCount\":0,\"publisher\":{\"@id\":\"https:\\\/\\\/canal7slp.tv\\\/2019\\\/#organization\"},\"image\":{\"@id\":\"https:\\\/\\\/canal7slp.tv\\\/2019\\\/migracion-otorga-visa-humanitaria-a-evo-morales\\\/#primaryimage\"},\"thumbnailUrl\":\"https:\\\/\\\/canal7slp.tv\\\/2019\\\/wp-content\\\/uploads\\\/2019\\\/11\\\/815-8.jpg\",\"articleSection\":[\"NACIONAL\"],\"inLanguage\":\"es\",\"potentialAction\":[{\"@type\":\"CommentAction\",\"name\":\"Comment\",\"target\":[\"https:\\\/\\\/canal7slp.tv\\\/2019\\\/migracion-otorga-visa-humanitaria-a-evo-morales\\\/#respond\"]}]},{\"@type\":\"WebPage\",\"@id\":\"https:\\\/\\\/canal7slp.tv\\\/2019\\\/migracion-otorga-visa-humanitaria-a-evo-morales\\\/\",\"url\":\"https:\\\/\\\/canal7slp.tv\\\/2019\\\/migracion-otorga-visa-humanitaria-a-evo-morales\\\/\",\"name\":\"Migraci\u00f3n otorga visa humanitaria a Evo Morales - Canal 7 SLP - 2019\",\"isPartOf\":{\"@id\":\"https:\\\/\\\/canal7slp.tv\\\/2019\\\/#website\"},\"primaryImageOfPage\":{\"@id\":\"https:\\\/\\\/canal7slp.tv\\\/2019\\\/migracion-otorga-visa-humanitaria-a-evo-morales\\\/#primaryimage\"},\"image\":{\"@id\":\"https:\\\/\\\/canal7slp.tv\\\/2019\\\/migracion-otorga-visa-humanitaria-a-evo-morales\\\/#primaryimage\"},\"thumbnailUrl\":\"https:\\\/\\\/canal7slp.tv\\\/2019\\\/wp-content\\\/uploads\\\/2019\\\/11\\\/815-8.jpg\",\"datePublished\":\"2019-11-14T13:58:18+00:00\",\"breadcrumb\":{\"@id\":\"https:\\\/\\\/canal7slp.tv\\\/2019\\\/migracion-otorga-visa-humanitaria-a-evo-morales\\\/#breadcrumb\"},\"inLanguage\":\"es\",\"potentialAction\":[{\"@type\":\"ReadAction\",\"target\":[\"https:\\\/\\\/canal7slp.tv\\\/2019\\\/migracion-otorga-visa-humanitaria-a-evo-morales\\\/\"]}]},{\"@type\":\"ImageObject\",\"inLanguage\":\"es\",\"@id\":\"https:\\\/\\\/canal7slp.tv\\\/2019\\\/migracion-otorga-visa-humanitaria-a-evo-morales\\\/#primaryimage\",\"url\":\"https:\\\/\\\/canal7slp.tv\\\/2019\\\/wp-content\\\/uploads\\\/2019\\\/11\\\/815-8.jpg\",\"contentUrl\":\"https:\\\/\\\/canal7slp.tv\\\/2019\\\/wp-content\\\/uploads\\\/2019\\\/11\\\/815-8.jpg\",\"width\":770,\"height\":485},{\"@type\":\"BreadcrumbList\",\"@id\":\"https:\\\/\\\/canal7slp.tv\\\/2019\\\/migracion-otorga-visa-humanitaria-a-evo-morales\\\/#breadcrumb\",\"itemListElement\":[{\"@type\":\"ListItem\",\"position\":1,\"name\":\"Home\",\"item\":\"https:\\\/\\\/canal7slp.tv\\\/2019\\\/\"},{\"@type\":\"ListItem\",\"position\":2,\"name\":\"Migraci\u00f3n otorga visa humanitaria a Evo Morales\"}]},{\"@type\":\"WebSite\",\"@id\":\"https:\\\/\\\/canal7slp.tv\\\/2019\\\/#website\",\"url\":\"https:\\\/\\\/canal7slp.tv\\\/2019\\\/\",\"name\":\"Canal 7 SLP - Somos TV\",\"description\":\"Somos un Canal de 10\",\"publisher\":{\"@id\":\"https:\\\/\\\/canal7slp.tv\\\/2019\\\/#organization\"},\"potentialAction\":[{\"@type\":\"SearchAction\",\"target\":{\"@type\":\"EntryPoint\",\"urlTemplate\":\"https:\\\/\\\/canal7slp.tv\\\/2019\\\/?s={search_term_string}\"},\"query-input\":{\"@type\":\"PropertyValueSpecification\",\"valueRequired\":true,\"valueName\":\"search_term_string\"}}],\"inLanguage\":\"es\"},{\"@type\":\"Organization\",\"@id\":\"https:\\\/\\\/canal7slp.tv\\\/2019\\\/#organization\",\"name\":\"Comunicaci\u00f3n 2000 S.A. de C.V.\",\"url\":\"https:\\\/\\\/canal7slp.tv\\\/2019\\\/\",\"logo\":{\"@type\":\"ImageObject\",\"inLanguage\":\"es\",\"@id\":\"https:\\\/\\\/canal7slp.tv\\\/2019\\\/#\\\/schema\\\/logo\\\/image\\\/\",\"url\":\"https:\\\/\\\/canal7slp.tv\\\/2019\\\/wp-content\\\/uploads\\\/2019\\\/07\\\/logo-c7.png\",\"contentUrl\":\"https:\\\/\\\/canal7slp.tv\\\/2019\\\/wp-content\\\/uploads\\\/2019\\\/07\\\/logo-c7.png\",\"width\":220,\"height\":60,\"caption\":\"Comunicaci\u00f3n 2000 S.A. de C.V.\"},\"image\":{\"@id\":\"https:\\\/\\\/canal7slp.tv\\\/2019\\\/#\\\/schema\\\/logo\\\/image\\\/\"},\"sameAs\":[\"https:\\\/\\\/www.facebook.com\\\/CANAL7SLP\\\/\",\"https:\\\/\\\/x.com\\\/canal7_slp\",\"https:\\\/\\\/www.instagram.com\\\/canal7_slp\",\"https:\\\/\\\/www.youtube.com\\\/user\\\/NOTICIEROSCANAL7SLP\\\/\"]},{\"@type\":\"Person\",\"@id\":\"https:\\\/\\\/canal7slp.tv\\\/2019\\\/#\\\/schema\\\/person\\\/11d941c1c6ca30ac0a46b95fa37aa2e3\",\"name\":\"edicionweb\",\"image\":{\"@type\":\"ImageObject\",\"inLanguage\":\"es\",\"@id\":\"https:\\\/\\\/secure.gravatar.com\\\/avatar\\\/eee448fc3f7164808013b816ba91ac7e43bbe82a70bebac296f8bc6f0addaa1a?s=96&d=mm&r=g\",\"url\":\"https:\\\/\\\/secure.gravatar.com\\\/avatar\\\/eee448fc3f7164808013b816ba91ac7e43bbe82a70bebac296f8bc6f0addaa1a?s=96&d=mm&r=g\",\"contentUrl\":\"https:\\\/\\\/secure.gravatar.com\\\/avatar\\\/eee448fc3f7164808013b816ba91ac7e43bbe82a70bebac296f8bc6f0addaa1a?s=96&d=mm&r=g\",\"caption\":\"edicionweb\"}}]}<\/script>\n<!-- \/ Yoast SEO plugin. -->","yoast_head_json":{"title":"Migraci\u00f3n otorga visa humanitaria a Evo Morales - Canal 7 SLP - 2019","robots":{"index":"index","follow":"follow","max-snippet":"max-snippet:-1","max-image-preview":"max-image-preview:large","max-video-preview":"max-video-preview:-1"},"canonical":"https:\/\/canal7slp.tv\/2019\/migracion-otorga-visa-humanitaria-a-evo-morales\/","og_locale":"es_ES","og_type":"article","og_title":"Migraci\u00f3n otorga visa humanitaria a Evo Morales - Canal 7 SLP - 2019","og_description":"Olga S\u00e1nchez Cordero destaca que la seguridad del ex presidente est\u00e1 en manos de la canciller\u00eda y otras instancias correspondientes Bolivia.- El Instituto Nacional de Migraci\u00f3n otorg\u00f3 ya la visa por razones humanitarias al ex presidente de Bolivia Evo Morales, as\u00ed como al ex vicepresidente \u00c1lvaro Garc\u00eda Linera y a la ex ministra de Salud, [&hellip;]","og_url":"https:\/\/canal7slp.tv\/2019\/migracion-otorga-visa-humanitaria-a-evo-morales\/","og_site_name":"Canal 7 SLP - 2019","article_publisher":"https:\/\/www.facebook.com\/CANAL7SLP\/","article_published_time":"2019-11-14T13:58:18+00:00","og_image":[{"width":770,"height":485,"url":"https:\/\/canal7slp.tv\/2019\/wp-content\/uploads\/2019\/11\/815-8.jpg","type":"image\/jpeg"}],"author":"edicionweb","twitter_card":"summary_large_image","twitter_creator":"@canal7_slp","twitter_site":"@canal7_slp","twitter_misc":{"Escrito por":"edicionweb","Tiempo de lectura":"2 minutos"},"schema":{"@context":"https:\/\/schema.org","@graph":[{"@type":"Article","@id":"https:\/\/canal7slp.tv\/2019\/migracion-otorga-visa-humanitaria-a-evo-morales\/#article","isPartOf":{"@id":"https:\/\/canal7slp.tv\/2019\/migracion-otorga-visa-humanitaria-a-evo-morales\/"},"author":{"name":"edicionweb","@id":"https:\/\/canal7slp.tv\/2019\/#\/schema\/person\/11d941c1c6ca30ac0a46b95fa37aa2e3"},"headline":"Migraci\u00f3n otorga visa humanitaria a Evo Morales","datePublished":"2019-11-14T13:58:18+00:00","mainEntityOfPage":{"@id":"https:\/\/canal7slp.tv\/2019\/migracion-otorga-visa-humanitaria-a-evo-morales\/"},"wordCount":447,"commentCount":0,"publisher":{"@id":"https:\/\/canal7slp.tv\/2019\/#organization"},"image":{"@id":"https:\/\/canal7slp.tv\/2019\/migracion-otorga-visa-humanitaria-a-evo-morales\/#primaryimage"},"thumbnailUrl":"https:\/\/canal7slp.tv\/2019\/wp-content\/uploads\/2019\/11\/815-8.jpg","articleSection":["NACIONAL"],"inLanguage":"es","potentialAction":[{"@type":"CommentAction","name":"Comment","target":["https:\/\/canal7slp.tv\/2019\/migracion-otorga-visa-humanitaria-a-evo-morales\/#respond"]}]},{"@type":"WebPage","@id":"https:\/\/canal7slp.tv\/2019\/migracion-otorga-visa-humanitaria-a-evo-morales\/","url":"https:\/\/canal7slp.tv\/2019\/migracion-otorga-visa-humanitaria-a-evo-morales\/","name":"Migraci\u00f3n otorga visa humanitaria a Evo Morales - Canal 7 SLP - 2019","isPartOf":{"@id":"https:\/\/canal7slp.tv\/2019\/#website"},"primaryImageOfPage":{"@id":"https:\/\/canal7slp.tv\/2019\/migracion-otorga-visa-humanitaria-a-evo-morales\/#primaryimage"},"image":{"@id":"https:\/\/canal7slp.tv\/2019\/migracion-otorga-visa-humanitaria-a-evo-morales\/#primaryimage"},"thumbnailUrl":"https:\/\/canal7slp.tv\/2019\/wp-content\/uploads\/2019\/11\/815-8.jpg","datePublished":"2019-11-14T13:58:18+00:00","breadcrumb":{"@id":"https:\/\/canal7slp.tv\/2019\/migracion-otorga-visa-humanitaria-a-evo-morales\/#breadcrumb"},"inLanguage":"es","potentialAction":[{"@type":"ReadAction","target":["https:\/\/canal7slp.tv\/2019\/migracion-otorga-visa-humanitaria-a-evo-morales\/"]}]},{"@type":"ImageObject","inLanguage":"es","@id":"https:\/\/canal7slp.tv\/2019\/migracion-otorga-visa-humanitaria-a-evo-morales\/#primaryimage","url":"https:\/\/canal7slp.tv\/2019\/wp-content\/uploads\/2019\/11\/815-8.jpg","contentUrl":"https:\/\/canal7slp.tv\/2019\/wp-content\/uploads\/2019\/11\/815-8.jpg","width":770,"height":485},{"@type":"BreadcrumbList","@id":"https:\/\/canal7slp.tv\/2019\/migracion-otorga-visa-humanitaria-a-evo-morales\/#breadcrumb","itemListElement":[{"@type":"ListItem","position":1,"name":"Home","item":"https:\/\/canal7slp.tv\/2019\/"},{"@type":"ListItem","position":2,"name":"Migraci\u00f3n otorga visa humanitaria a Evo Morales"}]},{"@type":"WebSite","@id":"https:\/\/canal7slp.tv\/2019\/#website","url":"https:\/\/canal7slp.tv\/2019\/","name":"Canal 7 SLP - Somos TV","description":"Somos un Canal de 10","publisher":{"@id":"https:\/\/canal7slp.tv\/2019\/#organization"},"potentialAction":[{"@type":"SearchAction","target":{"@type":"EntryPoint","urlTemplate":"https:\/\/canal7slp.tv\/2019\/?s={search_term_string}"},"query-input":{"@type":"PropertyValueSpecification","valueRequired":true,"valueName":"search_term_string"}}],"inLanguage":"es"},{"@type":"Organization","@id":"https:\/\/canal7slp.tv\/2019\/#organization","name":"Comunicaci\u00f3n 2000 S.A. de C.V.","url":"https:\/\/canal7slp.tv\/2019\/","logo":{"@type":"ImageObject","inLanguage":"es","@id":"https:\/\/canal7slp.tv\/2019\/#\/schema\/logo\/image\/","url":"https:\/\/canal7slp.tv\/2019\/wp-content\/uploads\/2019\/07\/logo-c7.png","contentUrl":"https:\/\/canal7slp.tv\/2019\/wp-content\/uploads\/2019\/07\/logo-c7.png","width":220,"height":60,"caption":"Comunicaci\u00f3n 2000 S.A. de C.V."},"image":{"@id":"https:\/\/canal7slp.tv\/2019\/#\/schema\/logo\/image\/"},"sameAs":["https:\/\/www.facebook.com\/CANAL7SLP\/","https:\/\/x.com\/canal7_slp","https:\/\/www.instagram.com\/canal7_slp","https:\/\/www.youtube.com\/user\/NOTICIEROSCANAL7SLP\/"]},{"@type":"Person","@id":"https:\/\/canal7slp.tv\/2019\/#\/schema\/person\/11d941c1c6ca30ac0a46b95fa37aa2e3","name":"edicionweb","image":{"@type":"ImageObject","inLanguage":"es","@id":"https:\/\/secure.gravatar.com\/avatar\/eee448fc3f7164808013b816ba91ac7e43bbe82a70bebac296f8bc6f0addaa1a?s=96&d=mm&r=g","url":"https:\/\/secure.gravatar.com\/avatar\/eee448fc3f7164808013b816ba91ac7e43bbe82a70bebac296f8bc6f0addaa1a?s=96&d=mm&r=g","contentUrl":"https:\/\/secure.gravatar.com\/avatar\/eee448fc3f7164808013b816ba91ac7e43bbe82a70bebac296f8bc6f0addaa1a?s=96&d=mm&r=g","caption":"edicionweb"}}]}},"amp_enabled":true,"cmb2":{"video_ids_in_playlist":{"vid_p_videos":""},"video_ids_in_channel":{"vid_c_videos":""},"playlist_ids_in_channel":{"vid_c_playlists":""},"series_ids_in_channel":{"vid_c_series":""},"channel_images":{"vid_c_logo":"","vid_c_banner":""},"poster_feature_image":{"vid_m_poster_image":""},"gif_feature_image":{"vid_m_gif_image":""},"video_movie_settings":{"vid_m_director":"","vid_m_actor":"","vid_m_imdb_ratings":"","vid_m_amazon_associates":""},"vid_youtube_broadcasts_settings":{"vid_yb_broadcast_title":"","vid_yb_q":"","vid_yb_channelid":"","vid_yb_videocategoryid":"","vid_yb_maxresults":"","vid_yb_order":"","vid_yb_regioncode":"","vid_yb_videosyndicated":"","vid_yb_style":"","vid_yb_reload_first":""},"video_series_settings":{"vid_m_director":"","vid_m_actor":"","vid_m_imdb_ratings":"","video_series_group":""},"amazon_associates_settings":{"amazon_associates":"","amazon_native_ad":""},"vid_youtube_automatic_settings":{"vid_ya_youtube_source":"","vid_ya_update_every":"","vid_ya_update_unit":"","vid_ya_categories":"","vid_ya_published_after":"","vid_ya_published_before":"","vid_ya_playlists":"","vid_ya_channels":"","vid_ya_director":"","vid_ya_actor":"","vid_ya_author":"","vid_ya_import_post_date":"","vid_ya_status":"","vid_ya_sub_api_key":""},"vid_ads_m_videoads_settings_post":{"vid_ads_m_video_ads":"","vid_ads_m_video_ads_type":"","vid_ads_m_group_google_ima":"","vid_ads_m_group_image":"","vid_ads_m_group_html5_video":"","vid_ads_m_group_html":"","vid_ads_m_vast_preroll":"","vid_ads_m_vast_postroll":"","vid_ads_m_vast_pauseroll":"","vid_ads_m_vast_midroll":[{"vid_ads_m_vast_timer_seconds":"50"}],"vid_ads_m_time_to_show_ads":"","vid_ads_m_time_skip_ads":"","vid_ads_m_time_to_hide_ads":""},"page_slider_settings":{"display_slider_group":"","page_slider_group":""},"blog_page_settings":{"blog_page_title":"","blog_page_heading":"","blog_page_ic":"","blog_page_it":"","blog_page_ec":"","blog_page_ip":"","archive_loop_style":"","blog_image_ratio":"","blog_show_categories":"","blog_show_excerpt":"","blog_show_author":"","blog_show_date":"","blog_show_comment_count":"","blog_show_view_count":"","blog_show_like_count":"","blog_show_dislike_count":"","blog_items_per_page":"","blog_pag_type":""},"page_options":{"get_page_template":"","color_mode":"","main_layout":"","main_layout_full_with":"","main_logo":"","main_logo_retina":"","main_logo_mobile":"","main_logo_mobile_retina":"","sticky_logo":"","sticky_logo_retina":"","main_nav_layout":"","ajax_search":"","header_background":"","theme_sidebar":"","instagram_feed":"","instagram_feed_position":"","popular_videos":"","popular_videos_title_1":"","popular_videos_title_2":"","popular_videos_ic":"","popular_videos_it":"","theme_background":"","page_custom_css":""},"feature_image_settings":{"feature_image_position":""},"video_player_settings":{"single_video_style":"","video_player_position":"","vm_video_url":"","video_player_library":"","video_streaming":"","vm_media_sources":"","vid_auto_play":"","vm_video_shortcode":"","vid_p_sync_playlist":"","vid_c_sync_channel":"","get_post_format":"","multiple_links_structure":"default","multi_links_title":"","vm_video_multi_links":"","vm_duration":"","vid_social_locker":"off","vid_social_locker_id":"","vid_membership_action":"content-video","vm_video_trailer_url":"","vid_download_type":"free","vid_download_target":"download","vid_woo_product":"","vm_media_download":"","user_rating":"","user_rating_position":"","user_rating_mode":"","user_rating_multi_sets":""},"video_auto_fetch_settings":{"vm_video_fetch":"on"},"video_fake_views_likes":{"vm_fake_views":"","vm_fake_likes":"","vm_fake_dislikes":""},"gallery_settings":{"gallery_position":""},"quote_settings":{"quote_position":""},"post_options":{"main_layout":"","main_logo":"","main_logo_retina":"","main_logo_mobile":"","main_logo_mobile_retina":"","sticky_logo":"","sticky_logo_retina":"","main_nav_layout":"","header_background":"","theme_sidebar":"","single_post_comment_type":"","theme_background":""}},"_links":{"self":[{"href":"https:\/\/canal7slp.tv\/2019\/wp-json\/wp\/v2\/posts\/81732","targetHints":{"allow":["GET"]}}],"collection":[{"href":"https:\/\/canal7slp.tv\/2019\/wp-json\/wp\/v2\/posts"}],"about":[{"href":"https:\/\/canal7slp.tv\/2019\/wp-json\/wp\/v2\/types\/post"}],"author":[{"embeddable":true,"href":"https:\/\/canal7slp.tv\/2019\/wp-json\/wp\/v2\/users\/2"}],"replies":[{"embeddable":true,"href":"https:\/\/canal7slp.tv\/2019\/wp-json\/wp\/v2\/comments?post=81732"}],"version-history":[{"count":0,"href":"https:\/\/canal7slp.tv\/2019\/wp-json\/wp\/v2\/posts\/81732\/revisions"}],"wp:featuredmedia":[{"embeddable":true,"href":"https:\/\/canal7slp.tv\/2019\/wp-json\/wp\/v2\/media\/81733"}],"wp:attachment":[{"href":"https:\/\/canal7slp.tv\/2019\/wp-json\/wp\/v2\/media?parent=81732"}],"wp:term":[{"taxonomy":"category","embeddable":true,"href":"https:\/\/canal7slp.tv\/2019\/wp-json\/wp\/v2\/categories?post=81732"},{"taxonomy":"post_tag","embeddable":true,"href":"https:\/\/canal7slp.tv\/2019\/wp-json\/wp\/v2\/tags?post=81732"}],"curies":[{"name":"wp","href":"https:\/\/api.w.org\/{rel}","templated":true}]}}