{"id":81689,"date":"2019-11-13T19:04:53","date_gmt":"2019-11-14T01:04:53","guid":{"rendered":"https:\/\/canal7slp.tv\/2019\/?p=81689"},"modified":"2019-11-13T19:04:53","modified_gmt":"2019-11-14T01:04:53","slug":"capacita-educacion-municipal-a-mas-de-4-mil-personas-en-cultura-de-paz","status":"publish","type":"post","link":"https:\/\/canal7slp.tv\/2019\/capacita-educacion-municipal-a-mas-de-4-mil-personas-en-cultura-de-paz\/","title":{"rendered":"Capacita Educaci\u00f3n Municipal a m\u00e1s de 4 mil personas en cultura de paz"},"content":{"rendered":"<ul>\n<li style=\"text-align: justify\">Realiza Jornadas, talleres y programas entre estudiantes, docentes y poblaci\u00f3n en general<\/li>\n<\/ul>\n<p style=\"text-align: justify\">SLP.- A fin de promover pr\u00e1cticas escolares, pero tambi\u00e9n en los hogares para una sana convivencia y restaurar la paz social, la Direcci\u00f3n de Educaci\u00f3n Municipal capacit\u00f3 y sensibiliz\u00f3 a m\u00e1s de 4 mil personas, a trav\u00e9s de diversas actividades y talleres no s\u00f3lo para estudiantes, sino para docentes y poblaci\u00f3n en general, as\u00ed lo dio a conocer su titular, Azalea Mart\u00ednez Navarro.<\/p>\n<p style=\"text-align: justify\">Entre los programas sobresale la Jornada Educando para la Paz, \u201cConociendo mis derechos a trav\u00e9s de mis emociones\u201d, con el objetivo de fomentar la cooperaci\u00f3n a trav\u00e9s de la identificaci\u00f3n de habilidades socio-emocionales y la prevenci\u00f3n de la violencia con la finalidad de establecer una cultura de paz dentro del entorno escolar \u2013 primarias y secundarias pertenecientes a pol\u00edgonos prioritarios -, en la que participaron mil 442 mujeres y mil 404 hombres, para tener un total de 2 mil 846 asistentes.<\/p>\n<p style=\"text-align: justify\">Destac\u00f3 igualmente la integraci\u00f3n de expedientes del Programa \u201cEn Son de Paz\u201d en escuelas adscritas a Educaci\u00f3n Municipal con el objetivo de beneficiar a ni\u00f1as, ni\u00f1os y adolescentes con una beca educativa, con un total de 415, de las cuales, 350 son mujeres y 65 hombres.<\/p>\n<p style=\"text-align: justify\">Mediante el Programa \u00abEducando para la Paz: por un San Luis sin violencia\u201d, a trav\u00e9s de la l\u00ednea de acci\u00f3n \u00abConstruyendo la Paz\u00bb; y el programa \u201cLa Biblioteca Itinerante en tu Escuela\u201d, se atendieron a ni\u00f1as y ni\u00f1os de primarias y preescolar.<\/p>\n<p style=\"text-align: justify\">De la asistencia de 579, sobresalen 275 peque\u00f1os y 304 ni\u00f1as.<\/p>\n<p style=\"text-align: justify\">Azalea Mart\u00ednez detall\u00f3 que asimismo, se llev\u00f3 a cabo el programa \u201cPrevenci\u00f3n Social de la violencia y la delincuencia\u201d, para informar, capacitar y educar a la comunidad escolar para el desarrollo de habilidades que permitan identificar conductas de riesgo asociadas al consumo de drogas y expresiones de violencia. Con la asistencia de 114 mujeres y 113 hombres.<\/p>\n<p style=\"text-align: justify\">De igual manera, se capacit\u00f3 a personal directivo, docente y administrativo en el modelo \u201cMi Escuela promoviendo la Paz\u201d, de la secundaria \u201cFrancisco I. Madero\u201d y de la primaria \u201cNi\u00f1os H\u00e9roes\u201d, con el fin evitar la violaci\u00f3n de derechos humanos de la ni\u00f1ez y adolescencia. A esta capacitaci\u00f3n asistieron 30 personas.<\/p>\n<p style=\"text-align: justify\">Finalmente, la Directora del Sistema Municipal de Educaci\u00f3n destac\u00f3 el Taller \u201cDerechos Humanos\u201d en la Unidad de Servicio y Apoyo a la Educaci\u00f3n Regular -USAER N\u00b0 1-, de educaci\u00f3n especial, con el prop\u00f3sito de informar sobre las modificaciones de las Leyes Secundarias de la Ley General de Educaci\u00f3n en materia de derechos humanos, con la participaci\u00f3n de m\u00e1s de una docena de interesados.<\/p>\n","protected":false},"excerpt":{"rendered":"<p>Realiza Jornadas, talleres y programas entre estudiantes, docentes y poblaci\u00f3n en general SLP.- A fin de promover pr\u00e1cticas escolares, pero tambi\u00e9n en los hogares para una sana convivencia y restaurar la paz social, la Direcci\u00f3n de Educaci\u00f3n Municipal capacit\u00f3 y sensibiliz\u00f3 a m\u00e1s de 4 mil personas, a trav\u00e9s de diversas actividades y talleres no [&hellip;]<\/p>\n","protected":false},"author":2,"featured_media":81690,"comment_status":"open","ping_status":"open","sticky":false,"template":"","format":"standard","meta":{"footnotes":""},"categories":[17],"tags":[],"class_list":["post-81689","post","type-post","status-publish","format-standard","has-post-thumbnail","hentry","category-localesyregionales"],"yoast_head":"<!-- This site is optimized with the Yoast SEO plugin v27.5 - https:\/\/yoast.com\/product\/yoast-seo-wordpress\/ -->\n<title>Capacita Educaci\u00f3n Municipal a m\u00e1s de 4 mil personas en cultura de paz - Canal 7 SLP - 2019<\/title>\n<meta name=\"robots\" content=\"index, follow, max-snippet:-1, max-image-preview:large, max-video-preview:-1\" \/>\n<link rel=\"canonical\" href=\"https:\/\/canal7slp.tv\/2019\/capacita-educacion-municipal-a-mas-de-4-mil-personas-en-cultura-de-paz\/\" \/>\n<meta property=\"og:locale\" content=\"es_ES\" \/>\n<meta property=\"og:type\" content=\"article\" \/>\n<meta property=\"og:title\" content=\"Capacita Educaci\u00f3n Municipal a m\u00e1s de 4 mil personas en cultura de paz - Canal 7 SLP - 2019\" \/>\n<meta property=\"og:description\" content=\"Realiza Jornadas, talleres y programas entre estudiantes, docentes y poblaci\u00f3n en general SLP.- A fin de promover pr\u00e1cticas escolares, pero tambi\u00e9n en los hogares para una sana convivencia y restaurar la paz social, la Direcci\u00f3n de Educaci\u00f3n Municipal capacit\u00f3 y sensibiliz\u00f3 a m\u00e1s de 4 mil personas, a trav\u00e9s de diversas actividades y talleres no [&hellip;]\" \/>\n<meta property=\"og:url\" content=\"https:\/\/canal7slp.tv\/2019\/capacita-educacion-municipal-a-mas-de-4-mil-personas-en-cultura-de-paz\/\" \/>\n<meta property=\"og:site_name\" content=\"Canal 7 SLP - 2019\" \/>\n<meta property=\"article:publisher\" content=\"https:\/\/www.facebook.com\/CANAL7SLP\/\" \/>\n<meta property=\"article:published_time\" content=\"2019-11-14T01:04:53+00:00\" \/>\n<meta property=\"og:image\" content=\"https:\/\/canal7slp.tv\/2019\/wp-content\/uploads\/2019\/11\/1918.jpeg\" \/>\n\t<meta property=\"og:image:width\" content=\"664\" \/>\n\t<meta property=\"og:image:height\" content=\"457\" \/>\n\t<meta property=\"og:image:type\" content=\"image\/jpeg\" \/>\n<meta name=\"author\" content=\"edicionweb\" \/>\n<meta name=\"twitter:card\" content=\"summary_large_image\" \/>\n<meta name=\"twitter:creator\" content=\"@canal7_slp\" \/>\n<meta name=\"twitter:site\" content=\"@canal7_slp\" \/>\n<meta name=\"twitter:label1\" content=\"Escrito por\" \/>\n\t<meta name=\"twitter:data1\" content=\"edicionweb\" \/>\n\t<meta name=\"twitter:label2\" content=\"Tiempo de lectura\" \/>\n\t<meta name=\"twitter:data2\" content=\"2 minutos\" \/>\n<script type=\"application\/ld+json\" class=\"yoast-schema-graph\">{\"@context\":\"https:\\\/\\\/schema.org\",\"@graph\":[{\"@type\":\"Article\",\"@id\":\"https:\\\/\\\/canal7slp.tv\\\/2019\\\/capacita-educacion-municipal-a-mas-de-4-mil-personas-en-cultura-de-paz\\\/#article\",\"isPartOf\":{\"@id\":\"https:\\\/\\\/canal7slp.tv\\\/2019\\\/capacita-educacion-municipal-a-mas-de-4-mil-personas-en-cultura-de-paz\\\/\"},\"author\":{\"name\":\"edicionweb\",\"@id\":\"https:\\\/\\\/canal7slp.tv\\\/2019\\\/#\\\/schema\\\/person\\\/11d941c1c6ca30ac0a46b95fa37aa2e3\"},\"headline\":\"Capacita Educaci\u00f3n Municipal a m\u00e1s de 4 mil personas en cultura de paz\",\"datePublished\":\"2019-11-14T01:04:53+00:00\",\"mainEntityOfPage\":{\"@id\":\"https:\\\/\\\/canal7slp.tv\\\/2019\\\/capacita-educacion-municipal-a-mas-de-4-mil-personas-en-cultura-de-paz\\\/\"},\"wordCount\":467,\"commentCount\":0,\"publisher\":{\"@id\":\"https:\\\/\\\/canal7slp.tv\\\/2019\\\/#organization\"},\"image\":{\"@id\":\"https:\\\/\\\/canal7slp.tv\\\/2019\\\/capacita-educacion-municipal-a-mas-de-4-mil-personas-en-cultura-de-paz\\\/#primaryimage\"},\"thumbnailUrl\":\"https:\\\/\\\/canal7slp.tv\\\/2019\\\/wp-content\\\/uploads\\\/2019\\\/11\\\/1918.jpeg\",\"articleSection\":[\"LOCALES Y REGIONALES\"],\"inLanguage\":\"es\",\"potentialAction\":[{\"@type\":\"CommentAction\",\"name\":\"Comment\",\"target\":[\"https:\\\/\\\/canal7slp.tv\\\/2019\\\/capacita-educacion-municipal-a-mas-de-4-mil-personas-en-cultura-de-paz\\\/#respond\"]}]},{\"@type\":\"WebPage\",\"@id\":\"https:\\\/\\\/canal7slp.tv\\\/2019\\\/capacita-educacion-municipal-a-mas-de-4-mil-personas-en-cultura-de-paz\\\/\",\"url\":\"https:\\\/\\\/canal7slp.tv\\\/2019\\\/capacita-educacion-municipal-a-mas-de-4-mil-personas-en-cultura-de-paz\\\/\",\"name\":\"Capacita Educaci\u00f3n Municipal a m\u00e1s de 4 mil personas en cultura de paz - Canal 7 SLP - 2019\",\"isPartOf\":{\"@id\":\"https:\\\/\\\/canal7slp.tv\\\/2019\\\/#website\"},\"primaryImageOfPage\":{\"@id\":\"https:\\\/\\\/canal7slp.tv\\\/2019\\\/capacita-educacion-municipal-a-mas-de-4-mil-personas-en-cultura-de-paz\\\/#primaryimage\"},\"image\":{\"@id\":\"https:\\\/\\\/canal7slp.tv\\\/2019\\\/capacita-educacion-municipal-a-mas-de-4-mil-personas-en-cultura-de-paz\\\/#primaryimage\"},\"thumbnailUrl\":\"https:\\\/\\\/canal7slp.tv\\\/2019\\\/wp-content\\\/uploads\\\/2019\\\/11\\\/1918.jpeg\",\"datePublished\":\"2019-11-14T01:04:53+00:00\",\"breadcrumb\":{\"@id\":\"https:\\\/\\\/canal7slp.tv\\\/2019\\\/capacita-educacion-municipal-a-mas-de-4-mil-personas-en-cultura-de-paz\\\/#breadcrumb\"},\"inLanguage\":\"es\",\"potentialAction\":[{\"@type\":\"ReadAction\",\"target\":[\"https:\\\/\\\/canal7slp.tv\\\/2019\\\/capacita-educacion-municipal-a-mas-de-4-mil-personas-en-cultura-de-paz\\\/\"]}]},{\"@type\":\"ImageObject\",\"inLanguage\":\"es\",\"@id\":\"https:\\\/\\\/canal7slp.tv\\\/2019\\\/capacita-educacion-municipal-a-mas-de-4-mil-personas-en-cultura-de-paz\\\/#primaryimage\",\"url\":\"https:\\\/\\\/canal7slp.tv\\\/2019\\\/wp-content\\\/uploads\\\/2019\\\/11\\\/1918.jpeg\",\"contentUrl\":\"https:\\\/\\\/canal7slp.tv\\\/2019\\\/wp-content\\\/uploads\\\/2019\\\/11\\\/1918.jpeg\",\"width\":664,\"height\":457},{\"@type\":\"BreadcrumbList\",\"@id\":\"https:\\\/\\\/canal7slp.tv\\\/2019\\\/capacita-educacion-municipal-a-mas-de-4-mil-personas-en-cultura-de-paz\\\/#breadcrumb\",\"itemListElement\":[{\"@type\":\"ListItem\",\"position\":1,\"name\":\"Home\",\"item\":\"https:\\\/\\\/canal7slp.tv\\\/2019\\\/\"},{\"@type\":\"ListItem\",\"position\":2,\"name\":\"Capacita Educaci\u00f3n Municipal a m\u00e1s de 4 mil personas en cultura de paz\"}]},{\"@type\":\"WebSite\",\"@id\":\"https:\\\/\\\/canal7slp.tv\\\/2019\\\/#website\",\"url\":\"https:\\\/\\\/canal7slp.tv\\\/2019\\\/\",\"name\":\"Canal 7 SLP - Somos TV\",\"description\":\"Somos un Canal de 10\",\"publisher\":{\"@id\":\"https:\\\/\\\/canal7slp.tv\\\/2019\\\/#organization\"},\"potentialAction\":[{\"@type\":\"SearchAction\",\"target\":{\"@type\":\"EntryPoint\",\"urlTemplate\":\"https:\\\/\\\/canal7slp.tv\\\/2019\\\/?s={search_term_string}\"},\"query-input\":{\"@type\":\"PropertyValueSpecification\",\"valueRequired\":true,\"valueName\":\"search_term_string\"}}],\"inLanguage\":\"es\"},{\"@type\":\"Organization\",\"@id\":\"https:\\\/\\\/canal7slp.tv\\\/2019\\\/#organization\",\"name\":\"Comunicaci\u00f3n 2000 S.A. de C.V.\",\"url\":\"https:\\\/\\\/canal7slp.tv\\\/2019\\\/\",\"logo\":{\"@type\":\"ImageObject\",\"inLanguage\":\"es\",\"@id\":\"https:\\\/\\\/canal7slp.tv\\\/2019\\\/#\\\/schema\\\/logo\\\/image\\\/\",\"url\":\"https:\\\/\\\/canal7slp.tv\\\/2019\\\/wp-content\\\/uploads\\\/2019\\\/07\\\/logo-c7.png\",\"contentUrl\":\"https:\\\/\\\/canal7slp.tv\\\/2019\\\/wp-content\\\/uploads\\\/2019\\\/07\\\/logo-c7.png\",\"width\":220,\"height\":60,\"caption\":\"Comunicaci\u00f3n 2000 S.A. de C.V.\"},\"image\":{\"@id\":\"https:\\\/\\\/canal7slp.tv\\\/2019\\\/#\\\/schema\\\/logo\\\/image\\\/\"},\"sameAs\":[\"https:\\\/\\\/www.facebook.com\\\/CANAL7SLP\\\/\",\"https:\\\/\\\/x.com\\\/canal7_slp\",\"https:\\\/\\\/www.instagram.com\\\/canal7_slp\",\"https:\\\/\\\/www.youtube.com\\\/user\\\/NOTICIEROSCANAL7SLP\\\/\"]},{\"@type\":\"Person\",\"@id\":\"https:\\\/\\\/canal7slp.tv\\\/2019\\\/#\\\/schema\\\/person\\\/11d941c1c6ca30ac0a46b95fa37aa2e3\",\"name\":\"edicionweb\",\"image\":{\"@type\":\"ImageObject\",\"inLanguage\":\"es\",\"@id\":\"https:\\\/\\\/secure.gravatar.com\\\/avatar\\\/eee448fc3f7164808013b816ba91ac7e43bbe82a70bebac296f8bc6f0addaa1a?s=96&d=mm&r=g\",\"url\":\"https:\\\/\\\/secure.gravatar.com\\\/avatar\\\/eee448fc3f7164808013b816ba91ac7e43bbe82a70bebac296f8bc6f0addaa1a?s=96&d=mm&r=g\",\"contentUrl\":\"https:\\\/\\\/secure.gravatar.com\\\/avatar\\\/eee448fc3f7164808013b816ba91ac7e43bbe82a70bebac296f8bc6f0addaa1a?s=96&d=mm&r=g\",\"caption\":\"edicionweb\"}}]}<\/script>\n<!-- \/ Yoast SEO plugin. -->","yoast_head_json":{"title":"Capacita Educaci\u00f3n Municipal a m\u00e1s de 4 mil personas en cultura de paz - Canal 7 SLP - 2019","robots":{"index":"index","follow":"follow","max-snippet":"max-snippet:-1","max-image-preview":"max-image-preview:large","max-video-preview":"max-video-preview:-1"},"canonical":"https:\/\/canal7slp.tv\/2019\/capacita-educacion-municipal-a-mas-de-4-mil-personas-en-cultura-de-paz\/","og_locale":"es_ES","og_type":"article","og_title":"Capacita Educaci\u00f3n Municipal a m\u00e1s de 4 mil personas en cultura de paz - Canal 7 SLP - 2019","og_description":"Realiza Jornadas, talleres y programas entre estudiantes, docentes y poblaci\u00f3n en general SLP.- A fin de promover pr\u00e1cticas escolares, pero tambi\u00e9n en los hogares para una sana convivencia y restaurar la paz social, la Direcci\u00f3n de Educaci\u00f3n Municipal capacit\u00f3 y sensibiliz\u00f3 a m\u00e1s de 4 mil personas, a trav\u00e9s de diversas actividades y talleres no [&hellip;]","og_url":"https:\/\/canal7slp.tv\/2019\/capacita-educacion-municipal-a-mas-de-4-mil-personas-en-cultura-de-paz\/","og_site_name":"Canal 7 SLP - 2019","article_publisher":"https:\/\/www.facebook.com\/CANAL7SLP\/","article_published_time":"2019-11-14T01:04:53+00:00","og_image":[{"width":664,"height":457,"url":"https:\/\/canal7slp.tv\/2019\/wp-content\/uploads\/2019\/11\/1918.jpeg","type":"image\/jpeg"}],"author":"edicionweb","twitter_card":"summary_large_image","twitter_creator":"@canal7_slp","twitter_site":"@canal7_slp","twitter_misc":{"Escrito por":"edicionweb","Tiempo de lectura":"2 minutos"},"schema":{"@context":"https:\/\/schema.org","@graph":[{"@type":"Article","@id":"https:\/\/canal7slp.tv\/2019\/capacita-educacion-municipal-a-mas-de-4-mil-personas-en-cultura-de-paz\/#article","isPartOf":{"@id":"https:\/\/canal7slp.tv\/2019\/capacita-educacion-municipal-a-mas-de-4-mil-personas-en-cultura-de-paz\/"},"author":{"name":"edicionweb","@id":"https:\/\/canal7slp.tv\/2019\/#\/schema\/person\/11d941c1c6ca30ac0a46b95fa37aa2e3"},"headline":"Capacita Educaci\u00f3n Municipal a m\u00e1s de 4 mil personas en cultura de paz","datePublished":"2019-11-14T01:04:53+00:00","mainEntityOfPage":{"@id":"https:\/\/canal7slp.tv\/2019\/capacita-educacion-municipal-a-mas-de-4-mil-personas-en-cultura-de-paz\/"},"wordCount":467,"commentCount":0,"publisher":{"@id":"https:\/\/canal7slp.tv\/2019\/#organization"},"image":{"@id":"https:\/\/canal7slp.tv\/2019\/capacita-educacion-municipal-a-mas-de-4-mil-personas-en-cultura-de-paz\/#primaryimage"},"thumbnailUrl":"https:\/\/canal7slp.tv\/2019\/wp-content\/uploads\/2019\/11\/1918.jpeg","articleSection":["LOCALES Y REGIONALES"],"inLanguage":"es","potentialAction":[{"@type":"CommentAction","name":"Comment","target":["https:\/\/canal7slp.tv\/2019\/capacita-educacion-municipal-a-mas-de-4-mil-personas-en-cultura-de-paz\/#respond"]}]},{"@type":"WebPage","@id":"https:\/\/canal7slp.tv\/2019\/capacita-educacion-municipal-a-mas-de-4-mil-personas-en-cultura-de-paz\/","url":"https:\/\/canal7slp.tv\/2019\/capacita-educacion-municipal-a-mas-de-4-mil-personas-en-cultura-de-paz\/","name":"Capacita Educaci\u00f3n Municipal a m\u00e1s de 4 mil personas en cultura de paz - Canal 7 SLP - 2019","isPartOf":{"@id":"https:\/\/canal7slp.tv\/2019\/#website"},"primaryImageOfPage":{"@id":"https:\/\/canal7slp.tv\/2019\/capacita-educacion-municipal-a-mas-de-4-mil-personas-en-cultura-de-paz\/#primaryimage"},"image":{"@id":"https:\/\/canal7slp.tv\/2019\/capacita-educacion-municipal-a-mas-de-4-mil-personas-en-cultura-de-paz\/#primaryimage"},"thumbnailUrl":"https:\/\/canal7slp.tv\/2019\/wp-content\/uploads\/2019\/11\/1918.jpeg","datePublished":"2019-11-14T01:04:53+00:00","breadcrumb":{"@id":"https:\/\/canal7slp.tv\/2019\/capacita-educacion-municipal-a-mas-de-4-mil-personas-en-cultura-de-paz\/#breadcrumb"},"inLanguage":"es","potentialAction":[{"@type":"ReadAction","target":["https:\/\/canal7slp.tv\/2019\/capacita-educacion-municipal-a-mas-de-4-mil-personas-en-cultura-de-paz\/"]}]},{"@type":"ImageObject","inLanguage":"es","@id":"https:\/\/canal7slp.tv\/2019\/capacita-educacion-municipal-a-mas-de-4-mil-personas-en-cultura-de-paz\/#primaryimage","url":"https:\/\/canal7slp.tv\/2019\/wp-content\/uploads\/2019\/11\/1918.jpeg","contentUrl":"https:\/\/canal7slp.tv\/2019\/wp-content\/uploads\/2019\/11\/1918.jpeg","width":664,"height":457},{"@type":"BreadcrumbList","@id":"https:\/\/canal7slp.tv\/2019\/capacita-educacion-municipal-a-mas-de-4-mil-personas-en-cultura-de-paz\/#breadcrumb","itemListElement":[{"@type":"ListItem","position":1,"name":"Home","item":"https:\/\/canal7slp.tv\/2019\/"},{"@type":"ListItem","position":2,"name":"Capacita Educaci\u00f3n Municipal a m\u00e1s de 4 mil personas en cultura de paz"}]},{"@type":"WebSite","@id":"https:\/\/canal7slp.tv\/2019\/#website","url":"https:\/\/canal7slp.tv\/2019\/","name":"Canal 7 SLP - Somos TV","description":"Somos un Canal de 10","publisher":{"@id":"https:\/\/canal7slp.tv\/2019\/#organization"},"potentialAction":[{"@type":"SearchAction","target":{"@type":"EntryPoint","urlTemplate":"https:\/\/canal7slp.tv\/2019\/?s={search_term_string}"},"query-input":{"@type":"PropertyValueSpecification","valueRequired":true,"valueName":"search_term_string"}}],"inLanguage":"es"},{"@type":"Organization","@id":"https:\/\/canal7slp.tv\/2019\/#organization","name":"Comunicaci\u00f3n 2000 S.A. de C.V.","url":"https:\/\/canal7slp.tv\/2019\/","logo":{"@type":"ImageObject","inLanguage":"es","@id":"https:\/\/canal7slp.tv\/2019\/#\/schema\/logo\/image\/","url":"https:\/\/canal7slp.tv\/2019\/wp-content\/uploads\/2019\/07\/logo-c7.png","contentUrl":"https:\/\/canal7slp.tv\/2019\/wp-content\/uploads\/2019\/07\/logo-c7.png","width":220,"height":60,"caption":"Comunicaci\u00f3n 2000 S.A. de C.V."},"image":{"@id":"https:\/\/canal7slp.tv\/2019\/#\/schema\/logo\/image\/"},"sameAs":["https:\/\/www.facebook.com\/CANAL7SLP\/","https:\/\/x.com\/canal7_slp","https:\/\/www.instagram.com\/canal7_slp","https:\/\/www.youtube.com\/user\/NOTICIEROSCANAL7SLP\/"]},{"@type":"Person","@id":"https:\/\/canal7slp.tv\/2019\/#\/schema\/person\/11d941c1c6ca30ac0a46b95fa37aa2e3","name":"edicionweb","image":{"@type":"ImageObject","inLanguage":"es","@id":"https:\/\/secure.gravatar.com\/avatar\/eee448fc3f7164808013b816ba91ac7e43bbe82a70bebac296f8bc6f0addaa1a?s=96&d=mm&r=g","url":"https:\/\/secure.gravatar.com\/avatar\/eee448fc3f7164808013b816ba91ac7e43bbe82a70bebac296f8bc6f0addaa1a?s=96&d=mm&r=g","contentUrl":"https:\/\/secure.gravatar.com\/avatar\/eee448fc3f7164808013b816ba91ac7e43bbe82a70bebac296f8bc6f0addaa1a?s=96&d=mm&r=g","caption":"edicionweb"}}]}},"amp_enabled":true,"cmb2":{"video_ids_in_playlist":{"vid_p_videos":""},"video_ids_in_channel":{"vid_c_videos":""},"playlist_ids_in_channel":{"vid_c_playlists":""},"series_ids_in_channel":{"vid_c_series":""},"channel_images":{"vid_c_logo":"","vid_c_banner":""},"poster_feature_image":{"vid_m_poster_image":""},"gif_feature_image":{"vid_m_gif_image":""},"video_movie_settings":{"vid_m_director":"","vid_m_actor":"","vid_m_imdb_ratings":"","vid_m_amazon_associates":""},"vid_youtube_broadcasts_settings":{"vid_yb_broadcast_title":"","vid_yb_q":"","vid_yb_channelid":"","vid_yb_videocategoryid":"","vid_yb_maxresults":"","vid_yb_order":"","vid_yb_regioncode":"","vid_yb_videosyndicated":"","vid_yb_style":"","vid_yb_reload_first":""},"video_series_settings":{"vid_m_director":"","vid_m_actor":"","vid_m_imdb_ratings":"","video_series_group":""},"amazon_associates_settings":{"amazon_associates":"","amazon_native_ad":""},"vid_youtube_automatic_settings":{"vid_ya_youtube_source":"","vid_ya_update_every":"","vid_ya_update_unit":"","vid_ya_categories":"","vid_ya_published_after":"","vid_ya_published_before":"","vid_ya_playlists":"","vid_ya_channels":"","vid_ya_director":"","vid_ya_actor":"","vid_ya_author":"","vid_ya_import_post_date":"","vid_ya_status":"","vid_ya_sub_api_key":""},"vid_ads_m_videoads_settings_post":{"vid_ads_m_video_ads":"","vid_ads_m_video_ads_type":"","vid_ads_m_group_google_ima":"","vid_ads_m_group_image":"","vid_ads_m_group_html5_video":"","vid_ads_m_group_html":"","vid_ads_m_vast_preroll":"","vid_ads_m_vast_postroll":"","vid_ads_m_vast_pauseroll":"","vid_ads_m_vast_midroll":[{"vid_ads_m_vast_timer_seconds":"50"}],"vid_ads_m_time_to_show_ads":"","vid_ads_m_time_skip_ads":"","vid_ads_m_time_to_hide_ads":""},"page_slider_settings":{"display_slider_group":"","page_slider_group":""},"blog_page_settings":{"blog_page_title":"","blog_page_heading":"","blog_page_ic":"","blog_page_it":"","blog_page_ec":"","blog_page_ip":"","archive_loop_style":"","blog_image_ratio":"","blog_show_categories":"","blog_show_excerpt":"","blog_show_author":"","blog_show_date":"","blog_show_comment_count":"","blog_show_view_count":"","blog_show_like_count":"","blog_show_dislike_count":"","blog_items_per_page":"","blog_pag_type":""},"page_options":{"get_page_template":"","color_mode":"","main_layout":"","main_layout_full_with":"","main_logo":"","main_logo_retina":"","main_logo_mobile":"","main_logo_mobile_retina":"","sticky_logo":"","sticky_logo_retina":"","main_nav_layout":"","ajax_search":"","header_background":"","theme_sidebar":"","instagram_feed":"","instagram_feed_position":"","popular_videos":"","popular_videos_title_1":"","popular_videos_title_2":"","popular_videos_ic":"","popular_videos_it":"","theme_background":"","page_custom_css":""},"feature_image_settings":{"feature_image_position":""},"video_player_settings":{"single_video_style":"","video_player_position":"","vm_video_url":"","video_player_library":"","video_streaming":"","vm_media_sources":"","vid_auto_play":"","vm_video_shortcode":"","vid_p_sync_playlist":"","vid_c_sync_channel":"","get_post_format":"","multiple_links_structure":"default","multi_links_title":"","vm_video_multi_links":"","vm_duration":"","vid_social_locker":"off","vid_social_locker_id":"","vid_membership_action":"content-video","vm_video_trailer_url":"","vid_download_type":"free","vid_download_target":"download","vid_woo_product":"","vm_media_download":"","user_rating":"","user_rating_position":"","user_rating_mode":"","user_rating_multi_sets":""},"video_auto_fetch_settings":{"vm_video_fetch":"on"},"video_fake_views_likes":{"vm_fake_views":"","vm_fake_likes":"","vm_fake_dislikes":""},"gallery_settings":{"gallery_position":""},"quote_settings":{"quote_position":""},"post_options":{"main_layout":"","main_logo":"","main_logo_retina":"","main_logo_mobile":"","main_logo_mobile_retina":"","sticky_logo":"","sticky_logo_retina":"","main_nav_layout":"","header_background":"","theme_sidebar":"","single_post_comment_type":"","theme_background":""}},"_links":{"self":[{"href":"https:\/\/canal7slp.tv\/2019\/wp-json\/wp\/v2\/posts\/81689","targetHints":{"allow":["GET"]}}],"collection":[{"href":"https:\/\/canal7slp.tv\/2019\/wp-json\/wp\/v2\/posts"}],"about":[{"href":"https:\/\/canal7slp.tv\/2019\/wp-json\/wp\/v2\/types\/post"}],"author":[{"embeddable":true,"href":"https:\/\/canal7slp.tv\/2019\/wp-json\/wp\/v2\/users\/2"}],"replies":[{"embeddable":true,"href":"https:\/\/canal7slp.tv\/2019\/wp-json\/wp\/v2\/comments?post=81689"}],"version-history":[{"count":0,"href":"https:\/\/canal7slp.tv\/2019\/wp-json\/wp\/v2\/posts\/81689\/revisions"}],"wp:featuredmedia":[{"embeddable":true,"href":"https:\/\/canal7slp.tv\/2019\/wp-json\/wp\/v2\/media\/81690"}],"wp:attachment":[{"href":"https:\/\/canal7slp.tv\/2019\/wp-json\/wp\/v2\/media?parent=81689"}],"wp:term":[{"taxonomy":"category","embeddable":true,"href":"https:\/\/canal7slp.tv\/2019\/wp-json\/wp\/v2\/categories?post=81689"},{"taxonomy":"post_tag","embeddable":true,"href":"https:\/\/canal7slp.tv\/2019\/wp-json\/wp\/v2\/tags?post=81689"}],"curies":[{"name":"wp","href":"https:\/\/api.w.org\/{rel}","templated":true}]}}