{"id":81660,"date":"2019-11-13T17:56:58","date_gmt":"2019-11-13T23:56:58","guid":{"rendered":"https:\/\/canal7slp.tv\/2019\/?p=81660"},"modified":"2019-11-13T17:56:58","modified_gmt":"2019-11-13T23:56:58","slug":"hombre-que-presuntamente-privo-de-la-libertad-a-su-pareja-fue-detenido-por-la-fge","status":"publish","type":"post","link":"https:\/\/canal7slp.tv\/2019\/hombre-que-presuntamente-privo-de-la-libertad-a-su-pareja-fue-detenido-por-la-fge\/","title":{"rendered":"Hombre que presuntamente priv\u00f3 de la libertad a su pareja fue detenido por la FGE"},"content":{"rendered":"<ul>\n<li style=\"text-align: justify\">El hombre presuntamente tambi\u00e9n viol\u00f3 a su esposa<\/li>\n<\/ul>\n<p style=\"text-align: justify\">Mexquitic de Carmona.- Un sujeto de 40 a\u00f1os de edad que fue se\u00f1alado por su ex pareja sentimental fue detenido por agentes de la Polic\u00eda de Investigaci\u00f3n (PDI) de la Fiscal\u00eda General del Estado de San Luis Potos\u00ed (FGESLP) despu\u00e9s de que se girar una orden de aprehensi\u00f3n por los delitos de privaci\u00f3n ilegal de la libertad y violaci\u00f3n.<\/p>\n<p style=\"text-align: justify\">Seg\u00fan lo relatado en la denuncia por la v\u00edctima, fue el 30 de julio del 2019 cuando sal\u00eda de un edificio p\u00fablico en el municipio de Mexquitic de Carmona cuando su c\u00f3nyuge de nombre Felipe \u201cN\u201d del que se hab\u00eda separado meses antes, el cual la amenaz\u00f3 con una pistola oblig\u00e1ndola a subir a una camioneta para trasladarla a la localidad de Milpillas en donde hab\u00edan habitado anteriormente.<\/p>\n<p style=\"text-align: justify\">El hombre la oblig\u00f3 a permanecer en el inmueble durante varios d\u00edas en contra de su voluntad, adem\u00e1s de forzarla a sostener relaciones sexuales; fue hasta el 4 de agosto del 2019 por la noche que accedi\u00f3 a dejarla ir, abandon\u00e1ndola cerca de una arrollo del poblado.<\/p>\n<p style=\"text-align: justify\">La v\u00edctima solicit\u00f3 ayuda de su familia y acudi\u00f3 a denunciar los hechos, por lo que de inmediato los agentes investigadores iniciaron con las indagaciones correspondientes y con lo se\u00f1alado, al igual que se obtuvieron diversos datos de prueba por parte del agente del Ministerio P\u00fablico adscrito a la Fiscal\u00eda de la Mujer, la Familia y Delitos Sexuales quien solicit\u00f3 al Juez la orden de aprehensi\u00f3n en contra del se\u00f1alado.<\/p>\n<p style=\"text-align: justify\">Al tener conocimiento del mandamiento judicial, los elementos de la PDI comenzaron con la b\u00fasqueda del presunto, logrando su ubicaci\u00f3n en la cabecera municipal de Mexquitic de Carmona, sobre la calle de La Juventud frente a un plantel escolar; una vez detenido se le informaron sobre los derechos que lo protegen para continuar con los tr\u00e1mites correspondientes.<\/p>\n<p style=\"text-align: justify\">El presunto fue trasladado al centro de reinserci\u00f3n social ubicado en la delegaci\u00f3n de La Pila, para ser puesto a disposici\u00f3n del Juez de Control que lo requiere.<\/p>\n","protected":false},"excerpt":{"rendered":"<p>El hombre presuntamente tambi\u00e9n viol\u00f3 a su esposa Mexquitic de Carmona.- Un sujeto de 40 a\u00f1os de edad que fue se\u00f1alado por su ex pareja sentimental fue detenido por agentes de la Polic\u00eda de Investigaci\u00f3n (PDI) de la Fiscal\u00eda General del Estado de San Luis Potos\u00ed (FGESLP) despu\u00e9s de que se girar una orden de [&hellip;]<\/p>\n","protected":false},"author":2,"featured_media":81661,"comment_status":"open","ping_status":"open","sticky":false,"template":"","format":"standard","meta":{"footnotes":""},"categories":[29],"tags":[],"class_list":["post-81660","post","type-post","status-publish","format-standard","has-post-thumbnail","hentry","category-reporte7"],"yoast_head":"<!-- This site is optimized with the Yoast SEO plugin v27.5 - https:\/\/yoast.com\/product\/yoast-seo-wordpress\/ -->\n<title>Hombre que presuntamente priv\u00f3 de la libertad a su pareja fue detenido por la FGE - Canal 7 SLP - 2019<\/title>\n<meta name=\"robots\" content=\"index, follow, max-snippet:-1, max-image-preview:large, max-video-preview:-1\" \/>\n<link rel=\"canonical\" href=\"https:\/\/canal7slp.tv\/2019\/hombre-que-presuntamente-privo-de-la-libertad-a-su-pareja-fue-detenido-por-la-fge\/\" \/>\n<meta property=\"og:locale\" content=\"es_ES\" \/>\n<meta property=\"og:type\" content=\"article\" \/>\n<meta property=\"og:title\" content=\"Hombre que presuntamente priv\u00f3 de la libertad a su pareja fue detenido por la FGE - Canal 7 SLP - 2019\" \/>\n<meta property=\"og:description\" content=\"El hombre presuntamente tambi\u00e9n viol\u00f3 a su esposa Mexquitic de Carmona.- Un sujeto de 40 a\u00f1os de edad que fue se\u00f1alado por su ex pareja sentimental fue detenido por agentes de la Polic\u00eda de Investigaci\u00f3n (PDI) de la Fiscal\u00eda General del Estado de San Luis Potos\u00ed (FGESLP) despu\u00e9s de que se girar una orden de [&hellip;]\" \/>\n<meta property=\"og:url\" content=\"https:\/\/canal7slp.tv\/2019\/hombre-que-presuntamente-privo-de-la-libertad-a-su-pareja-fue-detenido-por-la-fge\/\" \/>\n<meta property=\"og:site_name\" content=\"Canal 7 SLP - 2019\" \/>\n<meta property=\"article:publisher\" content=\"https:\/\/www.facebook.com\/CANAL7SLP\/\" \/>\n<meta property=\"article:published_time\" content=\"2019-11-13T23:56:58+00:00\" \/>\n<meta property=\"og:image\" content=\"https:\/\/canal7slp.tv\/2019\/wp-content\/uploads\/2019\/11\/1814.png\" \/>\n\t<meta property=\"og:image:width\" content=\"656\" \/>\n\t<meta property=\"og:image:height\" content=\"410\" \/>\n\t<meta property=\"og:image:type\" content=\"image\/png\" \/>\n<meta name=\"author\" content=\"edicionweb\" \/>\n<meta name=\"twitter:card\" content=\"summary_large_image\" \/>\n<meta name=\"twitter:creator\" content=\"@canal7_slp\" \/>\n<meta name=\"twitter:site\" content=\"@canal7_slp\" \/>\n<meta name=\"twitter:label1\" content=\"Escrito por\" \/>\n\t<meta name=\"twitter:data1\" content=\"edicionweb\" \/>\n\t<meta name=\"twitter:label2\" content=\"Tiempo de lectura\" \/>\n\t<meta name=\"twitter:data2\" content=\"2 minutos\" \/>\n<script type=\"application\/ld+json\" class=\"yoast-schema-graph\">{\"@context\":\"https:\\\/\\\/schema.org\",\"@graph\":[{\"@type\":\"Article\",\"@id\":\"https:\\\/\\\/canal7slp.tv\\\/2019\\\/hombre-que-presuntamente-privo-de-la-libertad-a-su-pareja-fue-detenido-por-la-fge\\\/#article\",\"isPartOf\":{\"@id\":\"https:\\\/\\\/canal7slp.tv\\\/2019\\\/hombre-que-presuntamente-privo-de-la-libertad-a-su-pareja-fue-detenido-por-la-fge\\\/\"},\"author\":{\"name\":\"edicionweb\",\"@id\":\"https:\\\/\\\/canal7slp.tv\\\/2019\\\/#\\\/schema\\\/person\\\/11d941c1c6ca30ac0a46b95fa37aa2e3\"},\"headline\":\"Hombre que presuntamente priv\u00f3 de la libertad a su pareja fue detenido por la FGE\",\"datePublished\":\"2019-11-13T23:56:58+00:00\",\"mainEntityOfPage\":{\"@id\":\"https:\\\/\\\/canal7slp.tv\\\/2019\\\/hombre-que-presuntamente-privo-de-la-libertad-a-su-pareja-fue-detenido-por-la-fge\\\/\"},\"wordCount\":381,\"commentCount\":0,\"publisher\":{\"@id\":\"https:\\\/\\\/canal7slp.tv\\\/2019\\\/#organization\"},\"image\":{\"@id\":\"https:\\\/\\\/canal7slp.tv\\\/2019\\\/hombre-que-presuntamente-privo-de-la-libertad-a-su-pareja-fue-detenido-por-la-fge\\\/#primaryimage\"},\"thumbnailUrl\":\"https:\\\/\\\/canal7slp.tv\\\/2019\\\/wp-content\\\/uploads\\\/2019\\\/11\\\/1814.png\",\"articleSection\":[\"REPORTE 7\"],\"inLanguage\":\"es\",\"potentialAction\":[{\"@type\":\"CommentAction\",\"name\":\"Comment\",\"target\":[\"https:\\\/\\\/canal7slp.tv\\\/2019\\\/hombre-que-presuntamente-privo-de-la-libertad-a-su-pareja-fue-detenido-por-la-fge\\\/#respond\"]}]},{\"@type\":\"WebPage\",\"@id\":\"https:\\\/\\\/canal7slp.tv\\\/2019\\\/hombre-que-presuntamente-privo-de-la-libertad-a-su-pareja-fue-detenido-por-la-fge\\\/\",\"url\":\"https:\\\/\\\/canal7slp.tv\\\/2019\\\/hombre-que-presuntamente-privo-de-la-libertad-a-su-pareja-fue-detenido-por-la-fge\\\/\",\"name\":\"Hombre que presuntamente priv\u00f3 de la libertad a su pareja fue detenido por la FGE - Canal 7 SLP - 2019\",\"isPartOf\":{\"@id\":\"https:\\\/\\\/canal7slp.tv\\\/2019\\\/#website\"},\"primaryImageOfPage\":{\"@id\":\"https:\\\/\\\/canal7slp.tv\\\/2019\\\/hombre-que-presuntamente-privo-de-la-libertad-a-su-pareja-fue-detenido-por-la-fge\\\/#primaryimage\"},\"image\":{\"@id\":\"https:\\\/\\\/canal7slp.tv\\\/2019\\\/hombre-que-presuntamente-privo-de-la-libertad-a-su-pareja-fue-detenido-por-la-fge\\\/#primaryimage\"},\"thumbnailUrl\":\"https:\\\/\\\/canal7slp.tv\\\/2019\\\/wp-content\\\/uploads\\\/2019\\\/11\\\/1814.png\",\"datePublished\":\"2019-11-13T23:56:58+00:00\",\"breadcrumb\":{\"@id\":\"https:\\\/\\\/canal7slp.tv\\\/2019\\\/hombre-que-presuntamente-privo-de-la-libertad-a-su-pareja-fue-detenido-por-la-fge\\\/#breadcrumb\"},\"inLanguage\":\"es\",\"potentialAction\":[{\"@type\":\"ReadAction\",\"target\":[\"https:\\\/\\\/canal7slp.tv\\\/2019\\\/hombre-que-presuntamente-privo-de-la-libertad-a-su-pareja-fue-detenido-por-la-fge\\\/\"]}]},{\"@type\":\"ImageObject\",\"inLanguage\":\"es\",\"@id\":\"https:\\\/\\\/canal7slp.tv\\\/2019\\\/hombre-que-presuntamente-privo-de-la-libertad-a-su-pareja-fue-detenido-por-la-fge\\\/#primaryimage\",\"url\":\"https:\\\/\\\/canal7slp.tv\\\/2019\\\/wp-content\\\/uploads\\\/2019\\\/11\\\/1814.png\",\"contentUrl\":\"https:\\\/\\\/canal7slp.tv\\\/2019\\\/wp-content\\\/uploads\\\/2019\\\/11\\\/1814.png\",\"width\":656,\"height\":410},{\"@type\":\"BreadcrumbList\",\"@id\":\"https:\\\/\\\/canal7slp.tv\\\/2019\\\/hombre-que-presuntamente-privo-de-la-libertad-a-su-pareja-fue-detenido-por-la-fge\\\/#breadcrumb\",\"itemListElement\":[{\"@type\":\"ListItem\",\"position\":1,\"name\":\"Home\",\"item\":\"https:\\\/\\\/canal7slp.tv\\\/2019\\\/\"},{\"@type\":\"ListItem\",\"position\":2,\"name\":\"Hombre que presuntamente priv\u00f3 de la libertad a su pareja fue detenido por la FGE\"}]},{\"@type\":\"WebSite\",\"@id\":\"https:\\\/\\\/canal7slp.tv\\\/2019\\\/#website\",\"url\":\"https:\\\/\\\/canal7slp.tv\\\/2019\\\/\",\"name\":\"Canal 7 SLP - Somos TV\",\"description\":\"Somos un Canal de 10\",\"publisher\":{\"@id\":\"https:\\\/\\\/canal7slp.tv\\\/2019\\\/#organization\"},\"potentialAction\":[{\"@type\":\"SearchAction\",\"target\":{\"@type\":\"EntryPoint\",\"urlTemplate\":\"https:\\\/\\\/canal7slp.tv\\\/2019\\\/?s={search_term_string}\"},\"query-input\":{\"@type\":\"PropertyValueSpecification\",\"valueRequired\":true,\"valueName\":\"search_term_string\"}}],\"inLanguage\":\"es\"},{\"@type\":\"Organization\",\"@id\":\"https:\\\/\\\/canal7slp.tv\\\/2019\\\/#organization\",\"name\":\"Comunicaci\u00f3n 2000 S.A. de C.V.\",\"url\":\"https:\\\/\\\/canal7slp.tv\\\/2019\\\/\",\"logo\":{\"@type\":\"ImageObject\",\"inLanguage\":\"es\",\"@id\":\"https:\\\/\\\/canal7slp.tv\\\/2019\\\/#\\\/schema\\\/logo\\\/image\\\/\",\"url\":\"https:\\\/\\\/canal7slp.tv\\\/2019\\\/wp-content\\\/uploads\\\/2019\\\/07\\\/logo-c7.png\",\"contentUrl\":\"https:\\\/\\\/canal7slp.tv\\\/2019\\\/wp-content\\\/uploads\\\/2019\\\/07\\\/logo-c7.png\",\"width\":220,\"height\":60,\"caption\":\"Comunicaci\u00f3n 2000 S.A. de C.V.\"},\"image\":{\"@id\":\"https:\\\/\\\/canal7slp.tv\\\/2019\\\/#\\\/schema\\\/logo\\\/image\\\/\"},\"sameAs\":[\"https:\\\/\\\/www.facebook.com\\\/CANAL7SLP\\\/\",\"https:\\\/\\\/x.com\\\/canal7_slp\",\"https:\\\/\\\/www.instagram.com\\\/canal7_slp\",\"https:\\\/\\\/www.youtube.com\\\/user\\\/NOTICIEROSCANAL7SLP\\\/\"]},{\"@type\":\"Person\",\"@id\":\"https:\\\/\\\/canal7slp.tv\\\/2019\\\/#\\\/schema\\\/person\\\/11d941c1c6ca30ac0a46b95fa37aa2e3\",\"name\":\"edicionweb\",\"image\":{\"@type\":\"ImageObject\",\"inLanguage\":\"es\",\"@id\":\"https:\\\/\\\/secure.gravatar.com\\\/avatar\\\/eee448fc3f7164808013b816ba91ac7e43bbe82a70bebac296f8bc6f0addaa1a?s=96&d=mm&r=g\",\"url\":\"https:\\\/\\\/secure.gravatar.com\\\/avatar\\\/eee448fc3f7164808013b816ba91ac7e43bbe82a70bebac296f8bc6f0addaa1a?s=96&d=mm&r=g\",\"contentUrl\":\"https:\\\/\\\/secure.gravatar.com\\\/avatar\\\/eee448fc3f7164808013b816ba91ac7e43bbe82a70bebac296f8bc6f0addaa1a?s=96&d=mm&r=g\",\"caption\":\"edicionweb\"}}]}<\/script>\n<!-- \/ Yoast SEO plugin. -->","yoast_head_json":{"title":"Hombre que presuntamente priv\u00f3 de la libertad a su pareja fue detenido por la FGE - Canal 7 SLP - 2019","robots":{"index":"index","follow":"follow","max-snippet":"max-snippet:-1","max-image-preview":"max-image-preview:large","max-video-preview":"max-video-preview:-1"},"canonical":"https:\/\/canal7slp.tv\/2019\/hombre-que-presuntamente-privo-de-la-libertad-a-su-pareja-fue-detenido-por-la-fge\/","og_locale":"es_ES","og_type":"article","og_title":"Hombre que presuntamente priv\u00f3 de la libertad a su pareja fue detenido por la FGE - Canal 7 SLP - 2019","og_description":"El hombre presuntamente tambi\u00e9n viol\u00f3 a su esposa Mexquitic de Carmona.- Un sujeto de 40 a\u00f1os de edad que fue se\u00f1alado por su ex pareja sentimental fue detenido por agentes de la Polic\u00eda de Investigaci\u00f3n (PDI) de la Fiscal\u00eda General del Estado de San Luis Potos\u00ed (FGESLP) despu\u00e9s de que se girar una orden de [&hellip;]","og_url":"https:\/\/canal7slp.tv\/2019\/hombre-que-presuntamente-privo-de-la-libertad-a-su-pareja-fue-detenido-por-la-fge\/","og_site_name":"Canal 7 SLP - 2019","article_publisher":"https:\/\/www.facebook.com\/CANAL7SLP\/","article_published_time":"2019-11-13T23:56:58+00:00","og_image":[{"width":656,"height":410,"url":"https:\/\/canal7slp.tv\/2019\/wp-content\/uploads\/2019\/11\/1814.png","type":"image\/png"}],"author":"edicionweb","twitter_card":"summary_large_image","twitter_creator":"@canal7_slp","twitter_site":"@canal7_slp","twitter_misc":{"Escrito por":"edicionweb","Tiempo de lectura":"2 minutos"},"schema":{"@context":"https:\/\/schema.org","@graph":[{"@type":"Article","@id":"https:\/\/canal7slp.tv\/2019\/hombre-que-presuntamente-privo-de-la-libertad-a-su-pareja-fue-detenido-por-la-fge\/#article","isPartOf":{"@id":"https:\/\/canal7slp.tv\/2019\/hombre-que-presuntamente-privo-de-la-libertad-a-su-pareja-fue-detenido-por-la-fge\/"},"author":{"name":"edicionweb","@id":"https:\/\/canal7slp.tv\/2019\/#\/schema\/person\/11d941c1c6ca30ac0a46b95fa37aa2e3"},"headline":"Hombre que presuntamente priv\u00f3 de la libertad a su pareja fue detenido por la FGE","datePublished":"2019-11-13T23:56:58+00:00","mainEntityOfPage":{"@id":"https:\/\/canal7slp.tv\/2019\/hombre-que-presuntamente-privo-de-la-libertad-a-su-pareja-fue-detenido-por-la-fge\/"},"wordCount":381,"commentCount":0,"publisher":{"@id":"https:\/\/canal7slp.tv\/2019\/#organization"},"image":{"@id":"https:\/\/canal7slp.tv\/2019\/hombre-que-presuntamente-privo-de-la-libertad-a-su-pareja-fue-detenido-por-la-fge\/#primaryimage"},"thumbnailUrl":"https:\/\/canal7slp.tv\/2019\/wp-content\/uploads\/2019\/11\/1814.png","articleSection":["REPORTE 7"],"inLanguage":"es","potentialAction":[{"@type":"CommentAction","name":"Comment","target":["https:\/\/canal7slp.tv\/2019\/hombre-que-presuntamente-privo-de-la-libertad-a-su-pareja-fue-detenido-por-la-fge\/#respond"]}]},{"@type":"WebPage","@id":"https:\/\/canal7slp.tv\/2019\/hombre-que-presuntamente-privo-de-la-libertad-a-su-pareja-fue-detenido-por-la-fge\/","url":"https:\/\/canal7slp.tv\/2019\/hombre-que-presuntamente-privo-de-la-libertad-a-su-pareja-fue-detenido-por-la-fge\/","name":"Hombre que presuntamente priv\u00f3 de la libertad a su pareja fue detenido por la FGE - Canal 7 SLP - 2019","isPartOf":{"@id":"https:\/\/canal7slp.tv\/2019\/#website"},"primaryImageOfPage":{"@id":"https:\/\/canal7slp.tv\/2019\/hombre-que-presuntamente-privo-de-la-libertad-a-su-pareja-fue-detenido-por-la-fge\/#primaryimage"},"image":{"@id":"https:\/\/canal7slp.tv\/2019\/hombre-que-presuntamente-privo-de-la-libertad-a-su-pareja-fue-detenido-por-la-fge\/#primaryimage"},"thumbnailUrl":"https:\/\/canal7slp.tv\/2019\/wp-content\/uploads\/2019\/11\/1814.png","datePublished":"2019-11-13T23:56:58+00:00","breadcrumb":{"@id":"https:\/\/canal7slp.tv\/2019\/hombre-que-presuntamente-privo-de-la-libertad-a-su-pareja-fue-detenido-por-la-fge\/#breadcrumb"},"inLanguage":"es","potentialAction":[{"@type":"ReadAction","target":["https:\/\/canal7slp.tv\/2019\/hombre-que-presuntamente-privo-de-la-libertad-a-su-pareja-fue-detenido-por-la-fge\/"]}]},{"@type":"ImageObject","inLanguage":"es","@id":"https:\/\/canal7slp.tv\/2019\/hombre-que-presuntamente-privo-de-la-libertad-a-su-pareja-fue-detenido-por-la-fge\/#primaryimage","url":"https:\/\/canal7slp.tv\/2019\/wp-content\/uploads\/2019\/11\/1814.png","contentUrl":"https:\/\/canal7slp.tv\/2019\/wp-content\/uploads\/2019\/11\/1814.png","width":656,"height":410},{"@type":"BreadcrumbList","@id":"https:\/\/canal7slp.tv\/2019\/hombre-que-presuntamente-privo-de-la-libertad-a-su-pareja-fue-detenido-por-la-fge\/#breadcrumb","itemListElement":[{"@type":"ListItem","position":1,"name":"Home","item":"https:\/\/canal7slp.tv\/2019\/"},{"@type":"ListItem","position":2,"name":"Hombre que presuntamente priv\u00f3 de la libertad a su pareja fue detenido por la FGE"}]},{"@type":"WebSite","@id":"https:\/\/canal7slp.tv\/2019\/#website","url":"https:\/\/canal7slp.tv\/2019\/","name":"Canal 7 SLP - Somos TV","description":"Somos un Canal de 10","publisher":{"@id":"https:\/\/canal7slp.tv\/2019\/#organization"},"potentialAction":[{"@type":"SearchAction","target":{"@type":"EntryPoint","urlTemplate":"https:\/\/canal7slp.tv\/2019\/?s={search_term_string}"},"query-input":{"@type":"PropertyValueSpecification","valueRequired":true,"valueName":"search_term_string"}}],"inLanguage":"es"},{"@type":"Organization","@id":"https:\/\/canal7slp.tv\/2019\/#organization","name":"Comunicaci\u00f3n 2000 S.A. de C.V.","url":"https:\/\/canal7slp.tv\/2019\/","logo":{"@type":"ImageObject","inLanguage":"es","@id":"https:\/\/canal7slp.tv\/2019\/#\/schema\/logo\/image\/","url":"https:\/\/canal7slp.tv\/2019\/wp-content\/uploads\/2019\/07\/logo-c7.png","contentUrl":"https:\/\/canal7slp.tv\/2019\/wp-content\/uploads\/2019\/07\/logo-c7.png","width":220,"height":60,"caption":"Comunicaci\u00f3n 2000 S.A. de C.V."},"image":{"@id":"https:\/\/canal7slp.tv\/2019\/#\/schema\/logo\/image\/"},"sameAs":["https:\/\/www.facebook.com\/CANAL7SLP\/","https:\/\/x.com\/canal7_slp","https:\/\/www.instagram.com\/canal7_slp","https:\/\/www.youtube.com\/user\/NOTICIEROSCANAL7SLP\/"]},{"@type":"Person","@id":"https:\/\/canal7slp.tv\/2019\/#\/schema\/person\/11d941c1c6ca30ac0a46b95fa37aa2e3","name":"edicionweb","image":{"@type":"ImageObject","inLanguage":"es","@id":"https:\/\/secure.gravatar.com\/avatar\/eee448fc3f7164808013b816ba91ac7e43bbe82a70bebac296f8bc6f0addaa1a?s=96&d=mm&r=g","url":"https:\/\/secure.gravatar.com\/avatar\/eee448fc3f7164808013b816ba91ac7e43bbe82a70bebac296f8bc6f0addaa1a?s=96&d=mm&r=g","contentUrl":"https:\/\/secure.gravatar.com\/avatar\/eee448fc3f7164808013b816ba91ac7e43bbe82a70bebac296f8bc6f0addaa1a?s=96&d=mm&r=g","caption":"edicionweb"}}]}},"amp_enabled":true,"cmb2":{"video_ids_in_playlist":{"vid_p_videos":""},"video_ids_in_channel":{"vid_c_videos":""},"playlist_ids_in_channel":{"vid_c_playlists":""},"series_ids_in_channel":{"vid_c_series":""},"channel_images":{"vid_c_logo":"","vid_c_banner":""},"poster_feature_image":{"vid_m_poster_image":""},"gif_feature_image":{"vid_m_gif_image":""},"video_movie_settings":{"vid_m_director":"","vid_m_actor":"","vid_m_imdb_ratings":"","vid_m_amazon_associates":""},"vid_youtube_broadcasts_settings":{"vid_yb_broadcast_title":"","vid_yb_q":"","vid_yb_channelid":"","vid_yb_videocategoryid":"","vid_yb_maxresults":"","vid_yb_order":"","vid_yb_regioncode":"","vid_yb_videosyndicated":"","vid_yb_style":"","vid_yb_reload_first":""},"video_series_settings":{"vid_m_director":"","vid_m_actor":"","vid_m_imdb_ratings":"","video_series_group":""},"amazon_associates_settings":{"amazon_associates":"","amazon_native_ad":""},"vid_youtube_automatic_settings":{"vid_ya_youtube_source":"","vid_ya_update_every":"","vid_ya_update_unit":"","vid_ya_categories":"","vid_ya_published_after":"","vid_ya_published_before":"","vid_ya_playlists":"","vid_ya_channels":"","vid_ya_director":"","vid_ya_actor":"","vid_ya_author":"","vid_ya_import_post_date":"","vid_ya_status":"","vid_ya_sub_api_key":""},"vid_ads_m_videoads_settings_post":{"vid_ads_m_video_ads":"","vid_ads_m_video_ads_type":"","vid_ads_m_group_google_ima":"","vid_ads_m_group_image":"","vid_ads_m_group_html5_video":"","vid_ads_m_group_html":"","vid_ads_m_vast_preroll":"","vid_ads_m_vast_postroll":"","vid_ads_m_vast_pauseroll":"","vid_ads_m_vast_midroll":[{"vid_ads_m_vast_timer_seconds":"50"}],"vid_ads_m_time_to_show_ads":"","vid_ads_m_time_skip_ads":"","vid_ads_m_time_to_hide_ads":""},"page_slider_settings":{"display_slider_group":"","page_slider_group":""},"blog_page_settings":{"blog_page_title":"","blog_page_heading":"","blog_page_ic":"","blog_page_it":"","blog_page_ec":"","blog_page_ip":"","archive_loop_style":"","blog_image_ratio":"","blog_show_categories":"","blog_show_excerpt":"","blog_show_author":"","blog_show_date":"","blog_show_comment_count":"","blog_show_view_count":"","blog_show_like_count":"","blog_show_dislike_count":"","blog_items_per_page":"","blog_pag_type":""},"page_options":{"get_page_template":"","color_mode":"","main_layout":"","main_layout_full_with":"","main_logo":"","main_logo_retina":"","main_logo_mobile":"","main_logo_mobile_retina":"","sticky_logo":"","sticky_logo_retina":"","main_nav_layout":"","ajax_search":"","header_background":"","theme_sidebar":"","instagram_feed":"","instagram_feed_position":"","popular_videos":"","popular_videos_title_1":"","popular_videos_title_2":"","popular_videos_ic":"","popular_videos_it":"","theme_background":"","page_custom_css":""},"feature_image_settings":{"feature_image_position":""},"video_player_settings":{"single_video_style":"","video_player_position":"","vm_video_url":"","video_player_library":"","video_streaming":"","vm_media_sources":"","vid_auto_play":"","vm_video_shortcode":"","vid_p_sync_playlist":"","vid_c_sync_channel":"","get_post_format":"","multiple_links_structure":"default","multi_links_title":"","vm_video_multi_links":"","vm_duration":"","vid_social_locker":"off","vid_social_locker_id":"","vid_membership_action":"content-video","vm_video_trailer_url":"","vid_download_type":"free","vid_download_target":"download","vid_woo_product":"","vm_media_download":"","user_rating":"","user_rating_position":"","user_rating_mode":"","user_rating_multi_sets":""},"video_auto_fetch_settings":{"vm_video_fetch":"on"},"video_fake_views_likes":{"vm_fake_views":"","vm_fake_likes":"","vm_fake_dislikes":""},"gallery_settings":{"gallery_position":""},"quote_settings":{"quote_position":""},"post_options":{"main_layout":"","main_logo":"","main_logo_retina":"","main_logo_mobile":"","main_logo_mobile_retina":"","sticky_logo":"","sticky_logo_retina":"","main_nav_layout":"","header_background":"","theme_sidebar":"","single_post_comment_type":"","theme_background":""}},"_links":{"self":[{"href":"https:\/\/canal7slp.tv\/2019\/wp-json\/wp\/v2\/posts\/81660","targetHints":{"allow":["GET"]}}],"collection":[{"href":"https:\/\/canal7slp.tv\/2019\/wp-json\/wp\/v2\/posts"}],"about":[{"href":"https:\/\/canal7slp.tv\/2019\/wp-json\/wp\/v2\/types\/post"}],"author":[{"embeddable":true,"href":"https:\/\/canal7slp.tv\/2019\/wp-json\/wp\/v2\/users\/2"}],"replies":[{"embeddable":true,"href":"https:\/\/canal7slp.tv\/2019\/wp-json\/wp\/v2\/comments?post=81660"}],"version-history":[{"count":0,"href":"https:\/\/canal7slp.tv\/2019\/wp-json\/wp\/v2\/posts\/81660\/revisions"}],"wp:featuredmedia":[{"embeddable":true,"href":"https:\/\/canal7slp.tv\/2019\/wp-json\/wp\/v2\/media\/81661"}],"wp:attachment":[{"href":"https:\/\/canal7slp.tv\/2019\/wp-json\/wp\/v2\/media?parent=81660"}],"wp:term":[{"taxonomy":"category","embeddable":true,"href":"https:\/\/canal7slp.tv\/2019\/wp-json\/wp\/v2\/categories?post=81660"},{"taxonomy":"post_tag","embeddable":true,"href":"https:\/\/canal7slp.tv\/2019\/wp-json\/wp\/v2\/tags?post=81660"}],"curies":[{"name":"wp","href":"https:\/\/api.w.org\/{rel}","templated":true}]}}