{"id":81507,"date":"2019-11-13T08:37:13","date_gmt":"2019-11-13T14:37:13","guid":{"rendered":"https:\/\/canal7slp.tv\/2019\/?p=81507"},"modified":"2019-11-13T08:37:13","modified_gmt":"2019-11-13T14:37:13","slug":"el-tiron-del-coche-electrico-puede-estancar-la-demanda-petrolera-desde-2030","status":"publish","type":"post","link":"https:\/\/canal7slp.tv\/2019\/el-tiron-del-coche-electrico-puede-estancar-la-demanda-petrolera-desde-2030\/","title":{"rendered":"El tir\u00f3n del coche el\u00e9ctrico puede estancar la demanda petrolera desde 2030"},"content":{"rendered":"<ul>\n<li style=\"text-align: justify\">La demanda mundial de petr\u00f3leo subir\u00e1 un 10 % de aqu\u00ed a 2040, pero con varias fases. La progresi\u00f3n se ralentizar\u00e1 de forma muy marcada a mediados de la pr\u00f3xima d\u00e9cada y se estancar\u00e1 en el 2030<\/li>\n<\/ul>\n<p style=\"text-align: justify\">La venta de coches el\u00e9ctricos, hasta ahora poco m\u00e1s que testimonial a escala global, puede dispararse en las dos pr\u00f3ximas d\u00e9cadas, seg\u00fan la Agencia Internacional de la Energ\u00eda (AIE), que espera por ello que el consumo de petr\u00f3leo se estanque a partir de 2030.<\/p>\n<p style=\"text-align: justify\">Las ventas de el\u00e9ctricos, que fueron de 2 millones en 2018 en un a\u00f1o ya de fuerte incremento, deber\u00edan llegar a un ritmo de 10 millones anuales para 2025 y a m\u00e1s de 30 millones para 2040, indica la AIE en su informe anual de perspectivas publicado este mi\u00e9rcoles.<\/p>\n<p style=\"text-align: justify\">En su escenario central, que integra los cambios de pol\u00edticas energ\u00e9ticas previstos por gobiernos y empresas, la demanda mundial de petr\u00f3leo subir\u00e1 un 10 % de aqu\u00ed a 2040, pero con varias fases. La progresi\u00f3n se ralentizar\u00e1 de forma muy marcada desde a mediados de la pr\u00f3xima d\u00e9cada y se estancar\u00e1 en los a\u00f1os 2030.<\/p>\n<p style=\"text-align: justify\">Por una parte, continuar\u00e1 creciendo durante las dos pr\u00f3ximas d\u00e9cadas la utilizaci\u00f3n del petr\u00f3leo como combustible de camiones, barcos, aviones o de la industria petroqu\u00edmica.<\/p>\n<p style=\"text-align: justify\">Sin embargo, el consumo de gasolina y gas\u00f3leo para coches (que ahora absorbe un cuarto del petr\u00f3leo que sale al mercado) tocar\u00e1 techo a partir de la d\u00e9cada de 2020.<\/p>\n<p style=\"text-align: justify\">Si como plantea la agencia, en 2040 hubiera un parque de 330 millones de coches el\u00e9ctricos en lugar de otros tantos con motor de combusti\u00f3n, eso evitar\u00eda el consumo de unos cuatro millones de barriles de petr\u00f3leo diarios.<\/p>\n<p style=\"text-align: justify\">No obstante, el gran apetito de los automovilistas por los todocaminos (tambi\u00e9n conocidos como SUV), cuya electrificaci\u00f3n es m\u00e1s dif\u00edcil y que consumen un 25 % m\u00e1s de carburante, podr\u00eda representar dos millones de barriles diarios suplementarios en la demanda mundial para 2040.<\/p>\n<p style=\"text-align: justify\">En el escenario que integra los planes y cambios programados por gobiernos y empresas, la AIE calcula que la demanda energ\u00e9tica global se incrementar\u00e1 a un ritmo del 1 % anual hasta 2040.<\/p>\n<p style=\"text-align: justify\">Eso es menos que el tir\u00f3n del 2,3 % constatado en 2018 y tambi\u00e9n menos que el 1,3 % de crecimiento anual si se mantuvieran las pol\u00edticas actuales en vigor. Pero resulta totalmente incompatible con un calentamiento clim\u00e1tico limitado a menos de dos grados, que es el objetivo fijado en los Acuerdos de Par\u00eds.<\/p>\n<p style=\"text-align: justify\">En ese \u00faltimo escenario de &#8220;desarrollo sostenible&#8221;, el consumo de energ\u00eda en el mundo ser\u00eda inferior en 2040 al actual, pero sobre todo las emisiones de di\u00f3xido de carbono (CO2) se reducir\u00edan a menos de la mitad (de 33,2 gigatoneladas en 2018 a 15,8 en 2040).<\/p>\n<p style=\"text-align: justify\">Todo eso ser\u00eda posible con un crecimiento econ\u00f3mico equiparable a los de los otros dos escenarios (del 3-4 % anual), gracias a una reducci\u00f3n dr\u00e1stica del uso del carb\u00f3n y a una disminuci\u00f3n tambi\u00e9n significativa del petr\u00f3leo a 65 millones de barriles diarios dentro de dos d\u00e9cadas, el nivel de comienzo de los a\u00f1os noventa del siglo pasado.<\/p>\n<p style=\"text-align: justify\">Pero si \u00fanicamente se aplican los cambios y los planes previstos hasta ahora, el consumo de petr\u00f3leo aumentar\u00e1 alrededor del 10 % de aqu\u00ed a 2040 y el de gas casi un 40 %, mientras que el carb\u00f3n se mantendr\u00e1 pr\u00e1cticamente al nivel actual.<\/p>\n<p style=\"text-align: justify\">La AIE calcula que la demanda de electricidad crecer\u00e1 entonces un 60 %, a un ritmo que duplicar\u00e1 con creces el de la energ\u00eda en general para responder a los nuevos usos dom\u00e9sticos e industriales, pero tambi\u00e9n para alimentar las bater\u00edas de los veh\u00edculos el\u00e9ctricos. Su peso relativo pasar\u00e1 del 19 % actualmente al 24 % y hasta el 30 % para limitar el calentamiento global a menos de 2 grados.<\/p>\n<p style=\"text-align: justify\">La producci\u00f3n e\u00f3lica y fotovoltaica aportar\u00e1 m\u00e1s de la mitad de los kilovatios adicionales necesarios en el escenario central y la pr\u00e1ctica totalidad en el de &#8220;desarrollo sostenible&#8221;, en detrimento esencialmente del carb\u00f3n.<\/p>\n<p style=\"text-align: justify\">Desde su estudio del pasado a\u00f1o, la agencia ha modificado sus previsiones sobre el origen del crudo, que saldr\u00e1 al mercado en los dos pr\u00f3ximos decenios. Sobre todo porque gracias al tir\u00f3n de los pozos de esquistos, Estados Unidos aportar\u00e1 un 85 % del incremento de la producci\u00f3n mundial de crudo para 2030 y el 30 % del gas.<\/p>\n<p style=\"text-align: justify\">Mec\u00e1nicamente, eso supondr\u00e1 un menor peso de la OPEP y de Rusia, cuya cuota en el consumo de crudo bajar\u00e1 del 55 % a mediados de los a\u00f1os 2000 al 47 % en 2030.<\/p>\n","protected":false},"excerpt":{"rendered":"<p>La demanda mundial de petr\u00f3leo subir\u00e1 un 10 % de aqu\u00ed a 2040, pero con varias fases. La progresi\u00f3n se ralentizar\u00e1 de forma muy marcada a mediados de la pr\u00f3xima d\u00e9cada y se estancar\u00e1 en el 2030 La venta de coches el\u00e9ctricos, hasta ahora poco m\u00e1s que testimonial a escala global, puede dispararse en las [&hellip;]<\/p>\n","protected":false},"author":2,"featured_media":81508,"comment_status":"open","ping_status":"open","sticky":false,"template":"","format":"standard","meta":{"footnotes":""},"categories":[98],"tags":[],"class_list":["post-81507","post","type-post","status-publish","format-standard","has-post-thumbnail","hentry","category-finanzas"],"yoast_head":"<!-- This site is optimized with the Yoast SEO plugin v27.5 - https:\/\/yoast.com\/product\/yoast-seo-wordpress\/ -->\n<title>El tir\u00f3n del coche el\u00e9ctrico puede estancar la demanda petrolera desde 2030 - Canal 7 SLP - 2019<\/title>\n<meta name=\"robots\" content=\"index, follow, max-snippet:-1, max-image-preview:large, max-video-preview:-1\" \/>\n<link rel=\"canonical\" href=\"https:\/\/canal7slp.tv\/2019\/el-tiron-del-coche-electrico-puede-estancar-la-demanda-petrolera-desde-2030\/\" \/>\n<meta property=\"og:locale\" content=\"es_ES\" \/>\n<meta property=\"og:type\" content=\"article\" \/>\n<meta property=\"og:title\" content=\"El tir\u00f3n del coche el\u00e9ctrico puede estancar la demanda petrolera desde 2030 - Canal 7 SLP - 2019\" \/>\n<meta property=\"og:description\" content=\"La demanda mundial de petr\u00f3leo subir\u00e1 un 10 % de aqu\u00ed a 2040, pero con varias fases. La progresi\u00f3n se ralentizar\u00e1 de forma muy marcada a mediados de la pr\u00f3xima d\u00e9cada y se estancar\u00e1 en el 2030 La venta de coches el\u00e9ctricos, hasta ahora poco m\u00e1s que testimonial a escala global, puede dispararse en las [&hellip;]\" \/>\n<meta property=\"og:url\" content=\"https:\/\/canal7slp.tv\/2019\/el-tiron-del-coche-electrico-puede-estancar-la-demanda-petrolera-desde-2030\/\" \/>\n<meta property=\"og:site_name\" content=\"Canal 7 SLP - 2019\" \/>\n<meta property=\"article:publisher\" content=\"https:\/\/www.facebook.com\/CANAL7SLP\/\" \/>\n<meta property=\"article:published_time\" content=\"2019-11-13T14:37:13+00:00\" \/>\n<meta property=\"og:image\" content=\"https:\/\/canal7slp.tv\/2019\/wp-content\/uploads\/2019\/11\/1000-13.jpg\" \/>\n\t<meta property=\"og:image:width\" content=\"770\" \/>\n\t<meta property=\"og:image:height\" content=\"485\" \/>\n\t<meta property=\"og:image:type\" content=\"image\/jpeg\" \/>\n<meta name=\"author\" content=\"edicionweb\" \/>\n<meta name=\"twitter:card\" content=\"summary_large_image\" \/>\n<meta name=\"twitter:creator\" content=\"@canal7_slp\" \/>\n<meta name=\"twitter:site\" content=\"@canal7_slp\" \/>\n<meta name=\"twitter:label1\" content=\"Escrito por\" \/>\n\t<meta name=\"twitter:data1\" content=\"edicionweb\" \/>\n\t<meta name=\"twitter:label2\" content=\"Tiempo de lectura\" \/>\n\t<meta name=\"twitter:data2\" content=\"4 minutos\" \/>\n<script type=\"application\/ld+json\" class=\"yoast-schema-graph\">{\"@context\":\"https:\\\/\\\/schema.org\",\"@graph\":[{\"@type\":\"Article\",\"@id\":\"https:\\\/\\\/canal7slp.tv\\\/2019\\\/el-tiron-del-coche-electrico-puede-estancar-la-demanda-petrolera-desde-2030\\\/#article\",\"isPartOf\":{\"@id\":\"https:\\\/\\\/canal7slp.tv\\\/2019\\\/el-tiron-del-coche-electrico-puede-estancar-la-demanda-petrolera-desde-2030\\\/\"},\"author\":{\"name\":\"edicionweb\",\"@id\":\"https:\\\/\\\/canal7slp.tv\\\/2019\\\/#\\\/schema\\\/person\\\/11d941c1c6ca30ac0a46b95fa37aa2e3\"},\"headline\":\"El tir\u00f3n del coche el\u00e9ctrico puede estancar la demanda petrolera desde 2030\",\"datePublished\":\"2019-11-13T14:37:13+00:00\",\"mainEntityOfPage\":{\"@id\":\"https:\\\/\\\/canal7slp.tv\\\/2019\\\/el-tiron-del-coche-electrico-puede-estancar-la-demanda-petrolera-desde-2030\\\/\"},\"wordCount\":786,\"commentCount\":0,\"publisher\":{\"@id\":\"https:\\\/\\\/canal7slp.tv\\\/2019\\\/#organization\"},\"image\":{\"@id\":\"https:\\\/\\\/canal7slp.tv\\\/2019\\\/el-tiron-del-coche-electrico-puede-estancar-la-demanda-petrolera-desde-2030\\\/#primaryimage\"},\"thumbnailUrl\":\"https:\\\/\\\/canal7slp.tv\\\/2019\\\/wp-content\\\/uploads\\\/2019\\\/11\\\/1000-13.jpg\",\"articleSection\":[\"FINANZAS\"],\"inLanguage\":\"es\",\"potentialAction\":[{\"@type\":\"CommentAction\",\"name\":\"Comment\",\"target\":[\"https:\\\/\\\/canal7slp.tv\\\/2019\\\/el-tiron-del-coche-electrico-puede-estancar-la-demanda-petrolera-desde-2030\\\/#respond\"]}]},{\"@type\":\"WebPage\",\"@id\":\"https:\\\/\\\/canal7slp.tv\\\/2019\\\/el-tiron-del-coche-electrico-puede-estancar-la-demanda-petrolera-desde-2030\\\/\",\"url\":\"https:\\\/\\\/canal7slp.tv\\\/2019\\\/el-tiron-del-coche-electrico-puede-estancar-la-demanda-petrolera-desde-2030\\\/\",\"name\":\"El tir\u00f3n del coche el\u00e9ctrico puede estancar la demanda petrolera desde 2030 - Canal 7 SLP - 2019\",\"isPartOf\":{\"@id\":\"https:\\\/\\\/canal7slp.tv\\\/2019\\\/#website\"},\"primaryImageOfPage\":{\"@id\":\"https:\\\/\\\/canal7slp.tv\\\/2019\\\/el-tiron-del-coche-electrico-puede-estancar-la-demanda-petrolera-desde-2030\\\/#primaryimage\"},\"image\":{\"@id\":\"https:\\\/\\\/canal7slp.tv\\\/2019\\\/el-tiron-del-coche-electrico-puede-estancar-la-demanda-petrolera-desde-2030\\\/#primaryimage\"},\"thumbnailUrl\":\"https:\\\/\\\/canal7slp.tv\\\/2019\\\/wp-content\\\/uploads\\\/2019\\\/11\\\/1000-13.jpg\",\"datePublished\":\"2019-11-13T14:37:13+00:00\",\"breadcrumb\":{\"@id\":\"https:\\\/\\\/canal7slp.tv\\\/2019\\\/el-tiron-del-coche-electrico-puede-estancar-la-demanda-petrolera-desde-2030\\\/#breadcrumb\"},\"inLanguage\":\"es\",\"potentialAction\":[{\"@type\":\"ReadAction\",\"target\":[\"https:\\\/\\\/canal7slp.tv\\\/2019\\\/el-tiron-del-coche-electrico-puede-estancar-la-demanda-petrolera-desde-2030\\\/\"]}]},{\"@type\":\"ImageObject\",\"inLanguage\":\"es\",\"@id\":\"https:\\\/\\\/canal7slp.tv\\\/2019\\\/el-tiron-del-coche-electrico-puede-estancar-la-demanda-petrolera-desde-2030\\\/#primaryimage\",\"url\":\"https:\\\/\\\/canal7slp.tv\\\/2019\\\/wp-content\\\/uploads\\\/2019\\\/11\\\/1000-13.jpg\",\"contentUrl\":\"https:\\\/\\\/canal7slp.tv\\\/2019\\\/wp-content\\\/uploads\\\/2019\\\/11\\\/1000-13.jpg\",\"width\":770,\"height\":485},{\"@type\":\"BreadcrumbList\",\"@id\":\"https:\\\/\\\/canal7slp.tv\\\/2019\\\/el-tiron-del-coche-electrico-puede-estancar-la-demanda-petrolera-desde-2030\\\/#breadcrumb\",\"itemListElement\":[{\"@type\":\"ListItem\",\"position\":1,\"name\":\"Home\",\"item\":\"https:\\\/\\\/canal7slp.tv\\\/2019\\\/\"},{\"@type\":\"ListItem\",\"position\":2,\"name\":\"El tir\u00f3n del coche el\u00e9ctrico puede estancar la demanda petrolera desde 2030\"}]},{\"@type\":\"WebSite\",\"@id\":\"https:\\\/\\\/canal7slp.tv\\\/2019\\\/#website\",\"url\":\"https:\\\/\\\/canal7slp.tv\\\/2019\\\/\",\"name\":\"Canal 7 SLP - Somos TV\",\"description\":\"Somos un Canal de 10\",\"publisher\":{\"@id\":\"https:\\\/\\\/canal7slp.tv\\\/2019\\\/#organization\"},\"potentialAction\":[{\"@type\":\"SearchAction\",\"target\":{\"@type\":\"EntryPoint\",\"urlTemplate\":\"https:\\\/\\\/canal7slp.tv\\\/2019\\\/?s={search_term_string}\"},\"query-input\":{\"@type\":\"PropertyValueSpecification\",\"valueRequired\":true,\"valueName\":\"search_term_string\"}}],\"inLanguage\":\"es\"},{\"@type\":\"Organization\",\"@id\":\"https:\\\/\\\/canal7slp.tv\\\/2019\\\/#organization\",\"name\":\"Comunicaci\u00f3n 2000 S.A. de C.V.\",\"url\":\"https:\\\/\\\/canal7slp.tv\\\/2019\\\/\",\"logo\":{\"@type\":\"ImageObject\",\"inLanguage\":\"es\",\"@id\":\"https:\\\/\\\/canal7slp.tv\\\/2019\\\/#\\\/schema\\\/logo\\\/image\\\/\",\"url\":\"https:\\\/\\\/canal7slp.tv\\\/2019\\\/wp-content\\\/uploads\\\/2019\\\/07\\\/logo-c7.png\",\"contentUrl\":\"https:\\\/\\\/canal7slp.tv\\\/2019\\\/wp-content\\\/uploads\\\/2019\\\/07\\\/logo-c7.png\",\"width\":220,\"height\":60,\"caption\":\"Comunicaci\u00f3n 2000 S.A. de C.V.\"},\"image\":{\"@id\":\"https:\\\/\\\/canal7slp.tv\\\/2019\\\/#\\\/schema\\\/logo\\\/image\\\/\"},\"sameAs\":[\"https:\\\/\\\/www.facebook.com\\\/CANAL7SLP\\\/\",\"https:\\\/\\\/x.com\\\/canal7_slp\",\"https:\\\/\\\/www.instagram.com\\\/canal7_slp\",\"https:\\\/\\\/www.youtube.com\\\/user\\\/NOTICIEROSCANAL7SLP\\\/\"]},{\"@type\":\"Person\",\"@id\":\"https:\\\/\\\/canal7slp.tv\\\/2019\\\/#\\\/schema\\\/person\\\/11d941c1c6ca30ac0a46b95fa37aa2e3\",\"name\":\"edicionweb\",\"image\":{\"@type\":\"ImageObject\",\"inLanguage\":\"es\",\"@id\":\"https:\\\/\\\/secure.gravatar.com\\\/avatar\\\/eee448fc3f7164808013b816ba91ac7e43bbe82a70bebac296f8bc6f0addaa1a?s=96&d=mm&r=g\",\"url\":\"https:\\\/\\\/secure.gravatar.com\\\/avatar\\\/eee448fc3f7164808013b816ba91ac7e43bbe82a70bebac296f8bc6f0addaa1a?s=96&d=mm&r=g\",\"contentUrl\":\"https:\\\/\\\/secure.gravatar.com\\\/avatar\\\/eee448fc3f7164808013b816ba91ac7e43bbe82a70bebac296f8bc6f0addaa1a?s=96&d=mm&r=g\",\"caption\":\"edicionweb\"}}]}<\/script>\n<!-- \/ Yoast SEO plugin. -->","yoast_head_json":{"title":"El tir\u00f3n del coche el\u00e9ctrico puede estancar la demanda petrolera desde 2030 - Canal 7 SLP - 2019","robots":{"index":"index","follow":"follow","max-snippet":"max-snippet:-1","max-image-preview":"max-image-preview:large","max-video-preview":"max-video-preview:-1"},"canonical":"https:\/\/canal7slp.tv\/2019\/el-tiron-del-coche-electrico-puede-estancar-la-demanda-petrolera-desde-2030\/","og_locale":"es_ES","og_type":"article","og_title":"El tir\u00f3n del coche el\u00e9ctrico puede estancar la demanda petrolera desde 2030 - Canal 7 SLP - 2019","og_description":"La demanda mundial de petr\u00f3leo subir\u00e1 un 10 % de aqu\u00ed a 2040, pero con varias fases. La progresi\u00f3n se ralentizar\u00e1 de forma muy marcada a mediados de la pr\u00f3xima d\u00e9cada y se estancar\u00e1 en el 2030 La venta de coches el\u00e9ctricos, hasta ahora poco m\u00e1s que testimonial a escala global, puede dispararse en las [&hellip;]","og_url":"https:\/\/canal7slp.tv\/2019\/el-tiron-del-coche-electrico-puede-estancar-la-demanda-petrolera-desde-2030\/","og_site_name":"Canal 7 SLP - 2019","article_publisher":"https:\/\/www.facebook.com\/CANAL7SLP\/","article_published_time":"2019-11-13T14:37:13+00:00","og_image":[{"width":770,"height":485,"url":"https:\/\/canal7slp.tv\/2019\/wp-content\/uploads\/2019\/11\/1000-13.jpg","type":"image\/jpeg"}],"author":"edicionweb","twitter_card":"summary_large_image","twitter_creator":"@canal7_slp","twitter_site":"@canal7_slp","twitter_misc":{"Escrito por":"edicionweb","Tiempo de lectura":"4 minutos"},"schema":{"@context":"https:\/\/schema.org","@graph":[{"@type":"Article","@id":"https:\/\/canal7slp.tv\/2019\/el-tiron-del-coche-electrico-puede-estancar-la-demanda-petrolera-desde-2030\/#article","isPartOf":{"@id":"https:\/\/canal7slp.tv\/2019\/el-tiron-del-coche-electrico-puede-estancar-la-demanda-petrolera-desde-2030\/"},"author":{"name":"edicionweb","@id":"https:\/\/canal7slp.tv\/2019\/#\/schema\/person\/11d941c1c6ca30ac0a46b95fa37aa2e3"},"headline":"El tir\u00f3n del coche el\u00e9ctrico puede estancar la demanda petrolera desde 2030","datePublished":"2019-11-13T14:37:13+00:00","mainEntityOfPage":{"@id":"https:\/\/canal7slp.tv\/2019\/el-tiron-del-coche-electrico-puede-estancar-la-demanda-petrolera-desde-2030\/"},"wordCount":786,"commentCount":0,"publisher":{"@id":"https:\/\/canal7slp.tv\/2019\/#organization"},"image":{"@id":"https:\/\/canal7slp.tv\/2019\/el-tiron-del-coche-electrico-puede-estancar-la-demanda-petrolera-desde-2030\/#primaryimage"},"thumbnailUrl":"https:\/\/canal7slp.tv\/2019\/wp-content\/uploads\/2019\/11\/1000-13.jpg","articleSection":["FINANZAS"],"inLanguage":"es","potentialAction":[{"@type":"CommentAction","name":"Comment","target":["https:\/\/canal7slp.tv\/2019\/el-tiron-del-coche-electrico-puede-estancar-la-demanda-petrolera-desde-2030\/#respond"]}]},{"@type":"WebPage","@id":"https:\/\/canal7slp.tv\/2019\/el-tiron-del-coche-electrico-puede-estancar-la-demanda-petrolera-desde-2030\/","url":"https:\/\/canal7slp.tv\/2019\/el-tiron-del-coche-electrico-puede-estancar-la-demanda-petrolera-desde-2030\/","name":"El tir\u00f3n del coche el\u00e9ctrico puede estancar la demanda petrolera desde 2030 - Canal 7 SLP - 2019","isPartOf":{"@id":"https:\/\/canal7slp.tv\/2019\/#website"},"primaryImageOfPage":{"@id":"https:\/\/canal7slp.tv\/2019\/el-tiron-del-coche-electrico-puede-estancar-la-demanda-petrolera-desde-2030\/#primaryimage"},"image":{"@id":"https:\/\/canal7slp.tv\/2019\/el-tiron-del-coche-electrico-puede-estancar-la-demanda-petrolera-desde-2030\/#primaryimage"},"thumbnailUrl":"https:\/\/canal7slp.tv\/2019\/wp-content\/uploads\/2019\/11\/1000-13.jpg","datePublished":"2019-11-13T14:37:13+00:00","breadcrumb":{"@id":"https:\/\/canal7slp.tv\/2019\/el-tiron-del-coche-electrico-puede-estancar-la-demanda-petrolera-desde-2030\/#breadcrumb"},"inLanguage":"es","potentialAction":[{"@type":"ReadAction","target":["https:\/\/canal7slp.tv\/2019\/el-tiron-del-coche-electrico-puede-estancar-la-demanda-petrolera-desde-2030\/"]}]},{"@type":"ImageObject","inLanguage":"es","@id":"https:\/\/canal7slp.tv\/2019\/el-tiron-del-coche-electrico-puede-estancar-la-demanda-petrolera-desde-2030\/#primaryimage","url":"https:\/\/canal7slp.tv\/2019\/wp-content\/uploads\/2019\/11\/1000-13.jpg","contentUrl":"https:\/\/canal7slp.tv\/2019\/wp-content\/uploads\/2019\/11\/1000-13.jpg","width":770,"height":485},{"@type":"BreadcrumbList","@id":"https:\/\/canal7slp.tv\/2019\/el-tiron-del-coche-electrico-puede-estancar-la-demanda-petrolera-desde-2030\/#breadcrumb","itemListElement":[{"@type":"ListItem","position":1,"name":"Home","item":"https:\/\/canal7slp.tv\/2019\/"},{"@type":"ListItem","position":2,"name":"El tir\u00f3n del coche el\u00e9ctrico puede estancar la demanda petrolera desde 2030"}]},{"@type":"WebSite","@id":"https:\/\/canal7slp.tv\/2019\/#website","url":"https:\/\/canal7slp.tv\/2019\/","name":"Canal 7 SLP - Somos TV","description":"Somos un Canal de 10","publisher":{"@id":"https:\/\/canal7slp.tv\/2019\/#organization"},"potentialAction":[{"@type":"SearchAction","target":{"@type":"EntryPoint","urlTemplate":"https:\/\/canal7slp.tv\/2019\/?s={search_term_string}"},"query-input":{"@type":"PropertyValueSpecification","valueRequired":true,"valueName":"search_term_string"}}],"inLanguage":"es"},{"@type":"Organization","@id":"https:\/\/canal7slp.tv\/2019\/#organization","name":"Comunicaci\u00f3n 2000 S.A. de C.V.","url":"https:\/\/canal7slp.tv\/2019\/","logo":{"@type":"ImageObject","inLanguage":"es","@id":"https:\/\/canal7slp.tv\/2019\/#\/schema\/logo\/image\/","url":"https:\/\/canal7slp.tv\/2019\/wp-content\/uploads\/2019\/07\/logo-c7.png","contentUrl":"https:\/\/canal7slp.tv\/2019\/wp-content\/uploads\/2019\/07\/logo-c7.png","width":220,"height":60,"caption":"Comunicaci\u00f3n 2000 S.A. de C.V."},"image":{"@id":"https:\/\/canal7slp.tv\/2019\/#\/schema\/logo\/image\/"},"sameAs":["https:\/\/www.facebook.com\/CANAL7SLP\/","https:\/\/x.com\/canal7_slp","https:\/\/www.instagram.com\/canal7_slp","https:\/\/www.youtube.com\/user\/NOTICIEROSCANAL7SLP\/"]},{"@type":"Person","@id":"https:\/\/canal7slp.tv\/2019\/#\/schema\/person\/11d941c1c6ca30ac0a46b95fa37aa2e3","name":"edicionweb","image":{"@type":"ImageObject","inLanguage":"es","@id":"https:\/\/secure.gravatar.com\/avatar\/eee448fc3f7164808013b816ba91ac7e43bbe82a70bebac296f8bc6f0addaa1a?s=96&d=mm&r=g","url":"https:\/\/secure.gravatar.com\/avatar\/eee448fc3f7164808013b816ba91ac7e43bbe82a70bebac296f8bc6f0addaa1a?s=96&d=mm&r=g","contentUrl":"https:\/\/secure.gravatar.com\/avatar\/eee448fc3f7164808013b816ba91ac7e43bbe82a70bebac296f8bc6f0addaa1a?s=96&d=mm&r=g","caption":"edicionweb"}}]}},"amp_enabled":true,"cmb2":{"video_ids_in_playlist":{"vid_p_videos":""},"video_ids_in_channel":{"vid_c_videos":""},"playlist_ids_in_channel":{"vid_c_playlists":""},"series_ids_in_channel":{"vid_c_series":""},"channel_images":{"vid_c_logo":"","vid_c_banner":""},"poster_feature_image":{"vid_m_poster_image":""},"gif_feature_image":{"vid_m_gif_image":""},"video_movie_settings":{"vid_m_director":"","vid_m_actor":"","vid_m_imdb_ratings":"","vid_m_amazon_associates":""},"vid_youtube_broadcasts_settings":{"vid_yb_broadcast_title":"","vid_yb_q":"","vid_yb_channelid":"","vid_yb_videocategoryid":"","vid_yb_maxresults":"","vid_yb_order":"","vid_yb_regioncode":"","vid_yb_videosyndicated":"","vid_yb_style":"","vid_yb_reload_first":""},"video_series_settings":{"vid_m_director":"","vid_m_actor":"","vid_m_imdb_ratings":"","video_series_group":""},"amazon_associates_settings":{"amazon_associates":"","amazon_native_ad":""},"vid_youtube_automatic_settings":{"vid_ya_youtube_source":"","vid_ya_update_every":"","vid_ya_update_unit":"","vid_ya_categories":"","vid_ya_published_after":"","vid_ya_published_before":"","vid_ya_playlists":"","vid_ya_channels":"","vid_ya_director":"","vid_ya_actor":"","vid_ya_author":"","vid_ya_import_post_date":"","vid_ya_status":"","vid_ya_sub_api_key":""},"vid_ads_m_videoads_settings_post":{"vid_ads_m_video_ads":"","vid_ads_m_video_ads_type":"","vid_ads_m_group_google_ima":"","vid_ads_m_group_image":"","vid_ads_m_group_html5_video":"","vid_ads_m_group_html":"","vid_ads_m_vast_preroll":"","vid_ads_m_vast_postroll":"","vid_ads_m_vast_pauseroll":"","vid_ads_m_vast_midroll":[{"vid_ads_m_vast_timer_seconds":"50"}],"vid_ads_m_time_to_show_ads":"","vid_ads_m_time_skip_ads":"","vid_ads_m_time_to_hide_ads":""},"page_slider_settings":{"display_slider_group":"","page_slider_group":""},"blog_page_settings":{"blog_page_title":"","blog_page_heading":"","blog_page_ic":"","blog_page_it":"","blog_page_ec":"","blog_page_ip":"","archive_loop_style":"","blog_image_ratio":"","blog_show_categories":"","blog_show_excerpt":"","blog_show_author":"","blog_show_date":"","blog_show_comment_count":"","blog_show_view_count":"","blog_show_like_count":"","blog_show_dislike_count":"","blog_items_per_page":"","blog_pag_type":""},"page_options":{"get_page_template":"","color_mode":"","main_layout":"","main_layout_full_with":"","main_logo":"","main_logo_retina":"","main_logo_mobile":"","main_logo_mobile_retina":"","sticky_logo":"","sticky_logo_retina":"","main_nav_layout":"","ajax_search":"","header_background":"","theme_sidebar":"","instagram_feed":"","instagram_feed_position":"","popular_videos":"","popular_videos_title_1":"","popular_videos_title_2":"","popular_videos_ic":"","popular_videos_it":"","theme_background":"","page_custom_css":""},"feature_image_settings":{"feature_image_position":""},"video_player_settings":{"single_video_style":"","video_player_position":"","vm_video_url":"","video_player_library":"","video_streaming":"","vm_media_sources":"","vid_auto_play":"","vm_video_shortcode":"","vid_p_sync_playlist":"","vid_c_sync_channel":"","get_post_format":"","multiple_links_structure":"default","multi_links_title":"","vm_video_multi_links":"","vm_duration":"","vid_social_locker":"off","vid_social_locker_id":"","vid_membership_action":"content-video","vm_video_trailer_url":"","vid_download_type":"free","vid_download_target":"download","vid_woo_product":"","vm_media_download":"","user_rating":"","user_rating_position":"","user_rating_mode":"","user_rating_multi_sets":""},"video_auto_fetch_settings":{"vm_video_fetch":"on"},"video_fake_views_likes":{"vm_fake_views":"","vm_fake_likes":"","vm_fake_dislikes":""},"gallery_settings":{"gallery_position":""},"quote_settings":{"quote_position":""},"post_options":{"main_layout":"","main_logo":"","main_logo_retina":"","main_logo_mobile":"","main_logo_mobile_retina":"","sticky_logo":"","sticky_logo_retina":"","main_nav_layout":"","header_background":"","theme_sidebar":"","single_post_comment_type":"","theme_background":""}},"_links":{"self":[{"href":"https:\/\/canal7slp.tv\/2019\/wp-json\/wp\/v2\/posts\/81507","targetHints":{"allow":["GET"]}}],"collection":[{"href":"https:\/\/canal7slp.tv\/2019\/wp-json\/wp\/v2\/posts"}],"about":[{"href":"https:\/\/canal7slp.tv\/2019\/wp-json\/wp\/v2\/types\/post"}],"author":[{"embeddable":true,"href":"https:\/\/canal7slp.tv\/2019\/wp-json\/wp\/v2\/users\/2"}],"replies":[{"embeddable":true,"href":"https:\/\/canal7slp.tv\/2019\/wp-json\/wp\/v2\/comments?post=81507"}],"version-history":[{"count":0,"href":"https:\/\/canal7slp.tv\/2019\/wp-json\/wp\/v2\/posts\/81507\/revisions"}],"wp:featuredmedia":[{"embeddable":true,"href":"https:\/\/canal7slp.tv\/2019\/wp-json\/wp\/v2\/media\/81508"}],"wp:attachment":[{"href":"https:\/\/canal7slp.tv\/2019\/wp-json\/wp\/v2\/media?parent=81507"}],"wp:term":[{"taxonomy":"category","embeddable":true,"href":"https:\/\/canal7slp.tv\/2019\/wp-json\/wp\/v2\/categories?post=81507"},{"taxonomy":"post_tag","embeddable":true,"href":"https:\/\/canal7slp.tv\/2019\/wp-json\/wp\/v2\/tags?post=81507"}],"curies":[{"name":"wp","href":"https:\/\/api.w.org\/{rel}","templated":true}]}}