{"id":81503,"date":"2019-11-13T08:35:01","date_gmt":"2019-11-13T14:35:01","guid":{"rendered":"https:\/\/canal7slp.tv\/2019\/?p=81503"},"modified":"2019-11-13T08:35:01","modified_gmt":"2019-11-13T14:35:01","slug":"violentos-incidentes-y-fuerte-caida-del-peso-marcan-jornada-de-huelga-en-chile","status":"publish","type":"post","link":"https:\/\/canal7slp.tv\/2019\/violentos-incidentes-y-fuerte-caida-del-peso-marcan-jornada-de-huelga-en-chile\/","title":{"rendered":"Violentos incidentes y fuerte ca\u00edda del peso marcan jornada de huelga en Chile"},"content":{"rendered":"<ul>\n<li style=\"text-align: justify\">Despu\u00e9s de una marcha pac\u00edfica donde participaron unas 80 mil personas se desat\u00f3 la violencia en varias ciudades del pa\u00eds<\/li>\n<\/ul>\n<p style=\"text-align: justify\">Chile.- Barricadas, multitudinarias manifestaciones, incendios, saqueos y violentos enfrentamientos en varias ciudades marcaron una jornada de paro general convocado este martes en Chile por un centenar de organizaciones sociales para presionar al gobierno de Sebasti\u00e1n Pi\u00f1era a que profundice en las reformas sociales.<\/p>\n<p style=\"text-align: justify\">En la jornada, el peso chileno se desplom\u00f3 3.1% y alcanz\u00f3 su valor m\u00ednimo hist\u00f3rico, de 783.82 unidades, mientras que la Bolsa de Comercio de Santiago cay\u00f3 1.57% en medio de los temores sobre los efectos en la econom\u00eda de la extensi\u00f3n de la crisis social.<\/p>\n<p style=\"text-align: justify\">A primera hora, las barricadas incendiadas impidieron el paso de veh\u00edculos en algunos accesos a Santiago. Luego, una gran marcha pac\u00edfica convoc\u00f3 a 80 mil personas \u2014seg\u00fan c\u00e1lculos del gobierno\u2014 por la c\u00e9ntrica avenida Alameda, pero por la tarde volvieron a estallar violentos incidentes en los alrededores de la Plaza Italia y el centro de Santiago.<\/p>\n<p style=\"text-align: justify\">Cuando en varios puntos de Chile ard\u00edan barricas y segu\u00edan los saqueos, Pi\u00f1era entreg\u00f3 un mensaje en el palacio presidencial para anunciar que permitir\u00e1 que polic\u00edas retirados se reintegren a la instituci\u00f3n, para apoyar las labores de resguardo del orden p\u00fablico.<\/p>\n<p style=\"text-align: justify\">Pi\u00f1era evit\u00f3, sin embargo, volver a decretar el estado de emergencia \u2014y con ello, sacar nuevamente a los militares a las calles\u2014 y reiter\u00f3 su propuesta de un gran acuerdo por una nueva Constituci\u00f3n pero sin acoger un llamado a realizar una Asamblea Constituyente, como piden la oposici\u00f3n y organizaciones sociales.<\/p>\n<p style=\"text-align: justify\">&#8220;La grave situaci\u00f3n que vive nuestro pa\u00eds desde hace ya cuatro semanas exige, y con urgencia, dejar de lado todas las peque\u00f1eces, y actuar con la grandeza y el patriotismo que las circunstancias nos exigen&#8221;, afirm\u00f3 el mandatario, sin hacer otros anuncios sustanciales.<\/p>\n<p style=\"text-align: justify\">Durante esta jornada, a un costado de la Plaza Italia, manifestantes encapuchados incendiaron un restaurante y saquearon un hotel, con cuyo mobiliario encendieron una gran fogata. En sus cercan\u00edas se emplaza la embajada de Argentina en Chile, a la que manifestantes tambi\u00e9n intentaron entrar, seg\u00fan relat\u00f3 el embajador Jos\u00e9 Bord\u00f3n.<\/p>\n<p style=\"text-align: justify\">Saqueos a tiendas y violentos choques con la polic\u00eda se generaron en varios otros puntos del centro de Santiago, especialmente fuertes en los alrededores de la casa de gobierno. Una iglesia del tur\u00edstico barrio Lastarria \u2014patrimonio de la ciudad\u2014 result\u00f3 tambi\u00e9n incendiada.<\/p>\n<p style=\"text-align: justify\">En la ciudad de Concepci\u00f3n (sur), manifestantes incendiaron la sede de la gobernaci\u00f3n regional y se enfrentaron con la polic\u00eda, mientras varias tiendas fueron saqueadas en el balneario de Vi\u00f1a del Mar y el tur\u00edstico puerto de Valpara\u00edso, en el centro del pa\u00eds, donde igualmente se registraron violentos enfrentamientos con la polic\u00eda. En la vecina localidad de San Antonio, fue atacado un recinto militar.<\/p>\n<p style=\"text-align: justify\">&#8220;Medidas parche&#8221;<\/p>\n<p style=\"text-align: justify\">&#8220;El descontento es por muchos temas (&#8230;) Todo lo que ha ofrecido el presidente es insuficiente, una burla&#8221;, dijo Karen Delgado, una oficinista de 29 a\u00f1os, en medio de la marcha.<\/p>\n<p style=\"text-align: justify\">&#8220;Le pido al presidente escuchar lo que pedimos y deje de dilatar con estas medidas parche. No escucha a la gente&#8221;, agreg\u00f3.<\/p>\n<p style=\"text-align: justify\">El llamado a huelga general se produjo m\u00e1s de tres semanas despu\u00e9s de que estallaran las primeras protestas sociales. Fue convocada por la llamada &#8220;Mesa Social&#8221;, que re\u00fane a m\u00e1s de un centenar de organizaciones sociales de empleados fiscales, profesores, trabajadores de la salud p\u00fablica, empleados portuarios y de los aeropuertos.<\/p>\n<p style=\"text-align: justify\">B\u00e1rbara Figueroa, presidenta de la Central Unitaria de Trabajadores, dio un &#8220;ultim\u00e1tum&#8221; al gobierno y afirm\u00f3 que llamar\u00edan a un paro indefinido en caso de que no acepte convocar a una Asamblea Constituyente.<\/p>\n<p style=\"text-align: justify\">&#8220;Esta movilizaci\u00f3n de hoy, lo que busca es ser un ultim\u00e1tum para el gobierno, sobre nuestra propuesta que es clara y precisa: No queremos un Congreso Constituyente, nuestra apuesta es construir una nueva constituci\u00f3n v\u00eda asamblea constituyente&#8221;, afirm\u00f3 Figueroa, al hacer un balance de la movilizaci\u00f3n de este martes.<\/p>\n<p style=\"text-align: justify\">Giro presidencial<\/p>\n<p style=\"text-align: justify\">La pulseada llega luego de que Pi\u00f1era se abriera el fin de semana a iniciar un proceso para cambiar la Constituci\u00f3n que se mantiene como herencia de la dictadura de Augusto Pinochet (1973-1990), con un Congreso Constituyente, cuyos detalles y composici\u00f3n a\u00fan no se definen, y un plebiscito ratificatorio.<\/p>\n<p style=\"text-align: justify\">En una declaraci\u00f3n p\u00fablica la tarde de este martes, 14 partidos de oposici\u00f3n exigieron la realizaci\u00f3n de una Asamblea Constituyente.<\/p>\n<p style=\"text-align: justify\">&#8220;La propuesta de un Congreso Constituyente por parte del gobierno se aleja de la demanda popular por participaci\u00f3n y deliberaci\u00f3n&#8221;, dijeron en el texto el Partido Socialista, el Comunista, la Democracia Cristiana y el Partido Radical, adem\u00e1s de agrupaciones de la izquierda radical.<\/p>\n<p style=\"text-align: justify\">En un intento por aunar posiciones, el mandatario se reuni\u00f3 con los expresidentes Eduardo Frei (1994-2000) y Ricardo Lagos (2000-2006) y habl\u00f3 por tel\u00e9fono con la exmandataria socialista Michelle Bachelet, actual alta comisionada de los derechos humanos de las Naciones Unidas.<\/p>\n<p style=\"text-align: justify\">El gobierno de Pi\u00f1era logr\u00f3 tambi\u00e9n un acuerdo con la oposici\u00f3n pol\u00edtica para impulsar una reforma tributaria que recaudar\u00eda unos 2 mil millones de d\u00f3lares, destinados a financiar parte de los anuncios sociales que ha realizado para acallar las protestas sociales. Adem\u00e1s cerr\u00f3 un pacto para aprobar el Presupuesto de 2020, incluyendo algunas concesiones sociales.<\/p>\n","protected":false},"excerpt":{"rendered":"<p>Despu\u00e9s de una marcha pac\u00edfica donde participaron unas 80 mil personas se desat\u00f3 la violencia en varias ciudades del pa\u00eds Chile.- Barricadas, multitudinarias manifestaciones, incendios, saqueos y violentos enfrentamientos en varias ciudades marcaron una jornada de paro general convocado este martes en Chile por un centenar de organizaciones sociales para presionar al gobierno de Sebasti\u00e1n [&hellip;]<\/p>\n","protected":false},"author":2,"featured_media":81504,"comment_status":"open","ping_status":"open","sticky":false,"template":"","format":"standard","meta":{"footnotes":""},"categories":[18],"tags":[],"class_list":["post-81503","post","type-post","status-publish","format-standard","has-post-thumbnail","hentry","category-internacional"],"yoast_head":"<!-- This site is optimized with the Yoast SEO plugin v27.5 - https:\/\/yoast.com\/product\/yoast-seo-wordpress\/ -->\n<title>Violentos incidentes y fuerte ca\u00edda del peso marcan jornada de huelga en Chile - Canal 7 SLP - 2019<\/title>\n<meta name=\"robots\" content=\"index, follow, max-snippet:-1, max-image-preview:large, max-video-preview:-1\" \/>\n<link rel=\"canonical\" href=\"https:\/\/canal7slp.tv\/2019\/violentos-incidentes-y-fuerte-caida-del-peso-marcan-jornada-de-huelga-en-chile\/\" \/>\n<meta property=\"og:locale\" content=\"es_ES\" \/>\n<meta property=\"og:type\" content=\"article\" \/>\n<meta property=\"og:title\" content=\"Violentos incidentes y fuerte ca\u00edda del peso marcan jornada de huelga en Chile - Canal 7 SLP - 2019\" \/>\n<meta property=\"og:description\" content=\"Despu\u00e9s de una marcha pac\u00edfica donde participaron unas 80 mil personas se desat\u00f3 la violencia en varias ciudades del pa\u00eds Chile.- Barricadas, multitudinarias manifestaciones, incendios, saqueos y violentos enfrentamientos en varias ciudades marcaron una jornada de paro general convocado este martes en Chile por un centenar de organizaciones sociales para presionar al gobierno de Sebasti\u00e1n [&hellip;]\" \/>\n<meta property=\"og:url\" content=\"https:\/\/canal7slp.tv\/2019\/violentos-incidentes-y-fuerte-caida-del-peso-marcan-jornada-de-huelga-en-chile\/\" \/>\n<meta property=\"og:site_name\" content=\"Canal 7 SLP - 2019\" \/>\n<meta property=\"article:publisher\" content=\"https:\/\/www.facebook.com\/CANAL7SLP\/\" \/>\n<meta property=\"article:published_time\" content=\"2019-11-13T14:35:01+00:00\" \/>\n<meta property=\"og:image\" content=\"https:\/\/canal7slp.tv\/2019\/wp-content\/uploads\/2019\/11\/945-8.jpg\" \/>\n\t<meta property=\"og:image:width\" content=\"770\" \/>\n\t<meta property=\"og:image:height\" content=\"485\" \/>\n\t<meta property=\"og:image:type\" content=\"image\/jpeg\" \/>\n<meta name=\"author\" content=\"edicionweb\" \/>\n<meta name=\"twitter:card\" content=\"summary_large_image\" \/>\n<meta name=\"twitter:creator\" content=\"@canal7_slp\" \/>\n<meta name=\"twitter:site\" content=\"@canal7_slp\" \/>\n<meta name=\"twitter:label1\" content=\"Escrito por\" \/>\n\t<meta name=\"twitter:data1\" content=\"edicionweb\" \/>\n\t<meta name=\"twitter:label2\" content=\"Tiempo de lectura\" \/>\n\t<meta name=\"twitter:data2\" content=\"5 minutos\" \/>\n<script type=\"application\/ld+json\" class=\"yoast-schema-graph\">{\"@context\":\"https:\\\/\\\/schema.org\",\"@graph\":[{\"@type\":\"Article\",\"@id\":\"https:\\\/\\\/canal7slp.tv\\\/2019\\\/violentos-incidentes-y-fuerte-caida-del-peso-marcan-jornada-de-huelga-en-chile\\\/#article\",\"isPartOf\":{\"@id\":\"https:\\\/\\\/canal7slp.tv\\\/2019\\\/violentos-incidentes-y-fuerte-caida-del-peso-marcan-jornada-de-huelga-en-chile\\\/\"},\"author\":{\"name\":\"edicionweb\",\"@id\":\"https:\\\/\\\/canal7slp.tv\\\/2019\\\/#\\\/schema\\\/person\\\/11d941c1c6ca30ac0a46b95fa37aa2e3\"},\"headline\":\"Violentos incidentes y fuerte ca\u00edda del peso marcan jornada de huelga en Chile\",\"datePublished\":\"2019-11-13T14:35:01+00:00\",\"mainEntityOfPage\":{\"@id\":\"https:\\\/\\\/canal7slp.tv\\\/2019\\\/violentos-incidentes-y-fuerte-caida-del-peso-marcan-jornada-de-huelga-en-chile\\\/\"},\"wordCount\":933,\"commentCount\":0,\"publisher\":{\"@id\":\"https:\\\/\\\/canal7slp.tv\\\/2019\\\/#organization\"},\"image\":{\"@id\":\"https:\\\/\\\/canal7slp.tv\\\/2019\\\/violentos-incidentes-y-fuerte-caida-del-peso-marcan-jornada-de-huelga-en-chile\\\/#primaryimage\"},\"thumbnailUrl\":\"https:\\\/\\\/canal7slp.tv\\\/2019\\\/wp-content\\\/uploads\\\/2019\\\/11\\\/945-8.jpg\",\"articleSection\":[\"INTERNACIONAL\"],\"inLanguage\":\"es\",\"potentialAction\":[{\"@type\":\"CommentAction\",\"name\":\"Comment\",\"target\":[\"https:\\\/\\\/canal7slp.tv\\\/2019\\\/violentos-incidentes-y-fuerte-caida-del-peso-marcan-jornada-de-huelga-en-chile\\\/#respond\"]}]},{\"@type\":\"WebPage\",\"@id\":\"https:\\\/\\\/canal7slp.tv\\\/2019\\\/violentos-incidentes-y-fuerte-caida-del-peso-marcan-jornada-de-huelga-en-chile\\\/\",\"url\":\"https:\\\/\\\/canal7slp.tv\\\/2019\\\/violentos-incidentes-y-fuerte-caida-del-peso-marcan-jornada-de-huelga-en-chile\\\/\",\"name\":\"Violentos incidentes y fuerte ca\u00edda del peso marcan jornada de huelga en Chile - Canal 7 SLP - 2019\",\"isPartOf\":{\"@id\":\"https:\\\/\\\/canal7slp.tv\\\/2019\\\/#website\"},\"primaryImageOfPage\":{\"@id\":\"https:\\\/\\\/canal7slp.tv\\\/2019\\\/violentos-incidentes-y-fuerte-caida-del-peso-marcan-jornada-de-huelga-en-chile\\\/#primaryimage\"},\"image\":{\"@id\":\"https:\\\/\\\/canal7slp.tv\\\/2019\\\/violentos-incidentes-y-fuerte-caida-del-peso-marcan-jornada-de-huelga-en-chile\\\/#primaryimage\"},\"thumbnailUrl\":\"https:\\\/\\\/canal7slp.tv\\\/2019\\\/wp-content\\\/uploads\\\/2019\\\/11\\\/945-8.jpg\",\"datePublished\":\"2019-11-13T14:35:01+00:00\",\"breadcrumb\":{\"@id\":\"https:\\\/\\\/canal7slp.tv\\\/2019\\\/violentos-incidentes-y-fuerte-caida-del-peso-marcan-jornada-de-huelga-en-chile\\\/#breadcrumb\"},\"inLanguage\":\"es\",\"potentialAction\":[{\"@type\":\"ReadAction\",\"target\":[\"https:\\\/\\\/canal7slp.tv\\\/2019\\\/violentos-incidentes-y-fuerte-caida-del-peso-marcan-jornada-de-huelga-en-chile\\\/\"]}]},{\"@type\":\"ImageObject\",\"inLanguage\":\"es\",\"@id\":\"https:\\\/\\\/canal7slp.tv\\\/2019\\\/violentos-incidentes-y-fuerte-caida-del-peso-marcan-jornada-de-huelga-en-chile\\\/#primaryimage\",\"url\":\"https:\\\/\\\/canal7slp.tv\\\/2019\\\/wp-content\\\/uploads\\\/2019\\\/11\\\/945-8.jpg\",\"contentUrl\":\"https:\\\/\\\/canal7slp.tv\\\/2019\\\/wp-content\\\/uploads\\\/2019\\\/11\\\/945-8.jpg\",\"width\":770,\"height\":485},{\"@type\":\"BreadcrumbList\",\"@id\":\"https:\\\/\\\/canal7slp.tv\\\/2019\\\/violentos-incidentes-y-fuerte-caida-del-peso-marcan-jornada-de-huelga-en-chile\\\/#breadcrumb\",\"itemListElement\":[{\"@type\":\"ListItem\",\"position\":1,\"name\":\"Home\",\"item\":\"https:\\\/\\\/canal7slp.tv\\\/2019\\\/\"},{\"@type\":\"ListItem\",\"position\":2,\"name\":\"Violentos incidentes y fuerte ca\u00edda del peso marcan jornada de huelga en Chile\"}]},{\"@type\":\"WebSite\",\"@id\":\"https:\\\/\\\/canal7slp.tv\\\/2019\\\/#website\",\"url\":\"https:\\\/\\\/canal7slp.tv\\\/2019\\\/\",\"name\":\"Canal 7 SLP - Somos TV\",\"description\":\"Somos un Canal de 10\",\"publisher\":{\"@id\":\"https:\\\/\\\/canal7slp.tv\\\/2019\\\/#organization\"},\"potentialAction\":[{\"@type\":\"SearchAction\",\"target\":{\"@type\":\"EntryPoint\",\"urlTemplate\":\"https:\\\/\\\/canal7slp.tv\\\/2019\\\/?s={search_term_string}\"},\"query-input\":{\"@type\":\"PropertyValueSpecification\",\"valueRequired\":true,\"valueName\":\"search_term_string\"}}],\"inLanguage\":\"es\"},{\"@type\":\"Organization\",\"@id\":\"https:\\\/\\\/canal7slp.tv\\\/2019\\\/#organization\",\"name\":\"Comunicaci\u00f3n 2000 S.A. de C.V.\",\"url\":\"https:\\\/\\\/canal7slp.tv\\\/2019\\\/\",\"logo\":{\"@type\":\"ImageObject\",\"inLanguage\":\"es\",\"@id\":\"https:\\\/\\\/canal7slp.tv\\\/2019\\\/#\\\/schema\\\/logo\\\/image\\\/\",\"url\":\"https:\\\/\\\/canal7slp.tv\\\/2019\\\/wp-content\\\/uploads\\\/2019\\\/07\\\/logo-c7.png\",\"contentUrl\":\"https:\\\/\\\/canal7slp.tv\\\/2019\\\/wp-content\\\/uploads\\\/2019\\\/07\\\/logo-c7.png\",\"width\":220,\"height\":60,\"caption\":\"Comunicaci\u00f3n 2000 S.A. de C.V.\"},\"image\":{\"@id\":\"https:\\\/\\\/canal7slp.tv\\\/2019\\\/#\\\/schema\\\/logo\\\/image\\\/\"},\"sameAs\":[\"https:\\\/\\\/www.facebook.com\\\/CANAL7SLP\\\/\",\"https:\\\/\\\/x.com\\\/canal7_slp\",\"https:\\\/\\\/www.instagram.com\\\/canal7_slp\",\"https:\\\/\\\/www.youtube.com\\\/user\\\/NOTICIEROSCANAL7SLP\\\/\"]},{\"@type\":\"Person\",\"@id\":\"https:\\\/\\\/canal7slp.tv\\\/2019\\\/#\\\/schema\\\/person\\\/11d941c1c6ca30ac0a46b95fa37aa2e3\",\"name\":\"edicionweb\",\"image\":{\"@type\":\"ImageObject\",\"inLanguage\":\"es\",\"@id\":\"https:\\\/\\\/secure.gravatar.com\\\/avatar\\\/eee448fc3f7164808013b816ba91ac7e43bbe82a70bebac296f8bc6f0addaa1a?s=96&d=mm&r=g\",\"url\":\"https:\\\/\\\/secure.gravatar.com\\\/avatar\\\/eee448fc3f7164808013b816ba91ac7e43bbe82a70bebac296f8bc6f0addaa1a?s=96&d=mm&r=g\",\"contentUrl\":\"https:\\\/\\\/secure.gravatar.com\\\/avatar\\\/eee448fc3f7164808013b816ba91ac7e43bbe82a70bebac296f8bc6f0addaa1a?s=96&d=mm&r=g\",\"caption\":\"edicionweb\"}}]}<\/script>\n<!-- \/ Yoast SEO plugin. -->","yoast_head_json":{"title":"Violentos incidentes y fuerte ca\u00edda del peso marcan jornada de huelga en Chile - Canal 7 SLP - 2019","robots":{"index":"index","follow":"follow","max-snippet":"max-snippet:-1","max-image-preview":"max-image-preview:large","max-video-preview":"max-video-preview:-1"},"canonical":"https:\/\/canal7slp.tv\/2019\/violentos-incidentes-y-fuerte-caida-del-peso-marcan-jornada-de-huelga-en-chile\/","og_locale":"es_ES","og_type":"article","og_title":"Violentos incidentes y fuerte ca\u00edda del peso marcan jornada de huelga en Chile - Canal 7 SLP - 2019","og_description":"Despu\u00e9s de una marcha pac\u00edfica donde participaron unas 80 mil personas se desat\u00f3 la violencia en varias ciudades del pa\u00eds Chile.- Barricadas, multitudinarias manifestaciones, incendios, saqueos y violentos enfrentamientos en varias ciudades marcaron una jornada de paro general convocado este martes en Chile por un centenar de organizaciones sociales para presionar al gobierno de Sebasti\u00e1n [&hellip;]","og_url":"https:\/\/canal7slp.tv\/2019\/violentos-incidentes-y-fuerte-caida-del-peso-marcan-jornada-de-huelga-en-chile\/","og_site_name":"Canal 7 SLP - 2019","article_publisher":"https:\/\/www.facebook.com\/CANAL7SLP\/","article_published_time":"2019-11-13T14:35:01+00:00","og_image":[{"width":770,"height":485,"url":"https:\/\/canal7slp.tv\/2019\/wp-content\/uploads\/2019\/11\/945-8.jpg","type":"image\/jpeg"}],"author":"edicionweb","twitter_card":"summary_large_image","twitter_creator":"@canal7_slp","twitter_site":"@canal7_slp","twitter_misc":{"Escrito por":"edicionweb","Tiempo de lectura":"5 minutos"},"schema":{"@context":"https:\/\/schema.org","@graph":[{"@type":"Article","@id":"https:\/\/canal7slp.tv\/2019\/violentos-incidentes-y-fuerte-caida-del-peso-marcan-jornada-de-huelga-en-chile\/#article","isPartOf":{"@id":"https:\/\/canal7slp.tv\/2019\/violentos-incidentes-y-fuerte-caida-del-peso-marcan-jornada-de-huelga-en-chile\/"},"author":{"name":"edicionweb","@id":"https:\/\/canal7slp.tv\/2019\/#\/schema\/person\/11d941c1c6ca30ac0a46b95fa37aa2e3"},"headline":"Violentos incidentes y fuerte ca\u00edda del peso marcan jornada de huelga en Chile","datePublished":"2019-11-13T14:35:01+00:00","mainEntityOfPage":{"@id":"https:\/\/canal7slp.tv\/2019\/violentos-incidentes-y-fuerte-caida-del-peso-marcan-jornada-de-huelga-en-chile\/"},"wordCount":933,"commentCount":0,"publisher":{"@id":"https:\/\/canal7slp.tv\/2019\/#organization"},"image":{"@id":"https:\/\/canal7slp.tv\/2019\/violentos-incidentes-y-fuerte-caida-del-peso-marcan-jornada-de-huelga-en-chile\/#primaryimage"},"thumbnailUrl":"https:\/\/canal7slp.tv\/2019\/wp-content\/uploads\/2019\/11\/945-8.jpg","articleSection":["INTERNACIONAL"],"inLanguage":"es","potentialAction":[{"@type":"CommentAction","name":"Comment","target":["https:\/\/canal7slp.tv\/2019\/violentos-incidentes-y-fuerte-caida-del-peso-marcan-jornada-de-huelga-en-chile\/#respond"]}]},{"@type":"WebPage","@id":"https:\/\/canal7slp.tv\/2019\/violentos-incidentes-y-fuerte-caida-del-peso-marcan-jornada-de-huelga-en-chile\/","url":"https:\/\/canal7slp.tv\/2019\/violentos-incidentes-y-fuerte-caida-del-peso-marcan-jornada-de-huelga-en-chile\/","name":"Violentos incidentes y fuerte ca\u00edda del peso marcan jornada de huelga en Chile - Canal 7 SLP - 2019","isPartOf":{"@id":"https:\/\/canal7slp.tv\/2019\/#website"},"primaryImageOfPage":{"@id":"https:\/\/canal7slp.tv\/2019\/violentos-incidentes-y-fuerte-caida-del-peso-marcan-jornada-de-huelga-en-chile\/#primaryimage"},"image":{"@id":"https:\/\/canal7slp.tv\/2019\/violentos-incidentes-y-fuerte-caida-del-peso-marcan-jornada-de-huelga-en-chile\/#primaryimage"},"thumbnailUrl":"https:\/\/canal7slp.tv\/2019\/wp-content\/uploads\/2019\/11\/945-8.jpg","datePublished":"2019-11-13T14:35:01+00:00","breadcrumb":{"@id":"https:\/\/canal7slp.tv\/2019\/violentos-incidentes-y-fuerte-caida-del-peso-marcan-jornada-de-huelga-en-chile\/#breadcrumb"},"inLanguage":"es","potentialAction":[{"@type":"ReadAction","target":["https:\/\/canal7slp.tv\/2019\/violentos-incidentes-y-fuerte-caida-del-peso-marcan-jornada-de-huelga-en-chile\/"]}]},{"@type":"ImageObject","inLanguage":"es","@id":"https:\/\/canal7slp.tv\/2019\/violentos-incidentes-y-fuerte-caida-del-peso-marcan-jornada-de-huelga-en-chile\/#primaryimage","url":"https:\/\/canal7slp.tv\/2019\/wp-content\/uploads\/2019\/11\/945-8.jpg","contentUrl":"https:\/\/canal7slp.tv\/2019\/wp-content\/uploads\/2019\/11\/945-8.jpg","width":770,"height":485},{"@type":"BreadcrumbList","@id":"https:\/\/canal7slp.tv\/2019\/violentos-incidentes-y-fuerte-caida-del-peso-marcan-jornada-de-huelga-en-chile\/#breadcrumb","itemListElement":[{"@type":"ListItem","position":1,"name":"Home","item":"https:\/\/canal7slp.tv\/2019\/"},{"@type":"ListItem","position":2,"name":"Violentos incidentes y fuerte ca\u00edda del peso marcan jornada de huelga en Chile"}]},{"@type":"WebSite","@id":"https:\/\/canal7slp.tv\/2019\/#website","url":"https:\/\/canal7slp.tv\/2019\/","name":"Canal 7 SLP - Somos TV","description":"Somos un Canal de 10","publisher":{"@id":"https:\/\/canal7slp.tv\/2019\/#organization"},"potentialAction":[{"@type":"SearchAction","target":{"@type":"EntryPoint","urlTemplate":"https:\/\/canal7slp.tv\/2019\/?s={search_term_string}"},"query-input":{"@type":"PropertyValueSpecification","valueRequired":true,"valueName":"search_term_string"}}],"inLanguage":"es"},{"@type":"Organization","@id":"https:\/\/canal7slp.tv\/2019\/#organization","name":"Comunicaci\u00f3n 2000 S.A. de C.V.","url":"https:\/\/canal7slp.tv\/2019\/","logo":{"@type":"ImageObject","inLanguage":"es","@id":"https:\/\/canal7slp.tv\/2019\/#\/schema\/logo\/image\/","url":"https:\/\/canal7slp.tv\/2019\/wp-content\/uploads\/2019\/07\/logo-c7.png","contentUrl":"https:\/\/canal7slp.tv\/2019\/wp-content\/uploads\/2019\/07\/logo-c7.png","width":220,"height":60,"caption":"Comunicaci\u00f3n 2000 S.A. de C.V."},"image":{"@id":"https:\/\/canal7slp.tv\/2019\/#\/schema\/logo\/image\/"},"sameAs":["https:\/\/www.facebook.com\/CANAL7SLP\/","https:\/\/x.com\/canal7_slp","https:\/\/www.instagram.com\/canal7_slp","https:\/\/www.youtube.com\/user\/NOTICIEROSCANAL7SLP\/"]},{"@type":"Person","@id":"https:\/\/canal7slp.tv\/2019\/#\/schema\/person\/11d941c1c6ca30ac0a46b95fa37aa2e3","name":"edicionweb","image":{"@type":"ImageObject","inLanguage":"es","@id":"https:\/\/secure.gravatar.com\/avatar\/eee448fc3f7164808013b816ba91ac7e43bbe82a70bebac296f8bc6f0addaa1a?s=96&d=mm&r=g","url":"https:\/\/secure.gravatar.com\/avatar\/eee448fc3f7164808013b816ba91ac7e43bbe82a70bebac296f8bc6f0addaa1a?s=96&d=mm&r=g","contentUrl":"https:\/\/secure.gravatar.com\/avatar\/eee448fc3f7164808013b816ba91ac7e43bbe82a70bebac296f8bc6f0addaa1a?s=96&d=mm&r=g","caption":"edicionweb"}}]}},"amp_enabled":true,"cmb2":{"video_ids_in_playlist":{"vid_p_videos":""},"video_ids_in_channel":{"vid_c_videos":""},"playlist_ids_in_channel":{"vid_c_playlists":""},"series_ids_in_channel":{"vid_c_series":""},"channel_images":{"vid_c_logo":"","vid_c_banner":""},"poster_feature_image":{"vid_m_poster_image":""},"gif_feature_image":{"vid_m_gif_image":""},"video_movie_settings":{"vid_m_director":"","vid_m_actor":"","vid_m_imdb_ratings":"","vid_m_amazon_associates":""},"vid_youtube_broadcasts_settings":{"vid_yb_broadcast_title":"","vid_yb_q":"","vid_yb_channelid":"","vid_yb_videocategoryid":"","vid_yb_maxresults":"","vid_yb_order":"","vid_yb_regioncode":"","vid_yb_videosyndicated":"","vid_yb_style":"","vid_yb_reload_first":""},"video_series_settings":{"vid_m_director":"","vid_m_actor":"","vid_m_imdb_ratings":"","video_series_group":""},"amazon_associates_settings":{"amazon_associates":"","amazon_native_ad":""},"vid_youtube_automatic_settings":{"vid_ya_youtube_source":"","vid_ya_update_every":"","vid_ya_update_unit":"","vid_ya_categories":"","vid_ya_published_after":"","vid_ya_published_before":"","vid_ya_playlists":"","vid_ya_channels":"","vid_ya_director":"","vid_ya_actor":"","vid_ya_author":"","vid_ya_import_post_date":"","vid_ya_status":"","vid_ya_sub_api_key":""},"vid_ads_m_videoads_settings_post":{"vid_ads_m_video_ads":"","vid_ads_m_video_ads_type":"","vid_ads_m_group_google_ima":"","vid_ads_m_group_image":"","vid_ads_m_group_html5_video":"","vid_ads_m_group_html":"","vid_ads_m_vast_preroll":"","vid_ads_m_vast_postroll":"","vid_ads_m_vast_pauseroll":"","vid_ads_m_vast_midroll":[{"vid_ads_m_vast_timer_seconds":"50"}],"vid_ads_m_time_to_show_ads":"","vid_ads_m_time_skip_ads":"","vid_ads_m_time_to_hide_ads":""},"page_slider_settings":{"display_slider_group":"","page_slider_group":""},"blog_page_settings":{"blog_page_title":"","blog_page_heading":"","blog_page_ic":"","blog_page_it":"","blog_page_ec":"","blog_page_ip":"","archive_loop_style":"","blog_image_ratio":"","blog_show_categories":"","blog_show_excerpt":"","blog_show_author":"","blog_show_date":"","blog_show_comment_count":"","blog_show_view_count":"","blog_show_like_count":"","blog_show_dislike_count":"","blog_items_per_page":"","blog_pag_type":""},"page_options":{"get_page_template":"","color_mode":"","main_layout":"","main_layout_full_with":"","main_logo":"","main_logo_retina":"","main_logo_mobile":"","main_logo_mobile_retina":"","sticky_logo":"","sticky_logo_retina":"","main_nav_layout":"","ajax_search":"","header_background":"","theme_sidebar":"","instagram_feed":"","instagram_feed_position":"","popular_videos":"","popular_videos_title_1":"","popular_videos_title_2":"","popular_videos_ic":"","popular_videos_it":"","theme_background":"","page_custom_css":""},"feature_image_settings":{"feature_image_position":""},"video_player_settings":{"single_video_style":"","video_player_position":"","vm_video_url":"","video_player_library":"","video_streaming":"","vm_media_sources":"","vid_auto_play":"","vm_video_shortcode":"","vid_p_sync_playlist":"","vid_c_sync_channel":"","get_post_format":"","multiple_links_structure":"default","multi_links_title":"","vm_video_multi_links":"","vm_duration":"","vid_social_locker":"off","vid_social_locker_id":"","vid_membership_action":"content-video","vm_video_trailer_url":"","vid_download_type":"free","vid_download_target":"download","vid_woo_product":"","vm_media_download":"","user_rating":"","user_rating_position":"","user_rating_mode":"","user_rating_multi_sets":""},"video_auto_fetch_settings":{"vm_video_fetch":"on"},"video_fake_views_likes":{"vm_fake_views":"","vm_fake_likes":"","vm_fake_dislikes":""},"gallery_settings":{"gallery_position":""},"quote_settings":{"quote_position":""},"post_options":{"main_layout":"","main_logo":"","main_logo_retina":"","main_logo_mobile":"","main_logo_mobile_retina":"","sticky_logo":"","sticky_logo_retina":"","main_nav_layout":"","header_background":"","theme_sidebar":"","single_post_comment_type":"","theme_background":""}},"_links":{"self":[{"href":"https:\/\/canal7slp.tv\/2019\/wp-json\/wp\/v2\/posts\/81503","targetHints":{"allow":["GET"]}}],"collection":[{"href":"https:\/\/canal7slp.tv\/2019\/wp-json\/wp\/v2\/posts"}],"about":[{"href":"https:\/\/canal7slp.tv\/2019\/wp-json\/wp\/v2\/types\/post"}],"author":[{"embeddable":true,"href":"https:\/\/canal7slp.tv\/2019\/wp-json\/wp\/v2\/users\/2"}],"replies":[{"embeddable":true,"href":"https:\/\/canal7slp.tv\/2019\/wp-json\/wp\/v2\/comments?post=81503"}],"version-history":[{"count":0,"href":"https:\/\/canal7slp.tv\/2019\/wp-json\/wp\/v2\/posts\/81503\/revisions"}],"wp:featuredmedia":[{"embeddable":true,"href":"https:\/\/canal7slp.tv\/2019\/wp-json\/wp\/v2\/media\/81504"}],"wp:attachment":[{"href":"https:\/\/canal7slp.tv\/2019\/wp-json\/wp\/v2\/media?parent=81503"}],"wp:term":[{"taxonomy":"category","embeddable":true,"href":"https:\/\/canal7slp.tv\/2019\/wp-json\/wp\/v2\/categories?post=81503"},{"taxonomy":"post_tag","embeddable":true,"href":"https:\/\/canal7slp.tv\/2019\/wp-json\/wp\/v2\/tags?post=81503"}],"curies":[{"name":"wp","href":"https:\/\/api.w.org\/{rel}","templated":true}]}}