{"id":81438,"date":"2019-11-12T19:38:17","date_gmt":"2019-11-13T01:38:17","guid":{"rendered":"https:\/\/canal7slp.tv\/2019\/?p=81438"},"modified":"2019-11-12T20:03:35","modified_gmt":"2019-11-13T02:03:35","slug":"fue-inaugurada-la-xxxiii-convencion-nacional-y-expo-de-la-aneas","status":"publish","type":"post","link":"https:\/\/canal7slp.tv\/2019\/fue-inaugurada-la-xxxiii-convencion-nacional-y-expo-de-la-aneas\/","title":{"rendered":"Fue inaugurada la XXXIII Convenci\u00f3n Nacional y Expo de la ANEAS."},"content":{"rendered":"<p style=\"text-align: justify\">SLP.- M\u00e1s de 160 mil comunidades de menos de 250 habitantes en la Rep\u00fablica Mexicana, nunca han tenido servicio de agua y saneamiento.<\/p>\n<p style=\"text-align: justify\">Con base en el Instituto Nacional de Estad\u00edstica, Geograf\u00eda e Inform\u00e1tica (INEGI) alrededor de 40 millones de mexicanos no acceden diariamente al agua en su hogar, por lo cual se destina una cantidad exorbitante de dinero en agua embotellada.<\/p>\n<p style=\"text-align: justify\">Lo anterior fue dado a conocer por el presidente de la Asociaci\u00f3n Nacional de Empresas de Agua y Saneamiento de M\u00e9xico (ANEAS) Arturo Palma Carro, en el marco de la inauguraci\u00f3n de la XXXIII Convenci\u00f3n Nacional y Expo, con sede en San Luis Potos\u00ed.<\/p>\n<p style=\"text-align: justify\">Advirti\u00f3 que entre todos los organismos, la recaudaci\u00f3n asciende a 44 mil millones de pesos.<\/p>\n<p style=\"text-align: justify\">Ello equivale a que si se vendiera un tinaco de mil litros con agua embotellada, la gente pagar\u00eda por lo menos mil 500 pesos, pero a las instancias se otorgan $3.30.<\/p>\n<p style=\"text-align: justify\">Expuso que un programa de tratamiento de aguas residuales dej\u00f3 de existir, a pesar que la fauna de agua dulce se extingue cinco veces m\u00e1s r\u00e1pido que los animales terrestres.<\/p>\n<p style=\"text-align: justify\">Otro tema en agenda tiene que ver con las tarifas el\u00e9ctricas, porque al adoptarse como industria, la variaci\u00f3n fue de 120 por ciento en algunos estados.<\/p>\n<p style=\"text-align: justify\">De actuarse en consecuencia, las autoridades habr\u00edan tenido que subir 50 por ciento el precio por metro c\u00fabico a los usuarios.<\/p>\n<p style=\"text-align: justify\">Arturo Palma Carro se dirigi\u00f3 a la directora general de la Comisi\u00f3n Nacional del Agua (CONAGUA) Blanca Jim\u00e9nez Cisneros.<\/p>\n<p style=\"text-align: justify\">Agradeci\u00f3 la gesti\u00f3n ante la Comisi\u00f3n Federal de Electricidad (CFE) y la Secretar\u00eda de Hacienda y Cr\u00e9dito P\u00fablico (SHCP) para obtener tarifas acorde al servicio que se presta.<\/p>\n<p style=\"text-align: justify\">Expres\u00f3 que la CONAGUA ser\u00eda el organismo que genere una reforma a la Ley de Aguas Nacionales y su reglamento, conforme las necesidades del pa\u00eds ya que urgen pol\u00edticas p\u00fablicas adecuadas.<\/p>\n<p style=\"text-align: justify\">Adem\u00e1s, solicit\u00f3 a Blanca Jim\u00e9nez Cisneros ser portavoz con el presidente, Andr\u00e9s Manuel L\u00f3pez Obrador sobre la importancia de la inversi\u00f3n en el subsector de agua y saneamiento.<\/p>\n<p style=\"text-align: justify\">Al respecto, la Directora General de la Comisi\u00f3n Nacional del Agua asever\u00f3 que en la Federaci\u00f3n se entiende la relevancia del tema h\u00eddrico, al tiempo que argument\u00f3 que la bolsa de recursos disponibles es peque\u00f1a.<\/p>\n<p style=\"text-align: justify\">As\u00ed, afirm\u00f3 que tanto ella como el gobernador, Juan Manuel Carreras L\u00f3pez han abordado dicha cuesti\u00f3n en Presidencia de la Rep\u00fablica.<\/p>\n<p style=\"text-align: justify\">No obstante, indic\u00f3 que debe priorizarse la seguridad.<\/p>\n<p style=\"text-align: justify\">Jim\u00e9nez Cisneros hizo \u00e9nfasis en que no todas las obras pueden emanar del presupuesto federal, sin que ello implique enfocarse en tarifas o impuestos.<\/p>\n<p style=\"text-align: justify\">En cuanto a las tarifas, justific\u00f3 que tambi\u00e9n impacta a la CONAGUA la clasificaci\u00f3n de tarifa industrial.<\/p>\n<p>Por: Paulina Rodr\u00edguez<\/p>\n","protected":false},"excerpt":{"rendered":"<p>SLP.- M\u00e1s de 160 mil comunidades de menos de 250 habitantes en la Rep\u00fablica Mexicana, nunca han tenido servicio de agua y saneamiento. Con base en el Instituto Nacional de Estad\u00edstica, Geograf\u00eda e Inform\u00e1tica (INEGI) alrededor de 40 millones de mexicanos no acceden diariamente al agua en su hogar, por lo cual se destina una [&hellip;]<\/p>\n","protected":false},"author":2,"featured_media":81452,"comment_status":"open","ping_status":"open","sticky":false,"template":"","format":"video","meta":{"footnotes":""},"categories":[108,17],"tags":[],"class_list":["post-81438","post","type-post","status-publish","format-video","has-post-thumbnail","hentry","category-destacadas","category-localesyregionales","post_format-post-format-video"],"yoast_head":"<!-- This site is optimized with the Yoast SEO plugin v27.5 - https:\/\/yoast.com\/product\/yoast-seo-wordpress\/ -->\n<title>Fue inaugurada la XXXIII Convenci\u00f3n Nacional y Expo de la ANEAS. - Canal 7 SLP - 2019<\/title>\n<meta name=\"robots\" content=\"index, follow, max-snippet:-1, max-image-preview:large, max-video-preview:-1\" \/>\n<link rel=\"canonical\" href=\"https:\/\/canal7slp.tv\/2019\/fue-inaugurada-la-xxxiii-convencion-nacional-y-expo-de-la-aneas\/\" \/>\n<meta property=\"og:locale\" content=\"es_ES\" \/>\n<meta property=\"og:type\" content=\"article\" \/>\n<meta property=\"og:title\" content=\"Fue inaugurada la XXXIII Convenci\u00f3n Nacional y Expo de la ANEAS. - Canal 7 SLP - 2019\" \/>\n<meta property=\"og:description\" content=\"SLP.- M\u00e1s de 160 mil comunidades de menos de 250 habitantes en la Rep\u00fablica Mexicana, nunca han tenido servicio de agua y saneamiento. Con base en el Instituto Nacional de Estad\u00edstica, Geograf\u00eda e Inform\u00e1tica (INEGI) alrededor de 40 millones de mexicanos no acceden diariamente al agua en su hogar, por lo cual se destina una [&hellip;]\" \/>\n<meta property=\"og:url\" content=\"https:\/\/canal7slp.tv\/2019\/fue-inaugurada-la-xxxiii-convencion-nacional-y-expo-de-la-aneas\/\" \/>\n<meta property=\"og:site_name\" content=\"Canal 7 SLP - 2019\" \/>\n<meta property=\"article:publisher\" content=\"https:\/\/www.facebook.com\/CANAL7SLP\/\" \/>\n<meta property=\"article:published_time\" content=\"2019-11-13T01:38:17+00:00\" \/>\n<meta property=\"article:modified_time\" content=\"2019-11-13T02:03:35+00:00\" \/>\n<meta property=\"og:image\" content=\"https:\/\/canal7slp.tv\/2019\/wp-content\/uploads\/2019\/11\/inauguracionaneas-1.png\" \/>\n\t<meta property=\"og:image:width\" content=\"750\" \/>\n\t<meta property=\"og:image:height\" content=\"421\" \/>\n\t<meta property=\"og:image:type\" content=\"image\/png\" \/>\n<meta name=\"author\" content=\"edicionweb\" \/>\n<meta name=\"twitter:card\" content=\"summary_large_image\" \/>\n<meta name=\"twitter:creator\" content=\"@canal7_slp\" \/>\n<meta name=\"twitter:site\" content=\"@canal7_slp\" \/>\n<meta name=\"twitter:label1\" content=\"Escrito por\" \/>\n\t<meta name=\"twitter:data1\" content=\"edicionweb\" \/>\n\t<meta name=\"twitter:label2\" content=\"Tiempo de lectura\" \/>\n\t<meta name=\"twitter:data2\" content=\"2 minutos\" \/>\n<script type=\"application\/ld+json\" class=\"yoast-schema-graph\">{\"@context\":\"https:\\\/\\\/schema.org\",\"@graph\":[{\"@type\":\"Article\",\"@id\":\"https:\\\/\\\/canal7slp.tv\\\/2019\\\/fue-inaugurada-la-xxxiii-convencion-nacional-y-expo-de-la-aneas\\\/#article\",\"isPartOf\":{\"@id\":\"https:\\\/\\\/canal7slp.tv\\\/2019\\\/fue-inaugurada-la-xxxiii-convencion-nacional-y-expo-de-la-aneas\\\/\"},\"author\":{\"name\":\"edicionweb\",\"@id\":\"https:\\\/\\\/canal7slp.tv\\\/2019\\\/#\\\/schema\\\/person\\\/11d941c1c6ca30ac0a46b95fa37aa2e3\"},\"headline\":\"Fue inaugurada la XXXIII Convenci\u00f3n Nacional y Expo de la ANEAS.\",\"datePublished\":\"2019-11-13T01:38:17+00:00\",\"dateModified\":\"2019-11-13T02:03:35+00:00\",\"mainEntityOfPage\":{\"@id\":\"https:\\\/\\\/canal7slp.tv\\\/2019\\\/fue-inaugurada-la-xxxiii-convencion-nacional-y-expo-de-la-aneas\\\/\"},\"wordCount\":492,\"commentCount\":0,\"publisher\":{\"@id\":\"https:\\\/\\\/canal7slp.tv\\\/2019\\\/#organization\"},\"image\":{\"@id\":\"https:\\\/\\\/canal7slp.tv\\\/2019\\\/fue-inaugurada-la-xxxiii-convencion-nacional-y-expo-de-la-aneas\\\/#primaryimage\"},\"thumbnailUrl\":\"https:\\\/\\\/canal7slp.tv\\\/2019\\\/wp-content\\\/uploads\\\/2019\\\/11\\\/inauguracionaneas-1.png\",\"articleSection\":[\"DESTACADAS\",\"LOCALES Y REGIONALES\"],\"inLanguage\":\"es\",\"potentialAction\":[{\"@type\":\"CommentAction\",\"name\":\"Comment\",\"target\":[\"https:\\\/\\\/canal7slp.tv\\\/2019\\\/fue-inaugurada-la-xxxiii-convencion-nacional-y-expo-de-la-aneas\\\/#respond\"]}]},{\"@type\":\"WebPage\",\"@id\":\"https:\\\/\\\/canal7slp.tv\\\/2019\\\/fue-inaugurada-la-xxxiii-convencion-nacional-y-expo-de-la-aneas\\\/\",\"url\":\"https:\\\/\\\/canal7slp.tv\\\/2019\\\/fue-inaugurada-la-xxxiii-convencion-nacional-y-expo-de-la-aneas\\\/\",\"name\":\"Fue inaugurada la XXXIII Convenci\u00f3n Nacional y Expo de la ANEAS. - Canal 7 SLP - 2019\",\"isPartOf\":{\"@id\":\"https:\\\/\\\/canal7slp.tv\\\/2019\\\/#website\"},\"primaryImageOfPage\":{\"@id\":\"https:\\\/\\\/canal7slp.tv\\\/2019\\\/fue-inaugurada-la-xxxiii-convencion-nacional-y-expo-de-la-aneas\\\/#primaryimage\"},\"image\":{\"@id\":\"https:\\\/\\\/canal7slp.tv\\\/2019\\\/fue-inaugurada-la-xxxiii-convencion-nacional-y-expo-de-la-aneas\\\/#primaryimage\"},\"thumbnailUrl\":\"https:\\\/\\\/canal7slp.tv\\\/2019\\\/wp-content\\\/uploads\\\/2019\\\/11\\\/inauguracionaneas-1.png\",\"datePublished\":\"2019-11-13T01:38:17+00:00\",\"dateModified\":\"2019-11-13T02:03:35+00:00\",\"breadcrumb\":{\"@id\":\"https:\\\/\\\/canal7slp.tv\\\/2019\\\/fue-inaugurada-la-xxxiii-convencion-nacional-y-expo-de-la-aneas\\\/#breadcrumb\"},\"inLanguage\":\"es\",\"potentialAction\":[{\"@type\":\"ReadAction\",\"target\":[\"https:\\\/\\\/canal7slp.tv\\\/2019\\\/fue-inaugurada-la-xxxiii-convencion-nacional-y-expo-de-la-aneas\\\/\"]}]},{\"@type\":\"ImageObject\",\"inLanguage\":\"es\",\"@id\":\"https:\\\/\\\/canal7slp.tv\\\/2019\\\/fue-inaugurada-la-xxxiii-convencion-nacional-y-expo-de-la-aneas\\\/#primaryimage\",\"url\":\"https:\\\/\\\/canal7slp.tv\\\/2019\\\/wp-content\\\/uploads\\\/2019\\\/11\\\/inauguracionaneas-1.png\",\"contentUrl\":\"https:\\\/\\\/canal7slp.tv\\\/2019\\\/wp-content\\\/uploads\\\/2019\\\/11\\\/inauguracionaneas-1.png\",\"width\":750,\"height\":421},{\"@type\":\"BreadcrumbList\",\"@id\":\"https:\\\/\\\/canal7slp.tv\\\/2019\\\/fue-inaugurada-la-xxxiii-convencion-nacional-y-expo-de-la-aneas\\\/#breadcrumb\",\"itemListElement\":[{\"@type\":\"ListItem\",\"position\":1,\"name\":\"Home\",\"item\":\"https:\\\/\\\/canal7slp.tv\\\/2019\\\/\"},{\"@type\":\"ListItem\",\"position\":2,\"name\":\"Fue inaugurada la XXXIII Convenci\u00f3n Nacional y Expo de la ANEAS.\"}]},{\"@type\":\"WebSite\",\"@id\":\"https:\\\/\\\/canal7slp.tv\\\/2019\\\/#website\",\"url\":\"https:\\\/\\\/canal7slp.tv\\\/2019\\\/\",\"name\":\"Canal 7 SLP - Somos TV\",\"description\":\"Somos un Canal de 10\",\"publisher\":{\"@id\":\"https:\\\/\\\/canal7slp.tv\\\/2019\\\/#organization\"},\"potentialAction\":[{\"@type\":\"SearchAction\",\"target\":{\"@type\":\"EntryPoint\",\"urlTemplate\":\"https:\\\/\\\/canal7slp.tv\\\/2019\\\/?s={search_term_string}\"},\"query-input\":{\"@type\":\"PropertyValueSpecification\",\"valueRequired\":true,\"valueName\":\"search_term_string\"}}],\"inLanguage\":\"es\"},{\"@type\":\"Organization\",\"@id\":\"https:\\\/\\\/canal7slp.tv\\\/2019\\\/#organization\",\"name\":\"Comunicaci\u00f3n 2000 S.A. de C.V.\",\"url\":\"https:\\\/\\\/canal7slp.tv\\\/2019\\\/\",\"logo\":{\"@type\":\"ImageObject\",\"inLanguage\":\"es\",\"@id\":\"https:\\\/\\\/canal7slp.tv\\\/2019\\\/#\\\/schema\\\/logo\\\/image\\\/\",\"url\":\"https:\\\/\\\/canal7slp.tv\\\/2019\\\/wp-content\\\/uploads\\\/2019\\\/07\\\/logo-c7.png\",\"contentUrl\":\"https:\\\/\\\/canal7slp.tv\\\/2019\\\/wp-content\\\/uploads\\\/2019\\\/07\\\/logo-c7.png\",\"width\":220,\"height\":60,\"caption\":\"Comunicaci\u00f3n 2000 S.A. de C.V.\"},\"image\":{\"@id\":\"https:\\\/\\\/canal7slp.tv\\\/2019\\\/#\\\/schema\\\/logo\\\/image\\\/\"},\"sameAs\":[\"https:\\\/\\\/www.facebook.com\\\/CANAL7SLP\\\/\",\"https:\\\/\\\/x.com\\\/canal7_slp\",\"https:\\\/\\\/www.instagram.com\\\/canal7_slp\",\"https:\\\/\\\/www.youtube.com\\\/user\\\/NOTICIEROSCANAL7SLP\\\/\"]},{\"@type\":\"Person\",\"@id\":\"https:\\\/\\\/canal7slp.tv\\\/2019\\\/#\\\/schema\\\/person\\\/11d941c1c6ca30ac0a46b95fa37aa2e3\",\"name\":\"edicionweb\",\"image\":{\"@type\":\"ImageObject\",\"inLanguage\":\"es\",\"@id\":\"https:\\\/\\\/secure.gravatar.com\\\/avatar\\\/eee448fc3f7164808013b816ba91ac7e43bbe82a70bebac296f8bc6f0addaa1a?s=96&d=mm&r=g\",\"url\":\"https:\\\/\\\/secure.gravatar.com\\\/avatar\\\/eee448fc3f7164808013b816ba91ac7e43bbe82a70bebac296f8bc6f0addaa1a?s=96&d=mm&r=g\",\"contentUrl\":\"https:\\\/\\\/secure.gravatar.com\\\/avatar\\\/eee448fc3f7164808013b816ba91ac7e43bbe82a70bebac296f8bc6f0addaa1a?s=96&d=mm&r=g\",\"caption\":\"edicionweb\"}}]}<\/script>\n<!-- \/ Yoast SEO plugin. -->","yoast_head_json":{"title":"Fue inaugurada la XXXIII Convenci\u00f3n Nacional y Expo de la ANEAS. - Canal 7 SLP - 2019","robots":{"index":"index","follow":"follow","max-snippet":"max-snippet:-1","max-image-preview":"max-image-preview:large","max-video-preview":"max-video-preview:-1"},"canonical":"https:\/\/canal7slp.tv\/2019\/fue-inaugurada-la-xxxiii-convencion-nacional-y-expo-de-la-aneas\/","og_locale":"es_ES","og_type":"article","og_title":"Fue inaugurada la XXXIII Convenci\u00f3n Nacional y Expo de la ANEAS. - Canal 7 SLP - 2019","og_description":"SLP.- M\u00e1s de 160 mil comunidades de menos de 250 habitantes en la Rep\u00fablica Mexicana, nunca han tenido servicio de agua y saneamiento. Con base en el Instituto Nacional de Estad\u00edstica, Geograf\u00eda e Inform\u00e1tica (INEGI) alrededor de 40 millones de mexicanos no acceden diariamente al agua en su hogar, por lo cual se destina una [&hellip;]","og_url":"https:\/\/canal7slp.tv\/2019\/fue-inaugurada-la-xxxiii-convencion-nacional-y-expo-de-la-aneas\/","og_site_name":"Canal 7 SLP - 2019","article_publisher":"https:\/\/www.facebook.com\/CANAL7SLP\/","article_published_time":"2019-11-13T01:38:17+00:00","article_modified_time":"2019-11-13T02:03:35+00:00","og_image":[{"width":750,"height":421,"url":"https:\/\/canal7slp.tv\/2019\/wp-content\/uploads\/2019\/11\/inauguracionaneas-1.png","type":"image\/png"}],"author":"edicionweb","twitter_card":"summary_large_image","twitter_creator":"@canal7_slp","twitter_site":"@canal7_slp","twitter_misc":{"Escrito por":"edicionweb","Tiempo de lectura":"2 minutos"},"schema":{"@context":"https:\/\/schema.org","@graph":[{"@type":"Article","@id":"https:\/\/canal7slp.tv\/2019\/fue-inaugurada-la-xxxiii-convencion-nacional-y-expo-de-la-aneas\/#article","isPartOf":{"@id":"https:\/\/canal7slp.tv\/2019\/fue-inaugurada-la-xxxiii-convencion-nacional-y-expo-de-la-aneas\/"},"author":{"name":"edicionweb","@id":"https:\/\/canal7slp.tv\/2019\/#\/schema\/person\/11d941c1c6ca30ac0a46b95fa37aa2e3"},"headline":"Fue inaugurada la XXXIII Convenci\u00f3n Nacional y Expo de la ANEAS.","datePublished":"2019-11-13T01:38:17+00:00","dateModified":"2019-11-13T02:03:35+00:00","mainEntityOfPage":{"@id":"https:\/\/canal7slp.tv\/2019\/fue-inaugurada-la-xxxiii-convencion-nacional-y-expo-de-la-aneas\/"},"wordCount":492,"commentCount":0,"publisher":{"@id":"https:\/\/canal7slp.tv\/2019\/#organization"},"image":{"@id":"https:\/\/canal7slp.tv\/2019\/fue-inaugurada-la-xxxiii-convencion-nacional-y-expo-de-la-aneas\/#primaryimage"},"thumbnailUrl":"https:\/\/canal7slp.tv\/2019\/wp-content\/uploads\/2019\/11\/inauguracionaneas-1.png","articleSection":["DESTACADAS","LOCALES Y REGIONALES"],"inLanguage":"es","potentialAction":[{"@type":"CommentAction","name":"Comment","target":["https:\/\/canal7slp.tv\/2019\/fue-inaugurada-la-xxxiii-convencion-nacional-y-expo-de-la-aneas\/#respond"]}]},{"@type":"WebPage","@id":"https:\/\/canal7slp.tv\/2019\/fue-inaugurada-la-xxxiii-convencion-nacional-y-expo-de-la-aneas\/","url":"https:\/\/canal7slp.tv\/2019\/fue-inaugurada-la-xxxiii-convencion-nacional-y-expo-de-la-aneas\/","name":"Fue inaugurada la XXXIII Convenci\u00f3n Nacional y Expo de la ANEAS. - Canal 7 SLP - 2019","isPartOf":{"@id":"https:\/\/canal7slp.tv\/2019\/#website"},"primaryImageOfPage":{"@id":"https:\/\/canal7slp.tv\/2019\/fue-inaugurada-la-xxxiii-convencion-nacional-y-expo-de-la-aneas\/#primaryimage"},"image":{"@id":"https:\/\/canal7slp.tv\/2019\/fue-inaugurada-la-xxxiii-convencion-nacional-y-expo-de-la-aneas\/#primaryimage"},"thumbnailUrl":"https:\/\/canal7slp.tv\/2019\/wp-content\/uploads\/2019\/11\/inauguracionaneas-1.png","datePublished":"2019-11-13T01:38:17+00:00","dateModified":"2019-11-13T02:03:35+00:00","breadcrumb":{"@id":"https:\/\/canal7slp.tv\/2019\/fue-inaugurada-la-xxxiii-convencion-nacional-y-expo-de-la-aneas\/#breadcrumb"},"inLanguage":"es","potentialAction":[{"@type":"ReadAction","target":["https:\/\/canal7slp.tv\/2019\/fue-inaugurada-la-xxxiii-convencion-nacional-y-expo-de-la-aneas\/"]}]},{"@type":"ImageObject","inLanguage":"es","@id":"https:\/\/canal7slp.tv\/2019\/fue-inaugurada-la-xxxiii-convencion-nacional-y-expo-de-la-aneas\/#primaryimage","url":"https:\/\/canal7slp.tv\/2019\/wp-content\/uploads\/2019\/11\/inauguracionaneas-1.png","contentUrl":"https:\/\/canal7slp.tv\/2019\/wp-content\/uploads\/2019\/11\/inauguracionaneas-1.png","width":750,"height":421},{"@type":"BreadcrumbList","@id":"https:\/\/canal7slp.tv\/2019\/fue-inaugurada-la-xxxiii-convencion-nacional-y-expo-de-la-aneas\/#breadcrumb","itemListElement":[{"@type":"ListItem","position":1,"name":"Home","item":"https:\/\/canal7slp.tv\/2019\/"},{"@type":"ListItem","position":2,"name":"Fue inaugurada la XXXIII Convenci\u00f3n Nacional y Expo de la ANEAS."}]},{"@type":"WebSite","@id":"https:\/\/canal7slp.tv\/2019\/#website","url":"https:\/\/canal7slp.tv\/2019\/","name":"Canal 7 SLP - Somos TV","description":"Somos un Canal de 10","publisher":{"@id":"https:\/\/canal7slp.tv\/2019\/#organization"},"potentialAction":[{"@type":"SearchAction","target":{"@type":"EntryPoint","urlTemplate":"https:\/\/canal7slp.tv\/2019\/?s={search_term_string}"},"query-input":{"@type":"PropertyValueSpecification","valueRequired":true,"valueName":"search_term_string"}}],"inLanguage":"es"},{"@type":"Organization","@id":"https:\/\/canal7slp.tv\/2019\/#organization","name":"Comunicaci\u00f3n 2000 S.A. de C.V.","url":"https:\/\/canal7slp.tv\/2019\/","logo":{"@type":"ImageObject","inLanguage":"es","@id":"https:\/\/canal7slp.tv\/2019\/#\/schema\/logo\/image\/","url":"https:\/\/canal7slp.tv\/2019\/wp-content\/uploads\/2019\/07\/logo-c7.png","contentUrl":"https:\/\/canal7slp.tv\/2019\/wp-content\/uploads\/2019\/07\/logo-c7.png","width":220,"height":60,"caption":"Comunicaci\u00f3n 2000 S.A. de C.V."},"image":{"@id":"https:\/\/canal7slp.tv\/2019\/#\/schema\/logo\/image\/"},"sameAs":["https:\/\/www.facebook.com\/CANAL7SLP\/","https:\/\/x.com\/canal7_slp","https:\/\/www.instagram.com\/canal7_slp","https:\/\/www.youtube.com\/user\/NOTICIEROSCANAL7SLP\/"]},{"@type":"Person","@id":"https:\/\/canal7slp.tv\/2019\/#\/schema\/person\/11d941c1c6ca30ac0a46b95fa37aa2e3","name":"edicionweb","image":{"@type":"ImageObject","inLanguage":"es","@id":"https:\/\/secure.gravatar.com\/avatar\/eee448fc3f7164808013b816ba91ac7e43bbe82a70bebac296f8bc6f0addaa1a?s=96&d=mm&r=g","url":"https:\/\/secure.gravatar.com\/avatar\/eee448fc3f7164808013b816ba91ac7e43bbe82a70bebac296f8bc6f0addaa1a?s=96&d=mm&r=g","contentUrl":"https:\/\/secure.gravatar.com\/avatar\/eee448fc3f7164808013b816ba91ac7e43bbe82a70bebac296f8bc6f0addaa1a?s=96&d=mm&r=g","caption":"edicionweb"}}]}},"amp_enabled":true,"cmb2":{"video_ids_in_playlist":{"vid_p_videos":""},"video_ids_in_channel":{"vid_c_videos":""},"playlist_ids_in_channel":{"vid_c_playlists":""},"series_ids_in_channel":{"vid_c_series":""},"channel_images":{"vid_c_logo":"","vid_c_banner":""},"poster_feature_image":{"vid_m_poster_image":""},"gif_feature_image":{"vid_m_gif_image":""},"video_movie_settings":{"vid_m_director":"","vid_m_actor":"","vid_m_imdb_ratings":"","vid_m_amazon_associates":""},"vid_youtube_broadcasts_settings":{"vid_yb_broadcast_title":"","vid_yb_q":"","vid_yb_channelid":"","vid_yb_videocategoryid":"","vid_yb_maxresults":"","vid_yb_order":"","vid_yb_regioncode":"","vid_yb_videosyndicated":"","vid_yb_style":"","vid_yb_reload_first":""},"video_series_settings":{"vid_m_director":"","vid_m_actor":"","vid_m_imdb_ratings":"","video_series_group":""},"amazon_associates_settings":{"amazon_associates":"","amazon_native_ad":""},"vid_youtube_automatic_settings":{"vid_ya_youtube_source":"","vid_ya_update_every":"","vid_ya_update_unit":"","vid_ya_categories":"","vid_ya_published_after":"","vid_ya_published_before":"","vid_ya_playlists":"","vid_ya_channels":"","vid_ya_director":"","vid_ya_actor":"","vid_ya_author":"","vid_ya_import_post_date":"","vid_ya_status":"","vid_ya_sub_api_key":""},"vid_ads_m_videoads_settings_post":{"vid_ads_m_video_ads":"","vid_ads_m_video_ads_type":"","vid_ads_m_group_google_ima":"","vid_ads_m_group_image":"","vid_ads_m_group_html5_video":"","vid_ads_m_group_html":"","vid_ads_m_vast_preroll":"","vid_ads_m_vast_postroll":"","vid_ads_m_vast_pauseroll":"","vid_ads_m_vast_midroll":[{"vid_ads_m_vast_timer_seconds":"50"}],"vid_ads_m_time_to_show_ads":"","vid_ads_m_time_skip_ads":"","vid_ads_m_time_to_hide_ads":""},"page_slider_settings":{"display_slider_group":"","page_slider_group":""},"blog_page_settings":{"blog_page_title":"","blog_page_heading":"","blog_page_ic":"","blog_page_it":"","blog_page_ec":"","blog_page_ip":"","archive_loop_style":"","blog_image_ratio":"","blog_show_categories":"","blog_show_excerpt":"","blog_show_author":"","blog_show_date":"","blog_show_comment_count":"","blog_show_view_count":"","blog_show_like_count":"","blog_show_dislike_count":"","blog_items_per_page":"","blog_pag_type":""},"page_options":{"get_page_template":"","color_mode":"","main_layout":"","main_layout_full_with":"","main_logo":"","main_logo_retina":"","main_logo_mobile":"","main_logo_mobile_retina":"","sticky_logo":"","sticky_logo_retina":"","main_nav_layout":"","ajax_search":"","header_background":"","theme_sidebar":"","instagram_feed":"","instagram_feed_position":"","popular_videos":"","popular_videos_title_1":"","popular_videos_title_2":"","popular_videos_ic":"","popular_videos_it":"","theme_background":"","page_custom_css":""},"feature_image_settings":{"feature_image_position":""},"video_player_settings":{"single_video_style":"","video_player_position":"","vm_video_url":"https:\/\/youtu.be\/StI92Cxg7Lk","video_player_library":"","video_streaming":"","vm_media_sources":"","vid_auto_play":"","vm_video_shortcode":"","vid_p_sync_playlist":"","vid_c_sync_channel":"","get_post_format":"","multiple_links_structure":"default","multi_links_title":"","vm_video_multi_links":"","vm_duration":"","vid_social_locker":"off","vid_social_locker_id":"","vid_membership_action":"content-video","vm_video_trailer_url":"","vid_download_type":"free","vid_download_target":"download","vid_woo_product":"","vm_media_download":"","user_rating":"","user_rating_position":"","user_rating_mode":"","user_rating_multi_sets":""},"video_auto_fetch_settings":{"vm_video_fetch":"off"},"video_fake_views_likes":{"vm_fake_views":"","vm_fake_likes":"","vm_fake_dislikes":""},"gallery_settings":{"gallery_position":""},"quote_settings":{"quote_position":""},"post_options":{"main_layout":"","main_logo":"","main_logo_retina":"","main_logo_mobile":"","main_logo_mobile_retina":"","sticky_logo":"","sticky_logo_retina":"","main_nav_layout":"","header_background":"","theme_sidebar":"","single_post_comment_type":"","theme_background":""}},"_links":{"self":[{"href":"https:\/\/canal7slp.tv\/2019\/wp-json\/wp\/v2\/posts\/81438","targetHints":{"allow":["GET"]}}],"collection":[{"href":"https:\/\/canal7slp.tv\/2019\/wp-json\/wp\/v2\/posts"}],"about":[{"href":"https:\/\/canal7slp.tv\/2019\/wp-json\/wp\/v2\/types\/post"}],"author":[{"embeddable":true,"href":"https:\/\/canal7slp.tv\/2019\/wp-json\/wp\/v2\/users\/2"}],"replies":[{"embeddable":true,"href":"https:\/\/canal7slp.tv\/2019\/wp-json\/wp\/v2\/comments?post=81438"}],"version-history":[{"count":0,"href":"https:\/\/canal7slp.tv\/2019\/wp-json\/wp\/v2\/posts\/81438\/revisions"}],"wp:featuredmedia":[{"embeddable":true,"href":"https:\/\/canal7slp.tv\/2019\/wp-json\/wp\/v2\/media\/81452"}],"wp:attachment":[{"href":"https:\/\/canal7slp.tv\/2019\/wp-json\/wp\/v2\/media?parent=81438"}],"wp:term":[{"taxonomy":"category","embeddable":true,"href":"https:\/\/canal7slp.tv\/2019\/wp-json\/wp\/v2\/categories?post=81438"},{"taxonomy":"post_tag","embeddable":true,"href":"https:\/\/canal7slp.tv\/2019\/wp-json\/wp\/v2\/tags?post=81438"}],"curies":[{"name":"wp","href":"https:\/\/api.w.org\/{rel}","templated":true}]}}