{"id":81341,"date":"2019-11-12T14:57:46","date_gmt":"2019-11-12T20:57:46","guid":{"rendered":"https:\/\/canal7slp.tv\/2019\/?p=81341"},"modified":"2019-11-12T14:57:46","modified_gmt":"2019-11-12T20:57:46","slug":"padres-de-ninos-con-cancer-cercan-accesos-al-senado","status":"publish","type":"post","link":"https:\/\/canal7slp.tv\/2019\/padres-de-ninos-con-cancer-cercan-accesos-al-senado\/","title":{"rendered":"Padres de ni\u00f1os con c\u00e1ncer cercan accesos al Senado"},"content":{"rendered":"<ul>\n<li style=\"text-align: justify\">Los manifestantes exigen que no se apruebe la creaci\u00f3n del Instituto de Salud para el Bienestar sin una consulta ciudadana<\/li>\n<\/ul>\n<p style=\"text-align: justify\">M\u00e9xico.- Padres y familiares de ni\u00f1os con c\u00e1ncer cercaron los accesos al Senado de la Rep\u00fablica para exigir que no se apruebe la creaci\u00f3n del Instituto de Salud para el Bienestar sin una consulta ciudadana, adem\u00e1s de la garant\u00eda de que no perder\u00e1n su p\u00f3liza del actual Seguro Popular ni los recursos del Fondo de Gastos Catastr\u00f3ficos para atender enfermedades costosas.<\/p>\n<p style=\"text-align: justify\">Desde las nueve de la ma\u00f1ana, los manifestantes llegaron al Senado, solicitaron que legisladores, en especial el titular de la comisi\u00f3n de Salud, Miguel \u00c1ngel Navarro, saliera a hablar con ellos. Ante la falta de respuesta, aseguraron los accesos con lazos para evitar que los senadores, personal y representantes de la media de comunicaci\u00f3n entraran al recinto.<\/p>\n<p style=\"text-align: justify\">&#8220;Queremos que se nos consulte, que se baje el dictamen para discutirlo y que nos garanticen la atenci\u00f3n de salud y acceso de medicamentos para nuestros hijos, ya nos enga\u00f1aron muchas veces, exigimos respuesta y no nos quitaremos hasta que nos firmen un escrito que diga que no se aprobar\u00e1 el dictamen&#8221;, dijo Israel Rivas Bastidas, padre de Dana.<\/p>\n<p style=\"text-align: justify\">En el acceso 6, Mauricio Farah, secretario general de Servicio Administrativos del Senado, trat\u00f3 de conciliar con los padres de familia.<\/p>\n<p style=\"text-align: justify\">&#8220;Entendemos su postura, pero dejen trabajar a los senadores, desde aqu\u00ed no pueden solucionar nada, pero tratemos de llegar a un acuerdo&#8221;.<\/p>\n<p style=\"text-align: justify\">En respuesta el se\u00f1or Luis solicit\u00f3 la presencia de la directora de la mesa directiva, M\u00f3nica Fern\u00e1ndez, y la firma de un oficio en donde se comprometan a no aprobar la creaci\u00f3n del Insabi.<\/p>\n<p style=\"text-align: justify\">&#8220;Que venga la presidenta y de viva voz nos diga que m se aprobar\u00e1 el dictamen y no s\u00f3lo hoy, que se baje del pleno y dialoguen con nosotros, no pedimos nada m\u00e1s que interlocuci\u00f3n, que nos escuchen y no nos den atole con el dedo&#8221;, resalt\u00f3.<\/p>\n<p style=\"text-align: justify\">Los senadores Germ\u00e1n Mart\u00ednez y Eruviel \u00c1vila fueron algunos de los legisladores que no pudieron ingresar al edificio ubicado en Paseo de la Reforma, al respecto, el ex titular del IMSS coment\u00f3; &#8220;cr\u00e9ame que a mi me duelen sus hijos, pero c\u00f3mo le ayudo desde ac\u00e1 afuera&#8221;.<\/p>\n<p style=\"text-align: justify\">A su vez, el senador pri\u00edsta asegur\u00f3 que desde el Revolucionario Institucional no se apoyar\u00e1n modificaciones a la ley que perjudiquen a los mexicanos.<\/p>\n<p style=\"text-align: justify\">&#8220;Ay\u00fadenos a ayudar, en el PRI buscamos unidad y no permitiremos decisiones que afecten a los mexicanos&#8221;, expres\u00f3.<\/p>\n<p style=\"text-align: justify\">Ante un intento por abrir la puerta seis del Senado, los familiares de los menores atendidos en el Hospital Infantil de M\u00e9xico &#8220;Federico G\u00f3mez&#8221; advirtieron que de liberar los accesos, tomar\u00edan el pleno. &#8220;No nos van a quitar, si abren nos meteremos todos y tomaremos el pleno&#8221;, afirm\u00f3 Israel Rivas.<\/p>\n","protected":false},"excerpt":{"rendered":"<p>Los manifestantes exigen que no se apruebe la creaci\u00f3n del Instituto de Salud para el Bienestar sin una consulta ciudadana M\u00e9xico.- Padres y familiares de ni\u00f1os con c\u00e1ncer cercaron los accesos al Senado de la Rep\u00fablica para exigir que no se apruebe la creaci\u00f3n del Instituto de Salud para el Bienestar sin una consulta ciudadana, [&hellip;]<\/p>\n","protected":false},"author":2,"featured_media":81342,"comment_status":"open","ping_status":"open","sticky":false,"template":"","format":"standard","meta":{"footnotes":""},"categories":[30],"tags":[],"class_list":["post-81341","post","type-post","status-publish","format-standard","has-post-thumbnail","hentry","category-nacional"],"yoast_head":"<!-- This site is optimized with the Yoast SEO plugin v27.5 - https:\/\/yoast.com\/product\/yoast-seo-wordpress\/ -->\n<title>Padres de ni\u00f1os con c\u00e1ncer cercan accesos al Senado - Canal 7 SLP - 2019<\/title>\n<meta name=\"robots\" content=\"index, follow, max-snippet:-1, max-image-preview:large, max-video-preview:-1\" \/>\n<link rel=\"canonical\" href=\"https:\/\/canal7slp.tv\/2019\/padres-de-ninos-con-cancer-cercan-accesos-al-senado\/\" \/>\n<meta property=\"og:locale\" content=\"es_ES\" \/>\n<meta property=\"og:type\" content=\"article\" \/>\n<meta property=\"og:title\" content=\"Padres de ni\u00f1os con c\u00e1ncer cercan accesos al Senado - Canal 7 SLP - 2019\" \/>\n<meta property=\"og:description\" content=\"Los manifestantes exigen que no se apruebe la creaci\u00f3n del Instituto de Salud para el Bienestar sin una consulta ciudadana M\u00e9xico.- Padres y familiares de ni\u00f1os con c\u00e1ncer cercaron los accesos al Senado de la Rep\u00fablica para exigir que no se apruebe la creaci\u00f3n del Instituto de Salud para el Bienestar sin una consulta ciudadana, [&hellip;]\" \/>\n<meta property=\"og:url\" content=\"https:\/\/canal7slp.tv\/2019\/padres-de-ninos-con-cancer-cercan-accesos-al-senado\/\" \/>\n<meta property=\"og:site_name\" content=\"Canal 7 SLP - 2019\" \/>\n<meta property=\"article:publisher\" content=\"https:\/\/www.facebook.com\/CANAL7SLP\/\" \/>\n<meta property=\"article:published_time\" content=\"2019-11-12T20:57:46+00:00\" \/>\n<meta property=\"og:image\" content=\"https:\/\/canal7slp.tv\/2019\/wp-content\/uploads\/2019\/11\/620.jpg\" \/>\n\t<meta property=\"og:image:width\" content=\"770\" \/>\n\t<meta property=\"og:image:height\" content=\"485\" \/>\n\t<meta property=\"og:image:type\" content=\"image\/jpeg\" \/>\n<meta name=\"author\" content=\"edicionweb\" \/>\n<meta name=\"twitter:card\" content=\"summary_large_image\" \/>\n<meta name=\"twitter:creator\" content=\"@canal7_slp\" \/>\n<meta name=\"twitter:site\" content=\"@canal7_slp\" \/>\n<meta name=\"twitter:label1\" content=\"Escrito por\" \/>\n\t<meta name=\"twitter:data1\" content=\"edicionweb\" \/>\n\t<meta name=\"twitter:label2\" content=\"Tiempo de lectura\" \/>\n\t<meta name=\"twitter:data2\" content=\"2 minutos\" \/>\n<script type=\"application\/ld+json\" class=\"yoast-schema-graph\">{\"@context\":\"https:\\\/\\\/schema.org\",\"@graph\":[{\"@type\":\"Article\",\"@id\":\"https:\\\/\\\/canal7slp.tv\\\/2019\\\/padres-de-ninos-con-cancer-cercan-accesos-al-senado\\\/#article\",\"isPartOf\":{\"@id\":\"https:\\\/\\\/canal7slp.tv\\\/2019\\\/padres-de-ninos-con-cancer-cercan-accesos-al-senado\\\/\"},\"author\":{\"name\":\"edicionweb\",\"@id\":\"https:\\\/\\\/canal7slp.tv\\\/2019\\\/#\\\/schema\\\/person\\\/11d941c1c6ca30ac0a46b95fa37aa2e3\"},\"headline\":\"Padres de ni\u00f1os con c\u00e1ncer cercan accesos al Senado\",\"datePublished\":\"2019-11-12T20:57:46+00:00\",\"mainEntityOfPage\":{\"@id\":\"https:\\\/\\\/canal7slp.tv\\\/2019\\\/padres-de-ninos-con-cancer-cercan-accesos-al-senado\\\/\"},\"wordCount\":504,\"commentCount\":0,\"publisher\":{\"@id\":\"https:\\\/\\\/canal7slp.tv\\\/2019\\\/#organization\"},\"image\":{\"@id\":\"https:\\\/\\\/canal7slp.tv\\\/2019\\\/padres-de-ninos-con-cancer-cercan-accesos-al-senado\\\/#primaryimage\"},\"thumbnailUrl\":\"https:\\\/\\\/canal7slp.tv\\\/2019\\\/wp-content\\\/uploads\\\/2019\\\/11\\\/620.jpg\",\"articleSection\":[\"NACIONAL\"],\"inLanguage\":\"es\",\"potentialAction\":[{\"@type\":\"CommentAction\",\"name\":\"Comment\",\"target\":[\"https:\\\/\\\/canal7slp.tv\\\/2019\\\/padres-de-ninos-con-cancer-cercan-accesos-al-senado\\\/#respond\"]}]},{\"@type\":\"WebPage\",\"@id\":\"https:\\\/\\\/canal7slp.tv\\\/2019\\\/padres-de-ninos-con-cancer-cercan-accesos-al-senado\\\/\",\"url\":\"https:\\\/\\\/canal7slp.tv\\\/2019\\\/padres-de-ninos-con-cancer-cercan-accesos-al-senado\\\/\",\"name\":\"Padres de ni\u00f1os con c\u00e1ncer cercan accesos al Senado - Canal 7 SLP - 2019\",\"isPartOf\":{\"@id\":\"https:\\\/\\\/canal7slp.tv\\\/2019\\\/#website\"},\"primaryImageOfPage\":{\"@id\":\"https:\\\/\\\/canal7slp.tv\\\/2019\\\/padres-de-ninos-con-cancer-cercan-accesos-al-senado\\\/#primaryimage\"},\"image\":{\"@id\":\"https:\\\/\\\/canal7slp.tv\\\/2019\\\/padres-de-ninos-con-cancer-cercan-accesos-al-senado\\\/#primaryimage\"},\"thumbnailUrl\":\"https:\\\/\\\/canal7slp.tv\\\/2019\\\/wp-content\\\/uploads\\\/2019\\\/11\\\/620.jpg\",\"datePublished\":\"2019-11-12T20:57:46+00:00\",\"breadcrumb\":{\"@id\":\"https:\\\/\\\/canal7slp.tv\\\/2019\\\/padres-de-ninos-con-cancer-cercan-accesos-al-senado\\\/#breadcrumb\"},\"inLanguage\":\"es\",\"potentialAction\":[{\"@type\":\"ReadAction\",\"target\":[\"https:\\\/\\\/canal7slp.tv\\\/2019\\\/padres-de-ninos-con-cancer-cercan-accesos-al-senado\\\/\"]}]},{\"@type\":\"ImageObject\",\"inLanguage\":\"es\",\"@id\":\"https:\\\/\\\/canal7slp.tv\\\/2019\\\/padres-de-ninos-con-cancer-cercan-accesos-al-senado\\\/#primaryimage\",\"url\":\"https:\\\/\\\/canal7slp.tv\\\/2019\\\/wp-content\\\/uploads\\\/2019\\\/11\\\/620.jpg\",\"contentUrl\":\"https:\\\/\\\/canal7slp.tv\\\/2019\\\/wp-content\\\/uploads\\\/2019\\\/11\\\/620.jpg\",\"width\":770,\"height\":485},{\"@type\":\"BreadcrumbList\",\"@id\":\"https:\\\/\\\/canal7slp.tv\\\/2019\\\/padres-de-ninos-con-cancer-cercan-accesos-al-senado\\\/#breadcrumb\",\"itemListElement\":[{\"@type\":\"ListItem\",\"position\":1,\"name\":\"Home\",\"item\":\"https:\\\/\\\/canal7slp.tv\\\/2019\\\/\"},{\"@type\":\"ListItem\",\"position\":2,\"name\":\"Padres de ni\u00f1os con c\u00e1ncer cercan accesos al Senado\"}]},{\"@type\":\"WebSite\",\"@id\":\"https:\\\/\\\/canal7slp.tv\\\/2019\\\/#website\",\"url\":\"https:\\\/\\\/canal7slp.tv\\\/2019\\\/\",\"name\":\"Canal 7 SLP - Somos TV\",\"description\":\"Somos un Canal de 10\",\"publisher\":{\"@id\":\"https:\\\/\\\/canal7slp.tv\\\/2019\\\/#organization\"},\"potentialAction\":[{\"@type\":\"SearchAction\",\"target\":{\"@type\":\"EntryPoint\",\"urlTemplate\":\"https:\\\/\\\/canal7slp.tv\\\/2019\\\/?s={search_term_string}\"},\"query-input\":{\"@type\":\"PropertyValueSpecification\",\"valueRequired\":true,\"valueName\":\"search_term_string\"}}],\"inLanguage\":\"es\"},{\"@type\":\"Organization\",\"@id\":\"https:\\\/\\\/canal7slp.tv\\\/2019\\\/#organization\",\"name\":\"Comunicaci\u00f3n 2000 S.A. de C.V.\",\"url\":\"https:\\\/\\\/canal7slp.tv\\\/2019\\\/\",\"logo\":{\"@type\":\"ImageObject\",\"inLanguage\":\"es\",\"@id\":\"https:\\\/\\\/canal7slp.tv\\\/2019\\\/#\\\/schema\\\/logo\\\/image\\\/\",\"url\":\"https:\\\/\\\/canal7slp.tv\\\/2019\\\/wp-content\\\/uploads\\\/2019\\\/07\\\/logo-c7.png\",\"contentUrl\":\"https:\\\/\\\/canal7slp.tv\\\/2019\\\/wp-content\\\/uploads\\\/2019\\\/07\\\/logo-c7.png\",\"width\":220,\"height\":60,\"caption\":\"Comunicaci\u00f3n 2000 S.A. de C.V.\"},\"image\":{\"@id\":\"https:\\\/\\\/canal7slp.tv\\\/2019\\\/#\\\/schema\\\/logo\\\/image\\\/\"},\"sameAs\":[\"https:\\\/\\\/www.facebook.com\\\/CANAL7SLP\\\/\",\"https:\\\/\\\/x.com\\\/canal7_slp\",\"https:\\\/\\\/www.instagram.com\\\/canal7_slp\",\"https:\\\/\\\/www.youtube.com\\\/user\\\/NOTICIEROSCANAL7SLP\\\/\"]},{\"@type\":\"Person\",\"@id\":\"https:\\\/\\\/canal7slp.tv\\\/2019\\\/#\\\/schema\\\/person\\\/11d941c1c6ca30ac0a46b95fa37aa2e3\",\"name\":\"edicionweb\",\"image\":{\"@type\":\"ImageObject\",\"inLanguage\":\"es\",\"@id\":\"https:\\\/\\\/secure.gravatar.com\\\/avatar\\\/eee448fc3f7164808013b816ba91ac7e43bbe82a70bebac296f8bc6f0addaa1a?s=96&d=mm&r=g\",\"url\":\"https:\\\/\\\/secure.gravatar.com\\\/avatar\\\/eee448fc3f7164808013b816ba91ac7e43bbe82a70bebac296f8bc6f0addaa1a?s=96&d=mm&r=g\",\"contentUrl\":\"https:\\\/\\\/secure.gravatar.com\\\/avatar\\\/eee448fc3f7164808013b816ba91ac7e43bbe82a70bebac296f8bc6f0addaa1a?s=96&d=mm&r=g\",\"caption\":\"edicionweb\"}}]}<\/script>\n<!-- \/ Yoast SEO plugin. -->","yoast_head_json":{"title":"Padres de ni\u00f1os con c\u00e1ncer cercan accesos al Senado - Canal 7 SLP - 2019","robots":{"index":"index","follow":"follow","max-snippet":"max-snippet:-1","max-image-preview":"max-image-preview:large","max-video-preview":"max-video-preview:-1"},"canonical":"https:\/\/canal7slp.tv\/2019\/padres-de-ninos-con-cancer-cercan-accesos-al-senado\/","og_locale":"es_ES","og_type":"article","og_title":"Padres de ni\u00f1os con c\u00e1ncer cercan accesos al Senado - Canal 7 SLP - 2019","og_description":"Los manifestantes exigen que no se apruebe la creaci\u00f3n del Instituto de Salud para el Bienestar sin una consulta ciudadana M\u00e9xico.- Padres y familiares de ni\u00f1os con c\u00e1ncer cercaron los accesos al Senado de la Rep\u00fablica para exigir que no se apruebe la creaci\u00f3n del Instituto de Salud para el Bienestar sin una consulta ciudadana, [&hellip;]","og_url":"https:\/\/canal7slp.tv\/2019\/padres-de-ninos-con-cancer-cercan-accesos-al-senado\/","og_site_name":"Canal 7 SLP - 2019","article_publisher":"https:\/\/www.facebook.com\/CANAL7SLP\/","article_published_time":"2019-11-12T20:57:46+00:00","og_image":[{"width":770,"height":485,"url":"https:\/\/canal7slp.tv\/2019\/wp-content\/uploads\/2019\/11\/620.jpg","type":"image\/jpeg"}],"author":"edicionweb","twitter_card":"summary_large_image","twitter_creator":"@canal7_slp","twitter_site":"@canal7_slp","twitter_misc":{"Escrito por":"edicionweb","Tiempo de lectura":"2 minutos"},"schema":{"@context":"https:\/\/schema.org","@graph":[{"@type":"Article","@id":"https:\/\/canal7slp.tv\/2019\/padres-de-ninos-con-cancer-cercan-accesos-al-senado\/#article","isPartOf":{"@id":"https:\/\/canal7slp.tv\/2019\/padres-de-ninos-con-cancer-cercan-accesos-al-senado\/"},"author":{"name":"edicionweb","@id":"https:\/\/canal7slp.tv\/2019\/#\/schema\/person\/11d941c1c6ca30ac0a46b95fa37aa2e3"},"headline":"Padres de ni\u00f1os con c\u00e1ncer cercan accesos al Senado","datePublished":"2019-11-12T20:57:46+00:00","mainEntityOfPage":{"@id":"https:\/\/canal7slp.tv\/2019\/padres-de-ninos-con-cancer-cercan-accesos-al-senado\/"},"wordCount":504,"commentCount":0,"publisher":{"@id":"https:\/\/canal7slp.tv\/2019\/#organization"},"image":{"@id":"https:\/\/canal7slp.tv\/2019\/padres-de-ninos-con-cancer-cercan-accesos-al-senado\/#primaryimage"},"thumbnailUrl":"https:\/\/canal7slp.tv\/2019\/wp-content\/uploads\/2019\/11\/620.jpg","articleSection":["NACIONAL"],"inLanguage":"es","potentialAction":[{"@type":"CommentAction","name":"Comment","target":["https:\/\/canal7slp.tv\/2019\/padres-de-ninos-con-cancer-cercan-accesos-al-senado\/#respond"]}]},{"@type":"WebPage","@id":"https:\/\/canal7slp.tv\/2019\/padres-de-ninos-con-cancer-cercan-accesos-al-senado\/","url":"https:\/\/canal7slp.tv\/2019\/padres-de-ninos-con-cancer-cercan-accesos-al-senado\/","name":"Padres de ni\u00f1os con c\u00e1ncer cercan accesos al Senado - Canal 7 SLP - 2019","isPartOf":{"@id":"https:\/\/canal7slp.tv\/2019\/#website"},"primaryImageOfPage":{"@id":"https:\/\/canal7slp.tv\/2019\/padres-de-ninos-con-cancer-cercan-accesos-al-senado\/#primaryimage"},"image":{"@id":"https:\/\/canal7slp.tv\/2019\/padres-de-ninos-con-cancer-cercan-accesos-al-senado\/#primaryimage"},"thumbnailUrl":"https:\/\/canal7slp.tv\/2019\/wp-content\/uploads\/2019\/11\/620.jpg","datePublished":"2019-11-12T20:57:46+00:00","breadcrumb":{"@id":"https:\/\/canal7slp.tv\/2019\/padres-de-ninos-con-cancer-cercan-accesos-al-senado\/#breadcrumb"},"inLanguage":"es","potentialAction":[{"@type":"ReadAction","target":["https:\/\/canal7slp.tv\/2019\/padres-de-ninos-con-cancer-cercan-accesos-al-senado\/"]}]},{"@type":"ImageObject","inLanguage":"es","@id":"https:\/\/canal7slp.tv\/2019\/padres-de-ninos-con-cancer-cercan-accesos-al-senado\/#primaryimage","url":"https:\/\/canal7slp.tv\/2019\/wp-content\/uploads\/2019\/11\/620.jpg","contentUrl":"https:\/\/canal7slp.tv\/2019\/wp-content\/uploads\/2019\/11\/620.jpg","width":770,"height":485},{"@type":"BreadcrumbList","@id":"https:\/\/canal7slp.tv\/2019\/padres-de-ninos-con-cancer-cercan-accesos-al-senado\/#breadcrumb","itemListElement":[{"@type":"ListItem","position":1,"name":"Home","item":"https:\/\/canal7slp.tv\/2019\/"},{"@type":"ListItem","position":2,"name":"Padres de ni\u00f1os con c\u00e1ncer cercan accesos al Senado"}]},{"@type":"WebSite","@id":"https:\/\/canal7slp.tv\/2019\/#website","url":"https:\/\/canal7slp.tv\/2019\/","name":"Canal 7 SLP - Somos TV","description":"Somos un Canal de 10","publisher":{"@id":"https:\/\/canal7slp.tv\/2019\/#organization"},"potentialAction":[{"@type":"SearchAction","target":{"@type":"EntryPoint","urlTemplate":"https:\/\/canal7slp.tv\/2019\/?s={search_term_string}"},"query-input":{"@type":"PropertyValueSpecification","valueRequired":true,"valueName":"search_term_string"}}],"inLanguage":"es"},{"@type":"Organization","@id":"https:\/\/canal7slp.tv\/2019\/#organization","name":"Comunicaci\u00f3n 2000 S.A. de C.V.","url":"https:\/\/canal7slp.tv\/2019\/","logo":{"@type":"ImageObject","inLanguage":"es","@id":"https:\/\/canal7slp.tv\/2019\/#\/schema\/logo\/image\/","url":"https:\/\/canal7slp.tv\/2019\/wp-content\/uploads\/2019\/07\/logo-c7.png","contentUrl":"https:\/\/canal7slp.tv\/2019\/wp-content\/uploads\/2019\/07\/logo-c7.png","width":220,"height":60,"caption":"Comunicaci\u00f3n 2000 S.A. de C.V."},"image":{"@id":"https:\/\/canal7slp.tv\/2019\/#\/schema\/logo\/image\/"},"sameAs":["https:\/\/www.facebook.com\/CANAL7SLP\/","https:\/\/x.com\/canal7_slp","https:\/\/www.instagram.com\/canal7_slp","https:\/\/www.youtube.com\/user\/NOTICIEROSCANAL7SLP\/"]},{"@type":"Person","@id":"https:\/\/canal7slp.tv\/2019\/#\/schema\/person\/11d941c1c6ca30ac0a46b95fa37aa2e3","name":"edicionweb","image":{"@type":"ImageObject","inLanguage":"es","@id":"https:\/\/secure.gravatar.com\/avatar\/eee448fc3f7164808013b816ba91ac7e43bbe82a70bebac296f8bc6f0addaa1a?s=96&d=mm&r=g","url":"https:\/\/secure.gravatar.com\/avatar\/eee448fc3f7164808013b816ba91ac7e43bbe82a70bebac296f8bc6f0addaa1a?s=96&d=mm&r=g","contentUrl":"https:\/\/secure.gravatar.com\/avatar\/eee448fc3f7164808013b816ba91ac7e43bbe82a70bebac296f8bc6f0addaa1a?s=96&d=mm&r=g","caption":"edicionweb"}}]}},"amp_enabled":true,"cmb2":{"video_ids_in_playlist":{"vid_p_videos":""},"video_ids_in_channel":{"vid_c_videos":""},"playlist_ids_in_channel":{"vid_c_playlists":""},"series_ids_in_channel":{"vid_c_series":""},"channel_images":{"vid_c_logo":"","vid_c_banner":""},"poster_feature_image":{"vid_m_poster_image":""},"gif_feature_image":{"vid_m_gif_image":""},"video_movie_settings":{"vid_m_director":"","vid_m_actor":"","vid_m_imdb_ratings":"","vid_m_amazon_associates":""},"vid_youtube_broadcasts_settings":{"vid_yb_broadcast_title":"","vid_yb_q":"","vid_yb_channelid":"","vid_yb_videocategoryid":"","vid_yb_maxresults":"","vid_yb_order":"","vid_yb_regioncode":"","vid_yb_videosyndicated":"","vid_yb_style":"","vid_yb_reload_first":""},"video_series_settings":{"vid_m_director":"","vid_m_actor":"","vid_m_imdb_ratings":"","video_series_group":""},"amazon_associates_settings":{"amazon_associates":"","amazon_native_ad":""},"vid_youtube_automatic_settings":{"vid_ya_youtube_source":"","vid_ya_update_every":"","vid_ya_update_unit":"","vid_ya_categories":"","vid_ya_published_after":"","vid_ya_published_before":"","vid_ya_playlists":"","vid_ya_channels":"","vid_ya_director":"","vid_ya_actor":"","vid_ya_author":"","vid_ya_import_post_date":"","vid_ya_status":"","vid_ya_sub_api_key":""},"vid_ads_m_videoads_settings_post":{"vid_ads_m_video_ads":"","vid_ads_m_video_ads_type":"","vid_ads_m_group_google_ima":"","vid_ads_m_group_image":"","vid_ads_m_group_html5_video":"","vid_ads_m_group_html":"","vid_ads_m_vast_preroll":"","vid_ads_m_vast_postroll":"","vid_ads_m_vast_pauseroll":"","vid_ads_m_vast_midroll":[{"vid_ads_m_vast_timer_seconds":"50"}],"vid_ads_m_time_to_show_ads":"","vid_ads_m_time_skip_ads":"","vid_ads_m_time_to_hide_ads":""},"page_slider_settings":{"display_slider_group":"","page_slider_group":""},"blog_page_settings":{"blog_page_title":"","blog_page_heading":"","blog_page_ic":"","blog_page_it":"","blog_page_ec":"","blog_page_ip":"","archive_loop_style":"","blog_image_ratio":"","blog_show_categories":"","blog_show_excerpt":"","blog_show_author":"","blog_show_date":"","blog_show_comment_count":"","blog_show_view_count":"","blog_show_like_count":"","blog_show_dislike_count":"","blog_items_per_page":"","blog_pag_type":""},"page_options":{"get_page_template":"","color_mode":"","main_layout":"","main_layout_full_with":"","main_logo":"","main_logo_retina":"","main_logo_mobile":"","main_logo_mobile_retina":"","sticky_logo":"","sticky_logo_retina":"","main_nav_layout":"","ajax_search":"","header_background":"","theme_sidebar":"","instagram_feed":"","instagram_feed_position":"","popular_videos":"","popular_videos_title_1":"","popular_videos_title_2":"","popular_videos_ic":"","popular_videos_it":"","theme_background":"","page_custom_css":""},"feature_image_settings":{"feature_image_position":""},"video_player_settings":{"single_video_style":"","video_player_position":"","vm_video_url":"","video_player_library":"","video_streaming":"","vm_media_sources":"","vid_auto_play":"","vm_video_shortcode":"","vid_p_sync_playlist":"","vid_c_sync_channel":"","get_post_format":"","multiple_links_structure":"default","multi_links_title":"","vm_video_multi_links":"","vm_duration":"","vid_social_locker":"off","vid_social_locker_id":"","vid_membership_action":"content-video","vm_video_trailer_url":"","vid_download_type":"free","vid_download_target":"download","vid_woo_product":"","vm_media_download":"","user_rating":"","user_rating_position":"","user_rating_mode":"","user_rating_multi_sets":""},"video_auto_fetch_settings":{"vm_video_fetch":"on"},"video_fake_views_likes":{"vm_fake_views":"","vm_fake_likes":"","vm_fake_dislikes":""},"gallery_settings":{"gallery_position":""},"quote_settings":{"quote_position":""},"post_options":{"main_layout":"","main_logo":"","main_logo_retina":"","main_logo_mobile":"","main_logo_mobile_retina":"","sticky_logo":"","sticky_logo_retina":"","main_nav_layout":"","header_background":"","theme_sidebar":"","single_post_comment_type":"","theme_background":""}},"_links":{"self":[{"href":"https:\/\/canal7slp.tv\/2019\/wp-json\/wp\/v2\/posts\/81341","targetHints":{"allow":["GET"]}}],"collection":[{"href":"https:\/\/canal7slp.tv\/2019\/wp-json\/wp\/v2\/posts"}],"about":[{"href":"https:\/\/canal7slp.tv\/2019\/wp-json\/wp\/v2\/types\/post"}],"author":[{"embeddable":true,"href":"https:\/\/canal7slp.tv\/2019\/wp-json\/wp\/v2\/users\/2"}],"replies":[{"embeddable":true,"href":"https:\/\/canal7slp.tv\/2019\/wp-json\/wp\/v2\/comments?post=81341"}],"version-history":[{"count":0,"href":"https:\/\/canal7slp.tv\/2019\/wp-json\/wp\/v2\/posts\/81341\/revisions"}],"wp:featuredmedia":[{"embeddable":true,"href":"https:\/\/canal7slp.tv\/2019\/wp-json\/wp\/v2\/media\/81342"}],"wp:attachment":[{"href":"https:\/\/canal7slp.tv\/2019\/wp-json\/wp\/v2\/media?parent=81341"}],"wp:term":[{"taxonomy":"category","embeddable":true,"href":"https:\/\/canal7slp.tv\/2019\/wp-json\/wp\/v2\/categories?post=81341"},{"taxonomy":"post_tag","embeddable":true,"href":"https:\/\/canal7slp.tv\/2019\/wp-json\/wp\/v2\/tags?post=81341"}],"curies":[{"name":"wp","href":"https:\/\/api.w.org\/{rel}","templated":true}]}}