{"id":81279,"date":"2019-11-12T13:01:53","date_gmt":"2019-11-12T19:01:53","guid":{"rendered":"https:\/\/canal7slp.tv\/2019\/?p=81279"},"modified":"2019-11-12T13:01:53","modified_gmt":"2019-11-12T19:01:53","slug":"vidrio-el-residuo-rezagado-en-el-reciclaje-en-mexico","status":"publish","type":"post","link":"https:\/\/canal7slp.tv\/2019\/vidrio-el-residuo-rezagado-en-el-reciclaje-en-mexico\/","title":{"rendered":"Vidrio, el residuo rezagado en el reciclaje en M\u00e9xico"},"content":{"rendered":"<ul>\n<li style=\"text-align: justify\">Se recicla alrededor de 56 por ciento del papel y cart\u00f3n desechado, 50 por ciento en pl\u00e1sticos, pero s\u00f3lo 12 por ciento del vidrio<\/li>\n<\/ul>\n<p style=\"text-align: justify\">M\u00e9xico.- Senadores suscribieron el pasado 22 de octubre una nueva iniciativa de ley para la gesti\u00f3n integral de los residuos para ordenar la disposici\u00f3n de residuos e impulsar el reciclaje en M\u00e9xico con ayuda de la iniciativa privada.<\/p>\n<p style=\"text-align: justify\">El mercado de reciclaje en M\u00e9xico tiene un valor superior a los 3 mil millones de d\u00f3lares, de acuerdo con estimaciones de la Asociaci\u00f3n Nacional de Industrias del Pl\u00e1stico (Anipac).<\/p>\n<p style=\"text-align: justify\">Peque\u00f1as y medianas empresas viven de este mercado, sin embargo gran parte del negocio est\u00e1 sostenido en la recuperaci\u00f3n de pl\u00e1stico y aluminio lo que deja de lado al vidrio.<\/p>\n<p style=\"text-align: justify\">Anualmente en M\u00e9xico se producen alrededor de 14.9 millones de toneladas de residuos s\u00f3lidos que pueden reutilizarse, seg\u00fan cifras de la Secretar\u00eda de Medio Ambiente y Recursos Naturales (Semarnat), de los cuales 39 por ciento corresponde a papel, cart\u00f3n y similares, 30.7 por ciento a pl\u00e1sticos y 16.6 por ciento a vidrio.<\/p>\n<p style=\"text-align: justify\">Informaci\u00f3n de distintas c\u00e1maras empresariales y la misma dependencia se\u00f1alan que se recicla alrededor de 56 por ciento del papel y cart\u00f3n desechado, 50 por ciento en pl\u00e1sticos, pero s\u00f3lo 12 por ciento del vidrio.<\/p>\n<p style=\"text-align: justify\">\u201cEsto es por el bajo costo que ofrecen los recicladores por este material, y es porque hay poco inter\u00e9s por los productores del cristal para darle una segunda vida\u201d, dijo Jos\u00e9 Luis P\u00e9rez Gonz\u00e1lez, director general de Cerrando el Ciclo, firma dedicada a reciclar botellas de cristal.<\/p>\n<p style=\"text-align: justify\">Seg\u00fan la firma Supraciclaje, el precio promedio por el que se paga el aluminio (dependiendo de su presentaci\u00f3n) es de 22 pesos el kilo, 7.16 pesos el kilo de PET, 47 centavos el kilo de papel o cart\u00f3n (dependiendo el tipo), pero s\u00f3lo a 10 centavos el kilo de vidrio.<\/p>\n<p style=\"text-align: justify\">\u201cAlgunos productores de bebidas que usan PET crearon asociaciones para recuperar el material que usan de envases, pero en el caso del vidrio, las mismas empresas se desentienden del producto pues consideran que esta se degrada y se hace arena, pero no toman en cuenta el tiempo que toma\u201d, agreg\u00f3 Jos\u00e9 Luis P\u00e9rez Gonz\u00e1lez.<\/p>\n<p style=\"text-align: justify\">Grupo Modelo es de las pocas empresas que anunciaron recientemente proyectos para el reciclaje de vidrio, pues firm\u00f3 un convenio con Walmart para que el flujo de sus consumidores a nivel nacional, puedan reciclar sus envases de vidrio con mayor facilidad.<\/p>\n<p style=\"text-align: justify\">\u201cEstamos trabajando todos los d\u00edas para que el n\u00famero de bares y restaurantes aliados al programa de reciclaje crezca, calculando que estos esfuerzos puedan llegar a cientos de establecimientos en todo el pa\u00eds en los pr\u00f3ximos dos a\u00f1os\u201d, coment\u00f3 Gabriel Maia, directora de empaque y sustentabilidad de Grupo Modelo.<\/p>\n<p style=\"text-align: justify\">El gobierno inform\u00f3 que en M\u00e9xico se genera m\u00e1s de 44 millones de toneladas anuales de residuos totales (incluye org\u00e1nicos y peligrosos) y se espera que este n\u00famero alcance 65 millones para el a\u00f1o 2030, de los cuales el vidrio podr\u00eda representar el 6 por ciento.<\/p>\n<p style=\"text-align: justify\">La Ciudad de M\u00e9xico (CDMX) es donde m\u00e1s se reporta la recuperaci\u00f3n y re\u00faso de vidrio en el pa\u00eds.<\/p>\n<p style=\"text-align: justify\">Datos de la Secretar\u00eda del Medio Ambiente (Sedema) de la capital del pa\u00eds, detallan que se generan al d\u00eda 62.61 toneladas de este residuo en la CDMX, de los cuales se vuelve a aprovechar el 75.4 por ciento, muy por encima de la cifra nacional.<\/p>\n<p style=\"text-align: justify\">\u201cLos residuos que ingresan a las plantas de selecci\u00f3n son transportados en bandas hasta plataformas, en donde se efect\u00faa la recuperaci\u00f3n manual de todos los materiales que sean susceptibles a ser valorizados o aprovechados, como pet, cart\u00f3n, papel, vidrio, metales, entre otros. La CDMX cuenta con dos plantas de selecci\u00f3n: Santa Catarina y San Juan de Arag\u00f3n\u201d, detalla la Sedema.<\/p>\n<p style=\"text-align: justify\">Gran parte de este material lo recuperan por medio del \u201cMercado del Trueque\u201d, proyecto con el cual el gobierno capitalino cambia basura reciclable de los ciudadanos por alimentos producidos localmente.<\/p>\n<p style=\"text-align: justify\">S\u00f3lo en 2018 recolectaron 37.64 toneladas de vidrio, muy superior a los 20.20 toneladas de PET y las 20.18 de papel.<\/p>\n<p style=\"text-align: justify\">\u201cEs una oportunidad para los ciudadanos de aprender a separar, acopiar y sobre todo, de entender sobre la valorizaci\u00f3n de los residuos\u201d, describe la Sedema.<\/p>\n","protected":false},"excerpt":{"rendered":"<p>Se recicla alrededor de 56 por ciento del papel y cart\u00f3n desechado, 50 por ciento en pl\u00e1sticos, pero s\u00f3lo 12 por ciento del vidrio M\u00e9xico.- Senadores suscribieron el pasado 22 de octubre una nueva iniciativa de ley para la gesti\u00f3n integral de los residuos para ordenar la disposici\u00f3n de residuos e impulsar el reciclaje en [&hellip;]<\/p>\n","protected":false},"author":2,"featured_media":81280,"comment_status":"open","ping_status":"open","sticky":false,"template":"","format":"standard","meta":{"footnotes":""},"categories":[98],"tags":[],"class_list":["post-81279","post","type-post","status-publish","format-standard","has-post-thumbnail","hentry","category-finanzas"],"yoast_head":"<!-- This site is optimized with the Yoast SEO plugin v27.5 - https:\/\/yoast.com\/product\/yoast-seo-wordpress\/ -->\n<title>Vidrio, el residuo rezagado en el reciclaje en M\u00e9xico - Canal 7 SLP - 2019<\/title>\n<meta name=\"robots\" content=\"index, follow, max-snippet:-1, max-image-preview:large, max-video-preview:-1\" \/>\n<link rel=\"canonical\" href=\"https:\/\/canal7slp.tv\/2019\/vidrio-el-residuo-rezagado-en-el-reciclaje-en-mexico\/\" \/>\n<meta property=\"og:locale\" content=\"es_ES\" \/>\n<meta property=\"og:type\" content=\"article\" \/>\n<meta property=\"og:title\" content=\"Vidrio, el residuo rezagado en el reciclaje en M\u00e9xico - Canal 7 SLP - 2019\" \/>\n<meta property=\"og:description\" content=\"Se recicla alrededor de 56 por ciento del papel y cart\u00f3n desechado, 50 por ciento en pl\u00e1sticos, pero s\u00f3lo 12 por ciento del vidrio M\u00e9xico.- Senadores suscribieron el pasado 22 de octubre una nueva iniciativa de ley para la gesti\u00f3n integral de los residuos para ordenar la disposici\u00f3n de residuos e impulsar el reciclaje en [&hellip;]\" \/>\n<meta property=\"og:url\" content=\"https:\/\/canal7slp.tv\/2019\/vidrio-el-residuo-rezagado-en-el-reciclaje-en-mexico\/\" \/>\n<meta property=\"og:site_name\" content=\"Canal 7 SLP - 2019\" \/>\n<meta property=\"article:publisher\" content=\"https:\/\/www.facebook.com\/CANAL7SLP\/\" \/>\n<meta property=\"article:published_time\" content=\"2019-11-12T19:01:53+00:00\" \/>\n<meta property=\"og:image\" content=\"https:\/\/canal7slp.tv\/2019\/wp-content\/uploads\/2019\/11\/1320-7.jpg\" \/>\n\t<meta property=\"og:image:width\" content=\"770\" \/>\n\t<meta property=\"og:image:height\" content=\"485\" \/>\n\t<meta property=\"og:image:type\" content=\"image\/jpeg\" \/>\n<meta name=\"author\" content=\"edicionweb\" \/>\n<meta name=\"twitter:card\" content=\"summary_large_image\" \/>\n<meta name=\"twitter:creator\" content=\"@canal7_slp\" \/>\n<meta name=\"twitter:site\" content=\"@canal7_slp\" \/>\n<meta name=\"twitter:label1\" content=\"Escrito por\" \/>\n\t<meta name=\"twitter:data1\" content=\"edicionweb\" \/>\n\t<meta name=\"twitter:label2\" content=\"Tiempo de lectura\" \/>\n\t<meta name=\"twitter:data2\" content=\"4 minutos\" \/>\n<script type=\"application\/ld+json\" class=\"yoast-schema-graph\">{\"@context\":\"https:\\\/\\\/schema.org\",\"@graph\":[{\"@type\":\"Article\",\"@id\":\"https:\\\/\\\/canal7slp.tv\\\/2019\\\/vidrio-el-residuo-rezagado-en-el-reciclaje-en-mexico\\\/#article\",\"isPartOf\":{\"@id\":\"https:\\\/\\\/canal7slp.tv\\\/2019\\\/vidrio-el-residuo-rezagado-en-el-reciclaje-en-mexico\\\/\"},\"author\":{\"name\":\"edicionweb\",\"@id\":\"https:\\\/\\\/canal7slp.tv\\\/2019\\\/#\\\/schema\\\/person\\\/11d941c1c6ca30ac0a46b95fa37aa2e3\"},\"headline\":\"Vidrio, el residuo rezagado en el reciclaje en M\u00e9xico\",\"datePublished\":\"2019-11-12T19:01:53+00:00\",\"mainEntityOfPage\":{\"@id\":\"https:\\\/\\\/canal7slp.tv\\\/2019\\\/vidrio-el-residuo-rezagado-en-el-reciclaje-en-mexico\\\/\"},\"wordCount\":743,\"commentCount\":0,\"publisher\":{\"@id\":\"https:\\\/\\\/canal7slp.tv\\\/2019\\\/#organization\"},\"image\":{\"@id\":\"https:\\\/\\\/canal7slp.tv\\\/2019\\\/vidrio-el-residuo-rezagado-en-el-reciclaje-en-mexico\\\/#primaryimage\"},\"thumbnailUrl\":\"https:\\\/\\\/canal7slp.tv\\\/2019\\\/wp-content\\\/uploads\\\/2019\\\/11\\\/1320-7.jpg\",\"articleSection\":[\"FINANZAS\"],\"inLanguage\":\"es\",\"potentialAction\":[{\"@type\":\"CommentAction\",\"name\":\"Comment\",\"target\":[\"https:\\\/\\\/canal7slp.tv\\\/2019\\\/vidrio-el-residuo-rezagado-en-el-reciclaje-en-mexico\\\/#respond\"]}]},{\"@type\":\"WebPage\",\"@id\":\"https:\\\/\\\/canal7slp.tv\\\/2019\\\/vidrio-el-residuo-rezagado-en-el-reciclaje-en-mexico\\\/\",\"url\":\"https:\\\/\\\/canal7slp.tv\\\/2019\\\/vidrio-el-residuo-rezagado-en-el-reciclaje-en-mexico\\\/\",\"name\":\"Vidrio, el residuo rezagado en el reciclaje en M\u00e9xico - Canal 7 SLP - 2019\",\"isPartOf\":{\"@id\":\"https:\\\/\\\/canal7slp.tv\\\/2019\\\/#website\"},\"primaryImageOfPage\":{\"@id\":\"https:\\\/\\\/canal7slp.tv\\\/2019\\\/vidrio-el-residuo-rezagado-en-el-reciclaje-en-mexico\\\/#primaryimage\"},\"image\":{\"@id\":\"https:\\\/\\\/canal7slp.tv\\\/2019\\\/vidrio-el-residuo-rezagado-en-el-reciclaje-en-mexico\\\/#primaryimage\"},\"thumbnailUrl\":\"https:\\\/\\\/canal7slp.tv\\\/2019\\\/wp-content\\\/uploads\\\/2019\\\/11\\\/1320-7.jpg\",\"datePublished\":\"2019-11-12T19:01:53+00:00\",\"breadcrumb\":{\"@id\":\"https:\\\/\\\/canal7slp.tv\\\/2019\\\/vidrio-el-residuo-rezagado-en-el-reciclaje-en-mexico\\\/#breadcrumb\"},\"inLanguage\":\"es\",\"potentialAction\":[{\"@type\":\"ReadAction\",\"target\":[\"https:\\\/\\\/canal7slp.tv\\\/2019\\\/vidrio-el-residuo-rezagado-en-el-reciclaje-en-mexico\\\/\"]}]},{\"@type\":\"ImageObject\",\"inLanguage\":\"es\",\"@id\":\"https:\\\/\\\/canal7slp.tv\\\/2019\\\/vidrio-el-residuo-rezagado-en-el-reciclaje-en-mexico\\\/#primaryimage\",\"url\":\"https:\\\/\\\/canal7slp.tv\\\/2019\\\/wp-content\\\/uploads\\\/2019\\\/11\\\/1320-7.jpg\",\"contentUrl\":\"https:\\\/\\\/canal7slp.tv\\\/2019\\\/wp-content\\\/uploads\\\/2019\\\/11\\\/1320-7.jpg\",\"width\":770,\"height\":485},{\"@type\":\"BreadcrumbList\",\"@id\":\"https:\\\/\\\/canal7slp.tv\\\/2019\\\/vidrio-el-residuo-rezagado-en-el-reciclaje-en-mexico\\\/#breadcrumb\",\"itemListElement\":[{\"@type\":\"ListItem\",\"position\":1,\"name\":\"Home\",\"item\":\"https:\\\/\\\/canal7slp.tv\\\/2019\\\/\"},{\"@type\":\"ListItem\",\"position\":2,\"name\":\"Vidrio, el residuo rezagado en el reciclaje en M\u00e9xico\"}]},{\"@type\":\"WebSite\",\"@id\":\"https:\\\/\\\/canal7slp.tv\\\/2019\\\/#website\",\"url\":\"https:\\\/\\\/canal7slp.tv\\\/2019\\\/\",\"name\":\"Canal 7 SLP - Somos TV\",\"description\":\"Somos un Canal de 10\",\"publisher\":{\"@id\":\"https:\\\/\\\/canal7slp.tv\\\/2019\\\/#organization\"},\"potentialAction\":[{\"@type\":\"SearchAction\",\"target\":{\"@type\":\"EntryPoint\",\"urlTemplate\":\"https:\\\/\\\/canal7slp.tv\\\/2019\\\/?s={search_term_string}\"},\"query-input\":{\"@type\":\"PropertyValueSpecification\",\"valueRequired\":true,\"valueName\":\"search_term_string\"}}],\"inLanguage\":\"es\"},{\"@type\":\"Organization\",\"@id\":\"https:\\\/\\\/canal7slp.tv\\\/2019\\\/#organization\",\"name\":\"Comunicaci\u00f3n 2000 S.A. de C.V.\",\"url\":\"https:\\\/\\\/canal7slp.tv\\\/2019\\\/\",\"logo\":{\"@type\":\"ImageObject\",\"inLanguage\":\"es\",\"@id\":\"https:\\\/\\\/canal7slp.tv\\\/2019\\\/#\\\/schema\\\/logo\\\/image\\\/\",\"url\":\"https:\\\/\\\/canal7slp.tv\\\/2019\\\/wp-content\\\/uploads\\\/2019\\\/07\\\/logo-c7.png\",\"contentUrl\":\"https:\\\/\\\/canal7slp.tv\\\/2019\\\/wp-content\\\/uploads\\\/2019\\\/07\\\/logo-c7.png\",\"width\":220,\"height\":60,\"caption\":\"Comunicaci\u00f3n 2000 S.A. de C.V.\"},\"image\":{\"@id\":\"https:\\\/\\\/canal7slp.tv\\\/2019\\\/#\\\/schema\\\/logo\\\/image\\\/\"},\"sameAs\":[\"https:\\\/\\\/www.facebook.com\\\/CANAL7SLP\\\/\",\"https:\\\/\\\/x.com\\\/canal7_slp\",\"https:\\\/\\\/www.instagram.com\\\/canal7_slp\",\"https:\\\/\\\/www.youtube.com\\\/user\\\/NOTICIEROSCANAL7SLP\\\/\"]},{\"@type\":\"Person\",\"@id\":\"https:\\\/\\\/canal7slp.tv\\\/2019\\\/#\\\/schema\\\/person\\\/11d941c1c6ca30ac0a46b95fa37aa2e3\",\"name\":\"edicionweb\",\"image\":{\"@type\":\"ImageObject\",\"inLanguage\":\"es\",\"@id\":\"https:\\\/\\\/secure.gravatar.com\\\/avatar\\\/eee448fc3f7164808013b816ba91ac7e43bbe82a70bebac296f8bc6f0addaa1a?s=96&d=mm&r=g\",\"url\":\"https:\\\/\\\/secure.gravatar.com\\\/avatar\\\/eee448fc3f7164808013b816ba91ac7e43bbe82a70bebac296f8bc6f0addaa1a?s=96&d=mm&r=g\",\"contentUrl\":\"https:\\\/\\\/secure.gravatar.com\\\/avatar\\\/eee448fc3f7164808013b816ba91ac7e43bbe82a70bebac296f8bc6f0addaa1a?s=96&d=mm&r=g\",\"caption\":\"edicionweb\"}}]}<\/script>\n<!-- \/ Yoast SEO plugin. -->","yoast_head_json":{"title":"Vidrio, el residuo rezagado en el reciclaje en M\u00e9xico - Canal 7 SLP - 2019","robots":{"index":"index","follow":"follow","max-snippet":"max-snippet:-1","max-image-preview":"max-image-preview:large","max-video-preview":"max-video-preview:-1"},"canonical":"https:\/\/canal7slp.tv\/2019\/vidrio-el-residuo-rezagado-en-el-reciclaje-en-mexico\/","og_locale":"es_ES","og_type":"article","og_title":"Vidrio, el residuo rezagado en el reciclaje en M\u00e9xico - Canal 7 SLP - 2019","og_description":"Se recicla alrededor de 56 por ciento del papel y cart\u00f3n desechado, 50 por ciento en pl\u00e1sticos, pero s\u00f3lo 12 por ciento del vidrio M\u00e9xico.- Senadores suscribieron el pasado 22 de octubre una nueva iniciativa de ley para la gesti\u00f3n integral de los residuos para ordenar la disposici\u00f3n de residuos e impulsar el reciclaje en [&hellip;]","og_url":"https:\/\/canal7slp.tv\/2019\/vidrio-el-residuo-rezagado-en-el-reciclaje-en-mexico\/","og_site_name":"Canal 7 SLP - 2019","article_publisher":"https:\/\/www.facebook.com\/CANAL7SLP\/","article_published_time":"2019-11-12T19:01:53+00:00","og_image":[{"width":770,"height":485,"url":"https:\/\/canal7slp.tv\/2019\/wp-content\/uploads\/2019\/11\/1320-7.jpg","type":"image\/jpeg"}],"author":"edicionweb","twitter_card":"summary_large_image","twitter_creator":"@canal7_slp","twitter_site":"@canal7_slp","twitter_misc":{"Escrito por":"edicionweb","Tiempo de lectura":"4 minutos"},"schema":{"@context":"https:\/\/schema.org","@graph":[{"@type":"Article","@id":"https:\/\/canal7slp.tv\/2019\/vidrio-el-residuo-rezagado-en-el-reciclaje-en-mexico\/#article","isPartOf":{"@id":"https:\/\/canal7slp.tv\/2019\/vidrio-el-residuo-rezagado-en-el-reciclaje-en-mexico\/"},"author":{"name":"edicionweb","@id":"https:\/\/canal7slp.tv\/2019\/#\/schema\/person\/11d941c1c6ca30ac0a46b95fa37aa2e3"},"headline":"Vidrio, el residuo rezagado en el reciclaje en M\u00e9xico","datePublished":"2019-11-12T19:01:53+00:00","mainEntityOfPage":{"@id":"https:\/\/canal7slp.tv\/2019\/vidrio-el-residuo-rezagado-en-el-reciclaje-en-mexico\/"},"wordCount":743,"commentCount":0,"publisher":{"@id":"https:\/\/canal7slp.tv\/2019\/#organization"},"image":{"@id":"https:\/\/canal7slp.tv\/2019\/vidrio-el-residuo-rezagado-en-el-reciclaje-en-mexico\/#primaryimage"},"thumbnailUrl":"https:\/\/canal7slp.tv\/2019\/wp-content\/uploads\/2019\/11\/1320-7.jpg","articleSection":["FINANZAS"],"inLanguage":"es","potentialAction":[{"@type":"CommentAction","name":"Comment","target":["https:\/\/canal7slp.tv\/2019\/vidrio-el-residuo-rezagado-en-el-reciclaje-en-mexico\/#respond"]}]},{"@type":"WebPage","@id":"https:\/\/canal7slp.tv\/2019\/vidrio-el-residuo-rezagado-en-el-reciclaje-en-mexico\/","url":"https:\/\/canal7slp.tv\/2019\/vidrio-el-residuo-rezagado-en-el-reciclaje-en-mexico\/","name":"Vidrio, el residuo rezagado en el reciclaje en M\u00e9xico - Canal 7 SLP - 2019","isPartOf":{"@id":"https:\/\/canal7slp.tv\/2019\/#website"},"primaryImageOfPage":{"@id":"https:\/\/canal7slp.tv\/2019\/vidrio-el-residuo-rezagado-en-el-reciclaje-en-mexico\/#primaryimage"},"image":{"@id":"https:\/\/canal7slp.tv\/2019\/vidrio-el-residuo-rezagado-en-el-reciclaje-en-mexico\/#primaryimage"},"thumbnailUrl":"https:\/\/canal7slp.tv\/2019\/wp-content\/uploads\/2019\/11\/1320-7.jpg","datePublished":"2019-11-12T19:01:53+00:00","breadcrumb":{"@id":"https:\/\/canal7slp.tv\/2019\/vidrio-el-residuo-rezagado-en-el-reciclaje-en-mexico\/#breadcrumb"},"inLanguage":"es","potentialAction":[{"@type":"ReadAction","target":["https:\/\/canal7slp.tv\/2019\/vidrio-el-residuo-rezagado-en-el-reciclaje-en-mexico\/"]}]},{"@type":"ImageObject","inLanguage":"es","@id":"https:\/\/canal7slp.tv\/2019\/vidrio-el-residuo-rezagado-en-el-reciclaje-en-mexico\/#primaryimage","url":"https:\/\/canal7slp.tv\/2019\/wp-content\/uploads\/2019\/11\/1320-7.jpg","contentUrl":"https:\/\/canal7slp.tv\/2019\/wp-content\/uploads\/2019\/11\/1320-7.jpg","width":770,"height":485},{"@type":"BreadcrumbList","@id":"https:\/\/canal7slp.tv\/2019\/vidrio-el-residuo-rezagado-en-el-reciclaje-en-mexico\/#breadcrumb","itemListElement":[{"@type":"ListItem","position":1,"name":"Home","item":"https:\/\/canal7slp.tv\/2019\/"},{"@type":"ListItem","position":2,"name":"Vidrio, el residuo rezagado en el reciclaje en M\u00e9xico"}]},{"@type":"WebSite","@id":"https:\/\/canal7slp.tv\/2019\/#website","url":"https:\/\/canal7slp.tv\/2019\/","name":"Canal 7 SLP - Somos TV","description":"Somos un Canal de 10","publisher":{"@id":"https:\/\/canal7slp.tv\/2019\/#organization"},"potentialAction":[{"@type":"SearchAction","target":{"@type":"EntryPoint","urlTemplate":"https:\/\/canal7slp.tv\/2019\/?s={search_term_string}"},"query-input":{"@type":"PropertyValueSpecification","valueRequired":true,"valueName":"search_term_string"}}],"inLanguage":"es"},{"@type":"Organization","@id":"https:\/\/canal7slp.tv\/2019\/#organization","name":"Comunicaci\u00f3n 2000 S.A. de C.V.","url":"https:\/\/canal7slp.tv\/2019\/","logo":{"@type":"ImageObject","inLanguage":"es","@id":"https:\/\/canal7slp.tv\/2019\/#\/schema\/logo\/image\/","url":"https:\/\/canal7slp.tv\/2019\/wp-content\/uploads\/2019\/07\/logo-c7.png","contentUrl":"https:\/\/canal7slp.tv\/2019\/wp-content\/uploads\/2019\/07\/logo-c7.png","width":220,"height":60,"caption":"Comunicaci\u00f3n 2000 S.A. de C.V."},"image":{"@id":"https:\/\/canal7slp.tv\/2019\/#\/schema\/logo\/image\/"},"sameAs":["https:\/\/www.facebook.com\/CANAL7SLP\/","https:\/\/x.com\/canal7_slp","https:\/\/www.instagram.com\/canal7_slp","https:\/\/www.youtube.com\/user\/NOTICIEROSCANAL7SLP\/"]},{"@type":"Person","@id":"https:\/\/canal7slp.tv\/2019\/#\/schema\/person\/11d941c1c6ca30ac0a46b95fa37aa2e3","name":"edicionweb","image":{"@type":"ImageObject","inLanguage":"es","@id":"https:\/\/secure.gravatar.com\/avatar\/eee448fc3f7164808013b816ba91ac7e43bbe82a70bebac296f8bc6f0addaa1a?s=96&d=mm&r=g","url":"https:\/\/secure.gravatar.com\/avatar\/eee448fc3f7164808013b816ba91ac7e43bbe82a70bebac296f8bc6f0addaa1a?s=96&d=mm&r=g","contentUrl":"https:\/\/secure.gravatar.com\/avatar\/eee448fc3f7164808013b816ba91ac7e43bbe82a70bebac296f8bc6f0addaa1a?s=96&d=mm&r=g","caption":"edicionweb"}}]}},"amp_enabled":true,"cmb2":{"video_ids_in_playlist":{"vid_p_videos":""},"video_ids_in_channel":{"vid_c_videos":""},"playlist_ids_in_channel":{"vid_c_playlists":""},"series_ids_in_channel":{"vid_c_series":""},"channel_images":{"vid_c_logo":"","vid_c_banner":""},"poster_feature_image":{"vid_m_poster_image":""},"gif_feature_image":{"vid_m_gif_image":""},"video_movie_settings":{"vid_m_director":"","vid_m_actor":"","vid_m_imdb_ratings":"","vid_m_amazon_associates":""},"vid_youtube_broadcasts_settings":{"vid_yb_broadcast_title":"","vid_yb_q":"","vid_yb_channelid":"","vid_yb_videocategoryid":"","vid_yb_maxresults":"","vid_yb_order":"","vid_yb_regioncode":"","vid_yb_videosyndicated":"","vid_yb_style":"","vid_yb_reload_first":""},"video_series_settings":{"vid_m_director":"","vid_m_actor":"","vid_m_imdb_ratings":"","video_series_group":""},"amazon_associates_settings":{"amazon_associates":"","amazon_native_ad":""},"vid_youtube_automatic_settings":{"vid_ya_youtube_source":"","vid_ya_update_every":"","vid_ya_update_unit":"","vid_ya_categories":"","vid_ya_published_after":"","vid_ya_published_before":"","vid_ya_playlists":"","vid_ya_channels":"","vid_ya_director":"","vid_ya_actor":"","vid_ya_author":"","vid_ya_import_post_date":"","vid_ya_status":"","vid_ya_sub_api_key":""},"vid_ads_m_videoads_settings_post":{"vid_ads_m_video_ads":"","vid_ads_m_video_ads_type":"","vid_ads_m_group_google_ima":"","vid_ads_m_group_image":"","vid_ads_m_group_html5_video":"","vid_ads_m_group_html":"","vid_ads_m_vast_preroll":"","vid_ads_m_vast_postroll":"","vid_ads_m_vast_pauseroll":"","vid_ads_m_vast_midroll":[{"vid_ads_m_vast_timer_seconds":"50"}],"vid_ads_m_time_to_show_ads":"","vid_ads_m_time_skip_ads":"","vid_ads_m_time_to_hide_ads":""},"page_slider_settings":{"display_slider_group":"","page_slider_group":""},"blog_page_settings":{"blog_page_title":"","blog_page_heading":"","blog_page_ic":"","blog_page_it":"","blog_page_ec":"","blog_page_ip":"","archive_loop_style":"","blog_image_ratio":"","blog_show_categories":"","blog_show_excerpt":"","blog_show_author":"","blog_show_date":"","blog_show_comment_count":"","blog_show_view_count":"","blog_show_like_count":"","blog_show_dislike_count":"","blog_items_per_page":"","blog_pag_type":""},"page_options":{"get_page_template":"","color_mode":"","main_layout":"","main_layout_full_with":"","main_logo":"","main_logo_retina":"","main_logo_mobile":"","main_logo_mobile_retina":"","sticky_logo":"","sticky_logo_retina":"","main_nav_layout":"","ajax_search":"","header_background":"","theme_sidebar":"","instagram_feed":"","instagram_feed_position":"","popular_videos":"","popular_videos_title_1":"","popular_videos_title_2":"","popular_videos_ic":"","popular_videos_it":"","theme_background":"","page_custom_css":""},"feature_image_settings":{"feature_image_position":""},"video_player_settings":{"single_video_style":"","video_player_position":"","vm_video_url":"","video_player_library":"","video_streaming":"","vm_media_sources":"","vid_auto_play":"","vm_video_shortcode":"","vid_p_sync_playlist":"","vid_c_sync_channel":"","get_post_format":"","multiple_links_structure":"default","multi_links_title":"","vm_video_multi_links":"","vm_duration":"","vid_social_locker":"off","vid_social_locker_id":"","vid_membership_action":"content-video","vm_video_trailer_url":"","vid_download_type":"free","vid_download_target":"download","vid_woo_product":"","vm_media_download":"","user_rating":"","user_rating_position":"","user_rating_mode":"","user_rating_multi_sets":""},"video_auto_fetch_settings":{"vm_video_fetch":"on"},"video_fake_views_likes":{"vm_fake_views":"","vm_fake_likes":"","vm_fake_dislikes":""},"gallery_settings":{"gallery_position":""},"quote_settings":{"quote_position":""},"post_options":{"main_layout":"","main_logo":"","main_logo_retina":"","main_logo_mobile":"","main_logo_mobile_retina":"","sticky_logo":"","sticky_logo_retina":"","main_nav_layout":"","header_background":"","theme_sidebar":"","single_post_comment_type":"","theme_background":""}},"_links":{"self":[{"href":"https:\/\/canal7slp.tv\/2019\/wp-json\/wp\/v2\/posts\/81279","targetHints":{"allow":["GET"]}}],"collection":[{"href":"https:\/\/canal7slp.tv\/2019\/wp-json\/wp\/v2\/posts"}],"about":[{"href":"https:\/\/canal7slp.tv\/2019\/wp-json\/wp\/v2\/types\/post"}],"author":[{"embeddable":true,"href":"https:\/\/canal7slp.tv\/2019\/wp-json\/wp\/v2\/users\/2"}],"replies":[{"embeddable":true,"href":"https:\/\/canal7slp.tv\/2019\/wp-json\/wp\/v2\/comments?post=81279"}],"version-history":[{"count":0,"href":"https:\/\/canal7slp.tv\/2019\/wp-json\/wp\/v2\/posts\/81279\/revisions"}],"wp:featuredmedia":[{"embeddable":true,"href":"https:\/\/canal7slp.tv\/2019\/wp-json\/wp\/v2\/media\/81280"}],"wp:attachment":[{"href":"https:\/\/canal7slp.tv\/2019\/wp-json\/wp\/v2\/media?parent=81279"}],"wp:term":[{"taxonomy":"category","embeddable":true,"href":"https:\/\/canal7slp.tv\/2019\/wp-json\/wp\/v2\/categories?post=81279"},{"taxonomy":"post_tag","embeddable":true,"href":"https:\/\/canal7slp.tv\/2019\/wp-json\/wp\/v2\/tags?post=81279"}],"curies":[{"name":"wp","href":"https:\/\/api.w.org\/{rel}","templated":true}]}}