{"id":81228,"date":"2019-11-12T08:42:30","date_gmt":"2019-11-12T14:42:30","guid":{"rendered":"https:\/\/canal7slp.tv\/2019\/?p=81228"},"modified":"2019-11-12T08:42:30","modified_gmt":"2019-11-12T14:42:30","slug":"separatistas-catalanes-cortan-la-frontera-entre-espana-y-francia","status":"publish","type":"post","link":"https:\/\/canal7slp.tv\/2019\/separatistas-catalanes-cortan-la-frontera-entre-espana-y-francia\/","title":{"rendered":"Separatistas catalanes cortan la frontera entre Espa\u00f1a y Francia"},"content":{"rendered":"<ul>\n<li style=\"text-align: justify\">El bloqueo busca la atenci\u00f3n internacional hacia las protestas contra las penas de 9 a 13 a\u00f1os de c\u00e1rcel contra nueve dirigentes separatistas<\/li>\n<\/ul>\n<p style=\"text-align: justify\">Espa\u00f1a.- El aviso &#8220;cortada por manifestaci\u00f3n&#8221; se encendi\u00f3 el lunes por la ma\u00f1ana en los paneles de la autopista que une Barcelona con Francia. Cientos de independentistas catalanes ocuparon sus carriles en otra acci\u00f3n de protesta contra la condena de sus l\u00edderes.<\/p>\n<p style=\"text-align: justify\">En una AP7 cortada en ambos sentidos por decenas de veh\u00edculos, a la altura de la frontera, los manifestantes se taparon los rostros antes de posar frente a los fot\u00f3grafos con una misma pancarta: &#8220;Todos a La Jonquera&#8221;, la ciudad espa\u00f1ola fronteriza.<\/p>\n<p style=\"text-align: justify\">El bloqueo busca la atenci\u00f3n internacional hacia las protestas contra las penas de 9 a 13 a\u00f1os de c\u00e1rcel contra nueve dirigentes separatistas condenados a mediados de octubre por el Tribunal Supremo por el intento de secesi\u00f3n de 2017.<\/p>\n<p style=\"text-align: justify\">Cientos de automovilistas salieron de sus coches y otros iban llegando a pie a lo largo de las horas, respondiendo a los llamados de la plataforma &#8220;Tsunami Democr\u00e1tico&#8221; y los Comit\u00e9s de Defensa de la Rep\u00fablica (CDR), ambos de corte radical.<\/p>\n<p style=\"text-align: justify\">Sobre el asfalto, los manifestantes sacaban sus b\u00e1rtulos para estarse, seg\u00fan ellos, tres d\u00edas: cacerolas, fogones portables, garrafas con caldo, mesas o cajas de frutas.<\/p>\n<p style=\"text-align: justify\">Incluso montaron un escenario, con altavoces y luces, donde est\u00e1 prevista la actuaci\u00f3n del c\u00e9lebre cantautor catal\u00e1n Llu\u00eds Llach, firme defensor de la independencia.<\/p>\n<p style=\"text-align: justify\">Entre los manifestantes, reacios a revelar su identidad, un hombre de 72 a\u00f1os dec\u00eda haber llegado de Reus, a 250 kil\u00f3metros.<\/p>\n<p style=\"text-align: justify\">&#8220;Estamos luchando por nuestro derechos. Queremos la libertad, la autodeterminaci\u00f3n y la amnist\u00eda&#8221; para los separatistas condenados, dijo.<\/p>\n<p style=\"text-align: justify\">&#8220;Esta movilizaci\u00f3n quiere ser un grito a la comunidad internacional para que haga entender al Estado espa\u00f1ol que el \u00fanico camino es sentarse y hablar&#8221;, dijo en su convocatoria la Tsunami Democr\u00e1tico.<\/p>\n<p style=\"text-align: justify\">Pero el gobierno espa\u00f1ol del socialista Pedro S\u00e1nchez, como su antecesor conservador Mariano Rajoy, asegura que la Constituci\u00f3n no permite un refer\u00e9ndum sobre la secesi\u00f3n en esta regi\u00f3n nororiental.<\/p>\n<p style=\"text-align: justify\">El bloqueo de la frontera se produce justo despu\u00e9s de las elecciones legislativas en Espa\u00f1a marcadas por una victoria menguante de los socialistas y un auge de la extrema derecha que complica m\u00e1s la formaci\u00f3n de un gobierno.<\/p>\n<p style=\"text-align: justify\">En Catalu\u00f1a, las formaciones separatistas consiguieron casi la mitad de esca\u00f1os en liza, 23 de 48, y pueden influir en la investidura.<\/p>\n<p style=\"text-align: justify\">La AP7 es una conexi\u00f3n estrat\u00e9gica entre Espa\u00f1a y el resto de Europa, transitada por unos 20 mil camiones al d\u00eda seg\u00fan la confederaci\u00f3n de transportistas espa\u00f1ola, que calcula en 15 millones de euros el coste diario del corte.<\/p>\n","protected":false},"excerpt":{"rendered":"<p>El bloqueo busca la atenci\u00f3n internacional hacia las protestas contra las penas de 9 a 13 a\u00f1os de c\u00e1rcel contra nueve dirigentes separatistas Espa\u00f1a.- El aviso &#8220;cortada por manifestaci\u00f3n&#8221; se encendi\u00f3 el lunes por la ma\u00f1ana en los paneles de la autopista que une Barcelona con Francia. Cientos de independentistas catalanes ocuparon sus carriles en [&hellip;]<\/p>\n","protected":false},"author":2,"featured_media":81229,"comment_status":"open","ping_status":"open","sticky":false,"template":"","format":"standard","meta":{"footnotes":""},"categories":[18],"tags":[],"class_list":["post-81228","post","type-post","status-publish","format-standard","has-post-thumbnail","hentry","category-internacional"],"yoast_head":"<!-- This site is optimized with the Yoast SEO plugin v27.5 - https:\/\/yoast.com\/product\/yoast-seo-wordpress\/ -->\n<title>Separatistas catalanes cortan la frontera entre Espa\u00f1a y Francia - Canal 7 SLP - 2019<\/title>\n<meta name=\"robots\" content=\"index, follow, max-snippet:-1, max-image-preview:large, max-video-preview:-1\" \/>\n<link rel=\"canonical\" href=\"https:\/\/canal7slp.tv\/2019\/separatistas-catalanes-cortan-la-frontera-entre-espana-y-francia\/\" \/>\n<meta property=\"og:locale\" content=\"es_ES\" \/>\n<meta property=\"og:type\" content=\"article\" \/>\n<meta property=\"og:title\" content=\"Separatistas catalanes cortan la frontera entre Espa\u00f1a y Francia - Canal 7 SLP - 2019\" \/>\n<meta property=\"og:description\" content=\"El bloqueo busca la atenci\u00f3n internacional hacia las protestas contra las penas de 9 a 13 a\u00f1os de c\u00e1rcel contra nueve dirigentes separatistas Espa\u00f1a.- El aviso &#8220;cortada por manifestaci\u00f3n&#8221; se encendi\u00f3 el lunes por la ma\u00f1ana en los paneles de la autopista que une Barcelona con Francia. Cientos de independentistas catalanes ocuparon sus carriles en [&hellip;]\" \/>\n<meta property=\"og:url\" content=\"https:\/\/canal7slp.tv\/2019\/separatistas-catalanes-cortan-la-frontera-entre-espana-y-francia\/\" \/>\n<meta property=\"og:site_name\" content=\"Canal 7 SLP - 2019\" \/>\n<meta property=\"article:publisher\" content=\"https:\/\/www.facebook.com\/CANAL7SLP\/\" \/>\n<meta property=\"article:published_time\" content=\"2019-11-12T14:42:30+00:00\" \/>\n<meta property=\"og:image\" content=\"https:\/\/canal7slp.tv\/2019\/wp-content\/uploads\/2019\/11\/945-7.jpg\" \/>\n\t<meta property=\"og:image:width\" content=\"770\" \/>\n\t<meta property=\"og:image:height\" content=\"485\" \/>\n\t<meta property=\"og:image:type\" content=\"image\/jpeg\" \/>\n<meta name=\"author\" content=\"edicionweb\" \/>\n<meta name=\"twitter:card\" content=\"summary_large_image\" \/>\n<meta name=\"twitter:creator\" content=\"@canal7_slp\" \/>\n<meta name=\"twitter:site\" content=\"@canal7_slp\" \/>\n<meta name=\"twitter:label1\" content=\"Escrito por\" \/>\n\t<meta name=\"twitter:data1\" content=\"edicionweb\" \/>\n\t<meta name=\"twitter:label2\" content=\"Tiempo de lectura\" \/>\n\t<meta name=\"twitter:data2\" content=\"2 minutos\" \/>\n<script type=\"application\/ld+json\" class=\"yoast-schema-graph\">{\"@context\":\"https:\\\/\\\/schema.org\",\"@graph\":[{\"@type\":\"Article\",\"@id\":\"https:\\\/\\\/canal7slp.tv\\\/2019\\\/separatistas-catalanes-cortan-la-frontera-entre-espana-y-francia\\\/#article\",\"isPartOf\":{\"@id\":\"https:\\\/\\\/canal7slp.tv\\\/2019\\\/separatistas-catalanes-cortan-la-frontera-entre-espana-y-francia\\\/\"},\"author\":{\"name\":\"edicionweb\",\"@id\":\"https:\\\/\\\/canal7slp.tv\\\/2019\\\/#\\\/schema\\\/person\\\/11d941c1c6ca30ac0a46b95fa37aa2e3\"},\"headline\":\"Separatistas catalanes cortan la frontera entre Espa\u00f1a y Francia\",\"datePublished\":\"2019-11-12T14:42:30+00:00\",\"mainEntityOfPage\":{\"@id\":\"https:\\\/\\\/canal7slp.tv\\\/2019\\\/separatistas-catalanes-cortan-la-frontera-entre-espana-y-francia\\\/\"},\"wordCount\":487,\"commentCount\":0,\"publisher\":{\"@id\":\"https:\\\/\\\/canal7slp.tv\\\/2019\\\/#organization\"},\"image\":{\"@id\":\"https:\\\/\\\/canal7slp.tv\\\/2019\\\/separatistas-catalanes-cortan-la-frontera-entre-espana-y-francia\\\/#primaryimage\"},\"thumbnailUrl\":\"https:\\\/\\\/canal7slp.tv\\\/2019\\\/wp-content\\\/uploads\\\/2019\\\/11\\\/945-7.jpg\",\"articleSection\":[\"INTERNACIONAL\"],\"inLanguage\":\"es\",\"potentialAction\":[{\"@type\":\"CommentAction\",\"name\":\"Comment\",\"target\":[\"https:\\\/\\\/canal7slp.tv\\\/2019\\\/separatistas-catalanes-cortan-la-frontera-entre-espana-y-francia\\\/#respond\"]}]},{\"@type\":\"WebPage\",\"@id\":\"https:\\\/\\\/canal7slp.tv\\\/2019\\\/separatistas-catalanes-cortan-la-frontera-entre-espana-y-francia\\\/\",\"url\":\"https:\\\/\\\/canal7slp.tv\\\/2019\\\/separatistas-catalanes-cortan-la-frontera-entre-espana-y-francia\\\/\",\"name\":\"Separatistas catalanes cortan la frontera entre Espa\u00f1a y Francia - Canal 7 SLP - 2019\",\"isPartOf\":{\"@id\":\"https:\\\/\\\/canal7slp.tv\\\/2019\\\/#website\"},\"primaryImageOfPage\":{\"@id\":\"https:\\\/\\\/canal7slp.tv\\\/2019\\\/separatistas-catalanes-cortan-la-frontera-entre-espana-y-francia\\\/#primaryimage\"},\"image\":{\"@id\":\"https:\\\/\\\/canal7slp.tv\\\/2019\\\/separatistas-catalanes-cortan-la-frontera-entre-espana-y-francia\\\/#primaryimage\"},\"thumbnailUrl\":\"https:\\\/\\\/canal7slp.tv\\\/2019\\\/wp-content\\\/uploads\\\/2019\\\/11\\\/945-7.jpg\",\"datePublished\":\"2019-11-12T14:42:30+00:00\",\"breadcrumb\":{\"@id\":\"https:\\\/\\\/canal7slp.tv\\\/2019\\\/separatistas-catalanes-cortan-la-frontera-entre-espana-y-francia\\\/#breadcrumb\"},\"inLanguage\":\"es\",\"potentialAction\":[{\"@type\":\"ReadAction\",\"target\":[\"https:\\\/\\\/canal7slp.tv\\\/2019\\\/separatistas-catalanes-cortan-la-frontera-entre-espana-y-francia\\\/\"]}]},{\"@type\":\"ImageObject\",\"inLanguage\":\"es\",\"@id\":\"https:\\\/\\\/canal7slp.tv\\\/2019\\\/separatistas-catalanes-cortan-la-frontera-entre-espana-y-francia\\\/#primaryimage\",\"url\":\"https:\\\/\\\/canal7slp.tv\\\/2019\\\/wp-content\\\/uploads\\\/2019\\\/11\\\/945-7.jpg\",\"contentUrl\":\"https:\\\/\\\/canal7slp.tv\\\/2019\\\/wp-content\\\/uploads\\\/2019\\\/11\\\/945-7.jpg\",\"width\":770,\"height\":485},{\"@type\":\"BreadcrumbList\",\"@id\":\"https:\\\/\\\/canal7slp.tv\\\/2019\\\/separatistas-catalanes-cortan-la-frontera-entre-espana-y-francia\\\/#breadcrumb\",\"itemListElement\":[{\"@type\":\"ListItem\",\"position\":1,\"name\":\"Home\",\"item\":\"https:\\\/\\\/canal7slp.tv\\\/2019\\\/\"},{\"@type\":\"ListItem\",\"position\":2,\"name\":\"Separatistas catalanes cortan la frontera entre Espa\u00f1a y Francia\"}]},{\"@type\":\"WebSite\",\"@id\":\"https:\\\/\\\/canal7slp.tv\\\/2019\\\/#website\",\"url\":\"https:\\\/\\\/canal7slp.tv\\\/2019\\\/\",\"name\":\"Canal 7 SLP - Somos TV\",\"description\":\"Somos un Canal de 10\",\"publisher\":{\"@id\":\"https:\\\/\\\/canal7slp.tv\\\/2019\\\/#organization\"},\"potentialAction\":[{\"@type\":\"SearchAction\",\"target\":{\"@type\":\"EntryPoint\",\"urlTemplate\":\"https:\\\/\\\/canal7slp.tv\\\/2019\\\/?s={search_term_string}\"},\"query-input\":{\"@type\":\"PropertyValueSpecification\",\"valueRequired\":true,\"valueName\":\"search_term_string\"}}],\"inLanguage\":\"es\"},{\"@type\":\"Organization\",\"@id\":\"https:\\\/\\\/canal7slp.tv\\\/2019\\\/#organization\",\"name\":\"Comunicaci\u00f3n 2000 S.A. de C.V.\",\"url\":\"https:\\\/\\\/canal7slp.tv\\\/2019\\\/\",\"logo\":{\"@type\":\"ImageObject\",\"inLanguage\":\"es\",\"@id\":\"https:\\\/\\\/canal7slp.tv\\\/2019\\\/#\\\/schema\\\/logo\\\/image\\\/\",\"url\":\"https:\\\/\\\/canal7slp.tv\\\/2019\\\/wp-content\\\/uploads\\\/2019\\\/07\\\/logo-c7.png\",\"contentUrl\":\"https:\\\/\\\/canal7slp.tv\\\/2019\\\/wp-content\\\/uploads\\\/2019\\\/07\\\/logo-c7.png\",\"width\":220,\"height\":60,\"caption\":\"Comunicaci\u00f3n 2000 S.A. de C.V.\"},\"image\":{\"@id\":\"https:\\\/\\\/canal7slp.tv\\\/2019\\\/#\\\/schema\\\/logo\\\/image\\\/\"},\"sameAs\":[\"https:\\\/\\\/www.facebook.com\\\/CANAL7SLP\\\/\",\"https:\\\/\\\/x.com\\\/canal7_slp\",\"https:\\\/\\\/www.instagram.com\\\/canal7_slp\",\"https:\\\/\\\/www.youtube.com\\\/user\\\/NOTICIEROSCANAL7SLP\\\/\"]},{\"@type\":\"Person\",\"@id\":\"https:\\\/\\\/canal7slp.tv\\\/2019\\\/#\\\/schema\\\/person\\\/11d941c1c6ca30ac0a46b95fa37aa2e3\",\"name\":\"edicionweb\",\"image\":{\"@type\":\"ImageObject\",\"inLanguage\":\"es\",\"@id\":\"https:\\\/\\\/secure.gravatar.com\\\/avatar\\\/eee448fc3f7164808013b816ba91ac7e43bbe82a70bebac296f8bc6f0addaa1a?s=96&d=mm&r=g\",\"url\":\"https:\\\/\\\/secure.gravatar.com\\\/avatar\\\/eee448fc3f7164808013b816ba91ac7e43bbe82a70bebac296f8bc6f0addaa1a?s=96&d=mm&r=g\",\"contentUrl\":\"https:\\\/\\\/secure.gravatar.com\\\/avatar\\\/eee448fc3f7164808013b816ba91ac7e43bbe82a70bebac296f8bc6f0addaa1a?s=96&d=mm&r=g\",\"caption\":\"edicionweb\"}}]}<\/script>\n<!-- \/ Yoast SEO plugin. -->","yoast_head_json":{"title":"Separatistas catalanes cortan la frontera entre Espa\u00f1a y Francia - Canal 7 SLP - 2019","robots":{"index":"index","follow":"follow","max-snippet":"max-snippet:-1","max-image-preview":"max-image-preview:large","max-video-preview":"max-video-preview:-1"},"canonical":"https:\/\/canal7slp.tv\/2019\/separatistas-catalanes-cortan-la-frontera-entre-espana-y-francia\/","og_locale":"es_ES","og_type":"article","og_title":"Separatistas catalanes cortan la frontera entre Espa\u00f1a y Francia - Canal 7 SLP - 2019","og_description":"El bloqueo busca la atenci\u00f3n internacional hacia las protestas contra las penas de 9 a 13 a\u00f1os de c\u00e1rcel contra nueve dirigentes separatistas Espa\u00f1a.- El aviso &#8220;cortada por manifestaci\u00f3n&#8221; se encendi\u00f3 el lunes por la ma\u00f1ana en los paneles de la autopista que une Barcelona con Francia. Cientos de independentistas catalanes ocuparon sus carriles en [&hellip;]","og_url":"https:\/\/canal7slp.tv\/2019\/separatistas-catalanes-cortan-la-frontera-entre-espana-y-francia\/","og_site_name":"Canal 7 SLP - 2019","article_publisher":"https:\/\/www.facebook.com\/CANAL7SLP\/","article_published_time":"2019-11-12T14:42:30+00:00","og_image":[{"width":770,"height":485,"url":"https:\/\/canal7slp.tv\/2019\/wp-content\/uploads\/2019\/11\/945-7.jpg","type":"image\/jpeg"}],"author":"edicionweb","twitter_card":"summary_large_image","twitter_creator":"@canal7_slp","twitter_site":"@canal7_slp","twitter_misc":{"Escrito por":"edicionweb","Tiempo de lectura":"2 minutos"},"schema":{"@context":"https:\/\/schema.org","@graph":[{"@type":"Article","@id":"https:\/\/canal7slp.tv\/2019\/separatistas-catalanes-cortan-la-frontera-entre-espana-y-francia\/#article","isPartOf":{"@id":"https:\/\/canal7slp.tv\/2019\/separatistas-catalanes-cortan-la-frontera-entre-espana-y-francia\/"},"author":{"name":"edicionweb","@id":"https:\/\/canal7slp.tv\/2019\/#\/schema\/person\/11d941c1c6ca30ac0a46b95fa37aa2e3"},"headline":"Separatistas catalanes cortan la frontera entre Espa\u00f1a y Francia","datePublished":"2019-11-12T14:42:30+00:00","mainEntityOfPage":{"@id":"https:\/\/canal7slp.tv\/2019\/separatistas-catalanes-cortan-la-frontera-entre-espana-y-francia\/"},"wordCount":487,"commentCount":0,"publisher":{"@id":"https:\/\/canal7slp.tv\/2019\/#organization"},"image":{"@id":"https:\/\/canal7slp.tv\/2019\/separatistas-catalanes-cortan-la-frontera-entre-espana-y-francia\/#primaryimage"},"thumbnailUrl":"https:\/\/canal7slp.tv\/2019\/wp-content\/uploads\/2019\/11\/945-7.jpg","articleSection":["INTERNACIONAL"],"inLanguage":"es","potentialAction":[{"@type":"CommentAction","name":"Comment","target":["https:\/\/canal7slp.tv\/2019\/separatistas-catalanes-cortan-la-frontera-entre-espana-y-francia\/#respond"]}]},{"@type":"WebPage","@id":"https:\/\/canal7slp.tv\/2019\/separatistas-catalanes-cortan-la-frontera-entre-espana-y-francia\/","url":"https:\/\/canal7slp.tv\/2019\/separatistas-catalanes-cortan-la-frontera-entre-espana-y-francia\/","name":"Separatistas catalanes cortan la frontera entre Espa\u00f1a y Francia - Canal 7 SLP - 2019","isPartOf":{"@id":"https:\/\/canal7slp.tv\/2019\/#website"},"primaryImageOfPage":{"@id":"https:\/\/canal7slp.tv\/2019\/separatistas-catalanes-cortan-la-frontera-entre-espana-y-francia\/#primaryimage"},"image":{"@id":"https:\/\/canal7slp.tv\/2019\/separatistas-catalanes-cortan-la-frontera-entre-espana-y-francia\/#primaryimage"},"thumbnailUrl":"https:\/\/canal7slp.tv\/2019\/wp-content\/uploads\/2019\/11\/945-7.jpg","datePublished":"2019-11-12T14:42:30+00:00","breadcrumb":{"@id":"https:\/\/canal7slp.tv\/2019\/separatistas-catalanes-cortan-la-frontera-entre-espana-y-francia\/#breadcrumb"},"inLanguage":"es","potentialAction":[{"@type":"ReadAction","target":["https:\/\/canal7slp.tv\/2019\/separatistas-catalanes-cortan-la-frontera-entre-espana-y-francia\/"]}]},{"@type":"ImageObject","inLanguage":"es","@id":"https:\/\/canal7slp.tv\/2019\/separatistas-catalanes-cortan-la-frontera-entre-espana-y-francia\/#primaryimage","url":"https:\/\/canal7slp.tv\/2019\/wp-content\/uploads\/2019\/11\/945-7.jpg","contentUrl":"https:\/\/canal7slp.tv\/2019\/wp-content\/uploads\/2019\/11\/945-7.jpg","width":770,"height":485},{"@type":"BreadcrumbList","@id":"https:\/\/canal7slp.tv\/2019\/separatistas-catalanes-cortan-la-frontera-entre-espana-y-francia\/#breadcrumb","itemListElement":[{"@type":"ListItem","position":1,"name":"Home","item":"https:\/\/canal7slp.tv\/2019\/"},{"@type":"ListItem","position":2,"name":"Separatistas catalanes cortan la frontera entre Espa\u00f1a y Francia"}]},{"@type":"WebSite","@id":"https:\/\/canal7slp.tv\/2019\/#website","url":"https:\/\/canal7slp.tv\/2019\/","name":"Canal 7 SLP - Somos TV","description":"Somos un Canal de 10","publisher":{"@id":"https:\/\/canal7slp.tv\/2019\/#organization"},"potentialAction":[{"@type":"SearchAction","target":{"@type":"EntryPoint","urlTemplate":"https:\/\/canal7slp.tv\/2019\/?s={search_term_string}"},"query-input":{"@type":"PropertyValueSpecification","valueRequired":true,"valueName":"search_term_string"}}],"inLanguage":"es"},{"@type":"Organization","@id":"https:\/\/canal7slp.tv\/2019\/#organization","name":"Comunicaci\u00f3n 2000 S.A. de C.V.","url":"https:\/\/canal7slp.tv\/2019\/","logo":{"@type":"ImageObject","inLanguage":"es","@id":"https:\/\/canal7slp.tv\/2019\/#\/schema\/logo\/image\/","url":"https:\/\/canal7slp.tv\/2019\/wp-content\/uploads\/2019\/07\/logo-c7.png","contentUrl":"https:\/\/canal7slp.tv\/2019\/wp-content\/uploads\/2019\/07\/logo-c7.png","width":220,"height":60,"caption":"Comunicaci\u00f3n 2000 S.A. de C.V."},"image":{"@id":"https:\/\/canal7slp.tv\/2019\/#\/schema\/logo\/image\/"},"sameAs":["https:\/\/www.facebook.com\/CANAL7SLP\/","https:\/\/x.com\/canal7_slp","https:\/\/www.instagram.com\/canal7_slp","https:\/\/www.youtube.com\/user\/NOTICIEROSCANAL7SLP\/"]},{"@type":"Person","@id":"https:\/\/canal7slp.tv\/2019\/#\/schema\/person\/11d941c1c6ca30ac0a46b95fa37aa2e3","name":"edicionweb","image":{"@type":"ImageObject","inLanguage":"es","@id":"https:\/\/secure.gravatar.com\/avatar\/eee448fc3f7164808013b816ba91ac7e43bbe82a70bebac296f8bc6f0addaa1a?s=96&d=mm&r=g","url":"https:\/\/secure.gravatar.com\/avatar\/eee448fc3f7164808013b816ba91ac7e43bbe82a70bebac296f8bc6f0addaa1a?s=96&d=mm&r=g","contentUrl":"https:\/\/secure.gravatar.com\/avatar\/eee448fc3f7164808013b816ba91ac7e43bbe82a70bebac296f8bc6f0addaa1a?s=96&d=mm&r=g","caption":"edicionweb"}}]}},"amp_enabled":true,"cmb2":{"video_ids_in_playlist":{"vid_p_videos":""},"video_ids_in_channel":{"vid_c_videos":""},"playlist_ids_in_channel":{"vid_c_playlists":""},"series_ids_in_channel":{"vid_c_series":""},"channel_images":{"vid_c_logo":"","vid_c_banner":""},"poster_feature_image":{"vid_m_poster_image":""},"gif_feature_image":{"vid_m_gif_image":""},"video_movie_settings":{"vid_m_director":"","vid_m_actor":"","vid_m_imdb_ratings":"","vid_m_amazon_associates":""},"vid_youtube_broadcasts_settings":{"vid_yb_broadcast_title":"","vid_yb_q":"","vid_yb_channelid":"","vid_yb_videocategoryid":"","vid_yb_maxresults":"","vid_yb_order":"","vid_yb_regioncode":"","vid_yb_videosyndicated":"","vid_yb_style":"","vid_yb_reload_first":""},"video_series_settings":{"vid_m_director":"","vid_m_actor":"","vid_m_imdb_ratings":"","video_series_group":""},"amazon_associates_settings":{"amazon_associates":"","amazon_native_ad":""},"vid_youtube_automatic_settings":{"vid_ya_youtube_source":"","vid_ya_update_every":"","vid_ya_update_unit":"","vid_ya_categories":"","vid_ya_published_after":"","vid_ya_published_before":"","vid_ya_playlists":"","vid_ya_channels":"","vid_ya_director":"","vid_ya_actor":"","vid_ya_author":"","vid_ya_import_post_date":"","vid_ya_status":"","vid_ya_sub_api_key":""},"vid_ads_m_videoads_settings_post":{"vid_ads_m_video_ads":"","vid_ads_m_video_ads_type":"","vid_ads_m_group_google_ima":"","vid_ads_m_group_image":"","vid_ads_m_group_html5_video":"","vid_ads_m_group_html":"","vid_ads_m_vast_preroll":"","vid_ads_m_vast_postroll":"","vid_ads_m_vast_pauseroll":"","vid_ads_m_vast_midroll":[{"vid_ads_m_vast_timer_seconds":"50"}],"vid_ads_m_time_to_show_ads":"","vid_ads_m_time_skip_ads":"","vid_ads_m_time_to_hide_ads":""},"page_slider_settings":{"display_slider_group":"","page_slider_group":""},"blog_page_settings":{"blog_page_title":"","blog_page_heading":"","blog_page_ic":"","blog_page_it":"","blog_page_ec":"","blog_page_ip":"","archive_loop_style":"","blog_image_ratio":"","blog_show_categories":"","blog_show_excerpt":"","blog_show_author":"","blog_show_date":"","blog_show_comment_count":"","blog_show_view_count":"","blog_show_like_count":"","blog_show_dislike_count":"","blog_items_per_page":"","blog_pag_type":""},"page_options":{"get_page_template":"","color_mode":"","main_layout":"","main_layout_full_with":"","main_logo":"","main_logo_retina":"","main_logo_mobile":"","main_logo_mobile_retina":"","sticky_logo":"","sticky_logo_retina":"","main_nav_layout":"","ajax_search":"","header_background":"","theme_sidebar":"","instagram_feed":"","instagram_feed_position":"","popular_videos":"","popular_videos_title_1":"","popular_videos_title_2":"","popular_videos_ic":"","popular_videos_it":"","theme_background":"","page_custom_css":""},"feature_image_settings":{"feature_image_position":""},"video_player_settings":{"single_video_style":"","video_player_position":"","vm_video_url":"","video_player_library":"","video_streaming":"","vm_media_sources":"","vid_auto_play":"","vm_video_shortcode":"","vid_p_sync_playlist":"","vid_c_sync_channel":"","get_post_format":"","multiple_links_structure":"default","multi_links_title":"","vm_video_multi_links":"","vm_duration":"","vid_social_locker":"off","vid_social_locker_id":"","vid_membership_action":"content-video","vm_video_trailer_url":"","vid_download_type":"free","vid_download_target":"download","vid_woo_product":"","vm_media_download":"","user_rating":"","user_rating_position":"","user_rating_mode":"","user_rating_multi_sets":""},"video_auto_fetch_settings":{"vm_video_fetch":"on"},"video_fake_views_likes":{"vm_fake_views":"","vm_fake_likes":"","vm_fake_dislikes":""},"gallery_settings":{"gallery_position":""},"quote_settings":{"quote_position":""},"post_options":{"main_layout":"","main_logo":"","main_logo_retina":"","main_logo_mobile":"","main_logo_mobile_retina":"","sticky_logo":"","sticky_logo_retina":"","main_nav_layout":"","header_background":"","theme_sidebar":"","single_post_comment_type":"","theme_background":""}},"_links":{"self":[{"href":"https:\/\/canal7slp.tv\/2019\/wp-json\/wp\/v2\/posts\/81228","targetHints":{"allow":["GET"]}}],"collection":[{"href":"https:\/\/canal7slp.tv\/2019\/wp-json\/wp\/v2\/posts"}],"about":[{"href":"https:\/\/canal7slp.tv\/2019\/wp-json\/wp\/v2\/types\/post"}],"author":[{"embeddable":true,"href":"https:\/\/canal7slp.tv\/2019\/wp-json\/wp\/v2\/users\/2"}],"replies":[{"embeddable":true,"href":"https:\/\/canal7slp.tv\/2019\/wp-json\/wp\/v2\/comments?post=81228"}],"version-history":[{"count":0,"href":"https:\/\/canal7slp.tv\/2019\/wp-json\/wp\/v2\/posts\/81228\/revisions"}],"wp:featuredmedia":[{"embeddable":true,"href":"https:\/\/canal7slp.tv\/2019\/wp-json\/wp\/v2\/media\/81229"}],"wp:attachment":[{"href":"https:\/\/canal7slp.tv\/2019\/wp-json\/wp\/v2\/media?parent=81228"}],"wp:term":[{"taxonomy":"category","embeddable":true,"href":"https:\/\/canal7slp.tv\/2019\/wp-json\/wp\/v2\/categories?post=81228"},{"taxonomy":"post_tag","embeddable":true,"href":"https:\/\/canal7slp.tv\/2019\/wp-json\/wp\/v2\/tags?post=81228"}],"curies":[{"name":"wp","href":"https:\/\/api.w.org\/{rel}","templated":true}]}}