{"id":80882,"date":"2019-11-10T14:44:17","date_gmt":"2019-11-10T20:44:17","guid":{"rendered":"https:\/\/canal7slp.tv\/2019\/?p=80882"},"modified":"2019-11-10T14:44:17","modified_gmt":"2019-11-10T20:44:17","slug":"casa-donde-se-escondio-el-chapo-se-vende-en-mas-de-2mdp","status":"publish","type":"post","link":"https:\/\/canal7slp.tv\/2019\/casa-donde-se-escondio-el-chapo-se-vende-en-mas-de-2mdp\/","title":{"rendered":"Casa donde se escondi\u00f3 &#8220;El Chapo&#8221; se vende en m\u00e1s de 2MDP"},"content":{"rendered":"<ul>\n<li style=\"text-align: justify\">La vivienda incluye muebles, electrodom\u00e9sticos y obras de arte<\/li>\n<\/ul>\n<p style=\"text-align: justify\">Las casas de Joaqu\u00edn &#8220;El Chapo&#8221; Guzm\u00e1n en Culiac\u00e1n, Sinaloa se subastan en precios desde 1 mill\u00f3n 064 mil pesos e incluyen menaje: muebles, electrodom\u00e9sticos y obras de arte.<\/p>\n<p style=\"text-align: justify\">La casa que sirvi\u00f3 de escondite al l\u00edder del c\u00e1rtel de Sinaloa previo a su recaptura en 2014, ubicada en R\u00edo ahumada 130, colonia Guadalupe en Culiac\u00e1n se vendi\u00f3 por 2 millones 54 mil 783 pesos.<\/p>\n<p style=\"text-align: justify\">En estos momentos arranca la quinta subasta del Servicio de Administraci\u00f3n y Enajenaci\u00f3n de Bienes (SAE) del gobierno federal que en esta ocasi\u00f3n ofertar\u00e1 los bienes incautados al narcotraficante Joaqu\u00edn Guzm\u00e1n Loera, &#8220;El Chapo&#8221;, encarcelado en Estados Unidos.<\/p>\n<p style=\"text-align: justify\">La subasta comprende 45 lotes con un valor de 42.5 millones de pesos que incluye 24 veh\u00edculos, nueve bienes inmuebles, de ellos siete localizados en Culiac\u00e1n, Sinaloa, y dos buques de carga, por ejemplo, adem\u00e1s de joyas de lujo como relojes para caballero.<\/p>\n<p>https:\/\/www.instagram.com\/p\/B4sZ-x9j9Oi\/?utm_source=ig_web_button_share_sheet<\/p>\n<p style=\"text-align: justify\">Entre los inmuebles que se colocaron en subasta se encuentran la casa habitaci\u00f3n de la calle Cerro de las Gotas 642 en Culiac\u00e1n, Sinaloa perteneciente a Griselda L\u00f3pez, madre de Ovidio Guzm\u00e1n, hijo de &#8220;El Chapo&#8221;, quien fue detenido y posteriormente liberado el 17 de octubre pasado, a un costo de 11 millones 224 mil 446 pesos de 739.46 metros cuadrados.<\/p>\n<p style=\"text-align: justify\">Tambi\u00e9n la casa localizada en R\u00edo Humaya 130 que fungi\u00f3 como el escondite del exjefe del C\u00e1rtel de Sinaloa en 2014, por un precio de 2 millones 054 mil 783 pesos; o la casa de Constituyente Emiliano Garc\u00eda 1811, tambi\u00e9n en Culiac\u00e1n de la cual escap\u00f3 en el primer operativo militar para capturarlo.<\/p>\n<p style=\"text-align: justify\">&#8220;Hemos hecho el mayor esfuerzo para venderlas, fuimos a Culiac\u00e1n a presentarlas y pedir el apoyo de la ciudadan\u00eda. M\u00e1s all\u00e1 de las historias, lo que sentimos es importante es el objetivo. Confiamos en poder venderlas&#8221;, dijo el director del SAE, Ricardo Rodr\u00edguez Vargas.<\/p>\n<p style=\"text-align: justify\">&#8220;Tienen cocina, muebles, rec\u00e1maras, la casa de 11 millones (de la madre de Ovidio Guzm\u00e1n) incluye menaje muy fino y bastante bien cuidado. Quien la compre ya no tiene que preocuparse por amueblarla&#8221;.<\/p>\n<p style=\"text-align: justify\">En el caso de las propiedades de Guzm\u00e1n Loera, estas se promovieron en la propia Ciudad de Culiac\u00e1n pero no se lograron vender. De acuerdo con la informaci\u00f3n del SAE ninguna de las propiedades est\u00e1 inscrita ante el Registro P\u00fablico de la Propiedad, por lo que esto tendr\u00e1n que hacerlo los compradores.<\/p>\n<p style=\"text-align: justify\">Indic\u00f3 que se prev\u00e9 reunir 35 millones de pesos para ser destinados a la compra de instrumentos para orquestas en el estado de Oaxaca.<\/p>\n<p style=\"text-align: justify\">Agreg\u00f3 que se han vendido otras propiedades pertenecientes a narcotraficantes sin que se hayan generado problemas adicionales para los compradores, como ocurri\u00f3 con el departamento donde fue abatido Arturo Beltr\u00e1n Leyva, &#8220;El Barbas&#8221;, en 2009 en el estado de Morelos, la cual se subast\u00f3 en 1.8 millones de pesos.<\/p>\n<p style=\"text-align: justify\">Tambi\u00e9n agreg\u00f3 que el empresario Carlos Bremen ya pag\u00f3 la garant\u00eda por la casa del empresario chino Zhen Li Yegon.<\/p>\n","protected":false},"excerpt":{"rendered":"<p>La vivienda incluye muebles, electrodom\u00e9sticos y obras de arte Las casas de Joaqu\u00edn &#8220;El Chapo&#8221; Guzm\u00e1n en Culiac\u00e1n, Sinaloa se subastan en precios desde 1 mill\u00f3n 064 mil pesos e incluyen menaje: muebles, electrodom\u00e9sticos y obras de arte. La casa que sirvi\u00f3 de escondite al l\u00edder del c\u00e1rtel de Sinaloa previo a su recaptura en [&hellip;]<\/p>\n","protected":false},"author":2,"featured_media":80884,"comment_status":"open","ping_status":"open","sticky":false,"template":"","format":"standard","meta":{"footnotes":""},"categories":[30],"tags":[],"class_list":["post-80882","post","type-post","status-publish","format-standard","has-post-thumbnail","hentry","category-nacional"],"yoast_head":"<!-- This site is optimized with the Yoast SEO plugin v27.5 - https:\/\/yoast.com\/product\/yoast-seo-wordpress\/ -->\n<title>Casa donde se escondi\u00f3 &quot;El Chapo&quot; se vende en m\u00e1s de 2MDP - Canal 7 SLP - 2019<\/title>\n<meta name=\"robots\" content=\"index, follow, max-snippet:-1, max-image-preview:large, max-video-preview:-1\" \/>\n<link rel=\"canonical\" href=\"https:\/\/canal7slp.tv\/2019\/casa-donde-se-escondio-el-chapo-se-vende-en-mas-de-2mdp\/\" \/>\n<meta property=\"og:locale\" content=\"es_ES\" \/>\n<meta property=\"og:type\" content=\"article\" \/>\n<meta property=\"og:title\" content=\"Casa donde se escondi\u00f3 &quot;El Chapo&quot; se vende en m\u00e1s de 2MDP - Canal 7 SLP - 2019\" \/>\n<meta property=\"og:description\" content=\"La vivienda incluye muebles, electrodom\u00e9sticos y obras de arte Las casas de Joaqu\u00edn &#8220;El Chapo&#8221; Guzm\u00e1n en Culiac\u00e1n, Sinaloa se subastan en precios desde 1 mill\u00f3n 064 mil pesos e incluyen menaje: muebles, electrodom\u00e9sticos y obras de arte. La casa que sirvi\u00f3 de escondite al l\u00edder del c\u00e1rtel de Sinaloa previo a su recaptura en [&hellip;]\" \/>\n<meta property=\"og:url\" content=\"https:\/\/canal7slp.tv\/2019\/casa-donde-se-escondio-el-chapo-se-vende-en-mas-de-2mdp\/\" \/>\n<meta property=\"og:site_name\" content=\"Canal 7 SLP - 2019\" \/>\n<meta property=\"article:publisher\" content=\"https:\/\/www.facebook.com\/CANAL7SLP\/\" \/>\n<meta property=\"article:published_time\" content=\"2019-11-10T20:44:17+00:00\" \/>\n<meta property=\"og:image\" content=\"https:\/\/canal7slp.tv\/2019\/wp-content\/uploads\/2019\/11\/1545-3.jpg\" \/>\n\t<meta property=\"og:image:width\" content=\"651\" \/>\n\t<meta property=\"og:image:height\" content=\"400\" \/>\n\t<meta property=\"og:image:type\" content=\"image\/jpeg\" \/>\n<meta name=\"author\" content=\"edicionweb\" \/>\n<meta name=\"twitter:card\" content=\"summary_large_image\" \/>\n<meta name=\"twitter:creator\" content=\"@canal7_slp\" \/>\n<meta name=\"twitter:site\" content=\"@canal7_slp\" \/>\n<meta name=\"twitter:label1\" content=\"Escrito por\" \/>\n\t<meta name=\"twitter:data1\" content=\"edicionweb\" \/>\n\t<meta name=\"twitter:label2\" content=\"Tiempo de lectura\" \/>\n\t<meta name=\"twitter:data2\" content=\"3 minutos\" \/>\n<script type=\"application\/ld+json\" class=\"yoast-schema-graph\">{\"@context\":\"https:\\\/\\\/schema.org\",\"@graph\":[{\"@type\":\"Article\",\"@id\":\"https:\\\/\\\/canal7slp.tv\\\/2019\\\/casa-donde-se-escondio-el-chapo-se-vende-en-mas-de-2mdp\\\/#article\",\"isPartOf\":{\"@id\":\"https:\\\/\\\/canal7slp.tv\\\/2019\\\/casa-donde-se-escondio-el-chapo-se-vende-en-mas-de-2mdp\\\/\"},\"author\":{\"name\":\"edicionweb\",\"@id\":\"https:\\\/\\\/canal7slp.tv\\\/2019\\\/#\\\/schema\\\/person\\\/11d941c1c6ca30ac0a46b95fa37aa2e3\"},\"headline\":\"Casa donde se escondi\u00f3 &#8220;El Chapo&#8221; se vende en m\u00e1s de 2MDP\",\"datePublished\":\"2019-11-10T20:44:17+00:00\",\"mainEntityOfPage\":{\"@id\":\"https:\\\/\\\/canal7slp.tv\\\/2019\\\/casa-donde-se-escondio-el-chapo-se-vende-en-mas-de-2mdp\\\/\"},\"wordCount\":536,\"commentCount\":0,\"publisher\":{\"@id\":\"https:\\\/\\\/canal7slp.tv\\\/2019\\\/#organization\"},\"image\":{\"@id\":\"https:\\\/\\\/canal7slp.tv\\\/2019\\\/casa-donde-se-escondio-el-chapo-se-vende-en-mas-de-2mdp\\\/#primaryimage\"},\"thumbnailUrl\":\"https:\\\/\\\/canal7slp.tv\\\/2019\\\/wp-content\\\/uploads\\\/2019\\\/11\\\/1545-3.jpg\",\"articleSection\":[\"NACIONAL\"],\"inLanguage\":\"es\",\"potentialAction\":[{\"@type\":\"CommentAction\",\"name\":\"Comment\",\"target\":[\"https:\\\/\\\/canal7slp.tv\\\/2019\\\/casa-donde-se-escondio-el-chapo-se-vende-en-mas-de-2mdp\\\/#respond\"]}]},{\"@type\":\"WebPage\",\"@id\":\"https:\\\/\\\/canal7slp.tv\\\/2019\\\/casa-donde-se-escondio-el-chapo-se-vende-en-mas-de-2mdp\\\/\",\"url\":\"https:\\\/\\\/canal7slp.tv\\\/2019\\\/casa-donde-se-escondio-el-chapo-se-vende-en-mas-de-2mdp\\\/\",\"name\":\"Casa donde se escondi\u00f3 \\\"El Chapo\\\" se vende en m\u00e1s de 2MDP - Canal 7 SLP - 2019\",\"isPartOf\":{\"@id\":\"https:\\\/\\\/canal7slp.tv\\\/2019\\\/#website\"},\"primaryImageOfPage\":{\"@id\":\"https:\\\/\\\/canal7slp.tv\\\/2019\\\/casa-donde-se-escondio-el-chapo-se-vende-en-mas-de-2mdp\\\/#primaryimage\"},\"image\":{\"@id\":\"https:\\\/\\\/canal7slp.tv\\\/2019\\\/casa-donde-se-escondio-el-chapo-se-vende-en-mas-de-2mdp\\\/#primaryimage\"},\"thumbnailUrl\":\"https:\\\/\\\/canal7slp.tv\\\/2019\\\/wp-content\\\/uploads\\\/2019\\\/11\\\/1545-3.jpg\",\"datePublished\":\"2019-11-10T20:44:17+00:00\",\"breadcrumb\":{\"@id\":\"https:\\\/\\\/canal7slp.tv\\\/2019\\\/casa-donde-se-escondio-el-chapo-se-vende-en-mas-de-2mdp\\\/#breadcrumb\"},\"inLanguage\":\"es\",\"potentialAction\":[{\"@type\":\"ReadAction\",\"target\":[\"https:\\\/\\\/canal7slp.tv\\\/2019\\\/casa-donde-se-escondio-el-chapo-se-vende-en-mas-de-2mdp\\\/\"]}]},{\"@type\":\"ImageObject\",\"inLanguage\":\"es\",\"@id\":\"https:\\\/\\\/canal7slp.tv\\\/2019\\\/casa-donde-se-escondio-el-chapo-se-vende-en-mas-de-2mdp\\\/#primaryimage\",\"url\":\"https:\\\/\\\/canal7slp.tv\\\/2019\\\/wp-content\\\/uploads\\\/2019\\\/11\\\/1545-3.jpg\",\"contentUrl\":\"https:\\\/\\\/canal7slp.tv\\\/2019\\\/wp-content\\\/uploads\\\/2019\\\/11\\\/1545-3.jpg\",\"width\":651,\"height\":400},{\"@type\":\"BreadcrumbList\",\"@id\":\"https:\\\/\\\/canal7slp.tv\\\/2019\\\/casa-donde-se-escondio-el-chapo-se-vende-en-mas-de-2mdp\\\/#breadcrumb\",\"itemListElement\":[{\"@type\":\"ListItem\",\"position\":1,\"name\":\"Home\",\"item\":\"https:\\\/\\\/canal7slp.tv\\\/2019\\\/\"},{\"@type\":\"ListItem\",\"position\":2,\"name\":\"Casa donde se escondi\u00f3 &#8220;El Chapo&#8221; se vende en m\u00e1s de 2MDP\"}]},{\"@type\":\"WebSite\",\"@id\":\"https:\\\/\\\/canal7slp.tv\\\/2019\\\/#website\",\"url\":\"https:\\\/\\\/canal7slp.tv\\\/2019\\\/\",\"name\":\"Canal 7 SLP - Somos TV\",\"description\":\"Somos un Canal de 10\",\"publisher\":{\"@id\":\"https:\\\/\\\/canal7slp.tv\\\/2019\\\/#organization\"},\"potentialAction\":[{\"@type\":\"SearchAction\",\"target\":{\"@type\":\"EntryPoint\",\"urlTemplate\":\"https:\\\/\\\/canal7slp.tv\\\/2019\\\/?s={search_term_string}\"},\"query-input\":{\"@type\":\"PropertyValueSpecification\",\"valueRequired\":true,\"valueName\":\"search_term_string\"}}],\"inLanguage\":\"es\"},{\"@type\":\"Organization\",\"@id\":\"https:\\\/\\\/canal7slp.tv\\\/2019\\\/#organization\",\"name\":\"Comunicaci\u00f3n 2000 S.A. de C.V.\",\"url\":\"https:\\\/\\\/canal7slp.tv\\\/2019\\\/\",\"logo\":{\"@type\":\"ImageObject\",\"inLanguage\":\"es\",\"@id\":\"https:\\\/\\\/canal7slp.tv\\\/2019\\\/#\\\/schema\\\/logo\\\/image\\\/\",\"url\":\"https:\\\/\\\/canal7slp.tv\\\/2019\\\/wp-content\\\/uploads\\\/2019\\\/07\\\/logo-c7.png\",\"contentUrl\":\"https:\\\/\\\/canal7slp.tv\\\/2019\\\/wp-content\\\/uploads\\\/2019\\\/07\\\/logo-c7.png\",\"width\":220,\"height\":60,\"caption\":\"Comunicaci\u00f3n 2000 S.A. de C.V.\"},\"image\":{\"@id\":\"https:\\\/\\\/canal7slp.tv\\\/2019\\\/#\\\/schema\\\/logo\\\/image\\\/\"},\"sameAs\":[\"https:\\\/\\\/www.facebook.com\\\/CANAL7SLP\\\/\",\"https:\\\/\\\/x.com\\\/canal7_slp\",\"https:\\\/\\\/www.instagram.com\\\/canal7_slp\",\"https:\\\/\\\/www.youtube.com\\\/user\\\/NOTICIEROSCANAL7SLP\\\/\"]},{\"@type\":\"Person\",\"@id\":\"https:\\\/\\\/canal7slp.tv\\\/2019\\\/#\\\/schema\\\/person\\\/11d941c1c6ca30ac0a46b95fa37aa2e3\",\"name\":\"edicionweb\",\"image\":{\"@type\":\"ImageObject\",\"inLanguage\":\"es\",\"@id\":\"https:\\\/\\\/secure.gravatar.com\\\/avatar\\\/eee448fc3f7164808013b816ba91ac7e43bbe82a70bebac296f8bc6f0addaa1a?s=96&d=mm&r=g\",\"url\":\"https:\\\/\\\/secure.gravatar.com\\\/avatar\\\/eee448fc3f7164808013b816ba91ac7e43bbe82a70bebac296f8bc6f0addaa1a?s=96&d=mm&r=g\",\"contentUrl\":\"https:\\\/\\\/secure.gravatar.com\\\/avatar\\\/eee448fc3f7164808013b816ba91ac7e43bbe82a70bebac296f8bc6f0addaa1a?s=96&d=mm&r=g\",\"caption\":\"edicionweb\"}}]}<\/script>\n<!-- \/ Yoast SEO plugin. -->","yoast_head_json":{"title":"Casa donde se escondi\u00f3 \"El Chapo\" se vende en m\u00e1s de 2MDP - Canal 7 SLP - 2019","robots":{"index":"index","follow":"follow","max-snippet":"max-snippet:-1","max-image-preview":"max-image-preview:large","max-video-preview":"max-video-preview:-1"},"canonical":"https:\/\/canal7slp.tv\/2019\/casa-donde-se-escondio-el-chapo-se-vende-en-mas-de-2mdp\/","og_locale":"es_ES","og_type":"article","og_title":"Casa donde se escondi\u00f3 \"El Chapo\" se vende en m\u00e1s de 2MDP - Canal 7 SLP - 2019","og_description":"La vivienda incluye muebles, electrodom\u00e9sticos y obras de arte Las casas de Joaqu\u00edn &#8220;El Chapo&#8221; Guzm\u00e1n en Culiac\u00e1n, Sinaloa se subastan en precios desde 1 mill\u00f3n 064 mil pesos e incluyen menaje: muebles, electrodom\u00e9sticos y obras de arte. La casa que sirvi\u00f3 de escondite al l\u00edder del c\u00e1rtel de Sinaloa previo a su recaptura en [&hellip;]","og_url":"https:\/\/canal7slp.tv\/2019\/casa-donde-se-escondio-el-chapo-se-vende-en-mas-de-2mdp\/","og_site_name":"Canal 7 SLP - 2019","article_publisher":"https:\/\/www.facebook.com\/CANAL7SLP\/","article_published_time":"2019-11-10T20:44:17+00:00","og_image":[{"width":651,"height":400,"url":"https:\/\/canal7slp.tv\/2019\/wp-content\/uploads\/2019\/11\/1545-3.jpg","type":"image\/jpeg"}],"author":"edicionweb","twitter_card":"summary_large_image","twitter_creator":"@canal7_slp","twitter_site":"@canal7_slp","twitter_misc":{"Escrito por":"edicionweb","Tiempo de lectura":"3 minutos"},"schema":{"@context":"https:\/\/schema.org","@graph":[{"@type":"Article","@id":"https:\/\/canal7slp.tv\/2019\/casa-donde-se-escondio-el-chapo-se-vende-en-mas-de-2mdp\/#article","isPartOf":{"@id":"https:\/\/canal7slp.tv\/2019\/casa-donde-se-escondio-el-chapo-se-vende-en-mas-de-2mdp\/"},"author":{"name":"edicionweb","@id":"https:\/\/canal7slp.tv\/2019\/#\/schema\/person\/11d941c1c6ca30ac0a46b95fa37aa2e3"},"headline":"Casa donde se escondi\u00f3 &#8220;El Chapo&#8221; se vende en m\u00e1s de 2MDP","datePublished":"2019-11-10T20:44:17+00:00","mainEntityOfPage":{"@id":"https:\/\/canal7slp.tv\/2019\/casa-donde-se-escondio-el-chapo-se-vende-en-mas-de-2mdp\/"},"wordCount":536,"commentCount":0,"publisher":{"@id":"https:\/\/canal7slp.tv\/2019\/#organization"},"image":{"@id":"https:\/\/canal7slp.tv\/2019\/casa-donde-se-escondio-el-chapo-se-vende-en-mas-de-2mdp\/#primaryimage"},"thumbnailUrl":"https:\/\/canal7slp.tv\/2019\/wp-content\/uploads\/2019\/11\/1545-3.jpg","articleSection":["NACIONAL"],"inLanguage":"es","potentialAction":[{"@type":"CommentAction","name":"Comment","target":["https:\/\/canal7slp.tv\/2019\/casa-donde-se-escondio-el-chapo-se-vende-en-mas-de-2mdp\/#respond"]}]},{"@type":"WebPage","@id":"https:\/\/canal7slp.tv\/2019\/casa-donde-se-escondio-el-chapo-se-vende-en-mas-de-2mdp\/","url":"https:\/\/canal7slp.tv\/2019\/casa-donde-se-escondio-el-chapo-se-vende-en-mas-de-2mdp\/","name":"Casa donde se escondi\u00f3 \"El Chapo\" se vende en m\u00e1s de 2MDP - Canal 7 SLP - 2019","isPartOf":{"@id":"https:\/\/canal7slp.tv\/2019\/#website"},"primaryImageOfPage":{"@id":"https:\/\/canal7slp.tv\/2019\/casa-donde-se-escondio-el-chapo-se-vende-en-mas-de-2mdp\/#primaryimage"},"image":{"@id":"https:\/\/canal7slp.tv\/2019\/casa-donde-se-escondio-el-chapo-se-vende-en-mas-de-2mdp\/#primaryimage"},"thumbnailUrl":"https:\/\/canal7slp.tv\/2019\/wp-content\/uploads\/2019\/11\/1545-3.jpg","datePublished":"2019-11-10T20:44:17+00:00","breadcrumb":{"@id":"https:\/\/canal7slp.tv\/2019\/casa-donde-se-escondio-el-chapo-se-vende-en-mas-de-2mdp\/#breadcrumb"},"inLanguage":"es","potentialAction":[{"@type":"ReadAction","target":["https:\/\/canal7slp.tv\/2019\/casa-donde-se-escondio-el-chapo-se-vende-en-mas-de-2mdp\/"]}]},{"@type":"ImageObject","inLanguage":"es","@id":"https:\/\/canal7slp.tv\/2019\/casa-donde-se-escondio-el-chapo-se-vende-en-mas-de-2mdp\/#primaryimage","url":"https:\/\/canal7slp.tv\/2019\/wp-content\/uploads\/2019\/11\/1545-3.jpg","contentUrl":"https:\/\/canal7slp.tv\/2019\/wp-content\/uploads\/2019\/11\/1545-3.jpg","width":651,"height":400},{"@type":"BreadcrumbList","@id":"https:\/\/canal7slp.tv\/2019\/casa-donde-se-escondio-el-chapo-se-vende-en-mas-de-2mdp\/#breadcrumb","itemListElement":[{"@type":"ListItem","position":1,"name":"Home","item":"https:\/\/canal7slp.tv\/2019\/"},{"@type":"ListItem","position":2,"name":"Casa donde se escondi\u00f3 &#8220;El Chapo&#8221; se vende en m\u00e1s de 2MDP"}]},{"@type":"WebSite","@id":"https:\/\/canal7slp.tv\/2019\/#website","url":"https:\/\/canal7slp.tv\/2019\/","name":"Canal 7 SLP - Somos TV","description":"Somos un Canal de 10","publisher":{"@id":"https:\/\/canal7slp.tv\/2019\/#organization"},"potentialAction":[{"@type":"SearchAction","target":{"@type":"EntryPoint","urlTemplate":"https:\/\/canal7slp.tv\/2019\/?s={search_term_string}"},"query-input":{"@type":"PropertyValueSpecification","valueRequired":true,"valueName":"search_term_string"}}],"inLanguage":"es"},{"@type":"Organization","@id":"https:\/\/canal7slp.tv\/2019\/#organization","name":"Comunicaci\u00f3n 2000 S.A. de C.V.","url":"https:\/\/canal7slp.tv\/2019\/","logo":{"@type":"ImageObject","inLanguage":"es","@id":"https:\/\/canal7slp.tv\/2019\/#\/schema\/logo\/image\/","url":"https:\/\/canal7slp.tv\/2019\/wp-content\/uploads\/2019\/07\/logo-c7.png","contentUrl":"https:\/\/canal7slp.tv\/2019\/wp-content\/uploads\/2019\/07\/logo-c7.png","width":220,"height":60,"caption":"Comunicaci\u00f3n 2000 S.A. de C.V."},"image":{"@id":"https:\/\/canal7slp.tv\/2019\/#\/schema\/logo\/image\/"},"sameAs":["https:\/\/www.facebook.com\/CANAL7SLP\/","https:\/\/x.com\/canal7_slp","https:\/\/www.instagram.com\/canal7_slp","https:\/\/www.youtube.com\/user\/NOTICIEROSCANAL7SLP\/"]},{"@type":"Person","@id":"https:\/\/canal7slp.tv\/2019\/#\/schema\/person\/11d941c1c6ca30ac0a46b95fa37aa2e3","name":"edicionweb","image":{"@type":"ImageObject","inLanguage":"es","@id":"https:\/\/secure.gravatar.com\/avatar\/eee448fc3f7164808013b816ba91ac7e43bbe82a70bebac296f8bc6f0addaa1a?s=96&d=mm&r=g","url":"https:\/\/secure.gravatar.com\/avatar\/eee448fc3f7164808013b816ba91ac7e43bbe82a70bebac296f8bc6f0addaa1a?s=96&d=mm&r=g","contentUrl":"https:\/\/secure.gravatar.com\/avatar\/eee448fc3f7164808013b816ba91ac7e43bbe82a70bebac296f8bc6f0addaa1a?s=96&d=mm&r=g","caption":"edicionweb"}}]}},"amp_enabled":true,"cmb2":{"video_ids_in_playlist":{"vid_p_videos":""},"video_ids_in_channel":{"vid_c_videos":""},"playlist_ids_in_channel":{"vid_c_playlists":""},"series_ids_in_channel":{"vid_c_series":""},"channel_images":{"vid_c_logo":"","vid_c_banner":""},"poster_feature_image":{"vid_m_poster_image":""},"gif_feature_image":{"vid_m_gif_image":""},"video_movie_settings":{"vid_m_director":"","vid_m_actor":"","vid_m_imdb_ratings":"","vid_m_amazon_associates":""},"vid_youtube_broadcasts_settings":{"vid_yb_broadcast_title":"","vid_yb_q":"","vid_yb_channelid":"","vid_yb_videocategoryid":"","vid_yb_maxresults":"","vid_yb_order":"","vid_yb_regioncode":"","vid_yb_videosyndicated":"","vid_yb_style":"","vid_yb_reload_first":""},"video_series_settings":{"vid_m_director":"","vid_m_actor":"","vid_m_imdb_ratings":"","video_series_group":""},"amazon_associates_settings":{"amazon_associates":"","amazon_native_ad":""},"vid_youtube_automatic_settings":{"vid_ya_youtube_source":"","vid_ya_update_every":"","vid_ya_update_unit":"","vid_ya_categories":"","vid_ya_published_after":"","vid_ya_published_before":"","vid_ya_playlists":"","vid_ya_channels":"","vid_ya_director":"","vid_ya_actor":"","vid_ya_author":"","vid_ya_import_post_date":"","vid_ya_status":"","vid_ya_sub_api_key":""},"vid_ads_m_videoads_settings_post":{"vid_ads_m_video_ads":"","vid_ads_m_video_ads_type":"","vid_ads_m_group_google_ima":"","vid_ads_m_group_image":"","vid_ads_m_group_html5_video":"","vid_ads_m_group_html":"","vid_ads_m_vast_preroll":"","vid_ads_m_vast_postroll":"","vid_ads_m_vast_pauseroll":"","vid_ads_m_vast_midroll":[{"vid_ads_m_vast_timer_seconds":"50"}],"vid_ads_m_time_to_show_ads":"","vid_ads_m_time_skip_ads":"","vid_ads_m_time_to_hide_ads":""},"page_slider_settings":{"display_slider_group":"","page_slider_group":""},"blog_page_settings":{"blog_page_title":"","blog_page_heading":"","blog_page_ic":"","blog_page_it":"","blog_page_ec":"","blog_page_ip":"","archive_loop_style":"","blog_image_ratio":"","blog_show_categories":"","blog_show_excerpt":"","blog_show_author":"","blog_show_date":"","blog_show_comment_count":"","blog_show_view_count":"","blog_show_like_count":"","blog_show_dislike_count":"","blog_items_per_page":"","blog_pag_type":""},"page_options":{"get_page_template":"","color_mode":"","main_layout":"","main_layout_full_with":"","main_logo":"","main_logo_retina":"","main_logo_mobile":"","main_logo_mobile_retina":"","sticky_logo":"","sticky_logo_retina":"","main_nav_layout":"","ajax_search":"","header_background":"","theme_sidebar":"","instagram_feed":"","instagram_feed_position":"","popular_videos":"","popular_videos_title_1":"","popular_videos_title_2":"","popular_videos_ic":"","popular_videos_it":"","theme_background":"","page_custom_css":""},"feature_image_settings":{"feature_image_position":""},"video_player_settings":{"single_video_style":"","video_player_position":"","vm_video_url":"","video_player_library":"","video_streaming":"","vm_media_sources":"","vid_auto_play":"","vm_video_shortcode":"","vid_p_sync_playlist":"","vid_c_sync_channel":"","get_post_format":"","multiple_links_structure":"default","multi_links_title":"","vm_video_multi_links":"","vm_duration":"","vid_social_locker":"off","vid_social_locker_id":"","vid_membership_action":"content-video","vm_video_trailer_url":"","vid_download_type":"free","vid_download_target":"download","vid_woo_product":"","vm_media_download":"","user_rating":"","user_rating_position":"","user_rating_mode":"","user_rating_multi_sets":""},"video_auto_fetch_settings":{"vm_video_fetch":"on"},"video_fake_views_likes":{"vm_fake_views":"","vm_fake_likes":"","vm_fake_dislikes":""},"gallery_settings":{"gallery_position":""},"quote_settings":{"quote_position":""},"post_options":{"main_layout":"","main_logo":"","main_logo_retina":"","main_logo_mobile":"","main_logo_mobile_retina":"","sticky_logo":"","sticky_logo_retina":"","main_nav_layout":"","header_background":"","theme_sidebar":"","single_post_comment_type":"","theme_background":""}},"_links":{"self":[{"href":"https:\/\/canal7slp.tv\/2019\/wp-json\/wp\/v2\/posts\/80882","targetHints":{"allow":["GET"]}}],"collection":[{"href":"https:\/\/canal7slp.tv\/2019\/wp-json\/wp\/v2\/posts"}],"about":[{"href":"https:\/\/canal7slp.tv\/2019\/wp-json\/wp\/v2\/types\/post"}],"author":[{"embeddable":true,"href":"https:\/\/canal7slp.tv\/2019\/wp-json\/wp\/v2\/users\/2"}],"replies":[{"embeddable":true,"href":"https:\/\/canal7slp.tv\/2019\/wp-json\/wp\/v2\/comments?post=80882"}],"version-history":[{"count":0,"href":"https:\/\/canal7slp.tv\/2019\/wp-json\/wp\/v2\/posts\/80882\/revisions"}],"wp:featuredmedia":[{"embeddable":true,"href":"https:\/\/canal7slp.tv\/2019\/wp-json\/wp\/v2\/media\/80884"}],"wp:attachment":[{"href":"https:\/\/canal7slp.tv\/2019\/wp-json\/wp\/v2\/media?parent=80882"}],"wp:term":[{"taxonomy":"category","embeddable":true,"href":"https:\/\/canal7slp.tv\/2019\/wp-json\/wp\/v2\/categories?post=80882"},{"taxonomy":"post_tag","embeddable":true,"href":"https:\/\/canal7slp.tv\/2019\/wp-json\/wp\/v2\/tags?post=80882"}],"curies":[{"name":"wp","href":"https:\/\/api.w.org\/{rel}","templated":true}]}}