{"id":80595,"date":"2019-11-08T15:39:31","date_gmt":"2019-11-08T21:39:31","guid":{"rendered":"https:\/\/canal7slp.tv\/2019\/?p=80595"},"modified":"2019-11-08T15:39:31","modified_gmt":"2019-11-08T21:39:31","slug":"con-buen-mar-arriba-el-buque-escuela-velero-cuauhtemoc-al-puerto-de-acapulco-guerrero-al-termino-del-crucero-de-instruccion-europa-del-norte-2019","status":"publish","type":"post","link":"https:\/\/canal7slp.tv\/2019\/con-buen-mar-arriba-el-buque-escuela-velero-cuauhtemoc-al-puerto-de-acapulco-guerrero-al-termino-del-crucero-de-instruccion-europa-del-norte-2019\/","title":{"rendered":"Con buen mar arriba el Buque Escuela Velero Cuauht\u00e9moc al puerto de Acapulco, Guerrero, al t\u00e9rmino del Crucero de Instrucci\u00f3n Europa del Norte 2019"},"content":{"rendered":"<p style=\"text-align: justify\">Ciudad de M\u00e9xico.- Esta ma\u00f1ana el Buque Escuela Velero ARM Cuauht\u00e9moc, arrib\u00f3 al muelle de la Octava Regi\u00f3n Naval, en el puerto de Acapulco, Guerrero, al t\u00e9rmino del Crucero de Instrucci\u00f3n Europa del Norte 2019, despu\u00e9s de navegar 155 singladuras, recorrer 19,920 millas n\u00e1uticas, visitar 15 puertos de 11 pa\u00edses y cumplir con la misi\u00f3n de estrechar lazos de amistad del pueblo mexicano, as\u00ed como llevar un mensaje de paz y buena voluntad en los mares y puertos del mundo, adem\u00e1s de ce\u00f1ir relaciones acad\u00e9micas y culturales entre Fuerzas Armadas.<\/p>\n<p style=\"text-align: justify\">La ceremonia de bienvenida que se realiz\u00f3 a bordo del Embajador y Caballero de los Mares y fue presidida por el Almirante Jos\u00e9 Rafael Ojeda Dur\u00e1n, Secretario de Marina y Alto Mando de la Armada de M\u00e9xico, quien estuvo acompa\u00f1ado por el General Andr\u00e9 Georges Foullon Van Lissum, Inspector y Contralor General del Ej\u00e9rcito y Fuerza A\u00e9rea Mexicana, en representaci\u00f3n del General Luis Cresencio Sandoval Gonz\u00e1lez, Secretario de la Defensa Nacional; Licenciado H\u00e9ctor Astudillo Flores, Gobernador del Estado de Guerrero, as\u00ed como autoridades civiles, militares y navales, adem\u00e1s de familiares y amigos de la tripulaci\u00f3n.<\/p>\n<p style=\"text-align: justify\">Al hacer uso de la palabra, el Almirante Secretario de Marina se\u00f1al\u00f3 que sin duda, este Crucero de Instrucci\u00f3n \u201cEuropa del Norte\u201d ha sido un viaje con un gran significado hist\u00f3rico y cultural. De igual manera, este periplo ha sido una oportunidad m\u00e1s para confirmar el compromiso de nuestra Instituci\u00f3n para impulsar a la juventud desde la educaci\u00f3n naval, educaci\u00f3n que nos permite formar a mujeres y hombres con genuinos valores al servicio de nuestro pa\u00eds.<\/p>\n<p style=\"text-align: justify\">El Alto Mando de la Armada de M\u00e9xico expres\u00f3 que \u201choy es un d\u00eda de regocijo para nosotros, pero tambi\u00e9n es una oportunidad para celebrar la naturaleza de nuestra naci\u00f3n, una naci\u00f3n ba\u00f1ada por mares y oc\u00e9anos, que ven en ellos la oportunidad inestimable de llevar al resto del mundo el mensaje de amistad y buena voluntad del pueblo de M\u00e9xico, nuestro majestuoso Buque Escuela \u201cCuauht\u00e9moc\u201d consagra este mensaje; asimismo, simboliza la paz, la uni\u00f3n y la fraternidad entre todos los mexicanos y la oportunidad de generar lazos de hermandad a nivel universal.<\/p>\n<p style=\"text-align: justify\">Por su parte, el Capit\u00e1n de Nav\u00edo Carlos Gorraez Meraz, Comandante del Buque Escuela Velero ARM Cuauht\u00e9moc, afirm\u00f3 que esta fue una aventura en la que se atesor\u00f3 un gran aprendizaje, las habilidades marineras, el desarrollo personal y las competencias sociales que se fortalecieron aqu\u00ed, traducidas como la exaltaci\u00f3n del esp\u00edritu marinero, son la mejor inversi\u00f3n para los futuros l\u00edderes de nuestra Armada.<\/p>\n<p style=\"text-align: justify\">Es de recordar que el Embajador y Caballero de los Mares zarp\u00f3 del puerto de Acapulco el pasado 16 de abril para iniciar el Crucero de Instrucci\u00f3n Europa del Norte 2019, en el que los futuros Oficiales de la Armada de M\u00e9xico y la tripulaci\u00f3n, pusieron a prueba sus conocimientos, destrezas, capacidades, entrega y trabajo en equipo, sin importar la situaci\u00f3n o el momento, la calma o las tempestades, con lo que reafirmaron el compromiso que tienen de estar altamente preparados para servir a nuestra naci\u00f3n.<\/p>\n<p style=\"text-align: justify\">La dotaci\u00f3n del velero durante este Crucero de Instrucci\u00f3n estuvo conformada 256 tripulantes entre ellos, nueve Capitanes, 38 Oficiales, 11 Oficiales invitados, 83 Cadetes y 115 elementos de Clases y Mariner\u00eda de la Armada de M\u00e9xico; as\u00ed como oficiales de las Armadas de Argentina, Colombia, Ecuador, Guatemala, Honduras, Inglaterra y Per\u00fa, permitiendo que su personal compartiera y viviera el esp\u00edritu de cuerpo en esta misi\u00f3n asignada, con lo cual se estrecharon los lazos de amistad de nuestro pa\u00eds con esas naciones; asimismo, estuvo a bordo personal de la Secretar\u00eda de la Defensa Nacional y de la Marina Mercante.<\/p>\n<p style=\"text-align: justify\">Durante esta traves\u00eda el Buque Escuela Velero ARM Cuauht\u00e9moc particip\u00f3 en el Belfast Titanic Maritime Festival 2019, el cual se llev\u00f3 a cabo del 25 al 27 de mayo, siendo uno de los eventos m\u00e1s populares de esa ciudad muy marinera, que reuni\u00f3 a algunos de los magn\u00edficos buques de vela, como el emblem\u00e1tico nav\u00edo de la Armada de M\u00e9xico.<\/p>\n<p style=\"text-align: justify\">De igual manera, en su visita a Rouen, Francia, el &#8220;Embajador y Caballero de los Mares particip\u00f3 en la s\u00e9ptima edici\u00f3n del \u201cFestival LArmada &amp; Liberty\u201d, monumental evento n\u00e1utico, misma cantidad de veces que este buque ha participado, siendo uno de los 50 nav\u00edos gigantes que engalanaron dicha festividad.<\/p>\n<p style=\"text-align: justify\">Asimismo, este a\u00f1o se celebr\u00f3 tambi\u00e9n el 75 aniversario del Desembarco de Normand\u00eda durante la Segunda Guerra Mundial. Al zarpe del puerto de Rouen dio inicio la Regata \u201cLiberty Tall Ships 2019\u201d, donde particip\u00f3 la flota internacional de grandes veleros de Rouen, Francia a Scheveningen, Holanda, en donde se celebr\u00f3 la liberaci\u00f3n de los territorios ocupados en el noroeste de Europa, con la finalidad de fomentar la amistad entre las naciones.<\/p>\n<p style=\"text-align: justify\">El Embajador y Caballero de los Mares particip\u00f3 tambi\u00e9n en la sexag\u00e9sima novena edici\u00f3n de la Regata \u201cTall Ships Races\u201d, misma que se efectu\u00f3 durante el verano en el noroeste de Europa, la cual const\u00f3 de tres piernas de navegaci\u00f3n: la primera de los puertos de Aalborg, Dinamarca, a Fredrilkstad, Noruega. Posteriormente, a Bergen, Noruega, para concluir en Aarhus, Dinamarca. La intenci\u00f3n de este evento no fue s\u00f3lo promover una sana competencia, sino tambi\u00e9n fomentar la fraternidad y llevar el mensaje de paz y buena voluntad internacional entre los veleros participantes.<\/p>\n<p style=\"text-align: justify\">Otro evento relevante en este Crucero de Instrucci\u00f3n Europa del Norte 2019, fue la presencia del Buque Escuela Velero ARM Cuauht\u00e9moc, en el Festival Hanse Sail Rostock 2019, uno de los festivales n\u00e1uticos m\u00e1s importantes de Europa, que en su 29 edici\u00f3n se llev\u00f3 a cabo del 8 al 11 de agosto en ese puerto alem\u00e1n y cont\u00f3 con la participaci\u00f3n de 200 barcos de todo el mundo, entre veleros y buques convencionales de todo tipo.<\/p>\n<p style=\"text-align: justify\">Es de destacar que el Embajador y Caballero de los Mares, obtuvo tres merecidos premios en estos festivales y regatas internacionales, donde tuvo una excelente participaci\u00f3n.<\/p>\n<p style=\"text-align: justify\">De esta manera, la Secretar\u00eda de Marina-Armada de M\u00e9xico a trav\u00e9s de la Universidad Naval ofrece una educaci\u00f3n de calidad por medio de un programa de estudios destinado a completar la formaci\u00f3n de los futuros Oficiales de la Armada de M\u00e9xico, al realizar diversas a bordo del Buque Escuela Velero ARM Cuauht\u00e9moc practicas marineras surcando durante meses los oc\u00e9anos, fortaleciendo sus mentes y esp\u00edritus, con el objetivo de instruirse para servir mejor a nuestra patria, afianzados bajos los valores de Honor, Deber, Lealtad y Patriotismo, que distinguen a los marinos navales.<\/p>\n","protected":false},"excerpt":{"rendered":"<p>Ciudad de M\u00e9xico.- Esta ma\u00f1ana el Buque Escuela Velero ARM Cuauht\u00e9moc, arrib\u00f3 al muelle de la Octava Regi\u00f3n Naval, en el puerto de Acapulco, Guerrero, al t\u00e9rmino del Crucero de Instrucci\u00f3n Europa del Norte 2019, despu\u00e9s de navegar 155 singladuras, recorrer 19,920 millas n\u00e1uticas, visitar 15 puertos de 11 pa\u00edses y cumplir con la misi\u00f3n [&hellip;]<\/p>\n","protected":false},"author":2,"featured_media":80596,"comment_status":"open","ping_status":"open","sticky":false,"template":"","format":"video","meta":{"footnotes":""},"categories":[30],"tags":[],"class_list":["post-80595","post","type-post","status-publish","format-video","has-post-thumbnail","hentry","category-nacional","post_format-post-format-video"],"yoast_head":"<!-- This site is optimized with the Yoast SEO plugin v27.5 - https:\/\/yoast.com\/product\/yoast-seo-wordpress\/ -->\n<title>Con buen mar arriba el Buque Escuela Velero Cuauht\u00e9moc al puerto de Acapulco, Guerrero, al t\u00e9rmino del Crucero de Instrucci\u00f3n Europa del Norte 2019 - Canal 7 SLP - 2019<\/title>\n<meta name=\"robots\" content=\"index, follow, max-snippet:-1, max-image-preview:large, max-video-preview:-1\" \/>\n<link rel=\"canonical\" href=\"https:\/\/canal7slp.tv\/2019\/con-buen-mar-arriba-el-buque-escuela-velero-cuauhtemoc-al-puerto-de-acapulco-guerrero-al-termino-del-crucero-de-instruccion-europa-del-norte-2019\/\" \/>\n<meta property=\"og:locale\" content=\"es_ES\" \/>\n<meta property=\"og:type\" content=\"article\" \/>\n<meta property=\"og:title\" content=\"Con buen mar arriba el Buque Escuela Velero Cuauht\u00e9moc al puerto de Acapulco, Guerrero, al t\u00e9rmino del Crucero de Instrucci\u00f3n Europa del Norte 2019 - Canal 7 SLP - 2019\" \/>\n<meta property=\"og:description\" content=\"Ciudad de M\u00e9xico.- Esta ma\u00f1ana el Buque Escuela Velero ARM Cuauht\u00e9moc, arrib\u00f3 al muelle de la Octava Regi\u00f3n Naval, en el puerto de Acapulco, Guerrero, al t\u00e9rmino del Crucero de Instrucci\u00f3n Europa del Norte 2019, despu\u00e9s de navegar 155 singladuras, recorrer 19,920 millas n\u00e1uticas, visitar 15 puertos de 11 pa\u00edses y cumplir con la misi\u00f3n [&hellip;]\" \/>\n<meta property=\"og:url\" content=\"https:\/\/canal7slp.tv\/2019\/con-buen-mar-arriba-el-buque-escuela-velero-cuauhtemoc-al-puerto-de-acapulco-guerrero-al-termino-del-crucero-de-instruccion-europa-del-norte-2019\/\" \/>\n<meta property=\"og:site_name\" content=\"Canal 7 SLP - 2019\" \/>\n<meta property=\"article:publisher\" content=\"https:\/\/www.facebook.com\/CANAL7SLP\/\" \/>\n<meta property=\"article:published_time\" content=\"2019-11-08T21:39:31+00:00\" \/>\n<meta property=\"og:image\" content=\"https:\/\/canal7slp.tv\/2019\/wp-content\/uploads\/2019\/11\/zz1-9.jpg\" \/>\n\t<meta property=\"og:image:width\" content=\"900\" \/>\n\t<meta property=\"og:image:height\" content=\"599\" \/>\n\t<meta property=\"og:image:type\" content=\"image\/jpeg\" \/>\n<meta name=\"author\" content=\"edicionweb\" \/>\n<meta name=\"twitter:card\" content=\"summary_large_image\" \/>\n<meta name=\"twitter:creator\" content=\"@canal7_slp\" \/>\n<meta name=\"twitter:site\" content=\"@canal7_slp\" \/>\n<meta name=\"twitter:label1\" content=\"Escrito por\" \/>\n\t<meta name=\"twitter:data1\" content=\"edicionweb\" \/>\n\t<meta name=\"twitter:label2\" content=\"Tiempo de lectura\" \/>\n\t<meta name=\"twitter:data2\" content=\"6 minutos\" \/>\n<script type=\"application\/ld+json\" class=\"yoast-schema-graph\">{\"@context\":\"https:\\\/\\\/schema.org\",\"@graph\":[{\"@type\":\"Article\",\"@id\":\"https:\\\/\\\/canal7slp.tv\\\/2019\\\/con-buen-mar-arriba-el-buque-escuela-velero-cuauhtemoc-al-puerto-de-acapulco-guerrero-al-termino-del-crucero-de-instruccion-europa-del-norte-2019\\\/#article\",\"isPartOf\":{\"@id\":\"https:\\\/\\\/canal7slp.tv\\\/2019\\\/con-buen-mar-arriba-el-buque-escuela-velero-cuauhtemoc-al-puerto-de-acapulco-guerrero-al-termino-del-crucero-de-instruccion-europa-del-norte-2019\\\/\"},\"author\":{\"name\":\"edicionweb\",\"@id\":\"https:\\\/\\\/canal7slp.tv\\\/2019\\\/#\\\/schema\\\/person\\\/11d941c1c6ca30ac0a46b95fa37aa2e3\"},\"headline\":\"Con buen mar arriba el Buque Escuela Velero Cuauht\u00e9moc al puerto de Acapulco, Guerrero, al t\u00e9rmino del Crucero de Instrucci\u00f3n Europa del Norte 2019\",\"datePublished\":\"2019-11-08T21:39:31+00:00\",\"mainEntityOfPage\":{\"@id\":\"https:\\\/\\\/canal7slp.tv\\\/2019\\\/con-buen-mar-arriba-el-buque-escuela-velero-cuauhtemoc-al-puerto-de-acapulco-guerrero-al-termino-del-crucero-de-instruccion-europa-del-norte-2019\\\/\"},\"wordCount\":1168,\"commentCount\":0,\"publisher\":{\"@id\":\"https:\\\/\\\/canal7slp.tv\\\/2019\\\/#organization\"},\"image\":{\"@id\":\"https:\\\/\\\/canal7slp.tv\\\/2019\\\/con-buen-mar-arriba-el-buque-escuela-velero-cuauhtemoc-al-puerto-de-acapulco-guerrero-al-termino-del-crucero-de-instruccion-europa-del-norte-2019\\\/#primaryimage\"},\"thumbnailUrl\":\"https:\\\/\\\/canal7slp.tv\\\/2019\\\/wp-content\\\/uploads\\\/2019\\\/11\\\/zz1-9.jpg\",\"articleSection\":[\"NACIONAL\"],\"inLanguage\":\"es\",\"potentialAction\":[{\"@type\":\"CommentAction\",\"name\":\"Comment\",\"target\":[\"https:\\\/\\\/canal7slp.tv\\\/2019\\\/con-buen-mar-arriba-el-buque-escuela-velero-cuauhtemoc-al-puerto-de-acapulco-guerrero-al-termino-del-crucero-de-instruccion-europa-del-norte-2019\\\/#respond\"]}]},{\"@type\":\"WebPage\",\"@id\":\"https:\\\/\\\/canal7slp.tv\\\/2019\\\/con-buen-mar-arriba-el-buque-escuela-velero-cuauhtemoc-al-puerto-de-acapulco-guerrero-al-termino-del-crucero-de-instruccion-europa-del-norte-2019\\\/\",\"url\":\"https:\\\/\\\/canal7slp.tv\\\/2019\\\/con-buen-mar-arriba-el-buque-escuela-velero-cuauhtemoc-al-puerto-de-acapulco-guerrero-al-termino-del-crucero-de-instruccion-europa-del-norte-2019\\\/\",\"name\":\"Con buen mar arriba el Buque Escuela Velero Cuauht\u00e9moc al puerto de Acapulco, Guerrero, al t\u00e9rmino del Crucero de Instrucci\u00f3n Europa del Norte 2019 - Canal 7 SLP - 2019\",\"isPartOf\":{\"@id\":\"https:\\\/\\\/canal7slp.tv\\\/2019\\\/#website\"},\"primaryImageOfPage\":{\"@id\":\"https:\\\/\\\/canal7slp.tv\\\/2019\\\/con-buen-mar-arriba-el-buque-escuela-velero-cuauhtemoc-al-puerto-de-acapulco-guerrero-al-termino-del-crucero-de-instruccion-europa-del-norte-2019\\\/#primaryimage\"},\"image\":{\"@id\":\"https:\\\/\\\/canal7slp.tv\\\/2019\\\/con-buen-mar-arriba-el-buque-escuela-velero-cuauhtemoc-al-puerto-de-acapulco-guerrero-al-termino-del-crucero-de-instruccion-europa-del-norte-2019\\\/#primaryimage\"},\"thumbnailUrl\":\"https:\\\/\\\/canal7slp.tv\\\/2019\\\/wp-content\\\/uploads\\\/2019\\\/11\\\/zz1-9.jpg\",\"datePublished\":\"2019-11-08T21:39:31+00:00\",\"breadcrumb\":{\"@id\":\"https:\\\/\\\/canal7slp.tv\\\/2019\\\/con-buen-mar-arriba-el-buque-escuela-velero-cuauhtemoc-al-puerto-de-acapulco-guerrero-al-termino-del-crucero-de-instruccion-europa-del-norte-2019\\\/#breadcrumb\"},\"inLanguage\":\"es\",\"potentialAction\":[{\"@type\":\"ReadAction\",\"target\":[\"https:\\\/\\\/canal7slp.tv\\\/2019\\\/con-buen-mar-arriba-el-buque-escuela-velero-cuauhtemoc-al-puerto-de-acapulco-guerrero-al-termino-del-crucero-de-instruccion-europa-del-norte-2019\\\/\"]}]},{\"@type\":\"ImageObject\",\"inLanguage\":\"es\",\"@id\":\"https:\\\/\\\/canal7slp.tv\\\/2019\\\/con-buen-mar-arriba-el-buque-escuela-velero-cuauhtemoc-al-puerto-de-acapulco-guerrero-al-termino-del-crucero-de-instruccion-europa-del-norte-2019\\\/#primaryimage\",\"url\":\"https:\\\/\\\/canal7slp.tv\\\/2019\\\/wp-content\\\/uploads\\\/2019\\\/11\\\/zz1-9.jpg\",\"contentUrl\":\"https:\\\/\\\/canal7slp.tv\\\/2019\\\/wp-content\\\/uploads\\\/2019\\\/11\\\/zz1-9.jpg\",\"width\":900,\"height\":599},{\"@type\":\"BreadcrumbList\",\"@id\":\"https:\\\/\\\/canal7slp.tv\\\/2019\\\/con-buen-mar-arriba-el-buque-escuela-velero-cuauhtemoc-al-puerto-de-acapulco-guerrero-al-termino-del-crucero-de-instruccion-europa-del-norte-2019\\\/#breadcrumb\",\"itemListElement\":[{\"@type\":\"ListItem\",\"position\":1,\"name\":\"Home\",\"item\":\"https:\\\/\\\/canal7slp.tv\\\/2019\\\/\"},{\"@type\":\"ListItem\",\"position\":2,\"name\":\"Con buen mar arriba el Buque Escuela Velero Cuauht\u00e9moc al puerto de Acapulco, Guerrero, al t\u00e9rmino del Crucero de Instrucci\u00f3n Europa del Norte 2019\"}]},{\"@type\":\"WebSite\",\"@id\":\"https:\\\/\\\/canal7slp.tv\\\/2019\\\/#website\",\"url\":\"https:\\\/\\\/canal7slp.tv\\\/2019\\\/\",\"name\":\"Canal 7 SLP - Somos TV\",\"description\":\"Somos un Canal de 10\",\"publisher\":{\"@id\":\"https:\\\/\\\/canal7slp.tv\\\/2019\\\/#organization\"},\"potentialAction\":[{\"@type\":\"SearchAction\",\"target\":{\"@type\":\"EntryPoint\",\"urlTemplate\":\"https:\\\/\\\/canal7slp.tv\\\/2019\\\/?s={search_term_string}\"},\"query-input\":{\"@type\":\"PropertyValueSpecification\",\"valueRequired\":true,\"valueName\":\"search_term_string\"}}],\"inLanguage\":\"es\"},{\"@type\":\"Organization\",\"@id\":\"https:\\\/\\\/canal7slp.tv\\\/2019\\\/#organization\",\"name\":\"Comunicaci\u00f3n 2000 S.A. de C.V.\",\"url\":\"https:\\\/\\\/canal7slp.tv\\\/2019\\\/\",\"logo\":{\"@type\":\"ImageObject\",\"inLanguage\":\"es\",\"@id\":\"https:\\\/\\\/canal7slp.tv\\\/2019\\\/#\\\/schema\\\/logo\\\/image\\\/\",\"url\":\"https:\\\/\\\/canal7slp.tv\\\/2019\\\/wp-content\\\/uploads\\\/2019\\\/07\\\/logo-c7.png\",\"contentUrl\":\"https:\\\/\\\/canal7slp.tv\\\/2019\\\/wp-content\\\/uploads\\\/2019\\\/07\\\/logo-c7.png\",\"width\":220,\"height\":60,\"caption\":\"Comunicaci\u00f3n 2000 S.A. de C.V.\"},\"image\":{\"@id\":\"https:\\\/\\\/canal7slp.tv\\\/2019\\\/#\\\/schema\\\/logo\\\/image\\\/\"},\"sameAs\":[\"https:\\\/\\\/www.facebook.com\\\/CANAL7SLP\\\/\",\"https:\\\/\\\/x.com\\\/canal7_slp\",\"https:\\\/\\\/www.instagram.com\\\/canal7_slp\",\"https:\\\/\\\/www.youtube.com\\\/user\\\/NOTICIEROSCANAL7SLP\\\/\"]},{\"@type\":\"Person\",\"@id\":\"https:\\\/\\\/canal7slp.tv\\\/2019\\\/#\\\/schema\\\/person\\\/11d941c1c6ca30ac0a46b95fa37aa2e3\",\"name\":\"edicionweb\",\"image\":{\"@type\":\"ImageObject\",\"inLanguage\":\"es\",\"@id\":\"https:\\\/\\\/secure.gravatar.com\\\/avatar\\\/eee448fc3f7164808013b816ba91ac7e43bbe82a70bebac296f8bc6f0addaa1a?s=96&d=mm&r=g\",\"url\":\"https:\\\/\\\/secure.gravatar.com\\\/avatar\\\/eee448fc3f7164808013b816ba91ac7e43bbe82a70bebac296f8bc6f0addaa1a?s=96&d=mm&r=g\",\"contentUrl\":\"https:\\\/\\\/secure.gravatar.com\\\/avatar\\\/eee448fc3f7164808013b816ba91ac7e43bbe82a70bebac296f8bc6f0addaa1a?s=96&d=mm&r=g\",\"caption\":\"edicionweb\"}}]}<\/script>\n<!-- \/ Yoast SEO plugin. -->","yoast_head_json":{"title":"Con buen mar arriba el Buque Escuela Velero Cuauht\u00e9moc al puerto de Acapulco, Guerrero, al t\u00e9rmino del Crucero de Instrucci\u00f3n Europa del Norte 2019 - Canal 7 SLP - 2019","robots":{"index":"index","follow":"follow","max-snippet":"max-snippet:-1","max-image-preview":"max-image-preview:large","max-video-preview":"max-video-preview:-1"},"canonical":"https:\/\/canal7slp.tv\/2019\/con-buen-mar-arriba-el-buque-escuela-velero-cuauhtemoc-al-puerto-de-acapulco-guerrero-al-termino-del-crucero-de-instruccion-europa-del-norte-2019\/","og_locale":"es_ES","og_type":"article","og_title":"Con buen mar arriba el Buque Escuela Velero Cuauht\u00e9moc al puerto de Acapulco, Guerrero, al t\u00e9rmino del Crucero de Instrucci\u00f3n Europa del Norte 2019 - Canal 7 SLP - 2019","og_description":"Ciudad de M\u00e9xico.- Esta ma\u00f1ana el Buque Escuela Velero ARM Cuauht\u00e9moc, arrib\u00f3 al muelle de la Octava Regi\u00f3n Naval, en el puerto de Acapulco, Guerrero, al t\u00e9rmino del Crucero de Instrucci\u00f3n Europa del Norte 2019, despu\u00e9s de navegar 155 singladuras, recorrer 19,920 millas n\u00e1uticas, visitar 15 puertos de 11 pa\u00edses y cumplir con la misi\u00f3n [&hellip;]","og_url":"https:\/\/canal7slp.tv\/2019\/con-buen-mar-arriba-el-buque-escuela-velero-cuauhtemoc-al-puerto-de-acapulco-guerrero-al-termino-del-crucero-de-instruccion-europa-del-norte-2019\/","og_site_name":"Canal 7 SLP - 2019","article_publisher":"https:\/\/www.facebook.com\/CANAL7SLP\/","article_published_time":"2019-11-08T21:39:31+00:00","og_image":[{"width":900,"height":599,"url":"https:\/\/canal7slp.tv\/2019\/wp-content\/uploads\/2019\/11\/zz1-9.jpg","type":"image\/jpeg"}],"author":"edicionweb","twitter_card":"summary_large_image","twitter_creator":"@canal7_slp","twitter_site":"@canal7_slp","twitter_misc":{"Escrito por":"edicionweb","Tiempo de lectura":"6 minutos"},"schema":{"@context":"https:\/\/schema.org","@graph":[{"@type":"Article","@id":"https:\/\/canal7slp.tv\/2019\/con-buen-mar-arriba-el-buque-escuela-velero-cuauhtemoc-al-puerto-de-acapulco-guerrero-al-termino-del-crucero-de-instruccion-europa-del-norte-2019\/#article","isPartOf":{"@id":"https:\/\/canal7slp.tv\/2019\/con-buen-mar-arriba-el-buque-escuela-velero-cuauhtemoc-al-puerto-de-acapulco-guerrero-al-termino-del-crucero-de-instruccion-europa-del-norte-2019\/"},"author":{"name":"edicionweb","@id":"https:\/\/canal7slp.tv\/2019\/#\/schema\/person\/11d941c1c6ca30ac0a46b95fa37aa2e3"},"headline":"Con buen mar arriba el Buque Escuela Velero Cuauht\u00e9moc al puerto de Acapulco, Guerrero, al t\u00e9rmino del Crucero de Instrucci\u00f3n Europa del Norte 2019","datePublished":"2019-11-08T21:39:31+00:00","mainEntityOfPage":{"@id":"https:\/\/canal7slp.tv\/2019\/con-buen-mar-arriba-el-buque-escuela-velero-cuauhtemoc-al-puerto-de-acapulco-guerrero-al-termino-del-crucero-de-instruccion-europa-del-norte-2019\/"},"wordCount":1168,"commentCount":0,"publisher":{"@id":"https:\/\/canal7slp.tv\/2019\/#organization"},"image":{"@id":"https:\/\/canal7slp.tv\/2019\/con-buen-mar-arriba-el-buque-escuela-velero-cuauhtemoc-al-puerto-de-acapulco-guerrero-al-termino-del-crucero-de-instruccion-europa-del-norte-2019\/#primaryimage"},"thumbnailUrl":"https:\/\/canal7slp.tv\/2019\/wp-content\/uploads\/2019\/11\/zz1-9.jpg","articleSection":["NACIONAL"],"inLanguage":"es","potentialAction":[{"@type":"CommentAction","name":"Comment","target":["https:\/\/canal7slp.tv\/2019\/con-buen-mar-arriba-el-buque-escuela-velero-cuauhtemoc-al-puerto-de-acapulco-guerrero-al-termino-del-crucero-de-instruccion-europa-del-norte-2019\/#respond"]}]},{"@type":"WebPage","@id":"https:\/\/canal7slp.tv\/2019\/con-buen-mar-arriba-el-buque-escuela-velero-cuauhtemoc-al-puerto-de-acapulco-guerrero-al-termino-del-crucero-de-instruccion-europa-del-norte-2019\/","url":"https:\/\/canal7slp.tv\/2019\/con-buen-mar-arriba-el-buque-escuela-velero-cuauhtemoc-al-puerto-de-acapulco-guerrero-al-termino-del-crucero-de-instruccion-europa-del-norte-2019\/","name":"Con buen mar arriba el Buque Escuela Velero Cuauht\u00e9moc al puerto de Acapulco, Guerrero, al t\u00e9rmino del Crucero de Instrucci\u00f3n Europa del Norte 2019 - Canal 7 SLP - 2019","isPartOf":{"@id":"https:\/\/canal7slp.tv\/2019\/#website"},"primaryImageOfPage":{"@id":"https:\/\/canal7slp.tv\/2019\/con-buen-mar-arriba-el-buque-escuela-velero-cuauhtemoc-al-puerto-de-acapulco-guerrero-al-termino-del-crucero-de-instruccion-europa-del-norte-2019\/#primaryimage"},"image":{"@id":"https:\/\/canal7slp.tv\/2019\/con-buen-mar-arriba-el-buque-escuela-velero-cuauhtemoc-al-puerto-de-acapulco-guerrero-al-termino-del-crucero-de-instruccion-europa-del-norte-2019\/#primaryimage"},"thumbnailUrl":"https:\/\/canal7slp.tv\/2019\/wp-content\/uploads\/2019\/11\/zz1-9.jpg","datePublished":"2019-11-08T21:39:31+00:00","breadcrumb":{"@id":"https:\/\/canal7slp.tv\/2019\/con-buen-mar-arriba-el-buque-escuela-velero-cuauhtemoc-al-puerto-de-acapulco-guerrero-al-termino-del-crucero-de-instruccion-europa-del-norte-2019\/#breadcrumb"},"inLanguage":"es","potentialAction":[{"@type":"ReadAction","target":["https:\/\/canal7slp.tv\/2019\/con-buen-mar-arriba-el-buque-escuela-velero-cuauhtemoc-al-puerto-de-acapulco-guerrero-al-termino-del-crucero-de-instruccion-europa-del-norte-2019\/"]}]},{"@type":"ImageObject","inLanguage":"es","@id":"https:\/\/canal7slp.tv\/2019\/con-buen-mar-arriba-el-buque-escuela-velero-cuauhtemoc-al-puerto-de-acapulco-guerrero-al-termino-del-crucero-de-instruccion-europa-del-norte-2019\/#primaryimage","url":"https:\/\/canal7slp.tv\/2019\/wp-content\/uploads\/2019\/11\/zz1-9.jpg","contentUrl":"https:\/\/canal7slp.tv\/2019\/wp-content\/uploads\/2019\/11\/zz1-9.jpg","width":900,"height":599},{"@type":"BreadcrumbList","@id":"https:\/\/canal7slp.tv\/2019\/con-buen-mar-arriba-el-buque-escuela-velero-cuauhtemoc-al-puerto-de-acapulco-guerrero-al-termino-del-crucero-de-instruccion-europa-del-norte-2019\/#breadcrumb","itemListElement":[{"@type":"ListItem","position":1,"name":"Home","item":"https:\/\/canal7slp.tv\/2019\/"},{"@type":"ListItem","position":2,"name":"Con buen mar arriba el Buque Escuela Velero Cuauht\u00e9moc al puerto de Acapulco, Guerrero, al t\u00e9rmino del Crucero de Instrucci\u00f3n Europa del Norte 2019"}]},{"@type":"WebSite","@id":"https:\/\/canal7slp.tv\/2019\/#website","url":"https:\/\/canal7slp.tv\/2019\/","name":"Canal 7 SLP - Somos TV","description":"Somos un Canal de 10","publisher":{"@id":"https:\/\/canal7slp.tv\/2019\/#organization"},"potentialAction":[{"@type":"SearchAction","target":{"@type":"EntryPoint","urlTemplate":"https:\/\/canal7slp.tv\/2019\/?s={search_term_string}"},"query-input":{"@type":"PropertyValueSpecification","valueRequired":true,"valueName":"search_term_string"}}],"inLanguage":"es"},{"@type":"Organization","@id":"https:\/\/canal7slp.tv\/2019\/#organization","name":"Comunicaci\u00f3n 2000 S.A. de C.V.","url":"https:\/\/canal7slp.tv\/2019\/","logo":{"@type":"ImageObject","inLanguage":"es","@id":"https:\/\/canal7slp.tv\/2019\/#\/schema\/logo\/image\/","url":"https:\/\/canal7slp.tv\/2019\/wp-content\/uploads\/2019\/07\/logo-c7.png","contentUrl":"https:\/\/canal7slp.tv\/2019\/wp-content\/uploads\/2019\/07\/logo-c7.png","width":220,"height":60,"caption":"Comunicaci\u00f3n 2000 S.A. de C.V."},"image":{"@id":"https:\/\/canal7slp.tv\/2019\/#\/schema\/logo\/image\/"},"sameAs":["https:\/\/www.facebook.com\/CANAL7SLP\/","https:\/\/x.com\/canal7_slp","https:\/\/www.instagram.com\/canal7_slp","https:\/\/www.youtube.com\/user\/NOTICIEROSCANAL7SLP\/"]},{"@type":"Person","@id":"https:\/\/canal7slp.tv\/2019\/#\/schema\/person\/11d941c1c6ca30ac0a46b95fa37aa2e3","name":"edicionweb","image":{"@type":"ImageObject","inLanguage":"es","@id":"https:\/\/secure.gravatar.com\/avatar\/eee448fc3f7164808013b816ba91ac7e43bbe82a70bebac296f8bc6f0addaa1a?s=96&d=mm&r=g","url":"https:\/\/secure.gravatar.com\/avatar\/eee448fc3f7164808013b816ba91ac7e43bbe82a70bebac296f8bc6f0addaa1a?s=96&d=mm&r=g","contentUrl":"https:\/\/secure.gravatar.com\/avatar\/eee448fc3f7164808013b816ba91ac7e43bbe82a70bebac296f8bc6f0addaa1a?s=96&d=mm&r=g","caption":"edicionweb"}}]}},"amp_enabled":true,"cmb2":{"video_ids_in_playlist":{"vid_p_videos":""},"video_ids_in_channel":{"vid_c_videos":""},"playlist_ids_in_channel":{"vid_c_playlists":""},"series_ids_in_channel":{"vid_c_series":""},"channel_images":{"vid_c_logo":"","vid_c_banner":""},"poster_feature_image":{"vid_m_poster_image":""},"gif_feature_image":{"vid_m_gif_image":""},"video_movie_settings":{"vid_m_director":"","vid_m_actor":"","vid_m_imdb_ratings":"","vid_m_amazon_associates":""},"vid_youtube_broadcasts_settings":{"vid_yb_broadcast_title":"","vid_yb_q":"","vid_yb_channelid":"","vid_yb_videocategoryid":"","vid_yb_maxresults":"","vid_yb_order":"","vid_yb_regioncode":"","vid_yb_videosyndicated":"","vid_yb_style":"","vid_yb_reload_first":""},"video_series_settings":{"vid_m_director":"","vid_m_actor":"","vid_m_imdb_ratings":"","video_series_group":""},"amazon_associates_settings":{"amazon_associates":"","amazon_native_ad":""},"vid_youtube_automatic_settings":{"vid_ya_youtube_source":"","vid_ya_update_every":"","vid_ya_update_unit":"","vid_ya_categories":"","vid_ya_published_after":"","vid_ya_published_before":"","vid_ya_playlists":"","vid_ya_channels":"","vid_ya_director":"","vid_ya_actor":"","vid_ya_author":"","vid_ya_import_post_date":"","vid_ya_status":"","vid_ya_sub_api_key":""},"vid_ads_m_videoads_settings_post":{"vid_ads_m_video_ads":"","vid_ads_m_video_ads_type":"","vid_ads_m_group_google_ima":"","vid_ads_m_group_image":"","vid_ads_m_group_html5_video":"","vid_ads_m_group_html":"","vid_ads_m_vast_preroll":"","vid_ads_m_vast_postroll":"","vid_ads_m_vast_pauseroll":"","vid_ads_m_vast_midroll":[{"vid_ads_m_vast_timer_seconds":"50"}],"vid_ads_m_time_to_show_ads":"","vid_ads_m_time_skip_ads":"","vid_ads_m_time_to_hide_ads":""},"page_slider_settings":{"display_slider_group":"","page_slider_group":""},"blog_page_settings":{"blog_page_title":"","blog_page_heading":"","blog_page_ic":"","blog_page_it":"","blog_page_ec":"","blog_page_ip":"","archive_loop_style":"","blog_image_ratio":"","blog_show_categories":"","blog_show_excerpt":"","blog_show_author":"","blog_show_date":"","blog_show_comment_count":"","blog_show_view_count":"","blog_show_like_count":"","blog_show_dislike_count":"","blog_items_per_page":"","blog_pag_type":""},"page_options":{"get_page_template":"","color_mode":"","main_layout":"","main_layout_full_with":"","main_logo":"","main_logo_retina":"","main_logo_mobile":"","main_logo_mobile_retina":"","sticky_logo":"","sticky_logo_retina":"","main_nav_layout":"","ajax_search":"","header_background":"","theme_sidebar":"","instagram_feed":"","instagram_feed_position":"","popular_videos":"","popular_videos_title_1":"","popular_videos_title_2":"","popular_videos_ic":"","popular_videos_it":"","theme_background":"","page_custom_css":""},"feature_image_settings":{"feature_image_position":""},"video_player_settings":{"single_video_style":"","video_player_position":"","vm_video_url":" https:\/\/youtu.be\/DsumGh43a-4","video_player_library":"","video_streaming":"","vm_media_sources":"","vid_auto_play":"","vm_video_shortcode":"","vid_p_sync_playlist":"","vid_c_sync_channel":"","get_post_format":"","multiple_links_structure":"default","multi_links_title":"","vm_video_multi_links":"","vm_duration":"","vid_social_locker":"off","vid_social_locker_id":"","vid_membership_action":"content-video","vm_video_trailer_url":"","vid_download_type":"free","vid_download_target":"download","vid_woo_product":"","vm_media_download":"","user_rating":"","user_rating_position":"","user_rating_mode":"","user_rating_multi_sets":""},"video_auto_fetch_settings":{"vm_video_fetch":"off"},"video_fake_views_likes":{"vm_fake_views":"","vm_fake_likes":"","vm_fake_dislikes":""},"gallery_settings":{"gallery_position":""},"quote_settings":{"quote_position":""},"post_options":{"main_layout":"","main_logo":"","main_logo_retina":"","main_logo_mobile":"","main_logo_mobile_retina":"","sticky_logo":"","sticky_logo_retina":"","main_nav_layout":"","header_background":"","theme_sidebar":"","single_post_comment_type":"","theme_background":""}},"_links":{"self":[{"href":"https:\/\/canal7slp.tv\/2019\/wp-json\/wp\/v2\/posts\/80595","targetHints":{"allow":["GET"]}}],"collection":[{"href":"https:\/\/canal7slp.tv\/2019\/wp-json\/wp\/v2\/posts"}],"about":[{"href":"https:\/\/canal7slp.tv\/2019\/wp-json\/wp\/v2\/types\/post"}],"author":[{"embeddable":true,"href":"https:\/\/canal7slp.tv\/2019\/wp-json\/wp\/v2\/users\/2"}],"replies":[{"embeddable":true,"href":"https:\/\/canal7slp.tv\/2019\/wp-json\/wp\/v2\/comments?post=80595"}],"version-history":[{"count":0,"href":"https:\/\/canal7slp.tv\/2019\/wp-json\/wp\/v2\/posts\/80595\/revisions"}],"wp:featuredmedia":[{"embeddable":true,"href":"https:\/\/canal7slp.tv\/2019\/wp-json\/wp\/v2\/media\/80596"}],"wp:attachment":[{"href":"https:\/\/canal7slp.tv\/2019\/wp-json\/wp\/v2\/media?parent=80595"}],"wp:term":[{"taxonomy":"category","embeddable":true,"href":"https:\/\/canal7slp.tv\/2019\/wp-json\/wp\/v2\/categories?post=80595"},{"taxonomy":"post_tag","embeddable":true,"href":"https:\/\/canal7slp.tv\/2019\/wp-json\/wp\/v2\/tags?post=80595"}],"curies":[{"name":"wp","href":"https:\/\/api.w.org\/{rel}","templated":true}]}}