{"id":80534,"date":"2019-11-08T13:20:32","date_gmt":"2019-11-08T19:20:32","guid":{"rendered":"https:\/\/canal7slp.tv\/2019\/?p=80534"},"modified":"2019-11-08T13:20:32","modified_gmt":"2019-11-08T19:20:32","slug":"evo-morales-dice-que-no-renunciara-ante-presion-de-oposicion","status":"publish","type":"post","link":"https:\/\/canal7slp.tv\/2019\/evo-morales-dice-que-no-renunciara-ante-presion-de-oposicion\/","title":{"rendered":"Evo Morales dice que no renunciar\u00e1 ante presi\u00f3n de oposici\u00f3n"},"content":{"rendered":"<ul>\n<li style=\"text-align: justify\">El presidente boliviano afirm\u00f3 que no renunciar\u00e1 y convoc\u00f3 a todos los movimientos sociales a &#8220;defender nuestro proceso de cambio&#8221;<\/li>\n<\/ul>\n<p style=\"text-align: justify\">Bolivia.- El presidente boliviano, Evo Morales asegur\u00f3 el viernes que no renunciar\u00e1 luego de que un l\u00edder opositor lo presion\u00f3 para que reciba una carta en la que se exige su dimisi\u00f3n tras 17 d\u00edas de protestas que ha dejado tres muertos.<\/p>\n<p style=\"text-align: justify\">&#8220;No voy a renunciar&#8230; Convoco a todos los movimientos sociales a defender nuestro proceso de cambio&#8221;, dijo el gobernante en un acto p\u00fablico.<\/p>\n<p style=\"text-align: justify\">&#8220;No nos vamos a mover hasta que nos reciba el propio presidente&#8230; La carta es el sentimiento de todos&#8221;, exigi\u00f3 Fernando Camacho, l\u00edder del Comit\u00e9 C\u00edvico Pro Santa Cruz en conferencia de prensa.<\/p>\n<p style=\"text-align: justify\">Mientras tanto La Paz volv\u00eda a ser foco de protestas.<\/p>\n<p style=\"text-align: justify\">En medio de una marcha que ped\u00eda la renuncia de Morales, un grupo se diferenciaba con globos blancos, banderas, c\u00e1nticos y bailes reclamando al gobierno y a la oposici\u00f3n pacificar al pa\u00eds y dar garant\u00edas al sector del turismo, que ha tenido millonarias p\u00e9rdidas.<\/p>\n<p style=\"text-align: justify\">&#8220;Nosotros pedimos paz, no tenemos una posici\u00f3n a favor o en contra, pedimos que ambos sectores nos oigan, son 17 d\u00edas que nos dejan aproximadamente una p\u00e9rdida de cinco millones de d\u00f3lares por d\u00eda&#8221;, dijo Sergio Rengel, dirigente del sector a The Associated Press.<\/p>\n<p style=\"text-align: justify\">Bolivia tiene varios destinos tur\u00edsticos como el Lago Titicaca, al oeste de La Paz, el Salar de Uyuni, en la regi\u00f3n sure\u00f1a de Potos\u00ed y en el oriente a Santa Cruz y Beni, entre otros.<\/p>\n<p style=\"text-align: justify\">Las protestas m\u00e1s fuertes tienen lugar en Santa Cruz, un basti\u00f3n opositor, en Potos\u00ed y en La Paz. Seg\u00fan la Organizaci\u00f3n de las Naciones Unidas (ONU), han dejado tres muertos y m\u00e1s de 300 heridos.<\/p>\n<p style=\"text-align: justify\">La ONU conden\u00f3 los hechos violentos y llam\u00f3 al di\u00e1logo. Sin embargo, Morales -que lleva 14 a\u00f1os en el poder- a\u00fan no ha convocado a ning\u00fan sector opositor.<\/p>\n<p style=\"text-align: justify\">El conflicto comenz\u00f3 despu\u00e9s de las elecciones del 20 de octubre de las que Morales se declar\u00f3 ganador en medio de denuncias de presunto fraude. De acuerdo con el Tribunal Supremo Electoral Morales obtuvo una diferencia de 10.5% puntos sobre su rival, el ex presidente Carlos Mesa, quien denunci\u00f3 un presunto fraude en el conteo de votos para favorecer al gobernante y que no vaya a una segunda vuelta.<\/p>\n<p style=\"text-align: justify\">En tanto, el gobierno convoc\u00f3 a la Organizaci\u00f3n de Estados Americanos (OEA) a auditar el conteo y se prev\u00e9 que entre el lunes y el martes entregue su informe.<\/p>\n<p style=\"text-align: justify\">Mesa pidi\u00f3 el viernes la renuncia de las autoridades del Tribunal Supremo Electoral y que Morales llame al di\u00e1logo, pero sin que se levanten las movilizaciones.<\/p>\n","protected":false},"excerpt":{"rendered":"<p>El presidente boliviano afirm\u00f3 que no renunciar\u00e1 y convoc\u00f3 a todos los movimientos sociales a &#8220;defender nuestro proceso de cambio&#8221; Bolivia.- El presidente boliviano, Evo Morales asegur\u00f3 el viernes que no renunciar\u00e1 luego de que un l\u00edder opositor lo presion\u00f3 para que reciba una carta en la que se exige su dimisi\u00f3n tras 17 d\u00edas [&hellip;]<\/p>\n","protected":false},"author":2,"featured_media":80535,"comment_status":"open","ping_status":"open","sticky":false,"template":"","format":"standard","meta":{"footnotes":""},"categories":[18],"tags":[],"class_list":["post-80534","post","type-post","status-publish","format-standard","has-post-thumbnail","hentry","category-internacional"],"yoast_head":"<!-- This site is optimized with the Yoast SEO plugin v27.5 - https:\/\/yoast.com\/product\/yoast-seo-wordpress\/ -->\n<title>Evo Morales dice que no renunciar\u00e1 ante presi\u00f3n de oposici\u00f3n - Canal 7 SLP - 2019<\/title>\n<meta name=\"robots\" content=\"index, follow, max-snippet:-1, max-image-preview:large, max-video-preview:-1\" \/>\n<link rel=\"canonical\" href=\"https:\/\/canal7slp.tv\/2019\/evo-morales-dice-que-no-renunciara-ante-presion-de-oposicion\/\" \/>\n<meta property=\"og:locale\" content=\"es_ES\" \/>\n<meta property=\"og:type\" content=\"article\" \/>\n<meta property=\"og:title\" content=\"Evo Morales dice que no renunciar\u00e1 ante presi\u00f3n de oposici\u00f3n - Canal 7 SLP - 2019\" \/>\n<meta property=\"og:description\" content=\"El presidente boliviano afirm\u00f3 que no renunciar\u00e1 y convoc\u00f3 a todos los movimientos sociales a &#8220;defender nuestro proceso de cambio&#8221; Bolivia.- El presidente boliviano, Evo Morales asegur\u00f3 el viernes que no renunciar\u00e1 luego de que un l\u00edder opositor lo presion\u00f3 para que reciba una carta en la que se exige su dimisi\u00f3n tras 17 d\u00edas [&hellip;]\" \/>\n<meta property=\"og:url\" content=\"https:\/\/canal7slp.tv\/2019\/evo-morales-dice-que-no-renunciara-ante-presion-de-oposicion\/\" \/>\n<meta property=\"og:site_name\" content=\"Canal 7 SLP - 2019\" \/>\n<meta property=\"article:publisher\" content=\"https:\/\/www.facebook.com\/CANAL7SLP\/\" \/>\n<meta property=\"article:published_time\" content=\"2019-11-08T19:20:32+00:00\" \/>\n<meta property=\"og:image\" content=\"https:\/\/canal7slp.tv\/2019\/wp-content\/uploads\/2019\/11\/1330-5.jpg\" \/>\n\t<meta property=\"og:image:width\" content=\"663\" \/>\n\t<meta property=\"og:image:height\" content=\"448\" \/>\n\t<meta property=\"og:image:type\" content=\"image\/jpeg\" \/>\n<meta name=\"author\" content=\"edicionweb\" \/>\n<meta name=\"twitter:card\" content=\"summary_large_image\" \/>\n<meta name=\"twitter:creator\" content=\"@canal7_slp\" \/>\n<meta name=\"twitter:site\" content=\"@canal7_slp\" \/>\n<meta name=\"twitter:label1\" content=\"Escrito por\" \/>\n\t<meta name=\"twitter:data1\" content=\"edicionweb\" \/>\n\t<meta name=\"twitter:label2\" content=\"Tiempo de lectura\" \/>\n\t<meta name=\"twitter:data2\" content=\"2 minutos\" \/>\n<script type=\"application\/ld+json\" class=\"yoast-schema-graph\">{\"@context\":\"https:\\\/\\\/schema.org\",\"@graph\":[{\"@type\":\"Article\",\"@id\":\"https:\\\/\\\/canal7slp.tv\\\/2019\\\/evo-morales-dice-que-no-renunciara-ante-presion-de-oposicion\\\/#article\",\"isPartOf\":{\"@id\":\"https:\\\/\\\/canal7slp.tv\\\/2019\\\/evo-morales-dice-que-no-renunciara-ante-presion-de-oposicion\\\/\"},\"author\":{\"name\":\"edicionweb\",\"@id\":\"https:\\\/\\\/canal7slp.tv\\\/2019\\\/#\\\/schema\\\/person\\\/11d941c1c6ca30ac0a46b95fa37aa2e3\"},\"headline\":\"Evo Morales dice que no renunciar\u00e1 ante presi\u00f3n de oposici\u00f3n\",\"datePublished\":\"2019-11-08T19:20:32+00:00\",\"mainEntityOfPage\":{\"@id\":\"https:\\\/\\\/canal7slp.tv\\\/2019\\\/evo-morales-dice-que-no-renunciara-ante-presion-de-oposicion\\\/\"},\"wordCount\":478,\"commentCount\":0,\"publisher\":{\"@id\":\"https:\\\/\\\/canal7slp.tv\\\/2019\\\/#organization\"},\"image\":{\"@id\":\"https:\\\/\\\/canal7slp.tv\\\/2019\\\/evo-morales-dice-que-no-renunciara-ante-presion-de-oposicion\\\/#primaryimage\"},\"thumbnailUrl\":\"https:\\\/\\\/canal7slp.tv\\\/2019\\\/wp-content\\\/uploads\\\/2019\\\/11\\\/1330-5.jpg\",\"articleSection\":[\"INTERNACIONAL\"],\"inLanguage\":\"es\",\"potentialAction\":[{\"@type\":\"CommentAction\",\"name\":\"Comment\",\"target\":[\"https:\\\/\\\/canal7slp.tv\\\/2019\\\/evo-morales-dice-que-no-renunciara-ante-presion-de-oposicion\\\/#respond\"]}]},{\"@type\":\"WebPage\",\"@id\":\"https:\\\/\\\/canal7slp.tv\\\/2019\\\/evo-morales-dice-que-no-renunciara-ante-presion-de-oposicion\\\/\",\"url\":\"https:\\\/\\\/canal7slp.tv\\\/2019\\\/evo-morales-dice-que-no-renunciara-ante-presion-de-oposicion\\\/\",\"name\":\"Evo Morales dice que no renunciar\u00e1 ante presi\u00f3n de oposici\u00f3n - Canal 7 SLP - 2019\",\"isPartOf\":{\"@id\":\"https:\\\/\\\/canal7slp.tv\\\/2019\\\/#website\"},\"primaryImageOfPage\":{\"@id\":\"https:\\\/\\\/canal7slp.tv\\\/2019\\\/evo-morales-dice-que-no-renunciara-ante-presion-de-oposicion\\\/#primaryimage\"},\"image\":{\"@id\":\"https:\\\/\\\/canal7slp.tv\\\/2019\\\/evo-morales-dice-que-no-renunciara-ante-presion-de-oposicion\\\/#primaryimage\"},\"thumbnailUrl\":\"https:\\\/\\\/canal7slp.tv\\\/2019\\\/wp-content\\\/uploads\\\/2019\\\/11\\\/1330-5.jpg\",\"datePublished\":\"2019-11-08T19:20:32+00:00\",\"breadcrumb\":{\"@id\":\"https:\\\/\\\/canal7slp.tv\\\/2019\\\/evo-morales-dice-que-no-renunciara-ante-presion-de-oposicion\\\/#breadcrumb\"},\"inLanguage\":\"es\",\"potentialAction\":[{\"@type\":\"ReadAction\",\"target\":[\"https:\\\/\\\/canal7slp.tv\\\/2019\\\/evo-morales-dice-que-no-renunciara-ante-presion-de-oposicion\\\/\"]}]},{\"@type\":\"ImageObject\",\"inLanguage\":\"es\",\"@id\":\"https:\\\/\\\/canal7slp.tv\\\/2019\\\/evo-morales-dice-que-no-renunciara-ante-presion-de-oposicion\\\/#primaryimage\",\"url\":\"https:\\\/\\\/canal7slp.tv\\\/2019\\\/wp-content\\\/uploads\\\/2019\\\/11\\\/1330-5.jpg\",\"contentUrl\":\"https:\\\/\\\/canal7slp.tv\\\/2019\\\/wp-content\\\/uploads\\\/2019\\\/11\\\/1330-5.jpg\",\"width\":663,\"height\":448},{\"@type\":\"BreadcrumbList\",\"@id\":\"https:\\\/\\\/canal7slp.tv\\\/2019\\\/evo-morales-dice-que-no-renunciara-ante-presion-de-oposicion\\\/#breadcrumb\",\"itemListElement\":[{\"@type\":\"ListItem\",\"position\":1,\"name\":\"Home\",\"item\":\"https:\\\/\\\/canal7slp.tv\\\/2019\\\/\"},{\"@type\":\"ListItem\",\"position\":2,\"name\":\"Evo Morales dice que no renunciar\u00e1 ante presi\u00f3n de oposici\u00f3n\"}]},{\"@type\":\"WebSite\",\"@id\":\"https:\\\/\\\/canal7slp.tv\\\/2019\\\/#website\",\"url\":\"https:\\\/\\\/canal7slp.tv\\\/2019\\\/\",\"name\":\"Canal 7 SLP - Somos TV\",\"description\":\"Somos un Canal de 10\",\"publisher\":{\"@id\":\"https:\\\/\\\/canal7slp.tv\\\/2019\\\/#organization\"},\"potentialAction\":[{\"@type\":\"SearchAction\",\"target\":{\"@type\":\"EntryPoint\",\"urlTemplate\":\"https:\\\/\\\/canal7slp.tv\\\/2019\\\/?s={search_term_string}\"},\"query-input\":{\"@type\":\"PropertyValueSpecification\",\"valueRequired\":true,\"valueName\":\"search_term_string\"}}],\"inLanguage\":\"es\"},{\"@type\":\"Organization\",\"@id\":\"https:\\\/\\\/canal7slp.tv\\\/2019\\\/#organization\",\"name\":\"Comunicaci\u00f3n 2000 S.A. de C.V.\",\"url\":\"https:\\\/\\\/canal7slp.tv\\\/2019\\\/\",\"logo\":{\"@type\":\"ImageObject\",\"inLanguage\":\"es\",\"@id\":\"https:\\\/\\\/canal7slp.tv\\\/2019\\\/#\\\/schema\\\/logo\\\/image\\\/\",\"url\":\"https:\\\/\\\/canal7slp.tv\\\/2019\\\/wp-content\\\/uploads\\\/2019\\\/07\\\/logo-c7.png\",\"contentUrl\":\"https:\\\/\\\/canal7slp.tv\\\/2019\\\/wp-content\\\/uploads\\\/2019\\\/07\\\/logo-c7.png\",\"width\":220,\"height\":60,\"caption\":\"Comunicaci\u00f3n 2000 S.A. de C.V.\"},\"image\":{\"@id\":\"https:\\\/\\\/canal7slp.tv\\\/2019\\\/#\\\/schema\\\/logo\\\/image\\\/\"},\"sameAs\":[\"https:\\\/\\\/www.facebook.com\\\/CANAL7SLP\\\/\",\"https:\\\/\\\/x.com\\\/canal7_slp\",\"https:\\\/\\\/www.instagram.com\\\/canal7_slp\",\"https:\\\/\\\/www.youtube.com\\\/user\\\/NOTICIEROSCANAL7SLP\\\/\"]},{\"@type\":\"Person\",\"@id\":\"https:\\\/\\\/canal7slp.tv\\\/2019\\\/#\\\/schema\\\/person\\\/11d941c1c6ca30ac0a46b95fa37aa2e3\",\"name\":\"edicionweb\",\"image\":{\"@type\":\"ImageObject\",\"inLanguage\":\"es\",\"@id\":\"https:\\\/\\\/secure.gravatar.com\\\/avatar\\\/eee448fc3f7164808013b816ba91ac7e43bbe82a70bebac296f8bc6f0addaa1a?s=96&d=mm&r=g\",\"url\":\"https:\\\/\\\/secure.gravatar.com\\\/avatar\\\/eee448fc3f7164808013b816ba91ac7e43bbe82a70bebac296f8bc6f0addaa1a?s=96&d=mm&r=g\",\"contentUrl\":\"https:\\\/\\\/secure.gravatar.com\\\/avatar\\\/eee448fc3f7164808013b816ba91ac7e43bbe82a70bebac296f8bc6f0addaa1a?s=96&d=mm&r=g\",\"caption\":\"edicionweb\"}}]}<\/script>\n<!-- \/ Yoast SEO plugin. -->","yoast_head_json":{"title":"Evo Morales dice que no renunciar\u00e1 ante presi\u00f3n de oposici\u00f3n - Canal 7 SLP - 2019","robots":{"index":"index","follow":"follow","max-snippet":"max-snippet:-1","max-image-preview":"max-image-preview:large","max-video-preview":"max-video-preview:-1"},"canonical":"https:\/\/canal7slp.tv\/2019\/evo-morales-dice-que-no-renunciara-ante-presion-de-oposicion\/","og_locale":"es_ES","og_type":"article","og_title":"Evo Morales dice que no renunciar\u00e1 ante presi\u00f3n de oposici\u00f3n - Canal 7 SLP - 2019","og_description":"El presidente boliviano afirm\u00f3 que no renunciar\u00e1 y convoc\u00f3 a todos los movimientos sociales a &#8220;defender nuestro proceso de cambio&#8221; Bolivia.- El presidente boliviano, Evo Morales asegur\u00f3 el viernes que no renunciar\u00e1 luego de que un l\u00edder opositor lo presion\u00f3 para que reciba una carta en la que se exige su dimisi\u00f3n tras 17 d\u00edas [&hellip;]","og_url":"https:\/\/canal7slp.tv\/2019\/evo-morales-dice-que-no-renunciara-ante-presion-de-oposicion\/","og_site_name":"Canal 7 SLP - 2019","article_publisher":"https:\/\/www.facebook.com\/CANAL7SLP\/","article_published_time":"2019-11-08T19:20:32+00:00","og_image":[{"width":663,"height":448,"url":"https:\/\/canal7slp.tv\/2019\/wp-content\/uploads\/2019\/11\/1330-5.jpg","type":"image\/jpeg"}],"author":"edicionweb","twitter_card":"summary_large_image","twitter_creator":"@canal7_slp","twitter_site":"@canal7_slp","twitter_misc":{"Escrito por":"edicionweb","Tiempo de lectura":"2 minutos"},"schema":{"@context":"https:\/\/schema.org","@graph":[{"@type":"Article","@id":"https:\/\/canal7slp.tv\/2019\/evo-morales-dice-que-no-renunciara-ante-presion-de-oposicion\/#article","isPartOf":{"@id":"https:\/\/canal7slp.tv\/2019\/evo-morales-dice-que-no-renunciara-ante-presion-de-oposicion\/"},"author":{"name":"edicionweb","@id":"https:\/\/canal7slp.tv\/2019\/#\/schema\/person\/11d941c1c6ca30ac0a46b95fa37aa2e3"},"headline":"Evo Morales dice que no renunciar\u00e1 ante presi\u00f3n de oposici\u00f3n","datePublished":"2019-11-08T19:20:32+00:00","mainEntityOfPage":{"@id":"https:\/\/canal7slp.tv\/2019\/evo-morales-dice-que-no-renunciara-ante-presion-de-oposicion\/"},"wordCount":478,"commentCount":0,"publisher":{"@id":"https:\/\/canal7slp.tv\/2019\/#organization"},"image":{"@id":"https:\/\/canal7slp.tv\/2019\/evo-morales-dice-que-no-renunciara-ante-presion-de-oposicion\/#primaryimage"},"thumbnailUrl":"https:\/\/canal7slp.tv\/2019\/wp-content\/uploads\/2019\/11\/1330-5.jpg","articleSection":["INTERNACIONAL"],"inLanguage":"es","potentialAction":[{"@type":"CommentAction","name":"Comment","target":["https:\/\/canal7slp.tv\/2019\/evo-morales-dice-que-no-renunciara-ante-presion-de-oposicion\/#respond"]}]},{"@type":"WebPage","@id":"https:\/\/canal7slp.tv\/2019\/evo-morales-dice-que-no-renunciara-ante-presion-de-oposicion\/","url":"https:\/\/canal7slp.tv\/2019\/evo-morales-dice-que-no-renunciara-ante-presion-de-oposicion\/","name":"Evo Morales dice que no renunciar\u00e1 ante presi\u00f3n de oposici\u00f3n - Canal 7 SLP - 2019","isPartOf":{"@id":"https:\/\/canal7slp.tv\/2019\/#website"},"primaryImageOfPage":{"@id":"https:\/\/canal7slp.tv\/2019\/evo-morales-dice-que-no-renunciara-ante-presion-de-oposicion\/#primaryimage"},"image":{"@id":"https:\/\/canal7slp.tv\/2019\/evo-morales-dice-que-no-renunciara-ante-presion-de-oposicion\/#primaryimage"},"thumbnailUrl":"https:\/\/canal7slp.tv\/2019\/wp-content\/uploads\/2019\/11\/1330-5.jpg","datePublished":"2019-11-08T19:20:32+00:00","breadcrumb":{"@id":"https:\/\/canal7slp.tv\/2019\/evo-morales-dice-que-no-renunciara-ante-presion-de-oposicion\/#breadcrumb"},"inLanguage":"es","potentialAction":[{"@type":"ReadAction","target":["https:\/\/canal7slp.tv\/2019\/evo-morales-dice-que-no-renunciara-ante-presion-de-oposicion\/"]}]},{"@type":"ImageObject","inLanguage":"es","@id":"https:\/\/canal7slp.tv\/2019\/evo-morales-dice-que-no-renunciara-ante-presion-de-oposicion\/#primaryimage","url":"https:\/\/canal7slp.tv\/2019\/wp-content\/uploads\/2019\/11\/1330-5.jpg","contentUrl":"https:\/\/canal7slp.tv\/2019\/wp-content\/uploads\/2019\/11\/1330-5.jpg","width":663,"height":448},{"@type":"BreadcrumbList","@id":"https:\/\/canal7slp.tv\/2019\/evo-morales-dice-que-no-renunciara-ante-presion-de-oposicion\/#breadcrumb","itemListElement":[{"@type":"ListItem","position":1,"name":"Home","item":"https:\/\/canal7slp.tv\/2019\/"},{"@type":"ListItem","position":2,"name":"Evo Morales dice que no renunciar\u00e1 ante presi\u00f3n de oposici\u00f3n"}]},{"@type":"WebSite","@id":"https:\/\/canal7slp.tv\/2019\/#website","url":"https:\/\/canal7slp.tv\/2019\/","name":"Canal 7 SLP - Somos TV","description":"Somos un Canal de 10","publisher":{"@id":"https:\/\/canal7slp.tv\/2019\/#organization"},"potentialAction":[{"@type":"SearchAction","target":{"@type":"EntryPoint","urlTemplate":"https:\/\/canal7slp.tv\/2019\/?s={search_term_string}"},"query-input":{"@type":"PropertyValueSpecification","valueRequired":true,"valueName":"search_term_string"}}],"inLanguage":"es"},{"@type":"Organization","@id":"https:\/\/canal7slp.tv\/2019\/#organization","name":"Comunicaci\u00f3n 2000 S.A. de C.V.","url":"https:\/\/canal7slp.tv\/2019\/","logo":{"@type":"ImageObject","inLanguage":"es","@id":"https:\/\/canal7slp.tv\/2019\/#\/schema\/logo\/image\/","url":"https:\/\/canal7slp.tv\/2019\/wp-content\/uploads\/2019\/07\/logo-c7.png","contentUrl":"https:\/\/canal7slp.tv\/2019\/wp-content\/uploads\/2019\/07\/logo-c7.png","width":220,"height":60,"caption":"Comunicaci\u00f3n 2000 S.A. de C.V."},"image":{"@id":"https:\/\/canal7slp.tv\/2019\/#\/schema\/logo\/image\/"},"sameAs":["https:\/\/www.facebook.com\/CANAL7SLP\/","https:\/\/x.com\/canal7_slp","https:\/\/www.instagram.com\/canal7_slp","https:\/\/www.youtube.com\/user\/NOTICIEROSCANAL7SLP\/"]},{"@type":"Person","@id":"https:\/\/canal7slp.tv\/2019\/#\/schema\/person\/11d941c1c6ca30ac0a46b95fa37aa2e3","name":"edicionweb","image":{"@type":"ImageObject","inLanguage":"es","@id":"https:\/\/secure.gravatar.com\/avatar\/eee448fc3f7164808013b816ba91ac7e43bbe82a70bebac296f8bc6f0addaa1a?s=96&d=mm&r=g","url":"https:\/\/secure.gravatar.com\/avatar\/eee448fc3f7164808013b816ba91ac7e43bbe82a70bebac296f8bc6f0addaa1a?s=96&d=mm&r=g","contentUrl":"https:\/\/secure.gravatar.com\/avatar\/eee448fc3f7164808013b816ba91ac7e43bbe82a70bebac296f8bc6f0addaa1a?s=96&d=mm&r=g","caption":"edicionweb"}}]}},"amp_enabled":true,"cmb2":{"video_ids_in_playlist":{"vid_p_videos":""},"video_ids_in_channel":{"vid_c_videos":""},"playlist_ids_in_channel":{"vid_c_playlists":""},"series_ids_in_channel":{"vid_c_series":""},"channel_images":{"vid_c_logo":"","vid_c_banner":""},"poster_feature_image":{"vid_m_poster_image":""},"gif_feature_image":{"vid_m_gif_image":""},"video_movie_settings":{"vid_m_director":"","vid_m_actor":"","vid_m_imdb_ratings":"","vid_m_amazon_associates":""},"vid_youtube_broadcasts_settings":{"vid_yb_broadcast_title":"","vid_yb_q":"","vid_yb_channelid":"","vid_yb_videocategoryid":"","vid_yb_maxresults":"","vid_yb_order":"","vid_yb_regioncode":"","vid_yb_videosyndicated":"","vid_yb_style":"","vid_yb_reload_first":""},"video_series_settings":{"vid_m_director":"","vid_m_actor":"","vid_m_imdb_ratings":"","video_series_group":""},"amazon_associates_settings":{"amazon_associates":"","amazon_native_ad":""},"vid_youtube_automatic_settings":{"vid_ya_youtube_source":"","vid_ya_update_every":"","vid_ya_update_unit":"","vid_ya_categories":"","vid_ya_published_after":"","vid_ya_published_before":"","vid_ya_playlists":"","vid_ya_channels":"","vid_ya_director":"","vid_ya_actor":"","vid_ya_author":"","vid_ya_import_post_date":"","vid_ya_status":"","vid_ya_sub_api_key":""},"vid_ads_m_videoads_settings_post":{"vid_ads_m_video_ads":"","vid_ads_m_video_ads_type":"","vid_ads_m_group_google_ima":"","vid_ads_m_group_image":"","vid_ads_m_group_html5_video":"","vid_ads_m_group_html":"","vid_ads_m_vast_preroll":"","vid_ads_m_vast_postroll":"","vid_ads_m_vast_pauseroll":"","vid_ads_m_vast_midroll":[{"vid_ads_m_vast_timer_seconds":"50"}],"vid_ads_m_time_to_show_ads":"","vid_ads_m_time_skip_ads":"","vid_ads_m_time_to_hide_ads":""},"page_slider_settings":{"display_slider_group":"","page_slider_group":""},"blog_page_settings":{"blog_page_title":"","blog_page_heading":"","blog_page_ic":"","blog_page_it":"","blog_page_ec":"","blog_page_ip":"","archive_loop_style":"","blog_image_ratio":"","blog_show_categories":"","blog_show_excerpt":"","blog_show_author":"","blog_show_date":"","blog_show_comment_count":"","blog_show_view_count":"","blog_show_like_count":"","blog_show_dislike_count":"","blog_items_per_page":"","blog_pag_type":""},"page_options":{"get_page_template":"","color_mode":"","main_layout":"","main_layout_full_with":"","main_logo":"","main_logo_retina":"","main_logo_mobile":"","main_logo_mobile_retina":"","sticky_logo":"","sticky_logo_retina":"","main_nav_layout":"","ajax_search":"","header_background":"","theme_sidebar":"","instagram_feed":"","instagram_feed_position":"","popular_videos":"","popular_videos_title_1":"","popular_videos_title_2":"","popular_videos_ic":"","popular_videos_it":"","theme_background":"","page_custom_css":""},"feature_image_settings":{"feature_image_position":""},"video_player_settings":{"single_video_style":"","video_player_position":"","vm_video_url":"","video_player_library":"","video_streaming":"","vm_media_sources":"","vid_auto_play":"","vm_video_shortcode":"","vid_p_sync_playlist":"","vid_c_sync_channel":"","get_post_format":"","multiple_links_structure":"default","multi_links_title":"","vm_video_multi_links":"","vm_duration":"","vid_social_locker":"off","vid_social_locker_id":"","vid_membership_action":"content-video","vm_video_trailer_url":"","vid_download_type":"free","vid_download_target":"download","vid_woo_product":"","vm_media_download":"","user_rating":"","user_rating_position":"","user_rating_mode":"","user_rating_multi_sets":""},"video_auto_fetch_settings":{"vm_video_fetch":"on"},"video_fake_views_likes":{"vm_fake_views":"","vm_fake_likes":"","vm_fake_dislikes":""},"gallery_settings":{"gallery_position":""},"quote_settings":{"quote_position":""},"post_options":{"main_layout":"","main_logo":"","main_logo_retina":"","main_logo_mobile":"","main_logo_mobile_retina":"","sticky_logo":"","sticky_logo_retina":"","main_nav_layout":"","header_background":"","theme_sidebar":"","single_post_comment_type":"","theme_background":""}},"_links":{"self":[{"href":"https:\/\/canal7slp.tv\/2019\/wp-json\/wp\/v2\/posts\/80534","targetHints":{"allow":["GET"]}}],"collection":[{"href":"https:\/\/canal7slp.tv\/2019\/wp-json\/wp\/v2\/posts"}],"about":[{"href":"https:\/\/canal7slp.tv\/2019\/wp-json\/wp\/v2\/types\/post"}],"author":[{"embeddable":true,"href":"https:\/\/canal7slp.tv\/2019\/wp-json\/wp\/v2\/users\/2"}],"replies":[{"embeddable":true,"href":"https:\/\/canal7slp.tv\/2019\/wp-json\/wp\/v2\/comments?post=80534"}],"version-history":[{"count":0,"href":"https:\/\/canal7slp.tv\/2019\/wp-json\/wp\/v2\/posts\/80534\/revisions"}],"wp:featuredmedia":[{"embeddable":true,"href":"https:\/\/canal7slp.tv\/2019\/wp-json\/wp\/v2\/media\/80535"}],"wp:attachment":[{"href":"https:\/\/canal7slp.tv\/2019\/wp-json\/wp\/v2\/media?parent=80534"}],"wp:term":[{"taxonomy":"category","embeddable":true,"href":"https:\/\/canal7slp.tv\/2019\/wp-json\/wp\/v2\/categories?post=80534"},{"taxonomy":"post_tag","embeddable":true,"href":"https:\/\/canal7slp.tv\/2019\/wp-json\/wp\/v2\/tags?post=80534"}],"curies":[{"name":"wp","href":"https:\/\/api.w.org\/{rel}","templated":true}]}}