{"id":80531,"date":"2019-11-08T13:13:37","date_gmt":"2019-11-08T19:13:37","guid":{"rendered":"https:\/\/canal7slp.tv\/2019\/?p=80531"},"modified":"2019-11-08T13:13:37","modified_gmt":"2019-11-08T19:13:37","slug":"mexicana-contribuye-a-capacitar-personal-de-aerolineas-locales","status":"publish","type":"post","link":"https:\/\/canal7slp.tv\/2019\/mexicana-contribuye-a-capacitar-personal-de-aerolineas-locales\/","title":{"rendered":"Mexicana contribuye a capacitar personal de aerol\u00edneas locales"},"content":{"rendered":"<ul>\n<li style=\"text-align: justify\">La aerol\u00ednea que fuera la m\u00e1s importante de Am\u00e9rica Latina no muri\u00f3 del todo y su Centro de Adiestramiento T\u00e9cnico instruye a pilotos y sobrecargos<\/li>\n<\/ul>\n<p style=\"text-align: justify\">M\u00e9xico.- Los malos manejos de Gast\u00f3n Azc\u00e1rraga exdue\u00f1o de Mexicana de Aviaci\u00f3n, la competencia de aerol\u00edneas de bajo costo y el alto precio de la turbosina forzaron el \u2018aterrizaje\u2019 de la firma que alguna vez fuera la m\u00e1s importante en el pa\u00eds y en Am\u00e9rica Latina.<\/p>\n<p style=\"text-align: justify\">El 28 de agosto de 2010, la empresa despeg\u00f3 por \u00faltima vez hacia Toronto, Canad\u00e1, luego de haber anunciado su grave deterioro financiero, pero Mexicana no muri\u00f3 por completo, pese al proceso de quiebra que a\u00fan no culmina y que ha dejado a 8 mil trabajadores sin empleo ni liquidaci\u00f3n.<\/p>\n<p style=\"text-align: justify\">Una parte del negocio de la aerol\u00ednea sigue m\u00e1s vivo que nunca, se trata del Centro de Adiestramiento T\u00e9cnico (CAT) que instruye a pilotos y sobrecargos para el resto de las empresas mexicanas, con un servicio similar al de una universidad nacional de profesionales de la aviaci\u00f3n que certifica al personal de Volaris, Interjet y Aerom\u00e9xico en procedimientos de emergencias a bordo, como fuego en cabina, acuatizaje o despresurizaci\u00f3n de cabina.<\/p>\n<p style=\"text-align: justify\">\u201cCuando Mexicana dej\u00f3 de volar, vino lo que le llamaron el concurso mercantil, entonces seguimos trabajando porque supuestamente hab\u00eda gente interesada en comprar la aerol\u00ednea, incluidos la base de mantenimiento y este centro de adiestramiento. Estuvimos all\u00ed como un a\u00f1o, no se concret\u00f3 nada. Lleg\u00f3 el d\u00eda en que nos dijeron que ya no iba a volar\u201d, record\u00f3 el ingeniero Rafael Olmedo, director del CAT.<\/p>\n<p style=\"text-align: justify\">Pese a ello, el centro de capacitaci\u00f3n continu\u00f3 con las actualizaciones a los pilotos de las tres aerol\u00edneas del Grupo: Mexicana, Link y Click para que los capitanes pudieran migrar a otras empresas en China y Malasia.<\/p>\n<p style=\"text-align: justify\">Olmedo explic\u00f3 que fue hace cuatro a\u00f1os, cuando la Direcci\u00f3n General de Aviaci\u00f3n Civil (DGAC) otorg\u00f3 el permiso al CAT para instruir a pilotos y sobrecargos ajenos a Mexicana, y gracias a ello el vuelo del centro tom\u00f3 fuerza. Los primeros tripulantes en desembarcar fueron los sobrecargos de Volaris, el primer cliente del CAT.<\/p>\n<p style=\"text-align: justify\">\u201cEl primer cliente que nos apoy\u00f3 mucho fue el a\u00e9rea de sobrecargos de Volaris\u201d, coment\u00f3 Olmedo mientras muestra a El Financiero las instalaciones del centro en donde los pilotos y sobrecargos de la industria actualizan o renuevan sus licencias para mantenerse en vuelo.<\/p>\n<p style=\"text-align: justify\">El Centro de Adiestramiento T\u00e9cnico de Mexicana cuenta con un simulador para brindar la \u2018capacidad\u2019 a los pilotos del avi\u00f3n A320 del fabricante franc\u00e9s Airbus.<\/p>\n<p style=\"text-align: justify\">Este simulador de vuelo cuenta con todas las caracter\u00edsticas de una cabina de uno de los aviones m\u00e1s exitosos de la industria y es uno de los pocos en el mundo que otorga el 98 por ciento de sensaci\u00f3n de vuelo equivalente a pilotar un aeroplano.<\/p>\n<p style=\"text-align: justify\">\u201cEso es lo que le ha permitido al CAT tener recursos para sostenerse y la idea es que lo poco que sobre, pase a ser parte de nuestra liquidaci\u00f3n\u201d, agrega el director del centro.<\/p>\n","protected":false},"excerpt":{"rendered":"<p>La aerol\u00ednea que fuera la m\u00e1s importante de Am\u00e9rica Latina no muri\u00f3 del todo y su Centro de Adiestramiento T\u00e9cnico instruye a pilotos y sobrecargos M\u00e9xico.- Los malos manejos de Gast\u00f3n Azc\u00e1rraga exdue\u00f1o de Mexicana de Aviaci\u00f3n, la competencia de aerol\u00edneas de bajo costo y el alto precio de la turbosina forzaron el \u2018aterrizaje\u2019 de [&hellip;]<\/p>\n","protected":false},"author":2,"featured_media":80532,"comment_status":"open","ping_status":"open","sticky":false,"template":"","format":"standard","meta":{"footnotes":""},"categories":[98],"tags":[],"class_list":["post-80531","post","type-post","status-publish","format-standard","has-post-thumbnail","hentry","category-finanzas"],"yoast_head":"<!-- This site is optimized with the Yoast SEO plugin v27.5 - https:\/\/yoast.com\/product\/yoast-seo-wordpress\/ -->\n<title>Mexicana contribuye a capacitar personal de aerol\u00edneas locales - Canal 7 SLP - 2019<\/title>\n<meta name=\"robots\" content=\"index, follow, max-snippet:-1, max-image-preview:large, max-video-preview:-1\" \/>\n<link rel=\"canonical\" href=\"https:\/\/canal7slp.tv\/2019\/mexicana-contribuye-a-capacitar-personal-de-aerolineas-locales\/\" \/>\n<meta property=\"og:locale\" content=\"es_ES\" \/>\n<meta property=\"og:type\" content=\"article\" \/>\n<meta property=\"og:title\" content=\"Mexicana contribuye a capacitar personal de aerol\u00edneas locales - Canal 7 SLP - 2019\" \/>\n<meta property=\"og:description\" content=\"La aerol\u00ednea que fuera la m\u00e1s importante de Am\u00e9rica Latina no muri\u00f3 del todo y su Centro de Adiestramiento T\u00e9cnico instruye a pilotos y sobrecargos M\u00e9xico.- Los malos manejos de Gast\u00f3n Azc\u00e1rraga exdue\u00f1o de Mexicana de Aviaci\u00f3n, la competencia de aerol\u00edneas de bajo costo y el alto precio de la turbosina forzaron el \u2018aterrizaje\u2019 de [&hellip;]\" \/>\n<meta property=\"og:url\" content=\"https:\/\/canal7slp.tv\/2019\/mexicana-contribuye-a-capacitar-personal-de-aerolineas-locales\/\" \/>\n<meta property=\"og:site_name\" content=\"Canal 7 SLP - 2019\" \/>\n<meta property=\"article:publisher\" content=\"https:\/\/www.facebook.com\/CANAL7SLP\/\" \/>\n<meta property=\"article:published_time\" content=\"2019-11-08T19:13:37+00:00\" \/>\n<meta property=\"og:image\" content=\"https:\/\/canal7slp.tv\/2019\/wp-content\/uploads\/2019\/11\/1320-5.jpg\" \/>\n\t<meta property=\"og:image:width\" content=\"770\" \/>\n\t<meta property=\"og:image:height\" content=\"485\" \/>\n\t<meta property=\"og:image:type\" content=\"image\/jpeg\" \/>\n<meta name=\"author\" content=\"edicionweb\" \/>\n<meta name=\"twitter:card\" content=\"summary_large_image\" \/>\n<meta name=\"twitter:creator\" content=\"@canal7_slp\" \/>\n<meta name=\"twitter:site\" content=\"@canal7_slp\" \/>\n<meta name=\"twitter:label1\" content=\"Escrito por\" \/>\n\t<meta name=\"twitter:data1\" content=\"edicionweb\" \/>\n\t<meta name=\"twitter:label2\" content=\"Tiempo de lectura\" \/>\n\t<meta name=\"twitter:data2\" content=\"3 minutos\" \/>\n<script type=\"application\/ld+json\" class=\"yoast-schema-graph\">{\"@context\":\"https:\\\/\\\/schema.org\",\"@graph\":[{\"@type\":\"Article\",\"@id\":\"https:\\\/\\\/canal7slp.tv\\\/2019\\\/mexicana-contribuye-a-capacitar-personal-de-aerolineas-locales\\\/#article\",\"isPartOf\":{\"@id\":\"https:\\\/\\\/canal7slp.tv\\\/2019\\\/mexicana-contribuye-a-capacitar-personal-de-aerolineas-locales\\\/\"},\"author\":{\"name\":\"edicionweb\",\"@id\":\"https:\\\/\\\/canal7slp.tv\\\/2019\\\/#\\\/schema\\\/person\\\/11d941c1c6ca30ac0a46b95fa37aa2e3\"},\"headline\":\"Mexicana contribuye a capacitar personal de aerol\u00edneas locales\",\"datePublished\":\"2019-11-08T19:13:37+00:00\",\"mainEntityOfPage\":{\"@id\":\"https:\\\/\\\/canal7slp.tv\\\/2019\\\/mexicana-contribuye-a-capacitar-personal-de-aerolineas-locales\\\/\"},\"wordCount\":540,\"commentCount\":0,\"publisher\":{\"@id\":\"https:\\\/\\\/canal7slp.tv\\\/2019\\\/#organization\"},\"image\":{\"@id\":\"https:\\\/\\\/canal7slp.tv\\\/2019\\\/mexicana-contribuye-a-capacitar-personal-de-aerolineas-locales\\\/#primaryimage\"},\"thumbnailUrl\":\"https:\\\/\\\/canal7slp.tv\\\/2019\\\/wp-content\\\/uploads\\\/2019\\\/11\\\/1320-5.jpg\",\"articleSection\":[\"FINANZAS\"],\"inLanguage\":\"es\",\"potentialAction\":[{\"@type\":\"CommentAction\",\"name\":\"Comment\",\"target\":[\"https:\\\/\\\/canal7slp.tv\\\/2019\\\/mexicana-contribuye-a-capacitar-personal-de-aerolineas-locales\\\/#respond\"]}]},{\"@type\":\"WebPage\",\"@id\":\"https:\\\/\\\/canal7slp.tv\\\/2019\\\/mexicana-contribuye-a-capacitar-personal-de-aerolineas-locales\\\/\",\"url\":\"https:\\\/\\\/canal7slp.tv\\\/2019\\\/mexicana-contribuye-a-capacitar-personal-de-aerolineas-locales\\\/\",\"name\":\"Mexicana contribuye a capacitar personal de aerol\u00edneas locales - Canal 7 SLP - 2019\",\"isPartOf\":{\"@id\":\"https:\\\/\\\/canal7slp.tv\\\/2019\\\/#website\"},\"primaryImageOfPage\":{\"@id\":\"https:\\\/\\\/canal7slp.tv\\\/2019\\\/mexicana-contribuye-a-capacitar-personal-de-aerolineas-locales\\\/#primaryimage\"},\"image\":{\"@id\":\"https:\\\/\\\/canal7slp.tv\\\/2019\\\/mexicana-contribuye-a-capacitar-personal-de-aerolineas-locales\\\/#primaryimage\"},\"thumbnailUrl\":\"https:\\\/\\\/canal7slp.tv\\\/2019\\\/wp-content\\\/uploads\\\/2019\\\/11\\\/1320-5.jpg\",\"datePublished\":\"2019-11-08T19:13:37+00:00\",\"breadcrumb\":{\"@id\":\"https:\\\/\\\/canal7slp.tv\\\/2019\\\/mexicana-contribuye-a-capacitar-personal-de-aerolineas-locales\\\/#breadcrumb\"},\"inLanguage\":\"es\",\"potentialAction\":[{\"@type\":\"ReadAction\",\"target\":[\"https:\\\/\\\/canal7slp.tv\\\/2019\\\/mexicana-contribuye-a-capacitar-personal-de-aerolineas-locales\\\/\"]}]},{\"@type\":\"ImageObject\",\"inLanguage\":\"es\",\"@id\":\"https:\\\/\\\/canal7slp.tv\\\/2019\\\/mexicana-contribuye-a-capacitar-personal-de-aerolineas-locales\\\/#primaryimage\",\"url\":\"https:\\\/\\\/canal7slp.tv\\\/2019\\\/wp-content\\\/uploads\\\/2019\\\/11\\\/1320-5.jpg\",\"contentUrl\":\"https:\\\/\\\/canal7slp.tv\\\/2019\\\/wp-content\\\/uploads\\\/2019\\\/11\\\/1320-5.jpg\",\"width\":770,\"height\":485},{\"@type\":\"BreadcrumbList\",\"@id\":\"https:\\\/\\\/canal7slp.tv\\\/2019\\\/mexicana-contribuye-a-capacitar-personal-de-aerolineas-locales\\\/#breadcrumb\",\"itemListElement\":[{\"@type\":\"ListItem\",\"position\":1,\"name\":\"Home\",\"item\":\"https:\\\/\\\/canal7slp.tv\\\/2019\\\/\"},{\"@type\":\"ListItem\",\"position\":2,\"name\":\"Mexicana contribuye a capacitar personal de aerol\u00edneas locales\"}]},{\"@type\":\"WebSite\",\"@id\":\"https:\\\/\\\/canal7slp.tv\\\/2019\\\/#website\",\"url\":\"https:\\\/\\\/canal7slp.tv\\\/2019\\\/\",\"name\":\"Canal 7 SLP - Somos TV\",\"description\":\"Somos un Canal de 10\",\"publisher\":{\"@id\":\"https:\\\/\\\/canal7slp.tv\\\/2019\\\/#organization\"},\"potentialAction\":[{\"@type\":\"SearchAction\",\"target\":{\"@type\":\"EntryPoint\",\"urlTemplate\":\"https:\\\/\\\/canal7slp.tv\\\/2019\\\/?s={search_term_string}\"},\"query-input\":{\"@type\":\"PropertyValueSpecification\",\"valueRequired\":true,\"valueName\":\"search_term_string\"}}],\"inLanguage\":\"es\"},{\"@type\":\"Organization\",\"@id\":\"https:\\\/\\\/canal7slp.tv\\\/2019\\\/#organization\",\"name\":\"Comunicaci\u00f3n 2000 S.A. de C.V.\",\"url\":\"https:\\\/\\\/canal7slp.tv\\\/2019\\\/\",\"logo\":{\"@type\":\"ImageObject\",\"inLanguage\":\"es\",\"@id\":\"https:\\\/\\\/canal7slp.tv\\\/2019\\\/#\\\/schema\\\/logo\\\/image\\\/\",\"url\":\"https:\\\/\\\/canal7slp.tv\\\/2019\\\/wp-content\\\/uploads\\\/2019\\\/07\\\/logo-c7.png\",\"contentUrl\":\"https:\\\/\\\/canal7slp.tv\\\/2019\\\/wp-content\\\/uploads\\\/2019\\\/07\\\/logo-c7.png\",\"width\":220,\"height\":60,\"caption\":\"Comunicaci\u00f3n 2000 S.A. de C.V.\"},\"image\":{\"@id\":\"https:\\\/\\\/canal7slp.tv\\\/2019\\\/#\\\/schema\\\/logo\\\/image\\\/\"},\"sameAs\":[\"https:\\\/\\\/www.facebook.com\\\/CANAL7SLP\\\/\",\"https:\\\/\\\/x.com\\\/canal7_slp\",\"https:\\\/\\\/www.instagram.com\\\/canal7_slp\",\"https:\\\/\\\/www.youtube.com\\\/user\\\/NOTICIEROSCANAL7SLP\\\/\"]},{\"@type\":\"Person\",\"@id\":\"https:\\\/\\\/canal7slp.tv\\\/2019\\\/#\\\/schema\\\/person\\\/11d941c1c6ca30ac0a46b95fa37aa2e3\",\"name\":\"edicionweb\",\"image\":{\"@type\":\"ImageObject\",\"inLanguage\":\"es\",\"@id\":\"https:\\\/\\\/secure.gravatar.com\\\/avatar\\\/eee448fc3f7164808013b816ba91ac7e43bbe82a70bebac296f8bc6f0addaa1a?s=96&d=mm&r=g\",\"url\":\"https:\\\/\\\/secure.gravatar.com\\\/avatar\\\/eee448fc3f7164808013b816ba91ac7e43bbe82a70bebac296f8bc6f0addaa1a?s=96&d=mm&r=g\",\"contentUrl\":\"https:\\\/\\\/secure.gravatar.com\\\/avatar\\\/eee448fc3f7164808013b816ba91ac7e43bbe82a70bebac296f8bc6f0addaa1a?s=96&d=mm&r=g\",\"caption\":\"edicionweb\"}}]}<\/script>\n<!-- \/ Yoast SEO plugin. -->","yoast_head_json":{"title":"Mexicana contribuye a capacitar personal de aerol\u00edneas locales - Canal 7 SLP - 2019","robots":{"index":"index","follow":"follow","max-snippet":"max-snippet:-1","max-image-preview":"max-image-preview:large","max-video-preview":"max-video-preview:-1"},"canonical":"https:\/\/canal7slp.tv\/2019\/mexicana-contribuye-a-capacitar-personal-de-aerolineas-locales\/","og_locale":"es_ES","og_type":"article","og_title":"Mexicana contribuye a capacitar personal de aerol\u00edneas locales - Canal 7 SLP - 2019","og_description":"La aerol\u00ednea que fuera la m\u00e1s importante de Am\u00e9rica Latina no muri\u00f3 del todo y su Centro de Adiestramiento T\u00e9cnico instruye a pilotos y sobrecargos M\u00e9xico.- Los malos manejos de Gast\u00f3n Azc\u00e1rraga exdue\u00f1o de Mexicana de Aviaci\u00f3n, la competencia de aerol\u00edneas de bajo costo y el alto precio de la turbosina forzaron el \u2018aterrizaje\u2019 de [&hellip;]","og_url":"https:\/\/canal7slp.tv\/2019\/mexicana-contribuye-a-capacitar-personal-de-aerolineas-locales\/","og_site_name":"Canal 7 SLP - 2019","article_publisher":"https:\/\/www.facebook.com\/CANAL7SLP\/","article_published_time":"2019-11-08T19:13:37+00:00","og_image":[{"width":770,"height":485,"url":"https:\/\/canal7slp.tv\/2019\/wp-content\/uploads\/2019\/11\/1320-5.jpg","type":"image\/jpeg"}],"author":"edicionweb","twitter_card":"summary_large_image","twitter_creator":"@canal7_slp","twitter_site":"@canal7_slp","twitter_misc":{"Escrito por":"edicionweb","Tiempo de lectura":"3 minutos"},"schema":{"@context":"https:\/\/schema.org","@graph":[{"@type":"Article","@id":"https:\/\/canal7slp.tv\/2019\/mexicana-contribuye-a-capacitar-personal-de-aerolineas-locales\/#article","isPartOf":{"@id":"https:\/\/canal7slp.tv\/2019\/mexicana-contribuye-a-capacitar-personal-de-aerolineas-locales\/"},"author":{"name":"edicionweb","@id":"https:\/\/canal7slp.tv\/2019\/#\/schema\/person\/11d941c1c6ca30ac0a46b95fa37aa2e3"},"headline":"Mexicana contribuye a capacitar personal de aerol\u00edneas locales","datePublished":"2019-11-08T19:13:37+00:00","mainEntityOfPage":{"@id":"https:\/\/canal7slp.tv\/2019\/mexicana-contribuye-a-capacitar-personal-de-aerolineas-locales\/"},"wordCount":540,"commentCount":0,"publisher":{"@id":"https:\/\/canal7slp.tv\/2019\/#organization"},"image":{"@id":"https:\/\/canal7slp.tv\/2019\/mexicana-contribuye-a-capacitar-personal-de-aerolineas-locales\/#primaryimage"},"thumbnailUrl":"https:\/\/canal7slp.tv\/2019\/wp-content\/uploads\/2019\/11\/1320-5.jpg","articleSection":["FINANZAS"],"inLanguage":"es","potentialAction":[{"@type":"CommentAction","name":"Comment","target":["https:\/\/canal7slp.tv\/2019\/mexicana-contribuye-a-capacitar-personal-de-aerolineas-locales\/#respond"]}]},{"@type":"WebPage","@id":"https:\/\/canal7slp.tv\/2019\/mexicana-contribuye-a-capacitar-personal-de-aerolineas-locales\/","url":"https:\/\/canal7slp.tv\/2019\/mexicana-contribuye-a-capacitar-personal-de-aerolineas-locales\/","name":"Mexicana contribuye a capacitar personal de aerol\u00edneas locales - Canal 7 SLP - 2019","isPartOf":{"@id":"https:\/\/canal7slp.tv\/2019\/#website"},"primaryImageOfPage":{"@id":"https:\/\/canal7slp.tv\/2019\/mexicana-contribuye-a-capacitar-personal-de-aerolineas-locales\/#primaryimage"},"image":{"@id":"https:\/\/canal7slp.tv\/2019\/mexicana-contribuye-a-capacitar-personal-de-aerolineas-locales\/#primaryimage"},"thumbnailUrl":"https:\/\/canal7slp.tv\/2019\/wp-content\/uploads\/2019\/11\/1320-5.jpg","datePublished":"2019-11-08T19:13:37+00:00","breadcrumb":{"@id":"https:\/\/canal7slp.tv\/2019\/mexicana-contribuye-a-capacitar-personal-de-aerolineas-locales\/#breadcrumb"},"inLanguage":"es","potentialAction":[{"@type":"ReadAction","target":["https:\/\/canal7slp.tv\/2019\/mexicana-contribuye-a-capacitar-personal-de-aerolineas-locales\/"]}]},{"@type":"ImageObject","inLanguage":"es","@id":"https:\/\/canal7slp.tv\/2019\/mexicana-contribuye-a-capacitar-personal-de-aerolineas-locales\/#primaryimage","url":"https:\/\/canal7slp.tv\/2019\/wp-content\/uploads\/2019\/11\/1320-5.jpg","contentUrl":"https:\/\/canal7slp.tv\/2019\/wp-content\/uploads\/2019\/11\/1320-5.jpg","width":770,"height":485},{"@type":"BreadcrumbList","@id":"https:\/\/canal7slp.tv\/2019\/mexicana-contribuye-a-capacitar-personal-de-aerolineas-locales\/#breadcrumb","itemListElement":[{"@type":"ListItem","position":1,"name":"Home","item":"https:\/\/canal7slp.tv\/2019\/"},{"@type":"ListItem","position":2,"name":"Mexicana contribuye a capacitar personal de aerol\u00edneas locales"}]},{"@type":"WebSite","@id":"https:\/\/canal7slp.tv\/2019\/#website","url":"https:\/\/canal7slp.tv\/2019\/","name":"Canal 7 SLP - Somos TV","description":"Somos un Canal de 10","publisher":{"@id":"https:\/\/canal7slp.tv\/2019\/#organization"},"potentialAction":[{"@type":"SearchAction","target":{"@type":"EntryPoint","urlTemplate":"https:\/\/canal7slp.tv\/2019\/?s={search_term_string}"},"query-input":{"@type":"PropertyValueSpecification","valueRequired":true,"valueName":"search_term_string"}}],"inLanguage":"es"},{"@type":"Organization","@id":"https:\/\/canal7slp.tv\/2019\/#organization","name":"Comunicaci\u00f3n 2000 S.A. de C.V.","url":"https:\/\/canal7slp.tv\/2019\/","logo":{"@type":"ImageObject","inLanguage":"es","@id":"https:\/\/canal7slp.tv\/2019\/#\/schema\/logo\/image\/","url":"https:\/\/canal7slp.tv\/2019\/wp-content\/uploads\/2019\/07\/logo-c7.png","contentUrl":"https:\/\/canal7slp.tv\/2019\/wp-content\/uploads\/2019\/07\/logo-c7.png","width":220,"height":60,"caption":"Comunicaci\u00f3n 2000 S.A. de C.V."},"image":{"@id":"https:\/\/canal7slp.tv\/2019\/#\/schema\/logo\/image\/"},"sameAs":["https:\/\/www.facebook.com\/CANAL7SLP\/","https:\/\/x.com\/canal7_slp","https:\/\/www.instagram.com\/canal7_slp","https:\/\/www.youtube.com\/user\/NOTICIEROSCANAL7SLP\/"]},{"@type":"Person","@id":"https:\/\/canal7slp.tv\/2019\/#\/schema\/person\/11d941c1c6ca30ac0a46b95fa37aa2e3","name":"edicionweb","image":{"@type":"ImageObject","inLanguage":"es","@id":"https:\/\/secure.gravatar.com\/avatar\/eee448fc3f7164808013b816ba91ac7e43bbe82a70bebac296f8bc6f0addaa1a?s=96&d=mm&r=g","url":"https:\/\/secure.gravatar.com\/avatar\/eee448fc3f7164808013b816ba91ac7e43bbe82a70bebac296f8bc6f0addaa1a?s=96&d=mm&r=g","contentUrl":"https:\/\/secure.gravatar.com\/avatar\/eee448fc3f7164808013b816ba91ac7e43bbe82a70bebac296f8bc6f0addaa1a?s=96&d=mm&r=g","caption":"edicionweb"}}]}},"amp_enabled":true,"cmb2":{"video_ids_in_playlist":{"vid_p_videos":""},"video_ids_in_channel":{"vid_c_videos":""},"playlist_ids_in_channel":{"vid_c_playlists":""},"series_ids_in_channel":{"vid_c_series":""},"channel_images":{"vid_c_logo":"","vid_c_banner":""},"poster_feature_image":{"vid_m_poster_image":""},"gif_feature_image":{"vid_m_gif_image":""},"video_movie_settings":{"vid_m_director":"","vid_m_actor":"","vid_m_imdb_ratings":"","vid_m_amazon_associates":""},"vid_youtube_broadcasts_settings":{"vid_yb_broadcast_title":"","vid_yb_q":"","vid_yb_channelid":"","vid_yb_videocategoryid":"","vid_yb_maxresults":"","vid_yb_order":"","vid_yb_regioncode":"","vid_yb_videosyndicated":"","vid_yb_style":"","vid_yb_reload_first":""},"video_series_settings":{"vid_m_director":"","vid_m_actor":"","vid_m_imdb_ratings":"","video_series_group":""},"amazon_associates_settings":{"amazon_associates":"","amazon_native_ad":""},"vid_youtube_automatic_settings":{"vid_ya_youtube_source":"","vid_ya_update_every":"","vid_ya_update_unit":"","vid_ya_categories":"","vid_ya_published_after":"","vid_ya_published_before":"","vid_ya_playlists":"","vid_ya_channels":"","vid_ya_director":"","vid_ya_actor":"","vid_ya_author":"","vid_ya_import_post_date":"","vid_ya_status":"","vid_ya_sub_api_key":""},"vid_ads_m_videoads_settings_post":{"vid_ads_m_video_ads":"","vid_ads_m_video_ads_type":"","vid_ads_m_group_google_ima":"","vid_ads_m_group_image":"","vid_ads_m_group_html5_video":"","vid_ads_m_group_html":"","vid_ads_m_vast_preroll":"","vid_ads_m_vast_postroll":"","vid_ads_m_vast_pauseroll":"","vid_ads_m_vast_midroll":[{"vid_ads_m_vast_timer_seconds":"50"}],"vid_ads_m_time_to_show_ads":"","vid_ads_m_time_skip_ads":"","vid_ads_m_time_to_hide_ads":""},"page_slider_settings":{"display_slider_group":"","page_slider_group":""},"blog_page_settings":{"blog_page_title":"","blog_page_heading":"","blog_page_ic":"","blog_page_it":"","blog_page_ec":"","blog_page_ip":"","archive_loop_style":"","blog_image_ratio":"","blog_show_categories":"","blog_show_excerpt":"","blog_show_author":"","blog_show_date":"","blog_show_comment_count":"","blog_show_view_count":"","blog_show_like_count":"","blog_show_dislike_count":"","blog_items_per_page":"","blog_pag_type":""},"page_options":{"get_page_template":"","color_mode":"","main_layout":"","main_layout_full_with":"","main_logo":"","main_logo_retina":"","main_logo_mobile":"","main_logo_mobile_retina":"","sticky_logo":"","sticky_logo_retina":"","main_nav_layout":"","ajax_search":"","header_background":"","theme_sidebar":"","instagram_feed":"","instagram_feed_position":"","popular_videos":"","popular_videos_title_1":"","popular_videos_title_2":"","popular_videos_ic":"","popular_videos_it":"","theme_background":"","page_custom_css":""},"feature_image_settings":{"feature_image_position":""},"video_player_settings":{"single_video_style":"","video_player_position":"","vm_video_url":"","video_player_library":"","video_streaming":"","vm_media_sources":"","vid_auto_play":"","vm_video_shortcode":"","vid_p_sync_playlist":"","vid_c_sync_channel":"","get_post_format":"","multiple_links_structure":"default","multi_links_title":"","vm_video_multi_links":"","vm_duration":"","vid_social_locker":"off","vid_social_locker_id":"","vid_membership_action":"content-video","vm_video_trailer_url":"","vid_download_type":"free","vid_download_target":"download","vid_woo_product":"","vm_media_download":"","user_rating":"","user_rating_position":"","user_rating_mode":"","user_rating_multi_sets":""},"video_auto_fetch_settings":{"vm_video_fetch":"on"},"video_fake_views_likes":{"vm_fake_views":"","vm_fake_likes":"","vm_fake_dislikes":""},"gallery_settings":{"gallery_position":""},"quote_settings":{"quote_position":""},"post_options":{"main_layout":"","main_logo":"","main_logo_retina":"","main_logo_mobile":"","main_logo_mobile_retina":"","sticky_logo":"","sticky_logo_retina":"","main_nav_layout":"","header_background":"","theme_sidebar":"","single_post_comment_type":"","theme_background":""}},"_links":{"self":[{"href":"https:\/\/canal7slp.tv\/2019\/wp-json\/wp\/v2\/posts\/80531","targetHints":{"allow":["GET"]}}],"collection":[{"href":"https:\/\/canal7slp.tv\/2019\/wp-json\/wp\/v2\/posts"}],"about":[{"href":"https:\/\/canal7slp.tv\/2019\/wp-json\/wp\/v2\/types\/post"}],"author":[{"embeddable":true,"href":"https:\/\/canal7slp.tv\/2019\/wp-json\/wp\/v2\/users\/2"}],"replies":[{"embeddable":true,"href":"https:\/\/canal7slp.tv\/2019\/wp-json\/wp\/v2\/comments?post=80531"}],"version-history":[{"count":0,"href":"https:\/\/canal7slp.tv\/2019\/wp-json\/wp\/v2\/posts\/80531\/revisions"}],"wp:featuredmedia":[{"embeddable":true,"href":"https:\/\/canal7slp.tv\/2019\/wp-json\/wp\/v2\/media\/80532"}],"wp:attachment":[{"href":"https:\/\/canal7slp.tv\/2019\/wp-json\/wp\/v2\/media?parent=80531"}],"wp:term":[{"taxonomy":"category","embeddable":true,"href":"https:\/\/canal7slp.tv\/2019\/wp-json\/wp\/v2\/categories?post=80531"},{"taxonomy":"post_tag","embeddable":true,"href":"https:\/\/canal7slp.tv\/2019\/wp-json\/wp\/v2\/tags?post=80531"}],"curies":[{"name":"wp","href":"https:\/\/api.w.org\/{rel}","templated":true}]}}