{"id":8039,"date":"2019-06-06T14:02:08","date_gmt":"2019-06-06T19:02:08","guid":{"rendered":"https:\/\/canal7slp.tv\/2019\/?p=8039"},"modified":"2019-06-06T14:02:08","modified_gmt":"2019-06-06T19:02:08","slug":"uif-bloquea-cuentas-presuntamente-relacionadas-con-el-trafico-ilegal-de-migrantes","status":"publish","type":"post","link":"https:\/\/canal7slp.tv\/2019\/uif-bloquea-cuentas-presuntamente-relacionadas-con-el-trafico-ilegal-de-migrantes\/","title":{"rendered":"UIF bloquea cuentas presuntamente relacionadas con el tr\u00e1fico ilegal de migrantes"},"content":{"rendered":"<ul>\n<li style=\"text-align: justify\">La Unidad de Inteligencia Financiera ha bloqueado las cuentas bancarias de diversas personas f\u00edsicas y morales que presuntamente han participado en el tr\u00e1fico de personas migrantes y la organizaci\u00f3n ilegal de caravanas migrantes.<\/li>\n<\/ul>\n<p style=\"text-align: justify\">SLP.- La Unidad de Inteligencia Financiera (UIF) de la Secretar\u00eda de Hacienda y Cr\u00e9dito P\u00fablico (SHCP) en coordinaci\u00f3n con la Secretar\u00eda de Relaciones Exteriores (SRE) y distintas agencias del Gobierno de M\u00e9xico, ha bloqueado las cuentas bancarias de diversas personas f\u00edsicas y morales que presuntamente han participado en el tr\u00e1fico de personas migrantes y la organizaci\u00f3n ilegal de caravanas migrantes.<\/p>\n<p style=\"text-align: justify\">Lo anterior, derivado de la metodolog\u00eda desarrollada por la UIF al poner como elementos de alerta el tr\u00e1fico de personas migrantes, espec\u00edficamente caravanas de migrantes hacia M\u00e9xico desde octubre del 2018 a la fecha, as\u00ed como el flujo de recursos econ\u00f3micos a trav\u00e9s de transmisores de dinero en territorio nacional.<\/p>\n<p style=\"text-align: justify\">De la informaci\u00f3n obtenida por la UIF de los transmisores de dinero, se identific\u00f3 un grupo de personas que, en el periodo de paso de las caravanas migrantes, realizaban desde Chiapas y Quer\u00e9taro operaciones inusuales a distintos pa\u00edses, incluidos algunos contemplados como jurisdicciones de riesgo por el Grupo de Acci\u00f3n Financiera Internacional (GAFI).<\/p>\n<p style=\"text-align: justify\">Con base en la ruta que sigui\u00f3 la caravana migrante, que parti\u00f3 en la frontera sur de M\u00e9xico, se detect\u00f3 una serie de operaciones y transferencias financieras desde Quer\u00e9taro hacia seis ciudades en la frontera con Estados Unidos de Am\u00e9rica, que son: Tijuana, Nogales, Ciudad Ju\u00e1rez, Ciudad Acu\u00f1a, Piedras Negras y Reynosa.<\/p>\n<p style=\"text-align: justify\">Con esta metodolog\u00eda, se presume el pago ilegal por tr\u00e1fico de migrantes, pues se revel\u00f3 la relaci\u00f3n que existe entre el paso de las caravanas migrantes y los dep\u00f3sitos en dispersores de dinero realizados a las ciudades citadas, provenientes de El Salvador, Honduras, Guatemala, Camer\u00fan, Estados Unidos e Inglaterra.<\/p>\n<p style=\"text-align: justify\">Por todo lo anterior, la UIF ha instruido la inclusi\u00f3n de veintis\u00e9is personas a la Lista de Personas Bloqueadas, por su probable vinculaci\u00f3n con el tr\u00e1fico de personas migrantes y apoyo il\u00edcito a caravanas migrantes. En ese sentido se presentar\u00e1n las denuncias correspondientes ante la Fiscal\u00eda General de la Rep\u00fablica.<\/p>\n<p style=\"text-align: justify\">Con acciones como esta el Gobierno de M\u00e9xico refrenda su pol\u00edtica de combatir frontalmente las estructuras econ\u00f3micas de los traficantes de personas, esto garantizando el pleno respeto a los derechos humanos de todas las personas migrantes considerados en las legislaciones internacionales en la materia, tomando en consideraci\u00f3n su situaci\u00f3n de vulnerabilidad y el m\u00e1ximo reconocimiento de su dignidad.<\/p>\n","protected":false},"excerpt":{"rendered":"<p>La Unidad de Inteligencia Financiera ha bloqueado las cuentas bancarias de diversas personas f\u00edsicas y morales que presuntamente han participado en el tr\u00e1fico de personas migrantes y la organizaci\u00f3n ilegal de caravanas migrantes. SLP.- La Unidad de Inteligencia Financiera (UIF) de la Secretar\u00eda de Hacienda y Cr\u00e9dito P\u00fablico (SHCP) en coordinaci\u00f3n con la Secretar\u00eda de [&hellip;]<\/p>\n","protected":false},"author":2,"featured_media":8040,"comment_status":"open","ping_status":"closed","sticky":false,"template":"","format":"standard","meta":{"footnotes":""},"categories":[108,30],"tags":[],"class_list":["post-8039","post","type-post","status-publish","format-standard","has-post-thumbnail","hentry","category-destacadas","category-nacional"],"yoast_head":"<!-- This site is optimized with the Yoast SEO plugin v27.5 - https:\/\/yoast.com\/product\/yoast-seo-wordpress\/ -->\n<title>UIF bloquea cuentas presuntamente relacionadas con el tr\u00e1fico ilegal de migrantes - Canal 7 SLP - 2019<\/title>\n<meta name=\"robots\" content=\"index, follow, max-snippet:-1, max-image-preview:large, max-video-preview:-1\" \/>\n<link rel=\"canonical\" href=\"https:\/\/canal7slp.tv\/2019\/uif-bloquea-cuentas-presuntamente-relacionadas-con-el-trafico-ilegal-de-migrantes\/\" \/>\n<meta property=\"og:locale\" content=\"es_ES\" \/>\n<meta property=\"og:type\" content=\"article\" \/>\n<meta property=\"og:title\" content=\"UIF bloquea cuentas presuntamente relacionadas con el tr\u00e1fico ilegal de migrantes - Canal 7 SLP - 2019\" \/>\n<meta property=\"og:description\" content=\"La Unidad de Inteligencia Financiera ha bloqueado las cuentas bancarias de diversas personas f\u00edsicas y morales que presuntamente han participado en el tr\u00e1fico de personas migrantes y la organizaci\u00f3n ilegal de caravanas migrantes. SLP.- La Unidad de Inteligencia Financiera (UIF) de la Secretar\u00eda de Hacienda y Cr\u00e9dito P\u00fablico (SHCP) en coordinaci\u00f3n con la Secretar\u00eda de [&hellip;]\" \/>\n<meta property=\"og:url\" content=\"https:\/\/canal7slp.tv\/2019\/uif-bloquea-cuentas-presuntamente-relacionadas-con-el-trafico-ilegal-de-migrantes\/\" \/>\n<meta property=\"og:site_name\" content=\"Canal 7 SLP - 2019\" \/>\n<meta property=\"article:publisher\" content=\"https:\/\/www.facebook.com\/CANAL7SLP\/\" \/>\n<meta property=\"article:published_time\" content=\"2019-06-06T19:02:08+00:00\" \/>\n<meta property=\"og:image\" content=\"https:\/\/canal7slp.tv\/2019\/wp-content\/uploads\/2019\/06\/uif.png\" \/>\n\t<meta property=\"og:image:width\" content=\"700\" \/>\n\t<meta property=\"og:image:height\" content=\"518\" \/>\n\t<meta property=\"og:image:type\" content=\"image\/png\" \/>\n<meta name=\"author\" content=\"edicionweb\" \/>\n<meta name=\"twitter:card\" content=\"summary_large_image\" \/>\n<meta name=\"twitter:creator\" content=\"@canal7_slp\" \/>\n<meta name=\"twitter:site\" content=\"@canal7_slp\" \/>\n<meta name=\"twitter:label1\" content=\"Escrito por\" \/>\n\t<meta name=\"twitter:data1\" content=\"edicionweb\" \/>\n\t<meta name=\"twitter:label2\" content=\"Tiempo de lectura\" \/>\n\t<meta name=\"twitter:data2\" content=\"2 minutos\" \/>\n<script type=\"application\/ld+json\" class=\"yoast-schema-graph\">{\"@context\":\"https:\\\/\\\/schema.org\",\"@graph\":[{\"@type\":\"Article\",\"@id\":\"https:\\\/\\\/canal7slp.tv\\\/2019\\\/uif-bloquea-cuentas-presuntamente-relacionadas-con-el-trafico-ilegal-de-migrantes\\\/#article\",\"isPartOf\":{\"@id\":\"https:\\\/\\\/canal7slp.tv\\\/2019\\\/uif-bloquea-cuentas-presuntamente-relacionadas-con-el-trafico-ilegal-de-migrantes\\\/\"},\"author\":{\"name\":\"edicionweb\",\"@id\":\"https:\\\/\\\/canal7slp.tv\\\/2019\\\/#\\\/schema\\\/person\\\/11d941c1c6ca30ac0a46b95fa37aa2e3\"},\"headline\":\"UIF bloquea cuentas presuntamente relacionadas con el tr\u00e1fico ilegal de migrantes\",\"datePublished\":\"2019-06-06T19:02:08+00:00\",\"mainEntityOfPage\":{\"@id\":\"https:\\\/\\\/canal7slp.tv\\\/2019\\\/uif-bloquea-cuentas-presuntamente-relacionadas-con-el-trafico-ilegal-de-migrantes\\\/\"},\"wordCount\":463,\"commentCount\":0,\"publisher\":{\"@id\":\"https:\\\/\\\/canal7slp.tv\\\/2019\\\/#organization\"},\"image\":{\"@id\":\"https:\\\/\\\/canal7slp.tv\\\/2019\\\/uif-bloquea-cuentas-presuntamente-relacionadas-con-el-trafico-ilegal-de-migrantes\\\/#primaryimage\"},\"thumbnailUrl\":\"https:\\\/\\\/canal7slp.tv\\\/2019\\\/wp-content\\\/uploads\\\/2019\\\/06\\\/uif.png\",\"articleSection\":[\"DESTACADAS\",\"NACIONAL\"],\"inLanguage\":\"es\",\"potentialAction\":[{\"@type\":\"CommentAction\",\"name\":\"Comment\",\"target\":[\"https:\\\/\\\/canal7slp.tv\\\/2019\\\/uif-bloquea-cuentas-presuntamente-relacionadas-con-el-trafico-ilegal-de-migrantes\\\/#respond\"]}]},{\"@type\":\"WebPage\",\"@id\":\"https:\\\/\\\/canal7slp.tv\\\/2019\\\/uif-bloquea-cuentas-presuntamente-relacionadas-con-el-trafico-ilegal-de-migrantes\\\/\",\"url\":\"https:\\\/\\\/canal7slp.tv\\\/2019\\\/uif-bloquea-cuentas-presuntamente-relacionadas-con-el-trafico-ilegal-de-migrantes\\\/\",\"name\":\"UIF bloquea cuentas presuntamente relacionadas con el tr\u00e1fico ilegal de migrantes - Canal 7 SLP - 2019\",\"isPartOf\":{\"@id\":\"https:\\\/\\\/canal7slp.tv\\\/2019\\\/#website\"},\"primaryImageOfPage\":{\"@id\":\"https:\\\/\\\/canal7slp.tv\\\/2019\\\/uif-bloquea-cuentas-presuntamente-relacionadas-con-el-trafico-ilegal-de-migrantes\\\/#primaryimage\"},\"image\":{\"@id\":\"https:\\\/\\\/canal7slp.tv\\\/2019\\\/uif-bloquea-cuentas-presuntamente-relacionadas-con-el-trafico-ilegal-de-migrantes\\\/#primaryimage\"},\"thumbnailUrl\":\"https:\\\/\\\/canal7slp.tv\\\/2019\\\/wp-content\\\/uploads\\\/2019\\\/06\\\/uif.png\",\"datePublished\":\"2019-06-06T19:02:08+00:00\",\"breadcrumb\":{\"@id\":\"https:\\\/\\\/canal7slp.tv\\\/2019\\\/uif-bloquea-cuentas-presuntamente-relacionadas-con-el-trafico-ilegal-de-migrantes\\\/#breadcrumb\"},\"inLanguage\":\"es\",\"potentialAction\":[{\"@type\":\"ReadAction\",\"target\":[\"https:\\\/\\\/canal7slp.tv\\\/2019\\\/uif-bloquea-cuentas-presuntamente-relacionadas-con-el-trafico-ilegal-de-migrantes\\\/\"]}]},{\"@type\":\"ImageObject\",\"inLanguage\":\"es\",\"@id\":\"https:\\\/\\\/canal7slp.tv\\\/2019\\\/uif-bloquea-cuentas-presuntamente-relacionadas-con-el-trafico-ilegal-de-migrantes\\\/#primaryimage\",\"url\":\"https:\\\/\\\/canal7slp.tv\\\/2019\\\/wp-content\\\/uploads\\\/2019\\\/06\\\/uif.png\",\"contentUrl\":\"https:\\\/\\\/canal7slp.tv\\\/2019\\\/wp-content\\\/uploads\\\/2019\\\/06\\\/uif.png\",\"width\":700,\"height\":518},{\"@type\":\"BreadcrumbList\",\"@id\":\"https:\\\/\\\/canal7slp.tv\\\/2019\\\/uif-bloquea-cuentas-presuntamente-relacionadas-con-el-trafico-ilegal-de-migrantes\\\/#breadcrumb\",\"itemListElement\":[{\"@type\":\"ListItem\",\"position\":1,\"name\":\"Home\",\"item\":\"https:\\\/\\\/canal7slp.tv\\\/2019\\\/\"},{\"@type\":\"ListItem\",\"position\":2,\"name\":\"UIF bloquea cuentas presuntamente relacionadas con el tr\u00e1fico ilegal de migrantes\"}]},{\"@type\":\"WebSite\",\"@id\":\"https:\\\/\\\/canal7slp.tv\\\/2019\\\/#website\",\"url\":\"https:\\\/\\\/canal7slp.tv\\\/2019\\\/\",\"name\":\"Canal 7 SLP - Somos TV\",\"description\":\"Somos un Canal de 10\",\"publisher\":{\"@id\":\"https:\\\/\\\/canal7slp.tv\\\/2019\\\/#organization\"},\"potentialAction\":[{\"@type\":\"SearchAction\",\"target\":{\"@type\":\"EntryPoint\",\"urlTemplate\":\"https:\\\/\\\/canal7slp.tv\\\/2019\\\/?s={search_term_string}\"},\"query-input\":{\"@type\":\"PropertyValueSpecification\",\"valueRequired\":true,\"valueName\":\"search_term_string\"}}],\"inLanguage\":\"es\"},{\"@type\":\"Organization\",\"@id\":\"https:\\\/\\\/canal7slp.tv\\\/2019\\\/#organization\",\"name\":\"Comunicaci\u00f3n 2000 S.A. de C.V.\",\"url\":\"https:\\\/\\\/canal7slp.tv\\\/2019\\\/\",\"logo\":{\"@type\":\"ImageObject\",\"inLanguage\":\"es\",\"@id\":\"https:\\\/\\\/canal7slp.tv\\\/2019\\\/#\\\/schema\\\/logo\\\/image\\\/\",\"url\":\"https:\\\/\\\/canal7slp.tv\\\/2019\\\/wp-content\\\/uploads\\\/2019\\\/07\\\/logo-c7.png\",\"contentUrl\":\"https:\\\/\\\/canal7slp.tv\\\/2019\\\/wp-content\\\/uploads\\\/2019\\\/07\\\/logo-c7.png\",\"width\":220,\"height\":60,\"caption\":\"Comunicaci\u00f3n 2000 S.A. de C.V.\"},\"image\":{\"@id\":\"https:\\\/\\\/canal7slp.tv\\\/2019\\\/#\\\/schema\\\/logo\\\/image\\\/\"},\"sameAs\":[\"https:\\\/\\\/www.facebook.com\\\/CANAL7SLP\\\/\",\"https:\\\/\\\/x.com\\\/canal7_slp\",\"https:\\\/\\\/www.instagram.com\\\/canal7_slp\",\"https:\\\/\\\/www.youtube.com\\\/user\\\/NOTICIEROSCANAL7SLP\\\/\"]},{\"@type\":\"Person\",\"@id\":\"https:\\\/\\\/canal7slp.tv\\\/2019\\\/#\\\/schema\\\/person\\\/11d941c1c6ca30ac0a46b95fa37aa2e3\",\"name\":\"edicionweb\",\"image\":{\"@type\":\"ImageObject\",\"inLanguage\":\"es\",\"@id\":\"https:\\\/\\\/secure.gravatar.com\\\/avatar\\\/eee448fc3f7164808013b816ba91ac7e43bbe82a70bebac296f8bc6f0addaa1a?s=96&d=mm&r=g\",\"url\":\"https:\\\/\\\/secure.gravatar.com\\\/avatar\\\/eee448fc3f7164808013b816ba91ac7e43bbe82a70bebac296f8bc6f0addaa1a?s=96&d=mm&r=g\",\"contentUrl\":\"https:\\\/\\\/secure.gravatar.com\\\/avatar\\\/eee448fc3f7164808013b816ba91ac7e43bbe82a70bebac296f8bc6f0addaa1a?s=96&d=mm&r=g\",\"caption\":\"edicionweb\"}}]}<\/script>\n<!-- \/ Yoast SEO plugin. -->","yoast_head_json":{"title":"UIF bloquea cuentas presuntamente relacionadas con el tr\u00e1fico ilegal de migrantes - Canal 7 SLP - 2019","robots":{"index":"index","follow":"follow","max-snippet":"max-snippet:-1","max-image-preview":"max-image-preview:large","max-video-preview":"max-video-preview:-1"},"canonical":"https:\/\/canal7slp.tv\/2019\/uif-bloquea-cuentas-presuntamente-relacionadas-con-el-trafico-ilegal-de-migrantes\/","og_locale":"es_ES","og_type":"article","og_title":"UIF bloquea cuentas presuntamente relacionadas con el tr\u00e1fico ilegal de migrantes - Canal 7 SLP - 2019","og_description":"La Unidad de Inteligencia Financiera ha bloqueado las cuentas bancarias de diversas personas f\u00edsicas y morales que presuntamente han participado en el tr\u00e1fico de personas migrantes y la organizaci\u00f3n ilegal de caravanas migrantes. SLP.- La Unidad de Inteligencia Financiera (UIF) de la Secretar\u00eda de Hacienda y Cr\u00e9dito P\u00fablico (SHCP) en coordinaci\u00f3n con la Secretar\u00eda de [&hellip;]","og_url":"https:\/\/canal7slp.tv\/2019\/uif-bloquea-cuentas-presuntamente-relacionadas-con-el-trafico-ilegal-de-migrantes\/","og_site_name":"Canal 7 SLP - 2019","article_publisher":"https:\/\/www.facebook.com\/CANAL7SLP\/","article_published_time":"2019-06-06T19:02:08+00:00","og_image":[{"width":700,"height":518,"url":"https:\/\/canal7slp.tv\/2019\/wp-content\/uploads\/2019\/06\/uif.png","type":"image\/png"}],"author":"edicionweb","twitter_card":"summary_large_image","twitter_creator":"@canal7_slp","twitter_site":"@canal7_slp","twitter_misc":{"Escrito por":"edicionweb","Tiempo de lectura":"2 minutos"},"schema":{"@context":"https:\/\/schema.org","@graph":[{"@type":"Article","@id":"https:\/\/canal7slp.tv\/2019\/uif-bloquea-cuentas-presuntamente-relacionadas-con-el-trafico-ilegal-de-migrantes\/#article","isPartOf":{"@id":"https:\/\/canal7slp.tv\/2019\/uif-bloquea-cuentas-presuntamente-relacionadas-con-el-trafico-ilegal-de-migrantes\/"},"author":{"name":"edicionweb","@id":"https:\/\/canal7slp.tv\/2019\/#\/schema\/person\/11d941c1c6ca30ac0a46b95fa37aa2e3"},"headline":"UIF bloquea cuentas presuntamente relacionadas con el tr\u00e1fico ilegal de migrantes","datePublished":"2019-06-06T19:02:08+00:00","mainEntityOfPage":{"@id":"https:\/\/canal7slp.tv\/2019\/uif-bloquea-cuentas-presuntamente-relacionadas-con-el-trafico-ilegal-de-migrantes\/"},"wordCount":463,"commentCount":0,"publisher":{"@id":"https:\/\/canal7slp.tv\/2019\/#organization"},"image":{"@id":"https:\/\/canal7slp.tv\/2019\/uif-bloquea-cuentas-presuntamente-relacionadas-con-el-trafico-ilegal-de-migrantes\/#primaryimage"},"thumbnailUrl":"https:\/\/canal7slp.tv\/2019\/wp-content\/uploads\/2019\/06\/uif.png","articleSection":["DESTACADAS","NACIONAL"],"inLanguage":"es","potentialAction":[{"@type":"CommentAction","name":"Comment","target":["https:\/\/canal7slp.tv\/2019\/uif-bloquea-cuentas-presuntamente-relacionadas-con-el-trafico-ilegal-de-migrantes\/#respond"]}]},{"@type":"WebPage","@id":"https:\/\/canal7slp.tv\/2019\/uif-bloquea-cuentas-presuntamente-relacionadas-con-el-trafico-ilegal-de-migrantes\/","url":"https:\/\/canal7slp.tv\/2019\/uif-bloquea-cuentas-presuntamente-relacionadas-con-el-trafico-ilegal-de-migrantes\/","name":"UIF bloquea cuentas presuntamente relacionadas con el tr\u00e1fico ilegal de migrantes - Canal 7 SLP - 2019","isPartOf":{"@id":"https:\/\/canal7slp.tv\/2019\/#website"},"primaryImageOfPage":{"@id":"https:\/\/canal7slp.tv\/2019\/uif-bloquea-cuentas-presuntamente-relacionadas-con-el-trafico-ilegal-de-migrantes\/#primaryimage"},"image":{"@id":"https:\/\/canal7slp.tv\/2019\/uif-bloquea-cuentas-presuntamente-relacionadas-con-el-trafico-ilegal-de-migrantes\/#primaryimage"},"thumbnailUrl":"https:\/\/canal7slp.tv\/2019\/wp-content\/uploads\/2019\/06\/uif.png","datePublished":"2019-06-06T19:02:08+00:00","breadcrumb":{"@id":"https:\/\/canal7slp.tv\/2019\/uif-bloquea-cuentas-presuntamente-relacionadas-con-el-trafico-ilegal-de-migrantes\/#breadcrumb"},"inLanguage":"es","potentialAction":[{"@type":"ReadAction","target":["https:\/\/canal7slp.tv\/2019\/uif-bloquea-cuentas-presuntamente-relacionadas-con-el-trafico-ilegal-de-migrantes\/"]}]},{"@type":"ImageObject","inLanguage":"es","@id":"https:\/\/canal7slp.tv\/2019\/uif-bloquea-cuentas-presuntamente-relacionadas-con-el-trafico-ilegal-de-migrantes\/#primaryimage","url":"https:\/\/canal7slp.tv\/2019\/wp-content\/uploads\/2019\/06\/uif.png","contentUrl":"https:\/\/canal7slp.tv\/2019\/wp-content\/uploads\/2019\/06\/uif.png","width":700,"height":518},{"@type":"BreadcrumbList","@id":"https:\/\/canal7slp.tv\/2019\/uif-bloquea-cuentas-presuntamente-relacionadas-con-el-trafico-ilegal-de-migrantes\/#breadcrumb","itemListElement":[{"@type":"ListItem","position":1,"name":"Home","item":"https:\/\/canal7slp.tv\/2019\/"},{"@type":"ListItem","position":2,"name":"UIF bloquea cuentas presuntamente relacionadas con el tr\u00e1fico ilegal de migrantes"}]},{"@type":"WebSite","@id":"https:\/\/canal7slp.tv\/2019\/#website","url":"https:\/\/canal7slp.tv\/2019\/","name":"Canal 7 SLP - Somos TV","description":"Somos un Canal de 10","publisher":{"@id":"https:\/\/canal7slp.tv\/2019\/#organization"},"potentialAction":[{"@type":"SearchAction","target":{"@type":"EntryPoint","urlTemplate":"https:\/\/canal7slp.tv\/2019\/?s={search_term_string}"},"query-input":{"@type":"PropertyValueSpecification","valueRequired":true,"valueName":"search_term_string"}}],"inLanguage":"es"},{"@type":"Organization","@id":"https:\/\/canal7slp.tv\/2019\/#organization","name":"Comunicaci\u00f3n 2000 S.A. de C.V.","url":"https:\/\/canal7slp.tv\/2019\/","logo":{"@type":"ImageObject","inLanguage":"es","@id":"https:\/\/canal7slp.tv\/2019\/#\/schema\/logo\/image\/","url":"https:\/\/canal7slp.tv\/2019\/wp-content\/uploads\/2019\/07\/logo-c7.png","contentUrl":"https:\/\/canal7slp.tv\/2019\/wp-content\/uploads\/2019\/07\/logo-c7.png","width":220,"height":60,"caption":"Comunicaci\u00f3n 2000 S.A. de C.V."},"image":{"@id":"https:\/\/canal7slp.tv\/2019\/#\/schema\/logo\/image\/"},"sameAs":["https:\/\/www.facebook.com\/CANAL7SLP\/","https:\/\/x.com\/canal7_slp","https:\/\/www.instagram.com\/canal7_slp","https:\/\/www.youtube.com\/user\/NOTICIEROSCANAL7SLP\/"]},{"@type":"Person","@id":"https:\/\/canal7slp.tv\/2019\/#\/schema\/person\/11d941c1c6ca30ac0a46b95fa37aa2e3","name":"edicionweb","image":{"@type":"ImageObject","inLanguage":"es","@id":"https:\/\/secure.gravatar.com\/avatar\/eee448fc3f7164808013b816ba91ac7e43bbe82a70bebac296f8bc6f0addaa1a?s=96&d=mm&r=g","url":"https:\/\/secure.gravatar.com\/avatar\/eee448fc3f7164808013b816ba91ac7e43bbe82a70bebac296f8bc6f0addaa1a?s=96&d=mm&r=g","contentUrl":"https:\/\/secure.gravatar.com\/avatar\/eee448fc3f7164808013b816ba91ac7e43bbe82a70bebac296f8bc6f0addaa1a?s=96&d=mm&r=g","caption":"edicionweb"}}]}},"amp_enabled":true,"cmb2":{"video_ids_in_playlist":{"vid_p_videos":""},"video_ids_in_channel":{"vid_c_videos":""},"playlist_ids_in_channel":{"vid_c_playlists":""},"series_ids_in_channel":{"vid_c_series":""},"channel_images":{"vid_c_logo":"","vid_c_banner":""},"poster_feature_image":{"vid_m_poster_image":""},"gif_feature_image":{"vid_m_gif_image":""},"video_movie_settings":{"vid_m_director":"","vid_m_actor":"","vid_m_imdb_ratings":"","vid_m_amazon_associates":""},"vid_youtube_broadcasts_settings":{"vid_yb_broadcast_title":"","vid_yb_q":"","vid_yb_channelid":"","vid_yb_videocategoryid":"","vid_yb_maxresults":"","vid_yb_order":"","vid_yb_regioncode":"","vid_yb_videosyndicated":"","vid_yb_style":"","vid_yb_reload_first":""},"video_series_settings":{"vid_m_director":"","vid_m_actor":"","vid_m_imdb_ratings":"","video_series_group":""},"amazon_associates_settings":{"amazon_associates":"","amazon_native_ad":""},"vid_youtube_automatic_settings":{"vid_ya_youtube_source":"","vid_ya_update_every":"","vid_ya_update_unit":"","vid_ya_categories":"","vid_ya_published_after":"","vid_ya_published_before":"","vid_ya_playlists":"","vid_ya_channels":"","vid_ya_director":"","vid_ya_actor":"","vid_ya_author":"","vid_ya_import_post_date":"","vid_ya_status":"","vid_ya_sub_api_key":""},"vid_ads_m_videoads_settings_post":{"vid_ads_m_video_ads":"","vid_ads_m_video_ads_type":"","vid_ads_m_group_google_ima":"","vid_ads_m_group_image":"","vid_ads_m_group_html5_video":"","vid_ads_m_group_html":"","vid_ads_m_vast_preroll":"","vid_ads_m_vast_postroll":"","vid_ads_m_vast_pauseroll":"","vid_ads_m_vast_midroll":[{"vid_ads_m_vast_timer_seconds":"50"}],"vid_ads_m_time_to_show_ads":"","vid_ads_m_time_skip_ads":"","vid_ads_m_time_to_hide_ads":""},"page_slider_settings":{"display_slider_group":"","page_slider_group":""},"blog_page_settings":{"blog_page_title":"","blog_page_heading":"","blog_page_ic":"","blog_page_it":"","blog_page_ec":"","blog_page_ip":"","archive_loop_style":"","blog_image_ratio":"","blog_show_categories":"","blog_show_excerpt":"","blog_show_author":"","blog_show_date":"","blog_show_comment_count":"","blog_show_view_count":"","blog_show_like_count":"","blog_show_dislike_count":"","blog_items_per_page":"","blog_pag_type":""},"page_options":{"get_page_template":"","color_mode":"","main_layout":"","main_layout_full_with":"","main_logo":"","main_logo_retina":"","main_logo_mobile":"","main_logo_mobile_retina":"","sticky_logo":"","sticky_logo_retina":"","main_nav_layout":"","ajax_search":"","header_background":"","theme_sidebar":"","instagram_feed":"","instagram_feed_position":"","popular_videos":"","popular_videos_title_1":"","popular_videos_title_2":"","popular_videos_ic":"","popular_videos_it":"","theme_background":"","page_custom_css":""},"feature_image_settings":{"feature_image_position":""},"video_player_settings":{"single_video_style":"","video_player_position":"","vm_video_url":"","video_player_library":"","video_streaming":"","vm_media_sources":"","vid_auto_play":"","vm_video_shortcode":"","vid_p_sync_playlist":"","vid_c_sync_channel":"","get_post_format":"","multiple_links_structure":"default","multi_links_title":"","vm_video_multi_links":"","vm_duration":"","vid_social_locker":"off","vid_social_locker_id":"","vid_membership_action":"content-video","vm_video_trailer_url":"","vid_download_type":"free","vid_download_target":"download","vid_woo_product":"","vm_media_download":"","user_rating":"","user_rating_position":"","user_rating_mode":"","user_rating_multi_sets":""},"video_auto_fetch_settings":{"vm_video_fetch":"on"},"video_fake_views_likes":{"vm_fake_views":"","vm_fake_likes":"","vm_fake_dislikes":""},"gallery_settings":{"gallery_position":""},"quote_settings":{"quote_position":""},"post_options":{"main_layout":"","main_logo":"","main_logo_retina":"","main_logo_mobile":"","main_logo_mobile_retina":"","sticky_logo":"","sticky_logo_retina":"","main_nav_layout":"","header_background":"","theme_sidebar":"","single_post_comment_type":"","theme_background":""}},"_links":{"self":[{"href":"https:\/\/canal7slp.tv\/2019\/wp-json\/wp\/v2\/posts\/8039","targetHints":{"allow":["GET"]}}],"collection":[{"href":"https:\/\/canal7slp.tv\/2019\/wp-json\/wp\/v2\/posts"}],"about":[{"href":"https:\/\/canal7slp.tv\/2019\/wp-json\/wp\/v2\/types\/post"}],"author":[{"embeddable":true,"href":"https:\/\/canal7slp.tv\/2019\/wp-json\/wp\/v2\/users\/2"}],"replies":[{"embeddable":true,"href":"https:\/\/canal7slp.tv\/2019\/wp-json\/wp\/v2\/comments?post=8039"}],"version-history":[{"count":0,"href":"https:\/\/canal7slp.tv\/2019\/wp-json\/wp\/v2\/posts\/8039\/revisions"}],"wp:featuredmedia":[{"embeddable":true,"href":"https:\/\/canal7slp.tv\/2019\/wp-json\/wp\/v2\/media\/8040"}],"wp:attachment":[{"href":"https:\/\/canal7slp.tv\/2019\/wp-json\/wp\/v2\/media?parent=8039"}],"wp:term":[{"taxonomy":"category","embeddable":true,"href":"https:\/\/canal7slp.tv\/2019\/wp-json\/wp\/v2\/categories?post=8039"},{"taxonomy":"post_tag","embeddable":true,"href":"https:\/\/canal7slp.tv\/2019\/wp-json\/wp\/v2\/tags?post=8039"}],"curies":[{"name":"wp","href":"https:\/\/api.w.org\/{rel}","templated":true}]}}