{"id":80292,"date":"2019-11-07T14:26:35","date_gmt":"2019-11-07T20:26:35","guid":{"rendered":"https:\/\/canal7slp.tv\/2019\/?p=80292"},"modified":"2019-11-07T14:26:35","modified_gmt":"2019-11-07T20:26:35","slug":"matan-a-paciente-que-era-custodiado-en-hospital-privado-de-sinaloa","status":"publish","type":"post","link":"https:\/\/canal7slp.tv\/2019\/matan-a-paciente-que-era-custodiado-en-hospital-privado-de-sinaloa\/","title":{"rendered":"Matan a paciente que era custodiado en hospital privado de Sinaloa"},"content":{"rendered":"<ul>\n<li style=\"text-align: justify\">Seis hombres armados ingresaron al hospital privado, sometieron al polic\u00eda municipal y asesinaron al hombre de 31 a\u00f1os de edad<\/li>\n<\/ul>\n<p style=\"text-align: justify\">Sinaloa.- En el \u00e1rea de recuperaci\u00f3n de un hospital privado de esta ciudad, un paciente que hab\u00eda ingresado con una lesi\u00f3n de arma de fuego y se encontraba bajo resguardo de un elemento de la Polic\u00eda Municipal, fue rematado por un grupo armado con fusiles autom\u00e1ticos.<\/p>\n<p style=\"text-align: justify\">Seg\u00fan el reporte de la Polic\u00eda Municipal de Culiac\u00e1n, los hechos se registraron la madrugada de este jueves en un hospital ubicado en la zona del Tres R\u00edos, en donde el agente de seguridad que lo custodiaba fue sometido y despojado de sus armas de cargo.<\/p>\n<p style=\"text-align: justify\">El paciente, de nombre Marco Antonio &#8220;N&#8221;, el pasado 31 de octubre ingres\u00f3 al Hospital Los \u00c1ngeles, procedente de la sindicatura de Villa Adolfo L\u00f3pez Mateos, en donde result\u00f3 lesionado con disparos de armas de fuego.<\/p>\n<p style=\"text-align: justify\">Los datos aportados establecen que a las 03:40 horas de este jueves, seis hombres armados ingresaron al estacionamiento del hospital privado y se desplazaron a la zona de recuperaci\u00f3n, donde se encontraba en recuperaci\u00f3n el paciente, bajo la vigilancia de un polic\u00eda municipal que fue desarmado y sometido por los delincuentes.<\/p>\n<p style=\"text-align: justify\">Con el reporte de los hechos, las diversas corporaciones policiacas desplegaron un operativo de b\u00fasqueda del grupo armado que remat\u00f3 a un paciente, el cual se encontraba recuperando de una lesi\u00f3n de arma de fuego.<\/p>\n<p style=\"text-align: justify\">El pasado 18 agosto, un paciente que hab\u00eda ingresado a la cl\u00ednica M\u00e9dica Culiac\u00e1n, ubicada en el segundo cuadro de la ciudad por lesiones de disparos de arma de fuego y era resguardado por un polic\u00eda, fue rematado por hombres armados cuando convalec\u00eda.<\/p>\n<p style=\"text-align: justify\">Seg\u00fan el reporte de la Polic\u00eda Municipal de Culiac\u00e1n la v\u00edctima, identificada como Jorge &#8220;N&#8221;, originario del estado de Guanajuato, la noche del viernes pasado fue auxiliado por cuerpos de auxilio, despu\u00e9s de que sufri\u00f3 un atentado, en la colonia Chapultepec de esta ciudad.<\/p>\n<p style=\"text-align: justify\">En el reporte de este hecho, se establece que Jorge &#8220;N&#8221;, de 31 a\u00f1os de edad, fue v\u00edctima de un atentado cuando conduc\u00eda una camioneta por el boulevard Pedro Mar\u00eda Anaya, por lo que este enfil\u00f3 por la zona conocida como el malec\u00f3n nuevo y se introdujo al estacionamiento de un hotel, del Desarrollo Urbano de Tres R\u00edos, donde fue auxiliado.<\/p>\n<p style=\"text-align: justify\">Los datos que se aportaron sobre este hecho, es que la v\u00edctima era originario del Estado de Guanajuato, contaba con antecedentes penales.<\/p>\n","protected":false},"excerpt":{"rendered":"<p>Seis hombres armados ingresaron al hospital privado, sometieron al polic\u00eda municipal y asesinaron al hombre de 31 a\u00f1os de edad Sinaloa.- En el \u00e1rea de recuperaci\u00f3n de un hospital privado de esta ciudad, un paciente que hab\u00eda ingresado con una lesi\u00f3n de arma de fuego y se encontraba bajo resguardo de un elemento de la [&hellip;]<\/p>\n","protected":false},"author":2,"featured_media":80293,"comment_status":"open","ping_status":"open","sticky":false,"template":"","format":"standard","meta":{"footnotes":""},"categories":[30],"tags":[],"class_list":["post-80292","post","type-post","status-publish","format-standard","has-post-thumbnail","hentry","category-nacional"],"yoast_head":"<!-- This site is optimized with the Yoast SEO plugin v27.5 - https:\/\/yoast.com\/product\/yoast-seo-wordpress\/ -->\n<title>Matan a paciente que era custodiado en hospital privado de Sinaloa - Canal 7 SLP - 2019<\/title>\n<meta name=\"robots\" content=\"index, follow, max-snippet:-1, max-image-preview:large, max-video-preview:-1\" \/>\n<link rel=\"canonical\" href=\"https:\/\/canal7slp.tv\/2019\/matan-a-paciente-que-era-custodiado-en-hospital-privado-de-sinaloa\/\" \/>\n<meta property=\"og:locale\" content=\"es_ES\" \/>\n<meta property=\"og:type\" content=\"article\" \/>\n<meta property=\"og:title\" content=\"Matan a paciente que era custodiado en hospital privado de Sinaloa - Canal 7 SLP - 2019\" \/>\n<meta property=\"og:description\" content=\"Seis hombres armados ingresaron al hospital privado, sometieron al polic\u00eda municipal y asesinaron al hombre de 31 a\u00f1os de edad Sinaloa.- En el \u00e1rea de recuperaci\u00f3n de un hospital privado de esta ciudad, un paciente que hab\u00eda ingresado con una lesi\u00f3n de arma de fuego y se encontraba bajo resguardo de un elemento de la [&hellip;]\" \/>\n<meta property=\"og:url\" content=\"https:\/\/canal7slp.tv\/2019\/matan-a-paciente-que-era-custodiado-en-hospital-privado-de-sinaloa\/\" \/>\n<meta property=\"og:site_name\" content=\"Canal 7 SLP - 2019\" \/>\n<meta property=\"article:publisher\" content=\"https:\/\/www.facebook.com\/CANAL7SLP\/\" \/>\n<meta property=\"article:published_time\" content=\"2019-11-07T20:26:35+00:00\" \/>\n<meta property=\"og:image\" content=\"https:\/\/canal7slp.tv\/2019\/wp-content\/uploads\/2019\/11\/1520-4.jpg\" \/>\n\t<meta property=\"og:image:width\" content=\"729\" \/>\n\t<meta property=\"og:image:height\" content=\"408\" \/>\n\t<meta property=\"og:image:type\" content=\"image\/jpeg\" \/>\n<meta name=\"author\" content=\"edicionweb\" \/>\n<meta name=\"twitter:card\" content=\"summary_large_image\" \/>\n<meta name=\"twitter:creator\" content=\"@canal7_slp\" \/>\n<meta name=\"twitter:site\" content=\"@canal7_slp\" \/>\n<meta name=\"twitter:label1\" content=\"Escrito por\" \/>\n\t<meta name=\"twitter:data1\" content=\"edicionweb\" \/>\n\t<meta name=\"twitter:label2\" content=\"Tiempo de lectura\" \/>\n\t<meta name=\"twitter:data2\" content=\"2 minutos\" \/>\n<script type=\"application\/ld+json\" class=\"yoast-schema-graph\">{\"@context\":\"https:\\\/\\\/schema.org\",\"@graph\":[{\"@type\":\"Article\",\"@id\":\"https:\\\/\\\/canal7slp.tv\\\/2019\\\/matan-a-paciente-que-era-custodiado-en-hospital-privado-de-sinaloa\\\/#article\",\"isPartOf\":{\"@id\":\"https:\\\/\\\/canal7slp.tv\\\/2019\\\/matan-a-paciente-que-era-custodiado-en-hospital-privado-de-sinaloa\\\/\"},\"author\":{\"name\":\"edicionweb\",\"@id\":\"https:\\\/\\\/canal7slp.tv\\\/2019\\\/#\\\/schema\\\/person\\\/11d941c1c6ca30ac0a46b95fa37aa2e3\"},\"headline\":\"Matan a paciente que era custodiado en hospital privado de Sinaloa\",\"datePublished\":\"2019-11-07T20:26:35+00:00\",\"mainEntityOfPage\":{\"@id\":\"https:\\\/\\\/canal7slp.tv\\\/2019\\\/matan-a-paciente-que-era-custodiado-en-hospital-privado-de-sinaloa\\\/\"},\"wordCount\":446,\"commentCount\":0,\"publisher\":{\"@id\":\"https:\\\/\\\/canal7slp.tv\\\/2019\\\/#organization\"},\"image\":{\"@id\":\"https:\\\/\\\/canal7slp.tv\\\/2019\\\/matan-a-paciente-que-era-custodiado-en-hospital-privado-de-sinaloa\\\/#primaryimage\"},\"thumbnailUrl\":\"https:\\\/\\\/canal7slp.tv\\\/2019\\\/wp-content\\\/uploads\\\/2019\\\/11\\\/1520-4.jpg\",\"articleSection\":[\"NACIONAL\"],\"inLanguage\":\"es\",\"potentialAction\":[{\"@type\":\"CommentAction\",\"name\":\"Comment\",\"target\":[\"https:\\\/\\\/canal7slp.tv\\\/2019\\\/matan-a-paciente-que-era-custodiado-en-hospital-privado-de-sinaloa\\\/#respond\"]}]},{\"@type\":\"WebPage\",\"@id\":\"https:\\\/\\\/canal7slp.tv\\\/2019\\\/matan-a-paciente-que-era-custodiado-en-hospital-privado-de-sinaloa\\\/\",\"url\":\"https:\\\/\\\/canal7slp.tv\\\/2019\\\/matan-a-paciente-que-era-custodiado-en-hospital-privado-de-sinaloa\\\/\",\"name\":\"Matan a paciente que era custodiado en hospital privado de Sinaloa - Canal 7 SLP - 2019\",\"isPartOf\":{\"@id\":\"https:\\\/\\\/canal7slp.tv\\\/2019\\\/#website\"},\"primaryImageOfPage\":{\"@id\":\"https:\\\/\\\/canal7slp.tv\\\/2019\\\/matan-a-paciente-que-era-custodiado-en-hospital-privado-de-sinaloa\\\/#primaryimage\"},\"image\":{\"@id\":\"https:\\\/\\\/canal7slp.tv\\\/2019\\\/matan-a-paciente-que-era-custodiado-en-hospital-privado-de-sinaloa\\\/#primaryimage\"},\"thumbnailUrl\":\"https:\\\/\\\/canal7slp.tv\\\/2019\\\/wp-content\\\/uploads\\\/2019\\\/11\\\/1520-4.jpg\",\"datePublished\":\"2019-11-07T20:26:35+00:00\",\"breadcrumb\":{\"@id\":\"https:\\\/\\\/canal7slp.tv\\\/2019\\\/matan-a-paciente-que-era-custodiado-en-hospital-privado-de-sinaloa\\\/#breadcrumb\"},\"inLanguage\":\"es\",\"potentialAction\":[{\"@type\":\"ReadAction\",\"target\":[\"https:\\\/\\\/canal7slp.tv\\\/2019\\\/matan-a-paciente-que-era-custodiado-en-hospital-privado-de-sinaloa\\\/\"]}]},{\"@type\":\"ImageObject\",\"inLanguage\":\"es\",\"@id\":\"https:\\\/\\\/canal7slp.tv\\\/2019\\\/matan-a-paciente-que-era-custodiado-en-hospital-privado-de-sinaloa\\\/#primaryimage\",\"url\":\"https:\\\/\\\/canal7slp.tv\\\/2019\\\/wp-content\\\/uploads\\\/2019\\\/11\\\/1520-4.jpg\",\"contentUrl\":\"https:\\\/\\\/canal7slp.tv\\\/2019\\\/wp-content\\\/uploads\\\/2019\\\/11\\\/1520-4.jpg\",\"width\":729,\"height\":408},{\"@type\":\"BreadcrumbList\",\"@id\":\"https:\\\/\\\/canal7slp.tv\\\/2019\\\/matan-a-paciente-que-era-custodiado-en-hospital-privado-de-sinaloa\\\/#breadcrumb\",\"itemListElement\":[{\"@type\":\"ListItem\",\"position\":1,\"name\":\"Home\",\"item\":\"https:\\\/\\\/canal7slp.tv\\\/2019\\\/\"},{\"@type\":\"ListItem\",\"position\":2,\"name\":\"Matan a paciente que era custodiado en hospital privado de Sinaloa\"}]},{\"@type\":\"WebSite\",\"@id\":\"https:\\\/\\\/canal7slp.tv\\\/2019\\\/#website\",\"url\":\"https:\\\/\\\/canal7slp.tv\\\/2019\\\/\",\"name\":\"Canal 7 SLP - Somos TV\",\"description\":\"Somos un Canal de 10\",\"publisher\":{\"@id\":\"https:\\\/\\\/canal7slp.tv\\\/2019\\\/#organization\"},\"potentialAction\":[{\"@type\":\"SearchAction\",\"target\":{\"@type\":\"EntryPoint\",\"urlTemplate\":\"https:\\\/\\\/canal7slp.tv\\\/2019\\\/?s={search_term_string}\"},\"query-input\":{\"@type\":\"PropertyValueSpecification\",\"valueRequired\":true,\"valueName\":\"search_term_string\"}}],\"inLanguage\":\"es\"},{\"@type\":\"Organization\",\"@id\":\"https:\\\/\\\/canal7slp.tv\\\/2019\\\/#organization\",\"name\":\"Comunicaci\u00f3n 2000 S.A. de C.V.\",\"url\":\"https:\\\/\\\/canal7slp.tv\\\/2019\\\/\",\"logo\":{\"@type\":\"ImageObject\",\"inLanguage\":\"es\",\"@id\":\"https:\\\/\\\/canal7slp.tv\\\/2019\\\/#\\\/schema\\\/logo\\\/image\\\/\",\"url\":\"https:\\\/\\\/canal7slp.tv\\\/2019\\\/wp-content\\\/uploads\\\/2019\\\/07\\\/logo-c7.png\",\"contentUrl\":\"https:\\\/\\\/canal7slp.tv\\\/2019\\\/wp-content\\\/uploads\\\/2019\\\/07\\\/logo-c7.png\",\"width\":220,\"height\":60,\"caption\":\"Comunicaci\u00f3n 2000 S.A. de C.V.\"},\"image\":{\"@id\":\"https:\\\/\\\/canal7slp.tv\\\/2019\\\/#\\\/schema\\\/logo\\\/image\\\/\"},\"sameAs\":[\"https:\\\/\\\/www.facebook.com\\\/CANAL7SLP\\\/\",\"https:\\\/\\\/x.com\\\/canal7_slp\",\"https:\\\/\\\/www.instagram.com\\\/canal7_slp\",\"https:\\\/\\\/www.youtube.com\\\/user\\\/NOTICIEROSCANAL7SLP\\\/\"]},{\"@type\":\"Person\",\"@id\":\"https:\\\/\\\/canal7slp.tv\\\/2019\\\/#\\\/schema\\\/person\\\/11d941c1c6ca30ac0a46b95fa37aa2e3\",\"name\":\"edicionweb\",\"image\":{\"@type\":\"ImageObject\",\"inLanguage\":\"es\",\"@id\":\"https:\\\/\\\/secure.gravatar.com\\\/avatar\\\/eee448fc3f7164808013b816ba91ac7e43bbe82a70bebac296f8bc6f0addaa1a?s=96&d=mm&r=g\",\"url\":\"https:\\\/\\\/secure.gravatar.com\\\/avatar\\\/eee448fc3f7164808013b816ba91ac7e43bbe82a70bebac296f8bc6f0addaa1a?s=96&d=mm&r=g\",\"contentUrl\":\"https:\\\/\\\/secure.gravatar.com\\\/avatar\\\/eee448fc3f7164808013b816ba91ac7e43bbe82a70bebac296f8bc6f0addaa1a?s=96&d=mm&r=g\",\"caption\":\"edicionweb\"}}]}<\/script>\n<!-- \/ Yoast SEO plugin. -->","yoast_head_json":{"title":"Matan a paciente que era custodiado en hospital privado de Sinaloa - Canal 7 SLP - 2019","robots":{"index":"index","follow":"follow","max-snippet":"max-snippet:-1","max-image-preview":"max-image-preview:large","max-video-preview":"max-video-preview:-1"},"canonical":"https:\/\/canal7slp.tv\/2019\/matan-a-paciente-que-era-custodiado-en-hospital-privado-de-sinaloa\/","og_locale":"es_ES","og_type":"article","og_title":"Matan a paciente que era custodiado en hospital privado de Sinaloa - Canal 7 SLP - 2019","og_description":"Seis hombres armados ingresaron al hospital privado, sometieron al polic\u00eda municipal y asesinaron al hombre de 31 a\u00f1os de edad Sinaloa.- En el \u00e1rea de recuperaci\u00f3n de un hospital privado de esta ciudad, un paciente que hab\u00eda ingresado con una lesi\u00f3n de arma de fuego y se encontraba bajo resguardo de un elemento de la [&hellip;]","og_url":"https:\/\/canal7slp.tv\/2019\/matan-a-paciente-que-era-custodiado-en-hospital-privado-de-sinaloa\/","og_site_name":"Canal 7 SLP - 2019","article_publisher":"https:\/\/www.facebook.com\/CANAL7SLP\/","article_published_time":"2019-11-07T20:26:35+00:00","og_image":[{"width":729,"height":408,"url":"https:\/\/canal7slp.tv\/2019\/wp-content\/uploads\/2019\/11\/1520-4.jpg","type":"image\/jpeg"}],"author":"edicionweb","twitter_card":"summary_large_image","twitter_creator":"@canal7_slp","twitter_site":"@canal7_slp","twitter_misc":{"Escrito por":"edicionweb","Tiempo de lectura":"2 minutos"},"schema":{"@context":"https:\/\/schema.org","@graph":[{"@type":"Article","@id":"https:\/\/canal7slp.tv\/2019\/matan-a-paciente-que-era-custodiado-en-hospital-privado-de-sinaloa\/#article","isPartOf":{"@id":"https:\/\/canal7slp.tv\/2019\/matan-a-paciente-que-era-custodiado-en-hospital-privado-de-sinaloa\/"},"author":{"name":"edicionweb","@id":"https:\/\/canal7slp.tv\/2019\/#\/schema\/person\/11d941c1c6ca30ac0a46b95fa37aa2e3"},"headline":"Matan a paciente que era custodiado en hospital privado de Sinaloa","datePublished":"2019-11-07T20:26:35+00:00","mainEntityOfPage":{"@id":"https:\/\/canal7slp.tv\/2019\/matan-a-paciente-que-era-custodiado-en-hospital-privado-de-sinaloa\/"},"wordCount":446,"commentCount":0,"publisher":{"@id":"https:\/\/canal7slp.tv\/2019\/#organization"},"image":{"@id":"https:\/\/canal7slp.tv\/2019\/matan-a-paciente-que-era-custodiado-en-hospital-privado-de-sinaloa\/#primaryimage"},"thumbnailUrl":"https:\/\/canal7slp.tv\/2019\/wp-content\/uploads\/2019\/11\/1520-4.jpg","articleSection":["NACIONAL"],"inLanguage":"es","potentialAction":[{"@type":"CommentAction","name":"Comment","target":["https:\/\/canal7slp.tv\/2019\/matan-a-paciente-que-era-custodiado-en-hospital-privado-de-sinaloa\/#respond"]}]},{"@type":"WebPage","@id":"https:\/\/canal7slp.tv\/2019\/matan-a-paciente-que-era-custodiado-en-hospital-privado-de-sinaloa\/","url":"https:\/\/canal7slp.tv\/2019\/matan-a-paciente-que-era-custodiado-en-hospital-privado-de-sinaloa\/","name":"Matan a paciente que era custodiado en hospital privado de Sinaloa - Canal 7 SLP - 2019","isPartOf":{"@id":"https:\/\/canal7slp.tv\/2019\/#website"},"primaryImageOfPage":{"@id":"https:\/\/canal7slp.tv\/2019\/matan-a-paciente-que-era-custodiado-en-hospital-privado-de-sinaloa\/#primaryimage"},"image":{"@id":"https:\/\/canal7slp.tv\/2019\/matan-a-paciente-que-era-custodiado-en-hospital-privado-de-sinaloa\/#primaryimage"},"thumbnailUrl":"https:\/\/canal7slp.tv\/2019\/wp-content\/uploads\/2019\/11\/1520-4.jpg","datePublished":"2019-11-07T20:26:35+00:00","breadcrumb":{"@id":"https:\/\/canal7slp.tv\/2019\/matan-a-paciente-que-era-custodiado-en-hospital-privado-de-sinaloa\/#breadcrumb"},"inLanguage":"es","potentialAction":[{"@type":"ReadAction","target":["https:\/\/canal7slp.tv\/2019\/matan-a-paciente-que-era-custodiado-en-hospital-privado-de-sinaloa\/"]}]},{"@type":"ImageObject","inLanguage":"es","@id":"https:\/\/canal7slp.tv\/2019\/matan-a-paciente-que-era-custodiado-en-hospital-privado-de-sinaloa\/#primaryimage","url":"https:\/\/canal7slp.tv\/2019\/wp-content\/uploads\/2019\/11\/1520-4.jpg","contentUrl":"https:\/\/canal7slp.tv\/2019\/wp-content\/uploads\/2019\/11\/1520-4.jpg","width":729,"height":408},{"@type":"BreadcrumbList","@id":"https:\/\/canal7slp.tv\/2019\/matan-a-paciente-que-era-custodiado-en-hospital-privado-de-sinaloa\/#breadcrumb","itemListElement":[{"@type":"ListItem","position":1,"name":"Home","item":"https:\/\/canal7slp.tv\/2019\/"},{"@type":"ListItem","position":2,"name":"Matan a paciente que era custodiado en hospital privado de Sinaloa"}]},{"@type":"WebSite","@id":"https:\/\/canal7slp.tv\/2019\/#website","url":"https:\/\/canal7slp.tv\/2019\/","name":"Canal 7 SLP - Somos TV","description":"Somos un Canal de 10","publisher":{"@id":"https:\/\/canal7slp.tv\/2019\/#organization"},"potentialAction":[{"@type":"SearchAction","target":{"@type":"EntryPoint","urlTemplate":"https:\/\/canal7slp.tv\/2019\/?s={search_term_string}"},"query-input":{"@type":"PropertyValueSpecification","valueRequired":true,"valueName":"search_term_string"}}],"inLanguage":"es"},{"@type":"Organization","@id":"https:\/\/canal7slp.tv\/2019\/#organization","name":"Comunicaci\u00f3n 2000 S.A. de C.V.","url":"https:\/\/canal7slp.tv\/2019\/","logo":{"@type":"ImageObject","inLanguage":"es","@id":"https:\/\/canal7slp.tv\/2019\/#\/schema\/logo\/image\/","url":"https:\/\/canal7slp.tv\/2019\/wp-content\/uploads\/2019\/07\/logo-c7.png","contentUrl":"https:\/\/canal7slp.tv\/2019\/wp-content\/uploads\/2019\/07\/logo-c7.png","width":220,"height":60,"caption":"Comunicaci\u00f3n 2000 S.A. de C.V."},"image":{"@id":"https:\/\/canal7slp.tv\/2019\/#\/schema\/logo\/image\/"},"sameAs":["https:\/\/www.facebook.com\/CANAL7SLP\/","https:\/\/x.com\/canal7_slp","https:\/\/www.instagram.com\/canal7_slp","https:\/\/www.youtube.com\/user\/NOTICIEROSCANAL7SLP\/"]},{"@type":"Person","@id":"https:\/\/canal7slp.tv\/2019\/#\/schema\/person\/11d941c1c6ca30ac0a46b95fa37aa2e3","name":"edicionweb","image":{"@type":"ImageObject","inLanguage":"es","@id":"https:\/\/secure.gravatar.com\/avatar\/eee448fc3f7164808013b816ba91ac7e43bbe82a70bebac296f8bc6f0addaa1a?s=96&d=mm&r=g","url":"https:\/\/secure.gravatar.com\/avatar\/eee448fc3f7164808013b816ba91ac7e43bbe82a70bebac296f8bc6f0addaa1a?s=96&d=mm&r=g","contentUrl":"https:\/\/secure.gravatar.com\/avatar\/eee448fc3f7164808013b816ba91ac7e43bbe82a70bebac296f8bc6f0addaa1a?s=96&d=mm&r=g","caption":"edicionweb"}}]}},"amp_enabled":true,"cmb2":{"video_ids_in_playlist":{"vid_p_videos":""},"video_ids_in_channel":{"vid_c_videos":""},"playlist_ids_in_channel":{"vid_c_playlists":""},"series_ids_in_channel":{"vid_c_series":""},"channel_images":{"vid_c_logo":"","vid_c_banner":""},"poster_feature_image":{"vid_m_poster_image":""},"gif_feature_image":{"vid_m_gif_image":""},"video_movie_settings":{"vid_m_director":"","vid_m_actor":"","vid_m_imdb_ratings":"","vid_m_amazon_associates":""},"vid_youtube_broadcasts_settings":{"vid_yb_broadcast_title":"","vid_yb_q":"","vid_yb_channelid":"","vid_yb_videocategoryid":"","vid_yb_maxresults":"","vid_yb_order":"","vid_yb_regioncode":"","vid_yb_videosyndicated":"","vid_yb_style":"","vid_yb_reload_first":""},"video_series_settings":{"vid_m_director":"","vid_m_actor":"","vid_m_imdb_ratings":"","video_series_group":""},"amazon_associates_settings":{"amazon_associates":"","amazon_native_ad":""},"vid_youtube_automatic_settings":{"vid_ya_youtube_source":"","vid_ya_update_every":"","vid_ya_update_unit":"","vid_ya_categories":"","vid_ya_published_after":"","vid_ya_published_before":"","vid_ya_playlists":"","vid_ya_channels":"","vid_ya_director":"","vid_ya_actor":"","vid_ya_author":"","vid_ya_import_post_date":"","vid_ya_status":"","vid_ya_sub_api_key":""},"vid_ads_m_videoads_settings_post":{"vid_ads_m_video_ads":"","vid_ads_m_video_ads_type":"","vid_ads_m_group_google_ima":"","vid_ads_m_group_image":"","vid_ads_m_group_html5_video":"","vid_ads_m_group_html":"","vid_ads_m_vast_preroll":"","vid_ads_m_vast_postroll":"","vid_ads_m_vast_pauseroll":"","vid_ads_m_vast_midroll":[{"vid_ads_m_vast_timer_seconds":"50"}],"vid_ads_m_time_to_show_ads":"","vid_ads_m_time_skip_ads":"","vid_ads_m_time_to_hide_ads":""},"page_slider_settings":{"display_slider_group":"","page_slider_group":""},"blog_page_settings":{"blog_page_title":"","blog_page_heading":"","blog_page_ic":"","blog_page_it":"","blog_page_ec":"","blog_page_ip":"","archive_loop_style":"","blog_image_ratio":"","blog_show_categories":"","blog_show_excerpt":"","blog_show_author":"","blog_show_date":"","blog_show_comment_count":"","blog_show_view_count":"","blog_show_like_count":"","blog_show_dislike_count":"","blog_items_per_page":"","blog_pag_type":""},"page_options":{"get_page_template":"","color_mode":"","main_layout":"","main_layout_full_with":"","main_logo":"","main_logo_retina":"","main_logo_mobile":"","main_logo_mobile_retina":"","sticky_logo":"","sticky_logo_retina":"","main_nav_layout":"","ajax_search":"","header_background":"","theme_sidebar":"","instagram_feed":"","instagram_feed_position":"","popular_videos":"","popular_videos_title_1":"","popular_videos_title_2":"","popular_videos_ic":"","popular_videos_it":"","theme_background":"","page_custom_css":""},"feature_image_settings":{"feature_image_position":""},"video_player_settings":{"single_video_style":"","video_player_position":"","vm_video_url":"","video_player_library":"","video_streaming":"","vm_media_sources":"","vid_auto_play":"","vm_video_shortcode":"","vid_p_sync_playlist":"","vid_c_sync_channel":"","get_post_format":"","multiple_links_structure":"default","multi_links_title":"","vm_video_multi_links":"","vm_duration":"","vid_social_locker":"off","vid_social_locker_id":"","vid_membership_action":"content-video","vm_video_trailer_url":"","vid_download_type":"free","vid_download_target":"download","vid_woo_product":"","vm_media_download":"","user_rating":"","user_rating_position":"","user_rating_mode":"","user_rating_multi_sets":""},"video_auto_fetch_settings":{"vm_video_fetch":"on"},"video_fake_views_likes":{"vm_fake_views":"","vm_fake_likes":"","vm_fake_dislikes":""},"gallery_settings":{"gallery_position":""},"quote_settings":{"quote_position":""},"post_options":{"main_layout":"","main_logo":"","main_logo_retina":"","main_logo_mobile":"","main_logo_mobile_retina":"","sticky_logo":"","sticky_logo_retina":"","main_nav_layout":"","header_background":"","theme_sidebar":"","single_post_comment_type":"","theme_background":""}},"_links":{"self":[{"href":"https:\/\/canal7slp.tv\/2019\/wp-json\/wp\/v2\/posts\/80292","targetHints":{"allow":["GET"]}}],"collection":[{"href":"https:\/\/canal7slp.tv\/2019\/wp-json\/wp\/v2\/posts"}],"about":[{"href":"https:\/\/canal7slp.tv\/2019\/wp-json\/wp\/v2\/types\/post"}],"author":[{"embeddable":true,"href":"https:\/\/canal7slp.tv\/2019\/wp-json\/wp\/v2\/users\/2"}],"replies":[{"embeddable":true,"href":"https:\/\/canal7slp.tv\/2019\/wp-json\/wp\/v2\/comments?post=80292"}],"version-history":[{"count":0,"href":"https:\/\/canal7slp.tv\/2019\/wp-json\/wp\/v2\/posts\/80292\/revisions"}],"wp:featuredmedia":[{"embeddable":true,"href":"https:\/\/canal7slp.tv\/2019\/wp-json\/wp\/v2\/media\/80293"}],"wp:attachment":[{"href":"https:\/\/canal7slp.tv\/2019\/wp-json\/wp\/v2\/media?parent=80292"}],"wp:term":[{"taxonomy":"category","embeddable":true,"href":"https:\/\/canal7slp.tv\/2019\/wp-json\/wp\/v2\/categories?post=80292"},{"taxonomy":"post_tag","embeddable":true,"href":"https:\/\/canal7slp.tv\/2019\/wp-json\/wp\/v2\/tags?post=80292"}],"curies":[{"name":"wp","href":"https:\/\/api.w.org\/{rel}","templated":true}]}}