{"id":8027,"date":"2019-06-06T13:43:04","date_gmt":"2019-06-06T18:43:04","guid":{"rendered":"https:\/\/canal7slp.tv\/2019\/?p=8027"},"modified":"2019-06-06T13:43:04","modified_gmt":"2019-06-06T18:43:04","slug":"pepe-arevalo-evoca-sus-glorias-en-recorrido-por-la-colonia-roma","status":"publish","type":"post","link":"https:\/\/canal7slp.tv\/2019\/pepe-arevalo-evoca-sus-glorias-en-recorrido-por-la-colonia-roma\/","title":{"rendered":"Pepe Ar\u00e9valo evoca sus glorias en recorrido por la colonia Roma"},"content":{"rendered":"<p style=\"text-align: justify\">M\u00e9xico.- Con la mirada fija y llena de emoci\u00f3n, sin ocultar su felicidad, el pianista y m\u00fasico mexicano Pepe Ar\u00e9valo se reencontr\u00f3 con su pasado de manera fugaz al acudir en la Ciudad de M\u00e9xico al predio donde alguna vez estuvo su centro de espect\u00e1culos El Gran Le\u00f3n, hoy convertido en mercado gourmet en la colonia Roma.<\/p>\n<p style=\"text-align: justify\">Con dificultad para hablar de manera fluida a consecuencia de la embolia que por alg\u00fan tiempo lo retir\u00f3 de la m\u00fasica y lo oblig\u00f3 a vender su negocio, recuerda que este foro de Quer\u00e9taro 225 abri\u00f3 sus puertas a las grandes orquestas y sonoras cubanas.<\/p>\n<p style=\"text-align: justify\">\u201cEsto fue un gran foro que vio bailar a embajadores, gobernadores, periodistas y todo tipo de gente; un foro en el que se rodaron pel\u00edculas, incluso hice m\u00e1s cintas que canciones. Se lo compr\u00e9 al Charro Avitia, me lo traspas\u00f3 y marqu\u00e9 parte de mi historia y del folclor urbano del entonces Distrito Federal\u201d.<\/p>\n<p style=\"text-align: justify\">Agradece que el sitio, que fue considerado la Catedral de la Salsa, lo hayan inaugurado los periodistas Lourdes Guerrero y Guillermo Ochoa, quienes lo bautizaron como El Gran Le\u00f3n, donde tocaron los mejores artistas del mundo, como Enrique Jorr\u00edn con la Orquesta Arag\u00f3n.<\/p>\n<p style=\"text-align: justify\">El fundador del grupo Pepe Ar\u00e9valo y sus Mulatos, con el que hizo \u00e9poca, menciona que en este sitio lleg\u00f3 a tomarse fotos con Celia Cruz, Enrique Jorr\u00edn, la Orquesta de Luis Arcaraz y muchos otros exponentes.<\/p>\n<p style=\"text-align: justify\">\u201cHa cambiado todo, al grado de que incluso ya no existe la vida nocturna en la Ciudad de M\u00e9xico, cuando antes hab\u00eda cabarets de todos los tipos y para todos los bolsillos\u201d, asegura.<\/p>\n<p style=\"text-align: justify\">\u201cHay fotos memorables que me llenan de recuerdos y nostalgia, pero sobre todo de inmensa felicidad, por lo que he logrado a trav\u00e9s de la m\u00fasica, porque por ella viaj\u00e9 por todo el mundo y cant\u00e9 lo mismo para la realeza que para plebeyos; por la m\u00fasica soy lo que soy y tengo a mis hijos, la m\u00fasica es y ser\u00e1 todo para m\u00ed&#8221;.<\/p>\n<p style=\"text-align: justify\">&#8220;No puedo olvidar mis viajes a \u00c1frica, a Marruecos, donde toqu\u00e9 siete a\u00f1os consecutivos ante los reyes de estas tierras.\u00a0Conoc\u00ed Estados Unidos, Holanda, B\u00e9lgica, Espa\u00f1a, Alemania, Luxemburgo, Irlanda y Reino Unido, donde mis discos pegaron, como el que hice al lado de Luis Demetrio; otro que gust\u00f3 en Europa fue el de Mart\u00edn Urieta&#8221;.<\/p>\n<p style=\"text-align: justify\">Ar\u00e9valo explica que su visita al desaparecido foro El Gran Le\u00f3n fue porque los empresarios del Mercado Roma conservaron los cuadros de pel\u00edculas y aniversarios del lugar.<\/p>\n<p style=\"text-align: justify\">Se sorprendi\u00f3 al verse en una foto al lado de Venus Rey, exdirigente de los m\u00fasicos, a quien consider\u00f3 uno de sus m\u00e1s grandes amigos. Tambi\u00e9n\u00a0\u201cest\u00e1n los cuadros de aniversario de El Gran Le\u00f3n. No extra\u00f1o el lugar, porque se cumpli\u00f3 con la causa de la m\u00fasica y si la vida as\u00ed me trat\u00f3 al perder la ves\u00edcula, la mitad del h\u00edgado y una embolia que me dej\u00f3 secuelas, puedo decir bien hecho, porque eso me hizo m\u00e1s fuerte\u201d.<\/p>\n<p style=\"text-align: justify\">Agrega que la embolia que le atrofi\u00f3 el o\u00eddo y el habla no fue pretexto &#8220;para que yo tirara la toalla, no recuerdo bien, pero hace 25 a\u00f1os me retir\u00f3 de los escenarios, pero yo pude m\u00e1s que ella y sigo tocando. Incluso, despu\u00e9s de vender este local y ya un poco recuperado, abr\u00ed otro foro en la calle de R\u00edo Tiber, pero no result\u00f3 y ahora tengo la idea de abrir uno m\u00e1s en la Roma. En realidad no recuerdo cu\u00e1l fue la \u00faltima canci\u00f3n que toqu\u00e9 aqu\u00ed\u201d.<\/p>\n<p style=\"text-align: justify\">Dice no arrepentirse de nada y sentirse complacido de saber que si se retira, lo har\u00e1 con dignidad.<\/p>\n<p style=\"text-align: justify\">\u201cNo quiero dar l\u00e1stima al subir a los escenarios, no quiero que la gente me vea acabado y sin fuerzas, as\u00ed que me doy dos a\u00f1os m\u00e1s para continuar llevando mi m\u00fasica y seguir tocando mis canciones favoritas como\u00a0<em>Oye Salom\u00e9<\/em>,<em>\u00a0Caballo viejo<\/em>\u00a0y\u00a0<em>Urge<\/em>.<\/p>\n<p style=\"text-align: justify\">Asegura que ha cumplido con todo, incluso con su padre porque por \u00e9l estudi\u00f3 una carrera corta comercial y obtuvo su t\u00edtulo, pero como no ganaba bien con un certificado, &#8220;decid\u00ed darle a la m\u00fasica y form\u00e9 mi agrupaci\u00f3n, con la que empec\u00e9 a ganar lo que yo quer\u00eda; ahora est\u00e1 mi hijo Josu\u00e9 por sacar la discograf\u00eda que tengo y tomaremos de pretexto el &#8216;show&#8217; del festejo por 60 a\u00f1os de trayectoria art\u00edstica que ofrecer\u00e9 en un recinto de la Ciudad de M\u00e9xico para promocionarlo&#8221;.<\/p>\n<p style=\"text-align: justify\">Precisa que esa noche, el 21 de junio, lo acompa\u00f1ar\u00e1n en el escenario Susana Zabaleta, Javier B\u00e1tiz, Agrupaci\u00f3n Cari\u00f1o, Horacio Franco, Ana Cirr\u00e9 y Rodrigo de la Cadena; \u201cpero antes de esa\u00a0actuaci\u00f3n tocaremos&#8221; en otro recinto de la capital del pa\u00eds.<\/p>\n","protected":false},"excerpt":{"rendered":"<p>M\u00e9xico.- Con la mirada fija y llena de emoci\u00f3n, sin ocultar su felicidad, el pianista y m\u00fasico mexicano Pepe Ar\u00e9valo se reencontr\u00f3 con su pasado de manera fugaz al acudir en la Ciudad de M\u00e9xico al predio donde alguna vez estuvo su centro de espect\u00e1culos El Gran Le\u00f3n, hoy convertido en mercado gourmet en la [&hellip;]<\/p>\n","protected":false},"author":2,"featured_media":8029,"comment_status":"open","ping_status":"closed","sticky":false,"template":"","format":"standard","meta":{"footnotes":""},"categories":[24],"tags":[],"class_list":["post-8027","post","type-post","status-publish","format-standard","has-post-thumbnail","hentry","category-espectaculos"],"yoast_head":"<!-- This site is optimized with the Yoast SEO plugin v27.5 - https:\/\/yoast.com\/product\/yoast-seo-wordpress\/ -->\n<title>Pepe Ar\u00e9valo evoca sus glorias en recorrido por la colonia Roma - Canal 7 SLP - 2019<\/title>\n<meta name=\"robots\" content=\"index, follow, max-snippet:-1, max-image-preview:large, max-video-preview:-1\" \/>\n<link rel=\"canonical\" href=\"https:\/\/canal7slp.tv\/2019\/pepe-arevalo-evoca-sus-glorias-en-recorrido-por-la-colonia-roma\/\" \/>\n<meta property=\"og:locale\" content=\"es_ES\" \/>\n<meta property=\"og:type\" content=\"article\" \/>\n<meta property=\"og:title\" content=\"Pepe Ar\u00e9valo evoca sus glorias en recorrido por la colonia Roma - Canal 7 SLP - 2019\" \/>\n<meta property=\"og:description\" content=\"M\u00e9xico.- Con la mirada fija y llena de emoci\u00f3n, sin ocultar su felicidad, el pianista y m\u00fasico mexicano Pepe Ar\u00e9valo se reencontr\u00f3 con su pasado de manera fugaz al acudir en la Ciudad de M\u00e9xico al predio donde alguna vez estuvo su centro de espect\u00e1culos El Gran Le\u00f3n, hoy convertido en mercado gourmet en la [&hellip;]\" \/>\n<meta property=\"og:url\" content=\"https:\/\/canal7slp.tv\/2019\/pepe-arevalo-evoca-sus-glorias-en-recorrido-por-la-colonia-roma\/\" \/>\n<meta property=\"og:site_name\" content=\"Canal 7 SLP - 2019\" \/>\n<meta property=\"article:publisher\" content=\"https:\/\/www.facebook.com\/CANAL7SLP\/\" \/>\n<meta property=\"article:published_time\" content=\"2019-06-06T18:43:04+00:00\" \/>\n<meta property=\"og:image\" content=\"https:\/\/canal7slp.tv\/2019\/wp-content\/uploads\/2019\/06\/12-2.jpg\" \/>\n\t<meta property=\"og:image:width\" content=\"1000\" \/>\n\t<meta property=\"og:image:height\" content=\"665\" \/>\n\t<meta property=\"og:image:type\" content=\"image\/jpeg\" \/>\n<meta name=\"author\" content=\"edicionweb\" \/>\n<meta name=\"twitter:card\" content=\"summary_large_image\" \/>\n<meta name=\"twitter:creator\" content=\"@canal7_slp\" \/>\n<meta name=\"twitter:site\" content=\"@canal7_slp\" \/>\n<meta name=\"twitter:label1\" content=\"Escrito por\" \/>\n\t<meta name=\"twitter:data1\" content=\"edicionweb\" \/>\n\t<meta name=\"twitter:label2\" content=\"Tiempo de lectura\" \/>\n\t<meta name=\"twitter:data2\" content=\"4 minutos\" \/>\n<script type=\"application\/ld+json\" class=\"yoast-schema-graph\">{\"@context\":\"https:\\\/\\\/schema.org\",\"@graph\":[{\"@type\":\"Article\",\"@id\":\"https:\\\/\\\/canal7slp.tv\\\/2019\\\/pepe-arevalo-evoca-sus-glorias-en-recorrido-por-la-colonia-roma\\\/#article\",\"isPartOf\":{\"@id\":\"https:\\\/\\\/canal7slp.tv\\\/2019\\\/pepe-arevalo-evoca-sus-glorias-en-recorrido-por-la-colonia-roma\\\/\"},\"author\":{\"name\":\"edicionweb\",\"@id\":\"https:\\\/\\\/canal7slp.tv\\\/2019\\\/#\\\/schema\\\/person\\\/11d941c1c6ca30ac0a46b95fa37aa2e3\"},\"headline\":\"Pepe Ar\u00e9valo evoca sus glorias en recorrido por la colonia Roma\",\"datePublished\":\"2019-06-06T18:43:04+00:00\",\"mainEntityOfPage\":{\"@id\":\"https:\\\/\\\/canal7slp.tv\\\/2019\\\/pepe-arevalo-evoca-sus-glorias-en-recorrido-por-la-colonia-roma\\\/\"},\"wordCount\":851,\"commentCount\":0,\"publisher\":{\"@id\":\"https:\\\/\\\/canal7slp.tv\\\/2019\\\/#organization\"},\"image\":{\"@id\":\"https:\\\/\\\/canal7slp.tv\\\/2019\\\/pepe-arevalo-evoca-sus-glorias-en-recorrido-por-la-colonia-roma\\\/#primaryimage\"},\"thumbnailUrl\":\"https:\\\/\\\/canal7slp.tv\\\/2019\\\/wp-content\\\/uploads\\\/2019\\\/06\\\/12-2.jpg\",\"articleSection\":[\"ESPECTACULOS\"],\"inLanguage\":\"es\",\"potentialAction\":[{\"@type\":\"CommentAction\",\"name\":\"Comment\",\"target\":[\"https:\\\/\\\/canal7slp.tv\\\/2019\\\/pepe-arevalo-evoca-sus-glorias-en-recorrido-por-la-colonia-roma\\\/#respond\"]}]},{\"@type\":\"WebPage\",\"@id\":\"https:\\\/\\\/canal7slp.tv\\\/2019\\\/pepe-arevalo-evoca-sus-glorias-en-recorrido-por-la-colonia-roma\\\/\",\"url\":\"https:\\\/\\\/canal7slp.tv\\\/2019\\\/pepe-arevalo-evoca-sus-glorias-en-recorrido-por-la-colonia-roma\\\/\",\"name\":\"Pepe Ar\u00e9valo evoca sus glorias en recorrido por la colonia Roma - Canal 7 SLP - 2019\",\"isPartOf\":{\"@id\":\"https:\\\/\\\/canal7slp.tv\\\/2019\\\/#website\"},\"primaryImageOfPage\":{\"@id\":\"https:\\\/\\\/canal7slp.tv\\\/2019\\\/pepe-arevalo-evoca-sus-glorias-en-recorrido-por-la-colonia-roma\\\/#primaryimage\"},\"image\":{\"@id\":\"https:\\\/\\\/canal7slp.tv\\\/2019\\\/pepe-arevalo-evoca-sus-glorias-en-recorrido-por-la-colonia-roma\\\/#primaryimage\"},\"thumbnailUrl\":\"https:\\\/\\\/canal7slp.tv\\\/2019\\\/wp-content\\\/uploads\\\/2019\\\/06\\\/12-2.jpg\",\"datePublished\":\"2019-06-06T18:43:04+00:00\",\"breadcrumb\":{\"@id\":\"https:\\\/\\\/canal7slp.tv\\\/2019\\\/pepe-arevalo-evoca-sus-glorias-en-recorrido-por-la-colonia-roma\\\/#breadcrumb\"},\"inLanguage\":\"es\",\"potentialAction\":[{\"@type\":\"ReadAction\",\"target\":[\"https:\\\/\\\/canal7slp.tv\\\/2019\\\/pepe-arevalo-evoca-sus-glorias-en-recorrido-por-la-colonia-roma\\\/\"]}]},{\"@type\":\"ImageObject\",\"inLanguage\":\"es\",\"@id\":\"https:\\\/\\\/canal7slp.tv\\\/2019\\\/pepe-arevalo-evoca-sus-glorias-en-recorrido-por-la-colonia-roma\\\/#primaryimage\",\"url\":\"https:\\\/\\\/canal7slp.tv\\\/2019\\\/wp-content\\\/uploads\\\/2019\\\/06\\\/12-2.jpg\",\"contentUrl\":\"https:\\\/\\\/canal7slp.tv\\\/2019\\\/wp-content\\\/uploads\\\/2019\\\/06\\\/12-2.jpg\",\"width\":1000,\"height\":665},{\"@type\":\"BreadcrumbList\",\"@id\":\"https:\\\/\\\/canal7slp.tv\\\/2019\\\/pepe-arevalo-evoca-sus-glorias-en-recorrido-por-la-colonia-roma\\\/#breadcrumb\",\"itemListElement\":[{\"@type\":\"ListItem\",\"position\":1,\"name\":\"Home\",\"item\":\"https:\\\/\\\/canal7slp.tv\\\/2019\\\/\"},{\"@type\":\"ListItem\",\"position\":2,\"name\":\"Pepe Ar\u00e9valo evoca sus glorias en recorrido por la colonia Roma\"}]},{\"@type\":\"WebSite\",\"@id\":\"https:\\\/\\\/canal7slp.tv\\\/2019\\\/#website\",\"url\":\"https:\\\/\\\/canal7slp.tv\\\/2019\\\/\",\"name\":\"Canal 7 SLP - Somos TV\",\"description\":\"Somos un Canal de 10\",\"publisher\":{\"@id\":\"https:\\\/\\\/canal7slp.tv\\\/2019\\\/#organization\"},\"potentialAction\":[{\"@type\":\"SearchAction\",\"target\":{\"@type\":\"EntryPoint\",\"urlTemplate\":\"https:\\\/\\\/canal7slp.tv\\\/2019\\\/?s={search_term_string}\"},\"query-input\":{\"@type\":\"PropertyValueSpecification\",\"valueRequired\":true,\"valueName\":\"search_term_string\"}}],\"inLanguage\":\"es\"},{\"@type\":\"Organization\",\"@id\":\"https:\\\/\\\/canal7slp.tv\\\/2019\\\/#organization\",\"name\":\"Comunicaci\u00f3n 2000 S.A. de C.V.\",\"url\":\"https:\\\/\\\/canal7slp.tv\\\/2019\\\/\",\"logo\":{\"@type\":\"ImageObject\",\"inLanguage\":\"es\",\"@id\":\"https:\\\/\\\/canal7slp.tv\\\/2019\\\/#\\\/schema\\\/logo\\\/image\\\/\",\"url\":\"https:\\\/\\\/canal7slp.tv\\\/2019\\\/wp-content\\\/uploads\\\/2019\\\/07\\\/logo-c7.png\",\"contentUrl\":\"https:\\\/\\\/canal7slp.tv\\\/2019\\\/wp-content\\\/uploads\\\/2019\\\/07\\\/logo-c7.png\",\"width\":220,\"height\":60,\"caption\":\"Comunicaci\u00f3n 2000 S.A. de C.V.\"},\"image\":{\"@id\":\"https:\\\/\\\/canal7slp.tv\\\/2019\\\/#\\\/schema\\\/logo\\\/image\\\/\"},\"sameAs\":[\"https:\\\/\\\/www.facebook.com\\\/CANAL7SLP\\\/\",\"https:\\\/\\\/x.com\\\/canal7_slp\",\"https:\\\/\\\/www.instagram.com\\\/canal7_slp\",\"https:\\\/\\\/www.youtube.com\\\/user\\\/NOTICIEROSCANAL7SLP\\\/\"]},{\"@type\":\"Person\",\"@id\":\"https:\\\/\\\/canal7slp.tv\\\/2019\\\/#\\\/schema\\\/person\\\/11d941c1c6ca30ac0a46b95fa37aa2e3\",\"name\":\"edicionweb\",\"image\":{\"@type\":\"ImageObject\",\"inLanguage\":\"es\",\"@id\":\"https:\\\/\\\/secure.gravatar.com\\\/avatar\\\/eee448fc3f7164808013b816ba91ac7e43bbe82a70bebac296f8bc6f0addaa1a?s=96&d=mm&r=g\",\"url\":\"https:\\\/\\\/secure.gravatar.com\\\/avatar\\\/eee448fc3f7164808013b816ba91ac7e43bbe82a70bebac296f8bc6f0addaa1a?s=96&d=mm&r=g\",\"contentUrl\":\"https:\\\/\\\/secure.gravatar.com\\\/avatar\\\/eee448fc3f7164808013b816ba91ac7e43bbe82a70bebac296f8bc6f0addaa1a?s=96&d=mm&r=g\",\"caption\":\"edicionweb\"}}]}<\/script>\n<!-- \/ Yoast SEO plugin. -->","yoast_head_json":{"title":"Pepe Ar\u00e9valo evoca sus glorias en recorrido por la colonia Roma - Canal 7 SLP - 2019","robots":{"index":"index","follow":"follow","max-snippet":"max-snippet:-1","max-image-preview":"max-image-preview:large","max-video-preview":"max-video-preview:-1"},"canonical":"https:\/\/canal7slp.tv\/2019\/pepe-arevalo-evoca-sus-glorias-en-recorrido-por-la-colonia-roma\/","og_locale":"es_ES","og_type":"article","og_title":"Pepe Ar\u00e9valo evoca sus glorias en recorrido por la colonia Roma - Canal 7 SLP - 2019","og_description":"M\u00e9xico.- Con la mirada fija y llena de emoci\u00f3n, sin ocultar su felicidad, el pianista y m\u00fasico mexicano Pepe Ar\u00e9valo se reencontr\u00f3 con su pasado de manera fugaz al acudir en la Ciudad de M\u00e9xico al predio donde alguna vez estuvo su centro de espect\u00e1culos El Gran Le\u00f3n, hoy convertido en mercado gourmet en la [&hellip;]","og_url":"https:\/\/canal7slp.tv\/2019\/pepe-arevalo-evoca-sus-glorias-en-recorrido-por-la-colonia-roma\/","og_site_name":"Canal 7 SLP - 2019","article_publisher":"https:\/\/www.facebook.com\/CANAL7SLP\/","article_published_time":"2019-06-06T18:43:04+00:00","og_image":[{"width":1000,"height":665,"url":"https:\/\/canal7slp.tv\/2019\/wp-content\/uploads\/2019\/06\/12-2.jpg","type":"image\/jpeg"}],"author":"edicionweb","twitter_card":"summary_large_image","twitter_creator":"@canal7_slp","twitter_site":"@canal7_slp","twitter_misc":{"Escrito por":"edicionweb","Tiempo de lectura":"4 minutos"},"schema":{"@context":"https:\/\/schema.org","@graph":[{"@type":"Article","@id":"https:\/\/canal7slp.tv\/2019\/pepe-arevalo-evoca-sus-glorias-en-recorrido-por-la-colonia-roma\/#article","isPartOf":{"@id":"https:\/\/canal7slp.tv\/2019\/pepe-arevalo-evoca-sus-glorias-en-recorrido-por-la-colonia-roma\/"},"author":{"name":"edicionweb","@id":"https:\/\/canal7slp.tv\/2019\/#\/schema\/person\/11d941c1c6ca30ac0a46b95fa37aa2e3"},"headline":"Pepe Ar\u00e9valo evoca sus glorias en recorrido por la colonia Roma","datePublished":"2019-06-06T18:43:04+00:00","mainEntityOfPage":{"@id":"https:\/\/canal7slp.tv\/2019\/pepe-arevalo-evoca-sus-glorias-en-recorrido-por-la-colonia-roma\/"},"wordCount":851,"commentCount":0,"publisher":{"@id":"https:\/\/canal7slp.tv\/2019\/#organization"},"image":{"@id":"https:\/\/canal7slp.tv\/2019\/pepe-arevalo-evoca-sus-glorias-en-recorrido-por-la-colonia-roma\/#primaryimage"},"thumbnailUrl":"https:\/\/canal7slp.tv\/2019\/wp-content\/uploads\/2019\/06\/12-2.jpg","articleSection":["ESPECTACULOS"],"inLanguage":"es","potentialAction":[{"@type":"CommentAction","name":"Comment","target":["https:\/\/canal7slp.tv\/2019\/pepe-arevalo-evoca-sus-glorias-en-recorrido-por-la-colonia-roma\/#respond"]}]},{"@type":"WebPage","@id":"https:\/\/canal7slp.tv\/2019\/pepe-arevalo-evoca-sus-glorias-en-recorrido-por-la-colonia-roma\/","url":"https:\/\/canal7slp.tv\/2019\/pepe-arevalo-evoca-sus-glorias-en-recorrido-por-la-colonia-roma\/","name":"Pepe Ar\u00e9valo evoca sus glorias en recorrido por la colonia Roma - Canal 7 SLP - 2019","isPartOf":{"@id":"https:\/\/canal7slp.tv\/2019\/#website"},"primaryImageOfPage":{"@id":"https:\/\/canal7slp.tv\/2019\/pepe-arevalo-evoca-sus-glorias-en-recorrido-por-la-colonia-roma\/#primaryimage"},"image":{"@id":"https:\/\/canal7slp.tv\/2019\/pepe-arevalo-evoca-sus-glorias-en-recorrido-por-la-colonia-roma\/#primaryimage"},"thumbnailUrl":"https:\/\/canal7slp.tv\/2019\/wp-content\/uploads\/2019\/06\/12-2.jpg","datePublished":"2019-06-06T18:43:04+00:00","breadcrumb":{"@id":"https:\/\/canal7slp.tv\/2019\/pepe-arevalo-evoca-sus-glorias-en-recorrido-por-la-colonia-roma\/#breadcrumb"},"inLanguage":"es","potentialAction":[{"@type":"ReadAction","target":["https:\/\/canal7slp.tv\/2019\/pepe-arevalo-evoca-sus-glorias-en-recorrido-por-la-colonia-roma\/"]}]},{"@type":"ImageObject","inLanguage":"es","@id":"https:\/\/canal7slp.tv\/2019\/pepe-arevalo-evoca-sus-glorias-en-recorrido-por-la-colonia-roma\/#primaryimage","url":"https:\/\/canal7slp.tv\/2019\/wp-content\/uploads\/2019\/06\/12-2.jpg","contentUrl":"https:\/\/canal7slp.tv\/2019\/wp-content\/uploads\/2019\/06\/12-2.jpg","width":1000,"height":665},{"@type":"BreadcrumbList","@id":"https:\/\/canal7slp.tv\/2019\/pepe-arevalo-evoca-sus-glorias-en-recorrido-por-la-colonia-roma\/#breadcrumb","itemListElement":[{"@type":"ListItem","position":1,"name":"Home","item":"https:\/\/canal7slp.tv\/2019\/"},{"@type":"ListItem","position":2,"name":"Pepe Ar\u00e9valo evoca sus glorias en recorrido por la colonia Roma"}]},{"@type":"WebSite","@id":"https:\/\/canal7slp.tv\/2019\/#website","url":"https:\/\/canal7slp.tv\/2019\/","name":"Canal 7 SLP - Somos TV","description":"Somos un Canal de 10","publisher":{"@id":"https:\/\/canal7slp.tv\/2019\/#organization"},"potentialAction":[{"@type":"SearchAction","target":{"@type":"EntryPoint","urlTemplate":"https:\/\/canal7slp.tv\/2019\/?s={search_term_string}"},"query-input":{"@type":"PropertyValueSpecification","valueRequired":true,"valueName":"search_term_string"}}],"inLanguage":"es"},{"@type":"Organization","@id":"https:\/\/canal7slp.tv\/2019\/#organization","name":"Comunicaci\u00f3n 2000 S.A. de C.V.","url":"https:\/\/canal7slp.tv\/2019\/","logo":{"@type":"ImageObject","inLanguage":"es","@id":"https:\/\/canal7slp.tv\/2019\/#\/schema\/logo\/image\/","url":"https:\/\/canal7slp.tv\/2019\/wp-content\/uploads\/2019\/07\/logo-c7.png","contentUrl":"https:\/\/canal7slp.tv\/2019\/wp-content\/uploads\/2019\/07\/logo-c7.png","width":220,"height":60,"caption":"Comunicaci\u00f3n 2000 S.A. de C.V."},"image":{"@id":"https:\/\/canal7slp.tv\/2019\/#\/schema\/logo\/image\/"},"sameAs":["https:\/\/www.facebook.com\/CANAL7SLP\/","https:\/\/x.com\/canal7_slp","https:\/\/www.instagram.com\/canal7_slp","https:\/\/www.youtube.com\/user\/NOTICIEROSCANAL7SLP\/"]},{"@type":"Person","@id":"https:\/\/canal7slp.tv\/2019\/#\/schema\/person\/11d941c1c6ca30ac0a46b95fa37aa2e3","name":"edicionweb","image":{"@type":"ImageObject","inLanguage":"es","@id":"https:\/\/secure.gravatar.com\/avatar\/eee448fc3f7164808013b816ba91ac7e43bbe82a70bebac296f8bc6f0addaa1a?s=96&d=mm&r=g","url":"https:\/\/secure.gravatar.com\/avatar\/eee448fc3f7164808013b816ba91ac7e43bbe82a70bebac296f8bc6f0addaa1a?s=96&d=mm&r=g","contentUrl":"https:\/\/secure.gravatar.com\/avatar\/eee448fc3f7164808013b816ba91ac7e43bbe82a70bebac296f8bc6f0addaa1a?s=96&d=mm&r=g","caption":"edicionweb"}}]}},"amp_enabled":true,"cmb2":{"video_ids_in_playlist":{"vid_p_videos":""},"video_ids_in_channel":{"vid_c_videos":""},"playlist_ids_in_channel":{"vid_c_playlists":""},"series_ids_in_channel":{"vid_c_series":""},"channel_images":{"vid_c_logo":"","vid_c_banner":""},"poster_feature_image":{"vid_m_poster_image":""},"gif_feature_image":{"vid_m_gif_image":""},"video_movie_settings":{"vid_m_director":"","vid_m_actor":"","vid_m_imdb_ratings":"","vid_m_amazon_associates":""},"vid_youtube_broadcasts_settings":{"vid_yb_broadcast_title":"","vid_yb_q":"","vid_yb_channelid":"","vid_yb_videocategoryid":"","vid_yb_maxresults":"","vid_yb_order":"","vid_yb_regioncode":"","vid_yb_videosyndicated":"","vid_yb_style":"","vid_yb_reload_first":""},"video_series_settings":{"vid_m_director":"","vid_m_actor":"","vid_m_imdb_ratings":"","video_series_group":""},"amazon_associates_settings":{"amazon_associates":"","amazon_native_ad":""},"vid_youtube_automatic_settings":{"vid_ya_youtube_source":"","vid_ya_update_every":"","vid_ya_update_unit":"","vid_ya_categories":"","vid_ya_published_after":"","vid_ya_published_before":"","vid_ya_playlists":"","vid_ya_channels":"","vid_ya_director":"","vid_ya_actor":"","vid_ya_author":"","vid_ya_import_post_date":"","vid_ya_status":"","vid_ya_sub_api_key":""},"vid_ads_m_videoads_settings_post":{"vid_ads_m_video_ads":"","vid_ads_m_video_ads_type":"","vid_ads_m_group_google_ima":"","vid_ads_m_group_image":"","vid_ads_m_group_html5_video":"","vid_ads_m_group_html":"","vid_ads_m_vast_preroll":"","vid_ads_m_vast_postroll":"","vid_ads_m_vast_pauseroll":"","vid_ads_m_vast_midroll":[{"vid_ads_m_vast_timer_seconds":"50"}],"vid_ads_m_time_to_show_ads":"","vid_ads_m_time_skip_ads":"","vid_ads_m_time_to_hide_ads":""},"page_slider_settings":{"display_slider_group":"","page_slider_group":""},"blog_page_settings":{"blog_page_title":"","blog_page_heading":"","blog_page_ic":"","blog_page_it":"","blog_page_ec":"","blog_page_ip":"","archive_loop_style":"","blog_image_ratio":"","blog_show_categories":"","blog_show_excerpt":"","blog_show_author":"","blog_show_date":"","blog_show_comment_count":"","blog_show_view_count":"","blog_show_like_count":"","blog_show_dislike_count":"","blog_items_per_page":"","blog_pag_type":""},"page_options":{"get_page_template":"","color_mode":"","main_layout":"","main_layout_full_with":"","main_logo":"","main_logo_retina":"","main_logo_mobile":"","main_logo_mobile_retina":"","sticky_logo":"","sticky_logo_retina":"","main_nav_layout":"","ajax_search":"","header_background":"","theme_sidebar":"","instagram_feed":"","instagram_feed_position":"","popular_videos":"","popular_videos_title_1":"","popular_videos_title_2":"","popular_videos_ic":"","popular_videos_it":"","theme_background":"","page_custom_css":""},"feature_image_settings":{"feature_image_position":""},"video_player_settings":{"single_video_style":"","video_player_position":"","vm_video_url":"","video_player_library":"","video_streaming":"","vm_media_sources":"","vid_auto_play":"","vm_video_shortcode":"","vid_p_sync_playlist":"","vid_c_sync_channel":"","get_post_format":"","multiple_links_structure":"default","multi_links_title":"","vm_video_multi_links":"","vm_duration":"","vid_social_locker":"off","vid_social_locker_id":"","vid_membership_action":"content-video","vm_video_trailer_url":"","vid_download_type":"free","vid_download_target":"download","vid_woo_product":"","vm_media_download":"","user_rating":"","user_rating_position":"","user_rating_mode":"","user_rating_multi_sets":""},"video_auto_fetch_settings":{"vm_video_fetch":"on"},"video_fake_views_likes":{"vm_fake_views":"","vm_fake_likes":"","vm_fake_dislikes":""},"gallery_settings":{"gallery_position":""},"quote_settings":{"quote_position":""},"post_options":{"main_layout":"","main_logo":"","main_logo_retina":"","main_logo_mobile":"","main_logo_mobile_retina":"","sticky_logo":"","sticky_logo_retina":"","main_nav_layout":"","header_background":"","theme_sidebar":"","single_post_comment_type":"","theme_background":""}},"_links":{"self":[{"href":"https:\/\/canal7slp.tv\/2019\/wp-json\/wp\/v2\/posts\/8027","targetHints":{"allow":["GET"]}}],"collection":[{"href":"https:\/\/canal7slp.tv\/2019\/wp-json\/wp\/v2\/posts"}],"about":[{"href":"https:\/\/canal7slp.tv\/2019\/wp-json\/wp\/v2\/types\/post"}],"author":[{"embeddable":true,"href":"https:\/\/canal7slp.tv\/2019\/wp-json\/wp\/v2\/users\/2"}],"replies":[{"embeddable":true,"href":"https:\/\/canal7slp.tv\/2019\/wp-json\/wp\/v2\/comments?post=8027"}],"version-history":[{"count":0,"href":"https:\/\/canal7slp.tv\/2019\/wp-json\/wp\/v2\/posts\/8027\/revisions"}],"wp:featuredmedia":[{"embeddable":true,"href":"https:\/\/canal7slp.tv\/2019\/wp-json\/wp\/v2\/media\/8029"}],"wp:attachment":[{"href":"https:\/\/canal7slp.tv\/2019\/wp-json\/wp\/v2\/media?parent=8027"}],"wp:term":[{"taxonomy":"category","embeddable":true,"href":"https:\/\/canal7slp.tv\/2019\/wp-json\/wp\/v2\/categories?post=8027"},{"taxonomy":"post_tag","embeddable":true,"href":"https:\/\/canal7slp.tv\/2019\/wp-json\/wp\/v2\/tags?post=8027"}],"curies":[{"name":"wp","href":"https:\/\/api.w.org\/{rel}","templated":true}]}}