{"id":8026,"date":"2019-06-06T13:43:02","date_gmt":"2019-06-06T18:43:02","guid":{"rendered":"https:\/\/canal7slp.tv\/2019\/?p=8026"},"modified":"2019-06-06T13:43:02","modified_gmt":"2019-06-06T18:43:02","slug":"se-buscara-apoyo-especial-a-festival-de-cine-de-morelia-sergio-mayer","status":"publish","type":"post","link":"https:\/\/canal7slp.tv\/2019\/se-buscara-apoyo-especial-a-festival-de-cine-de-morelia-sergio-mayer\/","title":{"rendered":"Se buscar\u00e1 apoyo especial a Festival de Cine de Morelia: Sergio Mayer"},"content":{"rendered":"<p style=\"text-align: justify\">M\u00e9xico.- Sergio Mayer, presidente de la Comisi\u00f3n de Cultura y Cinematograf\u00eda de la C\u00e1mara de Diputados, asegur\u00f3 que los presupuestos destinados a los proyectos de promoci\u00f3n f\u00edlmica han sido evaluados a partir del impacto social, cultural y econ\u00f3mico que tienen.<\/p>\n<p style=\"text-align: justify\">\u201cSe han buscado a los mejores proyectos. En el caso de Profest (Programa de Apoyo a Festivales Culturales y Art\u00edsticos para el ejercicio fiscal 2019) atendieron la convocatoria m\u00e1s de 400 proyectos y resultaron favorecidos 89\u201d, refiri\u00f3 Mayer Bret\u00f3n en el marco de la presentaci\u00f3n del Anuario Estad\u00edstico del Cine Mexicano 2018.<\/p>\n<p style=\"text-align: justify\">Al preguntarle por qu\u00e9 el Festival Internacional de Cine de Morelia (FICM) no result\u00f3 favorecido, en su calidad de observador, el legislador de Morena refiri\u00f3 que se trata de un caso excepcional que va a pasar a un rango especial.<\/p>\n<p style=\"text-align: justify\">\u201cVamos a buscar un rango especial y vamos a buscar un apoyo especial de la Secretar\u00eda de Cultura, porque s\u00ed calificaba y de alguna manera entreg\u00f3 todos los documentos. Lamentablemente por un tema que no les corresponde a ellos, sino al estado de Michoac\u00e1n, de temas financieros, no pudo entrar en el proyecto de Profest\u201d, indic\u00f3.<\/p>\n<p style=\"text-align: justify\">Mayer Bret\u00f3n puntualiz\u00f3 que este es un caso excepcional, porque no les corresponde a ellos el tema o deuda que pueda tener el estado (Michoac\u00e1n). \u201cEsa es la realidad y por eso se tendr\u00e1 una excepci\u00f3n\u201d, dijo.<\/p>\n<p style=\"text-align: justify\">Ley cinematogr\u00e1fica<\/p>\n<p style=\"text-align: justify\">La pr\u00f3xima mesa de trabajo sobre la Ley Federal de Cinematograf\u00eda tendr\u00e1 lugar la segunda quincena de junio en la C\u00e1mara de Diputados, con el objetivo de analizar las modificaciones pertinentes en beneficio de la comunidad art\u00edstica y cultural del pa\u00eds, refiri\u00f3 el legislador.<\/p>\n<p style=\"text-align: justify\">Entre los temas a tratar, indic\u00f3 que se busca fortalecer a la industria cinematogr\u00e1fica no de manera paternalista, pero s\u00ed \u201ccon apoyos para que su desarrollo sea m\u00e1s favorable en materia de impacto social, cultural, econ\u00f3mico y medi\u00e1tico\u201d.<\/p>\n<p style=\"text-align: justify\">Indic\u00f3 que una de las tem\u00e1ticas que se est\u00e1 abordando es la de la exhibici\u00f3n que piden los productores. \u201cSin embargo, estamos conscientes de que la preferencia del p\u00fablico no se va a llevar a cabo por un plumazo (firma) o por una ley, es decir, no porque pongamos en un decreto que se exhiba una cantidad de cine \u2013que adem\u00e1s violar\u00eda el derecho de los exhibidores porque es un negocio privado- lograremos el objetivo\u201d, se\u00f1al\u00f3.<\/p>\n<p style=\"text-align: justify\">A decir de Mayer, los tiempos en pantalla no pueden ser por decreto, porque intervienen los gustos de los espectadores. \u201cTenemos que mejorar la calidad, los contenidos, las producciones, y tenemos que buscar otras alternativas para los guionistas; eso es lo que hay que favorecer, hay que favorecer la industria pero desde abajo, desde los creadores.<\/p>\n<p style=\"text-align: justify\">\u201cPorque el hecho de que se den m\u00e1s salas no quiere decir que la gente vaya a ir a ver las pel\u00edculas. Adem\u00e1s, yo no creo que los exhibidores est\u00e9n peleados con su negocio. Un exhibidor definitivamente quiere espectadores y hay pel\u00edculas mexicanas que han tenido incluso m\u00e1s \u00e9xito que las americanas, ah\u00ed est\u00e1n los n\u00fameros, entonces hay una f\u00f3rmula que a algunos les ha funcionado, y es lo que hay que buscar y fortalecer\u201d, insisti\u00f3.<\/p>\n<p style=\"text-align: justify\">Aunque los trabajos de reforma de ley han sido puestos en la mesa en varias ocasiones y legislaciones, Sergio Mayer se dijo convencido de que en esta Legislatura \u201cvamos a poder consensuar, porque se trata de hacer un trabajo democr\u00e1tico, que sea un parlamento abierto. Somos una Comisi\u00f3n de Cultura abierta donde se escuchan todas las voces\u201d.<\/p>\n<p style=\"text-align: justify\">En la mesa de trabajo anterior, dijo, \u201cse escucharon todas las opiniones. No hubo sombrerazos ni descalificaciones, hubo propuestas, as\u00ed que conf\u00edo mucho en que se concrete esta reforma de ley\u201d.<\/p>\n","protected":false},"excerpt":{"rendered":"<p>M\u00e9xico.- Sergio Mayer, presidente de la Comisi\u00f3n de Cultura y Cinematograf\u00eda de la C\u00e1mara de Diputados, asegur\u00f3 que los presupuestos destinados a los proyectos de promoci\u00f3n f\u00edlmica han sido evaluados a partir del impacto social, cultural y econ\u00f3mico que tienen. \u201cSe han buscado a los mejores proyectos. En el caso de Profest (Programa de Apoyo [&hellip;]<\/p>\n","protected":false},"author":2,"featured_media":8028,"comment_status":"open","ping_status":"closed","sticky":false,"template":"","format":"standard","meta":{"footnotes":""},"categories":[24],"tags":[],"class_list":["post-8026","post","type-post","status-publish","format-standard","has-post-thumbnail","hentry","category-espectaculos"],"yoast_head":"<!-- This site is optimized with the Yoast SEO plugin v27.5 - https:\/\/yoast.com\/product\/yoast-seo-wordpress\/ -->\n<title>Se buscar\u00e1 apoyo especial a Festival de Cine de Morelia: Sergio Mayer - Canal 7 SLP - 2019<\/title>\n<meta name=\"robots\" content=\"index, follow, max-snippet:-1, max-image-preview:large, max-video-preview:-1\" \/>\n<link rel=\"canonical\" href=\"https:\/\/canal7slp.tv\/2019\/se-buscara-apoyo-especial-a-festival-de-cine-de-morelia-sergio-mayer\/\" \/>\n<meta property=\"og:locale\" content=\"es_ES\" \/>\n<meta property=\"og:type\" content=\"article\" \/>\n<meta property=\"og:title\" content=\"Se buscar\u00e1 apoyo especial a Festival de Cine de Morelia: Sergio Mayer - Canal 7 SLP - 2019\" \/>\n<meta property=\"og:description\" content=\"M\u00e9xico.- Sergio Mayer, presidente de la Comisi\u00f3n de Cultura y Cinematograf\u00eda de la C\u00e1mara de Diputados, asegur\u00f3 que los presupuestos destinados a los proyectos de promoci\u00f3n f\u00edlmica han sido evaluados a partir del impacto social, cultural y econ\u00f3mico que tienen. \u201cSe han buscado a los mejores proyectos. En el caso de Profest (Programa de Apoyo [&hellip;]\" \/>\n<meta property=\"og:url\" content=\"https:\/\/canal7slp.tv\/2019\/se-buscara-apoyo-especial-a-festival-de-cine-de-morelia-sergio-mayer\/\" \/>\n<meta property=\"og:site_name\" content=\"Canal 7 SLP - 2019\" \/>\n<meta property=\"article:publisher\" content=\"https:\/\/www.facebook.com\/CANAL7SLP\/\" \/>\n<meta property=\"article:published_time\" content=\"2019-06-06T18:43:02+00:00\" \/>\n<meta property=\"og:image\" content=\"https:\/\/canal7slp.tv\/2019\/wp-content\/uploads\/2019\/06\/11-2.jpg\" \/>\n\t<meta property=\"og:image:width\" content=\"683\" \/>\n\t<meta property=\"og:image:height\" content=\"410\" \/>\n\t<meta property=\"og:image:type\" content=\"image\/jpeg\" \/>\n<meta name=\"author\" content=\"edicionweb\" \/>\n<meta name=\"twitter:card\" content=\"summary_large_image\" \/>\n<meta name=\"twitter:creator\" content=\"@canal7_slp\" \/>\n<meta name=\"twitter:site\" content=\"@canal7_slp\" \/>\n<meta name=\"twitter:label1\" content=\"Escrito por\" \/>\n\t<meta name=\"twitter:data1\" content=\"edicionweb\" \/>\n\t<meta name=\"twitter:label2\" content=\"Tiempo de lectura\" \/>\n\t<meta name=\"twitter:data2\" content=\"3 minutos\" \/>\n<script type=\"application\/ld+json\" class=\"yoast-schema-graph\">{\"@context\":\"https:\\\/\\\/schema.org\",\"@graph\":[{\"@type\":\"Article\",\"@id\":\"https:\\\/\\\/canal7slp.tv\\\/2019\\\/se-buscara-apoyo-especial-a-festival-de-cine-de-morelia-sergio-mayer\\\/#article\",\"isPartOf\":{\"@id\":\"https:\\\/\\\/canal7slp.tv\\\/2019\\\/se-buscara-apoyo-especial-a-festival-de-cine-de-morelia-sergio-mayer\\\/\"},\"author\":{\"name\":\"edicionweb\",\"@id\":\"https:\\\/\\\/canal7slp.tv\\\/2019\\\/#\\\/schema\\\/person\\\/11d941c1c6ca30ac0a46b95fa37aa2e3\"},\"headline\":\"Se buscar\u00e1 apoyo especial a Festival de Cine de Morelia: Sergio Mayer\",\"datePublished\":\"2019-06-06T18:43:02+00:00\",\"mainEntityOfPage\":{\"@id\":\"https:\\\/\\\/canal7slp.tv\\\/2019\\\/se-buscara-apoyo-especial-a-festival-de-cine-de-morelia-sergio-mayer\\\/\"},\"wordCount\":659,\"commentCount\":0,\"publisher\":{\"@id\":\"https:\\\/\\\/canal7slp.tv\\\/2019\\\/#organization\"},\"image\":{\"@id\":\"https:\\\/\\\/canal7slp.tv\\\/2019\\\/se-buscara-apoyo-especial-a-festival-de-cine-de-morelia-sergio-mayer\\\/#primaryimage\"},\"thumbnailUrl\":\"https:\\\/\\\/canal7slp.tv\\\/2019\\\/wp-content\\\/uploads\\\/2019\\\/06\\\/11-2.jpg\",\"articleSection\":[\"ESPECTACULOS\"],\"inLanguage\":\"es\",\"potentialAction\":[{\"@type\":\"CommentAction\",\"name\":\"Comment\",\"target\":[\"https:\\\/\\\/canal7slp.tv\\\/2019\\\/se-buscara-apoyo-especial-a-festival-de-cine-de-morelia-sergio-mayer\\\/#respond\"]}]},{\"@type\":\"WebPage\",\"@id\":\"https:\\\/\\\/canal7slp.tv\\\/2019\\\/se-buscara-apoyo-especial-a-festival-de-cine-de-morelia-sergio-mayer\\\/\",\"url\":\"https:\\\/\\\/canal7slp.tv\\\/2019\\\/se-buscara-apoyo-especial-a-festival-de-cine-de-morelia-sergio-mayer\\\/\",\"name\":\"Se buscar\u00e1 apoyo especial a Festival de Cine de Morelia: Sergio Mayer - Canal 7 SLP - 2019\",\"isPartOf\":{\"@id\":\"https:\\\/\\\/canal7slp.tv\\\/2019\\\/#website\"},\"primaryImageOfPage\":{\"@id\":\"https:\\\/\\\/canal7slp.tv\\\/2019\\\/se-buscara-apoyo-especial-a-festival-de-cine-de-morelia-sergio-mayer\\\/#primaryimage\"},\"image\":{\"@id\":\"https:\\\/\\\/canal7slp.tv\\\/2019\\\/se-buscara-apoyo-especial-a-festival-de-cine-de-morelia-sergio-mayer\\\/#primaryimage\"},\"thumbnailUrl\":\"https:\\\/\\\/canal7slp.tv\\\/2019\\\/wp-content\\\/uploads\\\/2019\\\/06\\\/11-2.jpg\",\"datePublished\":\"2019-06-06T18:43:02+00:00\",\"breadcrumb\":{\"@id\":\"https:\\\/\\\/canal7slp.tv\\\/2019\\\/se-buscara-apoyo-especial-a-festival-de-cine-de-morelia-sergio-mayer\\\/#breadcrumb\"},\"inLanguage\":\"es\",\"potentialAction\":[{\"@type\":\"ReadAction\",\"target\":[\"https:\\\/\\\/canal7slp.tv\\\/2019\\\/se-buscara-apoyo-especial-a-festival-de-cine-de-morelia-sergio-mayer\\\/\"]}]},{\"@type\":\"ImageObject\",\"inLanguage\":\"es\",\"@id\":\"https:\\\/\\\/canal7slp.tv\\\/2019\\\/se-buscara-apoyo-especial-a-festival-de-cine-de-morelia-sergio-mayer\\\/#primaryimage\",\"url\":\"https:\\\/\\\/canal7slp.tv\\\/2019\\\/wp-content\\\/uploads\\\/2019\\\/06\\\/11-2.jpg\",\"contentUrl\":\"https:\\\/\\\/canal7slp.tv\\\/2019\\\/wp-content\\\/uploads\\\/2019\\\/06\\\/11-2.jpg\",\"width\":683,\"height\":410},{\"@type\":\"BreadcrumbList\",\"@id\":\"https:\\\/\\\/canal7slp.tv\\\/2019\\\/se-buscara-apoyo-especial-a-festival-de-cine-de-morelia-sergio-mayer\\\/#breadcrumb\",\"itemListElement\":[{\"@type\":\"ListItem\",\"position\":1,\"name\":\"Home\",\"item\":\"https:\\\/\\\/canal7slp.tv\\\/2019\\\/\"},{\"@type\":\"ListItem\",\"position\":2,\"name\":\"Se buscar\u00e1 apoyo especial a Festival de Cine de Morelia: Sergio Mayer\"}]},{\"@type\":\"WebSite\",\"@id\":\"https:\\\/\\\/canal7slp.tv\\\/2019\\\/#website\",\"url\":\"https:\\\/\\\/canal7slp.tv\\\/2019\\\/\",\"name\":\"Canal 7 SLP - Somos TV\",\"description\":\"Somos un Canal de 10\",\"publisher\":{\"@id\":\"https:\\\/\\\/canal7slp.tv\\\/2019\\\/#organization\"},\"potentialAction\":[{\"@type\":\"SearchAction\",\"target\":{\"@type\":\"EntryPoint\",\"urlTemplate\":\"https:\\\/\\\/canal7slp.tv\\\/2019\\\/?s={search_term_string}\"},\"query-input\":{\"@type\":\"PropertyValueSpecification\",\"valueRequired\":true,\"valueName\":\"search_term_string\"}}],\"inLanguage\":\"es\"},{\"@type\":\"Organization\",\"@id\":\"https:\\\/\\\/canal7slp.tv\\\/2019\\\/#organization\",\"name\":\"Comunicaci\u00f3n 2000 S.A. de C.V.\",\"url\":\"https:\\\/\\\/canal7slp.tv\\\/2019\\\/\",\"logo\":{\"@type\":\"ImageObject\",\"inLanguage\":\"es\",\"@id\":\"https:\\\/\\\/canal7slp.tv\\\/2019\\\/#\\\/schema\\\/logo\\\/image\\\/\",\"url\":\"https:\\\/\\\/canal7slp.tv\\\/2019\\\/wp-content\\\/uploads\\\/2019\\\/07\\\/logo-c7.png\",\"contentUrl\":\"https:\\\/\\\/canal7slp.tv\\\/2019\\\/wp-content\\\/uploads\\\/2019\\\/07\\\/logo-c7.png\",\"width\":220,\"height\":60,\"caption\":\"Comunicaci\u00f3n 2000 S.A. de C.V.\"},\"image\":{\"@id\":\"https:\\\/\\\/canal7slp.tv\\\/2019\\\/#\\\/schema\\\/logo\\\/image\\\/\"},\"sameAs\":[\"https:\\\/\\\/www.facebook.com\\\/CANAL7SLP\\\/\",\"https:\\\/\\\/x.com\\\/canal7_slp\",\"https:\\\/\\\/www.instagram.com\\\/canal7_slp\",\"https:\\\/\\\/www.youtube.com\\\/user\\\/NOTICIEROSCANAL7SLP\\\/\"]},{\"@type\":\"Person\",\"@id\":\"https:\\\/\\\/canal7slp.tv\\\/2019\\\/#\\\/schema\\\/person\\\/11d941c1c6ca30ac0a46b95fa37aa2e3\",\"name\":\"edicionweb\",\"image\":{\"@type\":\"ImageObject\",\"inLanguage\":\"es\",\"@id\":\"https:\\\/\\\/secure.gravatar.com\\\/avatar\\\/eee448fc3f7164808013b816ba91ac7e43bbe82a70bebac296f8bc6f0addaa1a?s=96&d=mm&r=g\",\"url\":\"https:\\\/\\\/secure.gravatar.com\\\/avatar\\\/eee448fc3f7164808013b816ba91ac7e43bbe82a70bebac296f8bc6f0addaa1a?s=96&d=mm&r=g\",\"contentUrl\":\"https:\\\/\\\/secure.gravatar.com\\\/avatar\\\/eee448fc3f7164808013b816ba91ac7e43bbe82a70bebac296f8bc6f0addaa1a?s=96&d=mm&r=g\",\"caption\":\"edicionweb\"}}]}<\/script>\n<!-- \/ Yoast SEO plugin. -->","yoast_head_json":{"title":"Se buscar\u00e1 apoyo especial a Festival de Cine de Morelia: Sergio Mayer - Canal 7 SLP - 2019","robots":{"index":"index","follow":"follow","max-snippet":"max-snippet:-1","max-image-preview":"max-image-preview:large","max-video-preview":"max-video-preview:-1"},"canonical":"https:\/\/canal7slp.tv\/2019\/se-buscara-apoyo-especial-a-festival-de-cine-de-morelia-sergio-mayer\/","og_locale":"es_ES","og_type":"article","og_title":"Se buscar\u00e1 apoyo especial a Festival de Cine de Morelia: Sergio Mayer - Canal 7 SLP - 2019","og_description":"M\u00e9xico.- Sergio Mayer, presidente de la Comisi\u00f3n de Cultura y Cinematograf\u00eda de la C\u00e1mara de Diputados, asegur\u00f3 que los presupuestos destinados a los proyectos de promoci\u00f3n f\u00edlmica han sido evaluados a partir del impacto social, cultural y econ\u00f3mico que tienen. \u201cSe han buscado a los mejores proyectos. En el caso de Profest (Programa de Apoyo [&hellip;]","og_url":"https:\/\/canal7slp.tv\/2019\/se-buscara-apoyo-especial-a-festival-de-cine-de-morelia-sergio-mayer\/","og_site_name":"Canal 7 SLP - 2019","article_publisher":"https:\/\/www.facebook.com\/CANAL7SLP\/","article_published_time":"2019-06-06T18:43:02+00:00","og_image":[{"width":683,"height":410,"url":"https:\/\/canal7slp.tv\/2019\/wp-content\/uploads\/2019\/06\/11-2.jpg","type":"image\/jpeg"}],"author":"edicionweb","twitter_card":"summary_large_image","twitter_creator":"@canal7_slp","twitter_site":"@canal7_slp","twitter_misc":{"Escrito por":"edicionweb","Tiempo de lectura":"3 minutos"},"schema":{"@context":"https:\/\/schema.org","@graph":[{"@type":"Article","@id":"https:\/\/canal7slp.tv\/2019\/se-buscara-apoyo-especial-a-festival-de-cine-de-morelia-sergio-mayer\/#article","isPartOf":{"@id":"https:\/\/canal7slp.tv\/2019\/se-buscara-apoyo-especial-a-festival-de-cine-de-morelia-sergio-mayer\/"},"author":{"name":"edicionweb","@id":"https:\/\/canal7slp.tv\/2019\/#\/schema\/person\/11d941c1c6ca30ac0a46b95fa37aa2e3"},"headline":"Se buscar\u00e1 apoyo especial a Festival de Cine de Morelia: Sergio Mayer","datePublished":"2019-06-06T18:43:02+00:00","mainEntityOfPage":{"@id":"https:\/\/canal7slp.tv\/2019\/se-buscara-apoyo-especial-a-festival-de-cine-de-morelia-sergio-mayer\/"},"wordCount":659,"commentCount":0,"publisher":{"@id":"https:\/\/canal7slp.tv\/2019\/#organization"},"image":{"@id":"https:\/\/canal7slp.tv\/2019\/se-buscara-apoyo-especial-a-festival-de-cine-de-morelia-sergio-mayer\/#primaryimage"},"thumbnailUrl":"https:\/\/canal7slp.tv\/2019\/wp-content\/uploads\/2019\/06\/11-2.jpg","articleSection":["ESPECTACULOS"],"inLanguage":"es","potentialAction":[{"@type":"CommentAction","name":"Comment","target":["https:\/\/canal7slp.tv\/2019\/se-buscara-apoyo-especial-a-festival-de-cine-de-morelia-sergio-mayer\/#respond"]}]},{"@type":"WebPage","@id":"https:\/\/canal7slp.tv\/2019\/se-buscara-apoyo-especial-a-festival-de-cine-de-morelia-sergio-mayer\/","url":"https:\/\/canal7slp.tv\/2019\/se-buscara-apoyo-especial-a-festival-de-cine-de-morelia-sergio-mayer\/","name":"Se buscar\u00e1 apoyo especial a Festival de Cine de Morelia: Sergio Mayer - Canal 7 SLP - 2019","isPartOf":{"@id":"https:\/\/canal7slp.tv\/2019\/#website"},"primaryImageOfPage":{"@id":"https:\/\/canal7slp.tv\/2019\/se-buscara-apoyo-especial-a-festival-de-cine-de-morelia-sergio-mayer\/#primaryimage"},"image":{"@id":"https:\/\/canal7slp.tv\/2019\/se-buscara-apoyo-especial-a-festival-de-cine-de-morelia-sergio-mayer\/#primaryimage"},"thumbnailUrl":"https:\/\/canal7slp.tv\/2019\/wp-content\/uploads\/2019\/06\/11-2.jpg","datePublished":"2019-06-06T18:43:02+00:00","breadcrumb":{"@id":"https:\/\/canal7slp.tv\/2019\/se-buscara-apoyo-especial-a-festival-de-cine-de-morelia-sergio-mayer\/#breadcrumb"},"inLanguage":"es","potentialAction":[{"@type":"ReadAction","target":["https:\/\/canal7slp.tv\/2019\/se-buscara-apoyo-especial-a-festival-de-cine-de-morelia-sergio-mayer\/"]}]},{"@type":"ImageObject","inLanguage":"es","@id":"https:\/\/canal7slp.tv\/2019\/se-buscara-apoyo-especial-a-festival-de-cine-de-morelia-sergio-mayer\/#primaryimage","url":"https:\/\/canal7slp.tv\/2019\/wp-content\/uploads\/2019\/06\/11-2.jpg","contentUrl":"https:\/\/canal7slp.tv\/2019\/wp-content\/uploads\/2019\/06\/11-2.jpg","width":683,"height":410},{"@type":"BreadcrumbList","@id":"https:\/\/canal7slp.tv\/2019\/se-buscara-apoyo-especial-a-festival-de-cine-de-morelia-sergio-mayer\/#breadcrumb","itemListElement":[{"@type":"ListItem","position":1,"name":"Home","item":"https:\/\/canal7slp.tv\/2019\/"},{"@type":"ListItem","position":2,"name":"Se buscar\u00e1 apoyo especial a Festival de Cine de Morelia: Sergio Mayer"}]},{"@type":"WebSite","@id":"https:\/\/canal7slp.tv\/2019\/#website","url":"https:\/\/canal7slp.tv\/2019\/","name":"Canal 7 SLP - Somos TV","description":"Somos un Canal de 10","publisher":{"@id":"https:\/\/canal7slp.tv\/2019\/#organization"},"potentialAction":[{"@type":"SearchAction","target":{"@type":"EntryPoint","urlTemplate":"https:\/\/canal7slp.tv\/2019\/?s={search_term_string}"},"query-input":{"@type":"PropertyValueSpecification","valueRequired":true,"valueName":"search_term_string"}}],"inLanguage":"es"},{"@type":"Organization","@id":"https:\/\/canal7slp.tv\/2019\/#organization","name":"Comunicaci\u00f3n 2000 S.A. de C.V.","url":"https:\/\/canal7slp.tv\/2019\/","logo":{"@type":"ImageObject","inLanguage":"es","@id":"https:\/\/canal7slp.tv\/2019\/#\/schema\/logo\/image\/","url":"https:\/\/canal7slp.tv\/2019\/wp-content\/uploads\/2019\/07\/logo-c7.png","contentUrl":"https:\/\/canal7slp.tv\/2019\/wp-content\/uploads\/2019\/07\/logo-c7.png","width":220,"height":60,"caption":"Comunicaci\u00f3n 2000 S.A. de C.V."},"image":{"@id":"https:\/\/canal7slp.tv\/2019\/#\/schema\/logo\/image\/"},"sameAs":["https:\/\/www.facebook.com\/CANAL7SLP\/","https:\/\/x.com\/canal7_slp","https:\/\/www.instagram.com\/canal7_slp","https:\/\/www.youtube.com\/user\/NOTICIEROSCANAL7SLP\/"]},{"@type":"Person","@id":"https:\/\/canal7slp.tv\/2019\/#\/schema\/person\/11d941c1c6ca30ac0a46b95fa37aa2e3","name":"edicionweb","image":{"@type":"ImageObject","inLanguage":"es","@id":"https:\/\/secure.gravatar.com\/avatar\/eee448fc3f7164808013b816ba91ac7e43bbe82a70bebac296f8bc6f0addaa1a?s=96&d=mm&r=g","url":"https:\/\/secure.gravatar.com\/avatar\/eee448fc3f7164808013b816ba91ac7e43bbe82a70bebac296f8bc6f0addaa1a?s=96&d=mm&r=g","contentUrl":"https:\/\/secure.gravatar.com\/avatar\/eee448fc3f7164808013b816ba91ac7e43bbe82a70bebac296f8bc6f0addaa1a?s=96&d=mm&r=g","caption":"edicionweb"}}]}},"amp_enabled":true,"cmb2":{"video_ids_in_playlist":{"vid_p_videos":""},"video_ids_in_channel":{"vid_c_videos":""},"playlist_ids_in_channel":{"vid_c_playlists":""},"series_ids_in_channel":{"vid_c_series":""},"channel_images":{"vid_c_logo":"","vid_c_banner":""},"poster_feature_image":{"vid_m_poster_image":""},"gif_feature_image":{"vid_m_gif_image":""},"video_movie_settings":{"vid_m_director":"","vid_m_actor":"","vid_m_imdb_ratings":"","vid_m_amazon_associates":""},"vid_youtube_broadcasts_settings":{"vid_yb_broadcast_title":"","vid_yb_q":"","vid_yb_channelid":"","vid_yb_videocategoryid":"","vid_yb_maxresults":"","vid_yb_order":"","vid_yb_regioncode":"","vid_yb_videosyndicated":"","vid_yb_style":"","vid_yb_reload_first":""},"video_series_settings":{"vid_m_director":"","vid_m_actor":"","vid_m_imdb_ratings":"","video_series_group":""},"amazon_associates_settings":{"amazon_associates":"","amazon_native_ad":""},"vid_youtube_automatic_settings":{"vid_ya_youtube_source":"","vid_ya_update_every":"","vid_ya_update_unit":"","vid_ya_categories":"","vid_ya_published_after":"","vid_ya_published_before":"","vid_ya_playlists":"","vid_ya_channels":"","vid_ya_director":"","vid_ya_actor":"","vid_ya_author":"","vid_ya_import_post_date":"","vid_ya_status":"","vid_ya_sub_api_key":""},"vid_ads_m_videoads_settings_post":{"vid_ads_m_video_ads":"","vid_ads_m_video_ads_type":"","vid_ads_m_group_google_ima":"","vid_ads_m_group_image":"","vid_ads_m_group_html5_video":"","vid_ads_m_group_html":"","vid_ads_m_vast_preroll":"","vid_ads_m_vast_postroll":"","vid_ads_m_vast_pauseroll":"","vid_ads_m_vast_midroll":[{"vid_ads_m_vast_timer_seconds":"50"}],"vid_ads_m_time_to_show_ads":"","vid_ads_m_time_skip_ads":"","vid_ads_m_time_to_hide_ads":""},"page_slider_settings":{"display_slider_group":"","page_slider_group":""},"blog_page_settings":{"blog_page_title":"","blog_page_heading":"","blog_page_ic":"","blog_page_it":"","blog_page_ec":"","blog_page_ip":"","archive_loop_style":"","blog_image_ratio":"","blog_show_categories":"","blog_show_excerpt":"","blog_show_author":"","blog_show_date":"","blog_show_comment_count":"","blog_show_view_count":"","blog_show_like_count":"","blog_show_dislike_count":"","blog_items_per_page":"","blog_pag_type":""},"page_options":{"get_page_template":"","color_mode":"","main_layout":"","main_layout_full_with":"","main_logo":"","main_logo_retina":"","main_logo_mobile":"","main_logo_mobile_retina":"","sticky_logo":"","sticky_logo_retina":"","main_nav_layout":"","ajax_search":"","header_background":"","theme_sidebar":"","instagram_feed":"","instagram_feed_position":"","popular_videos":"","popular_videos_title_1":"","popular_videos_title_2":"","popular_videos_ic":"","popular_videos_it":"","theme_background":"","page_custom_css":""},"feature_image_settings":{"feature_image_position":""},"video_player_settings":{"single_video_style":"","video_player_position":"","vm_video_url":"","video_player_library":"","video_streaming":"","vm_media_sources":"","vid_auto_play":"","vm_video_shortcode":"","vid_p_sync_playlist":"","vid_c_sync_channel":"","get_post_format":"","multiple_links_structure":"default","multi_links_title":"","vm_video_multi_links":"","vm_duration":"","vid_social_locker":"off","vid_social_locker_id":"","vid_membership_action":"content-video","vm_video_trailer_url":"","vid_download_type":"free","vid_download_target":"download","vid_woo_product":"","vm_media_download":"","user_rating":"","user_rating_position":"","user_rating_mode":"","user_rating_multi_sets":""},"video_auto_fetch_settings":{"vm_video_fetch":"on"},"video_fake_views_likes":{"vm_fake_views":"","vm_fake_likes":"","vm_fake_dislikes":""},"gallery_settings":{"gallery_position":""},"quote_settings":{"quote_position":""},"post_options":{"main_layout":"","main_logo":"","main_logo_retina":"","main_logo_mobile":"","main_logo_mobile_retina":"","sticky_logo":"","sticky_logo_retina":"","main_nav_layout":"","header_background":"","theme_sidebar":"","single_post_comment_type":"","theme_background":""}},"_links":{"self":[{"href":"https:\/\/canal7slp.tv\/2019\/wp-json\/wp\/v2\/posts\/8026","targetHints":{"allow":["GET"]}}],"collection":[{"href":"https:\/\/canal7slp.tv\/2019\/wp-json\/wp\/v2\/posts"}],"about":[{"href":"https:\/\/canal7slp.tv\/2019\/wp-json\/wp\/v2\/types\/post"}],"author":[{"embeddable":true,"href":"https:\/\/canal7slp.tv\/2019\/wp-json\/wp\/v2\/users\/2"}],"replies":[{"embeddable":true,"href":"https:\/\/canal7slp.tv\/2019\/wp-json\/wp\/v2\/comments?post=8026"}],"version-history":[{"count":0,"href":"https:\/\/canal7slp.tv\/2019\/wp-json\/wp\/v2\/posts\/8026\/revisions"}],"wp:featuredmedia":[{"embeddable":true,"href":"https:\/\/canal7slp.tv\/2019\/wp-json\/wp\/v2\/media\/8028"}],"wp:attachment":[{"href":"https:\/\/canal7slp.tv\/2019\/wp-json\/wp\/v2\/media?parent=8026"}],"wp:term":[{"taxonomy":"category","embeddable":true,"href":"https:\/\/canal7slp.tv\/2019\/wp-json\/wp\/v2\/categories?post=8026"},{"taxonomy":"post_tag","embeddable":true,"href":"https:\/\/canal7slp.tv\/2019\/wp-json\/wp\/v2\/tags?post=8026"}],"curies":[{"name":"wp","href":"https:\/\/api.w.org\/{rel}","templated":true}]}}