{"id":80016,"date":"2019-11-06T13:37:20","date_gmt":"2019-11-06T19:37:20","guid":{"rendered":"https:\/\/canal7slp.tv\/2019\/?p=80016"},"modified":"2019-11-06T13:37:20","modified_gmt":"2019-11-06T19:37:20","slug":"marysol-sosa-lista-para-continuar-el-legado-de-jose-jose","status":"publish","type":"post","link":"https:\/\/canal7slp.tv\/2019\/marysol-sosa-lista-para-continuar-el-legado-de-jose-jose\/","title":{"rendered":"Marysol Sosa, lista para continuar el legado de Jos\u00e9 Jos\u00e9"},"content":{"rendered":"<ul>\n<li style=\"text-align: justify\">La hija de \u201cEl Pr\u00edncipe de la Canci\u00f3n\u201d prepara un espect\u00e1culo y homenajes; participar\u00e1 en la Feria Nacional de la Plata<\/li>\n<\/ul>\n<p style=\"text-align: justify\">M\u00e9xico.- Para Marysol Sosa el legado musical de su padre Jos\u00e9 Jos\u00e9 debe continuar, por lo que ella seguir\u00e1 honr\u00e1ndolo en todos los espacios donde le sea posible con el espect\u00e1culo que ha montado.<\/p>\n<p style=\"text-align: justify\">La hija del int\u00e9rprete de &#8220;La nave del olvido&#8221; se\u00f1al\u00f3 que participar\u00e1 en la Feria Nacional de la Plata, porque considera que en estos tiempos el pa\u00eds lo que necesita es que la gente comparta, de ah\u00ed su idea de continuar recordando a \u201cEl Pr\u00edncipe de la Canci\u00f3n\u201d.<\/p>\n<p style=\"text-align: justify\">La cantante indic\u00f3 que presentar\u00e1 el homenaje a su progenitor en los espacios donde sea invitada, ya que a la muerte del artista el 28 de septiembre ha tenido varias invitaciones, lo que ha hecho que se le hagan algunas modificaciones al espect\u00e1culo.<\/p>\n<p style=\"text-align: justify\">&#8220;Me han llamado de muchas partes como Rep\u00fablica Dominicana y Puerto Rico para ofrecerme su apoyo y su cari\u00f1o, esas son cosas que las guardo en el coraz\u00f3n, porque es un privilegio ser tan querido&#8221;, apunt\u00f3 la segunda hija del cantante con la modelo Anel Nore\u00f1a.<\/p>\n<p style=\"text-align: justify\">Destac\u00f3 que se tienen preparados m\u00e1s homenajes para el cantante que en su momento dar\u00e1n a conocer, mientras sigue disfrutando de las muestras de cari\u00f1o, como lo que pas\u00f3 en la colonia Claver\u00eda donde montaron una ofenda en honor al artista.<\/p>\n<p style=\"text-align: justify\">Reiter\u00f3 que se siente muy querida y por ello no tiene miedo a nada, incluso no teme que puedan robarse el ata\u00fad de su padre, que se dice estar\u00eda ba\u00f1ado en oro, por lo que tampoco han prohibido el paso a la tumba, ubicada en el Pante\u00f3n Franc\u00e9s de esta ciudad.<\/p>\n<p style=\"text-align: justify\">&#8220;Hay mucho respeto y no hice la prueba para saber si era de oro el ata\u00fad&#8221;, coment\u00f3 a la prensa. A\u00f1adi\u00f3 que en el terreno legal los abogados ya trabajan en el caso de su padre, aunque por el momento no hay avances.<\/p>\n<p style=\"text-align: justify\">M\u00e1s adelante, explic\u00f3, se dar\u00e1 a conocer todo lo que salga sobre el caso, pues desean que todas sus interrogantes queden resultas. Los abogados ya se pusieron en contacto con Sara, su media hermana.<\/p>\n<p style=\"text-align: justify\">Al ser cuestionada sobre la reciente publicaci\u00f3n en la que se presume su media hermana sostiene un romance con su cu\u00f1ado Diddier, coment\u00f3 que no est\u00e1 pendiente de esas situaciones, adem\u00e1s que esa persona la hizo vivir una situaci\u00f3n que nunca imagin\u00f3 al no dejarla ver el cuerpo de su padre.<\/p>\n<p style=\"text-align: justify\">&#8220;Yo no s\u00e9 c\u00f3mo sea su diario vivir, pero nosotros estamos investigando lo que deseamos saber, no tenemos sed de venganza, pero s\u00ed queremos justicia y se va hacer&#8221;, apunt\u00f3 Sosa, quien junto a su hermano Jos\u00e9 Joel seguir\u00e1n llevando el legado del Pr\u00edncipe de la Canci\u00f3n.<\/p>\n<p style=\"text-align: justify\">Respecto a la pel\u00edcula que prepara el actor Jorge Jim\u00e9nez sobre la vida de su padre, se\u00f1al\u00f3 que a\u00fan no se han reunido pero m\u00e1s adelante lo ver\u00e1n.<\/p>\n<p style=\"text-align: justify\">Sobre su madre Anel indic\u00f3 que la modelo est\u00e1 de un lugar a otro, debido a que quieren que siga relatando c\u00f3mo fue su vida con el int\u00e9rprete, &#8220;ella \u00e9sta bien y ellos tuvieron su historia y fuimos la familia m\u00e1s p\u00fablica en su momento&#8221;.<\/p>\n","protected":false},"excerpt":{"rendered":"<p>La hija de \u201cEl Pr\u00edncipe de la Canci\u00f3n\u201d prepara un espect\u00e1culo y homenajes; participar\u00e1 en la Feria Nacional de la Plata M\u00e9xico.- Para Marysol Sosa el legado musical de su padre Jos\u00e9 Jos\u00e9 debe continuar, por lo que ella seguir\u00e1 honr\u00e1ndolo en todos los espacios donde le sea posible con el espect\u00e1culo que ha montado. [&hellip;]<\/p>\n","protected":false},"author":2,"featured_media":80021,"comment_status":"open","ping_status":"open","sticky":false,"template":"","format":"standard","meta":{"footnotes":""},"categories":[24],"tags":[],"class_list":["post-80016","post","type-post","status-publish","format-standard","has-post-thumbnail","hentry","category-espectaculos"],"yoast_head":"<!-- This site is optimized with the Yoast SEO plugin v27.5 - https:\/\/yoast.com\/product\/yoast-seo-wordpress\/ -->\n<title>Marysol Sosa, lista para continuar el legado de Jos\u00e9 Jos\u00e9 - Canal 7 SLP - 2019<\/title>\n<meta name=\"robots\" content=\"index, follow, max-snippet:-1, max-image-preview:large, max-video-preview:-1\" \/>\n<link rel=\"canonical\" href=\"https:\/\/canal7slp.tv\/2019\/marysol-sosa-lista-para-continuar-el-legado-de-jose-jose\/\" \/>\n<meta property=\"og:locale\" content=\"es_ES\" \/>\n<meta property=\"og:type\" content=\"article\" \/>\n<meta property=\"og:title\" content=\"Marysol Sosa, lista para continuar el legado de Jos\u00e9 Jos\u00e9 - Canal 7 SLP - 2019\" \/>\n<meta property=\"og:description\" content=\"La hija de \u201cEl Pr\u00edncipe de la Canci\u00f3n\u201d prepara un espect\u00e1culo y homenajes; participar\u00e1 en la Feria Nacional de la Plata M\u00e9xico.- Para Marysol Sosa el legado musical de su padre Jos\u00e9 Jos\u00e9 debe continuar, por lo que ella seguir\u00e1 honr\u00e1ndolo en todos los espacios donde le sea posible con el espect\u00e1culo que ha montado. [&hellip;]\" \/>\n<meta property=\"og:url\" content=\"https:\/\/canal7slp.tv\/2019\/marysol-sosa-lista-para-continuar-el-legado-de-jose-jose\/\" \/>\n<meta property=\"og:site_name\" content=\"Canal 7 SLP - 2019\" \/>\n<meta property=\"article:publisher\" content=\"https:\/\/www.facebook.com\/CANAL7SLP\/\" \/>\n<meta property=\"article:published_time\" content=\"2019-11-06T19:37:20+00:00\" \/>\n<meta property=\"og:image\" content=\"https:\/\/canal7slp.tv\/2019\/wp-content\/uploads\/2019\/11\/1350-3.jpg\" \/>\n\t<meta property=\"og:image:width\" content=\"770\" \/>\n\t<meta property=\"og:image:height\" content=\"485\" \/>\n\t<meta property=\"og:image:type\" content=\"image\/jpeg\" \/>\n<meta name=\"author\" content=\"edicionweb\" \/>\n<meta name=\"twitter:card\" content=\"summary_large_image\" \/>\n<meta name=\"twitter:creator\" content=\"@canal7_slp\" \/>\n<meta name=\"twitter:site\" content=\"@canal7_slp\" \/>\n<meta name=\"twitter:label1\" content=\"Escrito por\" \/>\n\t<meta name=\"twitter:data1\" content=\"edicionweb\" \/>\n\t<meta name=\"twitter:label2\" content=\"Tiempo de lectura\" \/>\n\t<meta name=\"twitter:data2\" content=\"3 minutos\" \/>\n<script type=\"application\/ld+json\" class=\"yoast-schema-graph\">{\"@context\":\"https:\\\/\\\/schema.org\",\"@graph\":[{\"@type\":\"Article\",\"@id\":\"https:\\\/\\\/canal7slp.tv\\\/2019\\\/marysol-sosa-lista-para-continuar-el-legado-de-jose-jose\\\/#article\",\"isPartOf\":{\"@id\":\"https:\\\/\\\/canal7slp.tv\\\/2019\\\/marysol-sosa-lista-para-continuar-el-legado-de-jose-jose\\\/\"},\"author\":{\"name\":\"edicionweb\",\"@id\":\"https:\\\/\\\/canal7slp.tv\\\/2019\\\/#\\\/schema\\\/person\\\/11d941c1c6ca30ac0a46b95fa37aa2e3\"},\"headline\":\"Marysol Sosa, lista para continuar el legado de Jos\u00e9 Jos\u00e9\",\"datePublished\":\"2019-11-06T19:37:20+00:00\",\"mainEntityOfPage\":{\"@id\":\"https:\\\/\\\/canal7slp.tv\\\/2019\\\/marysol-sosa-lista-para-continuar-el-legado-de-jose-jose\\\/\"},\"wordCount\":588,\"commentCount\":0,\"publisher\":{\"@id\":\"https:\\\/\\\/canal7slp.tv\\\/2019\\\/#organization\"},\"image\":{\"@id\":\"https:\\\/\\\/canal7slp.tv\\\/2019\\\/marysol-sosa-lista-para-continuar-el-legado-de-jose-jose\\\/#primaryimage\"},\"thumbnailUrl\":\"https:\\\/\\\/canal7slp.tv\\\/2019\\\/wp-content\\\/uploads\\\/2019\\\/11\\\/1350-3.jpg\",\"articleSection\":[\"ESPECTACULOS\"],\"inLanguage\":\"es\",\"potentialAction\":[{\"@type\":\"CommentAction\",\"name\":\"Comment\",\"target\":[\"https:\\\/\\\/canal7slp.tv\\\/2019\\\/marysol-sosa-lista-para-continuar-el-legado-de-jose-jose\\\/#respond\"]}]},{\"@type\":\"WebPage\",\"@id\":\"https:\\\/\\\/canal7slp.tv\\\/2019\\\/marysol-sosa-lista-para-continuar-el-legado-de-jose-jose\\\/\",\"url\":\"https:\\\/\\\/canal7slp.tv\\\/2019\\\/marysol-sosa-lista-para-continuar-el-legado-de-jose-jose\\\/\",\"name\":\"Marysol Sosa, lista para continuar el legado de Jos\u00e9 Jos\u00e9 - Canal 7 SLP - 2019\",\"isPartOf\":{\"@id\":\"https:\\\/\\\/canal7slp.tv\\\/2019\\\/#website\"},\"primaryImageOfPage\":{\"@id\":\"https:\\\/\\\/canal7slp.tv\\\/2019\\\/marysol-sosa-lista-para-continuar-el-legado-de-jose-jose\\\/#primaryimage\"},\"image\":{\"@id\":\"https:\\\/\\\/canal7slp.tv\\\/2019\\\/marysol-sosa-lista-para-continuar-el-legado-de-jose-jose\\\/#primaryimage\"},\"thumbnailUrl\":\"https:\\\/\\\/canal7slp.tv\\\/2019\\\/wp-content\\\/uploads\\\/2019\\\/11\\\/1350-3.jpg\",\"datePublished\":\"2019-11-06T19:37:20+00:00\",\"breadcrumb\":{\"@id\":\"https:\\\/\\\/canal7slp.tv\\\/2019\\\/marysol-sosa-lista-para-continuar-el-legado-de-jose-jose\\\/#breadcrumb\"},\"inLanguage\":\"es\",\"potentialAction\":[{\"@type\":\"ReadAction\",\"target\":[\"https:\\\/\\\/canal7slp.tv\\\/2019\\\/marysol-sosa-lista-para-continuar-el-legado-de-jose-jose\\\/\"]}]},{\"@type\":\"ImageObject\",\"inLanguage\":\"es\",\"@id\":\"https:\\\/\\\/canal7slp.tv\\\/2019\\\/marysol-sosa-lista-para-continuar-el-legado-de-jose-jose\\\/#primaryimage\",\"url\":\"https:\\\/\\\/canal7slp.tv\\\/2019\\\/wp-content\\\/uploads\\\/2019\\\/11\\\/1350-3.jpg\",\"contentUrl\":\"https:\\\/\\\/canal7slp.tv\\\/2019\\\/wp-content\\\/uploads\\\/2019\\\/11\\\/1350-3.jpg\",\"width\":770,\"height\":485},{\"@type\":\"BreadcrumbList\",\"@id\":\"https:\\\/\\\/canal7slp.tv\\\/2019\\\/marysol-sosa-lista-para-continuar-el-legado-de-jose-jose\\\/#breadcrumb\",\"itemListElement\":[{\"@type\":\"ListItem\",\"position\":1,\"name\":\"Home\",\"item\":\"https:\\\/\\\/canal7slp.tv\\\/2019\\\/\"},{\"@type\":\"ListItem\",\"position\":2,\"name\":\"Marysol Sosa, lista para continuar el legado de Jos\u00e9 Jos\u00e9\"}]},{\"@type\":\"WebSite\",\"@id\":\"https:\\\/\\\/canal7slp.tv\\\/2019\\\/#website\",\"url\":\"https:\\\/\\\/canal7slp.tv\\\/2019\\\/\",\"name\":\"Canal 7 SLP - Somos TV\",\"description\":\"Somos un Canal de 10\",\"publisher\":{\"@id\":\"https:\\\/\\\/canal7slp.tv\\\/2019\\\/#organization\"},\"potentialAction\":[{\"@type\":\"SearchAction\",\"target\":{\"@type\":\"EntryPoint\",\"urlTemplate\":\"https:\\\/\\\/canal7slp.tv\\\/2019\\\/?s={search_term_string}\"},\"query-input\":{\"@type\":\"PropertyValueSpecification\",\"valueRequired\":true,\"valueName\":\"search_term_string\"}}],\"inLanguage\":\"es\"},{\"@type\":\"Organization\",\"@id\":\"https:\\\/\\\/canal7slp.tv\\\/2019\\\/#organization\",\"name\":\"Comunicaci\u00f3n 2000 S.A. de C.V.\",\"url\":\"https:\\\/\\\/canal7slp.tv\\\/2019\\\/\",\"logo\":{\"@type\":\"ImageObject\",\"inLanguage\":\"es\",\"@id\":\"https:\\\/\\\/canal7slp.tv\\\/2019\\\/#\\\/schema\\\/logo\\\/image\\\/\",\"url\":\"https:\\\/\\\/canal7slp.tv\\\/2019\\\/wp-content\\\/uploads\\\/2019\\\/07\\\/logo-c7.png\",\"contentUrl\":\"https:\\\/\\\/canal7slp.tv\\\/2019\\\/wp-content\\\/uploads\\\/2019\\\/07\\\/logo-c7.png\",\"width\":220,\"height\":60,\"caption\":\"Comunicaci\u00f3n 2000 S.A. de C.V.\"},\"image\":{\"@id\":\"https:\\\/\\\/canal7slp.tv\\\/2019\\\/#\\\/schema\\\/logo\\\/image\\\/\"},\"sameAs\":[\"https:\\\/\\\/www.facebook.com\\\/CANAL7SLP\\\/\",\"https:\\\/\\\/x.com\\\/canal7_slp\",\"https:\\\/\\\/www.instagram.com\\\/canal7_slp\",\"https:\\\/\\\/www.youtube.com\\\/user\\\/NOTICIEROSCANAL7SLP\\\/\"]},{\"@type\":\"Person\",\"@id\":\"https:\\\/\\\/canal7slp.tv\\\/2019\\\/#\\\/schema\\\/person\\\/11d941c1c6ca30ac0a46b95fa37aa2e3\",\"name\":\"edicionweb\",\"image\":{\"@type\":\"ImageObject\",\"inLanguage\":\"es\",\"@id\":\"https:\\\/\\\/secure.gravatar.com\\\/avatar\\\/eee448fc3f7164808013b816ba91ac7e43bbe82a70bebac296f8bc6f0addaa1a?s=96&d=mm&r=g\",\"url\":\"https:\\\/\\\/secure.gravatar.com\\\/avatar\\\/eee448fc3f7164808013b816ba91ac7e43bbe82a70bebac296f8bc6f0addaa1a?s=96&d=mm&r=g\",\"contentUrl\":\"https:\\\/\\\/secure.gravatar.com\\\/avatar\\\/eee448fc3f7164808013b816ba91ac7e43bbe82a70bebac296f8bc6f0addaa1a?s=96&d=mm&r=g\",\"caption\":\"edicionweb\"}}]}<\/script>\n<!-- \/ Yoast SEO plugin. -->","yoast_head_json":{"title":"Marysol Sosa, lista para continuar el legado de Jos\u00e9 Jos\u00e9 - Canal 7 SLP - 2019","robots":{"index":"index","follow":"follow","max-snippet":"max-snippet:-1","max-image-preview":"max-image-preview:large","max-video-preview":"max-video-preview:-1"},"canonical":"https:\/\/canal7slp.tv\/2019\/marysol-sosa-lista-para-continuar-el-legado-de-jose-jose\/","og_locale":"es_ES","og_type":"article","og_title":"Marysol Sosa, lista para continuar el legado de Jos\u00e9 Jos\u00e9 - Canal 7 SLP - 2019","og_description":"La hija de \u201cEl Pr\u00edncipe de la Canci\u00f3n\u201d prepara un espect\u00e1culo y homenajes; participar\u00e1 en la Feria Nacional de la Plata M\u00e9xico.- Para Marysol Sosa el legado musical de su padre Jos\u00e9 Jos\u00e9 debe continuar, por lo que ella seguir\u00e1 honr\u00e1ndolo en todos los espacios donde le sea posible con el espect\u00e1culo que ha montado. [&hellip;]","og_url":"https:\/\/canal7slp.tv\/2019\/marysol-sosa-lista-para-continuar-el-legado-de-jose-jose\/","og_site_name":"Canal 7 SLP - 2019","article_publisher":"https:\/\/www.facebook.com\/CANAL7SLP\/","article_published_time":"2019-11-06T19:37:20+00:00","og_image":[{"width":770,"height":485,"url":"https:\/\/canal7slp.tv\/2019\/wp-content\/uploads\/2019\/11\/1350-3.jpg","type":"image\/jpeg"}],"author":"edicionweb","twitter_card":"summary_large_image","twitter_creator":"@canal7_slp","twitter_site":"@canal7_slp","twitter_misc":{"Escrito por":"edicionweb","Tiempo de lectura":"3 minutos"},"schema":{"@context":"https:\/\/schema.org","@graph":[{"@type":"Article","@id":"https:\/\/canal7slp.tv\/2019\/marysol-sosa-lista-para-continuar-el-legado-de-jose-jose\/#article","isPartOf":{"@id":"https:\/\/canal7slp.tv\/2019\/marysol-sosa-lista-para-continuar-el-legado-de-jose-jose\/"},"author":{"name":"edicionweb","@id":"https:\/\/canal7slp.tv\/2019\/#\/schema\/person\/11d941c1c6ca30ac0a46b95fa37aa2e3"},"headline":"Marysol Sosa, lista para continuar el legado de Jos\u00e9 Jos\u00e9","datePublished":"2019-11-06T19:37:20+00:00","mainEntityOfPage":{"@id":"https:\/\/canal7slp.tv\/2019\/marysol-sosa-lista-para-continuar-el-legado-de-jose-jose\/"},"wordCount":588,"commentCount":0,"publisher":{"@id":"https:\/\/canal7slp.tv\/2019\/#organization"},"image":{"@id":"https:\/\/canal7slp.tv\/2019\/marysol-sosa-lista-para-continuar-el-legado-de-jose-jose\/#primaryimage"},"thumbnailUrl":"https:\/\/canal7slp.tv\/2019\/wp-content\/uploads\/2019\/11\/1350-3.jpg","articleSection":["ESPECTACULOS"],"inLanguage":"es","potentialAction":[{"@type":"CommentAction","name":"Comment","target":["https:\/\/canal7slp.tv\/2019\/marysol-sosa-lista-para-continuar-el-legado-de-jose-jose\/#respond"]}]},{"@type":"WebPage","@id":"https:\/\/canal7slp.tv\/2019\/marysol-sosa-lista-para-continuar-el-legado-de-jose-jose\/","url":"https:\/\/canal7slp.tv\/2019\/marysol-sosa-lista-para-continuar-el-legado-de-jose-jose\/","name":"Marysol Sosa, lista para continuar el legado de Jos\u00e9 Jos\u00e9 - Canal 7 SLP - 2019","isPartOf":{"@id":"https:\/\/canal7slp.tv\/2019\/#website"},"primaryImageOfPage":{"@id":"https:\/\/canal7slp.tv\/2019\/marysol-sosa-lista-para-continuar-el-legado-de-jose-jose\/#primaryimage"},"image":{"@id":"https:\/\/canal7slp.tv\/2019\/marysol-sosa-lista-para-continuar-el-legado-de-jose-jose\/#primaryimage"},"thumbnailUrl":"https:\/\/canal7slp.tv\/2019\/wp-content\/uploads\/2019\/11\/1350-3.jpg","datePublished":"2019-11-06T19:37:20+00:00","breadcrumb":{"@id":"https:\/\/canal7slp.tv\/2019\/marysol-sosa-lista-para-continuar-el-legado-de-jose-jose\/#breadcrumb"},"inLanguage":"es","potentialAction":[{"@type":"ReadAction","target":["https:\/\/canal7slp.tv\/2019\/marysol-sosa-lista-para-continuar-el-legado-de-jose-jose\/"]}]},{"@type":"ImageObject","inLanguage":"es","@id":"https:\/\/canal7slp.tv\/2019\/marysol-sosa-lista-para-continuar-el-legado-de-jose-jose\/#primaryimage","url":"https:\/\/canal7slp.tv\/2019\/wp-content\/uploads\/2019\/11\/1350-3.jpg","contentUrl":"https:\/\/canal7slp.tv\/2019\/wp-content\/uploads\/2019\/11\/1350-3.jpg","width":770,"height":485},{"@type":"BreadcrumbList","@id":"https:\/\/canal7slp.tv\/2019\/marysol-sosa-lista-para-continuar-el-legado-de-jose-jose\/#breadcrumb","itemListElement":[{"@type":"ListItem","position":1,"name":"Home","item":"https:\/\/canal7slp.tv\/2019\/"},{"@type":"ListItem","position":2,"name":"Marysol Sosa, lista para continuar el legado de Jos\u00e9 Jos\u00e9"}]},{"@type":"WebSite","@id":"https:\/\/canal7slp.tv\/2019\/#website","url":"https:\/\/canal7slp.tv\/2019\/","name":"Canal 7 SLP - Somos TV","description":"Somos un Canal de 10","publisher":{"@id":"https:\/\/canal7slp.tv\/2019\/#organization"},"potentialAction":[{"@type":"SearchAction","target":{"@type":"EntryPoint","urlTemplate":"https:\/\/canal7slp.tv\/2019\/?s={search_term_string}"},"query-input":{"@type":"PropertyValueSpecification","valueRequired":true,"valueName":"search_term_string"}}],"inLanguage":"es"},{"@type":"Organization","@id":"https:\/\/canal7slp.tv\/2019\/#organization","name":"Comunicaci\u00f3n 2000 S.A. de C.V.","url":"https:\/\/canal7slp.tv\/2019\/","logo":{"@type":"ImageObject","inLanguage":"es","@id":"https:\/\/canal7slp.tv\/2019\/#\/schema\/logo\/image\/","url":"https:\/\/canal7slp.tv\/2019\/wp-content\/uploads\/2019\/07\/logo-c7.png","contentUrl":"https:\/\/canal7slp.tv\/2019\/wp-content\/uploads\/2019\/07\/logo-c7.png","width":220,"height":60,"caption":"Comunicaci\u00f3n 2000 S.A. de C.V."},"image":{"@id":"https:\/\/canal7slp.tv\/2019\/#\/schema\/logo\/image\/"},"sameAs":["https:\/\/www.facebook.com\/CANAL7SLP\/","https:\/\/x.com\/canal7_slp","https:\/\/www.instagram.com\/canal7_slp","https:\/\/www.youtube.com\/user\/NOTICIEROSCANAL7SLP\/"]},{"@type":"Person","@id":"https:\/\/canal7slp.tv\/2019\/#\/schema\/person\/11d941c1c6ca30ac0a46b95fa37aa2e3","name":"edicionweb","image":{"@type":"ImageObject","inLanguage":"es","@id":"https:\/\/secure.gravatar.com\/avatar\/eee448fc3f7164808013b816ba91ac7e43bbe82a70bebac296f8bc6f0addaa1a?s=96&d=mm&r=g","url":"https:\/\/secure.gravatar.com\/avatar\/eee448fc3f7164808013b816ba91ac7e43bbe82a70bebac296f8bc6f0addaa1a?s=96&d=mm&r=g","contentUrl":"https:\/\/secure.gravatar.com\/avatar\/eee448fc3f7164808013b816ba91ac7e43bbe82a70bebac296f8bc6f0addaa1a?s=96&d=mm&r=g","caption":"edicionweb"}}]}},"amp_enabled":true,"cmb2":{"video_ids_in_playlist":{"vid_p_videos":""},"video_ids_in_channel":{"vid_c_videos":""},"playlist_ids_in_channel":{"vid_c_playlists":""},"series_ids_in_channel":{"vid_c_series":""},"channel_images":{"vid_c_logo":"","vid_c_banner":""},"poster_feature_image":{"vid_m_poster_image":""},"gif_feature_image":{"vid_m_gif_image":""},"video_movie_settings":{"vid_m_director":"","vid_m_actor":"","vid_m_imdb_ratings":"","vid_m_amazon_associates":""},"vid_youtube_broadcasts_settings":{"vid_yb_broadcast_title":"","vid_yb_q":"","vid_yb_channelid":"","vid_yb_videocategoryid":"","vid_yb_maxresults":"","vid_yb_order":"","vid_yb_regioncode":"","vid_yb_videosyndicated":"","vid_yb_style":"","vid_yb_reload_first":""},"video_series_settings":{"vid_m_director":"","vid_m_actor":"","vid_m_imdb_ratings":"","video_series_group":""},"amazon_associates_settings":{"amazon_associates":"","amazon_native_ad":""},"vid_youtube_automatic_settings":{"vid_ya_youtube_source":"","vid_ya_update_every":"","vid_ya_update_unit":"","vid_ya_categories":"","vid_ya_published_after":"","vid_ya_published_before":"","vid_ya_playlists":"","vid_ya_channels":"","vid_ya_director":"","vid_ya_actor":"","vid_ya_author":"","vid_ya_import_post_date":"","vid_ya_status":"","vid_ya_sub_api_key":""},"vid_ads_m_videoads_settings_post":{"vid_ads_m_video_ads":"","vid_ads_m_video_ads_type":"","vid_ads_m_group_google_ima":"","vid_ads_m_group_image":"","vid_ads_m_group_html5_video":"","vid_ads_m_group_html":"","vid_ads_m_vast_preroll":"","vid_ads_m_vast_postroll":"","vid_ads_m_vast_pauseroll":"","vid_ads_m_vast_midroll":[{"vid_ads_m_vast_timer_seconds":"50"}],"vid_ads_m_time_to_show_ads":"","vid_ads_m_time_skip_ads":"","vid_ads_m_time_to_hide_ads":""},"page_slider_settings":{"display_slider_group":"","page_slider_group":""},"blog_page_settings":{"blog_page_title":"","blog_page_heading":"","blog_page_ic":"","blog_page_it":"","blog_page_ec":"","blog_page_ip":"","archive_loop_style":"","blog_image_ratio":"","blog_show_categories":"","blog_show_excerpt":"","blog_show_author":"","blog_show_date":"","blog_show_comment_count":"","blog_show_view_count":"","blog_show_like_count":"","blog_show_dislike_count":"","blog_items_per_page":"","blog_pag_type":""},"page_options":{"get_page_template":"","color_mode":"","main_layout":"","main_layout_full_with":"","main_logo":"","main_logo_retina":"","main_logo_mobile":"","main_logo_mobile_retina":"","sticky_logo":"","sticky_logo_retina":"","main_nav_layout":"","ajax_search":"","header_background":"","theme_sidebar":"","instagram_feed":"","instagram_feed_position":"","popular_videos":"","popular_videos_title_1":"","popular_videos_title_2":"","popular_videos_ic":"","popular_videos_it":"","theme_background":"","page_custom_css":""},"feature_image_settings":{"feature_image_position":""},"video_player_settings":{"single_video_style":"","video_player_position":"","vm_video_url":"","video_player_library":"","video_streaming":"","vm_media_sources":"","vid_auto_play":"","vm_video_shortcode":"","vid_p_sync_playlist":"","vid_c_sync_channel":"","get_post_format":"","multiple_links_structure":"default","multi_links_title":"","vm_video_multi_links":"","vm_duration":"","vid_social_locker":"off","vid_social_locker_id":"","vid_membership_action":"content-video","vm_video_trailer_url":"","vid_download_type":"free","vid_download_target":"download","vid_woo_product":"","vm_media_download":"","user_rating":"","user_rating_position":"","user_rating_mode":"","user_rating_multi_sets":""},"video_auto_fetch_settings":{"vm_video_fetch":"on"},"video_fake_views_likes":{"vm_fake_views":"","vm_fake_likes":"","vm_fake_dislikes":""},"gallery_settings":{"gallery_position":""},"quote_settings":{"quote_position":""},"post_options":{"main_layout":"","main_logo":"","main_logo_retina":"","main_logo_mobile":"","main_logo_mobile_retina":"","sticky_logo":"","sticky_logo_retina":"","main_nav_layout":"","header_background":"","theme_sidebar":"","single_post_comment_type":"","theme_background":""}},"_links":{"self":[{"href":"https:\/\/canal7slp.tv\/2019\/wp-json\/wp\/v2\/posts\/80016","targetHints":{"allow":["GET"]}}],"collection":[{"href":"https:\/\/canal7slp.tv\/2019\/wp-json\/wp\/v2\/posts"}],"about":[{"href":"https:\/\/canal7slp.tv\/2019\/wp-json\/wp\/v2\/types\/post"}],"author":[{"embeddable":true,"href":"https:\/\/canal7slp.tv\/2019\/wp-json\/wp\/v2\/users\/2"}],"replies":[{"embeddable":true,"href":"https:\/\/canal7slp.tv\/2019\/wp-json\/wp\/v2\/comments?post=80016"}],"version-history":[{"count":0,"href":"https:\/\/canal7slp.tv\/2019\/wp-json\/wp\/v2\/posts\/80016\/revisions"}],"wp:featuredmedia":[{"embeddable":true,"href":"https:\/\/canal7slp.tv\/2019\/wp-json\/wp\/v2\/media\/80021"}],"wp:attachment":[{"href":"https:\/\/canal7slp.tv\/2019\/wp-json\/wp\/v2\/media?parent=80016"}],"wp:term":[{"taxonomy":"category","embeddable":true,"href":"https:\/\/canal7slp.tv\/2019\/wp-json\/wp\/v2\/categories?post=80016"},{"taxonomy":"post_tag","embeddable":true,"href":"https:\/\/canal7slp.tv\/2019\/wp-json\/wp\/v2\/tags?post=80016"}],"curies":[{"name":"wp","href":"https:\/\/api.w.org\/{rel}","templated":true}]}}