{"id":80000,"date":"2019-11-06T12:55:55","date_gmt":"2019-11-06T18:55:55","guid":{"rendered":"https:\/\/canal7slp.tv\/2019\/?p=80000"},"modified":"2019-11-06T12:55:55","modified_gmt":"2019-11-06T18:55:55","slug":"robert-de-niro-y-yalitza-aparicio-invitados-del-festival-de-los-cabos","status":"publish","type":"post","link":"https:\/\/canal7slp.tv\/2019\/robert-de-niro-y-yalitza-aparicio-invitados-del-festival-de-los-cabos\/","title":{"rendered":"Robert De Niro y Yalitza Aparicio, invitados del Festival de Los Cabos"},"content":{"rendered":"<ul>\n<li style=\"text-align: justify\">Con la iniciativa Mujeres Fant\u00e1sticas, el encuentro busca visibilizar el trabajo femenino en la industria f\u00edlmica<\/li>\n<\/ul>\n<p style=\"text-align: justify\">Los Cabos.- Tal y como se hab\u00eda anunciado el actor Robert de Niro estar\u00e1 presente en la octava edici\u00f3n del Festival Internacional de Cine de Los Cabos, el cual contin\u00faa abriendo espacios para reconocer la labor femenina dentro de la industria.<\/p>\n<p style=\"text-align: justify\">Por lo que este a\u00f1o dentro de la iniciativa Mujeres Fant\u00e1sticas, que tiene como objetivo visibilizar el trabajo femenino en el S\u00e9ptimo Arte, se entregar\u00e1 un reconocimiento especial a la actriz Yalitza Aparicio, vocera de la campa\u00f1a.<\/p>\n<p style=\"text-align: justify\">En el marco de estas actividades, Aparicio sostendr\u00e1 con la actriz chilena Daniela Vega, protagonista de la cinta Una mujer fant\u00e1stica, una conversaci\u00f3n en la que hablar\u00e1n sobre la urgencia de ser incluyentes dentro y fuera del cine.<\/p>\n<p style=\"text-align: justify\">El certamen, que se efectuar\u00e1 del 13 al 17 de noviembre, tambi\u00e9n abordar\u00e1 temas de paridad de g\u00e9nero, adem\u00e1s de que esta l\u00ednea de acci\u00f3n se ver\u00e1 reflejada en la programaci\u00f3n, dijo a Notimex la directora ejecutiva del certamen f\u00edlmico, Alejandra Paul\u00edn.<\/p>\n<p style=\"text-align: justify\">Mientras que la multipremiada directora Tatiana Huezo, tendr\u00e1 una retrospectiva, a trav\u00e9s de sus dos largos documentales El lugar m\u00e1s peque\u00f1o y La tempestad, cintas corales y sensibles de un profundo respeto por dolor ajeno y por la experiencia de superarlo.<\/p>\n<p style=\"text-align: justify\">Como parte de las sorpresas, se ofrecer\u00e1 un adelanto de la primera ficci\u00f3n de la directora, titulada Noches de fuego, explic\u00f3 Paul\u00edn, al agregar que esta cinta fue ganadora de los apoyos de Cine en Desarrollo del Fondo F\u00edlmico Gabriel Figueroa, que el festival otorga.<\/p>\n<p style=\"text-align: justify\">En busca de seguir visibilizando el trabajo de las mujeres en la industria, se\u00f1al\u00f3 Paul\u00edn se contar\u00e1 con la presencia de la cinemafot\u00f3grafa Ellen Kuras, quien es reconocida por su trabajo en cintas como Eterno resplandor de una mente sin recuerdos, que ser\u00e1 exhibida en su honor junto con Blow.<\/p>\n<p style=\"text-align: justify\">Confirm\u00f3 que las galas del festival estar\u00e1n a cargo de la cinta The Irishman, la m\u00e1s reciente producci\u00f3n de Martin Scorsese que ser\u00e1 presentada por el actor estadounidense Robert De Niro, quien solo estar\u00e1 presente en este acto, debido a su apretada agenda de trabajo.<\/p>\n<p style=\"text-align: justify\">Estar\u00e1 acompa\u00f1ado por el talento de mexicanos involucrados en esta cinta, el cinefot\u00f3grafo Rodrigo Prieto y el productor Gast\u00f3n Pavlovich. La clausura del festival ser\u00e1 con la cinta Jojo Rabbit, de Taika Waititi.<\/p>\n","protected":false},"excerpt":{"rendered":"<p>Con la iniciativa Mujeres Fant\u00e1sticas, el encuentro busca visibilizar el trabajo femenino en la industria f\u00edlmica Los Cabos.- Tal y como se hab\u00eda anunciado el actor Robert de Niro estar\u00e1 presente en la octava edici\u00f3n del Festival Internacional de Cine de Los Cabos, el cual contin\u00faa abriendo espacios para reconocer la labor femenina dentro de [&hellip;]<\/p>\n","protected":false},"author":2,"featured_media":80001,"comment_status":"open","ping_status":"open","sticky":false,"template":"","format":"standard","meta":{"footnotes":""},"categories":[24],"tags":[],"class_list":["post-80000","post","type-post","status-publish","format-standard","has-post-thumbnail","hentry","category-espectaculos"],"yoast_head":"<!-- This site is optimized with the Yoast SEO plugin v27.5 - https:\/\/yoast.com\/product\/yoast-seo-wordpress\/ -->\n<title>Robert De Niro y Yalitza Aparicio, invitados del Festival de Los Cabos - Canal 7 SLP - 2019<\/title>\n<meta name=\"robots\" content=\"index, follow, max-snippet:-1, max-image-preview:large, max-video-preview:-1\" \/>\n<link rel=\"canonical\" href=\"https:\/\/canal7slp.tv\/2019\/robert-de-niro-y-yalitza-aparicio-invitados-del-festival-de-los-cabos\/\" \/>\n<meta property=\"og:locale\" content=\"es_ES\" \/>\n<meta property=\"og:type\" content=\"article\" \/>\n<meta property=\"og:title\" content=\"Robert De Niro y Yalitza Aparicio, invitados del Festival de Los Cabos - Canal 7 SLP - 2019\" \/>\n<meta property=\"og:description\" content=\"Con la iniciativa Mujeres Fant\u00e1sticas, el encuentro busca visibilizar el trabajo femenino en la industria f\u00edlmica Los Cabos.- Tal y como se hab\u00eda anunciado el actor Robert de Niro estar\u00e1 presente en la octava edici\u00f3n del Festival Internacional de Cine de Los Cabos, el cual contin\u00faa abriendo espacios para reconocer la labor femenina dentro de [&hellip;]\" \/>\n<meta property=\"og:url\" content=\"https:\/\/canal7slp.tv\/2019\/robert-de-niro-y-yalitza-aparicio-invitados-del-festival-de-los-cabos\/\" \/>\n<meta property=\"og:site_name\" content=\"Canal 7 SLP - 2019\" \/>\n<meta property=\"article:publisher\" content=\"https:\/\/www.facebook.com\/CANAL7SLP\/\" \/>\n<meta property=\"article:published_time\" content=\"2019-11-06T18:55:55+00:00\" \/>\n<meta property=\"og:image\" content=\"https:\/\/canal7slp.tv\/2019\/wp-content\/uploads\/2019\/11\/1300-5.jpg\" \/>\n\t<meta property=\"og:image:width\" content=\"770\" \/>\n\t<meta property=\"og:image:height\" content=\"485\" \/>\n\t<meta property=\"og:image:type\" content=\"image\/jpeg\" \/>\n<meta name=\"author\" content=\"edicionweb\" \/>\n<meta name=\"twitter:card\" content=\"summary_large_image\" \/>\n<meta name=\"twitter:creator\" content=\"@canal7_slp\" \/>\n<meta name=\"twitter:site\" content=\"@canal7_slp\" \/>\n<meta name=\"twitter:label1\" content=\"Escrito por\" \/>\n\t<meta name=\"twitter:data1\" content=\"edicionweb\" \/>\n\t<meta name=\"twitter:label2\" content=\"Tiempo de lectura\" \/>\n\t<meta name=\"twitter:data2\" content=\"2 minutos\" \/>\n<script type=\"application\/ld+json\" class=\"yoast-schema-graph\">{\"@context\":\"https:\\\/\\\/schema.org\",\"@graph\":[{\"@type\":\"Article\",\"@id\":\"https:\\\/\\\/canal7slp.tv\\\/2019\\\/robert-de-niro-y-yalitza-aparicio-invitados-del-festival-de-los-cabos\\\/#article\",\"isPartOf\":{\"@id\":\"https:\\\/\\\/canal7slp.tv\\\/2019\\\/robert-de-niro-y-yalitza-aparicio-invitados-del-festival-de-los-cabos\\\/\"},\"author\":{\"name\":\"edicionweb\",\"@id\":\"https:\\\/\\\/canal7slp.tv\\\/2019\\\/#\\\/schema\\\/person\\\/11d941c1c6ca30ac0a46b95fa37aa2e3\"},\"headline\":\"Robert De Niro y Yalitza Aparicio, invitados del Festival de Los Cabos\",\"datePublished\":\"2019-11-06T18:55:55+00:00\",\"mainEntityOfPage\":{\"@id\":\"https:\\\/\\\/canal7slp.tv\\\/2019\\\/robert-de-niro-y-yalitza-aparicio-invitados-del-festival-de-los-cabos\\\/\"},\"wordCount\":434,\"commentCount\":0,\"publisher\":{\"@id\":\"https:\\\/\\\/canal7slp.tv\\\/2019\\\/#organization\"},\"image\":{\"@id\":\"https:\\\/\\\/canal7slp.tv\\\/2019\\\/robert-de-niro-y-yalitza-aparicio-invitados-del-festival-de-los-cabos\\\/#primaryimage\"},\"thumbnailUrl\":\"https:\\\/\\\/canal7slp.tv\\\/2019\\\/wp-content\\\/uploads\\\/2019\\\/11\\\/1300-5.jpg\",\"articleSection\":[\"ESPECTACULOS\"],\"inLanguage\":\"es\",\"potentialAction\":[{\"@type\":\"CommentAction\",\"name\":\"Comment\",\"target\":[\"https:\\\/\\\/canal7slp.tv\\\/2019\\\/robert-de-niro-y-yalitza-aparicio-invitados-del-festival-de-los-cabos\\\/#respond\"]}]},{\"@type\":\"WebPage\",\"@id\":\"https:\\\/\\\/canal7slp.tv\\\/2019\\\/robert-de-niro-y-yalitza-aparicio-invitados-del-festival-de-los-cabos\\\/\",\"url\":\"https:\\\/\\\/canal7slp.tv\\\/2019\\\/robert-de-niro-y-yalitza-aparicio-invitados-del-festival-de-los-cabos\\\/\",\"name\":\"Robert De Niro y Yalitza Aparicio, invitados del Festival de Los Cabos - Canal 7 SLP - 2019\",\"isPartOf\":{\"@id\":\"https:\\\/\\\/canal7slp.tv\\\/2019\\\/#website\"},\"primaryImageOfPage\":{\"@id\":\"https:\\\/\\\/canal7slp.tv\\\/2019\\\/robert-de-niro-y-yalitza-aparicio-invitados-del-festival-de-los-cabos\\\/#primaryimage\"},\"image\":{\"@id\":\"https:\\\/\\\/canal7slp.tv\\\/2019\\\/robert-de-niro-y-yalitza-aparicio-invitados-del-festival-de-los-cabos\\\/#primaryimage\"},\"thumbnailUrl\":\"https:\\\/\\\/canal7slp.tv\\\/2019\\\/wp-content\\\/uploads\\\/2019\\\/11\\\/1300-5.jpg\",\"datePublished\":\"2019-11-06T18:55:55+00:00\",\"breadcrumb\":{\"@id\":\"https:\\\/\\\/canal7slp.tv\\\/2019\\\/robert-de-niro-y-yalitza-aparicio-invitados-del-festival-de-los-cabos\\\/#breadcrumb\"},\"inLanguage\":\"es\",\"potentialAction\":[{\"@type\":\"ReadAction\",\"target\":[\"https:\\\/\\\/canal7slp.tv\\\/2019\\\/robert-de-niro-y-yalitza-aparicio-invitados-del-festival-de-los-cabos\\\/\"]}]},{\"@type\":\"ImageObject\",\"inLanguage\":\"es\",\"@id\":\"https:\\\/\\\/canal7slp.tv\\\/2019\\\/robert-de-niro-y-yalitza-aparicio-invitados-del-festival-de-los-cabos\\\/#primaryimage\",\"url\":\"https:\\\/\\\/canal7slp.tv\\\/2019\\\/wp-content\\\/uploads\\\/2019\\\/11\\\/1300-5.jpg\",\"contentUrl\":\"https:\\\/\\\/canal7slp.tv\\\/2019\\\/wp-content\\\/uploads\\\/2019\\\/11\\\/1300-5.jpg\",\"width\":770,\"height\":485},{\"@type\":\"BreadcrumbList\",\"@id\":\"https:\\\/\\\/canal7slp.tv\\\/2019\\\/robert-de-niro-y-yalitza-aparicio-invitados-del-festival-de-los-cabos\\\/#breadcrumb\",\"itemListElement\":[{\"@type\":\"ListItem\",\"position\":1,\"name\":\"Home\",\"item\":\"https:\\\/\\\/canal7slp.tv\\\/2019\\\/\"},{\"@type\":\"ListItem\",\"position\":2,\"name\":\"Robert De Niro y Yalitza Aparicio, invitados del Festival de Los Cabos\"}]},{\"@type\":\"WebSite\",\"@id\":\"https:\\\/\\\/canal7slp.tv\\\/2019\\\/#website\",\"url\":\"https:\\\/\\\/canal7slp.tv\\\/2019\\\/\",\"name\":\"Canal 7 SLP - Somos TV\",\"description\":\"Somos un Canal de 10\",\"publisher\":{\"@id\":\"https:\\\/\\\/canal7slp.tv\\\/2019\\\/#organization\"},\"potentialAction\":[{\"@type\":\"SearchAction\",\"target\":{\"@type\":\"EntryPoint\",\"urlTemplate\":\"https:\\\/\\\/canal7slp.tv\\\/2019\\\/?s={search_term_string}\"},\"query-input\":{\"@type\":\"PropertyValueSpecification\",\"valueRequired\":true,\"valueName\":\"search_term_string\"}}],\"inLanguage\":\"es\"},{\"@type\":\"Organization\",\"@id\":\"https:\\\/\\\/canal7slp.tv\\\/2019\\\/#organization\",\"name\":\"Comunicaci\u00f3n 2000 S.A. de C.V.\",\"url\":\"https:\\\/\\\/canal7slp.tv\\\/2019\\\/\",\"logo\":{\"@type\":\"ImageObject\",\"inLanguage\":\"es\",\"@id\":\"https:\\\/\\\/canal7slp.tv\\\/2019\\\/#\\\/schema\\\/logo\\\/image\\\/\",\"url\":\"https:\\\/\\\/canal7slp.tv\\\/2019\\\/wp-content\\\/uploads\\\/2019\\\/07\\\/logo-c7.png\",\"contentUrl\":\"https:\\\/\\\/canal7slp.tv\\\/2019\\\/wp-content\\\/uploads\\\/2019\\\/07\\\/logo-c7.png\",\"width\":220,\"height\":60,\"caption\":\"Comunicaci\u00f3n 2000 S.A. de C.V.\"},\"image\":{\"@id\":\"https:\\\/\\\/canal7slp.tv\\\/2019\\\/#\\\/schema\\\/logo\\\/image\\\/\"},\"sameAs\":[\"https:\\\/\\\/www.facebook.com\\\/CANAL7SLP\\\/\",\"https:\\\/\\\/x.com\\\/canal7_slp\",\"https:\\\/\\\/www.instagram.com\\\/canal7_slp\",\"https:\\\/\\\/www.youtube.com\\\/user\\\/NOTICIEROSCANAL7SLP\\\/\"]},{\"@type\":\"Person\",\"@id\":\"https:\\\/\\\/canal7slp.tv\\\/2019\\\/#\\\/schema\\\/person\\\/11d941c1c6ca30ac0a46b95fa37aa2e3\",\"name\":\"edicionweb\",\"image\":{\"@type\":\"ImageObject\",\"inLanguage\":\"es\",\"@id\":\"https:\\\/\\\/secure.gravatar.com\\\/avatar\\\/eee448fc3f7164808013b816ba91ac7e43bbe82a70bebac296f8bc6f0addaa1a?s=96&d=mm&r=g\",\"url\":\"https:\\\/\\\/secure.gravatar.com\\\/avatar\\\/eee448fc3f7164808013b816ba91ac7e43bbe82a70bebac296f8bc6f0addaa1a?s=96&d=mm&r=g\",\"contentUrl\":\"https:\\\/\\\/secure.gravatar.com\\\/avatar\\\/eee448fc3f7164808013b816ba91ac7e43bbe82a70bebac296f8bc6f0addaa1a?s=96&d=mm&r=g\",\"caption\":\"edicionweb\"}}]}<\/script>\n<!-- \/ Yoast SEO plugin. -->","yoast_head_json":{"title":"Robert De Niro y Yalitza Aparicio, invitados del Festival de Los Cabos - Canal 7 SLP - 2019","robots":{"index":"index","follow":"follow","max-snippet":"max-snippet:-1","max-image-preview":"max-image-preview:large","max-video-preview":"max-video-preview:-1"},"canonical":"https:\/\/canal7slp.tv\/2019\/robert-de-niro-y-yalitza-aparicio-invitados-del-festival-de-los-cabos\/","og_locale":"es_ES","og_type":"article","og_title":"Robert De Niro y Yalitza Aparicio, invitados del Festival de Los Cabos - Canal 7 SLP - 2019","og_description":"Con la iniciativa Mujeres Fant\u00e1sticas, el encuentro busca visibilizar el trabajo femenino en la industria f\u00edlmica Los Cabos.- Tal y como se hab\u00eda anunciado el actor Robert de Niro estar\u00e1 presente en la octava edici\u00f3n del Festival Internacional de Cine de Los Cabos, el cual contin\u00faa abriendo espacios para reconocer la labor femenina dentro de [&hellip;]","og_url":"https:\/\/canal7slp.tv\/2019\/robert-de-niro-y-yalitza-aparicio-invitados-del-festival-de-los-cabos\/","og_site_name":"Canal 7 SLP - 2019","article_publisher":"https:\/\/www.facebook.com\/CANAL7SLP\/","article_published_time":"2019-11-06T18:55:55+00:00","og_image":[{"width":770,"height":485,"url":"https:\/\/canal7slp.tv\/2019\/wp-content\/uploads\/2019\/11\/1300-5.jpg","type":"image\/jpeg"}],"author":"edicionweb","twitter_card":"summary_large_image","twitter_creator":"@canal7_slp","twitter_site":"@canal7_slp","twitter_misc":{"Escrito por":"edicionweb","Tiempo de lectura":"2 minutos"},"schema":{"@context":"https:\/\/schema.org","@graph":[{"@type":"Article","@id":"https:\/\/canal7slp.tv\/2019\/robert-de-niro-y-yalitza-aparicio-invitados-del-festival-de-los-cabos\/#article","isPartOf":{"@id":"https:\/\/canal7slp.tv\/2019\/robert-de-niro-y-yalitza-aparicio-invitados-del-festival-de-los-cabos\/"},"author":{"name":"edicionweb","@id":"https:\/\/canal7slp.tv\/2019\/#\/schema\/person\/11d941c1c6ca30ac0a46b95fa37aa2e3"},"headline":"Robert De Niro y Yalitza Aparicio, invitados del Festival de Los Cabos","datePublished":"2019-11-06T18:55:55+00:00","mainEntityOfPage":{"@id":"https:\/\/canal7slp.tv\/2019\/robert-de-niro-y-yalitza-aparicio-invitados-del-festival-de-los-cabos\/"},"wordCount":434,"commentCount":0,"publisher":{"@id":"https:\/\/canal7slp.tv\/2019\/#organization"},"image":{"@id":"https:\/\/canal7slp.tv\/2019\/robert-de-niro-y-yalitza-aparicio-invitados-del-festival-de-los-cabos\/#primaryimage"},"thumbnailUrl":"https:\/\/canal7slp.tv\/2019\/wp-content\/uploads\/2019\/11\/1300-5.jpg","articleSection":["ESPECTACULOS"],"inLanguage":"es","potentialAction":[{"@type":"CommentAction","name":"Comment","target":["https:\/\/canal7slp.tv\/2019\/robert-de-niro-y-yalitza-aparicio-invitados-del-festival-de-los-cabos\/#respond"]}]},{"@type":"WebPage","@id":"https:\/\/canal7slp.tv\/2019\/robert-de-niro-y-yalitza-aparicio-invitados-del-festival-de-los-cabos\/","url":"https:\/\/canal7slp.tv\/2019\/robert-de-niro-y-yalitza-aparicio-invitados-del-festival-de-los-cabos\/","name":"Robert De Niro y Yalitza Aparicio, invitados del Festival de Los Cabos - Canal 7 SLP - 2019","isPartOf":{"@id":"https:\/\/canal7slp.tv\/2019\/#website"},"primaryImageOfPage":{"@id":"https:\/\/canal7slp.tv\/2019\/robert-de-niro-y-yalitza-aparicio-invitados-del-festival-de-los-cabos\/#primaryimage"},"image":{"@id":"https:\/\/canal7slp.tv\/2019\/robert-de-niro-y-yalitza-aparicio-invitados-del-festival-de-los-cabos\/#primaryimage"},"thumbnailUrl":"https:\/\/canal7slp.tv\/2019\/wp-content\/uploads\/2019\/11\/1300-5.jpg","datePublished":"2019-11-06T18:55:55+00:00","breadcrumb":{"@id":"https:\/\/canal7slp.tv\/2019\/robert-de-niro-y-yalitza-aparicio-invitados-del-festival-de-los-cabos\/#breadcrumb"},"inLanguage":"es","potentialAction":[{"@type":"ReadAction","target":["https:\/\/canal7slp.tv\/2019\/robert-de-niro-y-yalitza-aparicio-invitados-del-festival-de-los-cabos\/"]}]},{"@type":"ImageObject","inLanguage":"es","@id":"https:\/\/canal7slp.tv\/2019\/robert-de-niro-y-yalitza-aparicio-invitados-del-festival-de-los-cabos\/#primaryimage","url":"https:\/\/canal7slp.tv\/2019\/wp-content\/uploads\/2019\/11\/1300-5.jpg","contentUrl":"https:\/\/canal7slp.tv\/2019\/wp-content\/uploads\/2019\/11\/1300-5.jpg","width":770,"height":485},{"@type":"BreadcrumbList","@id":"https:\/\/canal7slp.tv\/2019\/robert-de-niro-y-yalitza-aparicio-invitados-del-festival-de-los-cabos\/#breadcrumb","itemListElement":[{"@type":"ListItem","position":1,"name":"Home","item":"https:\/\/canal7slp.tv\/2019\/"},{"@type":"ListItem","position":2,"name":"Robert De Niro y Yalitza Aparicio, invitados del Festival de Los Cabos"}]},{"@type":"WebSite","@id":"https:\/\/canal7slp.tv\/2019\/#website","url":"https:\/\/canal7slp.tv\/2019\/","name":"Canal 7 SLP - Somos TV","description":"Somos un Canal de 10","publisher":{"@id":"https:\/\/canal7slp.tv\/2019\/#organization"},"potentialAction":[{"@type":"SearchAction","target":{"@type":"EntryPoint","urlTemplate":"https:\/\/canal7slp.tv\/2019\/?s={search_term_string}"},"query-input":{"@type":"PropertyValueSpecification","valueRequired":true,"valueName":"search_term_string"}}],"inLanguage":"es"},{"@type":"Organization","@id":"https:\/\/canal7slp.tv\/2019\/#organization","name":"Comunicaci\u00f3n 2000 S.A. de C.V.","url":"https:\/\/canal7slp.tv\/2019\/","logo":{"@type":"ImageObject","inLanguage":"es","@id":"https:\/\/canal7slp.tv\/2019\/#\/schema\/logo\/image\/","url":"https:\/\/canal7slp.tv\/2019\/wp-content\/uploads\/2019\/07\/logo-c7.png","contentUrl":"https:\/\/canal7slp.tv\/2019\/wp-content\/uploads\/2019\/07\/logo-c7.png","width":220,"height":60,"caption":"Comunicaci\u00f3n 2000 S.A. de C.V."},"image":{"@id":"https:\/\/canal7slp.tv\/2019\/#\/schema\/logo\/image\/"},"sameAs":["https:\/\/www.facebook.com\/CANAL7SLP\/","https:\/\/x.com\/canal7_slp","https:\/\/www.instagram.com\/canal7_slp","https:\/\/www.youtube.com\/user\/NOTICIEROSCANAL7SLP\/"]},{"@type":"Person","@id":"https:\/\/canal7slp.tv\/2019\/#\/schema\/person\/11d941c1c6ca30ac0a46b95fa37aa2e3","name":"edicionweb","image":{"@type":"ImageObject","inLanguage":"es","@id":"https:\/\/secure.gravatar.com\/avatar\/eee448fc3f7164808013b816ba91ac7e43bbe82a70bebac296f8bc6f0addaa1a?s=96&d=mm&r=g","url":"https:\/\/secure.gravatar.com\/avatar\/eee448fc3f7164808013b816ba91ac7e43bbe82a70bebac296f8bc6f0addaa1a?s=96&d=mm&r=g","contentUrl":"https:\/\/secure.gravatar.com\/avatar\/eee448fc3f7164808013b816ba91ac7e43bbe82a70bebac296f8bc6f0addaa1a?s=96&d=mm&r=g","caption":"edicionweb"}}]}},"amp_enabled":true,"cmb2":{"video_ids_in_playlist":{"vid_p_videos":""},"video_ids_in_channel":{"vid_c_videos":""},"playlist_ids_in_channel":{"vid_c_playlists":""},"series_ids_in_channel":{"vid_c_series":""},"channel_images":{"vid_c_logo":"","vid_c_banner":""},"poster_feature_image":{"vid_m_poster_image":""},"gif_feature_image":{"vid_m_gif_image":""},"video_movie_settings":{"vid_m_director":"","vid_m_actor":"","vid_m_imdb_ratings":"","vid_m_amazon_associates":""},"vid_youtube_broadcasts_settings":{"vid_yb_broadcast_title":"","vid_yb_q":"","vid_yb_channelid":"","vid_yb_videocategoryid":"","vid_yb_maxresults":"","vid_yb_order":"","vid_yb_regioncode":"","vid_yb_videosyndicated":"","vid_yb_style":"","vid_yb_reload_first":""},"video_series_settings":{"vid_m_director":"","vid_m_actor":"","vid_m_imdb_ratings":"","video_series_group":""},"amazon_associates_settings":{"amazon_associates":"","amazon_native_ad":""},"vid_youtube_automatic_settings":{"vid_ya_youtube_source":"","vid_ya_update_every":"","vid_ya_update_unit":"","vid_ya_categories":"","vid_ya_published_after":"","vid_ya_published_before":"","vid_ya_playlists":"","vid_ya_channels":"","vid_ya_director":"","vid_ya_actor":"","vid_ya_author":"","vid_ya_import_post_date":"","vid_ya_status":"","vid_ya_sub_api_key":""},"vid_ads_m_videoads_settings_post":{"vid_ads_m_video_ads":"","vid_ads_m_video_ads_type":"","vid_ads_m_group_google_ima":"","vid_ads_m_group_image":"","vid_ads_m_group_html5_video":"","vid_ads_m_group_html":"","vid_ads_m_vast_preroll":"","vid_ads_m_vast_postroll":"","vid_ads_m_vast_pauseroll":"","vid_ads_m_vast_midroll":[{"vid_ads_m_vast_timer_seconds":"50"}],"vid_ads_m_time_to_show_ads":"","vid_ads_m_time_skip_ads":"","vid_ads_m_time_to_hide_ads":""},"page_slider_settings":{"display_slider_group":"","page_slider_group":""},"blog_page_settings":{"blog_page_title":"","blog_page_heading":"","blog_page_ic":"","blog_page_it":"","blog_page_ec":"","blog_page_ip":"","archive_loop_style":"","blog_image_ratio":"","blog_show_categories":"","blog_show_excerpt":"","blog_show_author":"","blog_show_date":"","blog_show_comment_count":"","blog_show_view_count":"","blog_show_like_count":"","blog_show_dislike_count":"","blog_items_per_page":"","blog_pag_type":""},"page_options":{"get_page_template":"","color_mode":"","main_layout":"","main_layout_full_with":"","main_logo":"","main_logo_retina":"","main_logo_mobile":"","main_logo_mobile_retina":"","sticky_logo":"","sticky_logo_retina":"","main_nav_layout":"","ajax_search":"","header_background":"","theme_sidebar":"","instagram_feed":"","instagram_feed_position":"","popular_videos":"","popular_videos_title_1":"","popular_videos_title_2":"","popular_videos_ic":"","popular_videos_it":"","theme_background":"","page_custom_css":""},"feature_image_settings":{"feature_image_position":""},"video_player_settings":{"single_video_style":"","video_player_position":"","vm_video_url":"","video_player_library":"","video_streaming":"","vm_media_sources":"","vid_auto_play":"","vm_video_shortcode":"","vid_p_sync_playlist":"","vid_c_sync_channel":"","get_post_format":"","multiple_links_structure":"default","multi_links_title":"","vm_video_multi_links":"","vm_duration":"","vid_social_locker":"off","vid_social_locker_id":"","vid_membership_action":"content-video","vm_video_trailer_url":"","vid_download_type":"free","vid_download_target":"download","vid_woo_product":"","vm_media_download":"","user_rating":"","user_rating_position":"","user_rating_mode":"","user_rating_multi_sets":""},"video_auto_fetch_settings":{"vm_video_fetch":"on"},"video_fake_views_likes":{"vm_fake_views":"","vm_fake_likes":"","vm_fake_dislikes":""},"gallery_settings":{"gallery_position":""},"quote_settings":{"quote_position":""},"post_options":{"main_layout":"","main_logo":"","main_logo_retina":"","main_logo_mobile":"","main_logo_mobile_retina":"","sticky_logo":"","sticky_logo_retina":"","main_nav_layout":"","header_background":"","theme_sidebar":"","single_post_comment_type":"","theme_background":""}},"_links":{"self":[{"href":"https:\/\/canal7slp.tv\/2019\/wp-json\/wp\/v2\/posts\/80000","targetHints":{"allow":["GET"]}}],"collection":[{"href":"https:\/\/canal7slp.tv\/2019\/wp-json\/wp\/v2\/posts"}],"about":[{"href":"https:\/\/canal7slp.tv\/2019\/wp-json\/wp\/v2\/types\/post"}],"author":[{"embeddable":true,"href":"https:\/\/canal7slp.tv\/2019\/wp-json\/wp\/v2\/users\/2"}],"replies":[{"embeddable":true,"href":"https:\/\/canal7slp.tv\/2019\/wp-json\/wp\/v2\/comments?post=80000"}],"version-history":[{"count":0,"href":"https:\/\/canal7slp.tv\/2019\/wp-json\/wp\/v2\/posts\/80000\/revisions"}],"wp:featuredmedia":[{"embeddable":true,"href":"https:\/\/canal7slp.tv\/2019\/wp-json\/wp\/v2\/media\/80001"}],"wp:attachment":[{"href":"https:\/\/canal7slp.tv\/2019\/wp-json\/wp\/v2\/media?parent=80000"}],"wp:term":[{"taxonomy":"category","embeddable":true,"href":"https:\/\/canal7slp.tv\/2019\/wp-json\/wp\/v2\/categories?post=80000"},{"taxonomy":"post_tag","embeddable":true,"href":"https:\/\/canal7slp.tv\/2019\/wp-json\/wp\/v2\/tags?post=80000"}],"curies":[{"name":"wp","href":"https:\/\/api.w.org\/{rel}","templated":true}]}}