{"id":79813,"date":"2019-11-05T15:13:16","date_gmt":"2019-11-05T21:13:16","guid":{"rendered":"https:\/\/canal7slp.tv\/2019\/?p=79813"},"modified":"2019-11-05T15:13:16","modified_gmt":"2019-11-05T21:13:16","slug":"ataque-a-convoy-de-lebaron-en-territorio-disputado-por-carteles-durazo","status":"publish","type":"post","link":"https:\/\/canal7slp.tv\/2019\/ataque-a-convoy-de-lebaron-en-territorio-disputado-por-carteles-durazo\/","title":{"rendered":"Ataque a convoy de LeBar\u00f3n, en territorio disputado por c\u00e1rteles: Durazo"},"content":{"rendered":"<ul>\n<li style=\"text-align: justify\">Titular de Seguridad ofreci\u00f3 protecci\u00f3n federal a la familia, si lo requiere<\/li>\n<\/ul>\n<p style=\"text-align: justify\">M\u00e9xico.- El titular de la Secretar\u00eda de Seguridad y Protecci\u00f3n Ciudadana (SSPyC), Alfonso Durazo, reconoci\u00f3 que el lugar donde asesinaron a nueve integrantes de la familia LeBar\u00f3n, es un territorio disputado entre grupos delincuenciales, entre ellos el c\u00e1rtel del Pac\u00edfico.<\/p>\n<p style=\"text-align: justify\">Durante la conferencia de prensa matutina del Presidente Andr\u00e9s Manuel L\u00f3pez Obrador (AMLO), el funcionario indic\u00f3 que hay criminales tanto de Sonora como de Chihuahua que establecieron acuerdos para tener el control.<\/p>\n<p style=\"text-align: justify\">&#8220;Es una zona en disputa entre diversos grupos criminales. Hay una c\u00e9lula del crimen organizado vinculada al C\u00e1rtel del Pac\u00edfico que tiene una presencia relevante, criminal relevante en la zona de Agua Prieta y en la parte de la sierra, en los l\u00edmites entre Chihuahua y Sonora&#8221;.<\/p>\n<p style=\"text-align: justify\">&#8220;Pero tambi\u00e9n hay grupos criminales del lado de Chihuahua que pretenden tomar control de zonas territoriales del estado de Sonora en acuerdo con grupos criminales (tambi\u00e9n) de Sonora&#8221;, refiri\u00f3 Durazo.<\/p>\n<p style=\"text-align: justify\">El encargado de la seguridad en el pa\u00eds refiri\u00f3 que del ataque contra la familia hubo un saldo de nueve fallecidos: tres mujeres y seis menores; adem\u00e1s de seis menores lastimados y una menor ilesa.<\/p>\n<p style=\"text-align: justify\">Al presentar una cronolog\u00eda de los hechos ocurridos entre los l\u00edmites de Sonora y Chihuahua, el funcionario refiri\u00f3 que los integrantes de esta familia fueron emboscados por un grupo armado que los pudo confundir con alguna banda delictiva en disputa.<\/p>\n<p style=\"text-align: justify\">&#8220;El convoy, integrado por dos camionetas Suburban, pudo haber sido confundido por grupos delictivos que se disputan el control en la regi\u00f3n&#8221;, refiri\u00f3.<\/p>\n<p style=\"text-align: justify\">Adem\u00e1s, Durazo Monta\u00f1o asegur\u00f3 que la familia actualmente no tiene protecci\u00f3n federal, pero que est\u00e1 a su disposici\u00f3n cuando lo deseen.<\/p>\n<p style=\"text-align: justify\">Tambi\u00e9n inform\u00f3 que ayer sostuvo una pl\u00e1tica con el titular de la Secretar\u00eda de Relaciones Exteriores (SRE), Marcelo Ebrard, quien mantiene comunicaci\u00f3n directa con el embajador de Estados Unidos en M\u00e9xico, Christopher Landau.<\/p>\n<p style=\"text-align: justify\">Sobre lo sucedido en los l\u00edmites de Chihuahua y Sonora el titular de la SSPyC present\u00f3 la siguiente cronolog\u00eda:<\/p>\n<p style=\"text-align: justify\">-9:30 a 13:00 horas:<br \/>\nLa familia LeBar\u00f3n se trasladaba en convoy, integrado por tres mujeres y 14 menores de edad, iban de Galeana, Chihuhua a Bavispe, Sonora.<\/p>\n<p style=\"text-align: justify\">-13:00 horas:<br \/>\nSe registro el ataque en los l\u00edmites entre los estados, donde fueron emboscados por un grupo armado.<\/p>\n<p style=\"text-align: justify\">-13:18 horas:<br \/>\nEl activista Juli\u00e1n LeBar\u00f3n solicit\u00f3 apoyo de la Guardia Nacional por ataque armado contra sus familiares en Bavispe, Sonora.<\/p>\n<p style=\"text-align: justify\">-17:00 horas:<br \/>\nElementos de la Guarnici\u00f3n Militar se Agua Prieta se trasladaron a la zona.<\/p>\n<p style=\"text-align: justify\">-18:00 horas:<br \/>\nLeBar\u00f3n y pobladores se dirigieron al lugar para buscar a sobrevivientes.<\/p>\n<p style=\"text-align: justify\">-18:30 horas:<br \/>\nLa Secretar\u00eda de la Defensa Nacional (Sedena) de la quinta zona militar de Chihuahua inici\u00f3 los patrullajes en los l\u00edmites de Chihuahua y Sonora.<\/p>\n<p style=\"text-align: justify\">-19:20 horas:<br \/>\nLa Fiscal\u00eda General del Estado de Chihuahua env\u00edo elementos de la Agencia Estatal de Investigaci\u00f3n y Comisi\u00f3n Estatal de Seguridad a Janos.<\/p>\n<p style=\"text-align: justify\">-20:30 horas:<br \/>\nElemento de seguridad de Chihuahua y Sonora establecieron operativo de b\u00fasqueda y blindaron la zona de conflicto.<\/p>\n<p style=\"text-align: justify\">-21:05 horas:<br \/>\nElementos de la Guardia Nacional y Sedena confirmaron el deceso de dos mujeres y dos menores, as\u00ed como siete personas localizadas con vida.<\/p>\n<p style=\"text-align: justify\">-00:05 horas:<br \/>\nLa 45 zona militar de Sedena de Sonora confirma saldo de nueve fallecidos y seis lesionados.<\/p>\n","protected":false},"excerpt":{"rendered":"<p>Titular de Seguridad ofreci\u00f3 protecci\u00f3n federal a la familia, si lo requiere M\u00e9xico.- El titular de la Secretar\u00eda de Seguridad y Protecci\u00f3n Ciudadana (SSPyC), Alfonso Durazo, reconoci\u00f3 que el lugar donde asesinaron a nueve integrantes de la familia LeBar\u00f3n, es un territorio disputado entre grupos delincuenciales, entre ellos el c\u00e1rtel del Pac\u00edfico. Durante la conferencia [&hellip;]<\/p>\n","protected":false},"author":2,"featured_media":79814,"comment_status":"open","ping_status":"open","sticky":false,"template":"","format":"standard","meta":{"footnotes":""},"categories":[30],"tags":[],"class_list":["post-79813","post","type-post","status-publish","format-standard","has-post-thumbnail","hentry","category-nacional"],"yoast_head":"<!-- This site is optimized with the Yoast SEO plugin v27.5 - https:\/\/yoast.com\/product\/yoast-seo-wordpress\/ -->\n<title>Ataque a convoy de LeBar\u00f3n, en territorio disputado por c\u00e1rteles: Durazo - Canal 7 SLP - 2019<\/title>\n<meta name=\"robots\" content=\"index, follow, max-snippet:-1, max-image-preview:large, max-video-preview:-1\" \/>\n<link rel=\"canonical\" href=\"https:\/\/canal7slp.tv\/2019\/ataque-a-convoy-de-lebaron-en-territorio-disputado-por-carteles-durazo\/\" \/>\n<meta property=\"og:locale\" content=\"es_ES\" \/>\n<meta property=\"og:type\" content=\"article\" \/>\n<meta property=\"og:title\" content=\"Ataque a convoy de LeBar\u00f3n, en territorio disputado por c\u00e1rteles: Durazo - Canal 7 SLP - 2019\" \/>\n<meta property=\"og:description\" content=\"Titular de Seguridad ofreci\u00f3 protecci\u00f3n federal a la familia, si lo requiere M\u00e9xico.- El titular de la Secretar\u00eda de Seguridad y Protecci\u00f3n Ciudadana (SSPyC), Alfonso Durazo, reconoci\u00f3 que el lugar donde asesinaron a nueve integrantes de la familia LeBar\u00f3n, es un territorio disputado entre grupos delincuenciales, entre ellos el c\u00e1rtel del Pac\u00edfico. Durante la conferencia [&hellip;]\" \/>\n<meta property=\"og:url\" content=\"https:\/\/canal7slp.tv\/2019\/ataque-a-convoy-de-lebaron-en-territorio-disputado-por-carteles-durazo\/\" \/>\n<meta property=\"og:site_name\" content=\"Canal 7 SLP - 2019\" \/>\n<meta property=\"article:publisher\" content=\"https:\/\/www.facebook.com\/CANAL7SLP\/\" \/>\n<meta property=\"article:published_time\" content=\"2019-11-05T21:13:16+00:00\" \/>\n<meta property=\"og:image\" content=\"https:\/\/canal7slp.tv\/2019\/wp-content\/uploads\/2019\/11\/1610-2.jpg\" \/>\n\t<meta property=\"og:image:width\" content=\"943\" \/>\n\t<meta property=\"og:image:height\" content=\"410\" \/>\n\t<meta property=\"og:image:type\" content=\"image\/jpeg\" \/>\n<meta name=\"author\" content=\"edicionweb\" \/>\n<meta name=\"twitter:card\" content=\"summary_large_image\" \/>\n<meta name=\"twitter:creator\" content=\"@canal7_slp\" \/>\n<meta name=\"twitter:site\" content=\"@canal7_slp\" \/>\n<meta name=\"twitter:label1\" content=\"Escrito por\" \/>\n\t<meta name=\"twitter:data1\" content=\"edicionweb\" \/>\n\t<meta name=\"twitter:label2\" content=\"Tiempo de lectura\" \/>\n\t<meta name=\"twitter:data2\" content=\"3 minutos\" \/>\n<script type=\"application\/ld+json\" class=\"yoast-schema-graph\">{\"@context\":\"https:\\\/\\\/schema.org\",\"@graph\":[{\"@type\":\"Article\",\"@id\":\"https:\\\/\\\/canal7slp.tv\\\/2019\\\/ataque-a-convoy-de-lebaron-en-territorio-disputado-por-carteles-durazo\\\/#article\",\"isPartOf\":{\"@id\":\"https:\\\/\\\/canal7slp.tv\\\/2019\\\/ataque-a-convoy-de-lebaron-en-territorio-disputado-por-carteles-durazo\\\/\"},\"author\":{\"name\":\"edicionweb\",\"@id\":\"https:\\\/\\\/canal7slp.tv\\\/2019\\\/#\\\/schema\\\/person\\\/11d941c1c6ca30ac0a46b95fa37aa2e3\"},\"headline\":\"Ataque a convoy de LeBar\u00f3n, en territorio disputado por c\u00e1rteles: Durazo\",\"datePublished\":\"2019-11-05T21:13:16+00:00\",\"mainEntityOfPage\":{\"@id\":\"https:\\\/\\\/canal7slp.tv\\\/2019\\\/ataque-a-convoy-de-lebaron-en-territorio-disputado-por-carteles-durazo\\\/\"},\"wordCount\":594,\"commentCount\":0,\"publisher\":{\"@id\":\"https:\\\/\\\/canal7slp.tv\\\/2019\\\/#organization\"},\"image\":{\"@id\":\"https:\\\/\\\/canal7slp.tv\\\/2019\\\/ataque-a-convoy-de-lebaron-en-territorio-disputado-por-carteles-durazo\\\/#primaryimage\"},\"thumbnailUrl\":\"https:\\\/\\\/canal7slp.tv\\\/2019\\\/wp-content\\\/uploads\\\/2019\\\/11\\\/1610-2.jpg\",\"articleSection\":[\"NACIONAL\"],\"inLanguage\":\"es\",\"potentialAction\":[{\"@type\":\"CommentAction\",\"name\":\"Comment\",\"target\":[\"https:\\\/\\\/canal7slp.tv\\\/2019\\\/ataque-a-convoy-de-lebaron-en-territorio-disputado-por-carteles-durazo\\\/#respond\"]}]},{\"@type\":\"WebPage\",\"@id\":\"https:\\\/\\\/canal7slp.tv\\\/2019\\\/ataque-a-convoy-de-lebaron-en-territorio-disputado-por-carteles-durazo\\\/\",\"url\":\"https:\\\/\\\/canal7slp.tv\\\/2019\\\/ataque-a-convoy-de-lebaron-en-territorio-disputado-por-carteles-durazo\\\/\",\"name\":\"Ataque a convoy de LeBar\u00f3n, en territorio disputado por c\u00e1rteles: Durazo - Canal 7 SLP - 2019\",\"isPartOf\":{\"@id\":\"https:\\\/\\\/canal7slp.tv\\\/2019\\\/#website\"},\"primaryImageOfPage\":{\"@id\":\"https:\\\/\\\/canal7slp.tv\\\/2019\\\/ataque-a-convoy-de-lebaron-en-territorio-disputado-por-carteles-durazo\\\/#primaryimage\"},\"image\":{\"@id\":\"https:\\\/\\\/canal7slp.tv\\\/2019\\\/ataque-a-convoy-de-lebaron-en-territorio-disputado-por-carteles-durazo\\\/#primaryimage\"},\"thumbnailUrl\":\"https:\\\/\\\/canal7slp.tv\\\/2019\\\/wp-content\\\/uploads\\\/2019\\\/11\\\/1610-2.jpg\",\"datePublished\":\"2019-11-05T21:13:16+00:00\",\"breadcrumb\":{\"@id\":\"https:\\\/\\\/canal7slp.tv\\\/2019\\\/ataque-a-convoy-de-lebaron-en-territorio-disputado-por-carteles-durazo\\\/#breadcrumb\"},\"inLanguage\":\"es\",\"potentialAction\":[{\"@type\":\"ReadAction\",\"target\":[\"https:\\\/\\\/canal7slp.tv\\\/2019\\\/ataque-a-convoy-de-lebaron-en-territorio-disputado-por-carteles-durazo\\\/\"]}]},{\"@type\":\"ImageObject\",\"inLanguage\":\"es\",\"@id\":\"https:\\\/\\\/canal7slp.tv\\\/2019\\\/ataque-a-convoy-de-lebaron-en-territorio-disputado-por-carteles-durazo\\\/#primaryimage\",\"url\":\"https:\\\/\\\/canal7slp.tv\\\/2019\\\/wp-content\\\/uploads\\\/2019\\\/11\\\/1610-2.jpg\",\"contentUrl\":\"https:\\\/\\\/canal7slp.tv\\\/2019\\\/wp-content\\\/uploads\\\/2019\\\/11\\\/1610-2.jpg\",\"width\":943,\"height\":410},{\"@type\":\"BreadcrumbList\",\"@id\":\"https:\\\/\\\/canal7slp.tv\\\/2019\\\/ataque-a-convoy-de-lebaron-en-territorio-disputado-por-carteles-durazo\\\/#breadcrumb\",\"itemListElement\":[{\"@type\":\"ListItem\",\"position\":1,\"name\":\"Home\",\"item\":\"https:\\\/\\\/canal7slp.tv\\\/2019\\\/\"},{\"@type\":\"ListItem\",\"position\":2,\"name\":\"Ataque a convoy de LeBar\u00f3n, en territorio disputado por c\u00e1rteles: Durazo\"}]},{\"@type\":\"WebSite\",\"@id\":\"https:\\\/\\\/canal7slp.tv\\\/2019\\\/#website\",\"url\":\"https:\\\/\\\/canal7slp.tv\\\/2019\\\/\",\"name\":\"Canal 7 SLP - Somos TV\",\"description\":\"Somos un Canal de 10\",\"publisher\":{\"@id\":\"https:\\\/\\\/canal7slp.tv\\\/2019\\\/#organization\"},\"potentialAction\":[{\"@type\":\"SearchAction\",\"target\":{\"@type\":\"EntryPoint\",\"urlTemplate\":\"https:\\\/\\\/canal7slp.tv\\\/2019\\\/?s={search_term_string}\"},\"query-input\":{\"@type\":\"PropertyValueSpecification\",\"valueRequired\":true,\"valueName\":\"search_term_string\"}}],\"inLanguage\":\"es\"},{\"@type\":\"Organization\",\"@id\":\"https:\\\/\\\/canal7slp.tv\\\/2019\\\/#organization\",\"name\":\"Comunicaci\u00f3n 2000 S.A. de C.V.\",\"url\":\"https:\\\/\\\/canal7slp.tv\\\/2019\\\/\",\"logo\":{\"@type\":\"ImageObject\",\"inLanguage\":\"es\",\"@id\":\"https:\\\/\\\/canal7slp.tv\\\/2019\\\/#\\\/schema\\\/logo\\\/image\\\/\",\"url\":\"https:\\\/\\\/canal7slp.tv\\\/2019\\\/wp-content\\\/uploads\\\/2019\\\/07\\\/logo-c7.png\",\"contentUrl\":\"https:\\\/\\\/canal7slp.tv\\\/2019\\\/wp-content\\\/uploads\\\/2019\\\/07\\\/logo-c7.png\",\"width\":220,\"height\":60,\"caption\":\"Comunicaci\u00f3n 2000 S.A. de C.V.\"},\"image\":{\"@id\":\"https:\\\/\\\/canal7slp.tv\\\/2019\\\/#\\\/schema\\\/logo\\\/image\\\/\"},\"sameAs\":[\"https:\\\/\\\/www.facebook.com\\\/CANAL7SLP\\\/\",\"https:\\\/\\\/x.com\\\/canal7_slp\",\"https:\\\/\\\/www.instagram.com\\\/canal7_slp\",\"https:\\\/\\\/www.youtube.com\\\/user\\\/NOTICIEROSCANAL7SLP\\\/\"]},{\"@type\":\"Person\",\"@id\":\"https:\\\/\\\/canal7slp.tv\\\/2019\\\/#\\\/schema\\\/person\\\/11d941c1c6ca30ac0a46b95fa37aa2e3\",\"name\":\"edicionweb\",\"image\":{\"@type\":\"ImageObject\",\"inLanguage\":\"es\",\"@id\":\"https:\\\/\\\/secure.gravatar.com\\\/avatar\\\/eee448fc3f7164808013b816ba91ac7e43bbe82a70bebac296f8bc6f0addaa1a?s=96&d=mm&r=g\",\"url\":\"https:\\\/\\\/secure.gravatar.com\\\/avatar\\\/eee448fc3f7164808013b816ba91ac7e43bbe82a70bebac296f8bc6f0addaa1a?s=96&d=mm&r=g\",\"contentUrl\":\"https:\\\/\\\/secure.gravatar.com\\\/avatar\\\/eee448fc3f7164808013b816ba91ac7e43bbe82a70bebac296f8bc6f0addaa1a?s=96&d=mm&r=g\",\"caption\":\"edicionweb\"}}]}<\/script>\n<!-- \/ Yoast SEO plugin. -->","yoast_head_json":{"title":"Ataque a convoy de LeBar\u00f3n, en territorio disputado por c\u00e1rteles: Durazo - Canal 7 SLP - 2019","robots":{"index":"index","follow":"follow","max-snippet":"max-snippet:-1","max-image-preview":"max-image-preview:large","max-video-preview":"max-video-preview:-1"},"canonical":"https:\/\/canal7slp.tv\/2019\/ataque-a-convoy-de-lebaron-en-territorio-disputado-por-carteles-durazo\/","og_locale":"es_ES","og_type":"article","og_title":"Ataque a convoy de LeBar\u00f3n, en territorio disputado por c\u00e1rteles: Durazo - Canal 7 SLP - 2019","og_description":"Titular de Seguridad ofreci\u00f3 protecci\u00f3n federal a la familia, si lo requiere M\u00e9xico.- El titular de la Secretar\u00eda de Seguridad y Protecci\u00f3n Ciudadana (SSPyC), Alfonso Durazo, reconoci\u00f3 que el lugar donde asesinaron a nueve integrantes de la familia LeBar\u00f3n, es un territorio disputado entre grupos delincuenciales, entre ellos el c\u00e1rtel del Pac\u00edfico. Durante la conferencia [&hellip;]","og_url":"https:\/\/canal7slp.tv\/2019\/ataque-a-convoy-de-lebaron-en-territorio-disputado-por-carteles-durazo\/","og_site_name":"Canal 7 SLP - 2019","article_publisher":"https:\/\/www.facebook.com\/CANAL7SLP\/","article_published_time":"2019-11-05T21:13:16+00:00","og_image":[{"width":943,"height":410,"url":"https:\/\/canal7slp.tv\/2019\/wp-content\/uploads\/2019\/11\/1610-2.jpg","type":"image\/jpeg"}],"author":"edicionweb","twitter_card":"summary_large_image","twitter_creator":"@canal7_slp","twitter_site":"@canal7_slp","twitter_misc":{"Escrito por":"edicionweb","Tiempo de lectura":"3 minutos"},"schema":{"@context":"https:\/\/schema.org","@graph":[{"@type":"Article","@id":"https:\/\/canal7slp.tv\/2019\/ataque-a-convoy-de-lebaron-en-territorio-disputado-por-carteles-durazo\/#article","isPartOf":{"@id":"https:\/\/canal7slp.tv\/2019\/ataque-a-convoy-de-lebaron-en-territorio-disputado-por-carteles-durazo\/"},"author":{"name":"edicionweb","@id":"https:\/\/canal7slp.tv\/2019\/#\/schema\/person\/11d941c1c6ca30ac0a46b95fa37aa2e3"},"headline":"Ataque a convoy de LeBar\u00f3n, en territorio disputado por c\u00e1rteles: Durazo","datePublished":"2019-11-05T21:13:16+00:00","mainEntityOfPage":{"@id":"https:\/\/canal7slp.tv\/2019\/ataque-a-convoy-de-lebaron-en-territorio-disputado-por-carteles-durazo\/"},"wordCount":594,"commentCount":0,"publisher":{"@id":"https:\/\/canal7slp.tv\/2019\/#organization"},"image":{"@id":"https:\/\/canal7slp.tv\/2019\/ataque-a-convoy-de-lebaron-en-territorio-disputado-por-carteles-durazo\/#primaryimage"},"thumbnailUrl":"https:\/\/canal7slp.tv\/2019\/wp-content\/uploads\/2019\/11\/1610-2.jpg","articleSection":["NACIONAL"],"inLanguage":"es","potentialAction":[{"@type":"CommentAction","name":"Comment","target":["https:\/\/canal7slp.tv\/2019\/ataque-a-convoy-de-lebaron-en-territorio-disputado-por-carteles-durazo\/#respond"]}]},{"@type":"WebPage","@id":"https:\/\/canal7slp.tv\/2019\/ataque-a-convoy-de-lebaron-en-territorio-disputado-por-carteles-durazo\/","url":"https:\/\/canal7slp.tv\/2019\/ataque-a-convoy-de-lebaron-en-territorio-disputado-por-carteles-durazo\/","name":"Ataque a convoy de LeBar\u00f3n, en territorio disputado por c\u00e1rteles: Durazo - Canal 7 SLP - 2019","isPartOf":{"@id":"https:\/\/canal7slp.tv\/2019\/#website"},"primaryImageOfPage":{"@id":"https:\/\/canal7slp.tv\/2019\/ataque-a-convoy-de-lebaron-en-territorio-disputado-por-carteles-durazo\/#primaryimage"},"image":{"@id":"https:\/\/canal7slp.tv\/2019\/ataque-a-convoy-de-lebaron-en-territorio-disputado-por-carteles-durazo\/#primaryimage"},"thumbnailUrl":"https:\/\/canal7slp.tv\/2019\/wp-content\/uploads\/2019\/11\/1610-2.jpg","datePublished":"2019-11-05T21:13:16+00:00","breadcrumb":{"@id":"https:\/\/canal7slp.tv\/2019\/ataque-a-convoy-de-lebaron-en-territorio-disputado-por-carteles-durazo\/#breadcrumb"},"inLanguage":"es","potentialAction":[{"@type":"ReadAction","target":["https:\/\/canal7slp.tv\/2019\/ataque-a-convoy-de-lebaron-en-territorio-disputado-por-carteles-durazo\/"]}]},{"@type":"ImageObject","inLanguage":"es","@id":"https:\/\/canal7slp.tv\/2019\/ataque-a-convoy-de-lebaron-en-territorio-disputado-por-carteles-durazo\/#primaryimage","url":"https:\/\/canal7slp.tv\/2019\/wp-content\/uploads\/2019\/11\/1610-2.jpg","contentUrl":"https:\/\/canal7slp.tv\/2019\/wp-content\/uploads\/2019\/11\/1610-2.jpg","width":943,"height":410},{"@type":"BreadcrumbList","@id":"https:\/\/canal7slp.tv\/2019\/ataque-a-convoy-de-lebaron-en-territorio-disputado-por-carteles-durazo\/#breadcrumb","itemListElement":[{"@type":"ListItem","position":1,"name":"Home","item":"https:\/\/canal7slp.tv\/2019\/"},{"@type":"ListItem","position":2,"name":"Ataque a convoy de LeBar\u00f3n, en territorio disputado por c\u00e1rteles: Durazo"}]},{"@type":"WebSite","@id":"https:\/\/canal7slp.tv\/2019\/#website","url":"https:\/\/canal7slp.tv\/2019\/","name":"Canal 7 SLP - Somos TV","description":"Somos un Canal de 10","publisher":{"@id":"https:\/\/canal7slp.tv\/2019\/#organization"},"potentialAction":[{"@type":"SearchAction","target":{"@type":"EntryPoint","urlTemplate":"https:\/\/canal7slp.tv\/2019\/?s={search_term_string}"},"query-input":{"@type":"PropertyValueSpecification","valueRequired":true,"valueName":"search_term_string"}}],"inLanguage":"es"},{"@type":"Organization","@id":"https:\/\/canal7slp.tv\/2019\/#organization","name":"Comunicaci\u00f3n 2000 S.A. de C.V.","url":"https:\/\/canal7slp.tv\/2019\/","logo":{"@type":"ImageObject","inLanguage":"es","@id":"https:\/\/canal7slp.tv\/2019\/#\/schema\/logo\/image\/","url":"https:\/\/canal7slp.tv\/2019\/wp-content\/uploads\/2019\/07\/logo-c7.png","contentUrl":"https:\/\/canal7slp.tv\/2019\/wp-content\/uploads\/2019\/07\/logo-c7.png","width":220,"height":60,"caption":"Comunicaci\u00f3n 2000 S.A. de C.V."},"image":{"@id":"https:\/\/canal7slp.tv\/2019\/#\/schema\/logo\/image\/"},"sameAs":["https:\/\/www.facebook.com\/CANAL7SLP\/","https:\/\/x.com\/canal7_slp","https:\/\/www.instagram.com\/canal7_slp","https:\/\/www.youtube.com\/user\/NOTICIEROSCANAL7SLP\/"]},{"@type":"Person","@id":"https:\/\/canal7slp.tv\/2019\/#\/schema\/person\/11d941c1c6ca30ac0a46b95fa37aa2e3","name":"edicionweb","image":{"@type":"ImageObject","inLanguage":"es","@id":"https:\/\/secure.gravatar.com\/avatar\/eee448fc3f7164808013b816ba91ac7e43bbe82a70bebac296f8bc6f0addaa1a?s=96&d=mm&r=g","url":"https:\/\/secure.gravatar.com\/avatar\/eee448fc3f7164808013b816ba91ac7e43bbe82a70bebac296f8bc6f0addaa1a?s=96&d=mm&r=g","contentUrl":"https:\/\/secure.gravatar.com\/avatar\/eee448fc3f7164808013b816ba91ac7e43bbe82a70bebac296f8bc6f0addaa1a?s=96&d=mm&r=g","caption":"edicionweb"}}]}},"amp_enabled":true,"cmb2":{"video_ids_in_playlist":{"vid_p_videos":""},"video_ids_in_channel":{"vid_c_videos":""},"playlist_ids_in_channel":{"vid_c_playlists":""},"series_ids_in_channel":{"vid_c_series":""},"channel_images":{"vid_c_logo":"","vid_c_banner":""},"poster_feature_image":{"vid_m_poster_image":""},"gif_feature_image":{"vid_m_gif_image":""},"video_movie_settings":{"vid_m_director":"","vid_m_actor":"","vid_m_imdb_ratings":"","vid_m_amazon_associates":""},"vid_youtube_broadcasts_settings":{"vid_yb_broadcast_title":"","vid_yb_q":"","vid_yb_channelid":"","vid_yb_videocategoryid":"","vid_yb_maxresults":"","vid_yb_order":"","vid_yb_regioncode":"","vid_yb_videosyndicated":"","vid_yb_style":"","vid_yb_reload_first":""},"video_series_settings":{"vid_m_director":"","vid_m_actor":"","vid_m_imdb_ratings":"","video_series_group":""},"amazon_associates_settings":{"amazon_associates":"","amazon_native_ad":""},"vid_youtube_automatic_settings":{"vid_ya_youtube_source":"","vid_ya_update_every":"","vid_ya_update_unit":"","vid_ya_categories":"","vid_ya_published_after":"","vid_ya_published_before":"","vid_ya_playlists":"","vid_ya_channels":"","vid_ya_director":"","vid_ya_actor":"","vid_ya_author":"","vid_ya_import_post_date":"","vid_ya_status":"","vid_ya_sub_api_key":""},"vid_ads_m_videoads_settings_post":{"vid_ads_m_video_ads":"","vid_ads_m_video_ads_type":"","vid_ads_m_group_google_ima":"","vid_ads_m_group_image":"","vid_ads_m_group_html5_video":"","vid_ads_m_group_html":"","vid_ads_m_vast_preroll":"","vid_ads_m_vast_postroll":"","vid_ads_m_vast_pauseroll":"","vid_ads_m_vast_midroll":[{"vid_ads_m_vast_timer_seconds":"50"}],"vid_ads_m_time_to_show_ads":"","vid_ads_m_time_skip_ads":"","vid_ads_m_time_to_hide_ads":""},"page_slider_settings":{"display_slider_group":"","page_slider_group":""},"blog_page_settings":{"blog_page_title":"","blog_page_heading":"","blog_page_ic":"","blog_page_it":"","blog_page_ec":"","blog_page_ip":"","archive_loop_style":"","blog_image_ratio":"","blog_show_categories":"","blog_show_excerpt":"","blog_show_author":"","blog_show_date":"","blog_show_comment_count":"","blog_show_view_count":"","blog_show_like_count":"","blog_show_dislike_count":"","blog_items_per_page":"","blog_pag_type":""},"page_options":{"get_page_template":"","color_mode":"","main_layout":"","main_layout_full_with":"","main_logo":"","main_logo_retina":"","main_logo_mobile":"","main_logo_mobile_retina":"","sticky_logo":"","sticky_logo_retina":"","main_nav_layout":"","ajax_search":"","header_background":"","theme_sidebar":"","instagram_feed":"","instagram_feed_position":"","popular_videos":"","popular_videos_title_1":"","popular_videos_title_2":"","popular_videos_ic":"","popular_videos_it":"","theme_background":"","page_custom_css":""},"feature_image_settings":{"feature_image_position":""},"video_player_settings":{"single_video_style":"","video_player_position":"","vm_video_url":"","video_player_library":"","video_streaming":"","vm_media_sources":"","vid_auto_play":"","vm_video_shortcode":"","vid_p_sync_playlist":"","vid_c_sync_channel":"","get_post_format":"","multiple_links_structure":"default","multi_links_title":"","vm_video_multi_links":"","vm_duration":"","vid_social_locker":"off","vid_social_locker_id":"","vid_membership_action":"content-video","vm_video_trailer_url":"","vid_download_type":"free","vid_download_target":"download","vid_woo_product":"","vm_media_download":"","user_rating":"","user_rating_position":"","user_rating_mode":"","user_rating_multi_sets":""},"video_auto_fetch_settings":{"vm_video_fetch":"on"},"video_fake_views_likes":{"vm_fake_views":"","vm_fake_likes":"","vm_fake_dislikes":""},"gallery_settings":{"gallery_position":""},"quote_settings":{"quote_position":""},"post_options":{"main_layout":"","main_logo":"","main_logo_retina":"","main_logo_mobile":"","main_logo_mobile_retina":"","sticky_logo":"","sticky_logo_retina":"","main_nav_layout":"","header_background":"","theme_sidebar":"","single_post_comment_type":"","theme_background":""}},"_links":{"self":[{"href":"https:\/\/canal7slp.tv\/2019\/wp-json\/wp\/v2\/posts\/79813","targetHints":{"allow":["GET"]}}],"collection":[{"href":"https:\/\/canal7slp.tv\/2019\/wp-json\/wp\/v2\/posts"}],"about":[{"href":"https:\/\/canal7slp.tv\/2019\/wp-json\/wp\/v2\/types\/post"}],"author":[{"embeddable":true,"href":"https:\/\/canal7slp.tv\/2019\/wp-json\/wp\/v2\/users\/2"}],"replies":[{"embeddable":true,"href":"https:\/\/canal7slp.tv\/2019\/wp-json\/wp\/v2\/comments?post=79813"}],"version-history":[{"count":0,"href":"https:\/\/canal7slp.tv\/2019\/wp-json\/wp\/v2\/posts\/79813\/revisions"}],"wp:featuredmedia":[{"embeddable":true,"href":"https:\/\/canal7slp.tv\/2019\/wp-json\/wp\/v2\/media\/79814"}],"wp:attachment":[{"href":"https:\/\/canal7slp.tv\/2019\/wp-json\/wp\/v2\/media?parent=79813"}],"wp:term":[{"taxonomy":"category","embeddable":true,"href":"https:\/\/canal7slp.tv\/2019\/wp-json\/wp\/v2\/categories?post=79813"},{"taxonomy":"post_tag","embeddable":true,"href":"https:\/\/canal7slp.tv\/2019\/wp-json\/wp\/v2\/tags?post=79813"}],"curies":[{"name":"wp","href":"https:\/\/api.w.org\/{rel}","templated":true}]}}