{"id":7971,"date":"2019-06-06T12:31:13","date_gmt":"2019-06-06T17:31:13","guid":{"rendered":"https:\/\/canal7slp.tv\/2019\/?p=7971"},"modified":"2019-06-06T12:31:13","modified_gmt":"2019-06-06T17:31:13","slug":"reconstruccion-de-notre-dame-envuelta-en-la-polemica","status":"publish","type":"post","link":"https:\/\/canal7slp.tv\/2019\/reconstruccion-de-notre-dame-envuelta-en-la-polemica\/","title":{"rendered":"Reconstrucci\u00f3n de Notre Dame envuelta en la pol\u00e9mica"},"content":{"rendered":"<p style=\"text-align: justify\">Par\u00eds.- La reconstrucci\u00f3n de la Catedral de Notre Dame, en Par\u00eds, se ha visto inmersa en la pol\u00e9mica por el enfrentamiento entre el Senado franc\u00e9s y el gobierno del presidente Emanuel Macron, as\u00ed como los cuestionamientos a las millonarias donaciones recaudadas para las obras.<\/p>\n<p style=\"text-align: justify\">Tras el devastador incendio que el pasado 15 de abril dej\u00f3 en ruinas a uno de los m\u00e1s emblem\u00e1ticos monumentos de Francia, la c\u00e1mara alta insiste en que la reconstrucci\u00f3n se debe apegar al dise\u00f1o original, a diferencia del Ejecutivo que quiere una \u00abreconstrucci\u00f3n imaginativa\u00bb, sea lo que sea que eso signifique.<\/p>\n<p style=\"text-align: justify\">El pasado 28 de mayo, el Senado, controlado por la oposici\u00f3n de derecha, aprob\u00f3 un proyecto de ley que se\u00f1ala que la restauraci\u00f3n debe ser fiel a la \u00ab\u00faltima condici\u00f3n visual conocida\u00bb de la catedral, incluida su aguja que cay\u00f3 bajo los embates del fuego.<\/p>\n<p style=\"text-align: justify\">La intenci\u00f3n de los senadores franceses ser\u00eda impedir al gobierno que permita la modernizaci\u00f3n de la iglesia, construida entre 1163 y 1245, la cual es considerado una de las catedrales g\u00f3ticas m\u00e1s antiguas del mundo.<\/p>\n<p style=\"text-align: justify\">La versi\u00f3n de la c\u00e1mara alta se contrapone con el proyecto de los diputados de la Asamblea Nacional, que faculta al gobierno a establecer excepciones a determinadas normas (urbanismo, medio ambiente, construcci\u00f3n, conservaci\u00f3n del patrimonio, contrataci\u00f3n p\u00fablica), lo que fue suprimido en el Senado.<\/p>\n<p style=\"text-align: justify\">Durante el debate en la c\u00e1mara alta, varios senadores cuestionaron las intenciones del gobierno de Macron de concluir las obras de restauraci\u00f3n en cinco a\u00f1os y de darse ciertas licencias para alcanzar ese objetivo.<\/p>\n<p style=\"text-align: justify\">&#8220;Se trata de una ley para reconstruir Notre-Dame de Par\u00eds, no Notre Dame del El\u00edse&#8221;, dijo el senador David Assouline, del Partido Socialista, mientras Alain Schmitz, del centroderechista Los Republicanos, afirm\u00f3 que es absurdo &#8220;dejarse encerrar en el plazo de cinco a\u00f1os si ello conduce a una disminuci\u00f3n de la calidad del trabajo&#8221;.<\/p>\n<p style=\"text-align: justify\">&#8220;S\u00ed, restauraremos Notre Dame de Par\u00eds. El presidente se ha fijado un objetivo, cinco a\u00f1os, es un plazo ambicioso y voluntarista (&#8230;) En esta tarea que tenemos por delante, nunca confundiremos la velocidad con la prisa&#8221;, asegur\u00f3 por su parte el ministro de Cultura, Franck Riester.<\/p>\n<p style=\"text-align: justify\">Sin embargo, ahora ambas c\u00e1maras del Legislativo franc\u00e9s deben unificar una versi\u00f3n del proyecto sobre la reconstrucci\u00f3n de la catedral, lo que parece complicado ante la visi\u00f3n que defiende cada parte.<\/p>\n<p style=\"text-align: justify\">Otro elemento que aviv\u00f3 el debate es si se debe reconstruir la aguja de la catedral respetando su dise\u00f1o, ya que esta no formaba parte del monumento original, sino que fue obra del arquitecto Eug\u00e8ne Viollet-le-Duc en el siglo XIX.<\/p>\n<p style=\"text-align: justify\">El presidente franc\u00e9s afirm\u00f3 que la aguja de la catedral deber\u00eda ser resultado de &#8220;una reconstrucci\u00f3n imaginativa&#8221;, inspirada en &#8220;lo que Viollet-Le-Duc hab\u00eda hecho en su tiempo&#8221;, al llevar a cabo &#8220;una alianza de tradici\u00f3n y modernidad, una audacia respetuosa&#8221;.<\/p>\n<p style=\"text-align: justify\">Las voces a favor y en contra se hicieron patentes luego que el 17 de abril pasado, el primer ministro franc\u00e9s Edouard Philippe, anunci\u00f3 el lanzamiento de un &#8220;concurso internacional de arquitectura&#8221; para decidir c\u00f3mo realizar la reconstrucci\u00f3n de la aguja de Notre Dame.<\/p>\n<p style=\"text-align: justify\">Explic\u00f3 que el concurso &#8220;permitir\u00e1 decidir si debemos reconstruir la aguja, si debemos hacerla igual a la que fue dise\u00f1ada y construida por Viollet Leduc, o si dotamos a la catedral de una nueva aguja adaptada a las t\u00e9cnicas y retos de nuestro tiempo&#8221;.<\/p>\n<p style=\"text-align: justify\">La aguja, una estructura de 93 metros de altura y con un peso de 750 toneladas, ser\u00e1 recordada como el s\u00edmbolo del desastre que vivi\u00f3 Francia el 15 de abril, cuando el mundo se conmocion\u00f3 al verla caer envuelta en llamas.<\/p>\n<p style=\"text-align: justify\">Pero esta no es la primera vez que se ha visto amenazado el monumento que inspir\u00f3 al escritor franc\u00e9s V\u00edctor Hugo a escribir en 1831 su c\u00e9lebre novela \u00abNuestra se\u00f1ora de Par\u00eds\u00bb.<\/p>\n<p style=\"text-align: justify\">En 1871, durante la Comuna de Par\u00eds, la catedral sufri\u00f3 una tentativa de incendio. Despu\u00e9s, durante la Segunda Guerra Mundial, Adolfo Hitler habr\u00eda ordenado hacer explotar los monumentos m\u00e1s importantes de Par\u00eds, en caso de que las fuerzas nazis tuvieran que abandonar la ciudad si perd\u00edan la guerra.<\/p>\n<p style=\"text-align: justify\">La catedral, que a lo largo de su historia ha sido escenario de acontecimientos como la coronaci\u00f3n del rey Enrique VI de Inglaterra, en 1431, y de Napole\u00f3n, en 1804, as\u00ed como la beatificaci\u00f3n de Juana de Arco en 1909, es tambi\u00e9n motivo de otra pol\u00e9mica relacionada con la recaudaci\u00f3n de fondos para su reconstrucci\u00f3n.<\/p>\n<p style=\"text-align: justify\">Desde que se incendi\u00f3 en abril pasado, grupos empresariales y magnates han ofrecido millonarias aportaciones para reconstruir Notre Dame, lo que ha generado numerosas cr\u00edticas de diversos sectores sociales.<\/p>\n<p style=\"text-align: justify\">La familia Arnault y el grupo LVMH, due\u00f1o de marcas como Bulgari, Fendi, Givenchy, Loewe y Louis Vuitton, entre otras, anunci\u00f3 una donaci\u00f3n de 200 millones de euros (unos 225 millones de d\u00f3lares).<\/p>\n<p style=\"text-align: justify\">Una cifra similar fue ofrecida por el grupo empresarial L\u2019Oreal, de la familia Bettencourt Meyers, mientras la compa\u00f1\u00eda petrolera Total dar\u00e1 100 millones (unos 112.5 millones de d\u00f3lares) para las obras de reconstrucci\u00f3n.<\/p>\n<p style=\"text-align: justify\">La familia Pinault, que controla marcas como Gucci, Balenciaga y la casa de subastas Christie\u2019s, prometi\u00f3 tambi\u00e9n 100 millones de euros para la reconstrucci\u00f3n de la catedral.<\/p>\n<p style=\"text-align: justify\">A estas aportaciones hay que sumar las ofrecidas por empresarios, la organizada por el Observatorio del Patrimonio Religioso y los fondos recaudados por plataformas como GoFundMe y Leetchi, de acuerdo con el canal de televisi\u00f3n France24.<\/p>\n<p style=\"text-align: justify\">Sin embargo, miembros de la oposici\u00f3n, l\u00edderes sindicales y el movimiento &#8220;chalecos amarillos&#8221; han criticado las millonarias sumas donadas para la reconstrucci\u00f3n de Notre Dame y la rapidez con que se han recabado, al argumentar que en Francia hay asuntos de mayor prioridad.<\/p>\n<p style=\"text-align: justify\">&#8220;Si son capaces de dar decenas de millones para reconstruir Notre Dame, que dejen de decirnos que no hay dinero para satisfacer la urgencia social&#8221;, sostuvo Philippe Martinez, secretario general de la Confederaci\u00f3n General del Trabajo (CGT), una de las principales gremiales de Francia.<\/p>\n","protected":false},"excerpt":{"rendered":"<p>Par\u00eds.- La reconstrucci\u00f3n de la Catedral de Notre Dame, en Par\u00eds, se ha visto inmersa en la pol\u00e9mica por el enfrentamiento entre el Senado franc\u00e9s y el gobierno del presidente Emanuel Macron, as\u00ed como los cuestionamientos a las millonarias donaciones recaudadas para las obras. Tras el devastador incendio que el pasado 15 de abril dej\u00f3 [&hellip;]<\/p>\n","protected":false},"author":2,"featured_media":7973,"comment_status":"open","ping_status":"closed","sticky":false,"template":"","format":"standard","meta":{"footnotes":""},"categories":[18],"tags":[],"class_list":["post-7971","post","type-post","status-publish","format-standard","has-post-thumbnail","hentry","category-internacional"],"yoast_head":"<!-- This site is optimized with the Yoast SEO plugin v27.5 - https:\/\/yoast.com\/product\/yoast-seo-wordpress\/ -->\n<title>Reconstrucci\u00f3n de Notre Dame envuelta en la pol\u00e9mica - Canal 7 SLP - 2019<\/title>\n<meta name=\"robots\" content=\"index, follow, max-snippet:-1, max-image-preview:large, max-video-preview:-1\" \/>\n<link rel=\"canonical\" href=\"https:\/\/canal7slp.tv\/2019\/reconstruccion-de-notre-dame-envuelta-en-la-polemica\/\" \/>\n<meta property=\"og:locale\" content=\"es_ES\" \/>\n<meta property=\"og:type\" content=\"article\" \/>\n<meta property=\"og:title\" content=\"Reconstrucci\u00f3n de Notre Dame envuelta en la pol\u00e9mica - Canal 7 SLP - 2019\" \/>\n<meta property=\"og:description\" content=\"Par\u00eds.- La reconstrucci\u00f3n de la Catedral de Notre Dame, en Par\u00eds, se ha visto inmersa en la pol\u00e9mica por el enfrentamiento entre el Senado franc\u00e9s y el gobierno del presidente Emanuel Macron, as\u00ed como los cuestionamientos a las millonarias donaciones recaudadas para las obras. Tras el devastador incendio que el pasado 15 de abril dej\u00f3 [&hellip;]\" \/>\n<meta property=\"og:url\" content=\"https:\/\/canal7slp.tv\/2019\/reconstruccion-de-notre-dame-envuelta-en-la-polemica\/\" \/>\n<meta property=\"og:site_name\" content=\"Canal 7 SLP - 2019\" \/>\n<meta property=\"article:publisher\" content=\"https:\/\/www.facebook.com\/CANAL7SLP\/\" \/>\n<meta property=\"article:published_time\" content=\"2019-06-06T17:31:13+00:00\" \/>\n<meta property=\"og:image\" content=\"https:\/\/canal7slp.tv\/2019\/wp-content\/uploads\/2019\/06\/08-5.jpg\" \/>\n\t<meta property=\"og:image:width\" content=\"667\" \/>\n\t<meta property=\"og:image:height\" content=\"410\" \/>\n\t<meta property=\"og:image:type\" content=\"image\/jpeg\" \/>\n<meta name=\"author\" content=\"edicionweb\" \/>\n<meta name=\"twitter:card\" content=\"summary_large_image\" \/>\n<meta name=\"twitter:creator\" content=\"@canal7_slp\" \/>\n<meta name=\"twitter:site\" content=\"@canal7_slp\" \/>\n<meta name=\"twitter:label1\" content=\"Escrito por\" \/>\n\t<meta name=\"twitter:data1\" content=\"edicionweb\" \/>\n\t<meta name=\"twitter:label2\" content=\"Tiempo de lectura\" \/>\n\t<meta name=\"twitter:data2\" content=\"5 minutos\" \/>\n<script type=\"application\/ld+json\" class=\"yoast-schema-graph\">{\"@context\":\"https:\\\/\\\/schema.org\",\"@graph\":[{\"@type\":\"Article\",\"@id\":\"https:\\\/\\\/canal7slp.tv\\\/2019\\\/reconstruccion-de-notre-dame-envuelta-en-la-polemica\\\/#article\",\"isPartOf\":{\"@id\":\"https:\\\/\\\/canal7slp.tv\\\/2019\\\/reconstruccion-de-notre-dame-envuelta-en-la-polemica\\\/\"},\"author\":{\"name\":\"edicionweb\",\"@id\":\"https:\\\/\\\/canal7slp.tv\\\/2019\\\/#\\\/schema\\\/person\\\/11d941c1c6ca30ac0a46b95fa37aa2e3\"},\"headline\":\"Reconstrucci\u00f3n de Notre Dame envuelta en la pol\u00e9mica\",\"datePublished\":\"2019-06-06T17:31:13+00:00\",\"mainEntityOfPage\":{\"@id\":\"https:\\\/\\\/canal7slp.tv\\\/2019\\\/reconstruccion-de-notre-dame-envuelta-en-la-polemica\\\/\"},\"wordCount\":1052,\"commentCount\":0,\"publisher\":{\"@id\":\"https:\\\/\\\/canal7slp.tv\\\/2019\\\/#organization\"},\"image\":{\"@id\":\"https:\\\/\\\/canal7slp.tv\\\/2019\\\/reconstruccion-de-notre-dame-envuelta-en-la-polemica\\\/#primaryimage\"},\"thumbnailUrl\":\"https:\\\/\\\/canal7slp.tv\\\/2019\\\/wp-content\\\/uploads\\\/2019\\\/06\\\/08-5.jpg\",\"articleSection\":[\"INTERNACIONAL\"],\"inLanguage\":\"es\",\"potentialAction\":[{\"@type\":\"CommentAction\",\"name\":\"Comment\",\"target\":[\"https:\\\/\\\/canal7slp.tv\\\/2019\\\/reconstruccion-de-notre-dame-envuelta-en-la-polemica\\\/#respond\"]}]},{\"@type\":\"WebPage\",\"@id\":\"https:\\\/\\\/canal7slp.tv\\\/2019\\\/reconstruccion-de-notre-dame-envuelta-en-la-polemica\\\/\",\"url\":\"https:\\\/\\\/canal7slp.tv\\\/2019\\\/reconstruccion-de-notre-dame-envuelta-en-la-polemica\\\/\",\"name\":\"Reconstrucci\u00f3n de Notre Dame envuelta en la pol\u00e9mica - Canal 7 SLP - 2019\",\"isPartOf\":{\"@id\":\"https:\\\/\\\/canal7slp.tv\\\/2019\\\/#website\"},\"primaryImageOfPage\":{\"@id\":\"https:\\\/\\\/canal7slp.tv\\\/2019\\\/reconstruccion-de-notre-dame-envuelta-en-la-polemica\\\/#primaryimage\"},\"image\":{\"@id\":\"https:\\\/\\\/canal7slp.tv\\\/2019\\\/reconstruccion-de-notre-dame-envuelta-en-la-polemica\\\/#primaryimage\"},\"thumbnailUrl\":\"https:\\\/\\\/canal7slp.tv\\\/2019\\\/wp-content\\\/uploads\\\/2019\\\/06\\\/08-5.jpg\",\"datePublished\":\"2019-06-06T17:31:13+00:00\",\"breadcrumb\":{\"@id\":\"https:\\\/\\\/canal7slp.tv\\\/2019\\\/reconstruccion-de-notre-dame-envuelta-en-la-polemica\\\/#breadcrumb\"},\"inLanguage\":\"es\",\"potentialAction\":[{\"@type\":\"ReadAction\",\"target\":[\"https:\\\/\\\/canal7slp.tv\\\/2019\\\/reconstruccion-de-notre-dame-envuelta-en-la-polemica\\\/\"]}]},{\"@type\":\"ImageObject\",\"inLanguage\":\"es\",\"@id\":\"https:\\\/\\\/canal7slp.tv\\\/2019\\\/reconstruccion-de-notre-dame-envuelta-en-la-polemica\\\/#primaryimage\",\"url\":\"https:\\\/\\\/canal7slp.tv\\\/2019\\\/wp-content\\\/uploads\\\/2019\\\/06\\\/08-5.jpg\",\"contentUrl\":\"https:\\\/\\\/canal7slp.tv\\\/2019\\\/wp-content\\\/uploads\\\/2019\\\/06\\\/08-5.jpg\",\"width\":667,\"height\":410},{\"@type\":\"BreadcrumbList\",\"@id\":\"https:\\\/\\\/canal7slp.tv\\\/2019\\\/reconstruccion-de-notre-dame-envuelta-en-la-polemica\\\/#breadcrumb\",\"itemListElement\":[{\"@type\":\"ListItem\",\"position\":1,\"name\":\"Home\",\"item\":\"https:\\\/\\\/canal7slp.tv\\\/2019\\\/\"},{\"@type\":\"ListItem\",\"position\":2,\"name\":\"Reconstrucci\u00f3n de Notre Dame envuelta en la pol\u00e9mica\"}]},{\"@type\":\"WebSite\",\"@id\":\"https:\\\/\\\/canal7slp.tv\\\/2019\\\/#website\",\"url\":\"https:\\\/\\\/canal7slp.tv\\\/2019\\\/\",\"name\":\"Canal 7 SLP - Somos TV\",\"description\":\"Somos un Canal de 10\",\"publisher\":{\"@id\":\"https:\\\/\\\/canal7slp.tv\\\/2019\\\/#organization\"},\"potentialAction\":[{\"@type\":\"SearchAction\",\"target\":{\"@type\":\"EntryPoint\",\"urlTemplate\":\"https:\\\/\\\/canal7slp.tv\\\/2019\\\/?s={search_term_string}\"},\"query-input\":{\"@type\":\"PropertyValueSpecification\",\"valueRequired\":true,\"valueName\":\"search_term_string\"}}],\"inLanguage\":\"es\"},{\"@type\":\"Organization\",\"@id\":\"https:\\\/\\\/canal7slp.tv\\\/2019\\\/#organization\",\"name\":\"Comunicaci\u00f3n 2000 S.A. de C.V.\",\"url\":\"https:\\\/\\\/canal7slp.tv\\\/2019\\\/\",\"logo\":{\"@type\":\"ImageObject\",\"inLanguage\":\"es\",\"@id\":\"https:\\\/\\\/canal7slp.tv\\\/2019\\\/#\\\/schema\\\/logo\\\/image\\\/\",\"url\":\"https:\\\/\\\/canal7slp.tv\\\/2019\\\/wp-content\\\/uploads\\\/2019\\\/07\\\/logo-c7.png\",\"contentUrl\":\"https:\\\/\\\/canal7slp.tv\\\/2019\\\/wp-content\\\/uploads\\\/2019\\\/07\\\/logo-c7.png\",\"width\":220,\"height\":60,\"caption\":\"Comunicaci\u00f3n 2000 S.A. de C.V.\"},\"image\":{\"@id\":\"https:\\\/\\\/canal7slp.tv\\\/2019\\\/#\\\/schema\\\/logo\\\/image\\\/\"},\"sameAs\":[\"https:\\\/\\\/www.facebook.com\\\/CANAL7SLP\\\/\",\"https:\\\/\\\/x.com\\\/canal7_slp\",\"https:\\\/\\\/www.instagram.com\\\/canal7_slp\",\"https:\\\/\\\/www.youtube.com\\\/user\\\/NOTICIEROSCANAL7SLP\\\/\"]},{\"@type\":\"Person\",\"@id\":\"https:\\\/\\\/canal7slp.tv\\\/2019\\\/#\\\/schema\\\/person\\\/11d941c1c6ca30ac0a46b95fa37aa2e3\",\"name\":\"edicionweb\",\"image\":{\"@type\":\"ImageObject\",\"inLanguage\":\"es\",\"@id\":\"https:\\\/\\\/secure.gravatar.com\\\/avatar\\\/eee448fc3f7164808013b816ba91ac7e43bbe82a70bebac296f8bc6f0addaa1a?s=96&d=mm&r=g\",\"url\":\"https:\\\/\\\/secure.gravatar.com\\\/avatar\\\/eee448fc3f7164808013b816ba91ac7e43bbe82a70bebac296f8bc6f0addaa1a?s=96&d=mm&r=g\",\"contentUrl\":\"https:\\\/\\\/secure.gravatar.com\\\/avatar\\\/eee448fc3f7164808013b816ba91ac7e43bbe82a70bebac296f8bc6f0addaa1a?s=96&d=mm&r=g\",\"caption\":\"edicionweb\"}}]}<\/script>\n<!-- \/ Yoast SEO plugin. -->","yoast_head_json":{"title":"Reconstrucci\u00f3n de Notre Dame envuelta en la pol\u00e9mica - Canal 7 SLP - 2019","robots":{"index":"index","follow":"follow","max-snippet":"max-snippet:-1","max-image-preview":"max-image-preview:large","max-video-preview":"max-video-preview:-1"},"canonical":"https:\/\/canal7slp.tv\/2019\/reconstruccion-de-notre-dame-envuelta-en-la-polemica\/","og_locale":"es_ES","og_type":"article","og_title":"Reconstrucci\u00f3n de Notre Dame envuelta en la pol\u00e9mica - Canal 7 SLP - 2019","og_description":"Par\u00eds.- La reconstrucci\u00f3n de la Catedral de Notre Dame, en Par\u00eds, se ha visto inmersa en la pol\u00e9mica por el enfrentamiento entre el Senado franc\u00e9s y el gobierno del presidente Emanuel Macron, as\u00ed como los cuestionamientos a las millonarias donaciones recaudadas para las obras. Tras el devastador incendio que el pasado 15 de abril dej\u00f3 [&hellip;]","og_url":"https:\/\/canal7slp.tv\/2019\/reconstruccion-de-notre-dame-envuelta-en-la-polemica\/","og_site_name":"Canal 7 SLP - 2019","article_publisher":"https:\/\/www.facebook.com\/CANAL7SLP\/","article_published_time":"2019-06-06T17:31:13+00:00","og_image":[{"width":667,"height":410,"url":"https:\/\/canal7slp.tv\/2019\/wp-content\/uploads\/2019\/06\/08-5.jpg","type":"image\/jpeg"}],"author":"edicionweb","twitter_card":"summary_large_image","twitter_creator":"@canal7_slp","twitter_site":"@canal7_slp","twitter_misc":{"Escrito por":"edicionweb","Tiempo de lectura":"5 minutos"},"schema":{"@context":"https:\/\/schema.org","@graph":[{"@type":"Article","@id":"https:\/\/canal7slp.tv\/2019\/reconstruccion-de-notre-dame-envuelta-en-la-polemica\/#article","isPartOf":{"@id":"https:\/\/canal7slp.tv\/2019\/reconstruccion-de-notre-dame-envuelta-en-la-polemica\/"},"author":{"name":"edicionweb","@id":"https:\/\/canal7slp.tv\/2019\/#\/schema\/person\/11d941c1c6ca30ac0a46b95fa37aa2e3"},"headline":"Reconstrucci\u00f3n de Notre Dame envuelta en la pol\u00e9mica","datePublished":"2019-06-06T17:31:13+00:00","mainEntityOfPage":{"@id":"https:\/\/canal7slp.tv\/2019\/reconstruccion-de-notre-dame-envuelta-en-la-polemica\/"},"wordCount":1052,"commentCount":0,"publisher":{"@id":"https:\/\/canal7slp.tv\/2019\/#organization"},"image":{"@id":"https:\/\/canal7slp.tv\/2019\/reconstruccion-de-notre-dame-envuelta-en-la-polemica\/#primaryimage"},"thumbnailUrl":"https:\/\/canal7slp.tv\/2019\/wp-content\/uploads\/2019\/06\/08-5.jpg","articleSection":["INTERNACIONAL"],"inLanguage":"es","potentialAction":[{"@type":"CommentAction","name":"Comment","target":["https:\/\/canal7slp.tv\/2019\/reconstruccion-de-notre-dame-envuelta-en-la-polemica\/#respond"]}]},{"@type":"WebPage","@id":"https:\/\/canal7slp.tv\/2019\/reconstruccion-de-notre-dame-envuelta-en-la-polemica\/","url":"https:\/\/canal7slp.tv\/2019\/reconstruccion-de-notre-dame-envuelta-en-la-polemica\/","name":"Reconstrucci\u00f3n de Notre Dame envuelta en la pol\u00e9mica - Canal 7 SLP - 2019","isPartOf":{"@id":"https:\/\/canal7slp.tv\/2019\/#website"},"primaryImageOfPage":{"@id":"https:\/\/canal7slp.tv\/2019\/reconstruccion-de-notre-dame-envuelta-en-la-polemica\/#primaryimage"},"image":{"@id":"https:\/\/canal7slp.tv\/2019\/reconstruccion-de-notre-dame-envuelta-en-la-polemica\/#primaryimage"},"thumbnailUrl":"https:\/\/canal7slp.tv\/2019\/wp-content\/uploads\/2019\/06\/08-5.jpg","datePublished":"2019-06-06T17:31:13+00:00","breadcrumb":{"@id":"https:\/\/canal7slp.tv\/2019\/reconstruccion-de-notre-dame-envuelta-en-la-polemica\/#breadcrumb"},"inLanguage":"es","potentialAction":[{"@type":"ReadAction","target":["https:\/\/canal7slp.tv\/2019\/reconstruccion-de-notre-dame-envuelta-en-la-polemica\/"]}]},{"@type":"ImageObject","inLanguage":"es","@id":"https:\/\/canal7slp.tv\/2019\/reconstruccion-de-notre-dame-envuelta-en-la-polemica\/#primaryimage","url":"https:\/\/canal7slp.tv\/2019\/wp-content\/uploads\/2019\/06\/08-5.jpg","contentUrl":"https:\/\/canal7slp.tv\/2019\/wp-content\/uploads\/2019\/06\/08-5.jpg","width":667,"height":410},{"@type":"BreadcrumbList","@id":"https:\/\/canal7slp.tv\/2019\/reconstruccion-de-notre-dame-envuelta-en-la-polemica\/#breadcrumb","itemListElement":[{"@type":"ListItem","position":1,"name":"Home","item":"https:\/\/canal7slp.tv\/2019\/"},{"@type":"ListItem","position":2,"name":"Reconstrucci\u00f3n de Notre Dame envuelta en la pol\u00e9mica"}]},{"@type":"WebSite","@id":"https:\/\/canal7slp.tv\/2019\/#website","url":"https:\/\/canal7slp.tv\/2019\/","name":"Canal 7 SLP - Somos TV","description":"Somos un Canal de 10","publisher":{"@id":"https:\/\/canal7slp.tv\/2019\/#organization"},"potentialAction":[{"@type":"SearchAction","target":{"@type":"EntryPoint","urlTemplate":"https:\/\/canal7slp.tv\/2019\/?s={search_term_string}"},"query-input":{"@type":"PropertyValueSpecification","valueRequired":true,"valueName":"search_term_string"}}],"inLanguage":"es"},{"@type":"Organization","@id":"https:\/\/canal7slp.tv\/2019\/#organization","name":"Comunicaci\u00f3n 2000 S.A. de C.V.","url":"https:\/\/canal7slp.tv\/2019\/","logo":{"@type":"ImageObject","inLanguage":"es","@id":"https:\/\/canal7slp.tv\/2019\/#\/schema\/logo\/image\/","url":"https:\/\/canal7slp.tv\/2019\/wp-content\/uploads\/2019\/07\/logo-c7.png","contentUrl":"https:\/\/canal7slp.tv\/2019\/wp-content\/uploads\/2019\/07\/logo-c7.png","width":220,"height":60,"caption":"Comunicaci\u00f3n 2000 S.A. de C.V."},"image":{"@id":"https:\/\/canal7slp.tv\/2019\/#\/schema\/logo\/image\/"},"sameAs":["https:\/\/www.facebook.com\/CANAL7SLP\/","https:\/\/x.com\/canal7_slp","https:\/\/www.instagram.com\/canal7_slp","https:\/\/www.youtube.com\/user\/NOTICIEROSCANAL7SLP\/"]},{"@type":"Person","@id":"https:\/\/canal7slp.tv\/2019\/#\/schema\/person\/11d941c1c6ca30ac0a46b95fa37aa2e3","name":"edicionweb","image":{"@type":"ImageObject","inLanguage":"es","@id":"https:\/\/secure.gravatar.com\/avatar\/eee448fc3f7164808013b816ba91ac7e43bbe82a70bebac296f8bc6f0addaa1a?s=96&d=mm&r=g","url":"https:\/\/secure.gravatar.com\/avatar\/eee448fc3f7164808013b816ba91ac7e43bbe82a70bebac296f8bc6f0addaa1a?s=96&d=mm&r=g","contentUrl":"https:\/\/secure.gravatar.com\/avatar\/eee448fc3f7164808013b816ba91ac7e43bbe82a70bebac296f8bc6f0addaa1a?s=96&d=mm&r=g","caption":"edicionweb"}}]}},"amp_enabled":true,"cmb2":{"video_ids_in_playlist":{"vid_p_videos":""},"video_ids_in_channel":{"vid_c_videos":""},"playlist_ids_in_channel":{"vid_c_playlists":""},"series_ids_in_channel":{"vid_c_series":""},"channel_images":{"vid_c_logo":"","vid_c_banner":""},"poster_feature_image":{"vid_m_poster_image":""},"gif_feature_image":{"vid_m_gif_image":""},"video_movie_settings":{"vid_m_director":"","vid_m_actor":"","vid_m_imdb_ratings":"","vid_m_amazon_associates":""},"vid_youtube_broadcasts_settings":{"vid_yb_broadcast_title":"","vid_yb_q":"","vid_yb_channelid":"","vid_yb_videocategoryid":"","vid_yb_maxresults":"","vid_yb_order":"","vid_yb_regioncode":"","vid_yb_videosyndicated":"","vid_yb_style":"","vid_yb_reload_first":""},"video_series_settings":{"vid_m_director":"","vid_m_actor":"","vid_m_imdb_ratings":"","video_series_group":""},"amazon_associates_settings":{"amazon_associates":"","amazon_native_ad":""},"vid_youtube_automatic_settings":{"vid_ya_youtube_source":"","vid_ya_update_every":"","vid_ya_update_unit":"","vid_ya_categories":"","vid_ya_published_after":"","vid_ya_published_before":"","vid_ya_playlists":"","vid_ya_channels":"","vid_ya_director":"","vid_ya_actor":"","vid_ya_author":"","vid_ya_import_post_date":"","vid_ya_status":"","vid_ya_sub_api_key":""},"vid_ads_m_videoads_settings_post":{"vid_ads_m_video_ads":"","vid_ads_m_video_ads_type":"","vid_ads_m_group_google_ima":"","vid_ads_m_group_image":"","vid_ads_m_group_html5_video":"","vid_ads_m_group_html":"","vid_ads_m_vast_preroll":"","vid_ads_m_vast_postroll":"","vid_ads_m_vast_pauseroll":"","vid_ads_m_vast_midroll":[{"vid_ads_m_vast_timer_seconds":"50"}],"vid_ads_m_time_to_show_ads":"","vid_ads_m_time_skip_ads":"","vid_ads_m_time_to_hide_ads":""},"page_slider_settings":{"display_slider_group":"","page_slider_group":""},"blog_page_settings":{"blog_page_title":"","blog_page_heading":"","blog_page_ic":"","blog_page_it":"","blog_page_ec":"","blog_page_ip":"","archive_loop_style":"","blog_image_ratio":"","blog_show_categories":"","blog_show_excerpt":"","blog_show_author":"","blog_show_date":"","blog_show_comment_count":"","blog_show_view_count":"","blog_show_like_count":"","blog_show_dislike_count":"","blog_items_per_page":"","blog_pag_type":""},"page_options":{"get_page_template":"","color_mode":"","main_layout":"","main_layout_full_with":"","main_logo":"","main_logo_retina":"","main_logo_mobile":"","main_logo_mobile_retina":"","sticky_logo":"","sticky_logo_retina":"","main_nav_layout":"","ajax_search":"","header_background":"","theme_sidebar":"","instagram_feed":"","instagram_feed_position":"","popular_videos":"","popular_videos_title_1":"","popular_videos_title_2":"","popular_videos_ic":"","popular_videos_it":"","theme_background":"","page_custom_css":""},"feature_image_settings":{"feature_image_position":""},"video_player_settings":{"single_video_style":"","video_player_position":"","vm_video_url":"","video_player_library":"","video_streaming":"","vm_media_sources":"","vid_auto_play":"","vm_video_shortcode":"","vid_p_sync_playlist":"","vid_c_sync_channel":"","get_post_format":"","multiple_links_structure":"default","multi_links_title":"","vm_video_multi_links":"","vm_duration":"","vid_social_locker":"off","vid_social_locker_id":"","vid_membership_action":"content-video","vm_video_trailer_url":"","vid_download_type":"free","vid_download_target":"download","vid_woo_product":"","vm_media_download":"","user_rating":"","user_rating_position":"","user_rating_mode":"","user_rating_multi_sets":""},"video_auto_fetch_settings":{"vm_video_fetch":"on"},"video_fake_views_likes":{"vm_fake_views":"","vm_fake_likes":"","vm_fake_dislikes":""},"gallery_settings":{"gallery_position":""},"quote_settings":{"quote_position":""},"post_options":{"main_layout":"","main_logo":"","main_logo_retina":"","main_logo_mobile":"","main_logo_mobile_retina":"","sticky_logo":"","sticky_logo_retina":"","main_nav_layout":"","header_background":"","theme_sidebar":"","single_post_comment_type":"","theme_background":""}},"_links":{"self":[{"href":"https:\/\/canal7slp.tv\/2019\/wp-json\/wp\/v2\/posts\/7971","targetHints":{"allow":["GET"]}}],"collection":[{"href":"https:\/\/canal7slp.tv\/2019\/wp-json\/wp\/v2\/posts"}],"about":[{"href":"https:\/\/canal7slp.tv\/2019\/wp-json\/wp\/v2\/types\/post"}],"author":[{"embeddable":true,"href":"https:\/\/canal7slp.tv\/2019\/wp-json\/wp\/v2\/users\/2"}],"replies":[{"embeddable":true,"href":"https:\/\/canal7slp.tv\/2019\/wp-json\/wp\/v2\/comments?post=7971"}],"version-history":[{"count":0,"href":"https:\/\/canal7slp.tv\/2019\/wp-json\/wp\/v2\/posts\/7971\/revisions"}],"wp:featuredmedia":[{"embeddable":true,"href":"https:\/\/canal7slp.tv\/2019\/wp-json\/wp\/v2\/media\/7973"}],"wp:attachment":[{"href":"https:\/\/canal7slp.tv\/2019\/wp-json\/wp\/v2\/media?parent=7971"}],"wp:term":[{"taxonomy":"category","embeddable":true,"href":"https:\/\/canal7slp.tv\/2019\/wp-json\/wp\/v2\/categories?post=7971"},{"taxonomy":"post_tag","embeddable":true,"href":"https:\/\/canal7slp.tv\/2019\/wp-json\/wp\/v2\/tags?post=7971"}],"curies":[{"name":"wp","href":"https:\/\/api.w.org\/{rel}","templated":true}]}}