{"id":7970,"date":"2019-06-06T12:31:12","date_gmt":"2019-06-06T17:31:12","guid":{"rendered":"https:\/\/canal7slp.tv\/2019\/?p=7970"},"modified":"2019-06-06T12:31:12","modified_gmt":"2019-06-06T17:31:12","slug":"brexit-desordenado-arrastra-consigo-a-theresa-may","status":"publish","type":"post","link":"https:\/\/canal7slp.tv\/2019\/brexit-desordenado-arrastra-consigo-a-theresa-may\/","title":{"rendered":"Brexit desordenado arrastra consigo a Theresa May"},"content":{"rendered":"<p style=\"text-align: justify\">Londres.- Sin cumplir su mayor promesa de su vida pol\u00edtica relativa a que el Reino Unido saldr\u00eda de la Uni\u00f3n Europea de la manera m\u00e1s ordenada posible, la primera ministra Theresa May deja el cargo arrastrada por una poderosa inercia que divide a la sociedad brit\u00e1nica.<\/p>\n<p style=\"text-align: justify\">Considerada por muchos como una de las pol\u00edticas m\u00e1s duras y astutas del Reino Unido, May paga de esta manera la factura extendida por sus propios colegas conservadores que uno a uno se negaron a atender sus propuestas.<\/p>\n<p style=\"text-align: justify\">May naci\u00f3 el 1 de octubre de 1956 en la ciudad de Eastbourne, al sur de Reino Unido, hija de un vicario de la Iglesia de Inglaterra y de una ama de casa. Realiz\u00f3 sus primeros estudios en el condado de Oxfordshire.<\/p>\n<p style=\"text-align: justify\">En la Universidad de Oxford se titul\u00f3 en Geograf\u00eda, y fue en esa casa de estudios en donde conoci\u00f3 a Philip May, con quien se cas\u00f3 en 1980. La pareja se conoci\u00f3 a trav\u00e9s de Benazir Bhutto, a la postre primera mujer en gobernar un pa\u00eds musulm\u00e1n, Paquist\u00e1n, y quien fue asesinada el 27 de diciembre de 2007.<\/p>\n<p style=\"text-align: justify\">Su vida laboral inici\u00f3 en el Banco de Inglaterra en 1980 y despu\u00e9s pas\u00f3 por la jefatura de la Unidad de Asuntos Europeos de la Asociaci\u00f3n de Servicios de Compensaci\u00f3n de Pagos.<\/p>\n<p style=\"text-align: justify\">Sus aspiraciones pol\u00edticas la llevaron a la C\u00e1mara de los Comunes en 1997 como diputada del Partido Conservador por la circunscripci\u00f3n inglesa de Maidenhead, curul que ha mantenido desde entonces. Dos a\u00f1os despu\u00e9s se integr\u00f3 al &#8220;gabinete sombra&#8221; como secretaria de Educaci\u00f3n y en 2002 fue designada presidenta de su partido para convertirse en la primera mujer en asumir el cargo.<\/p>\n<p style=\"text-align: justify\">May tambi\u00e9n fue dirigente &#8220;en la sombra&#8221; de la C\u00e1mara de los Comunes y en 2009 fue designada secretaria de Trabajo y Pensiones.<\/p>\n<p style=\"text-align: justify\">En 2010, durante el gobierno del primer ministro David Cameron, ocup\u00f3 el puesto de ministra del Interior y tambi\u00e9n la cartera de ministra de Mujer y la Igualdad que mantuvo hasta que sustituy\u00f3 a Cameron como primera ministra en 2016.<\/p>\n<p style=\"text-align: justify\">Al frente del Ministerio del Interior, May mantuvo una l\u00ednea dura contra la delincuencia, la inmigraci\u00f3n y una fuerte vigilancia frente al terrorismo.<\/p>\n<p style=\"text-align: justify\">En ese periodo los niveles de delincuencia en el pa\u00eds bajaron, el gobierno evit\u00f3 un ataque terrorista masivo, en 2013 deport\u00f3 con \u00e9xito a Jordania al cl\u00e9rigo radical Abu Qatada y evit\u00f3 la extradici\u00f3n a Estados Unidos del pirata inform\u00e1tico Gary McKinnon.<\/p>\n<p style=\"text-align: justify\">May, quien ha preferido mantener su vida privada en el anonimato, revel\u00f3 en 2013 que le hab\u00edan diagnosticado diabetes tipo 1 y que necesitar\u00eda inyecciones de insulina dos veces al d\u00eda durante el resto de su vida, seg\u00fan report\u00f3 la BBC de Londres.<\/p>\n<p style=\"text-align: justify\">La dirigente conservadora ocup\u00f3 el cargo de primera ministra el 13 de julio de 2016, despu\u00e9s de haber sido designada como l\u00edder del Partido Conservador dos d\u00edas antes.<\/p>\n<p style=\"text-align: justify\">Decidi\u00f3 postularse al cargo luego que\u00a0Cameron convoc\u00f3 en 2016 a un refer\u00e9ndum para que los ciudadanos se pronunciar\u00e1n a favor o en contra de permanecer en la Uni\u00f3n Europea, en cumplimiento de una de sus promesas de campa\u00f1a.<\/p>\n<p style=\"text-align: justify\">El resultado de la consulta popular fue en contra de permanecer en el bloque comunitario con un margen de cuatro puntos, lo que oblig\u00f3 a Cameron a presentar su renuncia como primer ministro.<\/p>\n<p style=\"text-align: justify\">May lleg\u00f3 al n\u00famero 10 de Downing Street cuando ten\u00eda 59 a\u00f1os de edad, la segunda dirigente con m\u00e1s edad despu\u00e9s de James Callaghan, quien ten\u00eda 64 a\u00f1os en 1976. Tambi\u00e9n fue la segunda mujer en ocupar el cargo tras Margaret Thatcher (1979-1990).<\/p>\n<p style=\"text-align: justify\">Adem\u00e1s, fue la primera ministra que no tiene hijos, desde Ted Heath, primer ministro entre 1970 y 1974,\u00a0 y que fue el m\u00e1ximo impulsor de la entrada del Reino Unido en la Comunidad Europea, consumada en 1973 y ratificada en una consulta popular dos a\u00f1os despu\u00e9s.<\/p>\n<p style=\"text-align: justify\">El 29 de marzo de 2017 iniciaron las negociaciones de Reino Unido con Bruselas para su salida del bloque comunitario y en junio de ese a\u00f1o May convoc\u00f3 a elecciones anticipadas, previstas para 2020, a fin de ampliar su fr\u00e1gil mayor\u00eda parlamentaria para afrontar las complejas negociaciones del Brexit.<\/p>\n<p style=\"text-align: justify\">Sin embargo, perdi\u00f3 la mayor\u00eda absoluta que Cameron logr\u00f3 en 2015, con 12 curules menos, que la obligaron a formar un gobierno en minor\u00eda con el respaldo de 10 legisladores del Partido Democr\u00e1tico Unionista (DUP) de Irlanda del Norte.<\/p>\n<p style=\"text-align: justify\">De esta manera, con un apoyo parlamentario disminuido, May enfrent\u00f3 las negociaciones con la Uni\u00f3n Europea que finalizaron el 25 de noviembre de 2018, y en las que se fij\u00f3 la salida del bloque para el 29 de marzo de 2019, fecha que fue pospuesta para el 31 de octubre proximo.<\/p>\n<p style=\"text-align: justify\">El presidente de la Comisi\u00f3n Europea, Jean-Claude Juncker, se\u00f1al\u00f3 entonces que \u201ceste es el mejor acuerdo y el \u00fanico posible\u201d.<\/p>\n<p style=\"text-align: justify\">La primera ministra present\u00f3 a la C\u00e1mara de los Comunes el acuerdo pactado con los 27 paises de la mancomunidad, que fue rechazado por los parlamentarios en tres ocasiones.<\/p>\n<p style=\"text-align: justify\">El Partido Laborista, ante el rechazo del parlamento al plan de salida, present\u00f3 en enero pasado una moci\u00f3n de censura contra el gobierno de May, que libr\u00f3 por 19 votos.<\/p>\n<p style=\"text-align: justify\">De manera previa, May sali\u00f3 adelante en diciembre pasado a una moci\u00f3n de confianza convocada por su propio partido Conservador en la que obtuvo 200 votos a favor y 117 en contra.<\/p>\n<p style=\"text-align: justify\">La primera ministra no obtuvo en el parlamento el apoyo necesario para la aprobaci\u00f3n del plan de salida que negoci\u00f3 con Bruselas, que fue rechazado en tres ocasiones, debido sobre todo a futuros intereses comerciales que implican una frontera dura entre la Rep\u00fablica de Irlanda e irlanda del Norte.<\/p>\n<p style=\"text-align: justify\">Dividir ese territorio con una frontera podr\u00eda hacer resurgir el conflicto de Irlanda del Norte, que concluy\u00f3 en 1998.<\/p>\n<p style=\"text-align: justify\">Las conversaciones entre representantes de los partidos Conservador y Laborista en busca de un consenso sobre el Brexit no progresaron.<\/p>\n<p style=\"text-align: justify\">La divisi\u00f3n entre los legisladores conservadores debido a la idea de que May estar\u00eda dando concesiones a sus opositores, oblig\u00f3 a que la primera ministra anunciar\u00e1 su renuncia vigente a partir este viernes.<\/p>\n","protected":false},"excerpt":{"rendered":"<p>Londres.- Sin cumplir su mayor promesa de su vida pol\u00edtica relativa a que el Reino Unido saldr\u00eda de la Uni\u00f3n Europea de la manera m\u00e1s ordenada posible, la primera ministra Theresa May deja el cargo arrastrada por una poderosa inercia que divide a la sociedad brit\u00e1nica. Considerada por muchos como una de las pol\u00edticas m\u00e1s [&hellip;]<\/p>\n","protected":false},"author":2,"featured_media":7972,"comment_status":"open","ping_status":"closed","sticky":false,"template":"","format":"standard","meta":{"footnotes":""},"categories":[18],"tags":[],"class_list":["post-7970","post","type-post","status-publish","format-standard","has-post-thumbnail","hentry","category-internacional"],"yoast_head":"<!-- This site is optimized with the Yoast SEO plugin v27.5 - https:\/\/yoast.com\/product\/yoast-seo-wordpress\/ -->\n<title>Brexit desordenado arrastra consigo a Theresa May - Canal 7 SLP - 2019<\/title>\n<meta name=\"robots\" content=\"index, follow, max-snippet:-1, max-image-preview:large, max-video-preview:-1\" \/>\n<link rel=\"canonical\" href=\"https:\/\/canal7slp.tv\/2019\/brexit-desordenado-arrastra-consigo-a-theresa-may\/\" \/>\n<meta property=\"og:locale\" content=\"es_ES\" \/>\n<meta property=\"og:type\" content=\"article\" \/>\n<meta property=\"og:title\" content=\"Brexit desordenado arrastra consigo a Theresa May - Canal 7 SLP - 2019\" \/>\n<meta property=\"og:description\" content=\"Londres.- Sin cumplir su mayor promesa de su vida pol\u00edtica relativa a que el Reino Unido saldr\u00eda de la Uni\u00f3n Europea de la manera m\u00e1s ordenada posible, la primera ministra Theresa May deja el cargo arrastrada por una poderosa inercia que divide a la sociedad brit\u00e1nica. Considerada por muchos como una de las pol\u00edticas m\u00e1s [&hellip;]\" \/>\n<meta property=\"og:url\" content=\"https:\/\/canal7slp.tv\/2019\/brexit-desordenado-arrastra-consigo-a-theresa-may\/\" \/>\n<meta property=\"og:site_name\" content=\"Canal 7 SLP - 2019\" \/>\n<meta property=\"article:publisher\" content=\"https:\/\/www.facebook.com\/CANAL7SLP\/\" \/>\n<meta property=\"article:published_time\" content=\"2019-06-06T17:31:12+00:00\" \/>\n<meta property=\"og:image\" content=\"https:\/\/canal7slp.tv\/2019\/wp-content\/uploads\/2019\/06\/07-3.jpg\" \/>\n\t<meta property=\"og:image:width\" content=\"800\" \/>\n\t<meta property=\"og:image:height\" content=\"460\" \/>\n\t<meta property=\"og:image:type\" content=\"image\/jpeg\" \/>\n<meta name=\"author\" content=\"edicionweb\" \/>\n<meta name=\"twitter:card\" content=\"summary_large_image\" \/>\n<meta name=\"twitter:creator\" content=\"@canal7_slp\" \/>\n<meta name=\"twitter:site\" content=\"@canal7_slp\" \/>\n<meta name=\"twitter:label1\" content=\"Escrito por\" \/>\n\t<meta name=\"twitter:data1\" content=\"edicionweb\" \/>\n\t<meta name=\"twitter:label2\" content=\"Tiempo de lectura\" \/>\n\t<meta name=\"twitter:data2\" content=\"5 minutos\" \/>\n<script type=\"application\/ld+json\" class=\"yoast-schema-graph\">{\"@context\":\"https:\\\/\\\/schema.org\",\"@graph\":[{\"@type\":\"Article\",\"@id\":\"https:\\\/\\\/canal7slp.tv\\\/2019\\\/brexit-desordenado-arrastra-consigo-a-theresa-may\\\/#article\",\"isPartOf\":{\"@id\":\"https:\\\/\\\/canal7slp.tv\\\/2019\\\/brexit-desordenado-arrastra-consigo-a-theresa-may\\\/\"},\"author\":{\"name\":\"edicionweb\",\"@id\":\"https:\\\/\\\/canal7slp.tv\\\/2019\\\/#\\\/schema\\\/person\\\/11d941c1c6ca30ac0a46b95fa37aa2e3\"},\"headline\":\"Brexit desordenado arrastra consigo a Theresa May\",\"datePublished\":\"2019-06-06T17:31:12+00:00\",\"mainEntityOfPage\":{\"@id\":\"https:\\\/\\\/canal7slp.tv\\\/2019\\\/brexit-desordenado-arrastra-consigo-a-theresa-may\\\/\"},\"wordCount\":1046,\"commentCount\":0,\"publisher\":{\"@id\":\"https:\\\/\\\/canal7slp.tv\\\/2019\\\/#organization\"},\"image\":{\"@id\":\"https:\\\/\\\/canal7slp.tv\\\/2019\\\/brexit-desordenado-arrastra-consigo-a-theresa-may\\\/#primaryimage\"},\"thumbnailUrl\":\"https:\\\/\\\/canal7slp.tv\\\/2019\\\/wp-content\\\/uploads\\\/2019\\\/06\\\/07-3.jpg\",\"articleSection\":[\"INTERNACIONAL\"],\"inLanguage\":\"es\",\"potentialAction\":[{\"@type\":\"CommentAction\",\"name\":\"Comment\",\"target\":[\"https:\\\/\\\/canal7slp.tv\\\/2019\\\/brexit-desordenado-arrastra-consigo-a-theresa-may\\\/#respond\"]}]},{\"@type\":\"WebPage\",\"@id\":\"https:\\\/\\\/canal7slp.tv\\\/2019\\\/brexit-desordenado-arrastra-consigo-a-theresa-may\\\/\",\"url\":\"https:\\\/\\\/canal7slp.tv\\\/2019\\\/brexit-desordenado-arrastra-consigo-a-theresa-may\\\/\",\"name\":\"Brexit desordenado arrastra consigo a Theresa May - Canal 7 SLP - 2019\",\"isPartOf\":{\"@id\":\"https:\\\/\\\/canal7slp.tv\\\/2019\\\/#website\"},\"primaryImageOfPage\":{\"@id\":\"https:\\\/\\\/canal7slp.tv\\\/2019\\\/brexit-desordenado-arrastra-consigo-a-theresa-may\\\/#primaryimage\"},\"image\":{\"@id\":\"https:\\\/\\\/canal7slp.tv\\\/2019\\\/brexit-desordenado-arrastra-consigo-a-theresa-may\\\/#primaryimage\"},\"thumbnailUrl\":\"https:\\\/\\\/canal7slp.tv\\\/2019\\\/wp-content\\\/uploads\\\/2019\\\/06\\\/07-3.jpg\",\"datePublished\":\"2019-06-06T17:31:12+00:00\",\"breadcrumb\":{\"@id\":\"https:\\\/\\\/canal7slp.tv\\\/2019\\\/brexit-desordenado-arrastra-consigo-a-theresa-may\\\/#breadcrumb\"},\"inLanguage\":\"es\",\"potentialAction\":[{\"@type\":\"ReadAction\",\"target\":[\"https:\\\/\\\/canal7slp.tv\\\/2019\\\/brexit-desordenado-arrastra-consigo-a-theresa-may\\\/\"]}]},{\"@type\":\"ImageObject\",\"inLanguage\":\"es\",\"@id\":\"https:\\\/\\\/canal7slp.tv\\\/2019\\\/brexit-desordenado-arrastra-consigo-a-theresa-may\\\/#primaryimage\",\"url\":\"https:\\\/\\\/canal7slp.tv\\\/2019\\\/wp-content\\\/uploads\\\/2019\\\/06\\\/07-3.jpg\",\"contentUrl\":\"https:\\\/\\\/canal7slp.tv\\\/2019\\\/wp-content\\\/uploads\\\/2019\\\/06\\\/07-3.jpg\",\"width\":800,\"height\":460},{\"@type\":\"BreadcrumbList\",\"@id\":\"https:\\\/\\\/canal7slp.tv\\\/2019\\\/brexit-desordenado-arrastra-consigo-a-theresa-may\\\/#breadcrumb\",\"itemListElement\":[{\"@type\":\"ListItem\",\"position\":1,\"name\":\"Home\",\"item\":\"https:\\\/\\\/canal7slp.tv\\\/2019\\\/\"},{\"@type\":\"ListItem\",\"position\":2,\"name\":\"Brexit desordenado arrastra consigo a Theresa May\"}]},{\"@type\":\"WebSite\",\"@id\":\"https:\\\/\\\/canal7slp.tv\\\/2019\\\/#website\",\"url\":\"https:\\\/\\\/canal7slp.tv\\\/2019\\\/\",\"name\":\"Canal 7 SLP - Somos TV\",\"description\":\"Somos un Canal de 10\",\"publisher\":{\"@id\":\"https:\\\/\\\/canal7slp.tv\\\/2019\\\/#organization\"},\"potentialAction\":[{\"@type\":\"SearchAction\",\"target\":{\"@type\":\"EntryPoint\",\"urlTemplate\":\"https:\\\/\\\/canal7slp.tv\\\/2019\\\/?s={search_term_string}\"},\"query-input\":{\"@type\":\"PropertyValueSpecification\",\"valueRequired\":true,\"valueName\":\"search_term_string\"}}],\"inLanguage\":\"es\"},{\"@type\":\"Organization\",\"@id\":\"https:\\\/\\\/canal7slp.tv\\\/2019\\\/#organization\",\"name\":\"Comunicaci\u00f3n 2000 S.A. de C.V.\",\"url\":\"https:\\\/\\\/canal7slp.tv\\\/2019\\\/\",\"logo\":{\"@type\":\"ImageObject\",\"inLanguage\":\"es\",\"@id\":\"https:\\\/\\\/canal7slp.tv\\\/2019\\\/#\\\/schema\\\/logo\\\/image\\\/\",\"url\":\"https:\\\/\\\/canal7slp.tv\\\/2019\\\/wp-content\\\/uploads\\\/2019\\\/07\\\/logo-c7.png\",\"contentUrl\":\"https:\\\/\\\/canal7slp.tv\\\/2019\\\/wp-content\\\/uploads\\\/2019\\\/07\\\/logo-c7.png\",\"width\":220,\"height\":60,\"caption\":\"Comunicaci\u00f3n 2000 S.A. de C.V.\"},\"image\":{\"@id\":\"https:\\\/\\\/canal7slp.tv\\\/2019\\\/#\\\/schema\\\/logo\\\/image\\\/\"},\"sameAs\":[\"https:\\\/\\\/www.facebook.com\\\/CANAL7SLP\\\/\",\"https:\\\/\\\/x.com\\\/canal7_slp\",\"https:\\\/\\\/www.instagram.com\\\/canal7_slp\",\"https:\\\/\\\/www.youtube.com\\\/user\\\/NOTICIEROSCANAL7SLP\\\/\"]},{\"@type\":\"Person\",\"@id\":\"https:\\\/\\\/canal7slp.tv\\\/2019\\\/#\\\/schema\\\/person\\\/11d941c1c6ca30ac0a46b95fa37aa2e3\",\"name\":\"edicionweb\",\"image\":{\"@type\":\"ImageObject\",\"inLanguage\":\"es\",\"@id\":\"https:\\\/\\\/secure.gravatar.com\\\/avatar\\\/eee448fc3f7164808013b816ba91ac7e43bbe82a70bebac296f8bc6f0addaa1a?s=96&d=mm&r=g\",\"url\":\"https:\\\/\\\/secure.gravatar.com\\\/avatar\\\/eee448fc3f7164808013b816ba91ac7e43bbe82a70bebac296f8bc6f0addaa1a?s=96&d=mm&r=g\",\"contentUrl\":\"https:\\\/\\\/secure.gravatar.com\\\/avatar\\\/eee448fc3f7164808013b816ba91ac7e43bbe82a70bebac296f8bc6f0addaa1a?s=96&d=mm&r=g\",\"caption\":\"edicionweb\"}}]}<\/script>\n<!-- \/ Yoast SEO plugin. -->","yoast_head_json":{"title":"Brexit desordenado arrastra consigo a Theresa May - Canal 7 SLP - 2019","robots":{"index":"index","follow":"follow","max-snippet":"max-snippet:-1","max-image-preview":"max-image-preview:large","max-video-preview":"max-video-preview:-1"},"canonical":"https:\/\/canal7slp.tv\/2019\/brexit-desordenado-arrastra-consigo-a-theresa-may\/","og_locale":"es_ES","og_type":"article","og_title":"Brexit desordenado arrastra consigo a Theresa May - Canal 7 SLP - 2019","og_description":"Londres.- Sin cumplir su mayor promesa de su vida pol\u00edtica relativa a que el Reino Unido saldr\u00eda de la Uni\u00f3n Europea de la manera m\u00e1s ordenada posible, la primera ministra Theresa May deja el cargo arrastrada por una poderosa inercia que divide a la sociedad brit\u00e1nica. Considerada por muchos como una de las pol\u00edticas m\u00e1s [&hellip;]","og_url":"https:\/\/canal7slp.tv\/2019\/brexit-desordenado-arrastra-consigo-a-theresa-may\/","og_site_name":"Canal 7 SLP - 2019","article_publisher":"https:\/\/www.facebook.com\/CANAL7SLP\/","article_published_time":"2019-06-06T17:31:12+00:00","og_image":[{"width":800,"height":460,"url":"https:\/\/canal7slp.tv\/2019\/wp-content\/uploads\/2019\/06\/07-3.jpg","type":"image\/jpeg"}],"author":"edicionweb","twitter_card":"summary_large_image","twitter_creator":"@canal7_slp","twitter_site":"@canal7_slp","twitter_misc":{"Escrito por":"edicionweb","Tiempo de lectura":"5 minutos"},"schema":{"@context":"https:\/\/schema.org","@graph":[{"@type":"Article","@id":"https:\/\/canal7slp.tv\/2019\/brexit-desordenado-arrastra-consigo-a-theresa-may\/#article","isPartOf":{"@id":"https:\/\/canal7slp.tv\/2019\/brexit-desordenado-arrastra-consigo-a-theresa-may\/"},"author":{"name":"edicionweb","@id":"https:\/\/canal7slp.tv\/2019\/#\/schema\/person\/11d941c1c6ca30ac0a46b95fa37aa2e3"},"headline":"Brexit desordenado arrastra consigo a Theresa May","datePublished":"2019-06-06T17:31:12+00:00","mainEntityOfPage":{"@id":"https:\/\/canal7slp.tv\/2019\/brexit-desordenado-arrastra-consigo-a-theresa-may\/"},"wordCount":1046,"commentCount":0,"publisher":{"@id":"https:\/\/canal7slp.tv\/2019\/#organization"},"image":{"@id":"https:\/\/canal7slp.tv\/2019\/brexit-desordenado-arrastra-consigo-a-theresa-may\/#primaryimage"},"thumbnailUrl":"https:\/\/canal7slp.tv\/2019\/wp-content\/uploads\/2019\/06\/07-3.jpg","articleSection":["INTERNACIONAL"],"inLanguage":"es","potentialAction":[{"@type":"CommentAction","name":"Comment","target":["https:\/\/canal7slp.tv\/2019\/brexit-desordenado-arrastra-consigo-a-theresa-may\/#respond"]}]},{"@type":"WebPage","@id":"https:\/\/canal7slp.tv\/2019\/brexit-desordenado-arrastra-consigo-a-theresa-may\/","url":"https:\/\/canal7slp.tv\/2019\/brexit-desordenado-arrastra-consigo-a-theresa-may\/","name":"Brexit desordenado arrastra consigo a Theresa May - Canal 7 SLP - 2019","isPartOf":{"@id":"https:\/\/canal7slp.tv\/2019\/#website"},"primaryImageOfPage":{"@id":"https:\/\/canal7slp.tv\/2019\/brexit-desordenado-arrastra-consigo-a-theresa-may\/#primaryimage"},"image":{"@id":"https:\/\/canal7slp.tv\/2019\/brexit-desordenado-arrastra-consigo-a-theresa-may\/#primaryimage"},"thumbnailUrl":"https:\/\/canal7slp.tv\/2019\/wp-content\/uploads\/2019\/06\/07-3.jpg","datePublished":"2019-06-06T17:31:12+00:00","breadcrumb":{"@id":"https:\/\/canal7slp.tv\/2019\/brexit-desordenado-arrastra-consigo-a-theresa-may\/#breadcrumb"},"inLanguage":"es","potentialAction":[{"@type":"ReadAction","target":["https:\/\/canal7slp.tv\/2019\/brexit-desordenado-arrastra-consigo-a-theresa-may\/"]}]},{"@type":"ImageObject","inLanguage":"es","@id":"https:\/\/canal7slp.tv\/2019\/brexit-desordenado-arrastra-consigo-a-theresa-may\/#primaryimage","url":"https:\/\/canal7slp.tv\/2019\/wp-content\/uploads\/2019\/06\/07-3.jpg","contentUrl":"https:\/\/canal7slp.tv\/2019\/wp-content\/uploads\/2019\/06\/07-3.jpg","width":800,"height":460},{"@type":"BreadcrumbList","@id":"https:\/\/canal7slp.tv\/2019\/brexit-desordenado-arrastra-consigo-a-theresa-may\/#breadcrumb","itemListElement":[{"@type":"ListItem","position":1,"name":"Home","item":"https:\/\/canal7slp.tv\/2019\/"},{"@type":"ListItem","position":2,"name":"Brexit desordenado arrastra consigo a Theresa May"}]},{"@type":"WebSite","@id":"https:\/\/canal7slp.tv\/2019\/#website","url":"https:\/\/canal7slp.tv\/2019\/","name":"Canal 7 SLP - Somos TV","description":"Somos un Canal de 10","publisher":{"@id":"https:\/\/canal7slp.tv\/2019\/#organization"},"potentialAction":[{"@type":"SearchAction","target":{"@type":"EntryPoint","urlTemplate":"https:\/\/canal7slp.tv\/2019\/?s={search_term_string}"},"query-input":{"@type":"PropertyValueSpecification","valueRequired":true,"valueName":"search_term_string"}}],"inLanguage":"es"},{"@type":"Organization","@id":"https:\/\/canal7slp.tv\/2019\/#organization","name":"Comunicaci\u00f3n 2000 S.A. de C.V.","url":"https:\/\/canal7slp.tv\/2019\/","logo":{"@type":"ImageObject","inLanguage":"es","@id":"https:\/\/canal7slp.tv\/2019\/#\/schema\/logo\/image\/","url":"https:\/\/canal7slp.tv\/2019\/wp-content\/uploads\/2019\/07\/logo-c7.png","contentUrl":"https:\/\/canal7slp.tv\/2019\/wp-content\/uploads\/2019\/07\/logo-c7.png","width":220,"height":60,"caption":"Comunicaci\u00f3n 2000 S.A. de C.V."},"image":{"@id":"https:\/\/canal7slp.tv\/2019\/#\/schema\/logo\/image\/"},"sameAs":["https:\/\/www.facebook.com\/CANAL7SLP\/","https:\/\/x.com\/canal7_slp","https:\/\/www.instagram.com\/canal7_slp","https:\/\/www.youtube.com\/user\/NOTICIEROSCANAL7SLP\/"]},{"@type":"Person","@id":"https:\/\/canal7slp.tv\/2019\/#\/schema\/person\/11d941c1c6ca30ac0a46b95fa37aa2e3","name":"edicionweb","image":{"@type":"ImageObject","inLanguage":"es","@id":"https:\/\/secure.gravatar.com\/avatar\/eee448fc3f7164808013b816ba91ac7e43bbe82a70bebac296f8bc6f0addaa1a?s=96&d=mm&r=g","url":"https:\/\/secure.gravatar.com\/avatar\/eee448fc3f7164808013b816ba91ac7e43bbe82a70bebac296f8bc6f0addaa1a?s=96&d=mm&r=g","contentUrl":"https:\/\/secure.gravatar.com\/avatar\/eee448fc3f7164808013b816ba91ac7e43bbe82a70bebac296f8bc6f0addaa1a?s=96&d=mm&r=g","caption":"edicionweb"}}]}},"amp_enabled":true,"cmb2":{"video_ids_in_playlist":{"vid_p_videos":""},"video_ids_in_channel":{"vid_c_videos":""},"playlist_ids_in_channel":{"vid_c_playlists":""},"series_ids_in_channel":{"vid_c_series":""},"channel_images":{"vid_c_logo":"","vid_c_banner":""},"poster_feature_image":{"vid_m_poster_image":""},"gif_feature_image":{"vid_m_gif_image":""},"video_movie_settings":{"vid_m_director":"","vid_m_actor":"","vid_m_imdb_ratings":"","vid_m_amazon_associates":""},"vid_youtube_broadcasts_settings":{"vid_yb_broadcast_title":"","vid_yb_q":"","vid_yb_channelid":"","vid_yb_videocategoryid":"","vid_yb_maxresults":"","vid_yb_order":"","vid_yb_regioncode":"","vid_yb_videosyndicated":"","vid_yb_style":"","vid_yb_reload_first":""},"video_series_settings":{"vid_m_director":"","vid_m_actor":"","vid_m_imdb_ratings":"","video_series_group":""},"amazon_associates_settings":{"amazon_associates":"","amazon_native_ad":""},"vid_youtube_automatic_settings":{"vid_ya_youtube_source":"","vid_ya_update_every":"","vid_ya_update_unit":"","vid_ya_categories":"","vid_ya_published_after":"","vid_ya_published_before":"","vid_ya_playlists":"","vid_ya_channels":"","vid_ya_director":"","vid_ya_actor":"","vid_ya_author":"","vid_ya_import_post_date":"","vid_ya_status":"","vid_ya_sub_api_key":""},"vid_ads_m_videoads_settings_post":{"vid_ads_m_video_ads":"","vid_ads_m_video_ads_type":"","vid_ads_m_group_google_ima":"","vid_ads_m_group_image":"","vid_ads_m_group_html5_video":"","vid_ads_m_group_html":"","vid_ads_m_vast_preroll":"","vid_ads_m_vast_postroll":"","vid_ads_m_vast_pauseroll":"","vid_ads_m_vast_midroll":[{"vid_ads_m_vast_timer_seconds":"50"}],"vid_ads_m_time_to_show_ads":"","vid_ads_m_time_skip_ads":"","vid_ads_m_time_to_hide_ads":""},"page_slider_settings":{"display_slider_group":"","page_slider_group":""},"blog_page_settings":{"blog_page_title":"","blog_page_heading":"","blog_page_ic":"","blog_page_it":"","blog_page_ec":"","blog_page_ip":"","archive_loop_style":"","blog_image_ratio":"","blog_show_categories":"","blog_show_excerpt":"","blog_show_author":"","blog_show_date":"","blog_show_comment_count":"","blog_show_view_count":"","blog_show_like_count":"","blog_show_dislike_count":"","blog_items_per_page":"","blog_pag_type":""},"page_options":{"get_page_template":"","color_mode":"","main_layout":"","main_layout_full_with":"","main_logo":"","main_logo_retina":"","main_logo_mobile":"","main_logo_mobile_retina":"","sticky_logo":"","sticky_logo_retina":"","main_nav_layout":"","ajax_search":"","header_background":"","theme_sidebar":"","instagram_feed":"","instagram_feed_position":"","popular_videos":"","popular_videos_title_1":"","popular_videos_title_2":"","popular_videos_ic":"","popular_videos_it":"","theme_background":"","page_custom_css":""},"feature_image_settings":{"feature_image_position":""},"video_player_settings":{"single_video_style":"","video_player_position":"","vm_video_url":"","video_player_library":"","video_streaming":"","vm_media_sources":"","vid_auto_play":"","vm_video_shortcode":"","vid_p_sync_playlist":"","vid_c_sync_channel":"","get_post_format":"","multiple_links_structure":"default","multi_links_title":"","vm_video_multi_links":"","vm_duration":"","vid_social_locker":"off","vid_social_locker_id":"","vid_membership_action":"content-video","vm_video_trailer_url":"","vid_download_type":"free","vid_download_target":"download","vid_woo_product":"","vm_media_download":"","user_rating":"","user_rating_position":"","user_rating_mode":"","user_rating_multi_sets":""},"video_auto_fetch_settings":{"vm_video_fetch":"on"},"video_fake_views_likes":{"vm_fake_views":"","vm_fake_likes":"","vm_fake_dislikes":""},"gallery_settings":{"gallery_position":""},"quote_settings":{"quote_position":""},"post_options":{"main_layout":"","main_logo":"","main_logo_retina":"","main_logo_mobile":"","main_logo_mobile_retina":"","sticky_logo":"","sticky_logo_retina":"","main_nav_layout":"","header_background":"","theme_sidebar":"","single_post_comment_type":"","theme_background":""}},"_links":{"self":[{"href":"https:\/\/canal7slp.tv\/2019\/wp-json\/wp\/v2\/posts\/7970","targetHints":{"allow":["GET"]}}],"collection":[{"href":"https:\/\/canal7slp.tv\/2019\/wp-json\/wp\/v2\/posts"}],"about":[{"href":"https:\/\/canal7slp.tv\/2019\/wp-json\/wp\/v2\/types\/post"}],"author":[{"embeddable":true,"href":"https:\/\/canal7slp.tv\/2019\/wp-json\/wp\/v2\/users\/2"}],"replies":[{"embeddable":true,"href":"https:\/\/canal7slp.tv\/2019\/wp-json\/wp\/v2\/comments?post=7970"}],"version-history":[{"count":0,"href":"https:\/\/canal7slp.tv\/2019\/wp-json\/wp\/v2\/posts\/7970\/revisions"}],"wp:featuredmedia":[{"embeddable":true,"href":"https:\/\/canal7slp.tv\/2019\/wp-json\/wp\/v2\/media\/7972"}],"wp:attachment":[{"href":"https:\/\/canal7slp.tv\/2019\/wp-json\/wp\/v2\/media?parent=7970"}],"wp:term":[{"taxonomy":"category","embeddable":true,"href":"https:\/\/canal7slp.tv\/2019\/wp-json\/wp\/v2\/categories?post=7970"},{"taxonomy":"post_tag","embeddable":true,"href":"https:\/\/canal7slp.tv\/2019\/wp-json\/wp\/v2\/tags?post=7970"}],"curies":[{"name":"wp","href":"https:\/\/api.w.org\/{rel}","templated":true}]}}