{"id":79628,"date":"2019-11-04T19:18:46","date_gmt":"2019-11-05T01:18:46","guid":{"rendered":"https:\/\/canal7slp.tv\/2019\/?p=79628"},"modified":"2019-11-04T19:18:46","modified_gmt":"2019-11-05T01:18:46","slug":"congreso-del-estado-apoya-campana-de-vacunacion-contra-influenza","status":"publish","type":"post","link":"https:\/\/canal7slp.tv\/2019\/congreso-del-estado-apoya-campana-de-vacunacion-contra-influenza\/","title":{"rendered":"Congreso del Estado apoya campa\u00f1a de vacunaci\u00f3n contra influenza"},"content":{"rendered":"<p style=\"text-align: justify\">SLP.- El Congreso del Estado contribuye con la campa\u00f1a de Vacunaci\u00f3n contra la influenza estacional, y este lunes se instalaron dos m\u00f3dulos de vacunaci\u00f3n en la sede de sus edificios, en Vallejo 200 y Jard\u00edn Hidalgo 19, zona centro en San Luis Potos\u00ed.<\/p>\n<p style=\"text-align: justify\">La diputada Ang\u00e9lica Mendoza Camacho, presidenta de la Comisi\u00f3n de Salud y Asistencia Social del Congreso del Estado, indic\u00f3 que seg\u00fan informaci\u00f3n del sector salud, se tienen contempladas para San Luis Potos\u00ed un total de 850 mil dosis de vacunas contra la influenza.<\/p>\n<p style=\"text-align: justify\">Por ello, dijo que es importante que la poblaci\u00f3n acuda a los m\u00f3dulos, con \u00e9nfasis en ni\u00f1os menores de 5 a\u00f1os y adultos mayores, as\u00ed como personas con enfermedades cr\u00f3nico-degenerativas como diabetes o hipertensi\u00f3n en primera instancia.<\/p>\n<p style=\"text-align: justify\">\u201cEs importante el prevenir este tipo de enfermedades, principalmente en la poblaci\u00f3n con mayor riesgo, en San Luis Potos\u00ed tenemos 850 mil dosis para que la ciudadan\u00eda acuda a vacunarse, nosotros desde el Congreso del Estado hacemos hoy este esfuerzo y en las cl\u00ednicas del sector salud estar\u00e1n tambi\u00e9n disponibles\u201d.<\/p>\n<p style=\"text-align: justify\">Agreg\u00f3 que la Comisi\u00f3n de Salud se mantendr\u00e1 en comunicaci\u00f3n directa con las autoridades sanitarias para verificar el desarrollo de la campa\u00f1a de vacunaci\u00f3n y la atenci\u00f3n a quienes presenten este padecimiento, ya que se contempla una temporada invernal con frentes fr\u00edos que pueden incrementar los riesgos de enfermedades respiratorias.<\/p>\n<p style=\"text-align: justify\">Adem\u00e1s, manifest\u00f3 que est\u00e1n por iniciar la Jornada Nacional de Salud P\u00fablica, donde se implementar\u00e1n medidas de prevenci\u00f3n de enfermedades, completar los esquemas de vacunaci\u00f3n en escolares, adem\u00e1s de la realizaci\u00f3n de pl\u00e1ticas en centros escolares de nivel b\u00e1sico a medio superior respecto al cuidado de la salud.<\/p>\n<p style=\"text-align: justify\">Explic\u00f3 que en esta Jornada, se brindar\u00e1n tambi\u00e9n servicios de detecci\u00f3n oportuna de enfermedades como hipertensi\u00f3n arterial, tuberculosis pulmonar, c\u00e1ncer cervico-uterino, de mama y pr\u00f3stata, as\u00ed como diabetes mellitus, entre otros, por lo que invit\u00f3 a la poblaci\u00f3n a acercarse a estos servicios para la prevenci\u00f3n de enfermedades.<\/p>\n","protected":false},"excerpt":{"rendered":"<p>SLP.- El Congreso del Estado contribuye con la campa\u00f1a de Vacunaci\u00f3n contra la influenza estacional, y este lunes se instalaron dos m\u00f3dulos de vacunaci\u00f3n en la sede de sus edificios, en Vallejo 200 y Jard\u00edn Hidalgo 19, zona centro en San Luis Potos\u00ed. La diputada Ang\u00e9lica Mendoza Camacho, presidenta de la Comisi\u00f3n de Salud y [&hellip;]<\/p>\n","protected":false},"author":2,"featured_media":79629,"comment_status":"open","ping_status":"open","sticky":false,"template":"","format":"standard","meta":{"footnotes":""},"categories":[17],"tags":[],"class_list":["post-79628","post","type-post","status-publish","format-standard","has-post-thumbnail","hentry","category-localesyregionales"],"yoast_head":"<!-- This site is optimized with the Yoast SEO plugin v27.5 - https:\/\/yoast.com\/product\/yoast-seo-wordpress\/ -->\n<title>Congreso del Estado apoya campa\u00f1a de vacunaci\u00f3n contra influenza - Canal 7 SLP - 2019<\/title>\n<meta name=\"robots\" content=\"index, follow, max-snippet:-1, max-image-preview:large, max-video-preview:-1\" \/>\n<link rel=\"canonical\" href=\"https:\/\/canal7slp.tv\/2019\/congreso-del-estado-apoya-campana-de-vacunacion-contra-influenza\/\" \/>\n<meta property=\"og:locale\" content=\"es_ES\" \/>\n<meta property=\"og:type\" content=\"article\" \/>\n<meta property=\"og:title\" content=\"Congreso del Estado apoya campa\u00f1a de vacunaci\u00f3n contra influenza - Canal 7 SLP - 2019\" \/>\n<meta property=\"og:description\" content=\"SLP.- El Congreso del Estado contribuye con la campa\u00f1a de Vacunaci\u00f3n contra la influenza estacional, y este lunes se instalaron dos m\u00f3dulos de vacunaci\u00f3n en la sede de sus edificios, en Vallejo 200 y Jard\u00edn Hidalgo 19, zona centro en San Luis Potos\u00ed. La diputada Ang\u00e9lica Mendoza Camacho, presidenta de la Comisi\u00f3n de Salud y [&hellip;]\" \/>\n<meta property=\"og:url\" content=\"https:\/\/canal7slp.tv\/2019\/congreso-del-estado-apoya-campana-de-vacunacion-contra-influenza\/\" \/>\n<meta property=\"og:site_name\" content=\"Canal 7 SLP - 2019\" \/>\n<meta property=\"article:publisher\" content=\"https:\/\/www.facebook.com\/CANAL7SLP\/\" \/>\n<meta property=\"article:published_time\" content=\"2019-11-05T01:18:46+00:00\" \/>\n<meta property=\"og:image\" content=\"https:\/\/canal7slp.tv\/2019\/wp-content\/uploads\/2019\/11\/1936.jpg\" \/>\n\t<meta property=\"og:image:width\" content=\"936\" \/>\n\t<meta property=\"og:image:height\" content=\"624\" \/>\n\t<meta property=\"og:image:type\" content=\"image\/jpeg\" \/>\n<meta name=\"author\" content=\"edicionweb\" \/>\n<meta name=\"twitter:card\" content=\"summary_large_image\" \/>\n<meta name=\"twitter:creator\" content=\"@canal7_slp\" \/>\n<meta name=\"twitter:site\" content=\"@canal7_slp\" \/>\n<meta name=\"twitter:label1\" content=\"Escrito por\" \/>\n\t<meta name=\"twitter:data1\" content=\"edicionweb\" \/>\n\t<meta name=\"twitter:label2\" content=\"Tiempo de lectura\" \/>\n\t<meta name=\"twitter:data2\" content=\"2 minutos\" \/>\n<script type=\"application\/ld+json\" class=\"yoast-schema-graph\">{\"@context\":\"https:\\\/\\\/schema.org\",\"@graph\":[{\"@type\":\"Article\",\"@id\":\"https:\\\/\\\/canal7slp.tv\\\/2019\\\/congreso-del-estado-apoya-campana-de-vacunacion-contra-influenza\\\/#article\",\"isPartOf\":{\"@id\":\"https:\\\/\\\/canal7slp.tv\\\/2019\\\/congreso-del-estado-apoya-campana-de-vacunacion-contra-influenza\\\/\"},\"author\":{\"name\":\"edicionweb\",\"@id\":\"https:\\\/\\\/canal7slp.tv\\\/2019\\\/#\\\/schema\\\/person\\\/11d941c1c6ca30ac0a46b95fa37aa2e3\"},\"headline\":\"Congreso del Estado apoya campa\u00f1a de vacunaci\u00f3n contra influenza\",\"datePublished\":\"2019-11-05T01:18:46+00:00\",\"mainEntityOfPage\":{\"@id\":\"https:\\\/\\\/canal7slp.tv\\\/2019\\\/congreso-del-estado-apoya-campana-de-vacunacion-contra-influenza\\\/\"},\"wordCount\":370,\"commentCount\":0,\"publisher\":{\"@id\":\"https:\\\/\\\/canal7slp.tv\\\/2019\\\/#organization\"},\"image\":{\"@id\":\"https:\\\/\\\/canal7slp.tv\\\/2019\\\/congreso-del-estado-apoya-campana-de-vacunacion-contra-influenza\\\/#primaryimage\"},\"thumbnailUrl\":\"https:\\\/\\\/canal7slp.tv\\\/2019\\\/wp-content\\\/uploads\\\/2019\\\/11\\\/1936.jpg\",\"articleSection\":[\"LOCALES Y REGIONALES\"],\"inLanguage\":\"es\",\"potentialAction\":[{\"@type\":\"CommentAction\",\"name\":\"Comment\",\"target\":[\"https:\\\/\\\/canal7slp.tv\\\/2019\\\/congreso-del-estado-apoya-campana-de-vacunacion-contra-influenza\\\/#respond\"]}]},{\"@type\":\"WebPage\",\"@id\":\"https:\\\/\\\/canal7slp.tv\\\/2019\\\/congreso-del-estado-apoya-campana-de-vacunacion-contra-influenza\\\/\",\"url\":\"https:\\\/\\\/canal7slp.tv\\\/2019\\\/congreso-del-estado-apoya-campana-de-vacunacion-contra-influenza\\\/\",\"name\":\"Congreso del Estado apoya campa\u00f1a de vacunaci\u00f3n contra influenza - Canal 7 SLP - 2019\",\"isPartOf\":{\"@id\":\"https:\\\/\\\/canal7slp.tv\\\/2019\\\/#website\"},\"primaryImageOfPage\":{\"@id\":\"https:\\\/\\\/canal7slp.tv\\\/2019\\\/congreso-del-estado-apoya-campana-de-vacunacion-contra-influenza\\\/#primaryimage\"},\"image\":{\"@id\":\"https:\\\/\\\/canal7slp.tv\\\/2019\\\/congreso-del-estado-apoya-campana-de-vacunacion-contra-influenza\\\/#primaryimage\"},\"thumbnailUrl\":\"https:\\\/\\\/canal7slp.tv\\\/2019\\\/wp-content\\\/uploads\\\/2019\\\/11\\\/1936.jpg\",\"datePublished\":\"2019-11-05T01:18:46+00:00\",\"breadcrumb\":{\"@id\":\"https:\\\/\\\/canal7slp.tv\\\/2019\\\/congreso-del-estado-apoya-campana-de-vacunacion-contra-influenza\\\/#breadcrumb\"},\"inLanguage\":\"es\",\"potentialAction\":[{\"@type\":\"ReadAction\",\"target\":[\"https:\\\/\\\/canal7slp.tv\\\/2019\\\/congreso-del-estado-apoya-campana-de-vacunacion-contra-influenza\\\/\"]}]},{\"@type\":\"ImageObject\",\"inLanguage\":\"es\",\"@id\":\"https:\\\/\\\/canal7slp.tv\\\/2019\\\/congreso-del-estado-apoya-campana-de-vacunacion-contra-influenza\\\/#primaryimage\",\"url\":\"https:\\\/\\\/canal7slp.tv\\\/2019\\\/wp-content\\\/uploads\\\/2019\\\/11\\\/1936.jpg\",\"contentUrl\":\"https:\\\/\\\/canal7slp.tv\\\/2019\\\/wp-content\\\/uploads\\\/2019\\\/11\\\/1936.jpg\",\"width\":936,\"height\":624},{\"@type\":\"BreadcrumbList\",\"@id\":\"https:\\\/\\\/canal7slp.tv\\\/2019\\\/congreso-del-estado-apoya-campana-de-vacunacion-contra-influenza\\\/#breadcrumb\",\"itemListElement\":[{\"@type\":\"ListItem\",\"position\":1,\"name\":\"Home\",\"item\":\"https:\\\/\\\/canal7slp.tv\\\/2019\\\/\"},{\"@type\":\"ListItem\",\"position\":2,\"name\":\"Congreso del Estado apoya campa\u00f1a de vacunaci\u00f3n contra influenza\"}]},{\"@type\":\"WebSite\",\"@id\":\"https:\\\/\\\/canal7slp.tv\\\/2019\\\/#website\",\"url\":\"https:\\\/\\\/canal7slp.tv\\\/2019\\\/\",\"name\":\"Canal 7 SLP - Somos TV\",\"description\":\"Somos un Canal de 10\",\"publisher\":{\"@id\":\"https:\\\/\\\/canal7slp.tv\\\/2019\\\/#organization\"},\"potentialAction\":[{\"@type\":\"SearchAction\",\"target\":{\"@type\":\"EntryPoint\",\"urlTemplate\":\"https:\\\/\\\/canal7slp.tv\\\/2019\\\/?s={search_term_string}\"},\"query-input\":{\"@type\":\"PropertyValueSpecification\",\"valueRequired\":true,\"valueName\":\"search_term_string\"}}],\"inLanguage\":\"es\"},{\"@type\":\"Organization\",\"@id\":\"https:\\\/\\\/canal7slp.tv\\\/2019\\\/#organization\",\"name\":\"Comunicaci\u00f3n 2000 S.A. de C.V.\",\"url\":\"https:\\\/\\\/canal7slp.tv\\\/2019\\\/\",\"logo\":{\"@type\":\"ImageObject\",\"inLanguage\":\"es\",\"@id\":\"https:\\\/\\\/canal7slp.tv\\\/2019\\\/#\\\/schema\\\/logo\\\/image\\\/\",\"url\":\"https:\\\/\\\/canal7slp.tv\\\/2019\\\/wp-content\\\/uploads\\\/2019\\\/07\\\/logo-c7.png\",\"contentUrl\":\"https:\\\/\\\/canal7slp.tv\\\/2019\\\/wp-content\\\/uploads\\\/2019\\\/07\\\/logo-c7.png\",\"width\":220,\"height\":60,\"caption\":\"Comunicaci\u00f3n 2000 S.A. de C.V.\"},\"image\":{\"@id\":\"https:\\\/\\\/canal7slp.tv\\\/2019\\\/#\\\/schema\\\/logo\\\/image\\\/\"},\"sameAs\":[\"https:\\\/\\\/www.facebook.com\\\/CANAL7SLP\\\/\",\"https:\\\/\\\/x.com\\\/canal7_slp\",\"https:\\\/\\\/www.instagram.com\\\/canal7_slp\",\"https:\\\/\\\/www.youtube.com\\\/user\\\/NOTICIEROSCANAL7SLP\\\/\"]},{\"@type\":\"Person\",\"@id\":\"https:\\\/\\\/canal7slp.tv\\\/2019\\\/#\\\/schema\\\/person\\\/11d941c1c6ca30ac0a46b95fa37aa2e3\",\"name\":\"edicionweb\",\"image\":{\"@type\":\"ImageObject\",\"inLanguage\":\"es\",\"@id\":\"https:\\\/\\\/secure.gravatar.com\\\/avatar\\\/eee448fc3f7164808013b816ba91ac7e43bbe82a70bebac296f8bc6f0addaa1a?s=96&d=mm&r=g\",\"url\":\"https:\\\/\\\/secure.gravatar.com\\\/avatar\\\/eee448fc3f7164808013b816ba91ac7e43bbe82a70bebac296f8bc6f0addaa1a?s=96&d=mm&r=g\",\"contentUrl\":\"https:\\\/\\\/secure.gravatar.com\\\/avatar\\\/eee448fc3f7164808013b816ba91ac7e43bbe82a70bebac296f8bc6f0addaa1a?s=96&d=mm&r=g\",\"caption\":\"edicionweb\"}}]}<\/script>\n<!-- \/ Yoast SEO plugin. -->","yoast_head_json":{"title":"Congreso del Estado apoya campa\u00f1a de vacunaci\u00f3n contra influenza - Canal 7 SLP - 2019","robots":{"index":"index","follow":"follow","max-snippet":"max-snippet:-1","max-image-preview":"max-image-preview:large","max-video-preview":"max-video-preview:-1"},"canonical":"https:\/\/canal7slp.tv\/2019\/congreso-del-estado-apoya-campana-de-vacunacion-contra-influenza\/","og_locale":"es_ES","og_type":"article","og_title":"Congreso del Estado apoya campa\u00f1a de vacunaci\u00f3n contra influenza - Canal 7 SLP - 2019","og_description":"SLP.- El Congreso del Estado contribuye con la campa\u00f1a de Vacunaci\u00f3n contra la influenza estacional, y este lunes se instalaron dos m\u00f3dulos de vacunaci\u00f3n en la sede de sus edificios, en Vallejo 200 y Jard\u00edn Hidalgo 19, zona centro en San Luis Potos\u00ed. La diputada Ang\u00e9lica Mendoza Camacho, presidenta de la Comisi\u00f3n de Salud y [&hellip;]","og_url":"https:\/\/canal7slp.tv\/2019\/congreso-del-estado-apoya-campana-de-vacunacion-contra-influenza\/","og_site_name":"Canal 7 SLP - 2019","article_publisher":"https:\/\/www.facebook.com\/CANAL7SLP\/","article_published_time":"2019-11-05T01:18:46+00:00","og_image":[{"width":936,"height":624,"url":"https:\/\/canal7slp.tv\/2019\/wp-content\/uploads\/2019\/11\/1936.jpg","type":"image\/jpeg"}],"author":"edicionweb","twitter_card":"summary_large_image","twitter_creator":"@canal7_slp","twitter_site":"@canal7_slp","twitter_misc":{"Escrito por":"edicionweb","Tiempo de lectura":"2 minutos"},"schema":{"@context":"https:\/\/schema.org","@graph":[{"@type":"Article","@id":"https:\/\/canal7slp.tv\/2019\/congreso-del-estado-apoya-campana-de-vacunacion-contra-influenza\/#article","isPartOf":{"@id":"https:\/\/canal7slp.tv\/2019\/congreso-del-estado-apoya-campana-de-vacunacion-contra-influenza\/"},"author":{"name":"edicionweb","@id":"https:\/\/canal7slp.tv\/2019\/#\/schema\/person\/11d941c1c6ca30ac0a46b95fa37aa2e3"},"headline":"Congreso del Estado apoya campa\u00f1a de vacunaci\u00f3n contra influenza","datePublished":"2019-11-05T01:18:46+00:00","mainEntityOfPage":{"@id":"https:\/\/canal7slp.tv\/2019\/congreso-del-estado-apoya-campana-de-vacunacion-contra-influenza\/"},"wordCount":370,"commentCount":0,"publisher":{"@id":"https:\/\/canal7slp.tv\/2019\/#organization"},"image":{"@id":"https:\/\/canal7slp.tv\/2019\/congreso-del-estado-apoya-campana-de-vacunacion-contra-influenza\/#primaryimage"},"thumbnailUrl":"https:\/\/canal7slp.tv\/2019\/wp-content\/uploads\/2019\/11\/1936.jpg","articleSection":["LOCALES Y REGIONALES"],"inLanguage":"es","potentialAction":[{"@type":"CommentAction","name":"Comment","target":["https:\/\/canal7slp.tv\/2019\/congreso-del-estado-apoya-campana-de-vacunacion-contra-influenza\/#respond"]}]},{"@type":"WebPage","@id":"https:\/\/canal7slp.tv\/2019\/congreso-del-estado-apoya-campana-de-vacunacion-contra-influenza\/","url":"https:\/\/canal7slp.tv\/2019\/congreso-del-estado-apoya-campana-de-vacunacion-contra-influenza\/","name":"Congreso del Estado apoya campa\u00f1a de vacunaci\u00f3n contra influenza - Canal 7 SLP - 2019","isPartOf":{"@id":"https:\/\/canal7slp.tv\/2019\/#website"},"primaryImageOfPage":{"@id":"https:\/\/canal7slp.tv\/2019\/congreso-del-estado-apoya-campana-de-vacunacion-contra-influenza\/#primaryimage"},"image":{"@id":"https:\/\/canal7slp.tv\/2019\/congreso-del-estado-apoya-campana-de-vacunacion-contra-influenza\/#primaryimage"},"thumbnailUrl":"https:\/\/canal7slp.tv\/2019\/wp-content\/uploads\/2019\/11\/1936.jpg","datePublished":"2019-11-05T01:18:46+00:00","breadcrumb":{"@id":"https:\/\/canal7slp.tv\/2019\/congreso-del-estado-apoya-campana-de-vacunacion-contra-influenza\/#breadcrumb"},"inLanguage":"es","potentialAction":[{"@type":"ReadAction","target":["https:\/\/canal7slp.tv\/2019\/congreso-del-estado-apoya-campana-de-vacunacion-contra-influenza\/"]}]},{"@type":"ImageObject","inLanguage":"es","@id":"https:\/\/canal7slp.tv\/2019\/congreso-del-estado-apoya-campana-de-vacunacion-contra-influenza\/#primaryimage","url":"https:\/\/canal7slp.tv\/2019\/wp-content\/uploads\/2019\/11\/1936.jpg","contentUrl":"https:\/\/canal7slp.tv\/2019\/wp-content\/uploads\/2019\/11\/1936.jpg","width":936,"height":624},{"@type":"BreadcrumbList","@id":"https:\/\/canal7slp.tv\/2019\/congreso-del-estado-apoya-campana-de-vacunacion-contra-influenza\/#breadcrumb","itemListElement":[{"@type":"ListItem","position":1,"name":"Home","item":"https:\/\/canal7slp.tv\/2019\/"},{"@type":"ListItem","position":2,"name":"Congreso del Estado apoya campa\u00f1a de vacunaci\u00f3n contra influenza"}]},{"@type":"WebSite","@id":"https:\/\/canal7slp.tv\/2019\/#website","url":"https:\/\/canal7slp.tv\/2019\/","name":"Canal 7 SLP - Somos TV","description":"Somos un Canal de 10","publisher":{"@id":"https:\/\/canal7slp.tv\/2019\/#organization"},"potentialAction":[{"@type":"SearchAction","target":{"@type":"EntryPoint","urlTemplate":"https:\/\/canal7slp.tv\/2019\/?s={search_term_string}"},"query-input":{"@type":"PropertyValueSpecification","valueRequired":true,"valueName":"search_term_string"}}],"inLanguage":"es"},{"@type":"Organization","@id":"https:\/\/canal7slp.tv\/2019\/#organization","name":"Comunicaci\u00f3n 2000 S.A. de C.V.","url":"https:\/\/canal7slp.tv\/2019\/","logo":{"@type":"ImageObject","inLanguage":"es","@id":"https:\/\/canal7slp.tv\/2019\/#\/schema\/logo\/image\/","url":"https:\/\/canal7slp.tv\/2019\/wp-content\/uploads\/2019\/07\/logo-c7.png","contentUrl":"https:\/\/canal7slp.tv\/2019\/wp-content\/uploads\/2019\/07\/logo-c7.png","width":220,"height":60,"caption":"Comunicaci\u00f3n 2000 S.A. de C.V."},"image":{"@id":"https:\/\/canal7slp.tv\/2019\/#\/schema\/logo\/image\/"},"sameAs":["https:\/\/www.facebook.com\/CANAL7SLP\/","https:\/\/x.com\/canal7_slp","https:\/\/www.instagram.com\/canal7_slp","https:\/\/www.youtube.com\/user\/NOTICIEROSCANAL7SLP\/"]},{"@type":"Person","@id":"https:\/\/canal7slp.tv\/2019\/#\/schema\/person\/11d941c1c6ca30ac0a46b95fa37aa2e3","name":"edicionweb","image":{"@type":"ImageObject","inLanguage":"es","@id":"https:\/\/secure.gravatar.com\/avatar\/eee448fc3f7164808013b816ba91ac7e43bbe82a70bebac296f8bc6f0addaa1a?s=96&d=mm&r=g","url":"https:\/\/secure.gravatar.com\/avatar\/eee448fc3f7164808013b816ba91ac7e43bbe82a70bebac296f8bc6f0addaa1a?s=96&d=mm&r=g","contentUrl":"https:\/\/secure.gravatar.com\/avatar\/eee448fc3f7164808013b816ba91ac7e43bbe82a70bebac296f8bc6f0addaa1a?s=96&d=mm&r=g","caption":"edicionweb"}}]}},"amp_enabled":true,"cmb2":{"video_ids_in_playlist":{"vid_p_videos":""},"video_ids_in_channel":{"vid_c_videos":""},"playlist_ids_in_channel":{"vid_c_playlists":""},"series_ids_in_channel":{"vid_c_series":""},"channel_images":{"vid_c_logo":"","vid_c_banner":""},"poster_feature_image":{"vid_m_poster_image":""},"gif_feature_image":{"vid_m_gif_image":""},"video_movie_settings":{"vid_m_director":"","vid_m_actor":"","vid_m_imdb_ratings":"","vid_m_amazon_associates":""},"vid_youtube_broadcasts_settings":{"vid_yb_broadcast_title":"","vid_yb_q":"","vid_yb_channelid":"","vid_yb_videocategoryid":"","vid_yb_maxresults":"","vid_yb_order":"","vid_yb_regioncode":"","vid_yb_videosyndicated":"","vid_yb_style":"","vid_yb_reload_first":""},"video_series_settings":{"vid_m_director":"","vid_m_actor":"","vid_m_imdb_ratings":"","video_series_group":""},"amazon_associates_settings":{"amazon_associates":"","amazon_native_ad":""},"vid_youtube_automatic_settings":{"vid_ya_youtube_source":"","vid_ya_update_every":"","vid_ya_update_unit":"","vid_ya_categories":"","vid_ya_published_after":"","vid_ya_published_before":"","vid_ya_playlists":"","vid_ya_channels":"","vid_ya_director":"","vid_ya_actor":"","vid_ya_author":"","vid_ya_import_post_date":"","vid_ya_status":"","vid_ya_sub_api_key":""},"vid_ads_m_videoads_settings_post":{"vid_ads_m_video_ads":"","vid_ads_m_video_ads_type":"","vid_ads_m_group_google_ima":"","vid_ads_m_group_image":"","vid_ads_m_group_html5_video":"","vid_ads_m_group_html":"","vid_ads_m_vast_preroll":"","vid_ads_m_vast_postroll":"","vid_ads_m_vast_pauseroll":"","vid_ads_m_vast_midroll":[{"vid_ads_m_vast_timer_seconds":"50"}],"vid_ads_m_time_to_show_ads":"","vid_ads_m_time_skip_ads":"","vid_ads_m_time_to_hide_ads":""},"page_slider_settings":{"display_slider_group":"","page_slider_group":""},"blog_page_settings":{"blog_page_title":"","blog_page_heading":"","blog_page_ic":"","blog_page_it":"","blog_page_ec":"","blog_page_ip":"","archive_loop_style":"","blog_image_ratio":"","blog_show_categories":"","blog_show_excerpt":"","blog_show_author":"","blog_show_date":"","blog_show_comment_count":"","blog_show_view_count":"","blog_show_like_count":"","blog_show_dislike_count":"","blog_items_per_page":"","blog_pag_type":""},"page_options":{"get_page_template":"","color_mode":"","main_layout":"","main_layout_full_with":"","main_logo":"","main_logo_retina":"","main_logo_mobile":"","main_logo_mobile_retina":"","sticky_logo":"","sticky_logo_retina":"","main_nav_layout":"","ajax_search":"","header_background":"","theme_sidebar":"","instagram_feed":"","instagram_feed_position":"","popular_videos":"","popular_videos_title_1":"","popular_videos_title_2":"","popular_videos_ic":"","popular_videos_it":"","theme_background":"","page_custom_css":""},"feature_image_settings":{"feature_image_position":""},"video_player_settings":{"single_video_style":"","video_player_position":"","vm_video_url":"","video_player_library":"","video_streaming":"","vm_media_sources":"","vid_auto_play":"","vm_video_shortcode":"","vid_p_sync_playlist":"","vid_c_sync_channel":"","get_post_format":"","multiple_links_structure":"default","multi_links_title":"","vm_video_multi_links":"","vm_duration":"","vid_social_locker":"off","vid_social_locker_id":"","vid_membership_action":"content-video","vm_video_trailer_url":"","vid_download_type":"free","vid_download_target":"download","vid_woo_product":"","vm_media_download":"","user_rating":"","user_rating_position":"","user_rating_mode":"","user_rating_multi_sets":""},"video_auto_fetch_settings":{"vm_video_fetch":"on"},"video_fake_views_likes":{"vm_fake_views":"","vm_fake_likes":"","vm_fake_dislikes":""},"gallery_settings":{"gallery_position":""},"quote_settings":{"quote_position":""},"post_options":{"main_layout":"","main_logo":"","main_logo_retina":"","main_logo_mobile":"","main_logo_mobile_retina":"","sticky_logo":"","sticky_logo_retina":"","main_nav_layout":"","header_background":"","theme_sidebar":"","single_post_comment_type":"","theme_background":""}},"_links":{"self":[{"href":"https:\/\/canal7slp.tv\/2019\/wp-json\/wp\/v2\/posts\/79628","targetHints":{"allow":["GET"]}}],"collection":[{"href":"https:\/\/canal7slp.tv\/2019\/wp-json\/wp\/v2\/posts"}],"about":[{"href":"https:\/\/canal7slp.tv\/2019\/wp-json\/wp\/v2\/types\/post"}],"author":[{"embeddable":true,"href":"https:\/\/canal7slp.tv\/2019\/wp-json\/wp\/v2\/users\/2"}],"replies":[{"embeddable":true,"href":"https:\/\/canal7slp.tv\/2019\/wp-json\/wp\/v2\/comments?post=79628"}],"version-history":[{"count":0,"href":"https:\/\/canal7slp.tv\/2019\/wp-json\/wp\/v2\/posts\/79628\/revisions"}],"wp:featuredmedia":[{"embeddable":true,"href":"https:\/\/canal7slp.tv\/2019\/wp-json\/wp\/v2\/media\/79629"}],"wp:attachment":[{"href":"https:\/\/canal7slp.tv\/2019\/wp-json\/wp\/v2\/media?parent=79628"}],"wp:term":[{"taxonomy":"category","embeddable":true,"href":"https:\/\/canal7slp.tv\/2019\/wp-json\/wp\/v2\/categories?post=79628"},{"taxonomy":"post_tag","embeddable":true,"href":"https:\/\/canal7slp.tv\/2019\/wp-json\/wp\/v2\/tags?post=79628"}],"curies":[{"name":"wp","href":"https:\/\/api.w.org\/{rel}","templated":true}]}}