{"id":79564,"date":"2019-11-04T16:31:49","date_gmt":"2019-11-04T22:31:49","guid":{"rendered":"https:\/\/canal7slp.tv\/2019\/?p=79564"},"modified":"2019-11-04T16:31:49","modified_gmt":"2019-11-04T22:31:49","slug":"obtiene-fge-prision-preventiva-para-hombre-por-probable-feminicidio-en-los-molinos","status":"publish","type":"post","link":"https:\/\/canal7slp.tv\/2019\/obtiene-fge-prision-preventiva-para-hombre-por-probable-feminicidio-en-los-molinos\/","title":{"rendered":"Obtiene FGE prisi\u00f3n preventiva para hombre por probable feminicidio en Los Molinos"},"content":{"rendered":"<ul>\n<li style=\"text-align: justify\">El imputado qued\u00f3 vinculado a proceso y las investigaciones complementarias continuar\u00e1n<\/li>\n<\/ul>\n<p style=\"text-align: justify\">SLP.- Un individuo se\u00f1alado como el probable responsable de la muerte de una mujer que fue encontrada dentro al interior de un carro en la colonia los Molinos en la ciudad Capital hace unos d\u00edas, fue vinculado a proceso por el delito de feminicidio.<\/p>\n<p style=\"text-align: justify\">La Fiscal\u00eda General del Estado de San Luis Potos\u00ed (FGESLP) inform\u00f3 que, luego de la duplicidad del t\u00e9rmino constitucional, durante la audiencia inicial que dur\u00f3 cerca de cinco horas, personal de la Unidad Especializada en Feminicidios y Homicidios argument\u00f3 y present\u00f3 datos de su probable participaci\u00f3n en ese delito.<\/p>\n<p style=\"text-align: justify\">De igual forma se obtuvo que el Juez de Control le dictara al imputado que responde al nombre de Jhovanni \u201cN\u201d, la privaci\u00f3n de su libertad a trav\u00e9s de la prisi\u00f3n preventiva oficiosa como medida cautelar.<\/p>\n<p>Adem\u00e1s, le asign\u00f3 a la defensa y a las autoridades de la Fiscal\u00eda un plazo de dos meses para la investigaci\u00f3n complementaria, en donde ambas partes deber\u00e1n integrar m\u00e1s pruebas al caso.<\/p>\n<p>Lo anterior por los hechos ocurrido el 25 de octubre de 2019, d\u00eda en el que se recibi\u00f3 al n\u00famero de emergencias 911 el reporte del hallazgo de una persona del sexo femenino sin vida en el lado del copiloto dentro de un autom\u00f3vil tipo Jetta en la colonia Los Molinos.<\/p>\n<p>Al lugar acudieron peritos de la FGESLP, quienes acordonaron el \u00e1rea para inspeccionarla, logrando recabar indicios, y procedieron al levantamiento del cuerpo para trasladarlo al Servicio M\u00e9dico Legista (semele), en donde se le realiz\u00f3 la necropsia de ley, la cual arroj\u00f3 que la f\u00e9mina ten\u00eda signos de estrangulamiento.<\/p>\n<p>La Polic\u00eda de Investigaci\u00f3n (PDI), contin\u00fao con las indagaciones correspondientes en trabajo de campo, al igual que la recolecci\u00f3n de elementos de pruebas para esclarecer el crimen, teniendo como resultado la identificaci\u00f3n del ahora detenido, por lo que se solicit\u00f3 la orden de aprehensi\u00f3n al Juez de Control.<\/p>\n<p>El mandato fue cumplimentado por polic\u00edas investigadores de la instituci\u00f3n tiempo despu\u00e9s de su emisi\u00f3n, cuando se asegur\u00f3 al sujeto en calles de la zona Centro de la ciudad Capital, en donde se le inform\u00f3 de la orden en su contra por lo que fue puesto a disposici\u00f3n de la autoridad que lo solicita.<\/p>\n<p>El hombre fue llevado al centro de reinserci\u00f3n de La Pila, para continuar con su proceso que hasta el momento lleva los resultados antes mencionados.<\/p>\n","protected":false},"excerpt":{"rendered":"<p>El imputado qued\u00f3 vinculado a proceso y las investigaciones complementarias continuar\u00e1n SLP.- Un individuo se\u00f1alado como el probable responsable de la muerte de una mujer que fue encontrada dentro al interior de un carro en la colonia los Molinos en la ciudad Capital hace unos d\u00edas, fue vinculado a proceso por el delito de feminicidio. [&hellip;]<\/p>\n","protected":false},"author":2,"featured_media":79565,"comment_status":"open","ping_status":"open","sticky":false,"template":"","format":"standard","meta":{"footnotes":""},"categories":[29],"tags":[],"class_list":["post-79564","post","type-post","status-publish","format-standard","has-post-thumbnail","hentry","category-reporte7"],"yoast_head":"<!-- This site is optimized with the Yoast SEO plugin v27.4 - https:\/\/yoast.com\/product\/yoast-seo-wordpress\/ -->\n<title>Obtiene FGE prisi\u00f3n preventiva para hombre por probable feminicidio en Los Molinos - Canal 7 SLP - 2019<\/title>\n<meta name=\"robots\" content=\"index, follow, max-snippet:-1, max-image-preview:large, max-video-preview:-1\" \/>\n<link rel=\"canonical\" href=\"https:\/\/canal7slp.tv\/2019\/obtiene-fge-prision-preventiva-para-hombre-por-probable-feminicidio-en-los-molinos\/\" \/>\n<meta property=\"og:locale\" content=\"es_ES\" \/>\n<meta property=\"og:type\" content=\"article\" \/>\n<meta property=\"og:title\" content=\"Obtiene FGE prisi\u00f3n preventiva para hombre por probable feminicidio en Los Molinos - Canal 7 SLP - 2019\" \/>\n<meta property=\"og:description\" content=\"El imputado qued\u00f3 vinculado a proceso y las investigaciones complementarias continuar\u00e1n SLP.- Un individuo se\u00f1alado como el probable responsable de la muerte de una mujer que fue encontrada dentro al interior de un carro en la colonia los Molinos en la ciudad Capital hace unos d\u00edas, fue vinculado a proceso por el delito de feminicidio. [&hellip;]\" \/>\n<meta property=\"og:url\" content=\"https:\/\/canal7slp.tv\/2019\/obtiene-fge-prision-preventiva-para-hombre-por-probable-feminicidio-en-los-molinos\/\" \/>\n<meta property=\"og:site_name\" content=\"Canal 7 SLP - 2019\" \/>\n<meta property=\"article:publisher\" content=\"https:\/\/www.facebook.com\/CANAL7SLP\/\" \/>\n<meta property=\"article:published_time\" content=\"2019-11-04T22:31:49+00:00\" \/>\n<meta property=\"og:image\" content=\"https:\/\/canal7slp.tv\/2019\/wp-content\/uploads\/2019\/11\/1708.png\" \/>\n\t<meta property=\"og:image:width\" content=\"894\" \/>\n\t<meta property=\"og:image:height\" content=\"558\" \/>\n\t<meta property=\"og:image:type\" content=\"image\/png\" \/>\n<meta name=\"author\" content=\"edicionweb\" \/>\n<meta name=\"twitter:card\" content=\"summary_large_image\" \/>\n<meta name=\"twitter:creator\" content=\"@canal7_slp\" \/>\n<meta name=\"twitter:site\" content=\"@canal7_slp\" \/>\n<meta name=\"twitter:label1\" content=\"Escrito por\" \/>\n\t<meta name=\"twitter:data1\" content=\"edicionweb\" \/>\n\t<meta name=\"twitter:label2\" content=\"Tiempo de lectura\" \/>\n\t<meta name=\"twitter:data2\" content=\"2 minutos\" \/>\n<script type=\"application\/ld+json\" class=\"yoast-schema-graph\">{\"@context\":\"https:\\\/\\\/schema.org\",\"@graph\":[{\"@type\":\"Article\",\"@id\":\"https:\\\/\\\/canal7slp.tv\\\/2019\\\/obtiene-fge-prision-preventiva-para-hombre-por-probable-feminicidio-en-los-molinos\\\/#article\",\"isPartOf\":{\"@id\":\"https:\\\/\\\/canal7slp.tv\\\/2019\\\/obtiene-fge-prision-preventiva-para-hombre-por-probable-feminicidio-en-los-molinos\\\/\"},\"author\":{\"name\":\"edicionweb\",\"@id\":\"https:\\\/\\\/canal7slp.tv\\\/2019\\\/#\\\/schema\\\/person\\\/11d941c1c6ca30ac0a46b95fa37aa2e3\"},\"headline\":\"Obtiene FGE prisi\u00f3n preventiva para hombre por probable feminicidio en Los Molinos\",\"datePublished\":\"2019-11-04T22:31:49+00:00\",\"mainEntityOfPage\":{\"@id\":\"https:\\\/\\\/canal7slp.tv\\\/2019\\\/obtiene-fge-prision-preventiva-para-hombre-por-probable-feminicidio-en-los-molinos\\\/\"},\"wordCount\":441,\"commentCount\":0,\"publisher\":{\"@id\":\"https:\\\/\\\/canal7slp.tv\\\/2019\\\/#organization\"},\"image\":{\"@id\":\"https:\\\/\\\/canal7slp.tv\\\/2019\\\/obtiene-fge-prision-preventiva-para-hombre-por-probable-feminicidio-en-los-molinos\\\/#primaryimage\"},\"thumbnailUrl\":\"https:\\\/\\\/canal7slp.tv\\\/2019\\\/wp-content\\\/uploads\\\/2019\\\/11\\\/1708.png\",\"articleSection\":[\"REPORTE 7\"],\"inLanguage\":\"es\",\"potentialAction\":[{\"@type\":\"CommentAction\",\"name\":\"Comment\",\"target\":[\"https:\\\/\\\/canal7slp.tv\\\/2019\\\/obtiene-fge-prision-preventiva-para-hombre-por-probable-feminicidio-en-los-molinos\\\/#respond\"]}]},{\"@type\":\"WebPage\",\"@id\":\"https:\\\/\\\/canal7slp.tv\\\/2019\\\/obtiene-fge-prision-preventiva-para-hombre-por-probable-feminicidio-en-los-molinos\\\/\",\"url\":\"https:\\\/\\\/canal7slp.tv\\\/2019\\\/obtiene-fge-prision-preventiva-para-hombre-por-probable-feminicidio-en-los-molinos\\\/\",\"name\":\"Obtiene FGE prisi\u00f3n preventiva para hombre por probable feminicidio en Los Molinos - Canal 7 SLP - 2019\",\"isPartOf\":{\"@id\":\"https:\\\/\\\/canal7slp.tv\\\/2019\\\/#website\"},\"primaryImageOfPage\":{\"@id\":\"https:\\\/\\\/canal7slp.tv\\\/2019\\\/obtiene-fge-prision-preventiva-para-hombre-por-probable-feminicidio-en-los-molinos\\\/#primaryimage\"},\"image\":{\"@id\":\"https:\\\/\\\/canal7slp.tv\\\/2019\\\/obtiene-fge-prision-preventiva-para-hombre-por-probable-feminicidio-en-los-molinos\\\/#primaryimage\"},\"thumbnailUrl\":\"https:\\\/\\\/canal7slp.tv\\\/2019\\\/wp-content\\\/uploads\\\/2019\\\/11\\\/1708.png\",\"datePublished\":\"2019-11-04T22:31:49+00:00\",\"breadcrumb\":{\"@id\":\"https:\\\/\\\/canal7slp.tv\\\/2019\\\/obtiene-fge-prision-preventiva-para-hombre-por-probable-feminicidio-en-los-molinos\\\/#breadcrumb\"},\"inLanguage\":\"es\",\"potentialAction\":[{\"@type\":\"ReadAction\",\"target\":[\"https:\\\/\\\/canal7slp.tv\\\/2019\\\/obtiene-fge-prision-preventiva-para-hombre-por-probable-feminicidio-en-los-molinos\\\/\"]}]},{\"@type\":\"ImageObject\",\"inLanguage\":\"es\",\"@id\":\"https:\\\/\\\/canal7slp.tv\\\/2019\\\/obtiene-fge-prision-preventiva-para-hombre-por-probable-feminicidio-en-los-molinos\\\/#primaryimage\",\"url\":\"https:\\\/\\\/canal7slp.tv\\\/2019\\\/wp-content\\\/uploads\\\/2019\\\/11\\\/1708.png\",\"contentUrl\":\"https:\\\/\\\/canal7slp.tv\\\/2019\\\/wp-content\\\/uploads\\\/2019\\\/11\\\/1708.png\",\"width\":894,\"height\":558},{\"@type\":\"BreadcrumbList\",\"@id\":\"https:\\\/\\\/canal7slp.tv\\\/2019\\\/obtiene-fge-prision-preventiva-para-hombre-por-probable-feminicidio-en-los-molinos\\\/#breadcrumb\",\"itemListElement\":[{\"@type\":\"ListItem\",\"position\":1,\"name\":\"Home\",\"item\":\"https:\\\/\\\/canal7slp.tv\\\/2019\\\/\"},{\"@type\":\"ListItem\",\"position\":2,\"name\":\"Obtiene FGE prisi\u00f3n preventiva para hombre por probable feminicidio en Los Molinos\"}]},{\"@type\":\"WebSite\",\"@id\":\"https:\\\/\\\/canal7slp.tv\\\/2019\\\/#website\",\"url\":\"https:\\\/\\\/canal7slp.tv\\\/2019\\\/\",\"name\":\"Canal 7 SLP - Somos TV\",\"description\":\"Somos un Canal de 10\",\"publisher\":{\"@id\":\"https:\\\/\\\/canal7slp.tv\\\/2019\\\/#organization\"},\"potentialAction\":[{\"@type\":\"SearchAction\",\"target\":{\"@type\":\"EntryPoint\",\"urlTemplate\":\"https:\\\/\\\/canal7slp.tv\\\/2019\\\/?s={search_term_string}\"},\"query-input\":{\"@type\":\"PropertyValueSpecification\",\"valueRequired\":true,\"valueName\":\"search_term_string\"}}],\"inLanguage\":\"es\"},{\"@type\":\"Organization\",\"@id\":\"https:\\\/\\\/canal7slp.tv\\\/2019\\\/#organization\",\"name\":\"Comunicaci\u00f3n 2000 S.A. de C.V.\",\"url\":\"https:\\\/\\\/canal7slp.tv\\\/2019\\\/\",\"logo\":{\"@type\":\"ImageObject\",\"inLanguage\":\"es\",\"@id\":\"https:\\\/\\\/canal7slp.tv\\\/2019\\\/#\\\/schema\\\/logo\\\/image\\\/\",\"url\":\"https:\\\/\\\/canal7slp.tv\\\/2019\\\/wp-content\\\/uploads\\\/2019\\\/07\\\/logo-c7.png\",\"contentUrl\":\"https:\\\/\\\/canal7slp.tv\\\/2019\\\/wp-content\\\/uploads\\\/2019\\\/07\\\/logo-c7.png\",\"width\":220,\"height\":60,\"caption\":\"Comunicaci\u00f3n 2000 S.A. de C.V.\"},\"image\":{\"@id\":\"https:\\\/\\\/canal7slp.tv\\\/2019\\\/#\\\/schema\\\/logo\\\/image\\\/\"},\"sameAs\":[\"https:\\\/\\\/www.facebook.com\\\/CANAL7SLP\\\/\",\"https:\\\/\\\/x.com\\\/canal7_slp\",\"https:\\\/\\\/www.instagram.com\\\/canal7_slp\",\"https:\\\/\\\/www.youtube.com\\\/user\\\/NOTICIEROSCANAL7SLP\\\/\"]},{\"@type\":\"Person\",\"@id\":\"https:\\\/\\\/canal7slp.tv\\\/2019\\\/#\\\/schema\\\/person\\\/11d941c1c6ca30ac0a46b95fa37aa2e3\",\"name\":\"edicionweb\",\"image\":{\"@type\":\"ImageObject\",\"inLanguage\":\"es\",\"@id\":\"https:\\\/\\\/secure.gravatar.com\\\/avatar\\\/eee448fc3f7164808013b816ba91ac7e43bbe82a70bebac296f8bc6f0addaa1a?s=96&d=mm&r=g\",\"url\":\"https:\\\/\\\/secure.gravatar.com\\\/avatar\\\/eee448fc3f7164808013b816ba91ac7e43bbe82a70bebac296f8bc6f0addaa1a?s=96&d=mm&r=g\",\"contentUrl\":\"https:\\\/\\\/secure.gravatar.com\\\/avatar\\\/eee448fc3f7164808013b816ba91ac7e43bbe82a70bebac296f8bc6f0addaa1a?s=96&d=mm&r=g\",\"caption\":\"edicionweb\"}}]}<\/script>\n<!-- \/ Yoast SEO plugin. -->","yoast_head_json":{"title":"Obtiene FGE prisi\u00f3n preventiva para hombre por probable feminicidio en Los Molinos - Canal 7 SLP - 2019","robots":{"index":"index","follow":"follow","max-snippet":"max-snippet:-1","max-image-preview":"max-image-preview:large","max-video-preview":"max-video-preview:-1"},"canonical":"https:\/\/canal7slp.tv\/2019\/obtiene-fge-prision-preventiva-para-hombre-por-probable-feminicidio-en-los-molinos\/","og_locale":"es_ES","og_type":"article","og_title":"Obtiene FGE prisi\u00f3n preventiva para hombre por probable feminicidio en Los Molinos - Canal 7 SLP - 2019","og_description":"El imputado qued\u00f3 vinculado a proceso y las investigaciones complementarias continuar\u00e1n SLP.- Un individuo se\u00f1alado como el probable responsable de la muerte de una mujer que fue encontrada dentro al interior de un carro en la colonia los Molinos en la ciudad Capital hace unos d\u00edas, fue vinculado a proceso por el delito de feminicidio. [&hellip;]","og_url":"https:\/\/canal7slp.tv\/2019\/obtiene-fge-prision-preventiva-para-hombre-por-probable-feminicidio-en-los-molinos\/","og_site_name":"Canal 7 SLP - 2019","article_publisher":"https:\/\/www.facebook.com\/CANAL7SLP\/","article_published_time":"2019-11-04T22:31:49+00:00","og_image":[{"width":894,"height":558,"url":"https:\/\/canal7slp.tv\/2019\/wp-content\/uploads\/2019\/11\/1708.png","type":"image\/png"}],"author":"edicionweb","twitter_card":"summary_large_image","twitter_creator":"@canal7_slp","twitter_site":"@canal7_slp","twitter_misc":{"Escrito por":"edicionweb","Tiempo de lectura":"2 minutos"},"schema":{"@context":"https:\/\/schema.org","@graph":[{"@type":"Article","@id":"https:\/\/canal7slp.tv\/2019\/obtiene-fge-prision-preventiva-para-hombre-por-probable-feminicidio-en-los-molinos\/#article","isPartOf":{"@id":"https:\/\/canal7slp.tv\/2019\/obtiene-fge-prision-preventiva-para-hombre-por-probable-feminicidio-en-los-molinos\/"},"author":{"name":"edicionweb","@id":"https:\/\/canal7slp.tv\/2019\/#\/schema\/person\/11d941c1c6ca30ac0a46b95fa37aa2e3"},"headline":"Obtiene FGE prisi\u00f3n preventiva para hombre por probable feminicidio en Los Molinos","datePublished":"2019-11-04T22:31:49+00:00","mainEntityOfPage":{"@id":"https:\/\/canal7slp.tv\/2019\/obtiene-fge-prision-preventiva-para-hombre-por-probable-feminicidio-en-los-molinos\/"},"wordCount":441,"commentCount":0,"publisher":{"@id":"https:\/\/canal7slp.tv\/2019\/#organization"},"image":{"@id":"https:\/\/canal7slp.tv\/2019\/obtiene-fge-prision-preventiva-para-hombre-por-probable-feminicidio-en-los-molinos\/#primaryimage"},"thumbnailUrl":"https:\/\/canal7slp.tv\/2019\/wp-content\/uploads\/2019\/11\/1708.png","articleSection":["REPORTE 7"],"inLanguage":"es","potentialAction":[{"@type":"CommentAction","name":"Comment","target":["https:\/\/canal7slp.tv\/2019\/obtiene-fge-prision-preventiva-para-hombre-por-probable-feminicidio-en-los-molinos\/#respond"]}]},{"@type":"WebPage","@id":"https:\/\/canal7slp.tv\/2019\/obtiene-fge-prision-preventiva-para-hombre-por-probable-feminicidio-en-los-molinos\/","url":"https:\/\/canal7slp.tv\/2019\/obtiene-fge-prision-preventiva-para-hombre-por-probable-feminicidio-en-los-molinos\/","name":"Obtiene FGE prisi\u00f3n preventiva para hombre por probable feminicidio en Los Molinos - Canal 7 SLP - 2019","isPartOf":{"@id":"https:\/\/canal7slp.tv\/2019\/#website"},"primaryImageOfPage":{"@id":"https:\/\/canal7slp.tv\/2019\/obtiene-fge-prision-preventiva-para-hombre-por-probable-feminicidio-en-los-molinos\/#primaryimage"},"image":{"@id":"https:\/\/canal7slp.tv\/2019\/obtiene-fge-prision-preventiva-para-hombre-por-probable-feminicidio-en-los-molinos\/#primaryimage"},"thumbnailUrl":"https:\/\/canal7slp.tv\/2019\/wp-content\/uploads\/2019\/11\/1708.png","datePublished":"2019-11-04T22:31:49+00:00","breadcrumb":{"@id":"https:\/\/canal7slp.tv\/2019\/obtiene-fge-prision-preventiva-para-hombre-por-probable-feminicidio-en-los-molinos\/#breadcrumb"},"inLanguage":"es","potentialAction":[{"@type":"ReadAction","target":["https:\/\/canal7slp.tv\/2019\/obtiene-fge-prision-preventiva-para-hombre-por-probable-feminicidio-en-los-molinos\/"]}]},{"@type":"ImageObject","inLanguage":"es","@id":"https:\/\/canal7slp.tv\/2019\/obtiene-fge-prision-preventiva-para-hombre-por-probable-feminicidio-en-los-molinos\/#primaryimage","url":"https:\/\/canal7slp.tv\/2019\/wp-content\/uploads\/2019\/11\/1708.png","contentUrl":"https:\/\/canal7slp.tv\/2019\/wp-content\/uploads\/2019\/11\/1708.png","width":894,"height":558},{"@type":"BreadcrumbList","@id":"https:\/\/canal7slp.tv\/2019\/obtiene-fge-prision-preventiva-para-hombre-por-probable-feminicidio-en-los-molinos\/#breadcrumb","itemListElement":[{"@type":"ListItem","position":1,"name":"Home","item":"https:\/\/canal7slp.tv\/2019\/"},{"@type":"ListItem","position":2,"name":"Obtiene FGE prisi\u00f3n preventiva para hombre por probable feminicidio en Los Molinos"}]},{"@type":"WebSite","@id":"https:\/\/canal7slp.tv\/2019\/#website","url":"https:\/\/canal7slp.tv\/2019\/","name":"Canal 7 SLP - Somos TV","description":"Somos un Canal de 10","publisher":{"@id":"https:\/\/canal7slp.tv\/2019\/#organization"},"potentialAction":[{"@type":"SearchAction","target":{"@type":"EntryPoint","urlTemplate":"https:\/\/canal7slp.tv\/2019\/?s={search_term_string}"},"query-input":{"@type":"PropertyValueSpecification","valueRequired":true,"valueName":"search_term_string"}}],"inLanguage":"es"},{"@type":"Organization","@id":"https:\/\/canal7slp.tv\/2019\/#organization","name":"Comunicaci\u00f3n 2000 S.A. de C.V.","url":"https:\/\/canal7slp.tv\/2019\/","logo":{"@type":"ImageObject","inLanguage":"es","@id":"https:\/\/canal7slp.tv\/2019\/#\/schema\/logo\/image\/","url":"https:\/\/canal7slp.tv\/2019\/wp-content\/uploads\/2019\/07\/logo-c7.png","contentUrl":"https:\/\/canal7slp.tv\/2019\/wp-content\/uploads\/2019\/07\/logo-c7.png","width":220,"height":60,"caption":"Comunicaci\u00f3n 2000 S.A. de C.V."},"image":{"@id":"https:\/\/canal7slp.tv\/2019\/#\/schema\/logo\/image\/"},"sameAs":["https:\/\/www.facebook.com\/CANAL7SLP\/","https:\/\/x.com\/canal7_slp","https:\/\/www.instagram.com\/canal7_slp","https:\/\/www.youtube.com\/user\/NOTICIEROSCANAL7SLP\/"]},{"@type":"Person","@id":"https:\/\/canal7slp.tv\/2019\/#\/schema\/person\/11d941c1c6ca30ac0a46b95fa37aa2e3","name":"edicionweb","image":{"@type":"ImageObject","inLanguage":"es","@id":"https:\/\/secure.gravatar.com\/avatar\/eee448fc3f7164808013b816ba91ac7e43bbe82a70bebac296f8bc6f0addaa1a?s=96&d=mm&r=g","url":"https:\/\/secure.gravatar.com\/avatar\/eee448fc3f7164808013b816ba91ac7e43bbe82a70bebac296f8bc6f0addaa1a?s=96&d=mm&r=g","contentUrl":"https:\/\/secure.gravatar.com\/avatar\/eee448fc3f7164808013b816ba91ac7e43bbe82a70bebac296f8bc6f0addaa1a?s=96&d=mm&r=g","caption":"edicionweb"}}]}},"amp_enabled":true,"cmb2":{"video_ids_in_playlist":{"vid_p_videos":""},"video_ids_in_channel":{"vid_c_videos":""},"playlist_ids_in_channel":{"vid_c_playlists":""},"series_ids_in_channel":{"vid_c_series":""},"channel_images":{"vid_c_logo":"","vid_c_banner":""},"poster_feature_image":{"vid_m_poster_image":""},"gif_feature_image":{"vid_m_gif_image":""},"video_movie_settings":{"vid_m_director":"","vid_m_actor":"","vid_m_imdb_ratings":"","vid_m_amazon_associates":""},"vid_youtube_broadcasts_settings":{"vid_yb_broadcast_title":"","vid_yb_q":"","vid_yb_channelid":"","vid_yb_videocategoryid":"","vid_yb_maxresults":"","vid_yb_order":"","vid_yb_regioncode":"","vid_yb_videosyndicated":"","vid_yb_style":"","vid_yb_reload_first":""},"video_series_settings":{"vid_m_director":"","vid_m_actor":"","vid_m_imdb_ratings":"","video_series_group":""},"amazon_associates_settings":{"amazon_associates":"","amazon_native_ad":""},"vid_youtube_automatic_settings":{"vid_ya_youtube_source":"","vid_ya_update_every":"","vid_ya_update_unit":"","vid_ya_categories":"","vid_ya_published_after":"","vid_ya_published_before":"","vid_ya_playlists":"","vid_ya_channels":"","vid_ya_director":"","vid_ya_actor":"","vid_ya_author":"","vid_ya_import_post_date":"","vid_ya_status":"","vid_ya_sub_api_key":""},"vid_ads_m_videoads_settings_post":{"vid_ads_m_video_ads":"","vid_ads_m_video_ads_type":"","vid_ads_m_group_google_ima":"","vid_ads_m_group_image":"","vid_ads_m_group_html5_video":"","vid_ads_m_group_html":"","vid_ads_m_vast_preroll":"","vid_ads_m_vast_postroll":"","vid_ads_m_vast_pauseroll":"","vid_ads_m_vast_midroll":[{"vid_ads_m_vast_timer_seconds":"50"}],"vid_ads_m_time_to_show_ads":"","vid_ads_m_time_skip_ads":"","vid_ads_m_time_to_hide_ads":""},"page_slider_settings":{"display_slider_group":"","page_slider_group":""},"blog_page_settings":{"blog_page_title":"","blog_page_heading":"","blog_page_ic":"","blog_page_it":"","blog_page_ec":"","blog_page_ip":"","archive_loop_style":"","blog_image_ratio":"","blog_show_categories":"","blog_show_excerpt":"","blog_show_author":"","blog_show_date":"","blog_show_comment_count":"","blog_show_view_count":"","blog_show_like_count":"","blog_show_dislike_count":"","blog_items_per_page":"","blog_pag_type":""},"page_options":{"get_page_template":"","color_mode":"","main_layout":"","main_layout_full_with":"","main_logo":"","main_logo_retina":"","main_logo_mobile":"","main_logo_mobile_retina":"","sticky_logo":"","sticky_logo_retina":"","main_nav_layout":"","ajax_search":"","header_background":"","theme_sidebar":"","instagram_feed":"","instagram_feed_position":"","popular_videos":"","popular_videos_title_1":"","popular_videos_title_2":"","popular_videos_ic":"","popular_videos_it":"","theme_background":"","page_custom_css":""},"feature_image_settings":{"feature_image_position":""},"video_player_settings":{"single_video_style":"","video_player_position":"","vm_video_url":"","video_player_library":"","video_streaming":"","vm_media_sources":"","vid_auto_play":"","vm_video_shortcode":"","vid_p_sync_playlist":"","vid_c_sync_channel":"","get_post_format":"","multiple_links_structure":"default","multi_links_title":"","vm_video_multi_links":"","vm_duration":"","vid_social_locker":"off","vid_social_locker_id":"","vid_membership_action":"content-video","vm_video_trailer_url":"","vid_download_type":"free","vid_download_target":"download","vid_woo_product":"","vm_media_download":"","user_rating":"","user_rating_position":"","user_rating_mode":"","user_rating_multi_sets":""},"video_auto_fetch_settings":{"vm_video_fetch":"on"},"video_fake_views_likes":{"vm_fake_views":"","vm_fake_likes":"","vm_fake_dislikes":""},"gallery_settings":{"gallery_position":""},"quote_settings":{"quote_position":""},"post_options":{"main_layout":"","main_logo":"","main_logo_retina":"","main_logo_mobile":"","main_logo_mobile_retina":"","sticky_logo":"","sticky_logo_retina":"","main_nav_layout":"","header_background":"","theme_sidebar":"","single_post_comment_type":"","theme_background":""}},"_links":{"self":[{"href":"https:\/\/canal7slp.tv\/2019\/wp-json\/wp\/v2\/posts\/79564","targetHints":{"allow":["GET"]}}],"collection":[{"href":"https:\/\/canal7slp.tv\/2019\/wp-json\/wp\/v2\/posts"}],"about":[{"href":"https:\/\/canal7slp.tv\/2019\/wp-json\/wp\/v2\/types\/post"}],"author":[{"embeddable":true,"href":"https:\/\/canal7slp.tv\/2019\/wp-json\/wp\/v2\/users\/2"}],"replies":[{"embeddable":true,"href":"https:\/\/canal7slp.tv\/2019\/wp-json\/wp\/v2\/comments?post=79564"}],"version-history":[{"count":0,"href":"https:\/\/canal7slp.tv\/2019\/wp-json\/wp\/v2\/posts\/79564\/revisions"}],"wp:featuredmedia":[{"embeddable":true,"href":"https:\/\/canal7slp.tv\/2019\/wp-json\/wp\/v2\/media\/79565"}],"wp:attachment":[{"href":"https:\/\/canal7slp.tv\/2019\/wp-json\/wp\/v2\/media?parent=79564"}],"wp:term":[{"taxonomy":"category","embeddable":true,"href":"https:\/\/canal7slp.tv\/2019\/wp-json\/wp\/v2\/categories?post=79564"},{"taxonomy":"post_tag","embeddable":true,"href":"https:\/\/canal7slp.tv\/2019\/wp-json\/wp\/v2\/tags?post=79564"}],"curies":[{"name":"wp","href":"https:\/\/api.w.org\/{rel}","templated":true}]}}