{"id":79333,"date":"2019-11-03T14:30:53","date_gmt":"2019-11-03T20:30:53","guid":{"rendered":"https:\/\/canal7slp.tv\/2019\/?p=79333"},"modified":"2019-11-03T14:30:53","modified_gmt":"2019-11-03T20:30:53","slug":"boris-johnson-lamenta-haber-incumplido-el-plazo-del-brexit","status":"publish","type":"post","link":"https:\/\/canal7slp.tv\/2019\/boris-johnson-lamenta-haber-incumplido-el-plazo-del-brexit\/","title":{"rendered":"Boris Johnson lamenta haber incumplido el plazo del Brexit"},"content":{"rendered":"<ul>\n<li style=\"text-align: justify\">El plan del mandatario de abandonar la UE el 31 de octubre con o sin acuerdo de divorcio se vio bloqueado por el Parlamento brit\u00e1nico<\/li>\n<\/ul>\n<p style=\"text-align: justify\">Londres.- La campa\u00f1a para las elecciones brit\u00e1nicas empez\u00f3 a calentarse el domingo antes de su anuncio oficial, cuando el primer ministro brit\u00e1nico, Boris Johnson, dijo que se disculpar\u00eda ante los conservadores por no haber sacado al pa\u00eds de la Uni\u00f3n Europea para el 31 de octubre, y el l\u00edder del Partido Brexit, Nigel Farage, anunciando que no optar\u00eda a un esca\u00f1o en el Parlamento.<\/p>\n<p style=\"text-align: justify\">Johnson bas\u00f3 su campa\u00f1a en las primarias del Partido Conservador, que le llevaron al poder en julio, en su promesa de que el pa\u00eds saldr\u00eda de la UE el 31 de octubre.<\/p>\n<p style=\"text-align: justify\">No haberlo conseguido, se\u00f1al\u00f3 a Sky News, le produce un \u201cprofundo arrepentimiento\u201d. Cuando se le pregunt\u00f3 si sent\u00eda haber incumplido el plazo, Johnson dijo \u201cS\u00ed, desde luego\u201d.<\/p>\n<p style=\"text-align: justify\">El plan del mandatario de abandonar la UE el 31 de octubre con o sin acuerdo de divorcio se vio bloqueado por el Parlamento brit\u00e1nico, que le oblig\u00f3 a pedir un aplazamiento.<\/p>\n<p style=\"text-align: justify\">Completar el Brexit en el plazo anterior era la base de su campa\u00f1a en las primarias del partido, que le llevaron al poder en julio. La UE acept\u00f3 una pr\u00f3rroga en el Brexit hasta el 31 de enero.<\/p>\n<p style=\"text-align: justify\">Johnson hizo mucha presi\u00f3n para conseguir unas elecciones nacionales el 12 de diciembre, con las que espera conseguir un Parlamento m\u00e1s partidario del Brexit.<\/p>\n<p style=\"text-align: justify\">Uno de sus rivales pol\u00edticos, Nigel Farage, del Partido del Brexit, ha presionado para aliar a su partido monotem\u00e1tico en una coalici\u00f3n con los conservadores de Johnson para los comicios de diciembre. Sin embargo, el primer ministro ha rechazado la oferta. Los dos partidos compiten por los votantes partidarios de abandonar la UE.<\/p>\n<p style=\"text-align: justify\">Farage ha prometido que su partido luchar\u00e1 contra los conservadores por todos los esca\u00f1os en Inglaterra, Escocia y Gales a menos que Johnson retire su acuerdo con la UE, que Farage y su partido consideran peor que un Brexit &#8220;duro&#8221; sin salida negociada.<\/p>\n<p style=\"text-align: justify\">Farage dijo el domingo a la BBC que puede &#8220;servir a la causa del Brexit&#8221; mejor si viaja por todo el pa\u00eds para apoyar a los 600 candidatos, en lugar de buscar un esca\u00f1o para \u00e9l.<\/p>\n<p style=\"text-align: justify\">&#8220;No quiero pasar el resto de mi vida en pol\u00edtica&#8221;, dijo.<\/p>\n<p style=\"text-align: justify\">Farage ha fracasado en sus intentos anteriores de conseguir un esca\u00f1o en el Parlamento brit\u00e1nico, aunque hace tiempo que es miembro del Parlamento Europeo, desde donde ha criticado a la UE.<\/p>\n<p style=\"text-align: justify\">En sus declaraciones del domingo dijo que era dif\u00edcil apoyar a los candidatos del partido en todo el pa\u00eds al mismo tiempo que intentaba ganar en un distrito.<\/p>\n<p style=\"text-align: justify\">Los 46 millones posibles votantes brit\u00e1nicos decidir\u00e1n en las elecciones del 12 de diciembre qui\u00e9n ocupa cada uno de los 650 esca\u00f1os de la C\u00e1mara de los Comunes. Aunque los conservadores tienen una amplia ventaja en la mayor\u00eda de los sondeos, los analistas se\u00f1alan que la votaci\u00f3n es impredecible porque las diferencias en torno al Brexit cruzan las l\u00edneas tradicionales por partidos.<\/p>\n<p style=\"text-align: justify\">El opositor Partido Laborista, de centroizquierda, intenta centrar la campa\u00f1a en asuntos nacionales al margen del Brexit como escuelas, sanidad y la desigualdad econ\u00f3mica. Los laboristas son vulnerables en cuanto al Brexit porque el asunto divide al partido.<\/p>\n<p style=\"text-align: justify\">Por su parte, los Liberaldem\u00f3cratas, centristas, quieren cancelar la salida de la UE e intentan seducir a los partidarios de la UE procedentes de los dos grandes partidos, en las grandes ciudades brit\u00e1nicas y poblaciones universitarias.<\/p>\n","protected":false},"excerpt":{"rendered":"<p>El plan del mandatario de abandonar la UE el 31 de octubre con o sin acuerdo de divorcio se vio bloqueado por el Parlamento brit\u00e1nico Londres.- La campa\u00f1a para las elecciones brit\u00e1nicas empez\u00f3 a calentarse el domingo antes de su anuncio oficial, cuando el primer ministro brit\u00e1nico, Boris Johnson, dijo que se disculpar\u00eda ante los [&hellip;]<\/p>\n","protected":false},"author":2,"featured_media":79334,"comment_status":"open","ping_status":"open","sticky":false,"template":"","format":"standard","meta":{"footnotes":""},"categories":[18],"tags":[],"class_list":["post-79333","post","type-post","status-publish","format-standard","has-post-thumbnail","hentry","category-internacional"],"yoast_head":"<!-- This site is optimized with the Yoast SEO plugin v27.5 - https:\/\/yoast.com\/product\/yoast-seo-wordpress\/ -->\n<title>Boris Johnson lamenta haber incumplido el plazo del Brexit - Canal 7 SLP - 2019<\/title>\n<meta name=\"robots\" content=\"index, follow, max-snippet:-1, max-image-preview:large, max-video-preview:-1\" \/>\n<link rel=\"canonical\" href=\"https:\/\/canal7slp.tv\/2019\/boris-johnson-lamenta-haber-incumplido-el-plazo-del-brexit\/\" \/>\n<meta property=\"og:locale\" content=\"es_ES\" \/>\n<meta property=\"og:type\" content=\"article\" \/>\n<meta property=\"og:title\" content=\"Boris Johnson lamenta haber incumplido el plazo del Brexit - Canal 7 SLP - 2019\" \/>\n<meta property=\"og:description\" content=\"El plan del mandatario de abandonar la UE el 31 de octubre con o sin acuerdo de divorcio se vio bloqueado por el Parlamento brit\u00e1nico Londres.- La campa\u00f1a para las elecciones brit\u00e1nicas empez\u00f3 a calentarse el domingo antes de su anuncio oficial, cuando el primer ministro brit\u00e1nico, Boris Johnson, dijo que se disculpar\u00eda ante los [&hellip;]\" \/>\n<meta property=\"og:url\" content=\"https:\/\/canal7slp.tv\/2019\/boris-johnson-lamenta-haber-incumplido-el-plazo-del-brexit\/\" \/>\n<meta property=\"og:site_name\" content=\"Canal 7 SLP - 2019\" \/>\n<meta property=\"article:publisher\" content=\"https:\/\/www.facebook.com\/CANAL7SLP\/\" \/>\n<meta property=\"article:published_time\" content=\"2019-11-03T20:30:53+00:00\" \/>\n<meta property=\"og:image\" content=\"https:\/\/canal7slp.tv\/2019\/wp-content\/uploads\/2019\/11\/1530-2.jpg\" \/>\n\t<meta property=\"og:image:width\" content=\"770\" \/>\n\t<meta property=\"og:image:height\" content=\"485\" \/>\n\t<meta property=\"og:image:type\" content=\"image\/jpeg\" \/>\n<meta name=\"author\" content=\"edicionweb\" \/>\n<meta name=\"twitter:card\" content=\"summary_large_image\" \/>\n<meta name=\"twitter:creator\" content=\"@canal7_slp\" \/>\n<meta name=\"twitter:site\" content=\"@canal7_slp\" \/>\n<meta name=\"twitter:label1\" content=\"Escrito por\" \/>\n\t<meta name=\"twitter:data1\" content=\"edicionweb\" \/>\n\t<meta name=\"twitter:label2\" content=\"Tiempo de lectura\" \/>\n\t<meta name=\"twitter:data2\" content=\"3 minutos\" \/>\n<script type=\"application\/ld+json\" class=\"yoast-schema-graph\">{\"@context\":\"https:\\\/\\\/schema.org\",\"@graph\":[{\"@type\":\"Article\",\"@id\":\"https:\\\/\\\/canal7slp.tv\\\/2019\\\/boris-johnson-lamenta-haber-incumplido-el-plazo-del-brexit\\\/#article\",\"isPartOf\":{\"@id\":\"https:\\\/\\\/canal7slp.tv\\\/2019\\\/boris-johnson-lamenta-haber-incumplido-el-plazo-del-brexit\\\/\"},\"author\":{\"name\":\"edicionweb\",\"@id\":\"https:\\\/\\\/canal7slp.tv\\\/2019\\\/#\\\/schema\\\/person\\\/11d941c1c6ca30ac0a46b95fa37aa2e3\"},\"headline\":\"Boris Johnson lamenta haber incumplido el plazo del Brexit\",\"datePublished\":\"2019-11-03T20:30:53+00:00\",\"mainEntityOfPage\":{\"@id\":\"https:\\\/\\\/canal7slp.tv\\\/2019\\\/boris-johnson-lamenta-haber-incumplido-el-plazo-del-brexit\\\/\"},\"wordCount\":624,\"commentCount\":0,\"publisher\":{\"@id\":\"https:\\\/\\\/canal7slp.tv\\\/2019\\\/#organization\"},\"image\":{\"@id\":\"https:\\\/\\\/canal7slp.tv\\\/2019\\\/boris-johnson-lamenta-haber-incumplido-el-plazo-del-brexit\\\/#primaryimage\"},\"thumbnailUrl\":\"https:\\\/\\\/canal7slp.tv\\\/2019\\\/wp-content\\\/uploads\\\/2019\\\/11\\\/1530-2.jpg\",\"articleSection\":[\"INTERNACIONAL\"],\"inLanguage\":\"es\",\"potentialAction\":[{\"@type\":\"CommentAction\",\"name\":\"Comment\",\"target\":[\"https:\\\/\\\/canal7slp.tv\\\/2019\\\/boris-johnson-lamenta-haber-incumplido-el-plazo-del-brexit\\\/#respond\"]}]},{\"@type\":\"WebPage\",\"@id\":\"https:\\\/\\\/canal7slp.tv\\\/2019\\\/boris-johnson-lamenta-haber-incumplido-el-plazo-del-brexit\\\/\",\"url\":\"https:\\\/\\\/canal7slp.tv\\\/2019\\\/boris-johnson-lamenta-haber-incumplido-el-plazo-del-brexit\\\/\",\"name\":\"Boris Johnson lamenta haber incumplido el plazo del Brexit - Canal 7 SLP - 2019\",\"isPartOf\":{\"@id\":\"https:\\\/\\\/canal7slp.tv\\\/2019\\\/#website\"},\"primaryImageOfPage\":{\"@id\":\"https:\\\/\\\/canal7slp.tv\\\/2019\\\/boris-johnson-lamenta-haber-incumplido-el-plazo-del-brexit\\\/#primaryimage\"},\"image\":{\"@id\":\"https:\\\/\\\/canal7slp.tv\\\/2019\\\/boris-johnson-lamenta-haber-incumplido-el-plazo-del-brexit\\\/#primaryimage\"},\"thumbnailUrl\":\"https:\\\/\\\/canal7slp.tv\\\/2019\\\/wp-content\\\/uploads\\\/2019\\\/11\\\/1530-2.jpg\",\"datePublished\":\"2019-11-03T20:30:53+00:00\",\"breadcrumb\":{\"@id\":\"https:\\\/\\\/canal7slp.tv\\\/2019\\\/boris-johnson-lamenta-haber-incumplido-el-plazo-del-brexit\\\/#breadcrumb\"},\"inLanguage\":\"es\",\"potentialAction\":[{\"@type\":\"ReadAction\",\"target\":[\"https:\\\/\\\/canal7slp.tv\\\/2019\\\/boris-johnson-lamenta-haber-incumplido-el-plazo-del-brexit\\\/\"]}]},{\"@type\":\"ImageObject\",\"inLanguage\":\"es\",\"@id\":\"https:\\\/\\\/canal7slp.tv\\\/2019\\\/boris-johnson-lamenta-haber-incumplido-el-plazo-del-brexit\\\/#primaryimage\",\"url\":\"https:\\\/\\\/canal7slp.tv\\\/2019\\\/wp-content\\\/uploads\\\/2019\\\/11\\\/1530-2.jpg\",\"contentUrl\":\"https:\\\/\\\/canal7slp.tv\\\/2019\\\/wp-content\\\/uploads\\\/2019\\\/11\\\/1530-2.jpg\",\"width\":770,\"height\":485},{\"@type\":\"BreadcrumbList\",\"@id\":\"https:\\\/\\\/canal7slp.tv\\\/2019\\\/boris-johnson-lamenta-haber-incumplido-el-plazo-del-brexit\\\/#breadcrumb\",\"itemListElement\":[{\"@type\":\"ListItem\",\"position\":1,\"name\":\"Home\",\"item\":\"https:\\\/\\\/canal7slp.tv\\\/2019\\\/\"},{\"@type\":\"ListItem\",\"position\":2,\"name\":\"Boris Johnson lamenta haber incumplido el plazo del Brexit\"}]},{\"@type\":\"WebSite\",\"@id\":\"https:\\\/\\\/canal7slp.tv\\\/2019\\\/#website\",\"url\":\"https:\\\/\\\/canal7slp.tv\\\/2019\\\/\",\"name\":\"Canal 7 SLP - Somos TV\",\"description\":\"Somos un Canal de 10\",\"publisher\":{\"@id\":\"https:\\\/\\\/canal7slp.tv\\\/2019\\\/#organization\"},\"potentialAction\":[{\"@type\":\"SearchAction\",\"target\":{\"@type\":\"EntryPoint\",\"urlTemplate\":\"https:\\\/\\\/canal7slp.tv\\\/2019\\\/?s={search_term_string}\"},\"query-input\":{\"@type\":\"PropertyValueSpecification\",\"valueRequired\":true,\"valueName\":\"search_term_string\"}}],\"inLanguage\":\"es\"},{\"@type\":\"Organization\",\"@id\":\"https:\\\/\\\/canal7slp.tv\\\/2019\\\/#organization\",\"name\":\"Comunicaci\u00f3n 2000 S.A. de C.V.\",\"url\":\"https:\\\/\\\/canal7slp.tv\\\/2019\\\/\",\"logo\":{\"@type\":\"ImageObject\",\"inLanguage\":\"es\",\"@id\":\"https:\\\/\\\/canal7slp.tv\\\/2019\\\/#\\\/schema\\\/logo\\\/image\\\/\",\"url\":\"https:\\\/\\\/canal7slp.tv\\\/2019\\\/wp-content\\\/uploads\\\/2019\\\/07\\\/logo-c7.png\",\"contentUrl\":\"https:\\\/\\\/canal7slp.tv\\\/2019\\\/wp-content\\\/uploads\\\/2019\\\/07\\\/logo-c7.png\",\"width\":220,\"height\":60,\"caption\":\"Comunicaci\u00f3n 2000 S.A. de C.V.\"},\"image\":{\"@id\":\"https:\\\/\\\/canal7slp.tv\\\/2019\\\/#\\\/schema\\\/logo\\\/image\\\/\"},\"sameAs\":[\"https:\\\/\\\/www.facebook.com\\\/CANAL7SLP\\\/\",\"https:\\\/\\\/x.com\\\/canal7_slp\",\"https:\\\/\\\/www.instagram.com\\\/canal7_slp\",\"https:\\\/\\\/www.youtube.com\\\/user\\\/NOTICIEROSCANAL7SLP\\\/\"]},{\"@type\":\"Person\",\"@id\":\"https:\\\/\\\/canal7slp.tv\\\/2019\\\/#\\\/schema\\\/person\\\/11d941c1c6ca30ac0a46b95fa37aa2e3\",\"name\":\"edicionweb\",\"image\":{\"@type\":\"ImageObject\",\"inLanguage\":\"es\",\"@id\":\"https:\\\/\\\/secure.gravatar.com\\\/avatar\\\/eee448fc3f7164808013b816ba91ac7e43bbe82a70bebac296f8bc6f0addaa1a?s=96&d=mm&r=g\",\"url\":\"https:\\\/\\\/secure.gravatar.com\\\/avatar\\\/eee448fc3f7164808013b816ba91ac7e43bbe82a70bebac296f8bc6f0addaa1a?s=96&d=mm&r=g\",\"contentUrl\":\"https:\\\/\\\/secure.gravatar.com\\\/avatar\\\/eee448fc3f7164808013b816ba91ac7e43bbe82a70bebac296f8bc6f0addaa1a?s=96&d=mm&r=g\",\"caption\":\"edicionweb\"}}]}<\/script>\n<!-- \/ Yoast SEO plugin. -->","yoast_head_json":{"title":"Boris Johnson lamenta haber incumplido el plazo del Brexit - Canal 7 SLP - 2019","robots":{"index":"index","follow":"follow","max-snippet":"max-snippet:-1","max-image-preview":"max-image-preview:large","max-video-preview":"max-video-preview:-1"},"canonical":"https:\/\/canal7slp.tv\/2019\/boris-johnson-lamenta-haber-incumplido-el-plazo-del-brexit\/","og_locale":"es_ES","og_type":"article","og_title":"Boris Johnson lamenta haber incumplido el plazo del Brexit - Canal 7 SLP - 2019","og_description":"El plan del mandatario de abandonar la UE el 31 de octubre con o sin acuerdo de divorcio se vio bloqueado por el Parlamento brit\u00e1nico Londres.- La campa\u00f1a para las elecciones brit\u00e1nicas empez\u00f3 a calentarse el domingo antes de su anuncio oficial, cuando el primer ministro brit\u00e1nico, Boris Johnson, dijo que se disculpar\u00eda ante los [&hellip;]","og_url":"https:\/\/canal7slp.tv\/2019\/boris-johnson-lamenta-haber-incumplido-el-plazo-del-brexit\/","og_site_name":"Canal 7 SLP - 2019","article_publisher":"https:\/\/www.facebook.com\/CANAL7SLP\/","article_published_time":"2019-11-03T20:30:53+00:00","og_image":[{"width":770,"height":485,"url":"https:\/\/canal7slp.tv\/2019\/wp-content\/uploads\/2019\/11\/1530-2.jpg","type":"image\/jpeg"}],"author":"edicionweb","twitter_card":"summary_large_image","twitter_creator":"@canal7_slp","twitter_site":"@canal7_slp","twitter_misc":{"Escrito por":"edicionweb","Tiempo de lectura":"3 minutos"},"schema":{"@context":"https:\/\/schema.org","@graph":[{"@type":"Article","@id":"https:\/\/canal7slp.tv\/2019\/boris-johnson-lamenta-haber-incumplido-el-plazo-del-brexit\/#article","isPartOf":{"@id":"https:\/\/canal7slp.tv\/2019\/boris-johnson-lamenta-haber-incumplido-el-plazo-del-brexit\/"},"author":{"name":"edicionweb","@id":"https:\/\/canal7slp.tv\/2019\/#\/schema\/person\/11d941c1c6ca30ac0a46b95fa37aa2e3"},"headline":"Boris Johnson lamenta haber incumplido el plazo del Brexit","datePublished":"2019-11-03T20:30:53+00:00","mainEntityOfPage":{"@id":"https:\/\/canal7slp.tv\/2019\/boris-johnson-lamenta-haber-incumplido-el-plazo-del-brexit\/"},"wordCount":624,"commentCount":0,"publisher":{"@id":"https:\/\/canal7slp.tv\/2019\/#organization"},"image":{"@id":"https:\/\/canal7slp.tv\/2019\/boris-johnson-lamenta-haber-incumplido-el-plazo-del-brexit\/#primaryimage"},"thumbnailUrl":"https:\/\/canal7slp.tv\/2019\/wp-content\/uploads\/2019\/11\/1530-2.jpg","articleSection":["INTERNACIONAL"],"inLanguage":"es","potentialAction":[{"@type":"CommentAction","name":"Comment","target":["https:\/\/canal7slp.tv\/2019\/boris-johnson-lamenta-haber-incumplido-el-plazo-del-brexit\/#respond"]}]},{"@type":"WebPage","@id":"https:\/\/canal7slp.tv\/2019\/boris-johnson-lamenta-haber-incumplido-el-plazo-del-brexit\/","url":"https:\/\/canal7slp.tv\/2019\/boris-johnson-lamenta-haber-incumplido-el-plazo-del-brexit\/","name":"Boris Johnson lamenta haber incumplido el plazo del Brexit - Canal 7 SLP - 2019","isPartOf":{"@id":"https:\/\/canal7slp.tv\/2019\/#website"},"primaryImageOfPage":{"@id":"https:\/\/canal7slp.tv\/2019\/boris-johnson-lamenta-haber-incumplido-el-plazo-del-brexit\/#primaryimage"},"image":{"@id":"https:\/\/canal7slp.tv\/2019\/boris-johnson-lamenta-haber-incumplido-el-plazo-del-brexit\/#primaryimage"},"thumbnailUrl":"https:\/\/canal7slp.tv\/2019\/wp-content\/uploads\/2019\/11\/1530-2.jpg","datePublished":"2019-11-03T20:30:53+00:00","breadcrumb":{"@id":"https:\/\/canal7slp.tv\/2019\/boris-johnson-lamenta-haber-incumplido-el-plazo-del-brexit\/#breadcrumb"},"inLanguage":"es","potentialAction":[{"@type":"ReadAction","target":["https:\/\/canal7slp.tv\/2019\/boris-johnson-lamenta-haber-incumplido-el-plazo-del-brexit\/"]}]},{"@type":"ImageObject","inLanguage":"es","@id":"https:\/\/canal7slp.tv\/2019\/boris-johnson-lamenta-haber-incumplido-el-plazo-del-brexit\/#primaryimage","url":"https:\/\/canal7slp.tv\/2019\/wp-content\/uploads\/2019\/11\/1530-2.jpg","contentUrl":"https:\/\/canal7slp.tv\/2019\/wp-content\/uploads\/2019\/11\/1530-2.jpg","width":770,"height":485},{"@type":"BreadcrumbList","@id":"https:\/\/canal7slp.tv\/2019\/boris-johnson-lamenta-haber-incumplido-el-plazo-del-brexit\/#breadcrumb","itemListElement":[{"@type":"ListItem","position":1,"name":"Home","item":"https:\/\/canal7slp.tv\/2019\/"},{"@type":"ListItem","position":2,"name":"Boris Johnson lamenta haber incumplido el plazo del Brexit"}]},{"@type":"WebSite","@id":"https:\/\/canal7slp.tv\/2019\/#website","url":"https:\/\/canal7slp.tv\/2019\/","name":"Canal 7 SLP - Somos TV","description":"Somos un Canal de 10","publisher":{"@id":"https:\/\/canal7slp.tv\/2019\/#organization"},"potentialAction":[{"@type":"SearchAction","target":{"@type":"EntryPoint","urlTemplate":"https:\/\/canal7slp.tv\/2019\/?s={search_term_string}"},"query-input":{"@type":"PropertyValueSpecification","valueRequired":true,"valueName":"search_term_string"}}],"inLanguage":"es"},{"@type":"Organization","@id":"https:\/\/canal7slp.tv\/2019\/#organization","name":"Comunicaci\u00f3n 2000 S.A. de C.V.","url":"https:\/\/canal7slp.tv\/2019\/","logo":{"@type":"ImageObject","inLanguage":"es","@id":"https:\/\/canal7slp.tv\/2019\/#\/schema\/logo\/image\/","url":"https:\/\/canal7slp.tv\/2019\/wp-content\/uploads\/2019\/07\/logo-c7.png","contentUrl":"https:\/\/canal7slp.tv\/2019\/wp-content\/uploads\/2019\/07\/logo-c7.png","width":220,"height":60,"caption":"Comunicaci\u00f3n 2000 S.A. de C.V."},"image":{"@id":"https:\/\/canal7slp.tv\/2019\/#\/schema\/logo\/image\/"},"sameAs":["https:\/\/www.facebook.com\/CANAL7SLP\/","https:\/\/x.com\/canal7_slp","https:\/\/www.instagram.com\/canal7_slp","https:\/\/www.youtube.com\/user\/NOTICIEROSCANAL7SLP\/"]},{"@type":"Person","@id":"https:\/\/canal7slp.tv\/2019\/#\/schema\/person\/11d941c1c6ca30ac0a46b95fa37aa2e3","name":"edicionweb","image":{"@type":"ImageObject","inLanguage":"es","@id":"https:\/\/secure.gravatar.com\/avatar\/eee448fc3f7164808013b816ba91ac7e43bbe82a70bebac296f8bc6f0addaa1a?s=96&d=mm&r=g","url":"https:\/\/secure.gravatar.com\/avatar\/eee448fc3f7164808013b816ba91ac7e43bbe82a70bebac296f8bc6f0addaa1a?s=96&d=mm&r=g","contentUrl":"https:\/\/secure.gravatar.com\/avatar\/eee448fc3f7164808013b816ba91ac7e43bbe82a70bebac296f8bc6f0addaa1a?s=96&d=mm&r=g","caption":"edicionweb"}}]}},"amp_enabled":true,"cmb2":{"video_ids_in_playlist":{"vid_p_videos":""},"video_ids_in_channel":{"vid_c_videos":""},"playlist_ids_in_channel":{"vid_c_playlists":""},"series_ids_in_channel":{"vid_c_series":""},"channel_images":{"vid_c_logo":"","vid_c_banner":""},"poster_feature_image":{"vid_m_poster_image":""},"gif_feature_image":{"vid_m_gif_image":""},"video_movie_settings":{"vid_m_director":"","vid_m_actor":"","vid_m_imdb_ratings":"","vid_m_amazon_associates":""},"vid_youtube_broadcasts_settings":{"vid_yb_broadcast_title":"","vid_yb_q":"","vid_yb_channelid":"","vid_yb_videocategoryid":"","vid_yb_maxresults":"","vid_yb_order":"","vid_yb_regioncode":"","vid_yb_videosyndicated":"","vid_yb_style":"","vid_yb_reload_first":""},"video_series_settings":{"vid_m_director":"","vid_m_actor":"","vid_m_imdb_ratings":"","video_series_group":""},"amazon_associates_settings":{"amazon_associates":"","amazon_native_ad":""},"vid_youtube_automatic_settings":{"vid_ya_youtube_source":"","vid_ya_update_every":"","vid_ya_update_unit":"","vid_ya_categories":"","vid_ya_published_after":"","vid_ya_published_before":"","vid_ya_playlists":"","vid_ya_channels":"","vid_ya_director":"","vid_ya_actor":"","vid_ya_author":"","vid_ya_import_post_date":"","vid_ya_status":"","vid_ya_sub_api_key":""},"vid_ads_m_videoads_settings_post":{"vid_ads_m_video_ads":"","vid_ads_m_video_ads_type":"","vid_ads_m_group_google_ima":"","vid_ads_m_group_image":"","vid_ads_m_group_html5_video":"","vid_ads_m_group_html":"","vid_ads_m_vast_preroll":"","vid_ads_m_vast_postroll":"","vid_ads_m_vast_pauseroll":"","vid_ads_m_vast_midroll":[{"vid_ads_m_vast_timer_seconds":"50"}],"vid_ads_m_time_to_show_ads":"","vid_ads_m_time_skip_ads":"","vid_ads_m_time_to_hide_ads":""},"page_slider_settings":{"display_slider_group":"","page_slider_group":""},"blog_page_settings":{"blog_page_title":"","blog_page_heading":"","blog_page_ic":"","blog_page_it":"","blog_page_ec":"","blog_page_ip":"","archive_loop_style":"","blog_image_ratio":"","blog_show_categories":"","blog_show_excerpt":"","blog_show_author":"","blog_show_date":"","blog_show_comment_count":"","blog_show_view_count":"","blog_show_like_count":"","blog_show_dislike_count":"","blog_items_per_page":"","blog_pag_type":""},"page_options":{"get_page_template":"","color_mode":"","main_layout":"","main_layout_full_with":"","main_logo":"","main_logo_retina":"","main_logo_mobile":"","main_logo_mobile_retina":"","sticky_logo":"","sticky_logo_retina":"","main_nav_layout":"","ajax_search":"","header_background":"","theme_sidebar":"","instagram_feed":"","instagram_feed_position":"","popular_videos":"","popular_videos_title_1":"","popular_videos_title_2":"","popular_videos_ic":"","popular_videos_it":"","theme_background":"","page_custom_css":""},"feature_image_settings":{"feature_image_position":""},"video_player_settings":{"single_video_style":"","video_player_position":"","vm_video_url":"","video_player_library":"","video_streaming":"","vm_media_sources":"","vid_auto_play":"","vm_video_shortcode":"","vid_p_sync_playlist":"","vid_c_sync_channel":"","get_post_format":"","multiple_links_structure":"default","multi_links_title":"","vm_video_multi_links":"","vm_duration":"","vid_social_locker":"off","vid_social_locker_id":"","vid_membership_action":"content-video","vm_video_trailer_url":"","vid_download_type":"free","vid_download_target":"download","vid_woo_product":"","vm_media_download":"","user_rating":"","user_rating_position":"","user_rating_mode":"","user_rating_multi_sets":""},"video_auto_fetch_settings":{"vm_video_fetch":"on"},"video_fake_views_likes":{"vm_fake_views":"","vm_fake_likes":"","vm_fake_dislikes":""},"gallery_settings":{"gallery_position":""},"quote_settings":{"quote_position":""},"post_options":{"main_layout":"","main_logo":"","main_logo_retina":"","main_logo_mobile":"","main_logo_mobile_retina":"","sticky_logo":"","sticky_logo_retina":"","main_nav_layout":"","header_background":"","theme_sidebar":"","single_post_comment_type":"","theme_background":""}},"_links":{"self":[{"href":"https:\/\/canal7slp.tv\/2019\/wp-json\/wp\/v2\/posts\/79333","targetHints":{"allow":["GET"]}}],"collection":[{"href":"https:\/\/canal7slp.tv\/2019\/wp-json\/wp\/v2\/posts"}],"about":[{"href":"https:\/\/canal7slp.tv\/2019\/wp-json\/wp\/v2\/types\/post"}],"author":[{"embeddable":true,"href":"https:\/\/canal7slp.tv\/2019\/wp-json\/wp\/v2\/users\/2"}],"replies":[{"embeddable":true,"href":"https:\/\/canal7slp.tv\/2019\/wp-json\/wp\/v2\/comments?post=79333"}],"version-history":[{"count":0,"href":"https:\/\/canal7slp.tv\/2019\/wp-json\/wp\/v2\/posts\/79333\/revisions"}],"wp:featuredmedia":[{"embeddable":true,"href":"https:\/\/canal7slp.tv\/2019\/wp-json\/wp\/v2\/media\/79334"}],"wp:attachment":[{"href":"https:\/\/canal7slp.tv\/2019\/wp-json\/wp\/v2\/media?parent=79333"}],"wp:term":[{"taxonomy":"category","embeddable":true,"href":"https:\/\/canal7slp.tv\/2019\/wp-json\/wp\/v2\/categories?post=79333"},{"taxonomy":"post_tag","embeddable":true,"href":"https:\/\/canal7slp.tv\/2019\/wp-json\/wp\/v2\/tags?post=79333"}],"curies":[{"name":"wp","href":"https:\/\/api.w.org\/{rel}","templated":true}]}}