{"id":79185,"date":"2019-11-02T10:11:47","date_gmt":"2019-11-02T16:11:47","guid":{"rendered":"https:\/\/canal7slp.tv\/2019\/?p=79185"},"modified":"2019-11-02T10:11:47","modified_gmt":"2019-11-02T16:11:47","slug":"a-subasta-seis-casas-de-el-chapo-una-fue-de-la-mama-de-ovidio","status":"publish","type":"post","link":"https:\/\/canal7slp.tv\/2019\/a-subasta-seis-casas-de-el-chapo-una-fue-de-la-mama-de-ovidio\/","title":{"rendered":"A subasta seis casas de &#8220;El Chapo&#8221;; una fue de la mam\u00e1 de Ovidio"},"content":{"rendered":"<ul>\n<li style=\"text-align: justify\">Autoridades federales informan que el evento tendr\u00e1 lugar el pr\u00f3ximo 10 de noviembre en Los Pinos<\/li>\n<\/ul>\n<p style=\"text-align: justify\">M\u00e9xico.- El gobierno federal subastar\u00e1 seis casas incautadas al capo Joaqu\u00edn &#8220;El Chapo&#8221; Guzm\u00e1n Loera, preso en Estados Unidos, y una que al parecer perteneci\u00f3 a Griselda L\u00f3pez, su ex esposa y madre de Ovidio Guzm\u00e1n.<\/p>\n<p style=\"text-align: justify\">Las viviendas fueron utilizadas por el l\u00edder del C\u00e1rtel de Sinaloa para refugiarse de los operativos de las fuerzas federales; el pr\u00f3ximo 10 de noviembre se llevar\u00e1 a cabo la subasta en Los Pinos.<\/p>\n<p style=\"text-align: justify\">Entre las casas que ser\u00e1n ofertadas por el Instituto para Devolverle al Pueblo lo Robado, se encuentra la de la calle R\u00edo Humaya 130, Colonia Guadalupe, Culiac\u00e1n, en la que Guzm\u00e1n Loera se refugi\u00f3 antes de ser recapturado en febrero de 2014 por la Marina Armada.<\/p>\n<p style=\"text-align: justify\">Es de dos niveles y tiene un precio de salida de dos millones de pesos, sin IVA. Incluye menaje de casa.<\/p>\n<p style=\"text-align: justify\">Otro de los inmuebles, es el de Constituyentes Emiliano Garc\u00eda 1811, en Culiac\u00e1n, del que el narcotraficante logr\u00f3 escapar de un operativo militar: es de un nivel y su precio de salida es de 2.4 millones de pesos.<\/p>\n<p style=\"text-align: justify\">La casa que presuntamente perteneci\u00f3 a Griselda L\u00f3pez se encuentra en Cerro de la Siete Gotas 642, tambi\u00e9n la capital sinaloense, y cuenta con tres niveles y un precio de salida de 11.2 millones de pesos.<\/p>\n<p style=\"text-align: justify\">Otra de las casas que ser\u00e1n ofertadas se encuentran en las siguientes direcciones: Puerto de Veracruz 1647, colonia Vallado Nuevo; Constituyente Enrique Colunga 1825, colonia Libertad y Javier Mina 1126, en el fraccionamiento Los Pinos.<\/p>\n<p style=\"text-align: justify\">El director del Instituto para Devolverle al Pueblo lo Robado, Ricardo Rodr\u00edguez inform\u00f3 que 45 lotes, entre casas, autos y relojes, con un valor de salida de 32.5 millones de pesos, ser\u00e1n subastados con el objetivo de recolectar dinero para bandas musicales de ni\u00f1os y ni\u00f1as de Oaxaca.<\/p>\n<p style=\"text-align: justify\">Entre lo que se podr\u00e1 comprar est\u00e1n 24 veh\u00edculos de dos tipos diferentes: unos de gama alta, pero antiguos (Mustang, Jaguar y Mercedes y otros m\u00e1s nuevos e igual de lujo). Los carros tienen un precio de salida de 1.8 millones de pesos.<\/p>\n<p style=\"text-align: justify\">Tambi\u00e9n se subastar\u00e1n dos embarcaciones con un precio de salida de 22 millones de pesos. Estos bienes sirven para transportar combustible o mercanc\u00eda, seg\u00fan refiri\u00f3 Ricardo Rodr\u00edguez.<\/p>\n<p style=\"text-align: justify\">Asimismo, habr\u00e1 diez relojes con un valor hasta 50 por ciento menor al que se encuentra en el mercado regular.<\/p>\n<p style=\"text-align: justify\">De igual forma hay nueve bienes inmuebles, algunos ubicados en Sinaloa. Algunas de estas casas habitaciones o terrenos en construcci\u00f3n tienen un precio de salida de un mill\u00f3n 200 mil pesos y hasta 11 millones de pesos.<\/p>\n<p style=\"text-align: justify\">Seg\u00fan Ricardo Rodr\u00edguez, esta ser\u00e1 una venta especial porque servir\u00e1 para celebrar que ya se aprob\u00f3 el cambio del nombre del Servicio de Administraci\u00f3n y Enajenaci\u00f3n de Bienes (SAE) a &#8220;Instituto para Devolverle al Pueblo lo Robado&#8221;.<\/p>\n","protected":false},"excerpt":{"rendered":"<p>Autoridades federales informan que el evento tendr\u00e1 lugar el pr\u00f3ximo 10 de noviembre en Los Pinos M\u00e9xico.- El gobierno federal subastar\u00e1 seis casas incautadas al capo Joaqu\u00edn &#8220;El Chapo&#8221; Guzm\u00e1n Loera, preso en Estados Unidos, y una que al parecer perteneci\u00f3 a Griselda L\u00f3pez, su ex esposa y madre de Ovidio Guzm\u00e1n. Las viviendas fueron [&hellip;]<\/p>\n","protected":false},"author":2,"featured_media":79186,"comment_status":"open","ping_status":"open","sticky":false,"template":"","format":"standard","meta":{"footnotes":""},"categories":[30],"tags":[],"class_list":["post-79185","post","type-post","status-publish","format-standard","has-post-thumbnail","hentry","category-nacional"],"yoast_head":"<!-- This site is optimized with the Yoast SEO plugin v27.5 - https:\/\/yoast.com\/product\/yoast-seo-wordpress\/ -->\n<title>A subasta seis casas de &quot;El Chapo&quot;; una fue de la mam\u00e1 de Ovidio - Canal 7 SLP - 2019<\/title>\n<meta name=\"robots\" content=\"index, follow, max-snippet:-1, max-image-preview:large, max-video-preview:-1\" \/>\n<link rel=\"canonical\" href=\"https:\/\/canal7slp.tv\/2019\/a-subasta-seis-casas-de-el-chapo-una-fue-de-la-mama-de-ovidio\/\" \/>\n<meta property=\"og:locale\" content=\"es_ES\" \/>\n<meta property=\"og:type\" content=\"article\" \/>\n<meta property=\"og:title\" content=\"A subasta seis casas de &quot;El Chapo&quot;; una fue de la mam\u00e1 de Ovidio - Canal 7 SLP - 2019\" \/>\n<meta property=\"og:description\" content=\"Autoridades federales informan que el evento tendr\u00e1 lugar el pr\u00f3ximo 10 de noviembre en Los Pinos M\u00e9xico.- El gobierno federal subastar\u00e1 seis casas incautadas al capo Joaqu\u00edn &#8220;El Chapo&#8221; Guzm\u00e1n Loera, preso en Estados Unidos, y una que al parecer perteneci\u00f3 a Griselda L\u00f3pez, su ex esposa y madre de Ovidio Guzm\u00e1n. Las viviendas fueron [&hellip;]\" \/>\n<meta property=\"og:url\" content=\"https:\/\/canal7slp.tv\/2019\/a-subasta-seis-casas-de-el-chapo-una-fue-de-la-mama-de-ovidio\/\" \/>\n<meta property=\"og:site_name\" content=\"Canal 7 SLP - 2019\" \/>\n<meta property=\"article:publisher\" content=\"https:\/\/www.facebook.com\/CANAL7SLP\/\" \/>\n<meta property=\"article:published_time\" content=\"2019-11-02T16:11:47+00:00\" \/>\n<meta property=\"og:image\" content=\"https:\/\/canal7slp.tv\/2019\/wp-content\/uploads\/2019\/11\/1030.jpg\" \/>\n\t<meta property=\"og:image:width\" content=\"958\" \/>\n\t<meta property=\"og:image:height\" content=\"596\" \/>\n\t<meta property=\"og:image:type\" content=\"image\/jpeg\" \/>\n<meta name=\"author\" content=\"edicionweb\" \/>\n<meta name=\"twitter:card\" content=\"summary_large_image\" \/>\n<meta name=\"twitter:creator\" content=\"@canal7_slp\" \/>\n<meta name=\"twitter:site\" content=\"@canal7_slp\" \/>\n<meta name=\"twitter:label1\" content=\"Escrito por\" \/>\n\t<meta name=\"twitter:data1\" content=\"edicionweb\" \/>\n\t<meta name=\"twitter:label2\" content=\"Tiempo de lectura\" \/>\n\t<meta name=\"twitter:data2\" content=\"2 minutos\" \/>\n<script type=\"application\/ld+json\" class=\"yoast-schema-graph\">{\"@context\":\"https:\\\/\\\/schema.org\",\"@graph\":[{\"@type\":\"Article\",\"@id\":\"https:\\\/\\\/canal7slp.tv\\\/2019\\\/a-subasta-seis-casas-de-el-chapo-una-fue-de-la-mama-de-ovidio\\\/#article\",\"isPartOf\":{\"@id\":\"https:\\\/\\\/canal7slp.tv\\\/2019\\\/a-subasta-seis-casas-de-el-chapo-una-fue-de-la-mama-de-ovidio\\\/\"},\"author\":{\"name\":\"edicionweb\",\"@id\":\"https:\\\/\\\/canal7slp.tv\\\/2019\\\/#\\\/schema\\\/person\\\/11d941c1c6ca30ac0a46b95fa37aa2e3\"},\"headline\":\"A subasta seis casas de &#8220;El Chapo&#8221;; una fue de la mam\u00e1 de Ovidio\",\"datePublished\":\"2019-11-02T16:11:47+00:00\",\"mainEntityOfPage\":{\"@id\":\"https:\\\/\\\/canal7slp.tv\\\/2019\\\/a-subasta-seis-casas-de-el-chapo-una-fue-de-la-mama-de-ovidio\\\/\"},\"wordCount\":506,\"commentCount\":0,\"publisher\":{\"@id\":\"https:\\\/\\\/canal7slp.tv\\\/2019\\\/#organization\"},\"image\":{\"@id\":\"https:\\\/\\\/canal7slp.tv\\\/2019\\\/a-subasta-seis-casas-de-el-chapo-una-fue-de-la-mama-de-ovidio\\\/#primaryimage\"},\"thumbnailUrl\":\"https:\\\/\\\/canal7slp.tv\\\/2019\\\/wp-content\\\/uploads\\\/2019\\\/11\\\/1030.jpg\",\"articleSection\":[\"NACIONAL\"],\"inLanguage\":\"es\",\"potentialAction\":[{\"@type\":\"CommentAction\",\"name\":\"Comment\",\"target\":[\"https:\\\/\\\/canal7slp.tv\\\/2019\\\/a-subasta-seis-casas-de-el-chapo-una-fue-de-la-mama-de-ovidio\\\/#respond\"]}]},{\"@type\":\"WebPage\",\"@id\":\"https:\\\/\\\/canal7slp.tv\\\/2019\\\/a-subasta-seis-casas-de-el-chapo-una-fue-de-la-mama-de-ovidio\\\/\",\"url\":\"https:\\\/\\\/canal7slp.tv\\\/2019\\\/a-subasta-seis-casas-de-el-chapo-una-fue-de-la-mama-de-ovidio\\\/\",\"name\":\"A subasta seis casas de \\\"El Chapo\\\"; una fue de la mam\u00e1 de Ovidio - Canal 7 SLP - 2019\",\"isPartOf\":{\"@id\":\"https:\\\/\\\/canal7slp.tv\\\/2019\\\/#website\"},\"primaryImageOfPage\":{\"@id\":\"https:\\\/\\\/canal7slp.tv\\\/2019\\\/a-subasta-seis-casas-de-el-chapo-una-fue-de-la-mama-de-ovidio\\\/#primaryimage\"},\"image\":{\"@id\":\"https:\\\/\\\/canal7slp.tv\\\/2019\\\/a-subasta-seis-casas-de-el-chapo-una-fue-de-la-mama-de-ovidio\\\/#primaryimage\"},\"thumbnailUrl\":\"https:\\\/\\\/canal7slp.tv\\\/2019\\\/wp-content\\\/uploads\\\/2019\\\/11\\\/1030.jpg\",\"datePublished\":\"2019-11-02T16:11:47+00:00\",\"breadcrumb\":{\"@id\":\"https:\\\/\\\/canal7slp.tv\\\/2019\\\/a-subasta-seis-casas-de-el-chapo-una-fue-de-la-mama-de-ovidio\\\/#breadcrumb\"},\"inLanguage\":\"es\",\"potentialAction\":[{\"@type\":\"ReadAction\",\"target\":[\"https:\\\/\\\/canal7slp.tv\\\/2019\\\/a-subasta-seis-casas-de-el-chapo-una-fue-de-la-mama-de-ovidio\\\/\"]}]},{\"@type\":\"ImageObject\",\"inLanguage\":\"es\",\"@id\":\"https:\\\/\\\/canal7slp.tv\\\/2019\\\/a-subasta-seis-casas-de-el-chapo-una-fue-de-la-mama-de-ovidio\\\/#primaryimage\",\"url\":\"https:\\\/\\\/canal7slp.tv\\\/2019\\\/wp-content\\\/uploads\\\/2019\\\/11\\\/1030.jpg\",\"contentUrl\":\"https:\\\/\\\/canal7slp.tv\\\/2019\\\/wp-content\\\/uploads\\\/2019\\\/11\\\/1030.jpg\",\"width\":958,\"height\":596},{\"@type\":\"BreadcrumbList\",\"@id\":\"https:\\\/\\\/canal7slp.tv\\\/2019\\\/a-subasta-seis-casas-de-el-chapo-una-fue-de-la-mama-de-ovidio\\\/#breadcrumb\",\"itemListElement\":[{\"@type\":\"ListItem\",\"position\":1,\"name\":\"Home\",\"item\":\"https:\\\/\\\/canal7slp.tv\\\/2019\\\/\"},{\"@type\":\"ListItem\",\"position\":2,\"name\":\"A subasta seis casas de &#8220;El Chapo&#8221;; una fue de la mam\u00e1 de Ovidio\"}]},{\"@type\":\"WebSite\",\"@id\":\"https:\\\/\\\/canal7slp.tv\\\/2019\\\/#website\",\"url\":\"https:\\\/\\\/canal7slp.tv\\\/2019\\\/\",\"name\":\"Canal 7 SLP - Somos TV\",\"description\":\"Somos un Canal de 10\",\"publisher\":{\"@id\":\"https:\\\/\\\/canal7slp.tv\\\/2019\\\/#organization\"},\"potentialAction\":[{\"@type\":\"SearchAction\",\"target\":{\"@type\":\"EntryPoint\",\"urlTemplate\":\"https:\\\/\\\/canal7slp.tv\\\/2019\\\/?s={search_term_string}\"},\"query-input\":{\"@type\":\"PropertyValueSpecification\",\"valueRequired\":true,\"valueName\":\"search_term_string\"}}],\"inLanguage\":\"es\"},{\"@type\":\"Organization\",\"@id\":\"https:\\\/\\\/canal7slp.tv\\\/2019\\\/#organization\",\"name\":\"Comunicaci\u00f3n 2000 S.A. de C.V.\",\"url\":\"https:\\\/\\\/canal7slp.tv\\\/2019\\\/\",\"logo\":{\"@type\":\"ImageObject\",\"inLanguage\":\"es\",\"@id\":\"https:\\\/\\\/canal7slp.tv\\\/2019\\\/#\\\/schema\\\/logo\\\/image\\\/\",\"url\":\"https:\\\/\\\/canal7slp.tv\\\/2019\\\/wp-content\\\/uploads\\\/2019\\\/07\\\/logo-c7.png\",\"contentUrl\":\"https:\\\/\\\/canal7slp.tv\\\/2019\\\/wp-content\\\/uploads\\\/2019\\\/07\\\/logo-c7.png\",\"width\":220,\"height\":60,\"caption\":\"Comunicaci\u00f3n 2000 S.A. de C.V.\"},\"image\":{\"@id\":\"https:\\\/\\\/canal7slp.tv\\\/2019\\\/#\\\/schema\\\/logo\\\/image\\\/\"},\"sameAs\":[\"https:\\\/\\\/www.facebook.com\\\/CANAL7SLP\\\/\",\"https:\\\/\\\/x.com\\\/canal7_slp\",\"https:\\\/\\\/www.instagram.com\\\/canal7_slp\",\"https:\\\/\\\/www.youtube.com\\\/user\\\/NOTICIEROSCANAL7SLP\\\/\"]},{\"@type\":\"Person\",\"@id\":\"https:\\\/\\\/canal7slp.tv\\\/2019\\\/#\\\/schema\\\/person\\\/11d941c1c6ca30ac0a46b95fa37aa2e3\",\"name\":\"edicionweb\",\"image\":{\"@type\":\"ImageObject\",\"inLanguage\":\"es\",\"@id\":\"https:\\\/\\\/secure.gravatar.com\\\/avatar\\\/eee448fc3f7164808013b816ba91ac7e43bbe82a70bebac296f8bc6f0addaa1a?s=96&d=mm&r=g\",\"url\":\"https:\\\/\\\/secure.gravatar.com\\\/avatar\\\/eee448fc3f7164808013b816ba91ac7e43bbe82a70bebac296f8bc6f0addaa1a?s=96&d=mm&r=g\",\"contentUrl\":\"https:\\\/\\\/secure.gravatar.com\\\/avatar\\\/eee448fc3f7164808013b816ba91ac7e43bbe82a70bebac296f8bc6f0addaa1a?s=96&d=mm&r=g\",\"caption\":\"edicionweb\"}}]}<\/script>\n<!-- \/ Yoast SEO plugin. -->","yoast_head_json":{"title":"A subasta seis casas de \"El Chapo\"; una fue de la mam\u00e1 de Ovidio - Canal 7 SLP - 2019","robots":{"index":"index","follow":"follow","max-snippet":"max-snippet:-1","max-image-preview":"max-image-preview:large","max-video-preview":"max-video-preview:-1"},"canonical":"https:\/\/canal7slp.tv\/2019\/a-subasta-seis-casas-de-el-chapo-una-fue-de-la-mama-de-ovidio\/","og_locale":"es_ES","og_type":"article","og_title":"A subasta seis casas de \"El Chapo\"; una fue de la mam\u00e1 de Ovidio - Canal 7 SLP - 2019","og_description":"Autoridades federales informan que el evento tendr\u00e1 lugar el pr\u00f3ximo 10 de noviembre en Los Pinos M\u00e9xico.- El gobierno federal subastar\u00e1 seis casas incautadas al capo Joaqu\u00edn &#8220;El Chapo&#8221; Guzm\u00e1n Loera, preso en Estados Unidos, y una que al parecer perteneci\u00f3 a Griselda L\u00f3pez, su ex esposa y madre de Ovidio Guzm\u00e1n. Las viviendas fueron [&hellip;]","og_url":"https:\/\/canal7slp.tv\/2019\/a-subasta-seis-casas-de-el-chapo-una-fue-de-la-mama-de-ovidio\/","og_site_name":"Canal 7 SLP - 2019","article_publisher":"https:\/\/www.facebook.com\/CANAL7SLP\/","article_published_time":"2019-11-02T16:11:47+00:00","og_image":[{"width":958,"height":596,"url":"https:\/\/canal7slp.tv\/2019\/wp-content\/uploads\/2019\/11\/1030.jpg","type":"image\/jpeg"}],"author":"edicionweb","twitter_card":"summary_large_image","twitter_creator":"@canal7_slp","twitter_site":"@canal7_slp","twitter_misc":{"Escrito por":"edicionweb","Tiempo de lectura":"2 minutos"},"schema":{"@context":"https:\/\/schema.org","@graph":[{"@type":"Article","@id":"https:\/\/canal7slp.tv\/2019\/a-subasta-seis-casas-de-el-chapo-una-fue-de-la-mama-de-ovidio\/#article","isPartOf":{"@id":"https:\/\/canal7slp.tv\/2019\/a-subasta-seis-casas-de-el-chapo-una-fue-de-la-mama-de-ovidio\/"},"author":{"name":"edicionweb","@id":"https:\/\/canal7slp.tv\/2019\/#\/schema\/person\/11d941c1c6ca30ac0a46b95fa37aa2e3"},"headline":"A subasta seis casas de &#8220;El Chapo&#8221;; una fue de la mam\u00e1 de Ovidio","datePublished":"2019-11-02T16:11:47+00:00","mainEntityOfPage":{"@id":"https:\/\/canal7slp.tv\/2019\/a-subasta-seis-casas-de-el-chapo-una-fue-de-la-mama-de-ovidio\/"},"wordCount":506,"commentCount":0,"publisher":{"@id":"https:\/\/canal7slp.tv\/2019\/#organization"},"image":{"@id":"https:\/\/canal7slp.tv\/2019\/a-subasta-seis-casas-de-el-chapo-una-fue-de-la-mama-de-ovidio\/#primaryimage"},"thumbnailUrl":"https:\/\/canal7slp.tv\/2019\/wp-content\/uploads\/2019\/11\/1030.jpg","articleSection":["NACIONAL"],"inLanguage":"es","potentialAction":[{"@type":"CommentAction","name":"Comment","target":["https:\/\/canal7slp.tv\/2019\/a-subasta-seis-casas-de-el-chapo-una-fue-de-la-mama-de-ovidio\/#respond"]}]},{"@type":"WebPage","@id":"https:\/\/canal7slp.tv\/2019\/a-subasta-seis-casas-de-el-chapo-una-fue-de-la-mama-de-ovidio\/","url":"https:\/\/canal7slp.tv\/2019\/a-subasta-seis-casas-de-el-chapo-una-fue-de-la-mama-de-ovidio\/","name":"A subasta seis casas de \"El Chapo\"; una fue de la mam\u00e1 de Ovidio - Canal 7 SLP - 2019","isPartOf":{"@id":"https:\/\/canal7slp.tv\/2019\/#website"},"primaryImageOfPage":{"@id":"https:\/\/canal7slp.tv\/2019\/a-subasta-seis-casas-de-el-chapo-una-fue-de-la-mama-de-ovidio\/#primaryimage"},"image":{"@id":"https:\/\/canal7slp.tv\/2019\/a-subasta-seis-casas-de-el-chapo-una-fue-de-la-mama-de-ovidio\/#primaryimage"},"thumbnailUrl":"https:\/\/canal7slp.tv\/2019\/wp-content\/uploads\/2019\/11\/1030.jpg","datePublished":"2019-11-02T16:11:47+00:00","breadcrumb":{"@id":"https:\/\/canal7slp.tv\/2019\/a-subasta-seis-casas-de-el-chapo-una-fue-de-la-mama-de-ovidio\/#breadcrumb"},"inLanguage":"es","potentialAction":[{"@type":"ReadAction","target":["https:\/\/canal7slp.tv\/2019\/a-subasta-seis-casas-de-el-chapo-una-fue-de-la-mama-de-ovidio\/"]}]},{"@type":"ImageObject","inLanguage":"es","@id":"https:\/\/canal7slp.tv\/2019\/a-subasta-seis-casas-de-el-chapo-una-fue-de-la-mama-de-ovidio\/#primaryimage","url":"https:\/\/canal7slp.tv\/2019\/wp-content\/uploads\/2019\/11\/1030.jpg","contentUrl":"https:\/\/canal7slp.tv\/2019\/wp-content\/uploads\/2019\/11\/1030.jpg","width":958,"height":596},{"@type":"BreadcrumbList","@id":"https:\/\/canal7slp.tv\/2019\/a-subasta-seis-casas-de-el-chapo-una-fue-de-la-mama-de-ovidio\/#breadcrumb","itemListElement":[{"@type":"ListItem","position":1,"name":"Home","item":"https:\/\/canal7slp.tv\/2019\/"},{"@type":"ListItem","position":2,"name":"A subasta seis casas de &#8220;El Chapo&#8221;; una fue de la mam\u00e1 de Ovidio"}]},{"@type":"WebSite","@id":"https:\/\/canal7slp.tv\/2019\/#website","url":"https:\/\/canal7slp.tv\/2019\/","name":"Canal 7 SLP - Somos TV","description":"Somos un Canal de 10","publisher":{"@id":"https:\/\/canal7slp.tv\/2019\/#organization"},"potentialAction":[{"@type":"SearchAction","target":{"@type":"EntryPoint","urlTemplate":"https:\/\/canal7slp.tv\/2019\/?s={search_term_string}"},"query-input":{"@type":"PropertyValueSpecification","valueRequired":true,"valueName":"search_term_string"}}],"inLanguage":"es"},{"@type":"Organization","@id":"https:\/\/canal7slp.tv\/2019\/#organization","name":"Comunicaci\u00f3n 2000 S.A. de C.V.","url":"https:\/\/canal7slp.tv\/2019\/","logo":{"@type":"ImageObject","inLanguage":"es","@id":"https:\/\/canal7slp.tv\/2019\/#\/schema\/logo\/image\/","url":"https:\/\/canal7slp.tv\/2019\/wp-content\/uploads\/2019\/07\/logo-c7.png","contentUrl":"https:\/\/canal7slp.tv\/2019\/wp-content\/uploads\/2019\/07\/logo-c7.png","width":220,"height":60,"caption":"Comunicaci\u00f3n 2000 S.A. de C.V."},"image":{"@id":"https:\/\/canal7slp.tv\/2019\/#\/schema\/logo\/image\/"},"sameAs":["https:\/\/www.facebook.com\/CANAL7SLP\/","https:\/\/x.com\/canal7_slp","https:\/\/www.instagram.com\/canal7_slp","https:\/\/www.youtube.com\/user\/NOTICIEROSCANAL7SLP\/"]},{"@type":"Person","@id":"https:\/\/canal7slp.tv\/2019\/#\/schema\/person\/11d941c1c6ca30ac0a46b95fa37aa2e3","name":"edicionweb","image":{"@type":"ImageObject","inLanguage":"es","@id":"https:\/\/secure.gravatar.com\/avatar\/eee448fc3f7164808013b816ba91ac7e43bbe82a70bebac296f8bc6f0addaa1a?s=96&d=mm&r=g","url":"https:\/\/secure.gravatar.com\/avatar\/eee448fc3f7164808013b816ba91ac7e43bbe82a70bebac296f8bc6f0addaa1a?s=96&d=mm&r=g","contentUrl":"https:\/\/secure.gravatar.com\/avatar\/eee448fc3f7164808013b816ba91ac7e43bbe82a70bebac296f8bc6f0addaa1a?s=96&d=mm&r=g","caption":"edicionweb"}}]}},"amp_enabled":true,"cmb2":{"video_ids_in_playlist":{"vid_p_videos":""},"video_ids_in_channel":{"vid_c_videos":""},"playlist_ids_in_channel":{"vid_c_playlists":""},"series_ids_in_channel":{"vid_c_series":""},"channel_images":{"vid_c_logo":"","vid_c_banner":""},"poster_feature_image":{"vid_m_poster_image":""},"gif_feature_image":{"vid_m_gif_image":""},"video_movie_settings":{"vid_m_director":"","vid_m_actor":"","vid_m_imdb_ratings":"","vid_m_amazon_associates":""},"vid_youtube_broadcasts_settings":{"vid_yb_broadcast_title":"","vid_yb_q":"","vid_yb_channelid":"","vid_yb_videocategoryid":"","vid_yb_maxresults":"","vid_yb_order":"","vid_yb_regioncode":"","vid_yb_videosyndicated":"","vid_yb_style":"","vid_yb_reload_first":""},"video_series_settings":{"vid_m_director":"","vid_m_actor":"","vid_m_imdb_ratings":"","video_series_group":""},"amazon_associates_settings":{"amazon_associates":"","amazon_native_ad":""},"vid_youtube_automatic_settings":{"vid_ya_youtube_source":"","vid_ya_update_every":"","vid_ya_update_unit":"","vid_ya_categories":"","vid_ya_published_after":"","vid_ya_published_before":"","vid_ya_playlists":"","vid_ya_channels":"","vid_ya_director":"","vid_ya_actor":"","vid_ya_author":"","vid_ya_import_post_date":"","vid_ya_status":"","vid_ya_sub_api_key":""},"vid_ads_m_videoads_settings_post":{"vid_ads_m_video_ads":"","vid_ads_m_video_ads_type":"","vid_ads_m_group_google_ima":"","vid_ads_m_group_image":"","vid_ads_m_group_html5_video":"","vid_ads_m_group_html":"","vid_ads_m_vast_preroll":"","vid_ads_m_vast_postroll":"","vid_ads_m_vast_pauseroll":"","vid_ads_m_vast_midroll":[{"vid_ads_m_vast_timer_seconds":"50"}],"vid_ads_m_time_to_show_ads":"","vid_ads_m_time_skip_ads":"","vid_ads_m_time_to_hide_ads":""},"page_slider_settings":{"display_slider_group":"","page_slider_group":""},"blog_page_settings":{"blog_page_title":"","blog_page_heading":"","blog_page_ic":"","blog_page_it":"","blog_page_ec":"","blog_page_ip":"","archive_loop_style":"","blog_image_ratio":"","blog_show_categories":"","blog_show_excerpt":"","blog_show_author":"","blog_show_date":"","blog_show_comment_count":"","blog_show_view_count":"","blog_show_like_count":"","blog_show_dislike_count":"","blog_items_per_page":"","blog_pag_type":""},"page_options":{"get_page_template":"","color_mode":"","main_layout":"","main_layout_full_with":"","main_logo":"","main_logo_retina":"","main_logo_mobile":"","main_logo_mobile_retina":"","sticky_logo":"","sticky_logo_retina":"","main_nav_layout":"","ajax_search":"","header_background":"","theme_sidebar":"","instagram_feed":"","instagram_feed_position":"","popular_videos":"","popular_videos_title_1":"","popular_videos_title_2":"","popular_videos_ic":"","popular_videos_it":"","theme_background":"","page_custom_css":""},"feature_image_settings":{"feature_image_position":""},"video_player_settings":{"single_video_style":"","video_player_position":"","vm_video_url":"","video_player_library":"","video_streaming":"","vm_media_sources":"","vid_auto_play":"","vm_video_shortcode":"","vid_p_sync_playlist":"","vid_c_sync_channel":"","get_post_format":"","multiple_links_structure":"default","multi_links_title":"","vm_video_multi_links":"","vm_duration":"","vid_social_locker":"off","vid_social_locker_id":"","vid_membership_action":"content-video","vm_video_trailer_url":"","vid_download_type":"free","vid_download_target":"download","vid_woo_product":"","vm_media_download":"","user_rating":"","user_rating_position":"","user_rating_mode":"","user_rating_multi_sets":""},"video_auto_fetch_settings":{"vm_video_fetch":"on"},"video_fake_views_likes":{"vm_fake_views":"","vm_fake_likes":"","vm_fake_dislikes":""},"gallery_settings":{"gallery_position":""},"quote_settings":{"quote_position":""},"post_options":{"main_layout":"","main_logo":"","main_logo_retina":"","main_logo_mobile":"","main_logo_mobile_retina":"","sticky_logo":"","sticky_logo_retina":"","main_nav_layout":"","header_background":"","theme_sidebar":"","single_post_comment_type":"","theme_background":""}},"_links":{"self":[{"href":"https:\/\/canal7slp.tv\/2019\/wp-json\/wp\/v2\/posts\/79185","targetHints":{"allow":["GET"]}}],"collection":[{"href":"https:\/\/canal7slp.tv\/2019\/wp-json\/wp\/v2\/posts"}],"about":[{"href":"https:\/\/canal7slp.tv\/2019\/wp-json\/wp\/v2\/types\/post"}],"author":[{"embeddable":true,"href":"https:\/\/canal7slp.tv\/2019\/wp-json\/wp\/v2\/users\/2"}],"replies":[{"embeddable":true,"href":"https:\/\/canal7slp.tv\/2019\/wp-json\/wp\/v2\/comments?post=79185"}],"version-history":[{"count":0,"href":"https:\/\/canal7slp.tv\/2019\/wp-json\/wp\/v2\/posts\/79185\/revisions"}],"wp:featuredmedia":[{"embeddable":true,"href":"https:\/\/canal7slp.tv\/2019\/wp-json\/wp\/v2\/media\/79186"}],"wp:attachment":[{"href":"https:\/\/canal7slp.tv\/2019\/wp-json\/wp\/v2\/media?parent=79185"}],"wp:term":[{"taxonomy":"category","embeddable":true,"href":"https:\/\/canal7slp.tv\/2019\/wp-json\/wp\/v2\/categories?post=79185"},{"taxonomy":"post_tag","embeddable":true,"href":"https:\/\/canal7slp.tv\/2019\/wp-json\/wp\/v2\/tags?post=79185"}],"curies":[{"name":"wp","href":"https:\/\/api.w.org\/{rel}","templated":true}]}}