{"id":79182,"date":"2019-11-02T10:06:48","date_gmt":"2019-11-02T16:06:48","guid":{"rendered":"https:\/\/canal7slp.tv\/2019\/?p=79182"},"modified":"2019-11-02T10:06:48","modified_gmt":"2019-11-02T16:06:48","slug":"mando-del-operativo-en-culiacan-estara-protegido","status":"publish","type":"post","link":"https:\/\/canal7slp.tv\/2019\/mando-del-operativo-en-culiacan-estara-protegido\/","title":{"rendered":"Mando del operativo en Culiac\u00e1n estar\u00e1 protegido"},"content":{"rendered":"<ul>\n<li style=\"text-align: justify\">\u201cSi hace falta, se le protege, como a todos, pero no est\u00e1 solo. Somos un equipo y todos actuamos con responsabilidad\u201d, sostiene el Presidente L\u00f3pez Obrador<\/li>\n<\/ul>\n<p style=\"text-align: justify\">M\u00e9xico.- El coronel responsable del operativo para capturar a Ovidio Guzm\u00e1n L\u00f3pez, en Culiac\u00e1n, Sinaloa, y cuyo nombre fue revelado el jueves, tendr\u00e1 la protecci\u00f3n que sea necesaria, pues no est\u00e1 solo, afirm\u00f3 el Presidente Andr\u00e9s Manuel L\u00f3pez Obrador (AMLO).<\/p>\n<p style=\"text-align: justify\">\u201cSi hace falta, se le protege, como a todos, pero no est\u00e1 solo. Somos un equipo y todos actuamos con responsabilidad\u201d, sostuvo el jefe del Ejecutivo federal en el Sal\u00f3n Tesorer\u00eda de Palacio Nacional.<\/p>\n<p style=\"text-align: justify\">El Mandatario se\u00f1al\u00f3 que quienes piden protecci\u00f3n para el coronel Juan Jos\u00e9 Verde Montes, nombre dado a conocer ayer por instrucci\u00f3n del propio Presidente, son los mismos que apostaron antes por la guerra.<\/p>\n<p style=\"text-align: justify\">Al preguntarle sobre el riesgo que pudiera representar haber dado a conocer el nombre del funcionario, dijo: \u201cesto tiene que ver con la ida de la guerra, con lo que ven\u00eda de antes, (donde) si alguien participaba en un operativo pod\u00eda perder la vida\u201d.<\/p>\n<p style=\"text-align: justify\">Agreg\u00f3 que en la \u201c\u00e9poca de la guerra\u201d se comet\u00edan excesos, pues no s\u00f3lo se ajusticiaba, sino que \u201chasta se burlaban las autoridades de los fallecidos, se generaba odio. Eso ya no pasa, estamos cumpliendo nuestra responsabilidad: no odiamos a nadie\u201d.<\/p>\n<p style=\"text-align: justify\">L\u00f3pez Obrador aclar\u00f3 que Verde Montes, coronel de caballer\u00eda, no particip\u00f3 en el operativo.<\/p>\n<p style=\"text-align: justify\">En el operativo de Culiac\u00e1n no hubo filtraciones por parte de las Fuerzas Armadas para que se rescatara al presunto criminal, dijo Alfonso Durazo Monta\u00f1o, secretario de Seguridad y Protecci\u00f3n Ciudadana.<\/p>\n<p style=\"text-align: justify\">En la conferencia matutina del Presidente se cuestion\u00f3 al funcionario sobre si hab\u00eda avances en las indagatorias con respecto a una posible filtraci\u00f3n de informaci\u00f3n en favor de Ovidio Guzm\u00e1n; sin embargo, Durazo Monta\u00f1o advirti\u00f3 que el rescate del c\u00e1rtel de Sinaloa fue posible porque las c\u00e9lulas criminales que estaban afuera del fraccionamiento Tres R\u00edos pudieron entrar en contacto con las de adentro.<\/p>\n<p style=\"text-align: justify\">Luego de que la conferencia ma\u00f1anera del Presidente Andr\u00e9s Manuel L\u00f3pez Obrador terminar\u00e1 con un acalorado debate con periodistas, el Mandatario indic\u00f3 que nunca le faltar\u00e1 al respeto a la prensa ni habr\u00e1 censura a los medios de comunicaci\u00f3n, pero pidi\u00f3 ejercer su derecho de r\u00e9plica. Tras se\u00f1alar que \u201cno hace mal que brote la ruda franqueza. Hace bien, siempre ayuda\u201d, explic\u00f3 que su expresi\u00f3n de ayer, retomando la frase de Gustavo Madero de que \u201cmuerden la mano a quien les quit\u00f3 el bozal\u201d, no ten\u00eda el prop\u00f3sito de ofender a los integrantes de la prensa ni de igualarlos con alg\u00fan animal.<\/p>\n","protected":false},"excerpt":{"rendered":"<p>\u201cSi hace falta, se le protege, como a todos, pero no est\u00e1 solo. Somos un equipo y todos actuamos con responsabilidad\u201d, sostiene el Presidente L\u00f3pez Obrador M\u00e9xico.- El coronel responsable del operativo para capturar a Ovidio Guzm\u00e1n L\u00f3pez, en Culiac\u00e1n, Sinaloa, y cuyo nombre fue revelado el jueves, tendr\u00e1 la protecci\u00f3n que sea necesaria, pues [&hellip;]<\/p>\n","protected":false},"author":2,"featured_media":79183,"comment_status":"open","ping_status":"open","sticky":false,"template":"","format":"standard","meta":{"footnotes":""},"categories":[30],"tags":[],"class_list":["post-79182","post","type-post","status-publish","format-standard","has-post-thumbnail","hentry","category-nacional"],"yoast_head":"<!-- This site is optimized with the Yoast SEO plugin v27.5 - https:\/\/yoast.com\/product\/yoast-seo-wordpress\/ -->\n<title>Mando del operativo en Culiac\u00e1n estar\u00e1 protegido - Canal 7 SLP - 2019<\/title>\n<meta name=\"robots\" content=\"index, follow, max-snippet:-1, max-image-preview:large, max-video-preview:-1\" \/>\n<link rel=\"canonical\" href=\"https:\/\/canal7slp.tv\/2019\/mando-del-operativo-en-culiacan-estara-protegido\/\" \/>\n<meta property=\"og:locale\" content=\"es_ES\" \/>\n<meta property=\"og:type\" content=\"article\" \/>\n<meta property=\"og:title\" content=\"Mando del operativo en Culiac\u00e1n estar\u00e1 protegido - Canal 7 SLP - 2019\" \/>\n<meta property=\"og:description\" content=\"\u201cSi hace falta, se le protege, como a todos, pero no est\u00e1 solo. Somos un equipo y todos actuamos con responsabilidad\u201d, sostiene el Presidente L\u00f3pez Obrador M\u00e9xico.- El coronel responsable del operativo para capturar a Ovidio Guzm\u00e1n L\u00f3pez, en Culiac\u00e1n, Sinaloa, y cuyo nombre fue revelado el jueves, tendr\u00e1 la protecci\u00f3n que sea necesaria, pues [&hellip;]\" \/>\n<meta property=\"og:url\" content=\"https:\/\/canal7slp.tv\/2019\/mando-del-operativo-en-culiacan-estara-protegido\/\" \/>\n<meta property=\"og:site_name\" content=\"Canal 7 SLP - 2019\" \/>\n<meta property=\"article:publisher\" content=\"https:\/\/www.facebook.com\/CANAL7SLP\/\" \/>\n<meta property=\"article:published_time\" content=\"2019-11-02T16:06:48+00:00\" \/>\n<meta property=\"og:image\" content=\"https:\/\/canal7slp.tv\/2019\/wp-content\/uploads\/2019\/11\/1015-1.jpg\" \/>\n\t<meta property=\"og:image:width\" content=\"770\" \/>\n\t<meta property=\"og:image:height\" content=\"485\" \/>\n\t<meta property=\"og:image:type\" content=\"image\/jpeg\" \/>\n<meta name=\"author\" content=\"edicionweb\" \/>\n<meta name=\"twitter:card\" content=\"summary_large_image\" \/>\n<meta name=\"twitter:creator\" content=\"@canal7_slp\" \/>\n<meta name=\"twitter:site\" content=\"@canal7_slp\" \/>\n<meta name=\"twitter:label1\" content=\"Escrito por\" \/>\n\t<meta name=\"twitter:data1\" content=\"edicionweb\" \/>\n\t<meta name=\"twitter:label2\" content=\"Tiempo de lectura\" \/>\n\t<meta name=\"twitter:data2\" content=\"2 minutos\" \/>\n<script type=\"application\/ld+json\" class=\"yoast-schema-graph\">{\"@context\":\"https:\\\/\\\/schema.org\",\"@graph\":[{\"@type\":\"Article\",\"@id\":\"https:\\\/\\\/canal7slp.tv\\\/2019\\\/mando-del-operativo-en-culiacan-estara-protegido\\\/#article\",\"isPartOf\":{\"@id\":\"https:\\\/\\\/canal7slp.tv\\\/2019\\\/mando-del-operativo-en-culiacan-estara-protegido\\\/\"},\"author\":{\"name\":\"edicionweb\",\"@id\":\"https:\\\/\\\/canal7slp.tv\\\/2019\\\/#\\\/schema\\\/person\\\/11d941c1c6ca30ac0a46b95fa37aa2e3\"},\"headline\":\"Mando del operativo en Culiac\u00e1n estar\u00e1 protegido\",\"datePublished\":\"2019-11-02T16:06:48+00:00\",\"mainEntityOfPage\":{\"@id\":\"https:\\\/\\\/canal7slp.tv\\\/2019\\\/mando-del-operativo-en-culiacan-estara-protegido\\\/\"},\"wordCount\":477,\"commentCount\":0,\"publisher\":{\"@id\":\"https:\\\/\\\/canal7slp.tv\\\/2019\\\/#organization\"},\"image\":{\"@id\":\"https:\\\/\\\/canal7slp.tv\\\/2019\\\/mando-del-operativo-en-culiacan-estara-protegido\\\/#primaryimage\"},\"thumbnailUrl\":\"https:\\\/\\\/canal7slp.tv\\\/2019\\\/wp-content\\\/uploads\\\/2019\\\/11\\\/1015-1.jpg\",\"articleSection\":[\"NACIONAL\"],\"inLanguage\":\"es\",\"potentialAction\":[{\"@type\":\"CommentAction\",\"name\":\"Comment\",\"target\":[\"https:\\\/\\\/canal7slp.tv\\\/2019\\\/mando-del-operativo-en-culiacan-estara-protegido\\\/#respond\"]}]},{\"@type\":\"WebPage\",\"@id\":\"https:\\\/\\\/canal7slp.tv\\\/2019\\\/mando-del-operativo-en-culiacan-estara-protegido\\\/\",\"url\":\"https:\\\/\\\/canal7slp.tv\\\/2019\\\/mando-del-operativo-en-culiacan-estara-protegido\\\/\",\"name\":\"Mando del operativo en Culiac\u00e1n estar\u00e1 protegido - Canal 7 SLP - 2019\",\"isPartOf\":{\"@id\":\"https:\\\/\\\/canal7slp.tv\\\/2019\\\/#website\"},\"primaryImageOfPage\":{\"@id\":\"https:\\\/\\\/canal7slp.tv\\\/2019\\\/mando-del-operativo-en-culiacan-estara-protegido\\\/#primaryimage\"},\"image\":{\"@id\":\"https:\\\/\\\/canal7slp.tv\\\/2019\\\/mando-del-operativo-en-culiacan-estara-protegido\\\/#primaryimage\"},\"thumbnailUrl\":\"https:\\\/\\\/canal7slp.tv\\\/2019\\\/wp-content\\\/uploads\\\/2019\\\/11\\\/1015-1.jpg\",\"datePublished\":\"2019-11-02T16:06:48+00:00\",\"breadcrumb\":{\"@id\":\"https:\\\/\\\/canal7slp.tv\\\/2019\\\/mando-del-operativo-en-culiacan-estara-protegido\\\/#breadcrumb\"},\"inLanguage\":\"es\",\"potentialAction\":[{\"@type\":\"ReadAction\",\"target\":[\"https:\\\/\\\/canal7slp.tv\\\/2019\\\/mando-del-operativo-en-culiacan-estara-protegido\\\/\"]}]},{\"@type\":\"ImageObject\",\"inLanguage\":\"es\",\"@id\":\"https:\\\/\\\/canal7slp.tv\\\/2019\\\/mando-del-operativo-en-culiacan-estara-protegido\\\/#primaryimage\",\"url\":\"https:\\\/\\\/canal7slp.tv\\\/2019\\\/wp-content\\\/uploads\\\/2019\\\/11\\\/1015-1.jpg\",\"contentUrl\":\"https:\\\/\\\/canal7slp.tv\\\/2019\\\/wp-content\\\/uploads\\\/2019\\\/11\\\/1015-1.jpg\",\"width\":770,\"height\":485},{\"@type\":\"BreadcrumbList\",\"@id\":\"https:\\\/\\\/canal7slp.tv\\\/2019\\\/mando-del-operativo-en-culiacan-estara-protegido\\\/#breadcrumb\",\"itemListElement\":[{\"@type\":\"ListItem\",\"position\":1,\"name\":\"Home\",\"item\":\"https:\\\/\\\/canal7slp.tv\\\/2019\\\/\"},{\"@type\":\"ListItem\",\"position\":2,\"name\":\"Mando del operativo en Culiac\u00e1n estar\u00e1 protegido\"}]},{\"@type\":\"WebSite\",\"@id\":\"https:\\\/\\\/canal7slp.tv\\\/2019\\\/#website\",\"url\":\"https:\\\/\\\/canal7slp.tv\\\/2019\\\/\",\"name\":\"Canal 7 SLP - Somos TV\",\"description\":\"Somos un Canal de 10\",\"publisher\":{\"@id\":\"https:\\\/\\\/canal7slp.tv\\\/2019\\\/#organization\"},\"potentialAction\":[{\"@type\":\"SearchAction\",\"target\":{\"@type\":\"EntryPoint\",\"urlTemplate\":\"https:\\\/\\\/canal7slp.tv\\\/2019\\\/?s={search_term_string}\"},\"query-input\":{\"@type\":\"PropertyValueSpecification\",\"valueRequired\":true,\"valueName\":\"search_term_string\"}}],\"inLanguage\":\"es\"},{\"@type\":\"Organization\",\"@id\":\"https:\\\/\\\/canal7slp.tv\\\/2019\\\/#organization\",\"name\":\"Comunicaci\u00f3n 2000 S.A. de C.V.\",\"url\":\"https:\\\/\\\/canal7slp.tv\\\/2019\\\/\",\"logo\":{\"@type\":\"ImageObject\",\"inLanguage\":\"es\",\"@id\":\"https:\\\/\\\/canal7slp.tv\\\/2019\\\/#\\\/schema\\\/logo\\\/image\\\/\",\"url\":\"https:\\\/\\\/canal7slp.tv\\\/2019\\\/wp-content\\\/uploads\\\/2019\\\/07\\\/logo-c7.png\",\"contentUrl\":\"https:\\\/\\\/canal7slp.tv\\\/2019\\\/wp-content\\\/uploads\\\/2019\\\/07\\\/logo-c7.png\",\"width\":220,\"height\":60,\"caption\":\"Comunicaci\u00f3n 2000 S.A. de C.V.\"},\"image\":{\"@id\":\"https:\\\/\\\/canal7slp.tv\\\/2019\\\/#\\\/schema\\\/logo\\\/image\\\/\"},\"sameAs\":[\"https:\\\/\\\/www.facebook.com\\\/CANAL7SLP\\\/\",\"https:\\\/\\\/x.com\\\/canal7_slp\",\"https:\\\/\\\/www.instagram.com\\\/canal7_slp\",\"https:\\\/\\\/www.youtube.com\\\/user\\\/NOTICIEROSCANAL7SLP\\\/\"]},{\"@type\":\"Person\",\"@id\":\"https:\\\/\\\/canal7slp.tv\\\/2019\\\/#\\\/schema\\\/person\\\/11d941c1c6ca30ac0a46b95fa37aa2e3\",\"name\":\"edicionweb\",\"image\":{\"@type\":\"ImageObject\",\"inLanguage\":\"es\",\"@id\":\"https:\\\/\\\/secure.gravatar.com\\\/avatar\\\/eee448fc3f7164808013b816ba91ac7e43bbe82a70bebac296f8bc6f0addaa1a?s=96&d=mm&r=g\",\"url\":\"https:\\\/\\\/secure.gravatar.com\\\/avatar\\\/eee448fc3f7164808013b816ba91ac7e43bbe82a70bebac296f8bc6f0addaa1a?s=96&d=mm&r=g\",\"contentUrl\":\"https:\\\/\\\/secure.gravatar.com\\\/avatar\\\/eee448fc3f7164808013b816ba91ac7e43bbe82a70bebac296f8bc6f0addaa1a?s=96&d=mm&r=g\",\"caption\":\"edicionweb\"}}]}<\/script>\n<!-- \/ Yoast SEO plugin. -->","yoast_head_json":{"title":"Mando del operativo en Culiac\u00e1n estar\u00e1 protegido - Canal 7 SLP - 2019","robots":{"index":"index","follow":"follow","max-snippet":"max-snippet:-1","max-image-preview":"max-image-preview:large","max-video-preview":"max-video-preview:-1"},"canonical":"https:\/\/canal7slp.tv\/2019\/mando-del-operativo-en-culiacan-estara-protegido\/","og_locale":"es_ES","og_type":"article","og_title":"Mando del operativo en Culiac\u00e1n estar\u00e1 protegido - Canal 7 SLP - 2019","og_description":"\u201cSi hace falta, se le protege, como a todos, pero no est\u00e1 solo. Somos un equipo y todos actuamos con responsabilidad\u201d, sostiene el Presidente L\u00f3pez Obrador M\u00e9xico.- El coronel responsable del operativo para capturar a Ovidio Guzm\u00e1n L\u00f3pez, en Culiac\u00e1n, Sinaloa, y cuyo nombre fue revelado el jueves, tendr\u00e1 la protecci\u00f3n que sea necesaria, pues [&hellip;]","og_url":"https:\/\/canal7slp.tv\/2019\/mando-del-operativo-en-culiacan-estara-protegido\/","og_site_name":"Canal 7 SLP - 2019","article_publisher":"https:\/\/www.facebook.com\/CANAL7SLP\/","article_published_time":"2019-11-02T16:06:48+00:00","og_image":[{"width":770,"height":485,"url":"https:\/\/canal7slp.tv\/2019\/wp-content\/uploads\/2019\/11\/1015-1.jpg","type":"image\/jpeg"}],"author":"edicionweb","twitter_card":"summary_large_image","twitter_creator":"@canal7_slp","twitter_site":"@canal7_slp","twitter_misc":{"Escrito por":"edicionweb","Tiempo de lectura":"2 minutos"},"schema":{"@context":"https:\/\/schema.org","@graph":[{"@type":"Article","@id":"https:\/\/canal7slp.tv\/2019\/mando-del-operativo-en-culiacan-estara-protegido\/#article","isPartOf":{"@id":"https:\/\/canal7slp.tv\/2019\/mando-del-operativo-en-culiacan-estara-protegido\/"},"author":{"name":"edicionweb","@id":"https:\/\/canal7slp.tv\/2019\/#\/schema\/person\/11d941c1c6ca30ac0a46b95fa37aa2e3"},"headline":"Mando del operativo en Culiac\u00e1n estar\u00e1 protegido","datePublished":"2019-11-02T16:06:48+00:00","mainEntityOfPage":{"@id":"https:\/\/canal7slp.tv\/2019\/mando-del-operativo-en-culiacan-estara-protegido\/"},"wordCount":477,"commentCount":0,"publisher":{"@id":"https:\/\/canal7slp.tv\/2019\/#organization"},"image":{"@id":"https:\/\/canal7slp.tv\/2019\/mando-del-operativo-en-culiacan-estara-protegido\/#primaryimage"},"thumbnailUrl":"https:\/\/canal7slp.tv\/2019\/wp-content\/uploads\/2019\/11\/1015-1.jpg","articleSection":["NACIONAL"],"inLanguage":"es","potentialAction":[{"@type":"CommentAction","name":"Comment","target":["https:\/\/canal7slp.tv\/2019\/mando-del-operativo-en-culiacan-estara-protegido\/#respond"]}]},{"@type":"WebPage","@id":"https:\/\/canal7slp.tv\/2019\/mando-del-operativo-en-culiacan-estara-protegido\/","url":"https:\/\/canal7slp.tv\/2019\/mando-del-operativo-en-culiacan-estara-protegido\/","name":"Mando del operativo en Culiac\u00e1n estar\u00e1 protegido - Canal 7 SLP - 2019","isPartOf":{"@id":"https:\/\/canal7slp.tv\/2019\/#website"},"primaryImageOfPage":{"@id":"https:\/\/canal7slp.tv\/2019\/mando-del-operativo-en-culiacan-estara-protegido\/#primaryimage"},"image":{"@id":"https:\/\/canal7slp.tv\/2019\/mando-del-operativo-en-culiacan-estara-protegido\/#primaryimage"},"thumbnailUrl":"https:\/\/canal7slp.tv\/2019\/wp-content\/uploads\/2019\/11\/1015-1.jpg","datePublished":"2019-11-02T16:06:48+00:00","breadcrumb":{"@id":"https:\/\/canal7slp.tv\/2019\/mando-del-operativo-en-culiacan-estara-protegido\/#breadcrumb"},"inLanguage":"es","potentialAction":[{"@type":"ReadAction","target":["https:\/\/canal7slp.tv\/2019\/mando-del-operativo-en-culiacan-estara-protegido\/"]}]},{"@type":"ImageObject","inLanguage":"es","@id":"https:\/\/canal7slp.tv\/2019\/mando-del-operativo-en-culiacan-estara-protegido\/#primaryimage","url":"https:\/\/canal7slp.tv\/2019\/wp-content\/uploads\/2019\/11\/1015-1.jpg","contentUrl":"https:\/\/canal7slp.tv\/2019\/wp-content\/uploads\/2019\/11\/1015-1.jpg","width":770,"height":485},{"@type":"BreadcrumbList","@id":"https:\/\/canal7slp.tv\/2019\/mando-del-operativo-en-culiacan-estara-protegido\/#breadcrumb","itemListElement":[{"@type":"ListItem","position":1,"name":"Home","item":"https:\/\/canal7slp.tv\/2019\/"},{"@type":"ListItem","position":2,"name":"Mando del operativo en Culiac\u00e1n estar\u00e1 protegido"}]},{"@type":"WebSite","@id":"https:\/\/canal7slp.tv\/2019\/#website","url":"https:\/\/canal7slp.tv\/2019\/","name":"Canal 7 SLP - Somos TV","description":"Somos un Canal de 10","publisher":{"@id":"https:\/\/canal7slp.tv\/2019\/#organization"},"potentialAction":[{"@type":"SearchAction","target":{"@type":"EntryPoint","urlTemplate":"https:\/\/canal7slp.tv\/2019\/?s={search_term_string}"},"query-input":{"@type":"PropertyValueSpecification","valueRequired":true,"valueName":"search_term_string"}}],"inLanguage":"es"},{"@type":"Organization","@id":"https:\/\/canal7slp.tv\/2019\/#organization","name":"Comunicaci\u00f3n 2000 S.A. de C.V.","url":"https:\/\/canal7slp.tv\/2019\/","logo":{"@type":"ImageObject","inLanguage":"es","@id":"https:\/\/canal7slp.tv\/2019\/#\/schema\/logo\/image\/","url":"https:\/\/canal7slp.tv\/2019\/wp-content\/uploads\/2019\/07\/logo-c7.png","contentUrl":"https:\/\/canal7slp.tv\/2019\/wp-content\/uploads\/2019\/07\/logo-c7.png","width":220,"height":60,"caption":"Comunicaci\u00f3n 2000 S.A. de C.V."},"image":{"@id":"https:\/\/canal7slp.tv\/2019\/#\/schema\/logo\/image\/"},"sameAs":["https:\/\/www.facebook.com\/CANAL7SLP\/","https:\/\/x.com\/canal7_slp","https:\/\/www.instagram.com\/canal7_slp","https:\/\/www.youtube.com\/user\/NOTICIEROSCANAL7SLP\/"]},{"@type":"Person","@id":"https:\/\/canal7slp.tv\/2019\/#\/schema\/person\/11d941c1c6ca30ac0a46b95fa37aa2e3","name":"edicionweb","image":{"@type":"ImageObject","inLanguage":"es","@id":"https:\/\/secure.gravatar.com\/avatar\/eee448fc3f7164808013b816ba91ac7e43bbe82a70bebac296f8bc6f0addaa1a?s=96&d=mm&r=g","url":"https:\/\/secure.gravatar.com\/avatar\/eee448fc3f7164808013b816ba91ac7e43bbe82a70bebac296f8bc6f0addaa1a?s=96&d=mm&r=g","contentUrl":"https:\/\/secure.gravatar.com\/avatar\/eee448fc3f7164808013b816ba91ac7e43bbe82a70bebac296f8bc6f0addaa1a?s=96&d=mm&r=g","caption":"edicionweb"}}]}},"amp_enabled":true,"cmb2":{"video_ids_in_playlist":{"vid_p_videos":""},"video_ids_in_channel":{"vid_c_videos":""},"playlist_ids_in_channel":{"vid_c_playlists":""},"series_ids_in_channel":{"vid_c_series":""},"channel_images":{"vid_c_logo":"","vid_c_banner":""},"poster_feature_image":{"vid_m_poster_image":""},"gif_feature_image":{"vid_m_gif_image":""},"video_movie_settings":{"vid_m_director":"","vid_m_actor":"","vid_m_imdb_ratings":"","vid_m_amazon_associates":""},"vid_youtube_broadcasts_settings":{"vid_yb_broadcast_title":"","vid_yb_q":"","vid_yb_channelid":"","vid_yb_videocategoryid":"","vid_yb_maxresults":"","vid_yb_order":"","vid_yb_regioncode":"","vid_yb_videosyndicated":"","vid_yb_style":"","vid_yb_reload_first":""},"video_series_settings":{"vid_m_director":"","vid_m_actor":"","vid_m_imdb_ratings":"","video_series_group":""},"amazon_associates_settings":{"amazon_associates":"","amazon_native_ad":""},"vid_youtube_automatic_settings":{"vid_ya_youtube_source":"","vid_ya_update_every":"","vid_ya_update_unit":"","vid_ya_categories":"","vid_ya_published_after":"","vid_ya_published_before":"","vid_ya_playlists":"","vid_ya_channels":"","vid_ya_director":"","vid_ya_actor":"","vid_ya_author":"","vid_ya_import_post_date":"","vid_ya_status":"","vid_ya_sub_api_key":""},"vid_ads_m_videoads_settings_post":{"vid_ads_m_video_ads":"","vid_ads_m_video_ads_type":"","vid_ads_m_group_google_ima":"","vid_ads_m_group_image":"","vid_ads_m_group_html5_video":"","vid_ads_m_group_html":"","vid_ads_m_vast_preroll":"","vid_ads_m_vast_postroll":"","vid_ads_m_vast_pauseroll":"","vid_ads_m_vast_midroll":[{"vid_ads_m_vast_timer_seconds":"50"}],"vid_ads_m_time_to_show_ads":"","vid_ads_m_time_skip_ads":"","vid_ads_m_time_to_hide_ads":""},"page_slider_settings":{"display_slider_group":"","page_slider_group":""},"blog_page_settings":{"blog_page_title":"","blog_page_heading":"","blog_page_ic":"","blog_page_it":"","blog_page_ec":"","blog_page_ip":"","archive_loop_style":"","blog_image_ratio":"","blog_show_categories":"","blog_show_excerpt":"","blog_show_author":"","blog_show_date":"","blog_show_comment_count":"","blog_show_view_count":"","blog_show_like_count":"","blog_show_dislike_count":"","blog_items_per_page":"","blog_pag_type":""},"page_options":{"get_page_template":"","color_mode":"","main_layout":"","main_layout_full_with":"","main_logo":"","main_logo_retina":"","main_logo_mobile":"","main_logo_mobile_retina":"","sticky_logo":"","sticky_logo_retina":"","main_nav_layout":"","ajax_search":"","header_background":"","theme_sidebar":"","instagram_feed":"","instagram_feed_position":"","popular_videos":"","popular_videos_title_1":"","popular_videos_title_2":"","popular_videos_ic":"","popular_videos_it":"","theme_background":"","page_custom_css":""},"feature_image_settings":{"feature_image_position":""},"video_player_settings":{"single_video_style":"","video_player_position":"","vm_video_url":"","video_player_library":"","video_streaming":"","vm_media_sources":"","vid_auto_play":"","vm_video_shortcode":"","vid_p_sync_playlist":"","vid_c_sync_channel":"","get_post_format":"","multiple_links_structure":"default","multi_links_title":"","vm_video_multi_links":"","vm_duration":"","vid_social_locker":"off","vid_social_locker_id":"","vid_membership_action":"content-video","vm_video_trailer_url":"","vid_download_type":"free","vid_download_target":"download","vid_woo_product":"","vm_media_download":"","user_rating":"","user_rating_position":"","user_rating_mode":"","user_rating_multi_sets":""},"video_auto_fetch_settings":{"vm_video_fetch":"on"},"video_fake_views_likes":{"vm_fake_views":"","vm_fake_likes":"","vm_fake_dislikes":""},"gallery_settings":{"gallery_position":""},"quote_settings":{"quote_position":""},"post_options":{"main_layout":"","main_logo":"","main_logo_retina":"","main_logo_mobile":"","main_logo_mobile_retina":"","sticky_logo":"","sticky_logo_retina":"","main_nav_layout":"","header_background":"","theme_sidebar":"","single_post_comment_type":"","theme_background":""}},"_links":{"self":[{"href":"https:\/\/canal7slp.tv\/2019\/wp-json\/wp\/v2\/posts\/79182","targetHints":{"allow":["GET"]}}],"collection":[{"href":"https:\/\/canal7slp.tv\/2019\/wp-json\/wp\/v2\/posts"}],"about":[{"href":"https:\/\/canal7slp.tv\/2019\/wp-json\/wp\/v2\/types\/post"}],"author":[{"embeddable":true,"href":"https:\/\/canal7slp.tv\/2019\/wp-json\/wp\/v2\/users\/2"}],"replies":[{"embeddable":true,"href":"https:\/\/canal7slp.tv\/2019\/wp-json\/wp\/v2\/comments?post=79182"}],"version-history":[{"count":0,"href":"https:\/\/canal7slp.tv\/2019\/wp-json\/wp\/v2\/posts\/79182\/revisions"}],"wp:featuredmedia":[{"embeddable":true,"href":"https:\/\/canal7slp.tv\/2019\/wp-json\/wp\/v2\/media\/79183"}],"wp:attachment":[{"href":"https:\/\/canal7slp.tv\/2019\/wp-json\/wp\/v2\/media?parent=79182"}],"wp:term":[{"taxonomy":"category","embeddable":true,"href":"https:\/\/canal7slp.tv\/2019\/wp-json\/wp\/v2\/categories?post=79182"},{"taxonomy":"post_tag","embeddable":true,"href":"https:\/\/canal7slp.tv\/2019\/wp-json\/wp\/v2\/tags?post=79182"}],"curies":[{"name":"wp","href":"https:\/\/api.w.org\/{rel}","templated":true}]}}