{"id":79159,"date":"2019-11-01T19:20:37","date_gmt":"2019-11-02T01:20:37","guid":{"rendered":"https:\/\/canal7slp.tv\/2019\/?p=79159"},"modified":"2019-11-01T19:20:37","modified_gmt":"2019-11-02T01:20:37","slug":"paso-del-frente-frio-8-deja-un-muerto-en-veracruz","status":"publish","type":"post","link":"https:\/\/canal7slp.tv\/2019\/paso-del-frente-frio-8-deja-un-muerto-en-veracruz\/","title":{"rendered":"Paso del frente fr\u00edo 8 deja un muerto en Veracruz"},"content":{"rendered":"<ul>\n<li style=\"text-align: justify\">Autoridades estatales informan que 40 municipios resultaron afectados debido a las bajas temperaturas, lluvias, fuertes vientos y oleaje alto<\/li>\n<\/ul>\n<p style=\"text-align: justify\">Veracruz.- \u00c1rboles ca\u00eddos, 40 municipios afectados, viviendas da\u00f1adas y un fallecido son parte de las consecuencias que dej\u00f3 el paso del frente fr\u00edo 8 por el territorio veracruzano, inform\u00f3 la Secretar\u00eda de Protecci\u00f3n Civil del estado.<\/p>\n<p style=\"text-align: justify\">Los 40 municipios con alg\u00fan reporte de afectaci\u00f3n son: Cazones de Herrera, Coatzintla, Catemaco, San Andr\u00e9s Tuxtla, Santiago Tuxtla, \u00c1ngel R. Cabada, Saltabarranca, Lerdo de Tejada, Agua Dulce, Las Choapas, Molac\u00e1n, Nanchital, Minatitl\u00e1n, Cosamaloapan, Juan Rodr\u00edguez Clara, Mecayapan.<\/p>\n<p style=\"text-align: justify\">Asimismo, Mart\u00ednez de la Torre, Cerro Azul, Tuxpan, \u00c1lamo Temapache, Naranjos, Las Minas, Chiconquiaco, Tierra Blanca, Naolinco, Boca del R\u00edo, La Antigua, Coatzacoalcos, Tlacojalpan, Tampico Alto, Tamiahua, Veracruz, Xalapa, Poza Rica, Atzalan, Banderilla, Tenochtitl\u00e1n, Yecuatla, Vega de Alatorre y Misantla.<\/p>\n<p style=\"text-align: justify\">Fueron en total 96 viviendas da\u00f1adas en 11 municipios de la entidad, as\u00ed como cuatro escuelas, en el mismo n\u00famero de localidades: Saltabarranca, Lerdo de Tejada, Tampico Alto y Misantla.<\/p>\n<p style=\"text-align: justify\">Mediante un reporte se dio a conocer que hubo 17 reportes de corte de energ\u00eda el\u00e9ctrica, los cuales fueron atendidos por la Comisi\u00f3n Federal de Electricidad.<\/p>\n<p style=\"text-align: justify\">En la zona conurbada de Veracruz, en Boca de R\u00edo, hubo un accidente cuando una embarcaci\u00f3n de pesca naufrag\u00f3 por el fuerte oleaje, resultando en el fallecimiento de una persona. Asimismo, se registr\u00f3 afectaci\u00f3n en las l\u00e1minas del techo de la Arena Veracruz.<\/p>\n<p style=\"text-align: justify\">Derivado de los vientos intensos, hubo fuerte oleaje que caus\u00f3 anegamientos en algunos puntos del malec\u00f3n y el Bulevar Manuel \u00c1vila Camacho en ambos municipios, rompiendo el muro y sacando piedras, por lo que las autoridades municipales cerraron precautoriamente el tr\u00e1nsito en distintos puntos.<\/p>\n<p style=\"text-align: justify\">Por otro lado, en el estado hubo 199 reportes de \u00e1rboles ca\u00eddos en 27 municipios, tres derrumbes, dos en Atzalan y uno en Tenochtitl\u00e1n, cuatro ca\u00eddas de anuncios espectaculares: uno en Naranjos, otro en Boca del R\u00edo y dos en Coatzacoalcos.<\/p>\n<p style=\"text-align: justify\">Aunado con esto se anunci\u00f3 que de manera precautoria se cerraron las laterales al Palacio Municipal, en Coatzacoalcos, por la ca\u00edda de material de un domo en el edificio.<\/p>\n<p style=\"text-align: justify\">En Tamiahua se registraron afectaciones al domo del \u00c1rea de Deportes del Ayuntamiento, mientras que en Xalapa, derivado de las rachas de viento registradas, cayeron los stands de las festividades de &#8220;D\u00eda de Muertos&#8221; en el Parque Ju\u00e1rez, sin que se hubieran personas lesionadas.<\/p>\n<p style=\"text-align: justify\">Finalmente en Misantla y Yecuatla se registr\u00f3 el aumento en el nivel del R\u00edo Bobos por las lluvias registradas en la zona, sin rebasar su nivel de aguas m\u00e1ximo ordinario, volviendo a la normalidad unas horas despu\u00e9s.<\/p>\n","protected":false},"excerpt":{"rendered":"<p>Autoridades estatales informan que 40 municipios resultaron afectados debido a las bajas temperaturas, lluvias, fuertes vientos y oleaje alto Veracruz.- \u00c1rboles ca\u00eddos, 40 municipios afectados, viviendas da\u00f1adas y un fallecido son parte de las consecuencias que dej\u00f3 el paso del frente fr\u00edo 8 por el territorio veracruzano, inform\u00f3 la Secretar\u00eda de Protecci\u00f3n Civil del estado. [&hellip;]<\/p>\n","protected":false},"author":2,"featured_media":79160,"comment_status":"open","ping_status":"open","sticky":false,"template":"","format":"standard","meta":{"footnotes":""},"categories":[30],"tags":[],"class_list":["post-79159","post","type-post","status-publish","format-standard","has-post-thumbnail","hentry","category-nacional"],"yoast_head":"<!-- This site is optimized with the Yoast SEO plugin v27.5 - https:\/\/yoast.com\/product\/yoast-seo-wordpress\/ -->\n<title>Paso del frente fr\u00edo 8 deja un muerto en Veracruz - Canal 7 SLP - 2019<\/title>\n<meta name=\"robots\" content=\"index, follow, max-snippet:-1, max-image-preview:large, max-video-preview:-1\" \/>\n<link rel=\"canonical\" href=\"https:\/\/canal7slp.tv\/2019\/paso-del-frente-frio-8-deja-un-muerto-en-veracruz\/\" \/>\n<meta property=\"og:locale\" content=\"es_ES\" \/>\n<meta property=\"og:type\" content=\"article\" \/>\n<meta property=\"og:title\" content=\"Paso del frente fr\u00edo 8 deja un muerto en Veracruz - Canal 7 SLP - 2019\" \/>\n<meta property=\"og:description\" content=\"Autoridades estatales informan que 40 municipios resultaron afectados debido a las bajas temperaturas, lluvias, fuertes vientos y oleaje alto Veracruz.- \u00c1rboles ca\u00eddos, 40 municipios afectados, viviendas da\u00f1adas y un fallecido son parte de las consecuencias que dej\u00f3 el paso del frente fr\u00edo 8 por el territorio veracruzano, inform\u00f3 la Secretar\u00eda de Protecci\u00f3n Civil del estado. [&hellip;]\" \/>\n<meta property=\"og:url\" content=\"https:\/\/canal7slp.tv\/2019\/paso-del-frente-frio-8-deja-un-muerto-en-veracruz\/\" \/>\n<meta property=\"og:site_name\" content=\"Canal 7 SLP - 2019\" \/>\n<meta property=\"article:publisher\" content=\"https:\/\/www.facebook.com\/CANAL7SLP\/\" \/>\n<meta property=\"article:published_time\" content=\"2019-11-02T01:20:37+00:00\" \/>\n<meta property=\"og:image\" content=\"https:\/\/canal7slp.tv\/2019\/wp-content\/uploads\/2019\/11\/1932.jpg\" \/>\n\t<meta property=\"og:image:width\" content=\"770\" \/>\n\t<meta property=\"og:image:height\" content=\"485\" \/>\n\t<meta property=\"og:image:type\" content=\"image\/jpeg\" \/>\n<meta name=\"author\" content=\"edicionweb\" \/>\n<meta name=\"twitter:card\" content=\"summary_large_image\" \/>\n<meta name=\"twitter:creator\" content=\"@canal7_slp\" \/>\n<meta name=\"twitter:site\" content=\"@canal7_slp\" \/>\n<meta name=\"twitter:label1\" content=\"Escrito por\" \/>\n\t<meta name=\"twitter:data1\" content=\"edicionweb\" \/>\n\t<meta name=\"twitter:label2\" content=\"Tiempo de lectura\" \/>\n\t<meta name=\"twitter:data2\" content=\"2 minutos\" \/>\n<script type=\"application\/ld+json\" class=\"yoast-schema-graph\">{\"@context\":\"https:\\\/\\\/schema.org\",\"@graph\":[{\"@type\":\"Article\",\"@id\":\"https:\\\/\\\/canal7slp.tv\\\/2019\\\/paso-del-frente-frio-8-deja-un-muerto-en-veracruz\\\/#article\",\"isPartOf\":{\"@id\":\"https:\\\/\\\/canal7slp.tv\\\/2019\\\/paso-del-frente-frio-8-deja-un-muerto-en-veracruz\\\/\"},\"author\":{\"name\":\"edicionweb\",\"@id\":\"https:\\\/\\\/canal7slp.tv\\\/2019\\\/#\\\/schema\\\/person\\\/11d941c1c6ca30ac0a46b95fa37aa2e3\"},\"headline\":\"Paso del frente fr\u00edo 8 deja un muerto en Veracruz\",\"datePublished\":\"2019-11-02T01:20:37+00:00\",\"mainEntityOfPage\":{\"@id\":\"https:\\\/\\\/canal7slp.tv\\\/2019\\\/paso-del-frente-frio-8-deja-un-muerto-en-veracruz\\\/\"},\"wordCount\":464,\"commentCount\":0,\"publisher\":{\"@id\":\"https:\\\/\\\/canal7slp.tv\\\/2019\\\/#organization\"},\"image\":{\"@id\":\"https:\\\/\\\/canal7slp.tv\\\/2019\\\/paso-del-frente-frio-8-deja-un-muerto-en-veracruz\\\/#primaryimage\"},\"thumbnailUrl\":\"https:\\\/\\\/canal7slp.tv\\\/2019\\\/wp-content\\\/uploads\\\/2019\\\/11\\\/1932.jpg\",\"articleSection\":[\"NACIONAL\"],\"inLanguage\":\"es\",\"potentialAction\":[{\"@type\":\"CommentAction\",\"name\":\"Comment\",\"target\":[\"https:\\\/\\\/canal7slp.tv\\\/2019\\\/paso-del-frente-frio-8-deja-un-muerto-en-veracruz\\\/#respond\"]}]},{\"@type\":\"WebPage\",\"@id\":\"https:\\\/\\\/canal7slp.tv\\\/2019\\\/paso-del-frente-frio-8-deja-un-muerto-en-veracruz\\\/\",\"url\":\"https:\\\/\\\/canal7slp.tv\\\/2019\\\/paso-del-frente-frio-8-deja-un-muerto-en-veracruz\\\/\",\"name\":\"Paso del frente fr\u00edo 8 deja un muerto en Veracruz - Canal 7 SLP - 2019\",\"isPartOf\":{\"@id\":\"https:\\\/\\\/canal7slp.tv\\\/2019\\\/#website\"},\"primaryImageOfPage\":{\"@id\":\"https:\\\/\\\/canal7slp.tv\\\/2019\\\/paso-del-frente-frio-8-deja-un-muerto-en-veracruz\\\/#primaryimage\"},\"image\":{\"@id\":\"https:\\\/\\\/canal7slp.tv\\\/2019\\\/paso-del-frente-frio-8-deja-un-muerto-en-veracruz\\\/#primaryimage\"},\"thumbnailUrl\":\"https:\\\/\\\/canal7slp.tv\\\/2019\\\/wp-content\\\/uploads\\\/2019\\\/11\\\/1932.jpg\",\"datePublished\":\"2019-11-02T01:20:37+00:00\",\"breadcrumb\":{\"@id\":\"https:\\\/\\\/canal7slp.tv\\\/2019\\\/paso-del-frente-frio-8-deja-un-muerto-en-veracruz\\\/#breadcrumb\"},\"inLanguage\":\"es\",\"potentialAction\":[{\"@type\":\"ReadAction\",\"target\":[\"https:\\\/\\\/canal7slp.tv\\\/2019\\\/paso-del-frente-frio-8-deja-un-muerto-en-veracruz\\\/\"]}]},{\"@type\":\"ImageObject\",\"inLanguage\":\"es\",\"@id\":\"https:\\\/\\\/canal7slp.tv\\\/2019\\\/paso-del-frente-frio-8-deja-un-muerto-en-veracruz\\\/#primaryimage\",\"url\":\"https:\\\/\\\/canal7slp.tv\\\/2019\\\/wp-content\\\/uploads\\\/2019\\\/11\\\/1932.jpg\",\"contentUrl\":\"https:\\\/\\\/canal7slp.tv\\\/2019\\\/wp-content\\\/uploads\\\/2019\\\/11\\\/1932.jpg\",\"width\":770,\"height\":485},{\"@type\":\"BreadcrumbList\",\"@id\":\"https:\\\/\\\/canal7slp.tv\\\/2019\\\/paso-del-frente-frio-8-deja-un-muerto-en-veracruz\\\/#breadcrumb\",\"itemListElement\":[{\"@type\":\"ListItem\",\"position\":1,\"name\":\"Home\",\"item\":\"https:\\\/\\\/canal7slp.tv\\\/2019\\\/\"},{\"@type\":\"ListItem\",\"position\":2,\"name\":\"Paso del frente fr\u00edo 8 deja un muerto en Veracruz\"}]},{\"@type\":\"WebSite\",\"@id\":\"https:\\\/\\\/canal7slp.tv\\\/2019\\\/#website\",\"url\":\"https:\\\/\\\/canal7slp.tv\\\/2019\\\/\",\"name\":\"Canal 7 SLP - Somos TV\",\"description\":\"Somos un Canal de 10\",\"publisher\":{\"@id\":\"https:\\\/\\\/canal7slp.tv\\\/2019\\\/#organization\"},\"potentialAction\":[{\"@type\":\"SearchAction\",\"target\":{\"@type\":\"EntryPoint\",\"urlTemplate\":\"https:\\\/\\\/canal7slp.tv\\\/2019\\\/?s={search_term_string}\"},\"query-input\":{\"@type\":\"PropertyValueSpecification\",\"valueRequired\":true,\"valueName\":\"search_term_string\"}}],\"inLanguage\":\"es\"},{\"@type\":\"Organization\",\"@id\":\"https:\\\/\\\/canal7slp.tv\\\/2019\\\/#organization\",\"name\":\"Comunicaci\u00f3n 2000 S.A. de C.V.\",\"url\":\"https:\\\/\\\/canal7slp.tv\\\/2019\\\/\",\"logo\":{\"@type\":\"ImageObject\",\"inLanguage\":\"es\",\"@id\":\"https:\\\/\\\/canal7slp.tv\\\/2019\\\/#\\\/schema\\\/logo\\\/image\\\/\",\"url\":\"https:\\\/\\\/canal7slp.tv\\\/2019\\\/wp-content\\\/uploads\\\/2019\\\/07\\\/logo-c7.png\",\"contentUrl\":\"https:\\\/\\\/canal7slp.tv\\\/2019\\\/wp-content\\\/uploads\\\/2019\\\/07\\\/logo-c7.png\",\"width\":220,\"height\":60,\"caption\":\"Comunicaci\u00f3n 2000 S.A. de C.V.\"},\"image\":{\"@id\":\"https:\\\/\\\/canal7slp.tv\\\/2019\\\/#\\\/schema\\\/logo\\\/image\\\/\"},\"sameAs\":[\"https:\\\/\\\/www.facebook.com\\\/CANAL7SLP\\\/\",\"https:\\\/\\\/x.com\\\/canal7_slp\",\"https:\\\/\\\/www.instagram.com\\\/canal7_slp\",\"https:\\\/\\\/www.youtube.com\\\/user\\\/NOTICIEROSCANAL7SLP\\\/\"]},{\"@type\":\"Person\",\"@id\":\"https:\\\/\\\/canal7slp.tv\\\/2019\\\/#\\\/schema\\\/person\\\/11d941c1c6ca30ac0a46b95fa37aa2e3\",\"name\":\"edicionweb\",\"image\":{\"@type\":\"ImageObject\",\"inLanguage\":\"es\",\"@id\":\"https:\\\/\\\/secure.gravatar.com\\\/avatar\\\/eee448fc3f7164808013b816ba91ac7e43bbe82a70bebac296f8bc6f0addaa1a?s=96&d=mm&r=g\",\"url\":\"https:\\\/\\\/secure.gravatar.com\\\/avatar\\\/eee448fc3f7164808013b816ba91ac7e43bbe82a70bebac296f8bc6f0addaa1a?s=96&d=mm&r=g\",\"contentUrl\":\"https:\\\/\\\/secure.gravatar.com\\\/avatar\\\/eee448fc3f7164808013b816ba91ac7e43bbe82a70bebac296f8bc6f0addaa1a?s=96&d=mm&r=g\",\"caption\":\"edicionweb\"}}]}<\/script>\n<!-- \/ Yoast SEO plugin. -->","yoast_head_json":{"title":"Paso del frente fr\u00edo 8 deja un muerto en Veracruz - Canal 7 SLP - 2019","robots":{"index":"index","follow":"follow","max-snippet":"max-snippet:-1","max-image-preview":"max-image-preview:large","max-video-preview":"max-video-preview:-1"},"canonical":"https:\/\/canal7slp.tv\/2019\/paso-del-frente-frio-8-deja-un-muerto-en-veracruz\/","og_locale":"es_ES","og_type":"article","og_title":"Paso del frente fr\u00edo 8 deja un muerto en Veracruz - Canal 7 SLP - 2019","og_description":"Autoridades estatales informan que 40 municipios resultaron afectados debido a las bajas temperaturas, lluvias, fuertes vientos y oleaje alto Veracruz.- \u00c1rboles ca\u00eddos, 40 municipios afectados, viviendas da\u00f1adas y un fallecido son parte de las consecuencias que dej\u00f3 el paso del frente fr\u00edo 8 por el territorio veracruzano, inform\u00f3 la Secretar\u00eda de Protecci\u00f3n Civil del estado. [&hellip;]","og_url":"https:\/\/canal7slp.tv\/2019\/paso-del-frente-frio-8-deja-un-muerto-en-veracruz\/","og_site_name":"Canal 7 SLP - 2019","article_publisher":"https:\/\/www.facebook.com\/CANAL7SLP\/","article_published_time":"2019-11-02T01:20:37+00:00","og_image":[{"width":770,"height":485,"url":"https:\/\/canal7slp.tv\/2019\/wp-content\/uploads\/2019\/11\/1932.jpg","type":"image\/jpeg"}],"author":"edicionweb","twitter_card":"summary_large_image","twitter_creator":"@canal7_slp","twitter_site":"@canal7_slp","twitter_misc":{"Escrito por":"edicionweb","Tiempo de lectura":"2 minutos"},"schema":{"@context":"https:\/\/schema.org","@graph":[{"@type":"Article","@id":"https:\/\/canal7slp.tv\/2019\/paso-del-frente-frio-8-deja-un-muerto-en-veracruz\/#article","isPartOf":{"@id":"https:\/\/canal7slp.tv\/2019\/paso-del-frente-frio-8-deja-un-muerto-en-veracruz\/"},"author":{"name":"edicionweb","@id":"https:\/\/canal7slp.tv\/2019\/#\/schema\/person\/11d941c1c6ca30ac0a46b95fa37aa2e3"},"headline":"Paso del frente fr\u00edo 8 deja un muerto en Veracruz","datePublished":"2019-11-02T01:20:37+00:00","mainEntityOfPage":{"@id":"https:\/\/canal7slp.tv\/2019\/paso-del-frente-frio-8-deja-un-muerto-en-veracruz\/"},"wordCount":464,"commentCount":0,"publisher":{"@id":"https:\/\/canal7slp.tv\/2019\/#organization"},"image":{"@id":"https:\/\/canal7slp.tv\/2019\/paso-del-frente-frio-8-deja-un-muerto-en-veracruz\/#primaryimage"},"thumbnailUrl":"https:\/\/canal7slp.tv\/2019\/wp-content\/uploads\/2019\/11\/1932.jpg","articleSection":["NACIONAL"],"inLanguage":"es","potentialAction":[{"@type":"CommentAction","name":"Comment","target":["https:\/\/canal7slp.tv\/2019\/paso-del-frente-frio-8-deja-un-muerto-en-veracruz\/#respond"]}]},{"@type":"WebPage","@id":"https:\/\/canal7slp.tv\/2019\/paso-del-frente-frio-8-deja-un-muerto-en-veracruz\/","url":"https:\/\/canal7slp.tv\/2019\/paso-del-frente-frio-8-deja-un-muerto-en-veracruz\/","name":"Paso del frente fr\u00edo 8 deja un muerto en Veracruz - Canal 7 SLP - 2019","isPartOf":{"@id":"https:\/\/canal7slp.tv\/2019\/#website"},"primaryImageOfPage":{"@id":"https:\/\/canal7slp.tv\/2019\/paso-del-frente-frio-8-deja-un-muerto-en-veracruz\/#primaryimage"},"image":{"@id":"https:\/\/canal7slp.tv\/2019\/paso-del-frente-frio-8-deja-un-muerto-en-veracruz\/#primaryimage"},"thumbnailUrl":"https:\/\/canal7slp.tv\/2019\/wp-content\/uploads\/2019\/11\/1932.jpg","datePublished":"2019-11-02T01:20:37+00:00","breadcrumb":{"@id":"https:\/\/canal7slp.tv\/2019\/paso-del-frente-frio-8-deja-un-muerto-en-veracruz\/#breadcrumb"},"inLanguage":"es","potentialAction":[{"@type":"ReadAction","target":["https:\/\/canal7slp.tv\/2019\/paso-del-frente-frio-8-deja-un-muerto-en-veracruz\/"]}]},{"@type":"ImageObject","inLanguage":"es","@id":"https:\/\/canal7slp.tv\/2019\/paso-del-frente-frio-8-deja-un-muerto-en-veracruz\/#primaryimage","url":"https:\/\/canal7slp.tv\/2019\/wp-content\/uploads\/2019\/11\/1932.jpg","contentUrl":"https:\/\/canal7slp.tv\/2019\/wp-content\/uploads\/2019\/11\/1932.jpg","width":770,"height":485},{"@type":"BreadcrumbList","@id":"https:\/\/canal7slp.tv\/2019\/paso-del-frente-frio-8-deja-un-muerto-en-veracruz\/#breadcrumb","itemListElement":[{"@type":"ListItem","position":1,"name":"Home","item":"https:\/\/canal7slp.tv\/2019\/"},{"@type":"ListItem","position":2,"name":"Paso del frente fr\u00edo 8 deja un muerto en Veracruz"}]},{"@type":"WebSite","@id":"https:\/\/canal7slp.tv\/2019\/#website","url":"https:\/\/canal7slp.tv\/2019\/","name":"Canal 7 SLP - Somos TV","description":"Somos un Canal de 10","publisher":{"@id":"https:\/\/canal7slp.tv\/2019\/#organization"},"potentialAction":[{"@type":"SearchAction","target":{"@type":"EntryPoint","urlTemplate":"https:\/\/canal7slp.tv\/2019\/?s={search_term_string}"},"query-input":{"@type":"PropertyValueSpecification","valueRequired":true,"valueName":"search_term_string"}}],"inLanguage":"es"},{"@type":"Organization","@id":"https:\/\/canal7slp.tv\/2019\/#organization","name":"Comunicaci\u00f3n 2000 S.A. de C.V.","url":"https:\/\/canal7slp.tv\/2019\/","logo":{"@type":"ImageObject","inLanguage":"es","@id":"https:\/\/canal7slp.tv\/2019\/#\/schema\/logo\/image\/","url":"https:\/\/canal7slp.tv\/2019\/wp-content\/uploads\/2019\/07\/logo-c7.png","contentUrl":"https:\/\/canal7slp.tv\/2019\/wp-content\/uploads\/2019\/07\/logo-c7.png","width":220,"height":60,"caption":"Comunicaci\u00f3n 2000 S.A. de C.V."},"image":{"@id":"https:\/\/canal7slp.tv\/2019\/#\/schema\/logo\/image\/"},"sameAs":["https:\/\/www.facebook.com\/CANAL7SLP\/","https:\/\/x.com\/canal7_slp","https:\/\/www.instagram.com\/canal7_slp","https:\/\/www.youtube.com\/user\/NOTICIEROSCANAL7SLP\/"]},{"@type":"Person","@id":"https:\/\/canal7slp.tv\/2019\/#\/schema\/person\/11d941c1c6ca30ac0a46b95fa37aa2e3","name":"edicionweb","image":{"@type":"ImageObject","inLanguage":"es","@id":"https:\/\/secure.gravatar.com\/avatar\/eee448fc3f7164808013b816ba91ac7e43bbe82a70bebac296f8bc6f0addaa1a?s=96&d=mm&r=g","url":"https:\/\/secure.gravatar.com\/avatar\/eee448fc3f7164808013b816ba91ac7e43bbe82a70bebac296f8bc6f0addaa1a?s=96&d=mm&r=g","contentUrl":"https:\/\/secure.gravatar.com\/avatar\/eee448fc3f7164808013b816ba91ac7e43bbe82a70bebac296f8bc6f0addaa1a?s=96&d=mm&r=g","caption":"edicionweb"}}]}},"amp_enabled":true,"cmb2":{"video_ids_in_playlist":{"vid_p_videos":""},"video_ids_in_channel":{"vid_c_videos":""},"playlist_ids_in_channel":{"vid_c_playlists":""},"series_ids_in_channel":{"vid_c_series":""},"channel_images":{"vid_c_logo":"","vid_c_banner":""},"poster_feature_image":{"vid_m_poster_image":""},"gif_feature_image":{"vid_m_gif_image":""},"video_movie_settings":{"vid_m_director":"","vid_m_actor":"","vid_m_imdb_ratings":"","vid_m_amazon_associates":""},"vid_youtube_broadcasts_settings":{"vid_yb_broadcast_title":"","vid_yb_q":"","vid_yb_channelid":"","vid_yb_videocategoryid":"","vid_yb_maxresults":"","vid_yb_order":"","vid_yb_regioncode":"","vid_yb_videosyndicated":"","vid_yb_style":"","vid_yb_reload_first":""},"video_series_settings":{"vid_m_director":"","vid_m_actor":"","vid_m_imdb_ratings":"","video_series_group":""},"amazon_associates_settings":{"amazon_associates":"","amazon_native_ad":""},"vid_youtube_automatic_settings":{"vid_ya_youtube_source":"","vid_ya_update_every":"","vid_ya_update_unit":"","vid_ya_categories":"","vid_ya_published_after":"","vid_ya_published_before":"","vid_ya_playlists":"","vid_ya_channels":"","vid_ya_director":"","vid_ya_actor":"","vid_ya_author":"","vid_ya_import_post_date":"","vid_ya_status":"","vid_ya_sub_api_key":""},"vid_ads_m_videoads_settings_post":{"vid_ads_m_video_ads":"","vid_ads_m_video_ads_type":"","vid_ads_m_group_google_ima":"","vid_ads_m_group_image":"","vid_ads_m_group_html5_video":"","vid_ads_m_group_html":"","vid_ads_m_vast_preroll":"","vid_ads_m_vast_postroll":"","vid_ads_m_vast_pauseroll":"","vid_ads_m_vast_midroll":[{"vid_ads_m_vast_timer_seconds":"50"}],"vid_ads_m_time_to_show_ads":"","vid_ads_m_time_skip_ads":"","vid_ads_m_time_to_hide_ads":""},"page_slider_settings":{"display_slider_group":"","page_slider_group":""},"blog_page_settings":{"blog_page_title":"","blog_page_heading":"","blog_page_ic":"","blog_page_it":"","blog_page_ec":"","blog_page_ip":"","archive_loop_style":"","blog_image_ratio":"","blog_show_categories":"","blog_show_excerpt":"","blog_show_author":"","blog_show_date":"","blog_show_comment_count":"","blog_show_view_count":"","blog_show_like_count":"","blog_show_dislike_count":"","blog_items_per_page":"","blog_pag_type":""},"page_options":{"get_page_template":"","color_mode":"","main_layout":"","main_layout_full_with":"","main_logo":"","main_logo_retina":"","main_logo_mobile":"","main_logo_mobile_retina":"","sticky_logo":"","sticky_logo_retina":"","main_nav_layout":"","ajax_search":"","header_background":"","theme_sidebar":"","instagram_feed":"","instagram_feed_position":"","popular_videos":"","popular_videos_title_1":"","popular_videos_title_2":"","popular_videos_ic":"","popular_videos_it":"","theme_background":"","page_custom_css":""},"feature_image_settings":{"feature_image_position":""},"video_player_settings":{"single_video_style":"","video_player_position":"","vm_video_url":"","video_player_library":"","video_streaming":"","vm_media_sources":"","vid_auto_play":"","vm_video_shortcode":"","vid_p_sync_playlist":"","vid_c_sync_channel":"","get_post_format":"","multiple_links_structure":"default","multi_links_title":"","vm_video_multi_links":"","vm_duration":"","vid_social_locker":"off","vid_social_locker_id":"","vid_membership_action":"content-video","vm_video_trailer_url":"","vid_download_type":"free","vid_download_target":"download","vid_woo_product":"","vm_media_download":"","user_rating":"","user_rating_position":"","user_rating_mode":"","user_rating_multi_sets":""},"video_auto_fetch_settings":{"vm_video_fetch":"on"},"video_fake_views_likes":{"vm_fake_views":"","vm_fake_likes":"","vm_fake_dislikes":""},"gallery_settings":{"gallery_position":""},"quote_settings":{"quote_position":""},"post_options":{"main_layout":"","main_logo":"","main_logo_retina":"","main_logo_mobile":"","main_logo_mobile_retina":"","sticky_logo":"","sticky_logo_retina":"","main_nav_layout":"","header_background":"","theme_sidebar":"","single_post_comment_type":"","theme_background":""}},"_links":{"self":[{"href":"https:\/\/canal7slp.tv\/2019\/wp-json\/wp\/v2\/posts\/79159","targetHints":{"allow":["GET"]}}],"collection":[{"href":"https:\/\/canal7slp.tv\/2019\/wp-json\/wp\/v2\/posts"}],"about":[{"href":"https:\/\/canal7slp.tv\/2019\/wp-json\/wp\/v2\/types\/post"}],"author":[{"embeddable":true,"href":"https:\/\/canal7slp.tv\/2019\/wp-json\/wp\/v2\/users\/2"}],"replies":[{"embeddable":true,"href":"https:\/\/canal7slp.tv\/2019\/wp-json\/wp\/v2\/comments?post=79159"}],"version-history":[{"count":0,"href":"https:\/\/canal7slp.tv\/2019\/wp-json\/wp\/v2\/posts\/79159\/revisions"}],"wp:featuredmedia":[{"embeddable":true,"href":"https:\/\/canal7slp.tv\/2019\/wp-json\/wp\/v2\/media\/79160"}],"wp:attachment":[{"href":"https:\/\/canal7slp.tv\/2019\/wp-json\/wp\/v2\/media?parent=79159"}],"wp:term":[{"taxonomy":"category","embeddable":true,"href":"https:\/\/canal7slp.tv\/2019\/wp-json\/wp\/v2\/categories?post=79159"},{"taxonomy":"post_tag","embeddable":true,"href":"https:\/\/canal7slp.tv\/2019\/wp-json\/wp\/v2\/tags?post=79159"}],"curies":[{"name":"wp","href":"https:\/\/api.w.org\/{rel}","templated":true}]}}