{"id":79156,"date":"2019-11-01T19:18:00","date_gmt":"2019-11-02T01:18:00","guid":{"rendered":"https:\/\/canal7slp.tv\/2019\/?p=79156"},"modified":"2019-11-01T19:18:00","modified_gmt":"2019-11-02T01:18:00","slug":"fallo-por-caso-de-violacion-grupal-causa-polemica-en-espana","status":"publish","type":"post","link":"https:\/\/canal7slp.tv\/2019\/fallo-por-caso-de-violacion-grupal-causa-polemica-en-espana\/","title":{"rendered":"Fallo por caso de violaci\u00f3n grupal causa pol\u00e9mica en Espa\u00f1a"},"content":{"rendered":"<ul>\n<li style=\"text-align: justify\">Jueces consideran que la v\u00edctima estaba inconsciente y dan una condena reducida solo por cargos de abuso sexual<\/li>\n<\/ul>\n<p style=\"text-align: justify\">Espa\u00f1a.- Asociaciones y juristas reclamaron este viernes cambios legislativos en Espa\u00f1a despu\u00e9s de que cinco hombres fueron absueltos de cargos de violaci\u00f3n a una menor y fueron condenados por abuso sexual por considerar el juez que la v\u00edctima estaba inconsciente y los acusados no necesitaron usar violencia.<\/p>\n<p style=\"text-align: justify\">Seg\u00fan los jueces de la Audiencia de Barcelona, la v\u00edctima estaba inconsciente por lo que los acusados &#8220;pudieron realizar los actos sexuales sin utilizar ning\u00fan tipo de violencia o intimidaci\u00f3n&#8221;.<\/p>\n<p style=\"text-align: justify\">Los cinco hombres fueron condenados a penas de entre 10 y 12 a\u00f1os de prisi\u00f3n. Una condena por agresi\u00f3n sexual, el equivalente de violaci\u00f3n, les habr\u00eda acarreado sentencias de entre 15 y 20 a\u00f1os.<\/p>\n<p style=\"text-align: justify\">Otros dos acusados fueron absueltos por estos hechos, que tuvieron lugar en octubre de 2015 durante una fiesta en una f\u00e1brica abandonada de la ciudad de Manresa, situada al norte de Barcelona.<\/p>\n<p style=\"text-align: justify\">&#8220;El problema no es la sentencia sino el c\u00f3digo penal&#8221;, dijo Montserrat Comas, portavoz de la asociaci\u00f3n Jueces para la Democracia, en declaraciones a la radio Cadena Ser.<\/p>\n<p style=\"text-align: justify\">El c\u00f3digo penal vigente en Espa\u00f1a estipula que se debe demostrar que hubo violencia o intimidaci\u00f3n para que un acusado pueda ser condenado por agresi\u00f3n sexual.<\/p>\n<p style=\"text-align: justify\">Seg\u00fan Comas, habr\u00eda que cambiar la legislaci\u00f3n para que la violaci\u00f3n quede definida como cualquier tipo de relaci\u00f3n sexual sin consentimiento, como es el caso en muchos pa\u00edses europeos.<\/p>\n<p style=\"text-align: justify\">As\u00ed lo establece adem\u00e1s el Convenio de Estambul, un tratado internacional de prevenci\u00f3n y lucha contra la violencia contra las mujeres que Espa\u00f1a ratific\u00f3 en 2014, indic\u00f3 la magistrada.<\/p>\n<p style=\"text-align: justify\">&#8220;Los hechos son especialmente execrables porque se trata de una menor de 14 a\u00f1os&#8221;, a\u00f1adi\u00f3 Comas.<\/p>\n<p style=\"text-align: justify\">El caso ha sido relacionado con otro similar, la violaci\u00f3n de una mujer en julio de 2016 en Pamplona durante las conocidas fiestas de San Ferm\u00edn por un grupo que se hacia llamar &#8220;La Manada&#8221;.<\/p>\n<p style=\"text-align: justify\">En ese caso, cinco j\u00f3venes fueron condenados el a\u00f1o pasado a nueve a\u00f1os de prisi\u00f3n por abuso sexual, una sentencia que desat\u00f3 una ola de protestas en todo el pa\u00eds.<\/p>\n<p style=\"text-align: justify\">En junio, sin embargo, el Tribunal Supremo revis\u00f3 el caso y aument\u00f3 la condena a 15 a\u00f1os de prisi\u00f3n para cada uno y recalific\u00f3 el delito como agresi\u00f3n sexual.<\/p>\n<p style=\"text-align: justify\">Tras el primer veredicto en el caso de Pamplona, el gobierno socialista anunci\u00f3 planes para reformar el c\u00f3digo penal, pero que de momento no se han concretado.<\/p>\n<p style=\"text-align: justify\">Marisa Soleto, directora de la oeneg\u00e9 Fundaci\u00f3n Mujeres, escribi\u00f3 en Twitter que la sentencia en el caso de Manresa es &#8220;una prueba m\u00e1s de la necesidad de cambiar los tipos penales contra la libertad sexual&#8221;.<\/p>\n<p style=\"text-align: justify\">Por su parte, Altamira Gonzalo, de la asociaci\u00f3n de mujeres juristas Themis, dijo sentir &#8220;mucha verg\u00fcenza e impotencia&#8221; tras la sentencia.<\/p>\n","protected":false},"excerpt":{"rendered":"<p>Jueces consideran que la v\u00edctima estaba inconsciente y dan una condena reducida solo por cargos de abuso sexual Espa\u00f1a.- Asociaciones y juristas reclamaron este viernes cambios legislativos en Espa\u00f1a despu\u00e9s de que cinco hombres fueron absueltos de cargos de violaci\u00f3n a una menor y fueron condenados por abuso sexual por considerar el juez que la [&hellip;]<\/p>\n","protected":false},"author":2,"featured_media":79157,"comment_status":"open","ping_status":"open","sticky":false,"template":"","format":"standard","meta":{"footnotes":""},"categories":[18],"tags":[],"class_list":["post-79156","post","type-post","status-publish","format-standard","has-post-thumbnail","hentry","category-internacional"],"yoast_head":"<!-- This site is optimized with the Yoast SEO plugin v27.5 - https:\/\/yoast.com\/product\/yoast-seo-wordpress\/ -->\n<title>Fallo por caso de violaci\u00f3n grupal causa pol\u00e9mica en Espa\u00f1a - Canal 7 SLP - 2019<\/title>\n<meta name=\"robots\" content=\"index, follow, max-snippet:-1, max-image-preview:large, max-video-preview:-1\" \/>\n<link rel=\"canonical\" href=\"https:\/\/canal7slp.tv\/2019\/fallo-por-caso-de-violacion-grupal-causa-polemica-en-espana\/\" \/>\n<meta property=\"og:locale\" content=\"es_ES\" \/>\n<meta property=\"og:type\" content=\"article\" \/>\n<meta property=\"og:title\" content=\"Fallo por caso de violaci\u00f3n grupal causa pol\u00e9mica en Espa\u00f1a - Canal 7 SLP - 2019\" \/>\n<meta property=\"og:description\" content=\"Jueces consideran que la v\u00edctima estaba inconsciente y dan una condena reducida solo por cargos de abuso sexual Espa\u00f1a.- Asociaciones y juristas reclamaron este viernes cambios legislativos en Espa\u00f1a despu\u00e9s de que cinco hombres fueron absueltos de cargos de violaci\u00f3n a una menor y fueron condenados por abuso sexual por considerar el juez que la [&hellip;]\" \/>\n<meta property=\"og:url\" content=\"https:\/\/canal7slp.tv\/2019\/fallo-por-caso-de-violacion-grupal-causa-polemica-en-espana\/\" \/>\n<meta property=\"og:site_name\" content=\"Canal 7 SLP - 2019\" \/>\n<meta property=\"article:publisher\" content=\"https:\/\/www.facebook.com\/CANAL7SLP\/\" \/>\n<meta property=\"article:published_time\" content=\"2019-11-02T01:18:00+00:00\" \/>\n<meta property=\"og:image\" content=\"https:\/\/canal7slp.tv\/2019\/wp-content\/uploads\/2019\/11\/1924.jpg\" \/>\n\t<meta property=\"og:image:width\" content=\"770\" \/>\n\t<meta property=\"og:image:height\" content=\"485\" \/>\n\t<meta property=\"og:image:type\" content=\"image\/jpeg\" \/>\n<meta name=\"author\" content=\"edicionweb\" \/>\n<meta name=\"twitter:card\" content=\"summary_large_image\" \/>\n<meta name=\"twitter:creator\" content=\"@canal7_slp\" \/>\n<meta name=\"twitter:site\" content=\"@canal7_slp\" \/>\n<meta name=\"twitter:label1\" content=\"Escrito por\" \/>\n\t<meta name=\"twitter:data1\" content=\"edicionweb\" \/>\n\t<meta name=\"twitter:label2\" content=\"Tiempo de lectura\" \/>\n\t<meta name=\"twitter:data2\" content=\"3 minutos\" \/>\n<script type=\"application\/ld+json\" class=\"yoast-schema-graph\">{\"@context\":\"https:\\\/\\\/schema.org\",\"@graph\":[{\"@type\":\"Article\",\"@id\":\"https:\\\/\\\/canal7slp.tv\\\/2019\\\/fallo-por-caso-de-violacion-grupal-causa-polemica-en-espana\\\/#article\",\"isPartOf\":{\"@id\":\"https:\\\/\\\/canal7slp.tv\\\/2019\\\/fallo-por-caso-de-violacion-grupal-causa-polemica-en-espana\\\/\"},\"author\":{\"name\":\"edicionweb\",\"@id\":\"https:\\\/\\\/canal7slp.tv\\\/2019\\\/#\\\/schema\\\/person\\\/11d941c1c6ca30ac0a46b95fa37aa2e3\"},\"headline\":\"Fallo por caso de violaci\u00f3n grupal causa pol\u00e9mica en Espa\u00f1a\",\"datePublished\":\"2019-11-02T01:18:00+00:00\",\"mainEntityOfPage\":{\"@id\":\"https:\\\/\\\/canal7slp.tv\\\/2019\\\/fallo-por-caso-de-violacion-grupal-causa-polemica-en-espana\\\/\"},\"wordCount\":520,\"commentCount\":0,\"publisher\":{\"@id\":\"https:\\\/\\\/canal7slp.tv\\\/2019\\\/#organization\"},\"image\":{\"@id\":\"https:\\\/\\\/canal7slp.tv\\\/2019\\\/fallo-por-caso-de-violacion-grupal-causa-polemica-en-espana\\\/#primaryimage\"},\"thumbnailUrl\":\"https:\\\/\\\/canal7slp.tv\\\/2019\\\/wp-content\\\/uploads\\\/2019\\\/11\\\/1924.jpg\",\"articleSection\":[\"INTERNACIONAL\"],\"inLanguage\":\"es\",\"potentialAction\":[{\"@type\":\"CommentAction\",\"name\":\"Comment\",\"target\":[\"https:\\\/\\\/canal7slp.tv\\\/2019\\\/fallo-por-caso-de-violacion-grupal-causa-polemica-en-espana\\\/#respond\"]}]},{\"@type\":\"WebPage\",\"@id\":\"https:\\\/\\\/canal7slp.tv\\\/2019\\\/fallo-por-caso-de-violacion-grupal-causa-polemica-en-espana\\\/\",\"url\":\"https:\\\/\\\/canal7slp.tv\\\/2019\\\/fallo-por-caso-de-violacion-grupal-causa-polemica-en-espana\\\/\",\"name\":\"Fallo por caso de violaci\u00f3n grupal causa pol\u00e9mica en Espa\u00f1a - Canal 7 SLP - 2019\",\"isPartOf\":{\"@id\":\"https:\\\/\\\/canal7slp.tv\\\/2019\\\/#website\"},\"primaryImageOfPage\":{\"@id\":\"https:\\\/\\\/canal7slp.tv\\\/2019\\\/fallo-por-caso-de-violacion-grupal-causa-polemica-en-espana\\\/#primaryimage\"},\"image\":{\"@id\":\"https:\\\/\\\/canal7slp.tv\\\/2019\\\/fallo-por-caso-de-violacion-grupal-causa-polemica-en-espana\\\/#primaryimage\"},\"thumbnailUrl\":\"https:\\\/\\\/canal7slp.tv\\\/2019\\\/wp-content\\\/uploads\\\/2019\\\/11\\\/1924.jpg\",\"datePublished\":\"2019-11-02T01:18:00+00:00\",\"breadcrumb\":{\"@id\":\"https:\\\/\\\/canal7slp.tv\\\/2019\\\/fallo-por-caso-de-violacion-grupal-causa-polemica-en-espana\\\/#breadcrumb\"},\"inLanguage\":\"es\",\"potentialAction\":[{\"@type\":\"ReadAction\",\"target\":[\"https:\\\/\\\/canal7slp.tv\\\/2019\\\/fallo-por-caso-de-violacion-grupal-causa-polemica-en-espana\\\/\"]}]},{\"@type\":\"ImageObject\",\"inLanguage\":\"es\",\"@id\":\"https:\\\/\\\/canal7slp.tv\\\/2019\\\/fallo-por-caso-de-violacion-grupal-causa-polemica-en-espana\\\/#primaryimage\",\"url\":\"https:\\\/\\\/canal7slp.tv\\\/2019\\\/wp-content\\\/uploads\\\/2019\\\/11\\\/1924.jpg\",\"contentUrl\":\"https:\\\/\\\/canal7slp.tv\\\/2019\\\/wp-content\\\/uploads\\\/2019\\\/11\\\/1924.jpg\",\"width\":770,\"height\":485},{\"@type\":\"BreadcrumbList\",\"@id\":\"https:\\\/\\\/canal7slp.tv\\\/2019\\\/fallo-por-caso-de-violacion-grupal-causa-polemica-en-espana\\\/#breadcrumb\",\"itemListElement\":[{\"@type\":\"ListItem\",\"position\":1,\"name\":\"Home\",\"item\":\"https:\\\/\\\/canal7slp.tv\\\/2019\\\/\"},{\"@type\":\"ListItem\",\"position\":2,\"name\":\"Fallo por caso de violaci\u00f3n grupal causa pol\u00e9mica en Espa\u00f1a\"}]},{\"@type\":\"WebSite\",\"@id\":\"https:\\\/\\\/canal7slp.tv\\\/2019\\\/#website\",\"url\":\"https:\\\/\\\/canal7slp.tv\\\/2019\\\/\",\"name\":\"Canal 7 SLP - Somos TV\",\"description\":\"Somos un Canal de 10\",\"publisher\":{\"@id\":\"https:\\\/\\\/canal7slp.tv\\\/2019\\\/#organization\"},\"potentialAction\":[{\"@type\":\"SearchAction\",\"target\":{\"@type\":\"EntryPoint\",\"urlTemplate\":\"https:\\\/\\\/canal7slp.tv\\\/2019\\\/?s={search_term_string}\"},\"query-input\":{\"@type\":\"PropertyValueSpecification\",\"valueRequired\":true,\"valueName\":\"search_term_string\"}}],\"inLanguage\":\"es\"},{\"@type\":\"Organization\",\"@id\":\"https:\\\/\\\/canal7slp.tv\\\/2019\\\/#organization\",\"name\":\"Comunicaci\u00f3n 2000 S.A. de C.V.\",\"url\":\"https:\\\/\\\/canal7slp.tv\\\/2019\\\/\",\"logo\":{\"@type\":\"ImageObject\",\"inLanguage\":\"es\",\"@id\":\"https:\\\/\\\/canal7slp.tv\\\/2019\\\/#\\\/schema\\\/logo\\\/image\\\/\",\"url\":\"https:\\\/\\\/canal7slp.tv\\\/2019\\\/wp-content\\\/uploads\\\/2019\\\/07\\\/logo-c7.png\",\"contentUrl\":\"https:\\\/\\\/canal7slp.tv\\\/2019\\\/wp-content\\\/uploads\\\/2019\\\/07\\\/logo-c7.png\",\"width\":220,\"height\":60,\"caption\":\"Comunicaci\u00f3n 2000 S.A. de C.V.\"},\"image\":{\"@id\":\"https:\\\/\\\/canal7slp.tv\\\/2019\\\/#\\\/schema\\\/logo\\\/image\\\/\"},\"sameAs\":[\"https:\\\/\\\/www.facebook.com\\\/CANAL7SLP\\\/\",\"https:\\\/\\\/x.com\\\/canal7_slp\",\"https:\\\/\\\/www.instagram.com\\\/canal7_slp\",\"https:\\\/\\\/www.youtube.com\\\/user\\\/NOTICIEROSCANAL7SLP\\\/\"]},{\"@type\":\"Person\",\"@id\":\"https:\\\/\\\/canal7slp.tv\\\/2019\\\/#\\\/schema\\\/person\\\/11d941c1c6ca30ac0a46b95fa37aa2e3\",\"name\":\"edicionweb\",\"image\":{\"@type\":\"ImageObject\",\"inLanguage\":\"es\",\"@id\":\"https:\\\/\\\/secure.gravatar.com\\\/avatar\\\/eee448fc3f7164808013b816ba91ac7e43bbe82a70bebac296f8bc6f0addaa1a?s=96&d=mm&r=g\",\"url\":\"https:\\\/\\\/secure.gravatar.com\\\/avatar\\\/eee448fc3f7164808013b816ba91ac7e43bbe82a70bebac296f8bc6f0addaa1a?s=96&d=mm&r=g\",\"contentUrl\":\"https:\\\/\\\/secure.gravatar.com\\\/avatar\\\/eee448fc3f7164808013b816ba91ac7e43bbe82a70bebac296f8bc6f0addaa1a?s=96&d=mm&r=g\",\"caption\":\"edicionweb\"}}]}<\/script>\n<!-- \/ Yoast SEO plugin. -->","yoast_head_json":{"title":"Fallo por caso de violaci\u00f3n grupal causa pol\u00e9mica en Espa\u00f1a - Canal 7 SLP - 2019","robots":{"index":"index","follow":"follow","max-snippet":"max-snippet:-1","max-image-preview":"max-image-preview:large","max-video-preview":"max-video-preview:-1"},"canonical":"https:\/\/canal7slp.tv\/2019\/fallo-por-caso-de-violacion-grupal-causa-polemica-en-espana\/","og_locale":"es_ES","og_type":"article","og_title":"Fallo por caso de violaci\u00f3n grupal causa pol\u00e9mica en Espa\u00f1a - Canal 7 SLP - 2019","og_description":"Jueces consideran que la v\u00edctima estaba inconsciente y dan una condena reducida solo por cargos de abuso sexual Espa\u00f1a.- Asociaciones y juristas reclamaron este viernes cambios legislativos en Espa\u00f1a despu\u00e9s de que cinco hombres fueron absueltos de cargos de violaci\u00f3n a una menor y fueron condenados por abuso sexual por considerar el juez que la [&hellip;]","og_url":"https:\/\/canal7slp.tv\/2019\/fallo-por-caso-de-violacion-grupal-causa-polemica-en-espana\/","og_site_name":"Canal 7 SLP - 2019","article_publisher":"https:\/\/www.facebook.com\/CANAL7SLP\/","article_published_time":"2019-11-02T01:18:00+00:00","og_image":[{"width":770,"height":485,"url":"https:\/\/canal7slp.tv\/2019\/wp-content\/uploads\/2019\/11\/1924.jpg","type":"image\/jpeg"}],"author":"edicionweb","twitter_card":"summary_large_image","twitter_creator":"@canal7_slp","twitter_site":"@canal7_slp","twitter_misc":{"Escrito por":"edicionweb","Tiempo de lectura":"3 minutos"},"schema":{"@context":"https:\/\/schema.org","@graph":[{"@type":"Article","@id":"https:\/\/canal7slp.tv\/2019\/fallo-por-caso-de-violacion-grupal-causa-polemica-en-espana\/#article","isPartOf":{"@id":"https:\/\/canal7slp.tv\/2019\/fallo-por-caso-de-violacion-grupal-causa-polemica-en-espana\/"},"author":{"name":"edicionweb","@id":"https:\/\/canal7slp.tv\/2019\/#\/schema\/person\/11d941c1c6ca30ac0a46b95fa37aa2e3"},"headline":"Fallo por caso de violaci\u00f3n grupal causa pol\u00e9mica en Espa\u00f1a","datePublished":"2019-11-02T01:18:00+00:00","mainEntityOfPage":{"@id":"https:\/\/canal7slp.tv\/2019\/fallo-por-caso-de-violacion-grupal-causa-polemica-en-espana\/"},"wordCount":520,"commentCount":0,"publisher":{"@id":"https:\/\/canal7slp.tv\/2019\/#organization"},"image":{"@id":"https:\/\/canal7slp.tv\/2019\/fallo-por-caso-de-violacion-grupal-causa-polemica-en-espana\/#primaryimage"},"thumbnailUrl":"https:\/\/canal7slp.tv\/2019\/wp-content\/uploads\/2019\/11\/1924.jpg","articleSection":["INTERNACIONAL"],"inLanguage":"es","potentialAction":[{"@type":"CommentAction","name":"Comment","target":["https:\/\/canal7slp.tv\/2019\/fallo-por-caso-de-violacion-grupal-causa-polemica-en-espana\/#respond"]}]},{"@type":"WebPage","@id":"https:\/\/canal7slp.tv\/2019\/fallo-por-caso-de-violacion-grupal-causa-polemica-en-espana\/","url":"https:\/\/canal7slp.tv\/2019\/fallo-por-caso-de-violacion-grupal-causa-polemica-en-espana\/","name":"Fallo por caso de violaci\u00f3n grupal causa pol\u00e9mica en Espa\u00f1a - Canal 7 SLP - 2019","isPartOf":{"@id":"https:\/\/canal7slp.tv\/2019\/#website"},"primaryImageOfPage":{"@id":"https:\/\/canal7slp.tv\/2019\/fallo-por-caso-de-violacion-grupal-causa-polemica-en-espana\/#primaryimage"},"image":{"@id":"https:\/\/canal7slp.tv\/2019\/fallo-por-caso-de-violacion-grupal-causa-polemica-en-espana\/#primaryimage"},"thumbnailUrl":"https:\/\/canal7slp.tv\/2019\/wp-content\/uploads\/2019\/11\/1924.jpg","datePublished":"2019-11-02T01:18:00+00:00","breadcrumb":{"@id":"https:\/\/canal7slp.tv\/2019\/fallo-por-caso-de-violacion-grupal-causa-polemica-en-espana\/#breadcrumb"},"inLanguage":"es","potentialAction":[{"@type":"ReadAction","target":["https:\/\/canal7slp.tv\/2019\/fallo-por-caso-de-violacion-grupal-causa-polemica-en-espana\/"]}]},{"@type":"ImageObject","inLanguage":"es","@id":"https:\/\/canal7slp.tv\/2019\/fallo-por-caso-de-violacion-grupal-causa-polemica-en-espana\/#primaryimage","url":"https:\/\/canal7slp.tv\/2019\/wp-content\/uploads\/2019\/11\/1924.jpg","contentUrl":"https:\/\/canal7slp.tv\/2019\/wp-content\/uploads\/2019\/11\/1924.jpg","width":770,"height":485},{"@type":"BreadcrumbList","@id":"https:\/\/canal7slp.tv\/2019\/fallo-por-caso-de-violacion-grupal-causa-polemica-en-espana\/#breadcrumb","itemListElement":[{"@type":"ListItem","position":1,"name":"Home","item":"https:\/\/canal7slp.tv\/2019\/"},{"@type":"ListItem","position":2,"name":"Fallo por caso de violaci\u00f3n grupal causa pol\u00e9mica en Espa\u00f1a"}]},{"@type":"WebSite","@id":"https:\/\/canal7slp.tv\/2019\/#website","url":"https:\/\/canal7slp.tv\/2019\/","name":"Canal 7 SLP - Somos TV","description":"Somos un Canal de 10","publisher":{"@id":"https:\/\/canal7slp.tv\/2019\/#organization"},"potentialAction":[{"@type":"SearchAction","target":{"@type":"EntryPoint","urlTemplate":"https:\/\/canal7slp.tv\/2019\/?s={search_term_string}"},"query-input":{"@type":"PropertyValueSpecification","valueRequired":true,"valueName":"search_term_string"}}],"inLanguage":"es"},{"@type":"Organization","@id":"https:\/\/canal7slp.tv\/2019\/#organization","name":"Comunicaci\u00f3n 2000 S.A. de C.V.","url":"https:\/\/canal7slp.tv\/2019\/","logo":{"@type":"ImageObject","inLanguage":"es","@id":"https:\/\/canal7slp.tv\/2019\/#\/schema\/logo\/image\/","url":"https:\/\/canal7slp.tv\/2019\/wp-content\/uploads\/2019\/07\/logo-c7.png","contentUrl":"https:\/\/canal7slp.tv\/2019\/wp-content\/uploads\/2019\/07\/logo-c7.png","width":220,"height":60,"caption":"Comunicaci\u00f3n 2000 S.A. de C.V."},"image":{"@id":"https:\/\/canal7slp.tv\/2019\/#\/schema\/logo\/image\/"},"sameAs":["https:\/\/www.facebook.com\/CANAL7SLP\/","https:\/\/x.com\/canal7_slp","https:\/\/www.instagram.com\/canal7_slp","https:\/\/www.youtube.com\/user\/NOTICIEROSCANAL7SLP\/"]},{"@type":"Person","@id":"https:\/\/canal7slp.tv\/2019\/#\/schema\/person\/11d941c1c6ca30ac0a46b95fa37aa2e3","name":"edicionweb","image":{"@type":"ImageObject","inLanguage":"es","@id":"https:\/\/secure.gravatar.com\/avatar\/eee448fc3f7164808013b816ba91ac7e43bbe82a70bebac296f8bc6f0addaa1a?s=96&d=mm&r=g","url":"https:\/\/secure.gravatar.com\/avatar\/eee448fc3f7164808013b816ba91ac7e43bbe82a70bebac296f8bc6f0addaa1a?s=96&d=mm&r=g","contentUrl":"https:\/\/secure.gravatar.com\/avatar\/eee448fc3f7164808013b816ba91ac7e43bbe82a70bebac296f8bc6f0addaa1a?s=96&d=mm&r=g","caption":"edicionweb"}}]}},"amp_enabled":true,"cmb2":{"video_ids_in_playlist":{"vid_p_videos":""},"video_ids_in_channel":{"vid_c_videos":""},"playlist_ids_in_channel":{"vid_c_playlists":""},"series_ids_in_channel":{"vid_c_series":""},"channel_images":{"vid_c_logo":"","vid_c_banner":""},"poster_feature_image":{"vid_m_poster_image":""},"gif_feature_image":{"vid_m_gif_image":""},"video_movie_settings":{"vid_m_director":"","vid_m_actor":"","vid_m_imdb_ratings":"","vid_m_amazon_associates":""},"vid_youtube_broadcasts_settings":{"vid_yb_broadcast_title":"","vid_yb_q":"","vid_yb_channelid":"","vid_yb_videocategoryid":"","vid_yb_maxresults":"","vid_yb_order":"","vid_yb_regioncode":"","vid_yb_videosyndicated":"","vid_yb_style":"","vid_yb_reload_first":""},"video_series_settings":{"vid_m_director":"","vid_m_actor":"","vid_m_imdb_ratings":"","video_series_group":""},"amazon_associates_settings":{"amazon_associates":"","amazon_native_ad":""},"vid_youtube_automatic_settings":{"vid_ya_youtube_source":"","vid_ya_update_every":"","vid_ya_update_unit":"","vid_ya_categories":"","vid_ya_published_after":"","vid_ya_published_before":"","vid_ya_playlists":"","vid_ya_channels":"","vid_ya_director":"","vid_ya_actor":"","vid_ya_author":"","vid_ya_import_post_date":"","vid_ya_status":"","vid_ya_sub_api_key":""},"vid_ads_m_videoads_settings_post":{"vid_ads_m_video_ads":"","vid_ads_m_video_ads_type":"","vid_ads_m_group_google_ima":"","vid_ads_m_group_image":"","vid_ads_m_group_html5_video":"","vid_ads_m_group_html":"","vid_ads_m_vast_preroll":"","vid_ads_m_vast_postroll":"","vid_ads_m_vast_pauseroll":"","vid_ads_m_vast_midroll":[{"vid_ads_m_vast_timer_seconds":"50"}],"vid_ads_m_time_to_show_ads":"","vid_ads_m_time_skip_ads":"","vid_ads_m_time_to_hide_ads":""},"page_slider_settings":{"display_slider_group":"","page_slider_group":""},"blog_page_settings":{"blog_page_title":"","blog_page_heading":"","blog_page_ic":"","blog_page_it":"","blog_page_ec":"","blog_page_ip":"","archive_loop_style":"","blog_image_ratio":"","blog_show_categories":"","blog_show_excerpt":"","blog_show_author":"","blog_show_date":"","blog_show_comment_count":"","blog_show_view_count":"","blog_show_like_count":"","blog_show_dislike_count":"","blog_items_per_page":"","blog_pag_type":""},"page_options":{"get_page_template":"","color_mode":"","main_layout":"","main_layout_full_with":"","main_logo":"","main_logo_retina":"","main_logo_mobile":"","main_logo_mobile_retina":"","sticky_logo":"","sticky_logo_retina":"","main_nav_layout":"","ajax_search":"","header_background":"","theme_sidebar":"","instagram_feed":"","instagram_feed_position":"","popular_videos":"","popular_videos_title_1":"","popular_videos_title_2":"","popular_videos_ic":"","popular_videos_it":"","theme_background":"","page_custom_css":""},"feature_image_settings":{"feature_image_position":""},"video_player_settings":{"single_video_style":"","video_player_position":"","vm_video_url":"","video_player_library":"","video_streaming":"","vm_media_sources":"","vid_auto_play":"","vm_video_shortcode":"","vid_p_sync_playlist":"","vid_c_sync_channel":"","get_post_format":"","multiple_links_structure":"default","multi_links_title":"","vm_video_multi_links":"","vm_duration":"","vid_social_locker":"off","vid_social_locker_id":"","vid_membership_action":"content-video","vm_video_trailer_url":"","vid_download_type":"free","vid_download_target":"download","vid_woo_product":"","vm_media_download":"","user_rating":"","user_rating_position":"","user_rating_mode":"","user_rating_multi_sets":""},"video_auto_fetch_settings":{"vm_video_fetch":"on"},"video_fake_views_likes":{"vm_fake_views":"","vm_fake_likes":"","vm_fake_dislikes":""},"gallery_settings":{"gallery_position":""},"quote_settings":{"quote_position":""},"post_options":{"main_layout":"","main_logo":"","main_logo_retina":"","main_logo_mobile":"","main_logo_mobile_retina":"","sticky_logo":"","sticky_logo_retina":"","main_nav_layout":"","header_background":"","theme_sidebar":"","single_post_comment_type":"","theme_background":""}},"_links":{"self":[{"href":"https:\/\/canal7slp.tv\/2019\/wp-json\/wp\/v2\/posts\/79156","targetHints":{"allow":["GET"]}}],"collection":[{"href":"https:\/\/canal7slp.tv\/2019\/wp-json\/wp\/v2\/posts"}],"about":[{"href":"https:\/\/canal7slp.tv\/2019\/wp-json\/wp\/v2\/types\/post"}],"author":[{"embeddable":true,"href":"https:\/\/canal7slp.tv\/2019\/wp-json\/wp\/v2\/users\/2"}],"replies":[{"embeddable":true,"href":"https:\/\/canal7slp.tv\/2019\/wp-json\/wp\/v2\/comments?post=79156"}],"version-history":[{"count":0,"href":"https:\/\/canal7slp.tv\/2019\/wp-json\/wp\/v2\/posts\/79156\/revisions"}],"wp:featuredmedia":[{"embeddable":true,"href":"https:\/\/canal7slp.tv\/2019\/wp-json\/wp\/v2\/media\/79157"}],"wp:attachment":[{"href":"https:\/\/canal7slp.tv\/2019\/wp-json\/wp\/v2\/media?parent=79156"}],"wp:term":[{"taxonomy":"category","embeddable":true,"href":"https:\/\/canal7slp.tv\/2019\/wp-json\/wp\/v2\/categories?post=79156"},{"taxonomy":"post_tag","embeddable":true,"href":"https:\/\/canal7slp.tv\/2019\/wp-json\/wp\/v2\/tags?post=79156"}],"curies":[{"name":"wp","href":"https:\/\/api.w.org\/{rel}","templated":true}]}}