{"id":7912,"date":"2019-06-06T07:58:55","date_gmt":"2019-06-06T12:58:55","guid":{"rendered":"https:\/\/canal7slp.tv\/2019\/?p=7912"},"modified":"2019-06-06T07:58:55","modified_gmt":"2019-06-06T12:58:55","slug":"muestran-cinefotografia-de-figueroa-y-lubezki-en-puebla","status":"publish","type":"post","link":"https:\/\/canal7slp.tv\/2019\/muestran-cinefotografia-de-figueroa-y-lubezki-en-puebla\/","title":{"rendered":"Muestran cinefotograf\u00eda de Figueroa y Lubezki en Puebla"},"content":{"rendered":"<p style=\"text-align: justify\">Puebla.- Cintas como <em>El renacido<\/em>,\u00a0<em>Birdman,<\/em>\u00a0<em>Ni\u00f1os del hombre<\/em>\u00a0y\u00a0<em>S\u00f3lo con tu pareja<\/em>\u00a0en las que particip\u00f3 el fot\u00f3grafo mexicano Emmanuel Lubezki, as\u00ed como\u00a0<em>Macario<\/em>\u00a0con el trabajo de Gabriel Figueroa, podr\u00e1n ser vistas en la Ciudad de Puebla, en el marco del ciclo \u201cLuz y sombra\u201d.<\/p>\n<p style=\"text-align: justify\">Durante este mes en la sala del Instituto Municipal de Arte y Cultura de Puebla (IMACP), as\u00ed como en el Teatro de la Ciudad, entre otros lugares, ser\u00e1n proyectados 10 filmes en los que se destacan las t\u00e9cnicas en el manejo de la iluminaci\u00f3n de la fotograf\u00eda cinematogr\u00e1fica.<\/p>\n<p style=\"text-align: justify\">El programa, que tiene como objetivo promover la apreciaci\u00f3n del S\u00e9ptimo Arte, incluye cintas del director Alejandro Gonz\u00e1lez I\u00f1\u00e1rritu, como\u00a0<em>Birdman<\/em>\u00a0(2014), y\u00a0<em>El renacido<\/em>, que present\u00f3 un a\u00f1o despu\u00e9s, mientras que del cineasta Alfonso Cuar\u00f3n estar\u00e1n\u00a0<em>Ni\u00f1os del hombre<\/em>\u00a0(2006) y\u00a0<em>S\u00f3lo con tu pareja (<\/em>1991).<\/p>\n<p style=\"text-align: justify\">Los amantes de los cl\u00e1sicos de anta\u00f1o tambi\u00e9n podr\u00e1n disfrutar de la multipremiada cinta\u00a0<em>Macario,<\/em>\u00a0que el realizador Roberto Gavald\u00f3n exhibi\u00f3 en Cannes y fue nominada a un Oscar en 1960, y del cl\u00e1sico\u00a0<em>\u00a1Viva M\u00e9xico!<\/em>, que el ruso Sergei Eisenstein film\u00f3 entre 1930 y 1932, sin concluirla.<\/p>\n<p style=\"text-align: justify\">El coordinador de Cinefilia, Josu\u00e9 Sa\u00fal Ben\u00edtez, detall\u00f3 que las proyecciones en el Teatro de la Ciudad se har\u00e1n los martes de junio, mientras que en la sala del IMACP ser\u00e1n los mi\u00e9rcoles y s\u00e1bados, se precis\u00f3 en un comunicado.<\/p>\n<p style=\"text-align: justify\">Este programa llegar\u00e1 adem\u00e1s a la Unidad Habitacional La Rosa y a las juntas auxiliares de San Felipe Hueyotlipan, Ignacio Zaragoza y San Pedro Zacachimalpa, entre otros puntos, al igual que al Seminario Palafoxiano y la Biblioteca Central de la Benem\u00e9rita Universidad Aut\u00f3noma de Puebla (BUAP).<\/p>\n<p style=\"text-align: justify\"><em>Macario<\/em>\u00a0es una de las obras maestras de Gabriel Figueroa, quien particip\u00f3 en 235 pel\u00edculas\u00a0realizadas en M\u00e9xico y Estados Unidos, entre ellas\u00a0<em>Los hijos de S\u00e1nchez<\/em>,\u00a0<em>Los olvidados<\/em>,\u00a0<em>Cananea<\/em>\u00a0y\u00a0<em>Pedro P\u00e1ramo<\/em>, adem\u00e1s de ser nominado al Oscar por\u00a0<em>La noche de la iguana<\/em>.<\/p>\n<p style=\"text-align: justify\">El cinefot\u00f3grafo mexicano recibi\u00f3 en 1971 el Premio Nacional de las Artes, adem\u00e1s de que fund\u00f3 y dirigi\u00f3 la Academia de Artes y Ciencias Cinematogr\u00e1ficas de M\u00e9xico.<\/p>\n<p style=\"text-align: justify\">En tanto que el director, productor y fot\u00f3grafo mexicano Emmanuel Lubezki Morgenstern, apodado \u201cel Chivo\u201d, ha sido nominado en ocho ocasiones al premio Oscar, que gana por su trabajo en las cintas\u00a0<em>El renacido<\/em>,\u00a0<em>Gravity<\/em>\u00a0y\u00a0<em>Birdman.<\/em><\/p>\n<p style=\"text-align: justify\">Tambi\u00e9n sobresale con los filmes\u00a0<em>Como agua para chocolate<\/em>,\u00a0<em>Y tu mam\u00e1 tambi\u00e9n<\/em>,\u00a0<em>Solo con tu pareja<\/em>,\u00a0<em>\u00bfConoces a Joe Black?<\/em>,\u00a0<em>El \u00e1rbol de la vida<\/em>,\u00a0<em>Ni\u00f1os del hombre<\/em>,\u00a0<em>La Leyenda del jinete sin cabeza<\/em>\u00a0y\u00a0<em>La Princesita<\/em>, entre otras. Con Gonz\u00e1lez I\u00f1\u00e1rritu, es art\u00edfice de\u00a0<em>Carne y arena<\/em>, trabajo de realidad virtual sobre la migraci\u00f3n de indocumentados por la frontera entre M\u00e9xico y Estados Unidos.<\/p>\n","protected":false},"excerpt":{"rendered":"<p>Puebla.- Cintas como El renacido,\u00a0Birdman,\u00a0Ni\u00f1os del hombre\u00a0y\u00a0S\u00f3lo con tu pareja\u00a0en las que particip\u00f3 el fot\u00f3grafo mexicano Emmanuel Lubezki, as\u00ed como\u00a0Macario\u00a0con el trabajo de Gabriel Figueroa, podr\u00e1n ser vistas en la Ciudad de Puebla, en el marco del ciclo \u201cLuz y sombra\u201d. Durante este mes en la sala del Instituto Municipal de Arte y Cultura de [&hellip;]<\/p>\n","protected":false},"author":2,"featured_media":7913,"comment_status":"open","ping_status":"closed","sticky":false,"template":"","format":"standard","meta":{"footnotes":""},"categories":[24],"tags":[],"class_list":["post-7912","post","type-post","status-publish","format-standard","has-post-thumbnail","hentry","category-espectaculos"],"yoast_head":"<!-- This site is optimized with the Yoast SEO plugin v27.5 - https:\/\/yoast.com\/product\/yoast-seo-wordpress\/ -->\n<title>Muestran cinefotograf\u00eda de Figueroa y Lubezki en Puebla - Canal 7 SLP - 2019<\/title>\n<meta name=\"robots\" content=\"index, follow, max-snippet:-1, max-image-preview:large, max-video-preview:-1\" \/>\n<link rel=\"canonical\" href=\"https:\/\/canal7slp.tv\/2019\/muestran-cinefotografia-de-figueroa-y-lubezki-en-puebla\/\" \/>\n<meta property=\"og:locale\" content=\"es_ES\" \/>\n<meta property=\"og:type\" content=\"article\" \/>\n<meta property=\"og:title\" content=\"Muestran cinefotograf\u00eda de Figueroa y Lubezki en Puebla - Canal 7 SLP - 2019\" \/>\n<meta property=\"og:description\" content=\"Puebla.- Cintas como El renacido,\u00a0Birdman,\u00a0Ni\u00f1os del hombre\u00a0y\u00a0S\u00f3lo con tu pareja\u00a0en las que particip\u00f3 el fot\u00f3grafo mexicano Emmanuel Lubezki, as\u00ed como\u00a0Macario\u00a0con el trabajo de Gabriel Figueroa, podr\u00e1n ser vistas en la Ciudad de Puebla, en el marco del ciclo \u201cLuz y sombra\u201d. Durante este mes en la sala del Instituto Municipal de Arte y Cultura de [&hellip;]\" \/>\n<meta property=\"og:url\" content=\"https:\/\/canal7slp.tv\/2019\/muestran-cinefotografia-de-figueroa-y-lubezki-en-puebla\/\" \/>\n<meta property=\"og:site_name\" content=\"Canal 7 SLP - 2019\" \/>\n<meta property=\"article:publisher\" content=\"https:\/\/www.facebook.com\/CANAL7SLP\/\" \/>\n<meta property=\"article:published_time\" content=\"2019-06-06T12:58:55+00:00\" \/>\n<meta property=\"og:image\" content=\"https:\/\/canal7slp.tv\/2019\/wp-content\/uploads\/2019\/06\/1100.jpeg\" \/>\n\t<meta property=\"og:image:width\" content=\"958\" \/>\n\t<meta property=\"og:image:height\" content=\"596\" \/>\n\t<meta property=\"og:image:type\" content=\"image\/jpeg\" \/>\n<meta name=\"author\" content=\"edicionweb\" \/>\n<meta name=\"twitter:card\" content=\"summary_large_image\" \/>\n<meta name=\"twitter:creator\" content=\"@canal7_slp\" \/>\n<meta name=\"twitter:site\" content=\"@canal7_slp\" \/>\n<meta name=\"twitter:label1\" content=\"Escrito por\" \/>\n\t<meta name=\"twitter:data1\" content=\"edicionweb\" \/>\n\t<meta name=\"twitter:label2\" content=\"Tiempo de lectura\" \/>\n\t<meta name=\"twitter:data2\" content=\"2 minutos\" \/>\n<script type=\"application\/ld+json\" class=\"yoast-schema-graph\">{\"@context\":\"https:\\\/\\\/schema.org\",\"@graph\":[{\"@type\":\"Article\",\"@id\":\"https:\\\/\\\/canal7slp.tv\\\/2019\\\/muestran-cinefotografia-de-figueroa-y-lubezki-en-puebla\\\/#article\",\"isPartOf\":{\"@id\":\"https:\\\/\\\/canal7slp.tv\\\/2019\\\/muestran-cinefotografia-de-figueroa-y-lubezki-en-puebla\\\/\"},\"author\":{\"name\":\"edicionweb\",\"@id\":\"https:\\\/\\\/canal7slp.tv\\\/2019\\\/#\\\/schema\\\/person\\\/11d941c1c6ca30ac0a46b95fa37aa2e3\"},\"headline\":\"Muestran cinefotograf\u00eda de Figueroa y Lubezki en Puebla\",\"datePublished\":\"2019-06-06T12:58:55+00:00\",\"mainEntityOfPage\":{\"@id\":\"https:\\\/\\\/canal7slp.tv\\\/2019\\\/muestran-cinefotografia-de-figueroa-y-lubezki-en-puebla\\\/\"},\"wordCount\":506,\"commentCount\":0,\"publisher\":{\"@id\":\"https:\\\/\\\/canal7slp.tv\\\/2019\\\/#organization\"},\"image\":{\"@id\":\"https:\\\/\\\/canal7slp.tv\\\/2019\\\/muestran-cinefotografia-de-figueroa-y-lubezki-en-puebla\\\/#primaryimage\"},\"thumbnailUrl\":\"https:\\\/\\\/canal7slp.tv\\\/2019\\\/wp-content\\\/uploads\\\/2019\\\/06\\\/1100.jpeg\",\"articleSection\":[\"ESPECTACULOS\"],\"inLanguage\":\"es\",\"potentialAction\":[{\"@type\":\"CommentAction\",\"name\":\"Comment\",\"target\":[\"https:\\\/\\\/canal7slp.tv\\\/2019\\\/muestran-cinefotografia-de-figueroa-y-lubezki-en-puebla\\\/#respond\"]}]},{\"@type\":\"WebPage\",\"@id\":\"https:\\\/\\\/canal7slp.tv\\\/2019\\\/muestran-cinefotografia-de-figueroa-y-lubezki-en-puebla\\\/\",\"url\":\"https:\\\/\\\/canal7slp.tv\\\/2019\\\/muestran-cinefotografia-de-figueroa-y-lubezki-en-puebla\\\/\",\"name\":\"Muestran cinefotograf\u00eda de Figueroa y Lubezki en Puebla - Canal 7 SLP - 2019\",\"isPartOf\":{\"@id\":\"https:\\\/\\\/canal7slp.tv\\\/2019\\\/#website\"},\"primaryImageOfPage\":{\"@id\":\"https:\\\/\\\/canal7slp.tv\\\/2019\\\/muestran-cinefotografia-de-figueroa-y-lubezki-en-puebla\\\/#primaryimage\"},\"image\":{\"@id\":\"https:\\\/\\\/canal7slp.tv\\\/2019\\\/muestran-cinefotografia-de-figueroa-y-lubezki-en-puebla\\\/#primaryimage\"},\"thumbnailUrl\":\"https:\\\/\\\/canal7slp.tv\\\/2019\\\/wp-content\\\/uploads\\\/2019\\\/06\\\/1100.jpeg\",\"datePublished\":\"2019-06-06T12:58:55+00:00\",\"breadcrumb\":{\"@id\":\"https:\\\/\\\/canal7slp.tv\\\/2019\\\/muestran-cinefotografia-de-figueroa-y-lubezki-en-puebla\\\/#breadcrumb\"},\"inLanguage\":\"es\",\"potentialAction\":[{\"@type\":\"ReadAction\",\"target\":[\"https:\\\/\\\/canal7slp.tv\\\/2019\\\/muestran-cinefotografia-de-figueroa-y-lubezki-en-puebla\\\/\"]}]},{\"@type\":\"ImageObject\",\"inLanguage\":\"es\",\"@id\":\"https:\\\/\\\/canal7slp.tv\\\/2019\\\/muestran-cinefotografia-de-figueroa-y-lubezki-en-puebla\\\/#primaryimage\",\"url\":\"https:\\\/\\\/canal7slp.tv\\\/2019\\\/wp-content\\\/uploads\\\/2019\\\/06\\\/1100.jpeg\",\"contentUrl\":\"https:\\\/\\\/canal7slp.tv\\\/2019\\\/wp-content\\\/uploads\\\/2019\\\/06\\\/1100.jpeg\",\"width\":958,\"height\":596},{\"@type\":\"BreadcrumbList\",\"@id\":\"https:\\\/\\\/canal7slp.tv\\\/2019\\\/muestran-cinefotografia-de-figueroa-y-lubezki-en-puebla\\\/#breadcrumb\",\"itemListElement\":[{\"@type\":\"ListItem\",\"position\":1,\"name\":\"Home\",\"item\":\"https:\\\/\\\/canal7slp.tv\\\/2019\\\/\"},{\"@type\":\"ListItem\",\"position\":2,\"name\":\"Muestran cinefotograf\u00eda de Figueroa y Lubezki en Puebla\"}]},{\"@type\":\"WebSite\",\"@id\":\"https:\\\/\\\/canal7slp.tv\\\/2019\\\/#website\",\"url\":\"https:\\\/\\\/canal7slp.tv\\\/2019\\\/\",\"name\":\"Canal 7 SLP - Somos TV\",\"description\":\"Somos un Canal de 10\",\"publisher\":{\"@id\":\"https:\\\/\\\/canal7slp.tv\\\/2019\\\/#organization\"},\"potentialAction\":[{\"@type\":\"SearchAction\",\"target\":{\"@type\":\"EntryPoint\",\"urlTemplate\":\"https:\\\/\\\/canal7slp.tv\\\/2019\\\/?s={search_term_string}\"},\"query-input\":{\"@type\":\"PropertyValueSpecification\",\"valueRequired\":true,\"valueName\":\"search_term_string\"}}],\"inLanguage\":\"es\"},{\"@type\":\"Organization\",\"@id\":\"https:\\\/\\\/canal7slp.tv\\\/2019\\\/#organization\",\"name\":\"Comunicaci\u00f3n 2000 S.A. de C.V.\",\"url\":\"https:\\\/\\\/canal7slp.tv\\\/2019\\\/\",\"logo\":{\"@type\":\"ImageObject\",\"inLanguage\":\"es\",\"@id\":\"https:\\\/\\\/canal7slp.tv\\\/2019\\\/#\\\/schema\\\/logo\\\/image\\\/\",\"url\":\"https:\\\/\\\/canal7slp.tv\\\/2019\\\/wp-content\\\/uploads\\\/2019\\\/07\\\/logo-c7.png\",\"contentUrl\":\"https:\\\/\\\/canal7slp.tv\\\/2019\\\/wp-content\\\/uploads\\\/2019\\\/07\\\/logo-c7.png\",\"width\":220,\"height\":60,\"caption\":\"Comunicaci\u00f3n 2000 S.A. de C.V.\"},\"image\":{\"@id\":\"https:\\\/\\\/canal7slp.tv\\\/2019\\\/#\\\/schema\\\/logo\\\/image\\\/\"},\"sameAs\":[\"https:\\\/\\\/www.facebook.com\\\/CANAL7SLP\\\/\",\"https:\\\/\\\/x.com\\\/canal7_slp\",\"https:\\\/\\\/www.instagram.com\\\/canal7_slp\",\"https:\\\/\\\/www.youtube.com\\\/user\\\/NOTICIEROSCANAL7SLP\\\/\"]},{\"@type\":\"Person\",\"@id\":\"https:\\\/\\\/canal7slp.tv\\\/2019\\\/#\\\/schema\\\/person\\\/11d941c1c6ca30ac0a46b95fa37aa2e3\",\"name\":\"edicionweb\",\"image\":{\"@type\":\"ImageObject\",\"inLanguage\":\"es\",\"@id\":\"https:\\\/\\\/secure.gravatar.com\\\/avatar\\\/eee448fc3f7164808013b816ba91ac7e43bbe82a70bebac296f8bc6f0addaa1a?s=96&d=mm&r=g\",\"url\":\"https:\\\/\\\/secure.gravatar.com\\\/avatar\\\/eee448fc3f7164808013b816ba91ac7e43bbe82a70bebac296f8bc6f0addaa1a?s=96&d=mm&r=g\",\"contentUrl\":\"https:\\\/\\\/secure.gravatar.com\\\/avatar\\\/eee448fc3f7164808013b816ba91ac7e43bbe82a70bebac296f8bc6f0addaa1a?s=96&d=mm&r=g\",\"caption\":\"edicionweb\"}}]}<\/script>\n<!-- \/ Yoast SEO plugin. -->","yoast_head_json":{"title":"Muestran cinefotograf\u00eda de Figueroa y Lubezki en Puebla - Canal 7 SLP - 2019","robots":{"index":"index","follow":"follow","max-snippet":"max-snippet:-1","max-image-preview":"max-image-preview:large","max-video-preview":"max-video-preview:-1"},"canonical":"https:\/\/canal7slp.tv\/2019\/muestran-cinefotografia-de-figueroa-y-lubezki-en-puebla\/","og_locale":"es_ES","og_type":"article","og_title":"Muestran cinefotograf\u00eda de Figueroa y Lubezki en Puebla - Canal 7 SLP - 2019","og_description":"Puebla.- Cintas como El renacido,\u00a0Birdman,\u00a0Ni\u00f1os del hombre\u00a0y\u00a0S\u00f3lo con tu pareja\u00a0en las que particip\u00f3 el fot\u00f3grafo mexicano Emmanuel Lubezki, as\u00ed como\u00a0Macario\u00a0con el trabajo de Gabriel Figueroa, podr\u00e1n ser vistas en la Ciudad de Puebla, en el marco del ciclo \u201cLuz y sombra\u201d. Durante este mes en la sala del Instituto Municipal de Arte y Cultura de [&hellip;]","og_url":"https:\/\/canal7slp.tv\/2019\/muestran-cinefotografia-de-figueroa-y-lubezki-en-puebla\/","og_site_name":"Canal 7 SLP - 2019","article_publisher":"https:\/\/www.facebook.com\/CANAL7SLP\/","article_published_time":"2019-06-06T12:58:55+00:00","og_image":[{"width":958,"height":596,"url":"https:\/\/canal7slp.tv\/2019\/wp-content\/uploads\/2019\/06\/1100.jpeg","type":"image\/jpeg"}],"author":"edicionweb","twitter_card":"summary_large_image","twitter_creator":"@canal7_slp","twitter_site":"@canal7_slp","twitter_misc":{"Escrito por":"edicionweb","Tiempo de lectura":"2 minutos"},"schema":{"@context":"https:\/\/schema.org","@graph":[{"@type":"Article","@id":"https:\/\/canal7slp.tv\/2019\/muestran-cinefotografia-de-figueroa-y-lubezki-en-puebla\/#article","isPartOf":{"@id":"https:\/\/canal7slp.tv\/2019\/muestran-cinefotografia-de-figueroa-y-lubezki-en-puebla\/"},"author":{"name":"edicionweb","@id":"https:\/\/canal7slp.tv\/2019\/#\/schema\/person\/11d941c1c6ca30ac0a46b95fa37aa2e3"},"headline":"Muestran cinefotograf\u00eda de Figueroa y Lubezki en Puebla","datePublished":"2019-06-06T12:58:55+00:00","mainEntityOfPage":{"@id":"https:\/\/canal7slp.tv\/2019\/muestran-cinefotografia-de-figueroa-y-lubezki-en-puebla\/"},"wordCount":506,"commentCount":0,"publisher":{"@id":"https:\/\/canal7slp.tv\/2019\/#organization"},"image":{"@id":"https:\/\/canal7slp.tv\/2019\/muestran-cinefotografia-de-figueroa-y-lubezki-en-puebla\/#primaryimage"},"thumbnailUrl":"https:\/\/canal7slp.tv\/2019\/wp-content\/uploads\/2019\/06\/1100.jpeg","articleSection":["ESPECTACULOS"],"inLanguage":"es","potentialAction":[{"@type":"CommentAction","name":"Comment","target":["https:\/\/canal7slp.tv\/2019\/muestran-cinefotografia-de-figueroa-y-lubezki-en-puebla\/#respond"]}]},{"@type":"WebPage","@id":"https:\/\/canal7slp.tv\/2019\/muestran-cinefotografia-de-figueroa-y-lubezki-en-puebla\/","url":"https:\/\/canal7slp.tv\/2019\/muestran-cinefotografia-de-figueroa-y-lubezki-en-puebla\/","name":"Muestran cinefotograf\u00eda de Figueroa y Lubezki en Puebla - Canal 7 SLP - 2019","isPartOf":{"@id":"https:\/\/canal7slp.tv\/2019\/#website"},"primaryImageOfPage":{"@id":"https:\/\/canal7slp.tv\/2019\/muestran-cinefotografia-de-figueroa-y-lubezki-en-puebla\/#primaryimage"},"image":{"@id":"https:\/\/canal7slp.tv\/2019\/muestran-cinefotografia-de-figueroa-y-lubezki-en-puebla\/#primaryimage"},"thumbnailUrl":"https:\/\/canal7slp.tv\/2019\/wp-content\/uploads\/2019\/06\/1100.jpeg","datePublished":"2019-06-06T12:58:55+00:00","breadcrumb":{"@id":"https:\/\/canal7slp.tv\/2019\/muestran-cinefotografia-de-figueroa-y-lubezki-en-puebla\/#breadcrumb"},"inLanguage":"es","potentialAction":[{"@type":"ReadAction","target":["https:\/\/canal7slp.tv\/2019\/muestran-cinefotografia-de-figueroa-y-lubezki-en-puebla\/"]}]},{"@type":"ImageObject","inLanguage":"es","@id":"https:\/\/canal7slp.tv\/2019\/muestran-cinefotografia-de-figueroa-y-lubezki-en-puebla\/#primaryimage","url":"https:\/\/canal7slp.tv\/2019\/wp-content\/uploads\/2019\/06\/1100.jpeg","contentUrl":"https:\/\/canal7slp.tv\/2019\/wp-content\/uploads\/2019\/06\/1100.jpeg","width":958,"height":596},{"@type":"BreadcrumbList","@id":"https:\/\/canal7slp.tv\/2019\/muestran-cinefotografia-de-figueroa-y-lubezki-en-puebla\/#breadcrumb","itemListElement":[{"@type":"ListItem","position":1,"name":"Home","item":"https:\/\/canal7slp.tv\/2019\/"},{"@type":"ListItem","position":2,"name":"Muestran cinefotograf\u00eda de Figueroa y Lubezki en Puebla"}]},{"@type":"WebSite","@id":"https:\/\/canal7slp.tv\/2019\/#website","url":"https:\/\/canal7slp.tv\/2019\/","name":"Canal 7 SLP - Somos TV","description":"Somos un Canal de 10","publisher":{"@id":"https:\/\/canal7slp.tv\/2019\/#organization"},"potentialAction":[{"@type":"SearchAction","target":{"@type":"EntryPoint","urlTemplate":"https:\/\/canal7slp.tv\/2019\/?s={search_term_string}"},"query-input":{"@type":"PropertyValueSpecification","valueRequired":true,"valueName":"search_term_string"}}],"inLanguage":"es"},{"@type":"Organization","@id":"https:\/\/canal7slp.tv\/2019\/#organization","name":"Comunicaci\u00f3n 2000 S.A. de C.V.","url":"https:\/\/canal7slp.tv\/2019\/","logo":{"@type":"ImageObject","inLanguage":"es","@id":"https:\/\/canal7slp.tv\/2019\/#\/schema\/logo\/image\/","url":"https:\/\/canal7slp.tv\/2019\/wp-content\/uploads\/2019\/07\/logo-c7.png","contentUrl":"https:\/\/canal7slp.tv\/2019\/wp-content\/uploads\/2019\/07\/logo-c7.png","width":220,"height":60,"caption":"Comunicaci\u00f3n 2000 S.A. de C.V."},"image":{"@id":"https:\/\/canal7slp.tv\/2019\/#\/schema\/logo\/image\/"},"sameAs":["https:\/\/www.facebook.com\/CANAL7SLP\/","https:\/\/x.com\/canal7_slp","https:\/\/www.instagram.com\/canal7_slp","https:\/\/www.youtube.com\/user\/NOTICIEROSCANAL7SLP\/"]},{"@type":"Person","@id":"https:\/\/canal7slp.tv\/2019\/#\/schema\/person\/11d941c1c6ca30ac0a46b95fa37aa2e3","name":"edicionweb","image":{"@type":"ImageObject","inLanguage":"es","@id":"https:\/\/secure.gravatar.com\/avatar\/eee448fc3f7164808013b816ba91ac7e43bbe82a70bebac296f8bc6f0addaa1a?s=96&d=mm&r=g","url":"https:\/\/secure.gravatar.com\/avatar\/eee448fc3f7164808013b816ba91ac7e43bbe82a70bebac296f8bc6f0addaa1a?s=96&d=mm&r=g","contentUrl":"https:\/\/secure.gravatar.com\/avatar\/eee448fc3f7164808013b816ba91ac7e43bbe82a70bebac296f8bc6f0addaa1a?s=96&d=mm&r=g","caption":"edicionweb"}}]}},"amp_enabled":true,"cmb2":{"video_ids_in_playlist":{"vid_p_videos":""},"video_ids_in_channel":{"vid_c_videos":""},"playlist_ids_in_channel":{"vid_c_playlists":""},"series_ids_in_channel":{"vid_c_series":""},"channel_images":{"vid_c_logo":"","vid_c_banner":""},"poster_feature_image":{"vid_m_poster_image":""},"gif_feature_image":{"vid_m_gif_image":""},"video_movie_settings":{"vid_m_director":"","vid_m_actor":"","vid_m_imdb_ratings":"","vid_m_amazon_associates":""},"vid_youtube_broadcasts_settings":{"vid_yb_broadcast_title":"","vid_yb_q":"","vid_yb_channelid":"","vid_yb_videocategoryid":"","vid_yb_maxresults":"","vid_yb_order":"","vid_yb_regioncode":"","vid_yb_videosyndicated":"","vid_yb_style":"","vid_yb_reload_first":""},"video_series_settings":{"vid_m_director":"","vid_m_actor":"","vid_m_imdb_ratings":"","video_series_group":""},"amazon_associates_settings":{"amazon_associates":"","amazon_native_ad":""},"vid_youtube_automatic_settings":{"vid_ya_youtube_source":"","vid_ya_update_every":"","vid_ya_update_unit":"","vid_ya_categories":"","vid_ya_published_after":"","vid_ya_published_before":"","vid_ya_playlists":"","vid_ya_channels":"","vid_ya_director":"","vid_ya_actor":"","vid_ya_author":"","vid_ya_import_post_date":"","vid_ya_status":"","vid_ya_sub_api_key":""},"vid_ads_m_videoads_settings_post":{"vid_ads_m_video_ads":"","vid_ads_m_video_ads_type":"","vid_ads_m_group_google_ima":"","vid_ads_m_group_image":"","vid_ads_m_group_html5_video":"","vid_ads_m_group_html":"","vid_ads_m_vast_preroll":"","vid_ads_m_vast_postroll":"","vid_ads_m_vast_pauseroll":"","vid_ads_m_vast_midroll":[{"vid_ads_m_vast_timer_seconds":"50"}],"vid_ads_m_time_to_show_ads":"","vid_ads_m_time_skip_ads":"","vid_ads_m_time_to_hide_ads":""},"page_slider_settings":{"display_slider_group":"","page_slider_group":""},"blog_page_settings":{"blog_page_title":"","blog_page_heading":"","blog_page_ic":"","blog_page_it":"","blog_page_ec":"","blog_page_ip":"","archive_loop_style":"","blog_image_ratio":"","blog_show_categories":"","blog_show_excerpt":"","blog_show_author":"","blog_show_date":"","blog_show_comment_count":"","blog_show_view_count":"","blog_show_like_count":"","blog_show_dislike_count":"","blog_items_per_page":"","blog_pag_type":""},"page_options":{"get_page_template":"","color_mode":"","main_layout":"","main_layout_full_with":"","main_logo":"","main_logo_retina":"","main_logo_mobile":"","main_logo_mobile_retina":"","sticky_logo":"","sticky_logo_retina":"","main_nav_layout":"","ajax_search":"","header_background":"","theme_sidebar":"","instagram_feed":"","instagram_feed_position":"","popular_videos":"","popular_videos_title_1":"","popular_videos_title_2":"","popular_videos_ic":"","popular_videos_it":"","theme_background":"","page_custom_css":""},"feature_image_settings":{"feature_image_position":""},"video_player_settings":{"single_video_style":"","video_player_position":"","vm_video_url":"","video_player_library":"","video_streaming":"","vm_media_sources":"","vid_auto_play":"","vm_video_shortcode":"","vid_p_sync_playlist":"","vid_c_sync_channel":"","get_post_format":"","multiple_links_structure":"default","multi_links_title":"","vm_video_multi_links":"","vm_duration":"","vid_social_locker":"off","vid_social_locker_id":"","vid_membership_action":"content-video","vm_video_trailer_url":"","vid_download_type":"free","vid_download_target":"download","vid_woo_product":"","vm_media_download":"","user_rating":"","user_rating_position":"","user_rating_mode":"","user_rating_multi_sets":""},"video_auto_fetch_settings":{"vm_video_fetch":"on"},"video_fake_views_likes":{"vm_fake_views":"","vm_fake_likes":"","vm_fake_dislikes":""},"gallery_settings":{"gallery_position":""},"quote_settings":{"quote_position":""},"post_options":{"main_layout":"","main_logo":"","main_logo_retina":"","main_logo_mobile":"","main_logo_mobile_retina":"","sticky_logo":"","sticky_logo_retina":"","main_nav_layout":"","header_background":"","theme_sidebar":"","single_post_comment_type":"","theme_background":""}},"_links":{"self":[{"href":"https:\/\/canal7slp.tv\/2019\/wp-json\/wp\/v2\/posts\/7912","targetHints":{"allow":["GET"]}}],"collection":[{"href":"https:\/\/canal7slp.tv\/2019\/wp-json\/wp\/v2\/posts"}],"about":[{"href":"https:\/\/canal7slp.tv\/2019\/wp-json\/wp\/v2\/types\/post"}],"author":[{"embeddable":true,"href":"https:\/\/canal7slp.tv\/2019\/wp-json\/wp\/v2\/users\/2"}],"replies":[{"embeddable":true,"href":"https:\/\/canal7slp.tv\/2019\/wp-json\/wp\/v2\/comments?post=7912"}],"version-history":[{"count":0,"href":"https:\/\/canal7slp.tv\/2019\/wp-json\/wp\/v2\/posts\/7912\/revisions"}],"wp:featuredmedia":[{"embeddable":true,"href":"https:\/\/canal7slp.tv\/2019\/wp-json\/wp\/v2\/media\/7913"}],"wp:attachment":[{"href":"https:\/\/canal7slp.tv\/2019\/wp-json\/wp\/v2\/media?parent=7912"}],"wp:term":[{"taxonomy":"category","embeddable":true,"href":"https:\/\/canal7slp.tv\/2019\/wp-json\/wp\/v2\/categories?post=7912"},{"taxonomy":"post_tag","embeddable":true,"href":"https:\/\/canal7slp.tv\/2019\/wp-json\/wp\/v2\/tags?post=7912"}],"curies":[{"name":"wp","href":"https:\/\/api.w.org\/{rel}","templated":true}]}}