{"id":7902,"date":"2019-06-06T07:47:18","date_gmt":"2019-06-06T12:47:18","guid":{"rendered":"https:\/\/canal7slp.tv\/2019\/?p=7902"},"modified":"2019-06-06T07:47:18","modified_gmt":"2019-06-06T12:47:18","slug":"llegada-de-jovenes-en-el-tri-es-bueno-para-el-futuro-andres-guardado","status":"publish","type":"post","link":"https:\/\/canal7slp.tv\/2019\/llegada-de-jovenes-en-el-tri-es-bueno-para-el-futuro-andres-guardado\/","title":{"rendered":"Llegada de j\u00f3venes en el Tri es bueno para el futuro: Andr\u00e9s Guardado"},"content":{"rendered":"<p style=\"text-align: justify\">Atlanta, EUA..- La presencia de jugadores j\u00f3venes en la Selecci\u00f3n Nacional de M\u00e9xico ilusiona al mediocampista Andr\u00e9s Guardado, quien asegur\u00f3 que es bueno para el futuro del equipo, con el que espera ganar la Copa Oro 2019.<\/p>\n<p style=\"text-align: justify\">\u201cPor diversos motivos faltan jugadores, pero en los que est\u00e1n se nota la ilusi\u00f3n, es su primer torneo para muchos de ellos, m\u00e1s que contagiar mi experiencia me contagian esa ilusi\u00f3n de estar aqu\u00ed, de seguir ganando partidos y cosas con la selecci\u00f3n, los j\u00f3venes demuestran mucha personalidad y es bueno para el futuro\u201d, dijo el tapat\u00edo.<\/p>\n<p style=\"text-align: justify\">En declaraciones a Univisi\u00f3n al t\u00e9rmino del encuentro en el que M\u00e9xico se impuso 3-1 a Venezuela, el jugador del Betis de la Liga de Espa\u00f1a lament\u00f3 la lesi\u00f3n ocurrida a Edson \u00c1lvarez, de quien espera est\u00e9 listo para jugar el torneo de la Concacaf.<\/p>\n<p style=\"text-align: justify\">\u201cVeremos la lesi\u00f3n, qu\u00e9 alcance tiene, ojal\u00e1 pueda estar en la Copa de Oro\u201d, dijo uno de los referentes del equipo en la actualidad y que colabor\u00f3 con el tercer gol del equipo.<\/p>\n<p style=\"text-align: justify\">Tambi\u00e9n destac\u00f3 al cuadro venezolano como un buen sinodal, ante el cual mostraron buen trabajo en la salida con el bal\u00f3n, aunque falta afinar detalles y llegar bien al torneo, el cual desea conquistar.<\/p>\n<p style=\"text-align: justify\">Roberto Alvarado, quien marc\u00f3 su primer gol con la selecci\u00f3n y que logr\u00f3 la igualada moment\u00e1nea, resalt\u00f3 el trabajo realizado por \u00e9l y sus compa\u00f1eros en la cancha del Mercedes Benz Arena.<\/p>\n<p style=\"text-align: justify\">\u201cEs un triunfo importante, en lo personal creo que me ayud\u00f3 mucho, me siento tranquilo, los compa\u00f1eros pusieron su granito de arena\u201d, dijo y asegur\u00f3 que deber\u00e1n seguir trabajando \u201ce ir poco a poco\u201d.<\/p>\n<p style=\"text-align: justify\">Aunque el equipo se ha visto afectado por diversas bajas, algunas por lesi\u00f3n, dijo que los que reciban la oportunidad deben estar listos cuando llegue, \u201cdar lo mejor, que uno se quede satisfecho de que hizo las cosas bien\u201d, concluy\u00f3 el \u201cPiojo\u201d Alvarado, motivado por su gol con el Tri, \u201cespero que sea el primero de muchos\u201d.<\/p>\n","protected":false},"excerpt":{"rendered":"<p>Atlanta, EUA..- La presencia de jugadores j\u00f3venes en la Selecci\u00f3n Nacional de M\u00e9xico ilusiona al mediocampista Andr\u00e9s Guardado, quien asegur\u00f3 que es bueno para el futuro del equipo, con el que espera ganar la Copa Oro 2019. \u201cPor diversos motivos faltan jugadores, pero en los que est\u00e1n se nota la ilusi\u00f3n, es su primer torneo [&hellip;]<\/p>\n","protected":false},"author":2,"featured_media":7903,"comment_status":"open","ping_status":"closed","sticky":false,"template":"","format":"standard","meta":{"footnotes":""},"categories":[96],"tags":[],"class_list":["post-7902","post","type-post","status-publish","format-standard","has-post-thumbnail","hentry","category-deportes"],"yoast_head":"<!-- This site is optimized with the Yoast SEO plugin v27.5 - https:\/\/yoast.com\/product\/yoast-seo-wordpress\/ -->\n<title>Llegada de j\u00f3venes en el Tri es bueno para el futuro: Andr\u00e9s Guardado - Canal 7 SLP - 2019<\/title>\n<meta name=\"robots\" content=\"index, follow, max-snippet:-1, max-image-preview:large, max-video-preview:-1\" \/>\n<link rel=\"canonical\" href=\"https:\/\/canal7slp.tv\/2019\/llegada-de-jovenes-en-el-tri-es-bueno-para-el-futuro-andres-guardado\/\" \/>\n<meta property=\"og:locale\" content=\"es_ES\" \/>\n<meta property=\"og:type\" content=\"article\" \/>\n<meta property=\"og:title\" content=\"Llegada de j\u00f3venes en el Tri es bueno para el futuro: Andr\u00e9s Guardado - Canal 7 SLP - 2019\" \/>\n<meta property=\"og:description\" content=\"Atlanta, EUA..- La presencia de jugadores j\u00f3venes en la Selecci\u00f3n Nacional de M\u00e9xico ilusiona al mediocampista Andr\u00e9s Guardado, quien asegur\u00f3 que es bueno para el futuro del equipo, con el que espera ganar la Copa Oro 2019. \u201cPor diversos motivos faltan jugadores, pero en los que est\u00e1n se nota la ilusi\u00f3n, es su primer torneo [&hellip;]\" \/>\n<meta property=\"og:url\" content=\"https:\/\/canal7slp.tv\/2019\/llegada-de-jovenes-en-el-tri-es-bueno-para-el-futuro-andres-guardado\/\" \/>\n<meta property=\"og:site_name\" content=\"Canal 7 SLP - 2019\" \/>\n<meta property=\"article:publisher\" content=\"https:\/\/www.facebook.com\/CANAL7SLP\/\" \/>\n<meta property=\"article:published_time\" content=\"2019-06-06T12:47:18+00:00\" \/>\n<meta property=\"og:image\" content=\"https:\/\/canal7slp.tv\/2019\/wp-content\/uploads\/2019\/06\/1030-4.jpg\" \/>\n\t<meta property=\"og:image:width\" content=\"810\" \/>\n\t<meta property=\"og:image:height\" content=\"417\" \/>\n\t<meta property=\"og:image:type\" content=\"image\/jpeg\" \/>\n<meta name=\"author\" content=\"edicionweb\" \/>\n<meta name=\"twitter:card\" content=\"summary_large_image\" \/>\n<meta name=\"twitter:creator\" content=\"@canal7_slp\" \/>\n<meta name=\"twitter:site\" content=\"@canal7_slp\" \/>\n<meta name=\"twitter:label1\" content=\"Escrito por\" \/>\n\t<meta name=\"twitter:data1\" content=\"edicionweb\" \/>\n\t<meta name=\"twitter:label2\" content=\"Tiempo de lectura\" \/>\n\t<meta name=\"twitter:data2\" content=\"2 minutos\" \/>\n<script type=\"application\/ld+json\" class=\"yoast-schema-graph\">{\"@context\":\"https:\\\/\\\/schema.org\",\"@graph\":[{\"@type\":\"Article\",\"@id\":\"https:\\\/\\\/canal7slp.tv\\\/2019\\\/llegada-de-jovenes-en-el-tri-es-bueno-para-el-futuro-andres-guardado\\\/#article\",\"isPartOf\":{\"@id\":\"https:\\\/\\\/canal7slp.tv\\\/2019\\\/llegada-de-jovenes-en-el-tri-es-bueno-para-el-futuro-andres-guardado\\\/\"},\"author\":{\"name\":\"edicionweb\",\"@id\":\"https:\\\/\\\/canal7slp.tv\\\/2019\\\/#\\\/schema\\\/person\\\/11d941c1c6ca30ac0a46b95fa37aa2e3\"},\"headline\":\"Llegada de j\u00f3venes en el Tri es bueno para el futuro: Andr\u00e9s Guardado\",\"datePublished\":\"2019-06-06T12:47:18+00:00\",\"mainEntityOfPage\":{\"@id\":\"https:\\\/\\\/canal7slp.tv\\\/2019\\\/llegada-de-jovenes-en-el-tri-es-bueno-para-el-futuro-andres-guardado\\\/\"},\"wordCount\":369,\"commentCount\":0,\"publisher\":{\"@id\":\"https:\\\/\\\/canal7slp.tv\\\/2019\\\/#organization\"},\"image\":{\"@id\":\"https:\\\/\\\/canal7slp.tv\\\/2019\\\/llegada-de-jovenes-en-el-tri-es-bueno-para-el-futuro-andres-guardado\\\/#primaryimage\"},\"thumbnailUrl\":\"https:\\\/\\\/canal7slp.tv\\\/2019\\\/wp-content\\\/uploads\\\/2019\\\/06\\\/1030-4.jpg\",\"articleSection\":[\"DEPORTES\"],\"inLanguage\":\"es\",\"potentialAction\":[{\"@type\":\"CommentAction\",\"name\":\"Comment\",\"target\":[\"https:\\\/\\\/canal7slp.tv\\\/2019\\\/llegada-de-jovenes-en-el-tri-es-bueno-para-el-futuro-andres-guardado\\\/#respond\"]}]},{\"@type\":\"WebPage\",\"@id\":\"https:\\\/\\\/canal7slp.tv\\\/2019\\\/llegada-de-jovenes-en-el-tri-es-bueno-para-el-futuro-andres-guardado\\\/\",\"url\":\"https:\\\/\\\/canal7slp.tv\\\/2019\\\/llegada-de-jovenes-en-el-tri-es-bueno-para-el-futuro-andres-guardado\\\/\",\"name\":\"Llegada de j\u00f3venes en el Tri es bueno para el futuro: Andr\u00e9s Guardado - Canal 7 SLP - 2019\",\"isPartOf\":{\"@id\":\"https:\\\/\\\/canal7slp.tv\\\/2019\\\/#website\"},\"primaryImageOfPage\":{\"@id\":\"https:\\\/\\\/canal7slp.tv\\\/2019\\\/llegada-de-jovenes-en-el-tri-es-bueno-para-el-futuro-andres-guardado\\\/#primaryimage\"},\"image\":{\"@id\":\"https:\\\/\\\/canal7slp.tv\\\/2019\\\/llegada-de-jovenes-en-el-tri-es-bueno-para-el-futuro-andres-guardado\\\/#primaryimage\"},\"thumbnailUrl\":\"https:\\\/\\\/canal7slp.tv\\\/2019\\\/wp-content\\\/uploads\\\/2019\\\/06\\\/1030-4.jpg\",\"datePublished\":\"2019-06-06T12:47:18+00:00\",\"breadcrumb\":{\"@id\":\"https:\\\/\\\/canal7slp.tv\\\/2019\\\/llegada-de-jovenes-en-el-tri-es-bueno-para-el-futuro-andres-guardado\\\/#breadcrumb\"},\"inLanguage\":\"es\",\"potentialAction\":[{\"@type\":\"ReadAction\",\"target\":[\"https:\\\/\\\/canal7slp.tv\\\/2019\\\/llegada-de-jovenes-en-el-tri-es-bueno-para-el-futuro-andres-guardado\\\/\"]}]},{\"@type\":\"ImageObject\",\"inLanguage\":\"es\",\"@id\":\"https:\\\/\\\/canal7slp.tv\\\/2019\\\/llegada-de-jovenes-en-el-tri-es-bueno-para-el-futuro-andres-guardado\\\/#primaryimage\",\"url\":\"https:\\\/\\\/canal7slp.tv\\\/2019\\\/wp-content\\\/uploads\\\/2019\\\/06\\\/1030-4.jpg\",\"contentUrl\":\"https:\\\/\\\/canal7slp.tv\\\/2019\\\/wp-content\\\/uploads\\\/2019\\\/06\\\/1030-4.jpg\",\"width\":810,\"height\":417},{\"@type\":\"BreadcrumbList\",\"@id\":\"https:\\\/\\\/canal7slp.tv\\\/2019\\\/llegada-de-jovenes-en-el-tri-es-bueno-para-el-futuro-andres-guardado\\\/#breadcrumb\",\"itemListElement\":[{\"@type\":\"ListItem\",\"position\":1,\"name\":\"Home\",\"item\":\"https:\\\/\\\/canal7slp.tv\\\/2019\\\/\"},{\"@type\":\"ListItem\",\"position\":2,\"name\":\"Llegada de j\u00f3venes en el Tri es bueno para el futuro: Andr\u00e9s Guardado\"}]},{\"@type\":\"WebSite\",\"@id\":\"https:\\\/\\\/canal7slp.tv\\\/2019\\\/#website\",\"url\":\"https:\\\/\\\/canal7slp.tv\\\/2019\\\/\",\"name\":\"Canal 7 SLP - Somos TV\",\"description\":\"Somos un Canal de 10\",\"publisher\":{\"@id\":\"https:\\\/\\\/canal7slp.tv\\\/2019\\\/#organization\"},\"potentialAction\":[{\"@type\":\"SearchAction\",\"target\":{\"@type\":\"EntryPoint\",\"urlTemplate\":\"https:\\\/\\\/canal7slp.tv\\\/2019\\\/?s={search_term_string}\"},\"query-input\":{\"@type\":\"PropertyValueSpecification\",\"valueRequired\":true,\"valueName\":\"search_term_string\"}}],\"inLanguage\":\"es\"},{\"@type\":\"Organization\",\"@id\":\"https:\\\/\\\/canal7slp.tv\\\/2019\\\/#organization\",\"name\":\"Comunicaci\u00f3n 2000 S.A. de C.V.\",\"url\":\"https:\\\/\\\/canal7slp.tv\\\/2019\\\/\",\"logo\":{\"@type\":\"ImageObject\",\"inLanguage\":\"es\",\"@id\":\"https:\\\/\\\/canal7slp.tv\\\/2019\\\/#\\\/schema\\\/logo\\\/image\\\/\",\"url\":\"https:\\\/\\\/canal7slp.tv\\\/2019\\\/wp-content\\\/uploads\\\/2019\\\/07\\\/logo-c7.png\",\"contentUrl\":\"https:\\\/\\\/canal7slp.tv\\\/2019\\\/wp-content\\\/uploads\\\/2019\\\/07\\\/logo-c7.png\",\"width\":220,\"height\":60,\"caption\":\"Comunicaci\u00f3n 2000 S.A. de C.V.\"},\"image\":{\"@id\":\"https:\\\/\\\/canal7slp.tv\\\/2019\\\/#\\\/schema\\\/logo\\\/image\\\/\"},\"sameAs\":[\"https:\\\/\\\/www.facebook.com\\\/CANAL7SLP\\\/\",\"https:\\\/\\\/x.com\\\/canal7_slp\",\"https:\\\/\\\/www.instagram.com\\\/canal7_slp\",\"https:\\\/\\\/www.youtube.com\\\/user\\\/NOTICIEROSCANAL7SLP\\\/\"]},{\"@type\":\"Person\",\"@id\":\"https:\\\/\\\/canal7slp.tv\\\/2019\\\/#\\\/schema\\\/person\\\/11d941c1c6ca30ac0a46b95fa37aa2e3\",\"name\":\"edicionweb\",\"image\":{\"@type\":\"ImageObject\",\"inLanguage\":\"es\",\"@id\":\"https:\\\/\\\/secure.gravatar.com\\\/avatar\\\/eee448fc3f7164808013b816ba91ac7e43bbe82a70bebac296f8bc6f0addaa1a?s=96&d=mm&r=g\",\"url\":\"https:\\\/\\\/secure.gravatar.com\\\/avatar\\\/eee448fc3f7164808013b816ba91ac7e43bbe82a70bebac296f8bc6f0addaa1a?s=96&d=mm&r=g\",\"contentUrl\":\"https:\\\/\\\/secure.gravatar.com\\\/avatar\\\/eee448fc3f7164808013b816ba91ac7e43bbe82a70bebac296f8bc6f0addaa1a?s=96&d=mm&r=g\",\"caption\":\"edicionweb\"}}]}<\/script>\n<!-- \/ Yoast SEO plugin. -->","yoast_head_json":{"title":"Llegada de j\u00f3venes en el Tri es bueno para el futuro: Andr\u00e9s Guardado - Canal 7 SLP - 2019","robots":{"index":"index","follow":"follow","max-snippet":"max-snippet:-1","max-image-preview":"max-image-preview:large","max-video-preview":"max-video-preview:-1"},"canonical":"https:\/\/canal7slp.tv\/2019\/llegada-de-jovenes-en-el-tri-es-bueno-para-el-futuro-andres-guardado\/","og_locale":"es_ES","og_type":"article","og_title":"Llegada de j\u00f3venes en el Tri es bueno para el futuro: Andr\u00e9s Guardado - Canal 7 SLP - 2019","og_description":"Atlanta, EUA..- La presencia de jugadores j\u00f3venes en la Selecci\u00f3n Nacional de M\u00e9xico ilusiona al mediocampista Andr\u00e9s Guardado, quien asegur\u00f3 que es bueno para el futuro del equipo, con el que espera ganar la Copa Oro 2019. \u201cPor diversos motivos faltan jugadores, pero en los que est\u00e1n se nota la ilusi\u00f3n, es su primer torneo [&hellip;]","og_url":"https:\/\/canal7slp.tv\/2019\/llegada-de-jovenes-en-el-tri-es-bueno-para-el-futuro-andres-guardado\/","og_site_name":"Canal 7 SLP - 2019","article_publisher":"https:\/\/www.facebook.com\/CANAL7SLP\/","article_published_time":"2019-06-06T12:47:18+00:00","og_image":[{"width":810,"height":417,"url":"https:\/\/canal7slp.tv\/2019\/wp-content\/uploads\/2019\/06\/1030-4.jpg","type":"image\/jpeg"}],"author":"edicionweb","twitter_card":"summary_large_image","twitter_creator":"@canal7_slp","twitter_site":"@canal7_slp","twitter_misc":{"Escrito por":"edicionweb","Tiempo de lectura":"2 minutos"},"schema":{"@context":"https:\/\/schema.org","@graph":[{"@type":"Article","@id":"https:\/\/canal7slp.tv\/2019\/llegada-de-jovenes-en-el-tri-es-bueno-para-el-futuro-andres-guardado\/#article","isPartOf":{"@id":"https:\/\/canal7slp.tv\/2019\/llegada-de-jovenes-en-el-tri-es-bueno-para-el-futuro-andres-guardado\/"},"author":{"name":"edicionweb","@id":"https:\/\/canal7slp.tv\/2019\/#\/schema\/person\/11d941c1c6ca30ac0a46b95fa37aa2e3"},"headline":"Llegada de j\u00f3venes en el Tri es bueno para el futuro: Andr\u00e9s Guardado","datePublished":"2019-06-06T12:47:18+00:00","mainEntityOfPage":{"@id":"https:\/\/canal7slp.tv\/2019\/llegada-de-jovenes-en-el-tri-es-bueno-para-el-futuro-andres-guardado\/"},"wordCount":369,"commentCount":0,"publisher":{"@id":"https:\/\/canal7slp.tv\/2019\/#organization"},"image":{"@id":"https:\/\/canal7slp.tv\/2019\/llegada-de-jovenes-en-el-tri-es-bueno-para-el-futuro-andres-guardado\/#primaryimage"},"thumbnailUrl":"https:\/\/canal7slp.tv\/2019\/wp-content\/uploads\/2019\/06\/1030-4.jpg","articleSection":["DEPORTES"],"inLanguage":"es","potentialAction":[{"@type":"CommentAction","name":"Comment","target":["https:\/\/canal7slp.tv\/2019\/llegada-de-jovenes-en-el-tri-es-bueno-para-el-futuro-andres-guardado\/#respond"]}]},{"@type":"WebPage","@id":"https:\/\/canal7slp.tv\/2019\/llegada-de-jovenes-en-el-tri-es-bueno-para-el-futuro-andres-guardado\/","url":"https:\/\/canal7slp.tv\/2019\/llegada-de-jovenes-en-el-tri-es-bueno-para-el-futuro-andres-guardado\/","name":"Llegada de j\u00f3venes en el Tri es bueno para el futuro: Andr\u00e9s Guardado - Canal 7 SLP - 2019","isPartOf":{"@id":"https:\/\/canal7slp.tv\/2019\/#website"},"primaryImageOfPage":{"@id":"https:\/\/canal7slp.tv\/2019\/llegada-de-jovenes-en-el-tri-es-bueno-para-el-futuro-andres-guardado\/#primaryimage"},"image":{"@id":"https:\/\/canal7slp.tv\/2019\/llegada-de-jovenes-en-el-tri-es-bueno-para-el-futuro-andres-guardado\/#primaryimage"},"thumbnailUrl":"https:\/\/canal7slp.tv\/2019\/wp-content\/uploads\/2019\/06\/1030-4.jpg","datePublished":"2019-06-06T12:47:18+00:00","breadcrumb":{"@id":"https:\/\/canal7slp.tv\/2019\/llegada-de-jovenes-en-el-tri-es-bueno-para-el-futuro-andres-guardado\/#breadcrumb"},"inLanguage":"es","potentialAction":[{"@type":"ReadAction","target":["https:\/\/canal7slp.tv\/2019\/llegada-de-jovenes-en-el-tri-es-bueno-para-el-futuro-andres-guardado\/"]}]},{"@type":"ImageObject","inLanguage":"es","@id":"https:\/\/canal7slp.tv\/2019\/llegada-de-jovenes-en-el-tri-es-bueno-para-el-futuro-andres-guardado\/#primaryimage","url":"https:\/\/canal7slp.tv\/2019\/wp-content\/uploads\/2019\/06\/1030-4.jpg","contentUrl":"https:\/\/canal7slp.tv\/2019\/wp-content\/uploads\/2019\/06\/1030-4.jpg","width":810,"height":417},{"@type":"BreadcrumbList","@id":"https:\/\/canal7slp.tv\/2019\/llegada-de-jovenes-en-el-tri-es-bueno-para-el-futuro-andres-guardado\/#breadcrumb","itemListElement":[{"@type":"ListItem","position":1,"name":"Home","item":"https:\/\/canal7slp.tv\/2019\/"},{"@type":"ListItem","position":2,"name":"Llegada de j\u00f3venes en el Tri es bueno para el futuro: Andr\u00e9s Guardado"}]},{"@type":"WebSite","@id":"https:\/\/canal7slp.tv\/2019\/#website","url":"https:\/\/canal7slp.tv\/2019\/","name":"Canal 7 SLP - Somos TV","description":"Somos un Canal de 10","publisher":{"@id":"https:\/\/canal7slp.tv\/2019\/#organization"},"potentialAction":[{"@type":"SearchAction","target":{"@type":"EntryPoint","urlTemplate":"https:\/\/canal7slp.tv\/2019\/?s={search_term_string}"},"query-input":{"@type":"PropertyValueSpecification","valueRequired":true,"valueName":"search_term_string"}}],"inLanguage":"es"},{"@type":"Organization","@id":"https:\/\/canal7slp.tv\/2019\/#organization","name":"Comunicaci\u00f3n 2000 S.A. de C.V.","url":"https:\/\/canal7slp.tv\/2019\/","logo":{"@type":"ImageObject","inLanguage":"es","@id":"https:\/\/canal7slp.tv\/2019\/#\/schema\/logo\/image\/","url":"https:\/\/canal7slp.tv\/2019\/wp-content\/uploads\/2019\/07\/logo-c7.png","contentUrl":"https:\/\/canal7slp.tv\/2019\/wp-content\/uploads\/2019\/07\/logo-c7.png","width":220,"height":60,"caption":"Comunicaci\u00f3n 2000 S.A. de C.V."},"image":{"@id":"https:\/\/canal7slp.tv\/2019\/#\/schema\/logo\/image\/"},"sameAs":["https:\/\/www.facebook.com\/CANAL7SLP\/","https:\/\/x.com\/canal7_slp","https:\/\/www.instagram.com\/canal7_slp","https:\/\/www.youtube.com\/user\/NOTICIEROSCANAL7SLP\/"]},{"@type":"Person","@id":"https:\/\/canal7slp.tv\/2019\/#\/schema\/person\/11d941c1c6ca30ac0a46b95fa37aa2e3","name":"edicionweb","image":{"@type":"ImageObject","inLanguage":"es","@id":"https:\/\/secure.gravatar.com\/avatar\/eee448fc3f7164808013b816ba91ac7e43bbe82a70bebac296f8bc6f0addaa1a?s=96&d=mm&r=g","url":"https:\/\/secure.gravatar.com\/avatar\/eee448fc3f7164808013b816ba91ac7e43bbe82a70bebac296f8bc6f0addaa1a?s=96&d=mm&r=g","contentUrl":"https:\/\/secure.gravatar.com\/avatar\/eee448fc3f7164808013b816ba91ac7e43bbe82a70bebac296f8bc6f0addaa1a?s=96&d=mm&r=g","caption":"edicionweb"}}]}},"amp_enabled":true,"cmb2":{"video_ids_in_playlist":{"vid_p_videos":""},"video_ids_in_channel":{"vid_c_videos":""},"playlist_ids_in_channel":{"vid_c_playlists":""},"series_ids_in_channel":{"vid_c_series":""},"channel_images":{"vid_c_logo":"","vid_c_banner":""},"poster_feature_image":{"vid_m_poster_image":""},"gif_feature_image":{"vid_m_gif_image":""},"video_movie_settings":{"vid_m_director":"","vid_m_actor":"","vid_m_imdb_ratings":"","vid_m_amazon_associates":""},"vid_youtube_broadcasts_settings":{"vid_yb_broadcast_title":"","vid_yb_q":"","vid_yb_channelid":"","vid_yb_videocategoryid":"","vid_yb_maxresults":"","vid_yb_order":"","vid_yb_regioncode":"","vid_yb_videosyndicated":"","vid_yb_style":"","vid_yb_reload_first":""},"video_series_settings":{"vid_m_director":"","vid_m_actor":"","vid_m_imdb_ratings":"","video_series_group":""},"amazon_associates_settings":{"amazon_associates":"","amazon_native_ad":""},"vid_youtube_automatic_settings":{"vid_ya_youtube_source":"","vid_ya_update_every":"","vid_ya_update_unit":"","vid_ya_categories":"","vid_ya_published_after":"","vid_ya_published_before":"","vid_ya_playlists":"","vid_ya_channels":"","vid_ya_director":"","vid_ya_actor":"","vid_ya_author":"","vid_ya_import_post_date":"","vid_ya_status":"","vid_ya_sub_api_key":""},"vid_ads_m_videoads_settings_post":{"vid_ads_m_video_ads":"","vid_ads_m_video_ads_type":"","vid_ads_m_group_google_ima":"","vid_ads_m_group_image":"","vid_ads_m_group_html5_video":"","vid_ads_m_group_html":"","vid_ads_m_vast_preroll":"","vid_ads_m_vast_postroll":"","vid_ads_m_vast_pauseroll":"","vid_ads_m_vast_midroll":[{"vid_ads_m_vast_timer_seconds":"50"}],"vid_ads_m_time_to_show_ads":"","vid_ads_m_time_skip_ads":"","vid_ads_m_time_to_hide_ads":""},"page_slider_settings":{"display_slider_group":"","page_slider_group":""},"blog_page_settings":{"blog_page_title":"","blog_page_heading":"","blog_page_ic":"","blog_page_it":"","blog_page_ec":"","blog_page_ip":"","archive_loop_style":"","blog_image_ratio":"","blog_show_categories":"","blog_show_excerpt":"","blog_show_author":"","blog_show_date":"","blog_show_comment_count":"","blog_show_view_count":"","blog_show_like_count":"","blog_show_dislike_count":"","blog_items_per_page":"","blog_pag_type":""},"page_options":{"get_page_template":"","color_mode":"","main_layout":"","main_layout_full_with":"","main_logo":"","main_logo_retina":"","main_logo_mobile":"","main_logo_mobile_retina":"","sticky_logo":"","sticky_logo_retina":"","main_nav_layout":"","ajax_search":"","header_background":"","theme_sidebar":"","instagram_feed":"","instagram_feed_position":"","popular_videos":"","popular_videos_title_1":"","popular_videos_title_2":"","popular_videos_ic":"","popular_videos_it":"","theme_background":"","page_custom_css":""},"feature_image_settings":{"feature_image_position":""},"video_player_settings":{"single_video_style":"","video_player_position":"","vm_video_url":"","video_player_library":"","video_streaming":"","vm_media_sources":"","vid_auto_play":"","vm_video_shortcode":"","vid_p_sync_playlist":"","vid_c_sync_channel":"","get_post_format":"","multiple_links_structure":"default","multi_links_title":"","vm_video_multi_links":"","vm_duration":"","vid_social_locker":"off","vid_social_locker_id":"","vid_membership_action":"content-video","vm_video_trailer_url":"","vid_download_type":"free","vid_download_target":"download","vid_woo_product":"","vm_media_download":"","user_rating":"","user_rating_position":"","user_rating_mode":"","user_rating_multi_sets":""},"video_auto_fetch_settings":{"vm_video_fetch":"on"},"video_fake_views_likes":{"vm_fake_views":"","vm_fake_likes":"","vm_fake_dislikes":""},"gallery_settings":{"gallery_position":""},"quote_settings":{"quote_position":""},"post_options":{"main_layout":"","main_logo":"","main_logo_retina":"","main_logo_mobile":"","main_logo_mobile_retina":"","sticky_logo":"","sticky_logo_retina":"","main_nav_layout":"","header_background":"","theme_sidebar":"","single_post_comment_type":"","theme_background":""}},"_links":{"self":[{"href":"https:\/\/canal7slp.tv\/2019\/wp-json\/wp\/v2\/posts\/7902","targetHints":{"allow":["GET"]}}],"collection":[{"href":"https:\/\/canal7slp.tv\/2019\/wp-json\/wp\/v2\/posts"}],"about":[{"href":"https:\/\/canal7slp.tv\/2019\/wp-json\/wp\/v2\/types\/post"}],"author":[{"embeddable":true,"href":"https:\/\/canal7slp.tv\/2019\/wp-json\/wp\/v2\/users\/2"}],"replies":[{"embeddable":true,"href":"https:\/\/canal7slp.tv\/2019\/wp-json\/wp\/v2\/comments?post=7902"}],"version-history":[{"count":0,"href":"https:\/\/canal7slp.tv\/2019\/wp-json\/wp\/v2\/posts\/7902\/revisions"}],"wp:featuredmedia":[{"embeddable":true,"href":"https:\/\/canal7slp.tv\/2019\/wp-json\/wp\/v2\/media\/7903"}],"wp:attachment":[{"href":"https:\/\/canal7slp.tv\/2019\/wp-json\/wp\/v2\/media?parent=7902"}],"wp:term":[{"taxonomy":"category","embeddable":true,"href":"https:\/\/canal7slp.tv\/2019\/wp-json\/wp\/v2\/categories?post=7902"},{"taxonomy":"post_tag","embeddable":true,"href":"https:\/\/canal7slp.tv\/2019\/wp-json\/wp\/v2\/tags?post=7902"}],"curies":[{"name":"wp","href":"https:\/\/api.w.org\/{rel}","templated":true}]}}