{"id":79006,"date":"2019-11-01T12:16:13","date_gmt":"2019-11-01T18:16:13","guid":{"rendered":"https:\/\/canal7slp.tv\/2019\/?p=79006"},"modified":"2019-11-01T12:16:13","modified_gmt":"2019-11-01T18:16:13","slug":"el-recuento-de-en-casa-con-mis-monstruos","status":"publish","type":"post","link":"https:\/\/canal7slp.tv\/2019\/el-recuento-de-en-casa-con-mis-monstruos\/","title":{"rendered":"El recuento de &#8220;En casa con mis monstruos&#8221;"},"content":{"rendered":"<ul>\n<li style=\"text-align: justify\">A unos d\u00edas de que la c\u00e9lebre exposici\u00f3n del cineasta tapat\u00edo Guillermo del Toro culmine, la directora del FICG, Estrella Araiza, da los pormenores de esta muestra<\/li>\n<\/ul>\n<p style=\"text-align: justify\">Guadalajara.- Este domingo 3 de noviembre cierra su ciclo la exposici\u00f3n \u201cEn casa con mis monstruos\u201d de Guillermo del Toro, en el Museo de las Artes de la Universidad de Guadalajara (MUSA), y Estrella Araiza, directora del Festival Internacional de Cine en Guadalajara (FICG) realiz\u00f3 un recuento de lo que signific\u00f3 este proyecto para la ciudad. Y adelanta que si bien la muestra culmina, seguir\u00e1n trabajando con la marca para la realizaci\u00f3n de los conciertos orquestales en otros lugares de la Rep\u00fablica.<\/p>\n<p style=\"text-align: justify\">\u201cEstamos muy cerca de la cifra de 200 mil personas que vinieron a visitar, no queremos soltar la cifra exacta porque todav\u00eda siguen pasando. Guillermo est\u00e1 contento, yo creo que \u00e9l ha recibido much\u00edsima m\u00e1s presi\u00f3n que nosotros para que la exposici\u00f3n se extienda, pero ahora s\u00ed ya es inamovible\u201d, comparte Araiza.<\/p>\n<p style=\"text-align: justify\">Igualmente, explica que las expectativas en torno a las visitas se superaron. Fueron 158 d\u00edas de la muestra. Adem\u00e1s, comparte que quienes m\u00e1s visitaron la exposici\u00f3n fueron j\u00f3venes menores de 30 a\u00f1os, \u201cy eso est\u00e1 muy bien porque realmente todo se hizo un poco para ese grupo de edad\u201d.<\/p>\n<p style=\"text-align: justify\">Sobre lo que deja este proyecto para Guadalajara, Estrella cuenta que los visitantes afirman salir con mucha inspiraci\u00f3n; adem\u00e1s, se considera esta muestra como un regalo \u00fanico para la capital de Jalisco.<\/p>\n<p style=\"text-align: justify\">Mientras que por parte de los organizadores, la directora del FICG comparte que se quedan con una gran experiencia, \u201cpara m\u00ed fue un reto en muchos niveles, no estaba preparada, pero tambi\u00e9n fue un regalo\u201d.<\/p>\n<p style=\"text-align: justify\">Sobre las an\u00e9cdotas que le llegan a la memoria est\u00e1 el de la fan\u00e1tica Jessica Guti\u00e9rrez quien acudi\u00f3 al menos ocho veces a la muestra, en dos de ellas con la presencia de Del Toro, quien asisti\u00f3 cinco veces a la exposici\u00f3n para dar recorridos.<\/p>\n<p style=\"text-align: justify\">Entre algunas de las personalidades que acudieron a la muestra fueron Alfonso Cuar\u00f3n, Diego Luna, Gael Garc\u00eda, Emilio Portes, Harold Torres y Laura Pino, entre otros. Guillermo del Toro regresar\u00e1 a Guadalajara por sus libretas que son parte de su tesoro m\u00e1s preciado.<\/p>\n<p style=\"text-align: justify\">Sobre el desmontaje y el proceso de entrega de las piezas, se\u00f1ala Estrella que la din\u00e1mica es complicada.\u201cEl mismo equipo que se contrat\u00f3 para el montaje es el mismo para el desmontaje, es parte de la Ciudad de M\u00e9xico, parte de Guadalajara y parte del museo. Por la cantidad de piezas siempre se necesita contratar m\u00e1s personas para poder mover todo. Las piezas de Guillermo regresan al lugar de origen, no solamente a Los \u00c1ngeles, a distintos lugares. Nosotros pedimos piezas prestadas de otras colecciones como \u2018El \u00e1ngel de la muerte\u2019, de Mike Elizalde. La din\u00e1mica va a durar aproximadamente un mes y medio, yo creo que para el 15 de noviembre estar\u00e1n (todas las piezas) en sus lugares de origen y hay 41 colecciones nacionales que esas tiene que venir cada comisario de cada una de ellas\u201d.<\/p>\n<p style=\"text-align: justify\">La organizaci\u00f3n se quedar\u00e1 con unas piezas que se replicaron para la exposici\u00f3n, como la mandr\u00e1gora de \u201cEl laberinto del Fauno\u201d y los fetos de \u201cEl espinazo del diablo\u201d.<\/p>\n<p style=\"text-align: justify\">Entre otros de los proyectos que hay para la expo a manera de recuerdo, est\u00e1 el poder hacer la exposici\u00f3n en realidad virtual, ya se levant\u00f3 el material al menos. La idea ser\u00eda poder llevarla a las c\u00e1rceles, el tema clave ser\u00e1 buscar el financiamiento. \u201cHay mucho registro con relaci\u00f3n a la exposici\u00f3n\u201d. Adem\u00e1s, tienen por ejemplo, dos equipos de producci\u00f3n local que est\u00e1n haciendo making-off con relaci\u00f3n al material visual que est\u00e1n levantando, estas compa\u00f1\u00edas son Nahuyaca Films y Polar Studios.<\/p>\n<p style=\"text-align: justify\"><strong>Numeralia<\/strong><\/p>\n<ul>\n<li style=\"text-align: justify\">158 d\u00edas de la muestra.<\/li>\n<li style=\"text-align: justify\">5 mil 252 recorridos hasta el momento.<\/li>\n<li style=\"text-align: justify\">25 mil 200 los visitantes de los lunes (el d\u00eda gratuito) sin contar la \u00faltima semana con visitantes gratuitos y con menor costo.<\/li>\n<li style=\"text-align: justify\">4 recorridos para personas con sordera.<\/li>\n<li style=\"text-align: justify\">1283 notas de prensa.<\/li>\n<li style=\"text-align: justify\">M\u00e1s de 200 personas involucradas en la exposici\u00f3n.<\/li>\n<li style=\"text-align: justify\">De 25 mil a 30 mil visitantes for\u00e1neos tentativamente hasta hace unas semanas.<\/li>\n<\/ul>\n","protected":false},"excerpt":{"rendered":"<p>A unos d\u00edas de que la c\u00e9lebre exposici\u00f3n del cineasta tapat\u00edo Guillermo del Toro culmine, la directora del FICG, Estrella Araiza, da los pormenores de esta muestra Guadalajara.- Este domingo 3 de noviembre cierra su ciclo la exposici\u00f3n \u201cEn casa con mis monstruos\u201d de Guillermo del Toro, en el Museo de las Artes de la [&hellip;]<\/p>\n","protected":false},"author":2,"featured_media":79007,"comment_status":"open","ping_status":"open","sticky":false,"template":"","format":"standard","meta":{"footnotes":""},"categories":[25],"tags":[],"class_list":["post-79006","post","type-post","status-publish","format-standard","has-post-thumbnail","hentry","category-cultura"],"yoast_head":"<!-- This site is optimized with the Yoast SEO plugin v27.4 - https:\/\/yoast.com\/product\/yoast-seo-wordpress\/ -->\n<title>El recuento de &quot;En casa con mis monstruos&quot; - Canal 7 SLP - 2019<\/title>\n<meta name=\"robots\" content=\"index, follow, max-snippet:-1, max-image-preview:large, max-video-preview:-1\" \/>\n<link rel=\"canonical\" href=\"https:\/\/canal7slp.tv\/2019\/el-recuento-de-en-casa-con-mis-monstruos\/\" \/>\n<meta property=\"og:locale\" content=\"es_ES\" \/>\n<meta property=\"og:type\" content=\"article\" \/>\n<meta property=\"og:title\" content=\"El recuento de &quot;En casa con mis monstruos&quot; - Canal 7 SLP - 2019\" \/>\n<meta property=\"og:description\" content=\"A unos d\u00edas de que la c\u00e9lebre exposici\u00f3n del cineasta tapat\u00edo Guillermo del Toro culmine, la directora del FICG, Estrella Araiza, da los pormenores de esta muestra Guadalajara.- Este domingo 3 de noviembre cierra su ciclo la exposici\u00f3n \u201cEn casa con mis monstruos\u201d de Guillermo del Toro, en el Museo de las Artes de la [&hellip;]\" \/>\n<meta property=\"og:url\" content=\"https:\/\/canal7slp.tv\/2019\/el-recuento-de-en-casa-con-mis-monstruos\/\" \/>\n<meta property=\"og:site_name\" content=\"Canal 7 SLP - 2019\" \/>\n<meta property=\"article:publisher\" content=\"https:\/\/www.facebook.com\/CANAL7SLP\/\" \/>\n<meta property=\"article:published_time\" content=\"2019-11-01T18:16:13+00:00\" \/>\n<meta property=\"og:image\" content=\"https:\/\/canal7slp.tv\/2019\/wp-content\/uploads\/2019\/11\/1230.jpg\" \/>\n\t<meta property=\"og:image:width\" content=\"770\" \/>\n\t<meta property=\"og:image:height\" content=\"485\" \/>\n\t<meta property=\"og:image:type\" content=\"image\/jpeg\" \/>\n<meta name=\"author\" content=\"edicionweb\" \/>\n<meta name=\"twitter:card\" content=\"summary_large_image\" \/>\n<meta name=\"twitter:creator\" content=\"@canal7_slp\" \/>\n<meta name=\"twitter:site\" content=\"@canal7_slp\" \/>\n<meta name=\"twitter:label1\" content=\"Escrito por\" \/>\n\t<meta name=\"twitter:data1\" content=\"edicionweb\" \/>\n\t<meta name=\"twitter:label2\" content=\"Tiempo de lectura\" \/>\n\t<meta name=\"twitter:data2\" content=\"4 minutos\" \/>\n<script type=\"application\/ld+json\" class=\"yoast-schema-graph\">{\"@context\":\"https:\\\/\\\/schema.org\",\"@graph\":[{\"@type\":\"Article\",\"@id\":\"https:\\\/\\\/canal7slp.tv\\\/2019\\\/el-recuento-de-en-casa-con-mis-monstruos\\\/#article\",\"isPartOf\":{\"@id\":\"https:\\\/\\\/canal7slp.tv\\\/2019\\\/el-recuento-de-en-casa-con-mis-monstruos\\\/\"},\"author\":{\"name\":\"edicionweb\",\"@id\":\"https:\\\/\\\/canal7slp.tv\\\/2019\\\/#\\\/schema\\\/person\\\/11d941c1c6ca30ac0a46b95fa37aa2e3\"},\"headline\":\"El recuento de &#8220;En casa con mis monstruos&#8221;\",\"datePublished\":\"2019-11-01T18:16:13+00:00\",\"mainEntityOfPage\":{\"@id\":\"https:\\\/\\\/canal7slp.tv\\\/2019\\\/el-recuento-de-en-casa-con-mis-monstruos\\\/\"},\"wordCount\":729,\"commentCount\":0,\"publisher\":{\"@id\":\"https:\\\/\\\/canal7slp.tv\\\/2019\\\/#organization\"},\"image\":{\"@id\":\"https:\\\/\\\/canal7slp.tv\\\/2019\\\/el-recuento-de-en-casa-con-mis-monstruos\\\/#primaryimage\"},\"thumbnailUrl\":\"https:\\\/\\\/canal7slp.tv\\\/2019\\\/wp-content\\\/uploads\\\/2019\\\/11\\\/1230.jpg\",\"articleSection\":[\"CULTURA\"],\"inLanguage\":\"es\",\"potentialAction\":[{\"@type\":\"CommentAction\",\"name\":\"Comment\",\"target\":[\"https:\\\/\\\/canal7slp.tv\\\/2019\\\/el-recuento-de-en-casa-con-mis-monstruos\\\/#respond\"]}]},{\"@type\":\"WebPage\",\"@id\":\"https:\\\/\\\/canal7slp.tv\\\/2019\\\/el-recuento-de-en-casa-con-mis-monstruos\\\/\",\"url\":\"https:\\\/\\\/canal7slp.tv\\\/2019\\\/el-recuento-de-en-casa-con-mis-monstruos\\\/\",\"name\":\"El recuento de \\\"En casa con mis monstruos\\\" - Canal 7 SLP - 2019\",\"isPartOf\":{\"@id\":\"https:\\\/\\\/canal7slp.tv\\\/2019\\\/#website\"},\"primaryImageOfPage\":{\"@id\":\"https:\\\/\\\/canal7slp.tv\\\/2019\\\/el-recuento-de-en-casa-con-mis-monstruos\\\/#primaryimage\"},\"image\":{\"@id\":\"https:\\\/\\\/canal7slp.tv\\\/2019\\\/el-recuento-de-en-casa-con-mis-monstruos\\\/#primaryimage\"},\"thumbnailUrl\":\"https:\\\/\\\/canal7slp.tv\\\/2019\\\/wp-content\\\/uploads\\\/2019\\\/11\\\/1230.jpg\",\"datePublished\":\"2019-11-01T18:16:13+00:00\",\"breadcrumb\":{\"@id\":\"https:\\\/\\\/canal7slp.tv\\\/2019\\\/el-recuento-de-en-casa-con-mis-monstruos\\\/#breadcrumb\"},\"inLanguage\":\"es\",\"potentialAction\":[{\"@type\":\"ReadAction\",\"target\":[\"https:\\\/\\\/canal7slp.tv\\\/2019\\\/el-recuento-de-en-casa-con-mis-monstruos\\\/\"]}]},{\"@type\":\"ImageObject\",\"inLanguage\":\"es\",\"@id\":\"https:\\\/\\\/canal7slp.tv\\\/2019\\\/el-recuento-de-en-casa-con-mis-monstruos\\\/#primaryimage\",\"url\":\"https:\\\/\\\/canal7slp.tv\\\/2019\\\/wp-content\\\/uploads\\\/2019\\\/11\\\/1230.jpg\",\"contentUrl\":\"https:\\\/\\\/canal7slp.tv\\\/2019\\\/wp-content\\\/uploads\\\/2019\\\/11\\\/1230.jpg\",\"width\":770,\"height\":485},{\"@type\":\"BreadcrumbList\",\"@id\":\"https:\\\/\\\/canal7slp.tv\\\/2019\\\/el-recuento-de-en-casa-con-mis-monstruos\\\/#breadcrumb\",\"itemListElement\":[{\"@type\":\"ListItem\",\"position\":1,\"name\":\"Home\",\"item\":\"https:\\\/\\\/canal7slp.tv\\\/2019\\\/\"},{\"@type\":\"ListItem\",\"position\":2,\"name\":\"El recuento de &#8220;En casa con mis monstruos&#8221;\"}]},{\"@type\":\"WebSite\",\"@id\":\"https:\\\/\\\/canal7slp.tv\\\/2019\\\/#website\",\"url\":\"https:\\\/\\\/canal7slp.tv\\\/2019\\\/\",\"name\":\"Canal 7 SLP - Somos TV\",\"description\":\"Somos un Canal de 10\",\"publisher\":{\"@id\":\"https:\\\/\\\/canal7slp.tv\\\/2019\\\/#organization\"},\"potentialAction\":[{\"@type\":\"SearchAction\",\"target\":{\"@type\":\"EntryPoint\",\"urlTemplate\":\"https:\\\/\\\/canal7slp.tv\\\/2019\\\/?s={search_term_string}\"},\"query-input\":{\"@type\":\"PropertyValueSpecification\",\"valueRequired\":true,\"valueName\":\"search_term_string\"}}],\"inLanguage\":\"es\"},{\"@type\":\"Organization\",\"@id\":\"https:\\\/\\\/canal7slp.tv\\\/2019\\\/#organization\",\"name\":\"Comunicaci\u00f3n 2000 S.A. de C.V.\",\"url\":\"https:\\\/\\\/canal7slp.tv\\\/2019\\\/\",\"logo\":{\"@type\":\"ImageObject\",\"inLanguage\":\"es\",\"@id\":\"https:\\\/\\\/canal7slp.tv\\\/2019\\\/#\\\/schema\\\/logo\\\/image\\\/\",\"url\":\"https:\\\/\\\/canal7slp.tv\\\/2019\\\/wp-content\\\/uploads\\\/2019\\\/07\\\/logo-c7.png\",\"contentUrl\":\"https:\\\/\\\/canal7slp.tv\\\/2019\\\/wp-content\\\/uploads\\\/2019\\\/07\\\/logo-c7.png\",\"width\":220,\"height\":60,\"caption\":\"Comunicaci\u00f3n 2000 S.A. de C.V.\"},\"image\":{\"@id\":\"https:\\\/\\\/canal7slp.tv\\\/2019\\\/#\\\/schema\\\/logo\\\/image\\\/\"},\"sameAs\":[\"https:\\\/\\\/www.facebook.com\\\/CANAL7SLP\\\/\",\"https:\\\/\\\/x.com\\\/canal7_slp\",\"https:\\\/\\\/www.instagram.com\\\/canal7_slp\",\"https:\\\/\\\/www.youtube.com\\\/user\\\/NOTICIEROSCANAL7SLP\\\/\"]},{\"@type\":\"Person\",\"@id\":\"https:\\\/\\\/canal7slp.tv\\\/2019\\\/#\\\/schema\\\/person\\\/11d941c1c6ca30ac0a46b95fa37aa2e3\",\"name\":\"edicionweb\",\"image\":{\"@type\":\"ImageObject\",\"inLanguage\":\"es\",\"@id\":\"https:\\\/\\\/secure.gravatar.com\\\/avatar\\\/eee448fc3f7164808013b816ba91ac7e43bbe82a70bebac296f8bc6f0addaa1a?s=96&d=mm&r=g\",\"url\":\"https:\\\/\\\/secure.gravatar.com\\\/avatar\\\/eee448fc3f7164808013b816ba91ac7e43bbe82a70bebac296f8bc6f0addaa1a?s=96&d=mm&r=g\",\"contentUrl\":\"https:\\\/\\\/secure.gravatar.com\\\/avatar\\\/eee448fc3f7164808013b816ba91ac7e43bbe82a70bebac296f8bc6f0addaa1a?s=96&d=mm&r=g\",\"caption\":\"edicionweb\"}}]}<\/script>\n<!-- \/ Yoast SEO plugin. -->","yoast_head_json":{"title":"El recuento de \"En casa con mis monstruos\" - Canal 7 SLP - 2019","robots":{"index":"index","follow":"follow","max-snippet":"max-snippet:-1","max-image-preview":"max-image-preview:large","max-video-preview":"max-video-preview:-1"},"canonical":"https:\/\/canal7slp.tv\/2019\/el-recuento-de-en-casa-con-mis-monstruos\/","og_locale":"es_ES","og_type":"article","og_title":"El recuento de \"En casa con mis monstruos\" - Canal 7 SLP - 2019","og_description":"A unos d\u00edas de que la c\u00e9lebre exposici\u00f3n del cineasta tapat\u00edo Guillermo del Toro culmine, la directora del FICG, Estrella Araiza, da los pormenores de esta muestra Guadalajara.- Este domingo 3 de noviembre cierra su ciclo la exposici\u00f3n \u201cEn casa con mis monstruos\u201d de Guillermo del Toro, en el Museo de las Artes de la [&hellip;]","og_url":"https:\/\/canal7slp.tv\/2019\/el-recuento-de-en-casa-con-mis-monstruos\/","og_site_name":"Canal 7 SLP - 2019","article_publisher":"https:\/\/www.facebook.com\/CANAL7SLP\/","article_published_time":"2019-11-01T18:16:13+00:00","og_image":[{"width":770,"height":485,"url":"https:\/\/canal7slp.tv\/2019\/wp-content\/uploads\/2019\/11\/1230.jpg","type":"image\/jpeg"}],"author":"edicionweb","twitter_card":"summary_large_image","twitter_creator":"@canal7_slp","twitter_site":"@canal7_slp","twitter_misc":{"Escrito por":"edicionweb","Tiempo de lectura":"4 minutos"},"schema":{"@context":"https:\/\/schema.org","@graph":[{"@type":"Article","@id":"https:\/\/canal7slp.tv\/2019\/el-recuento-de-en-casa-con-mis-monstruos\/#article","isPartOf":{"@id":"https:\/\/canal7slp.tv\/2019\/el-recuento-de-en-casa-con-mis-monstruos\/"},"author":{"name":"edicionweb","@id":"https:\/\/canal7slp.tv\/2019\/#\/schema\/person\/11d941c1c6ca30ac0a46b95fa37aa2e3"},"headline":"El recuento de &#8220;En casa con mis monstruos&#8221;","datePublished":"2019-11-01T18:16:13+00:00","mainEntityOfPage":{"@id":"https:\/\/canal7slp.tv\/2019\/el-recuento-de-en-casa-con-mis-monstruos\/"},"wordCount":729,"commentCount":0,"publisher":{"@id":"https:\/\/canal7slp.tv\/2019\/#organization"},"image":{"@id":"https:\/\/canal7slp.tv\/2019\/el-recuento-de-en-casa-con-mis-monstruos\/#primaryimage"},"thumbnailUrl":"https:\/\/canal7slp.tv\/2019\/wp-content\/uploads\/2019\/11\/1230.jpg","articleSection":["CULTURA"],"inLanguage":"es","potentialAction":[{"@type":"CommentAction","name":"Comment","target":["https:\/\/canal7slp.tv\/2019\/el-recuento-de-en-casa-con-mis-monstruos\/#respond"]}]},{"@type":"WebPage","@id":"https:\/\/canal7slp.tv\/2019\/el-recuento-de-en-casa-con-mis-monstruos\/","url":"https:\/\/canal7slp.tv\/2019\/el-recuento-de-en-casa-con-mis-monstruos\/","name":"El recuento de \"En casa con mis monstruos\" - Canal 7 SLP - 2019","isPartOf":{"@id":"https:\/\/canal7slp.tv\/2019\/#website"},"primaryImageOfPage":{"@id":"https:\/\/canal7slp.tv\/2019\/el-recuento-de-en-casa-con-mis-monstruos\/#primaryimage"},"image":{"@id":"https:\/\/canal7slp.tv\/2019\/el-recuento-de-en-casa-con-mis-monstruos\/#primaryimage"},"thumbnailUrl":"https:\/\/canal7slp.tv\/2019\/wp-content\/uploads\/2019\/11\/1230.jpg","datePublished":"2019-11-01T18:16:13+00:00","breadcrumb":{"@id":"https:\/\/canal7slp.tv\/2019\/el-recuento-de-en-casa-con-mis-monstruos\/#breadcrumb"},"inLanguage":"es","potentialAction":[{"@type":"ReadAction","target":["https:\/\/canal7slp.tv\/2019\/el-recuento-de-en-casa-con-mis-monstruos\/"]}]},{"@type":"ImageObject","inLanguage":"es","@id":"https:\/\/canal7slp.tv\/2019\/el-recuento-de-en-casa-con-mis-monstruos\/#primaryimage","url":"https:\/\/canal7slp.tv\/2019\/wp-content\/uploads\/2019\/11\/1230.jpg","contentUrl":"https:\/\/canal7slp.tv\/2019\/wp-content\/uploads\/2019\/11\/1230.jpg","width":770,"height":485},{"@type":"BreadcrumbList","@id":"https:\/\/canal7slp.tv\/2019\/el-recuento-de-en-casa-con-mis-monstruos\/#breadcrumb","itemListElement":[{"@type":"ListItem","position":1,"name":"Home","item":"https:\/\/canal7slp.tv\/2019\/"},{"@type":"ListItem","position":2,"name":"El recuento de &#8220;En casa con mis monstruos&#8221;"}]},{"@type":"WebSite","@id":"https:\/\/canal7slp.tv\/2019\/#website","url":"https:\/\/canal7slp.tv\/2019\/","name":"Canal 7 SLP - Somos TV","description":"Somos un Canal de 10","publisher":{"@id":"https:\/\/canal7slp.tv\/2019\/#organization"},"potentialAction":[{"@type":"SearchAction","target":{"@type":"EntryPoint","urlTemplate":"https:\/\/canal7slp.tv\/2019\/?s={search_term_string}"},"query-input":{"@type":"PropertyValueSpecification","valueRequired":true,"valueName":"search_term_string"}}],"inLanguage":"es"},{"@type":"Organization","@id":"https:\/\/canal7slp.tv\/2019\/#organization","name":"Comunicaci\u00f3n 2000 S.A. de C.V.","url":"https:\/\/canal7slp.tv\/2019\/","logo":{"@type":"ImageObject","inLanguage":"es","@id":"https:\/\/canal7slp.tv\/2019\/#\/schema\/logo\/image\/","url":"https:\/\/canal7slp.tv\/2019\/wp-content\/uploads\/2019\/07\/logo-c7.png","contentUrl":"https:\/\/canal7slp.tv\/2019\/wp-content\/uploads\/2019\/07\/logo-c7.png","width":220,"height":60,"caption":"Comunicaci\u00f3n 2000 S.A. de C.V."},"image":{"@id":"https:\/\/canal7slp.tv\/2019\/#\/schema\/logo\/image\/"},"sameAs":["https:\/\/www.facebook.com\/CANAL7SLP\/","https:\/\/x.com\/canal7_slp","https:\/\/www.instagram.com\/canal7_slp","https:\/\/www.youtube.com\/user\/NOTICIEROSCANAL7SLP\/"]},{"@type":"Person","@id":"https:\/\/canal7slp.tv\/2019\/#\/schema\/person\/11d941c1c6ca30ac0a46b95fa37aa2e3","name":"edicionweb","image":{"@type":"ImageObject","inLanguage":"es","@id":"https:\/\/secure.gravatar.com\/avatar\/eee448fc3f7164808013b816ba91ac7e43bbe82a70bebac296f8bc6f0addaa1a?s=96&d=mm&r=g","url":"https:\/\/secure.gravatar.com\/avatar\/eee448fc3f7164808013b816ba91ac7e43bbe82a70bebac296f8bc6f0addaa1a?s=96&d=mm&r=g","contentUrl":"https:\/\/secure.gravatar.com\/avatar\/eee448fc3f7164808013b816ba91ac7e43bbe82a70bebac296f8bc6f0addaa1a?s=96&d=mm&r=g","caption":"edicionweb"}}]}},"amp_enabled":true,"cmb2":{"video_ids_in_playlist":{"vid_p_videos":""},"video_ids_in_channel":{"vid_c_videos":""},"playlist_ids_in_channel":{"vid_c_playlists":""},"series_ids_in_channel":{"vid_c_series":""},"channel_images":{"vid_c_logo":"","vid_c_banner":""},"poster_feature_image":{"vid_m_poster_image":""},"gif_feature_image":{"vid_m_gif_image":""},"video_movie_settings":{"vid_m_director":"","vid_m_actor":"","vid_m_imdb_ratings":"","vid_m_amazon_associates":""},"vid_youtube_broadcasts_settings":{"vid_yb_broadcast_title":"","vid_yb_q":"","vid_yb_channelid":"","vid_yb_videocategoryid":"","vid_yb_maxresults":"","vid_yb_order":"","vid_yb_regioncode":"","vid_yb_videosyndicated":"","vid_yb_style":"","vid_yb_reload_first":""},"video_series_settings":{"vid_m_director":"","vid_m_actor":"","vid_m_imdb_ratings":"","video_series_group":""},"amazon_associates_settings":{"amazon_associates":"","amazon_native_ad":""},"vid_youtube_automatic_settings":{"vid_ya_youtube_source":"","vid_ya_update_every":"","vid_ya_update_unit":"","vid_ya_categories":"","vid_ya_published_after":"","vid_ya_published_before":"","vid_ya_playlists":"","vid_ya_channels":"","vid_ya_director":"","vid_ya_actor":"","vid_ya_author":"","vid_ya_import_post_date":"","vid_ya_status":"","vid_ya_sub_api_key":""},"vid_ads_m_videoads_settings_post":{"vid_ads_m_video_ads":"","vid_ads_m_video_ads_type":"","vid_ads_m_group_google_ima":"","vid_ads_m_group_image":"","vid_ads_m_group_html5_video":"","vid_ads_m_group_html":"","vid_ads_m_vast_preroll":"","vid_ads_m_vast_postroll":"","vid_ads_m_vast_pauseroll":"","vid_ads_m_vast_midroll":[{"vid_ads_m_vast_timer_seconds":"50"}],"vid_ads_m_time_to_show_ads":"","vid_ads_m_time_skip_ads":"","vid_ads_m_time_to_hide_ads":""},"page_slider_settings":{"display_slider_group":"","page_slider_group":""},"blog_page_settings":{"blog_page_title":"","blog_page_heading":"","blog_page_ic":"","blog_page_it":"","blog_page_ec":"","blog_page_ip":"","archive_loop_style":"","blog_image_ratio":"","blog_show_categories":"","blog_show_excerpt":"","blog_show_author":"","blog_show_date":"","blog_show_comment_count":"","blog_show_view_count":"","blog_show_like_count":"","blog_show_dislike_count":"","blog_items_per_page":"","blog_pag_type":""},"page_options":{"get_page_template":"","color_mode":"","main_layout":"","main_layout_full_with":"","main_logo":"","main_logo_retina":"","main_logo_mobile":"","main_logo_mobile_retina":"","sticky_logo":"","sticky_logo_retina":"","main_nav_layout":"","ajax_search":"","header_background":"","theme_sidebar":"","instagram_feed":"","instagram_feed_position":"","popular_videos":"","popular_videos_title_1":"","popular_videos_title_2":"","popular_videos_ic":"","popular_videos_it":"","theme_background":"","page_custom_css":""},"feature_image_settings":{"feature_image_position":""},"video_player_settings":{"single_video_style":"","video_player_position":"","vm_video_url":"","video_player_library":"","video_streaming":"","vm_media_sources":"","vid_auto_play":"","vm_video_shortcode":"","vid_p_sync_playlist":"","vid_c_sync_channel":"","get_post_format":"","multiple_links_structure":"default","multi_links_title":"","vm_video_multi_links":"","vm_duration":"","vid_social_locker":"off","vid_social_locker_id":"","vid_membership_action":"content-video","vm_video_trailer_url":"","vid_download_type":"free","vid_download_target":"download","vid_woo_product":"","vm_media_download":"","user_rating":"","user_rating_position":"","user_rating_mode":"","user_rating_multi_sets":""},"video_auto_fetch_settings":{"vm_video_fetch":"on"},"video_fake_views_likes":{"vm_fake_views":"","vm_fake_likes":"","vm_fake_dislikes":""},"gallery_settings":{"gallery_position":""},"quote_settings":{"quote_position":""},"post_options":{"main_layout":"","main_logo":"","main_logo_retina":"","main_logo_mobile":"","main_logo_mobile_retina":"","sticky_logo":"","sticky_logo_retina":"","main_nav_layout":"","header_background":"","theme_sidebar":"","single_post_comment_type":"","theme_background":""}},"_links":{"self":[{"href":"https:\/\/canal7slp.tv\/2019\/wp-json\/wp\/v2\/posts\/79006","targetHints":{"allow":["GET"]}}],"collection":[{"href":"https:\/\/canal7slp.tv\/2019\/wp-json\/wp\/v2\/posts"}],"about":[{"href":"https:\/\/canal7slp.tv\/2019\/wp-json\/wp\/v2\/types\/post"}],"author":[{"embeddable":true,"href":"https:\/\/canal7slp.tv\/2019\/wp-json\/wp\/v2\/users\/2"}],"replies":[{"embeddable":true,"href":"https:\/\/canal7slp.tv\/2019\/wp-json\/wp\/v2\/comments?post=79006"}],"version-history":[{"count":0,"href":"https:\/\/canal7slp.tv\/2019\/wp-json\/wp\/v2\/posts\/79006\/revisions"}],"wp:featuredmedia":[{"embeddable":true,"href":"https:\/\/canal7slp.tv\/2019\/wp-json\/wp\/v2\/media\/79007"}],"wp:attachment":[{"href":"https:\/\/canal7slp.tv\/2019\/wp-json\/wp\/v2\/media?parent=79006"}],"wp:term":[{"taxonomy":"category","embeddable":true,"href":"https:\/\/canal7slp.tv\/2019\/wp-json\/wp\/v2\/categories?post=79006"},{"taxonomy":"post_tag","embeddable":true,"href":"https:\/\/canal7slp.tv\/2019\/wp-json\/wp\/v2\/tags?post=79006"}],"curies":[{"name":"wp","href":"https:\/\/api.w.org\/{rel}","templated":true}]}}