{"id":7899,"date":"2019-06-06T07:39:55","date_gmt":"2019-06-06T12:39:55","guid":{"rendered":"https:\/\/canal7slp.tv\/2019\/?p=7899"},"modified":"2019-06-06T07:39:55","modified_gmt":"2019-06-06T12:39:55","slug":"ivan-rodriguez-raul-gudino-y-marco-fabian-fuera-de-copa-oro","status":"publish","type":"post","link":"https:\/\/canal7slp.tv\/2019\/ivan-rodriguez-raul-gudino-y-marco-fabian-fuera-de-copa-oro\/","title":{"rendered":"Iv\u00e1n Rodr\u00edguez, Ra\u00fal Gudi\u00f1o y Marco Fabi\u00e1n, fuera de Copa Oro"},"content":{"rendered":"<p style=\"text-align: justify\">Atlanta, EUA.- Los jugadores Iv\u00e1n Rodr\u00edguez, Ra\u00fal Gudi\u00f1o y Marco Fabi\u00e1n quedaron fuera de la Selecci\u00f3n de M\u00e9xico para la Copa Oro 2019, mientras que Uriel Antuna o Edson \u00c1lvarez ser\u00e1 el \u00faltimo descartado.<\/p>\n<p style=\"text-align: justify\">En rueda de prensa luego de la victoria 3-1 de M\u00e9xico sobre Venezuela, el t\u00e9cnico Gerardo \u201cTata\u201d Martino dio a conocer el nombre de los jugadores que buscar\u00e1n el t\u00edtulo en la competencia que inicia el pr\u00f3ximo 15 de junio, con lo cual se conoci\u00f3 a los descartados.<\/p>\n<p style=\"text-align: justify\">Gudi\u00f1o, portero de Chivas, estar\u00e1 ausente del equipo nacional por decisi\u00f3n, mientras que Iv\u00e1n Rodr\u00edguez (Le\u00f3n) y Marco Fabi\u00e1n (Philadelphia Union) por lesi\u00f3n.<\/p>\n<p style=\"text-align: justify\">Respecto a Edson \u00c1lvarez, quien sali\u00f3 lesionado este mi\u00e9rcoles del Mercedes Benz Arena, el \u201cTata\u201d Martino esperar\u00e1 las pruebas m\u00e9dicas para determinar su estado; si alcanza a recuperarse el jugador del Am\u00e9rica estar\u00e1 en la lista.<\/p>\n<p style=\"text-align: justify\">\u201cA Edson necesitamos hacerle estudios, revisar un poco m\u00e1s, si Edson est\u00e1 Uriel no est\u00e1, y si Edson no est\u00e1 Uriel integra la lista de 23\u201d, dijo Martino.<\/p>\n<p style=\"text-align: justify\">La situaci\u00f3n del zaguero americanista, al ser por lesi\u00f3n, permitir\u00eda a la selecci\u00f3n reemplazarlo en la Copa Oro, por lo cual esperar\u00e1n las pruebas m\u00e9dicas para determinar si es \u00e9l o Antuna el que complete la lista definitiva.<\/p>\n<p style=\"text-align: justify\">As\u00ed, estos son los jugadores que representar\u00e1n a M\u00e9xico en la Copa Oro 2019, en espera de conocer qui\u00e9n se queda: Edson o Uriel.<\/p>\n<p style=\"text-align: justify\">Jonathan Orozco \u2013 Santos Laguna<\/p>\n<p style=\"text-align: justify\">Hugo Gonz\u00e1lez \u2013 Necaxa<\/p>\n<p style=\"text-align: justify\">Guillermo Ochoa \u2013 Standard Lieja<\/p>\n<p style=\"text-align: justify\">Luis Rodr\u00edguez \u2013 Tigres<\/p>\n<p style=\"text-align: justify\">Fernando Navarro \u2013 Le\u00f3n<\/p>\n<p style=\"text-align: justify\">Jorge S\u00e1nchez \u2013 Am\u00e9rica<\/p>\n<p style=\"text-align: justify\">Diego Reyes \u2013 Legan\u00e9s<\/p>\n<p style=\"text-align: justify\">Carlos Salcedo \u2013 Tigres<\/p>\n<p style=\"text-align: justify\">C\u00e9sar Montes \u2013 Monterrey<\/p>\n<p style=\"text-align: justify\">H\u00e9ctor Moreno \u2013 Real Sociedad<\/p>\n<p style=\"text-align: justify\">N\u00e9stor Araujo \u2013 Celta de Vigo<\/p>\n<p style=\"text-align: justify\">Jes\u00fas Gallardo \u2013 Monterrey<\/p>\n<p style=\"text-align: justify\">Edson \u00c1lvarez \u2013 Am\u00e9rica<\/p>\n<p style=\"text-align: justify\">Jonathan dos Santos \u2013 LA Galaxy<\/p>\n<p style=\"text-align: justify\">Carlos Rodr\u00edguez \u2013 Monterrey<\/p>\n<p style=\"text-align: justify\">Andr\u00e9s Guardado \u2013 Real Betis<\/p>\n<p style=\"text-align: justify\">Erick Guti\u00e9rrez \u2013 PSV Eindhoven<\/p>\n<p style=\"text-align: justify\">Luis Montes \u2013 Le\u00f3n<\/p>\n<p style=\"text-align: justify\">Orbelin Pineda \u2013 Cruz Azul<\/p>\n<p style=\"text-align: justify\">Uriel Antuna \u2013 LA Galaxy<\/p>\n<p style=\"text-align: justify\">Alexis Vega \u2013 Guadalajara<\/p>\n<p style=\"text-align: justify\">Ra\u00fal Jim\u00e9nez \u2013 Wolverhampton FC<\/p>\n<p style=\"text-align: justify\">Rodolfo Pizarro \u2013 Monterrey<\/p>\n<p style=\"text-align: justify\">Roberto Alvarado \u2013 Cruz Azul<\/p>\n","protected":false},"excerpt":{"rendered":"<p>Atlanta, EUA.- Los jugadores Iv\u00e1n Rodr\u00edguez, Ra\u00fal Gudi\u00f1o y Marco Fabi\u00e1n quedaron fuera de la Selecci\u00f3n de M\u00e9xico para la Copa Oro 2019, mientras que Uriel Antuna o Edson \u00c1lvarez ser\u00e1 el \u00faltimo descartado. En rueda de prensa luego de la victoria 3-1 de M\u00e9xico sobre Venezuela, el t\u00e9cnico Gerardo \u201cTata\u201d Martino dio a conocer [&hellip;]<\/p>\n","protected":false},"author":2,"featured_media":7900,"comment_status":"open","ping_status":"closed","sticky":false,"template":"","format":"standard","meta":{"footnotes":""},"categories":[96],"tags":[],"class_list":["post-7899","post","type-post","status-publish","format-standard","has-post-thumbnail","hentry","category-deportes"],"yoast_head":"<!-- This site is optimized with the Yoast SEO plugin v27.5 - https:\/\/yoast.com\/product\/yoast-seo-wordpress\/ -->\n<title>Iv\u00e1n Rodr\u00edguez, Ra\u00fal Gudi\u00f1o y Marco Fabi\u00e1n, fuera de Copa Oro - Canal 7 SLP - 2019<\/title>\n<meta name=\"robots\" content=\"index, follow, max-snippet:-1, max-image-preview:large, max-video-preview:-1\" \/>\n<link rel=\"canonical\" href=\"https:\/\/canal7slp.tv\/2019\/ivan-rodriguez-raul-gudino-y-marco-fabian-fuera-de-copa-oro\/\" \/>\n<meta property=\"og:locale\" content=\"es_ES\" \/>\n<meta property=\"og:type\" content=\"article\" \/>\n<meta property=\"og:title\" content=\"Iv\u00e1n Rodr\u00edguez, Ra\u00fal Gudi\u00f1o y Marco Fabi\u00e1n, fuera de Copa Oro - Canal 7 SLP - 2019\" \/>\n<meta property=\"og:description\" content=\"Atlanta, EUA.- Los jugadores Iv\u00e1n Rodr\u00edguez, Ra\u00fal Gudi\u00f1o y Marco Fabi\u00e1n quedaron fuera de la Selecci\u00f3n de M\u00e9xico para la Copa Oro 2019, mientras que Uriel Antuna o Edson \u00c1lvarez ser\u00e1 el \u00faltimo descartado. En rueda de prensa luego de la victoria 3-1 de M\u00e9xico sobre Venezuela, el t\u00e9cnico Gerardo \u201cTata\u201d Martino dio a conocer [&hellip;]\" \/>\n<meta property=\"og:url\" content=\"https:\/\/canal7slp.tv\/2019\/ivan-rodriguez-raul-gudino-y-marco-fabian-fuera-de-copa-oro\/\" \/>\n<meta property=\"og:site_name\" content=\"Canal 7 SLP - 2019\" \/>\n<meta property=\"article:publisher\" content=\"https:\/\/www.facebook.com\/CANAL7SLP\/\" \/>\n<meta property=\"article:published_time\" content=\"2019-06-06T12:39:55+00:00\" \/>\n<meta property=\"og:image\" content=\"https:\/\/canal7slp.tv\/2019\/wp-content\/uploads\/2019\/06\/1020-4.jpg\" \/>\n\t<meta property=\"og:image:width\" content=\"1200\" \/>\n\t<meta property=\"og:image:height\" content=\"800\" \/>\n\t<meta property=\"og:image:type\" content=\"image\/jpeg\" \/>\n<meta name=\"author\" content=\"edicionweb\" \/>\n<meta name=\"twitter:card\" content=\"summary_large_image\" \/>\n<meta name=\"twitter:creator\" content=\"@canal7_slp\" \/>\n<meta name=\"twitter:site\" content=\"@canal7_slp\" \/>\n<meta name=\"twitter:label1\" content=\"Escrito por\" \/>\n\t<meta name=\"twitter:data1\" content=\"edicionweb\" \/>\n\t<meta name=\"twitter:label2\" content=\"Tiempo de lectura\" \/>\n\t<meta name=\"twitter:data2\" content=\"2 minutos\" \/>\n<script type=\"application\/ld+json\" class=\"yoast-schema-graph\">{\"@context\":\"https:\\\/\\\/schema.org\",\"@graph\":[{\"@type\":\"Article\",\"@id\":\"https:\\\/\\\/canal7slp.tv\\\/2019\\\/ivan-rodriguez-raul-gudino-y-marco-fabian-fuera-de-copa-oro\\\/#article\",\"isPartOf\":{\"@id\":\"https:\\\/\\\/canal7slp.tv\\\/2019\\\/ivan-rodriguez-raul-gudino-y-marco-fabian-fuera-de-copa-oro\\\/\"},\"author\":{\"name\":\"edicionweb\",\"@id\":\"https:\\\/\\\/canal7slp.tv\\\/2019\\\/#\\\/schema\\\/person\\\/11d941c1c6ca30ac0a46b95fa37aa2e3\"},\"headline\":\"Iv\u00e1n Rodr\u00edguez, Ra\u00fal Gudi\u00f1o y Marco Fabi\u00e1n, fuera de Copa Oro\",\"datePublished\":\"2019-06-06T12:39:55+00:00\",\"mainEntityOfPage\":{\"@id\":\"https:\\\/\\\/canal7slp.tv\\\/2019\\\/ivan-rodriguez-raul-gudino-y-marco-fabian-fuera-de-copa-oro\\\/\"},\"wordCount\":378,\"commentCount\":0,\"publisher\":{\"@id\":\"https:\\\/\\\/canal7slp.tv\\\/2019\\\/#organization\"},\"image\":{\"@id\":\"https:\\\/\\\/canal7slp.tv\\\/2019\\\/ivan-rodriguez-raul-gudino-y-marco-fabian-fuera-de-copa-oro\\\/#primaryimage\"},\"thumbnailUrl\":\"https:\\\/\\\/canal7slp.tv\\\/2019\\\/wp-content\\\/uploads\\\/2019\\\/06\\\/1020-4.jpg\",\"articleSection\":[\"DEPORTES\"],\"inLanguage\":\"es\",\"potentialAction\":[{\"@type\":\"CommentAction\",\"name\":\"Comment\",\"target\":[\"https:\\\/\\\/canal7slp.tv\\\/2019\\\/ivan-rodriguez-raul-gudino-y-marco-fabian-fuera-de-copa-oro\\\/#respond\"]}]},{\"@type\":\"WebPage\",\"@id\":\"https:\\\/\\\/canal7slp.tv\\\/2019\\\/ivan-rodriguez-raul-gudino-y-marco-fabian-fuera-de-copa-oro\\\/\",\"url\":\"https:\\\/\\\/canal7slp.tv\\\/2019\\\/ivan-rodriguez-raul-gudino-y-marco-fabian-fuera-de-copa-oro\\\/\",\"name\":\"Iv\u00e1n Rodr\u00edguez, Ra\u00fal Gudi\u00f1o y Marco Fabi\u00e1n, fuera de Copa Oro - Canal 7 SLP - 2019\",\"isPartOf\":{\"@id\":\"https:\\\/\\\/canal7slp.tv\\\/2019\\\/#website\"},\"primaryImageOfPage\":{\"@id\":\"https:\\\/\\\/canal7slp.tv\\\/2019\\\/ivan-rodriguez-raul-gudino-y-marco-fabian-fuera-de-copa-oro\\\/#primaryimage\"},\"image\":{\"@id\":\"https:\\\/\\\/canal7slp.tv\\\/2019\\\/ivan-rodriguez-raul-gudino-y-marco-fabian-fuera-de-copa-oro\\\/#primaryimage\"},\"thumbnailUrl\":\"https:\\\/\\\/canal7slp.tv\\\/2019\\\/wp-content\\\/uploads\\\/2019\\\/06\\\/1020-4.jpg\",\"datePublished\":\"2019-06-06T12:39:55+00:00\",\"breadcrumb\":{\"@id\":\"https:\\\/\\\/canal7slp.tv\\\/2019\\\/ivan-rodriguez-raul-gudino-y-marco-fabian-fuera-de-copa-oro\\\/#breadcrumb\"},\"inLanguage\":\"es\",\"potentialAction\":[{\"@type\":\"ReadAction\",\"target\":[\"https:\\\/\\\/canal7slp.tv\\\/2019\\\/ivan-rodriguez-raul-gudino-y-marco-fabian-fuera-de-copa-oro\\\/\"]}]},{\"@type\":\"ImageObject\",\"inLanguage\":\"es\",\"@id\":\"https:\\\/\\\/canal7slp.tv\\\/2019\\\/ivan-rodriguez-raul-gudino-y-marco-fabian-fuera-de-copa-oro\\\/#primaryimage\",\"url\":\"https:\\\/\\\/canal7slp.tv\\\/2019\\\/wp-content\\\/uploads\\\/2019\\\/06\\\/1020-4.jpg\",\"contentUrl\":\"https:\\\/\\\/canal7slp.tv\\\/2019\\\/wp-content\\\/uploads\\\/2019\\\/06\\\/1020-4.jpg\",\"width\":1200,\"height\":800},{\"@type\":\"BreadcrumbList\",\"@id\":\"https:\\\/\\\/canal7slp.tv\\\/2019\\\/ivan-rodriguez-raul-gudino-y-marco-fabian-fuera-de-copa-oro\\\/#breadcrumb\",\"itemListElement\":[{\"@type\":\"ListItem\",\"position\":1,\"name\":\"Home\",\"item\":\"https:\\\/\\\/canal7slp.tv\\\/2019\\\/\"},{\"@type\":\"ListItem\",\"position\":2,\"name\":\"Iv\u00e1n Rodr\u00edguez, Ra\u00fal Gudi\u00f1o y Marco Fabi\u00e1n, fuera de Copa Oro\"}]},{\"@type\":\"WebSite\",\"@id\":\"https:\\\/\\\/canal7slp.tv\\\/2019\\\/#website\",\"url\":\"https:\\\/\\\/canal7slp.tv\\\/2019\\\/\",\"name\":\"Canal 7 SLP - Somos TV\",\"description\":\"Somos un Canal de 10\",\"publisher\":{\"@id\":\"https:\\\/\\\/canal7slp.tv\\\/2019\\\/#organization\"},\"potentialAction\":[{\"@type\":\"SearchAction\",\"target\":{\"@type\":\"EntryPoint\",\"urlTemplate\":\"https:\\\/\\\/canal7slp.tv\\\/2019\\\/?s={search_term_string}\"},\"query-input\":{\"@type\":\"PropertyValueSpecification\",\"valueRequired\":true,\"valueName\":\"search_term_string\"}}],\"inLanguage\":\"es\"},{\"@type\":\"Organization\",\"@id\":\"https:\\\/\\\/canal7slp.tv\\\/2019\\\/#organization\",\"name\":\"Comunicaci\u00f3n 2000 S.A. de C.V.\",\"url\":\"https:\\\/\\\/canal7slp.tv\\\/2019\\\/\",\"logo\":{\"@type\":\"ImageObject\",\"inLanguage\":\"es\",\"@id\":\"https:\\\/\\\/canal7slp.tv\\\/2019\\\/#\\\/schema\\\/logo\\\/image\\\/\",\"url\":\"https:\\\/\\\/canal7slp.tv\\\/2019\\\/wp-content\\\/uploads\\\/2019\\\/07\\\/logo-c7.png\",\"contentUrl\":\"https:\\\/\\\/canal7slp.tv\\\/2019\\\/wp-content\\\/uploads\\\/2019\\\/07\\\/logo-c7.png\",\"width\":220,\"height\":60,\"caption\":\"Comunicaci\u00f3n 2000 S.A. de C.V.\"},\"image\":{\"@id\":\"https:\\\/\\\/canal7slp.tv\\\/2019\\\/#\\\/schema\\\/logo\\\/image\\\/\"},\"sameAs\":[\"https:\\\/\\\/www.facebook.com\\\/CANAL7SLP\\\/\",\"https:\\\/\\\/x.com\\\/canal7_slp\",\"https:\\\/\\\/www.instagram.com\\\/canal7_slp\",\"https:\\\/\\\/www.youtube.com\\\/user\\\/NOTICIEROSCANAL7SLP\\\/\"]},{\"@type\":\"Person\",\"@id\":\"https:\\\/\\\/canal7slp.tv\\\/2019\\\/#\\\/schema\\\/person\\\/11d941c1c6ca30ac0a46b95fa37aa2e3\",\"name\":\"edicionweb\",\"image\":{\"@type\":\"ImageObject\",\"inLanguage\":\"es\",\"@id\":\"https:\\\/\\\/secure.gravatar.com\\\/avatar\\\/eee448fc3f7164808013b816ba91ac7e43bbe82a70bebac296f8bc6f0addaa1a?s=96&d=mm&r=g\",\"url\":\"https:\\\/\\\/secure.gravatar.com\\\/avatar\\\/eee448fc3f7164808013b816ba91ac7e43bbe82a70bebac296f8bc6f0addaa1a?s=96&d=mm&r=g\",\"contentUrl\":\"https:\\\/\\\/secure.gravatar.com\\\/avatar\\\/eee448fc3f7164808013b816ba91ac7e43bbe82a70bebac296f8bc6f0addaa1a?s=96&d=mm&r=g\",\"caption\":\"edicionweb\"}}]}<\/script>\n<!-- \/ Yoast SEO plugin. -->","yoast_head_json":{"title":"Iv\u00e1n Rodr\u00edguez, Ra\u00fal Gudi\u00f1o y Marco Fabi\u00e1n, fuera de Copa Oro - Canal 7 SLP - 2019","robots":{"index":"index","follow":"follow","max-snippet":"max-snippet:-1","max-image-preview":"max-image-preview:large","max-video-preview":"max-video-preview:-1"},"canonical":"https:\/\/canal7slp.tv\/2019\/ivan-rodriguez-raul-gudino-y-marco-fabian-fuera-de-copa-oro\/","og_locale":"es_ES","og_type":"article","og_title":"Iv\u00e1n Rodr\u00edguez, Ra\u00fal Gudi\u00f1o y Marco Fabi\u00e1n, fuera de Copa Oro - Canal 7 SLP - 2019","og_description":"Atlanta, EUA.- Los jugadores Iv\u00e1n Rodr\u00edguez, Ra\u00fal Gudi\u00f1o y Marco Fabi\u00e1n quedaron fuera de la Selecci\u00f3n de M\u00e9xico para la Copa Oro 2019, mientras que Uriel Antuna o Edson \u00c1lvarez ser\u00e1 el \u00faltimo descartado. En rueda de prensa luego de la victoria 3-1 de M\u00e9xico sobre Venezuela, el t\u00e9cnico Gerardo \u201cTata\u201d Martino dio a conocer [&hellip;]","og_url":"https:\/\/canal7slp.tv\/2019\/ivan-rodriguez-raul-gudino-y-marco-fabian-fuera-de-copa-oro\/","og_site_name":"Canal 7 SLP - 2019","article_publisher":"https:\/\/www.facebook.com\/CANAL7SLP\/","article_published_time":"2019-06-06T12:39:55+00:00","og_image":[{"width":1200,"height":800,"url":"https:\/\/canal7slp.tv\/2019\/wp-content\/uploads\/2019\/06\/1020-4.jpg","type":"image\/jpeg"}],"author":"edicionweb","twitter_card":"summary_large_image","twitter_creator":"@canal7_slp","twitter_site":"@canal7_slp","twitter_misc":{"Escrito por":"edicionweb","Tiempo de lectura":"2 minutos"},"schema":{"@context":"https:\/\/schema.org","@graph":[{"@type":"Article","@id":"https:\/\/canal7slp.tv\/2019\/ivan-rodriguez-raul-gudino-y-marco-fabian-fuera-de-copa-oro\/#article","isPartOf":{"@id":"https:\/\/canal7slp.tv\/2019\/ivan-rodriguez-raul-gudino-y-marco-fabian-fuera-de-copa-oro\/"},"author":{"name":"edicionweb","@id":"https:\/\/canal7slp.tv\/2019\/#\/schema\/person\/11d941c1c6ca30ac0a46b95fa37aa2e3"},"headline":"Iv\u00e1n Rodr\u00edguez, Ra\u00fal Gudi\u00f1o y Marco Fabi\u00e1n, fuera de Copa Oro","datePublished":"2019-06-06T12:39:55+00:00","mainEntityOfPage":{"@id":"https:\/\/canal7slp.tv\/2019\/ivan-rodriguez-raul-gudino-y-marco-fabian-fuera-de-copa-oro\/"},"wordCount":378,"commentCount":0,"publisher":{"@id":"https:\/\/canal7slp.tv\/2019\/#organization"},"image":{"@id":"https:\/\/canal7slp.tv\/2019\/ivan-rodriguez-raul-gudino-y-marco-fabian-fuera-de-copa-oro\/#primaryimage"},"thumbnailUrl":"https:\/\/canal7slp.tv\/2019\/wp-content\/uploads\/2019\/06\/1020-4.jpg","articleSection":["DEPORTES"],"inLanguage":"es","potentialAction":[{"@type":"CommentAction","name":"Comment","target":["https:\/\/canal7slp.tv\/2019\/ivan-rodriguez-raul-gudino-y-marco-fabian-fuera-de-copa-oro\/#respond"]}]},{"@type":"WebPage","@id":"https:\/\/canal7slp.tv\/2019\/ivan-rodriguez-raul-gudino-y-marco-fabian-fuera-de-copa-oro\/","url":"https:\/\/canal7slp.tv\/2019\/ivan-rodriguez-raul-gudino-y-marco-fabian-fuera-de-copa-oro\/","name":"Iv\u00e1n Rodr\u00edguez, Ra\u00fal Gudi\u00f1o y Marco Fabi\u00e1n, fuera de Copa Oro - Canal 7 SLP - 2019","isPartOf":{"@id":"https:\/\/canal7slp.tv\/2019\/#website"},"primaryImageOfPage":{"@id":"https:\/\/canal7slp.tv\/2019\/ivan-rodriguez-raul-gudino-y-marco-fabian-fuera-de-copa-oro\/#primaryimage"},"image":{"@id":"https:\/\/canal7slp.tv\/2019\/ivan-rodriguez-raul-gudino-y-marco-fabian-fuera-de-copa-oro\/#primaryimage"},"thumbnailUrl":"https:\/\/canal7slp.tv\/2019\/wp-content\/uploads\/2019\/06\/1020-4.jpg","datePublished":"2019-06-06T12:39:55+00:00","breadcrumb":{"@id":"https:\/\/canal7slp.tv\/2019\/ivan-rodriguez-raul-gudino-y-marco-fabian-fuera-de-copa-oro\/#breadcrumb"},"inLanguage":"es","potentialAction":[{"@type":"ReadAction","target":["https:\/\/canal7slp.tv\/2019\/ivan-rodriguez-raul-gudino-y-marco-fabian-fuera-de-copa-oro\/"]}]},{"@type":"ImageObject","inLanguage":"es","@id":"https:\/\/canal7slp.tv\/2019\/ivan-rodriguez-raul-gudino-y-marco-fabian-fuera-de-copa-oro\/#primaryimage","url":"https:\/\/canal7slp.tv\/2019\/wp-content\/uploads\/2019\/06\/1020-4.jpg","contentUrl":"https:\/\/canal7slp.tv\/2019\/wp-content\/uploads\/2019\/06\/1020-4.jpg","width":1200,"height":800},{"@type":"BreadcrumbList","@id":"https:\/\/canal7slp.tv\/2019\/ivan-rodriguez-raul-gudino-y-marco-fabian-fuera-de-copa-oro\/#breadcrumb","itemListElement":[{"@type":"ListItem","position":1,"name":"Home","item":"https:\/\/canal7slp.tv\/2019\/"},{"@type":"ListItem","position":2,"name":"Iv\u00e1n Rodr\u00edguez, Ra\u00fal Gudi\u00f1o y Marco Fabi\u00e1n, fuera de Copa Oro"}]},{"@type":"WebSite","@id":"https:\/\/canal7slp.tv\/2019\/#website","url":"https:\/\/canal7slp.tv\/2019\/","name":"Canal 7 SLP - Somos TV","description":"Somos un Canal de 10","publisher":{"@id":"https:\/\/canal7slp.tv\/2019\/#organization"},"potentialAction":[{"@type":"SearchAction","target":{"@type":"EntryPoint","urlTemplate":"https:\/\/canal7slp.tv\/2019\/?s={search_term_string}"},"query-input":{"@type":"PropertyValueSpecification","valueRequired":true,"valueName":"search_term_string"}}],"inLanguage":"es"},{"@type":"Organization","@id":"https:\/\/canal7slp.tv\/2019\/#organization","name":"Comunicaci\u00f3n 2000 S.A. de C.V.","url":"https:\/\/canal7slp.tv\/2019\/","logo":{"@type":"ImageObject","inLanguage":"es","@id":"https:\/\/canal7slp.tv\/2019\/#\/schema\/logo\/image\/","url":"https:\/\/canal7slp.tv\/2019\/wp-content\/uploads\/2019\/07\/logo-c7.png","contentUrl":"https:\/\/canal7slp.tv\/2019\/wp-content\/uploads\/2019\/07\/logo-c7.png","width":220,"height":60,"caption":"Comunicaci\u00f3n 2000 S.A. de C.V."},"image":{"@id":"https:\/\/canal7slp.tv\/2019\/#\/schema\/logo\/image\/"},"sameAs":["https:\/\/www.facebook.com\/CANAL7SLP\/","https:\/\/x.com\/canal7_slp","https:\/\/www.instagram.com\/canal7_slp","https:\/\/www.youtube.com\/user\/NOTICIEROSCANAL7SLP\/"]},{"@type":"Person","@id":"https:\/\/canal7slp.tv\/2019\/#\/schema\/person\/11d941c1c6ca30ac0a46b95fa37aa2e3","name":"edicionweb","image":{"@type":"ImageObject","inLanguage":"es","@id":"https:\/\/secure.gravatar.com\/avatar\/eee448fc3f7164808013b816ba91ac7e43bbe82a70bebac296f8bc6f0addaa1a?s=96&d=mm&r=g","url":"https:\/\/secure.gravatar.com\/avatar\/eee448fc3f7164808013b816ba91ac7e43bbe82a70bebac296f8bc6f0addaa1a?s=96&d=mm&r=g","contentUrl":"https:\/\/secure.gravatar.com\/avatar\/eee448fc3f7164808013b816ba91ac7e43bbe82a70bebac296f8bc6f0addaa1a?s=96&d=mm&r=g","caption":"edicionweb"}}]}},"amp_enabled":true,"cmb2":{"video_ids_in_playlist":{"vid_p_videos":""},"video_ids_in_channel":{"vid_c_videos":""},"playlist_ids_in_channel":{"vid_c_playlists":""},"series_ids_in_channel":{"vid_c_series":""},"channel_images":{"vid_c_logo":"","vid_c_banner":""},"poster_feature_image":{"vid_m_poster_image":""},"gif_feature_image":{"vid_m_gif_image":""},"video_movie_settings":{"vid_m_director":"","vid_m_actor":"","vid_m_imdb_ratings":"","vid_m_amazon_associates":""},"vid_youtube_broadcasts_settings":{"vid_yb_broadcast_title":"","vid_yb_q":"","vid_yb_channelid":"","vid_yb_videocategoryid":"","vid_yb_maxresults":"","vid_yb_order":"","vid_yb_regioncode":"","vid_yb_videosyndicated":"","vid_yb_style":"","vid_yb_reload_first":""},"video_series_settings":{"vid_m_director":"","vid_m_actor":"","vid_m_imdb_ratings":"","video_series_group":""},"amazon_associates_settings":{"amazon_associates":"","amazon_native_ad":""},"vid_youtube_automatic_settings":{"vid_ya_youtube_source":"","vid_ya_update_every":"","vid_ya_update_unit":"","vid_ya_categories":"","vid_ya_published_after":"","vid_ya_published_before":"","vid_ya_playlists":"","vid_ya_channels":"","vid_ya_director":"","vid_ya_actor":"","vid_ya_author":"","vid_ya_import_post_date":"","vid_ya_status":"","vid_ya_sub_api_key":""},"vid_ads_m_videoads_settings_post":{"vid_ads_m_video_ads":"","vid_ads_m_video_ads_type":"","vid_ads_m_group_google_ima":"","vid_ads_m_group_image":"","vid_ads_m_group_html5_video":"","vid_ads_m_group_html":"","vid_ads_m_vast_preroll":"","vid_ads_m_vast_postroll":"","vid_ads_m_vast_pauseroll":"","vid_ads_m_vast_midroll":[{"vid_ads_m_vast_timer_seconds":"50"}],"vid_ads_m_time_to_show_ads":"","vid_ads_m_time_skip_ads":"","vid_ads_m_time_to_hide_ads":""},"page_slider_settings":{"display_slider_group":"","page_slider_group":""},"blog_page_settings":{"blog_page_title":"","blog_page_heading":"","blog_page_ic":"","blog_page_it":"","blog_page_ec":"","blog_page_ip":"","archive_loop_style":"","blog_image_ratio":"","blog_show_categories":"","blog_show_excerpt":"","blog_show_author":"","blog_show_date":"","blog_show_comment_count":"","blog_show_view_count":"","blog_show_like_count":"","blog_show_dislike_count":"","blog_items_per_page":"","blog_pag_type":""},"page_options":{"get_page_template":"","color_mode":"","main_layout":"","main_layout_full_with":"","main_logo":"","main_logo_retina":"","main_logo_mobile":"","main_logo_mobile_retina":"","sticky_logo":"","sticky_logo_retina":"","main_nav_layout":"","ajax_search":"","header_background":"","theme_sidebar":"","instagram_feed":"","instagram_feed_position":"","popular_videos":"","popular_videos_title_1":"","popular_videos_title_2":"","popular_videos_ic":"","popular_videos_it":"","theme_background":"","page_custom_css":""},"feature_image_settings":{"feature_image_position":""},"video_player_settings":{"single_video_style":"","video_player_position":"","vm_video_url":"","video_player_library":"","video_streaming":"","vm_media_sources":"","vid_auto_play":"","vm_video_shortcode":"","vid_p_sync_playlist":"","vid_c_sync_channel":"","get_post_format":"","multiple_links_structure":"default","multi_links_title":"","vm_video_multi_links":"","vm_duration":"","vid_social_locker":"off","vid_social_locker_id":"","vid_membership_action":"content-video","vm_video_trailer_url":"","vid_download_type":"free","vid_download_target":"download","vid_woo_product":"","vm_media_download":"","user_rating":"","user_rating_position":"","user_rating_mode":"","user_rating_multi_sets":""},"video_auto_fetch_settings":{"vm_video_fetch":"on"},"video_fake_views_likes":{"vm_fake_views":"","vm_fake_likes":"","vm_fake_dislikes":""},"gallery_settings":{"gallery_position":""},"quote_settings":{"quote_position":""},"post_options":{"main_layout":"","main_logo":"","main_logo_retina":"","main_logo_mobile":"","main_logo_mobile_retina":"","sticky_logo":"","sticky_logo_retina":"","main_nav_layout":"","header_background":"","theme_sidebar":"","single_post_comment_type":"","theme_background":""}},"_links":{"self":[{"href":"https:\/\/canal7slp.tv\/2019\/wp-json\/wp\/v2\/posts\/7899","targetHints":{"allow":["GET"]}}],"collection":[{"href":"https:\/\/canal7slp.tv\/2019\/wp-json\/wp\/v2\/posts"}],"about":[{"href":"https:\/\/canal7slp.tv\/2019\/wp-json\/wp\/v2\/types\/post"}],"author":[{"embeddable":true,"href":"https:\/\/canal7slp.tv\/2019\/wp-json\/wp\/v2\/users\/2"}],"replies":[{"embeddable":true,"href":"https:\/\/canal7slp.tv\/2019\/wp-json\/wp\/v2\/comments?post=7899"}],"version-history":[{"count":0,"href":"https:\/\/canal7slp.tv\/2019\/wp-json\/wp\/v2\/posts\/7899\/revisions"}],"wp:featuredmedia":[{"embeddable":true,"href":"https:\/\/canal7slp.tv\/2019\/wp-json\/wp\/v2\/media\/7900"}],"wp:attachment":[{"href":"https:\/\/canal7slp.tv\/2019\/wp-json\/wp\/v2\/media?parent=7899"}],"wp:term":[{"taxonomy":"category","embeddable":true,"href":"https:\/\/canal7slp.tv\/2019\/wp-json\/wp\/v2\/categories?post=7899"},{"taxonomy":"post_tag","embeddable":true,"href":"https:\/\/canal7slp.tv\/2019\/wp-json\/wp\/v2\/tags?post=7899"}],"curies":[{"name":"wp","href":"https:\/\/api.w.org\/{rel}","templated":true}]}}